{"id":11408,"date":"2025-02-17T15:05:48","date_gmt":"2025-02-17T21:05:48","guid":{"rendered":"https:\/\/expressometro.mx\/?p=11408"},"modified":"2025-06-20T15:11:02","modified_gmt":"2025-06-20T21:11:02","slug":"transportistas-haran-megamarcha-en-cdmx-y-edomex","status":"publish","type":"post","link":"https:\/\/expressometro.mx\/index.php\/2025\/02\/17\/transportistas-haran-megamarcha-en-cdmx-y-edomex\/","title":{"rendered":"Transportistas har\u00e1n megamarcha en CDMX y EDOMEX"},"content":{"rendered":"\n<p><\/p>\n\n\n\n<p>En la CDMX y el Estado de M\u00e9xico se prepara una mega marcha pac\u00edfica para el pr\u00f3ximo lunes 17 de febrero, en protesta a actos de extorsi\u00f3n. La marcha es organizada por la Uni\u00f3n de Transportistas, Comerciantes y Empresarios de la Rep\u00fablica Mexicana y estar\u00e1n protestando en contra de los delitos y extorsiones fabricados por las autoridades. Esta manifestaci\u00f3n partir\u00e1 desde distintos puntos del Edomex con rumbo al Z\u00f3calo de la CDMX, por lo que durante el d\u00eda se podr\u00e1 registrar tr\u00e1fico.<\/p>\n\n\n\n<p>De acuerdo con un comunicado, el grupo denunci\u00f3 que enfrentan constantes amenazas que vulneran su derecho a trabajar con dignidad y seguridad.<\/p>\n\n\n\n<p>\u201cNo podemos permitir que se siga criminalizando a los transportistas, comerciantes y empresarios mediante procesos injustos que afectan nuestro patrimonio\u201d, se\u00f1ala el documento.<\/p>\n\n\n\n<p>Hace unos d\u00edas, la Fiscal\u00eda General de Justicia del Estado de M\u00e9xico (FGJEM) realiz\u00f3 un operativo en m\u00e1s de 300 est\u00e9ticas y barber\u00edas, donde se denunciaron irregularidades y supuestos casos de siembra de droga durante los cateos.<\/p>\n\n\n\n<p>Los manifestantes exigir\u00e1n la intervenci\u00f3n de la presidenta Claudia Sheinbaum para detener estas pr\u00e1cticas, por lo que toma nota porque a continuaci\u00f3n te compartimos las rutas que estar\u00e1n afectadas por esta mega marcha.<\/p>\n","protected":false},"excerpt":{"rendered":"<p>En la CDMX y el Estado de M\u00e9xico se prepara una mega marcha pac\u00edfica para el pr\u00f3ximo lunes 17 de febrero, en protesta a actos de extorsi\u00f3n. La marcha es organizada por la Uni\u00f3n de Transportistas, Comerciantes y Empresarios de la Rep\u00fablica Mexicana y estar\u00e1n protestando en contra de los delitos y extorsiones fabricados por las autoridades. Esta manifestaci\u00f3n partir\u00e1 desde distintos puntos del Edomex con rumbo al Z\u00f3calo de la CDMX, por lo que durante el d\u00eda se podr\u00e1 registrar tr\u00e1fico. De acuerdo con un comunicado, el grupo denunci\u00f3&hellip;<\/p>\n","protected":false},"author":2,"featured_media":0,"comment_status":"open","ping_status":"open","sticky":false,"template":"","format":"standard","meta":{"footnotes":""},"categories":[1],"tags":[],"class_list":["post-11408","post","type-post","status-publish","format-standard","hentry","category-otros"],"yoast_head":"<!-- This site is optimized with the Yoast SEO plugin v27.4 - https:\/\/yoast.com\/product\/yoast-seo-wordpress\/ -->\n<title>Transportistas har\u00e1n megamarcha en CDMX y EDOMEX - Expresso Metropolitano<\/title>\n<meta name=\"robots\" content=\"index, follow, max-snippet:-1, max-image-preview:large, max-video-preview:-1\" \/>\n<link rel=\"canonical\" href=\"https:\/\/expressometro.mx\/index.php\/2025\/02\/17\/transportistas-haran-megamarcha-en-cdmx-y-edomex\/\" \/>\n<meta property=\"og:locale\" content=\"es_MX\" \/>\n<meta property=\"og:type\" content=\"article\" \/>\n<meta property=\"og:title\" content=\"Transportistas har\u00e1n megamarcha en CDMX y EDOMEX - Expresso Metropolitano\" \/>\n<meta property=\"og:description\" content=\"En la CDMX y el Estado de M\u00e9xico se prepara una mega marcha pac\u00edfica para el pr\u00f3ximo lunes 17 de febrero, en protesta a actos de extorsi\u00f3n. La marcha es organizada por la Uni\u00f3n de Transportistas, Comerciantes y Empresarios de la Rep\u00fablica Mexicana y estar\u00e1n protestando en contra de los delitos y extorsiones fabricados por las autoridades. Esta manifestaci\u00f3n partir\u00e1 desde distintos puntos del Edomex con rumbo al Z\u00f3calo de la CDMX, por lo que durante el d\u00eda se podr\u00e1 registrar tr\u00e1fico. De acuerdo con un comunicado, el grupo denunci\u00f3&hellip;\" \/>\n<meta property=\"og:url\" content=\"https:\/\/expressometro.mx\/index.php\/2025\/02\/17\/transportistas-haran-megamarcha-en-cdmx-y-edomex\/\" \/>\n<meta property=\"og:site_name\" content=\"Expresso Metropolitano\" \/>\n<meta property=\"article:published_time\" content=\"2025-02-17T21:05:48+00:00\" \/>\n<meta property=\"article:modified_time\" content=\"2025-06-20T21:11:02+00:00\" \/>\n<meta name=\"author\" content=\"Cecilia Vega\" \/>\n<meta name=\"twitter:label1\" content=\"Escrito por\" \/>\n\t<meta name=\"twitter:data1\" content=\"Cecilia Vega\" \/>\n\t<meta name=\"twitter:label2\" content=\"Tiempo de lectura\" \/>\n\t<meta name=\"twitter:data2\" content=\"1 minuto\" \/>\n<script type=\"application\/ld+json\" class=\"yoast-schema-graph\">{\"@context\":\"https:\\\/\\\/schema.org\",\"@graph\":[{\"@type\":\"Article\",\"@id\":\"https:\\\/\\\/expressometro.mx\\\/index.php\\\/2025\\\/02\\\/17\\\/transportistas-haran-megamarcha-en-cdmx-y-edomex\\\/#article\",\"isPartOf\":{\"@id\":\"https:\\\/\\\/expressometro.mx\\\/index.php\\\/2025\\\/02\\\/17\\\/transportistas-haran-megamarcha-en-cdmx-y-edomex\\\/\"},\"author\":{\"name\":\"Cecilia Vega\",\"@id\":\"https:\\\/\\\/expressometro.mx\\\/#\\\/schema\\\/person\\\/67a95b8e3862085c7598f66237488f1f\"},\"headline\":\"Transportistas har\u00e1n megamarcha en CDMX y EDOMEX\",\"datePublished\":\"2025-02-17T21:05:48+00:00\",\"dateModified\":\"2025-06-20T21:11:02+00:00\",\"mainEntityOfPage\":{\"@id\":\"https:\\\/\\\/expressometro.mx\\\/index.php\\\/2025\\\/02\\\/17\\\/transportistas-haran-megamarcha-en-cdmx-y-edomex\\\/\"},\"wordCount\":226,\"commentCount\":0,\"publisher\":{\"@id\":\"https:\\\/\\\/expressometro.mx\\\/#organization\"},\"articleSection\":[\"Otros\"],\"inLanguage\":\"es\",\"potentialAction\":[{\"@type\":\"CommentAction\",\"name\":\"Comment\",\"target\":[\"https:\\\/\\\/expressometro.mx\\\/index.php\\\/2025\\\/02\\\/17\\\/transportistas-haran-megamarcha-en-cdmx-y-edomex\\\/#respond\"]}]},{\"@type\":\"WebPage\",\"@id\":\"https:\\\/\\\/expressometro.mx\\\/index.php\\\/2025\\\/02\\\/17\\\/transportistas-haran-megamarcha-en-cdmx-y-edomex\\\/\",\"url\":\"https:\\\/\\\/expressometro.mx\\\/index.php\\\/2025\\\/02\\\/17\\\/transportistas-haran-megamarcha-en-cdmx-y-edomex\\\/\",\"name\":\"Transportistas har\u00e1n megamarcha en CDMX y EDOMEX - Expresso Metropolitano\",\"isPartOf\":{\"@id\":\"https:\\\/\\\/expressometro.mx\\\/#website\"},\"datePublished\":\"2025-02-17T21:05:48+00:00\",\"dateModified\":\"2025-06-20T21:11:02+00:00\",\"breadcrumb\":{\"@id\":\"https:\\\/\\\/expressometro.mx\\\/index.php\\\/2025\\\/02\\\/17\\\/transportistas-haran-megamarcha-en-cdmx-y-edomex\\\/#breadcrumb\"},\"inLanguage\":\"es\",\"potentialAction\":[{\"@type\":\"ReadAction\",\"target\":[\"https:\\\/\\\/expressometro.mx\\\/index.php\\\/2025\\\/02\\\/17\\\/transportistas-haran-megamarcha-en-cdmx-y-edomex\\\/\"]}]},{\"@type\":\"BreadcrumbList\",\"@id\":\"https:\\\/\\\/expressometro.mx\\\/index.php\\\/2025\\\/02\\\/17\\\/transportistas-haran-megamarcha-en-cdmx-y-edomex\\\/#breadcrumb\",\"itemListElement\":[{\"@type\":\"ListItem\",\"position\":1,\"name\":\"Inicio\",\"item\":\"https:\\\/\\\/expressometro.mx\\\/\"},{\"@type\":\"ListItem\",\"position\":2,\"name\":\"Transportistas har\u00e1n megamarcha en CDMX y EDOMEX\"}]},{\"@type\":\"WebSite\",\"@id\":\"https:\\\/\\\/expressometro.mx\\\/#website\",\"url\":\"https:\\\/\\\/expressometro.mx\\\/\",\"name\":\"Expresso Metropolitano\",\"description\":\"Periodismo comprometido, informaci\u00f3n, investigaci\u00f3n y an\u00e1lisis\",\"publisher\":{\"@id\":\"https:\\\/\\\/expressometro.mx\\\/#organization\"},\"potentialAction\":[{\"@type\":\"SearchAction\",\"target\":{\"@type\":\"EntryPoint\",\"urlTemplate\":\"https:\\\/\\\/expressometro.mx\\\/?s={search_term_string}\"},\"query-input\":{\"@type\":\"PropertyValueSpecification\",\"valueRequired\":true,\"valueName\":\"search_term_string\"}}],\"inLanguage\":\"es\"},{\"@type\":\"Organization\",\"@id\":\"https:\\\/\\\/expressometro.mx\\\/#organization\",\"name\":\"Expresso Metropolitano\",\"url\":\"https:\\\/\\\/expressometro.mx\\\/\",\"logo\":{\"@type\":\"ImageObject\",\"inLanguage\":\"es\",\"@id\":\"https:\\\/\\\/expressometro.mx\\\/#\\\/schema\\\/logo\\\/image\\\/\",\"url\":\"https:\\\/\\\/expressometro.mx\\\/wp-content\\\/uploads\\\/2019\\\/07\\\/cropped-Logo-Expresso-Metropolitano-1-1.jpeg\",\"contentUrl\":\"https:\\\/\\\/expressometro.mx\\\/wp-content\\\/uploads\\\/2019\\\/07\\\/cropped-Logo-Expresso-Metropolitano-1-1.jpeg\",\"width\":290,\"height\":73,\"caption\":\"Expresso Metropolitano\"},\"image\":{\"@id\":\"https:\\\/\\\/expressometro.mx\\\/#\\\/schema\\\/logo\\\/image\\\/\"}},{\"@type\":\"Person\",\"@id\":\"https:\\\/\\\/expressometro.mx\\\/#\\\/schema\\\/person\\\/67a95b8e3862085c7598f66237488f1f\",\"name\":\"Cecilia Vega\",\"image\":{\"@type\":\"ImageObject\",\"inLanguage\":\"es\",\"@id\":\"https:\\\/\\\/secure.gravatar.com\\\/avatar\\\/13aae9944ab2ee472a9e407c9487fdbd03b049abaa559af32fe5dbcf615c981b?s=96&d=mm&r=g\",\"url\":\"https:\\\/\\\/secure.gravatar.com\\\/avatar\\\/13aae9944ab2ee472a9e407c9487fdbd03b049abaa559af32fe5dbcf615c981b?s=96&d=mm&r=g\",\"contentUrl\":\"https:\\\/\\\/secure.gravatar.com\\\/avatar\\\/13aae9944ab2ee472a9e407c9487fdbd03b049abaa559af32fe5dbcf615c981b?s=96&d=mm&r=g\",\"caption\":\"Cecilia Vega\"},\"url\":\"https:\\\/\\\/expressometro.mx\\\/index.php\\\/author\\\/cecilia-vega\\\/\"}]}<\/script>\n<!-- \/ Yoast SEO plugin. -->","yoast_head_json":{"title":"Transportistas har\u00e1n megamarcha en CDMX y EDOMEX - Expresso Metropolitano","robots":{"index":"index","follow":"follow","max-snippet":"max-snippet:-1","max-image-preview":"max-image-preview:large","max-video-preview":"max-video-preview:-1"},"canonical":"https:\/\/expressometro.mx\/index.php\/2025\/02\/17\/transportistas-haran-megamarcha-en-cdmx-y-edomex\/","og_locale":"es_MX","og_type":"article","og_title":"Transportistas har\u00e1n megamarcha en CDMX y EDOMEX - Expresso Metropolitano","og_description":"En la CDMX y el Estado de M\u00e9xico se prepara una mega marcha pac\u00edfica para el pr\u00f3ximo lunes 17 de febrero, en protesta a actos de extorsi\u00f3n. La marcha es organizada por la Uni\u00f3n de Transportistas, Comerciantes y Empresarios de la Rep\u00fablica Mexicana y estar\u00e1n protestando en contra de los delitos y extorsiones fabricados por las autoridades. Esta manifestaci\u00f3n partir\u00e1 desde distintos puntos del Edomex con rumbo al Z\u00f3calo de la CDMX, por lo que durante el d\u00eda se podr\u00e1 registrar tr\u00e1fico. De acuerdo con un comunicado, el grupo denunci\u00f3&hellip;","og_url":"https:\/\/expressometro.mx\/index.php\/2025\/02\/17\/transportistas-haran-megamarcha-en-cdmx-y-edomex\/","og_site_name":"Expresso Metropolitano","article_published_time":"2025-02-17T21:05:48+00:00","article_modified_time":"2025-06-20T21:11:02+00:00","author":"Cecilia Vega","twitter_misc":{"Escrito por":"Cecilia Vega","Tiempo de lectura":"1 minuto"},"schema":{"@context":"https:\/\/schema.org","@graph":[{"@type":"Article","@id":"https:\/\/expressometro.mx\/index.php\/2025\/02\/17\/transportistas-haran-megamarcha-en-cdmx-y-edomex\/#article","isPartOf":{"@id":"https:\/\/expressometro.mx\/index.php\/2025\/02\/17\/transportistas-haran-megamarcha-en-cdmx-y-edomex\/"},"author":{"name":"Cecilia Vega","@id":"https:\/\/expressometro.mx\/#\/schema\/person\/67a95b8e3862085c7598f66237488f1f"},"headline":"Transportistas har\u00e1n megamarcha en CDMX y EDOMEX","datePublished":"2025-02-17T21:05:48+00:00","dateModified":"2025-06-20T21:11:02+00:00","mainEntityOfPage":{"@id":"https:\/\/expressometro.mx\/index.php\/2025\/02\/17\/transportistas-haran-megamarcha-en-cdmx-y-edomex\/"},"wordCount":226,"commentCount":0,"publisher":{"@id":"https:\/\/expressometro.mx\/#organization"},"articleSection":["Otros"],"inLanguage":"es","potentialAction":[{"@type":"CommentAction","name":"Comment","target":["https:\/\/expressometro.mx\/index.php\/2025\/02\/17\/transportistas-haran-megamarcha-en-cdmx-y-edomex\/#respond"]}]},{"@type":"WebPage","@id":"https:\/\/expressometro.mx\/index.php\/2025\/02\/17\/transportistas-haran-megamarcha-en-cdmx-y-edomex\/","url":"https:\/\/expressometro.mx\/index.php\/2025\/02\/17\/transportistas-haran-megamarcha-en-cdmx-y-edomex\/","name":"Transportistas har\u00e1n megamarcha en CDMX y EDOMEX - Expresso Metropolitano","isPartOf":{"@id":"https:\/\/expressometro.mx\/#website"},"datePublished":"2025-02-17T21:05:48+00:00","dateModified":"2025-06-20T21:11:02+00:00","breadcrumb":{"@id":"https:\/\/expressometro.mx\/index.php\/2025\/02\/17\/transportistas-haran-megamarcha-en-cdmx-y-edomex\/#breadcrumb"},"inLanguage":"es","potentialAction":[{"@type":"ReadAction","target":["https:\/\/expressometro.mx\/index.php\/2025\/02\/17\/transportistas-haran-megamarcha-en-cdmx-y-edomex\/"]}]},{"@type":"BreadcrumbList","@id":"https:\/\/expressometro.mx\/index.php\/2025\/02\/17\/transportistas-haran-megamarcha-en-cdmx-y-edomex\/#breadcrumb","itemListElement":[{"@type":"ListItem","position":1,"name":"Inicio","item":"https:\/\/expressometro.mx\/"},{"@type":"ListItem","position":2,"name":"Transportistas har\u00e1n megamarcha en CDMX y EDOMEX"}]},{"@type":"WebSite","@id":"https:\/\/expressometro.mx\/#website","url":"https:\/\/expressometro.mx\/","name":"Expresso Metropolitano","description":"Periodismo comprometido, informaci\u00f3n, investigaci\u00f3n y an\u00e1lisis","publisher":{"@id":"https:\/\/expressometro.mx\/#organization"},"potentialAction":[{"@type":"SearchAction","target":{"@type":"EntryPoint","urlTemplate":"https:\/\/expressometro.mx\/?s={search_term_string}"},"query-input":{"@type":"PropertyValueSpecification","valueRequired":true,"valueName":"search_term_string"}}],"inLanguage":"es"},{"@type":"Organization","@id":"https:\/\/expressometro.mx\/#organization","name":"Expresso Metropolitano","url":"https:\/\/expressometro.mx\/","logo":{"@type":"ImageObject","inLanguage":"es","@id":"https:\/\/expressometro.mx\/#\/schema\/logo\/image\/","url":"https:\/\/expressometro.mx\/wp-content\/uploads\/2019\/07\/cropped-Logo-Expresso-Metropolitano-1-1.jpeg","contentUrl":"https:\/\/expressometro.mx\/wp-content\/uploads\/2019\/07\/cropped-Logo-Expresso-Metropolitano-1-1.jpeg","width":290,"height":73,"caption":"Expresso Metropolitano"},"image":{"@id":"https:\/\/expressometro.mx\/#\/schema\/logo\/image\/"}},{"@type":"Person","@id":"https:\/\/expressometro.mx\/#\/schema\/person\/67a95b8e3862085c7598f66237488f1f","name":"Cecilia Vega","image":{"@type":"ImageObject","inLanguage":"es","@id":"https:\/\/secure.gravatar.com\/avatar\/13aae9944ab2ee472a9e407c9487fdbd03b049abaa559af32fe5dbcf615c981b?s=96&d=mm&r=g","url":"https:\/\/secure.gravatar.com\/avatar\/13aae9944ab2ee472a9e407c9487fdbd03b049abaa559af32fe5dbcf615c981b?s=96&d=mm&r=g","contentUrl":"https:\/\/secure.gravatar.com\/avatar\/13aae9944ab2ee472a9e407c9487fdbd03b049abaa559af32fe5dbcf615c981b?s=96&d=mm&r=g","caption":"Cecilia Vega"},"url":"https:\/\/expressometro.mx\/index.php\/author\/cecilia-vega\/"}]}},"amp_enabled":true,"_links":{"self":[{"href":"https:\/\/expressometro.mx\/index.php\/wp-json\/wp\/v2\/posts\/11408","targetHints":{"allow":["GET"]}}],"collection":[{"href":"https:\/\/expressometro.mx\/index.php\/wp-json\/wp\/v2\/posts"}],"about":[{"href":"https:\/\/expressometro.mx\/index.php\/wp-json\/wp\/v2\/types\/post"}],"author":[{"embeddable":true,"href":"https:\/\/expressometro.mx\/index.php\/wp-json\/wp\/v2\/users\/2"}],"replies":[{"embeddable":true,"href":"https:\/\/expressometro.mx\/index.php\/wp-json\/wp\/v2\/comments?post=11408"}],"version-history":[{"count":1,"href":"https:\/\/expressometro.mx\/index.php\/wp-json\/wp\/v2\/posts\/11408\/revisions"}],"predecessor-version":[{"id":11410,"href":"https:\/\/expressometro.mx\/index.php\/wp-json\/wp\/v2\/posts\/11408\/revisions\/11410"}],"wp:attachment":[{"href":"https:\/\/expressometro.mx\/index.php\/wp-json\/wp\/v2\/media?parent=11408"}],"wp:term":[{"taxonomy":"category","embeddable":true,"href":"https:\/\/expressometro.mx\/index.php\/wp-json\/wp\/v2\/categories?post=11408"},{"taxonomy":"post_tag","embeddable":true,"href":"https:\/\/expressometro.mx\/index.php\/wp-json\/wp\/v2\/tags?post=11408"}],"curies":[{"name":"wp","href":"https:\/\/api.w.org\/{rel}","templated":true}]}}