{"id":114,"date":"2019-08-09T01:31:36","date_gmt":"2019-08-09T06:31:36","guid":{"rendered":"http:\/\/expressometro.mx\/?p=114"},"modified":"2019-09-25T10:44:14","modified_gmt":"2019-09-25T15:44:14","slug":"el-gobierno-de-coacalco-continua-con-el-fomento-al-autoempleo","status":"publish","type":"post","link":"https:\/\/expressometro.mx\/index.php\/2019\/08\/09\/el-gobierno-de-coacalco-continua-con-el-fomento-al-autoempleo\/","title":{"rendered":"EL GOBIERNO DE COACALCO CONTIN\u00daA CON EL FOMENTO AL AUTOEMPLEO"},"content":{"rendered":"\n<p>El Gobierno Municipal contin\u00faa con la impartici\u00f3n de cursos de fomento al autoempleo, con la finalidad de que la ciudadan\u00eda coacalquense cuenten con las herramientas para desempe\u00f1ar alg\u00fan oficio y as\u00ed generar sus propios recursos.<\/p>\n\n\n\n<p>Durante cuatro meses, el Centro Social San Jos\u00e9 I, ubicado en Villa de las Flores, ser\u00e1 sede del curso de capacitaci\u00f3n de Plomer\u00eda y Electricidad, mismo que se impartir\u00e1 en dos etapas, cada una de manera te\u00f3rica y pr\u00e1ctica.<\/p>\n\n\n\n<p>Al respecto, la Direcci\u00f3n de Bienestar Social inform\u00f3 que dicho taller es gratuito y contin\u00faa abierto a la ciudadan\u00eda en general, en un horario de 16:00 a 18:00 horas, los martes y jueves.<\/p>\n\n\n\n<p>A la par de que los coacalquenses aprenden ambos oficios, se pretende que una vez que los participantes cuenten con los conocimientos b\u00e1sicos, pongan en pr\u00e1ctica lo aprendido, arreglando o mejorando desperfectos en alguna de las instalaciones municipales.<\/p>\n\n\n\n<p>En este Centro Social tambi\u00e9n inici\u00f3 el curso Lenguaje de Se\u00f1as, el cual se imparte los martes y jueves de 16:30 a 18:00 horas, dirigido a aquellos interesados en comunicarse con personas que tienen&nbsp; alg\u00fan tipo de problema para hablar o auditivo.<\/p>\n\n\n\n<p>Ambos talleres son gratuitos, impartidos por personal capacitado en cada tema y contin\u00faan abiertos a la poblaci\u00f3n, para lo cual se pueden comunicar a la Direcci\u00f3n de Bienestar Social al tel\u00e9fono 5865 1403 para mayores informes.<\/p>\n","protected":false},"excerpt":{"rendered":"<p>El Gobierno Municipal contin\u00faa con la impartici\u00f3n de cursos de fomento al autoempleo, con la finalidad de que la ciudadan\u00eda coacalquense cuenten con las herramientas para desempe\u00f1ar alg\u00fan oficio y as\u00ed generar sus propios recursos. Durante cuatro meses, el Centro Social San Jos\u00e9 I, ubicado en Villa de las Flores, ser\u00e1 sede del curso de capacitaci\u00f3n de Plomer\u00eda y Electricidad, mismo que se impartir\u00e1 en dos etapas, cada una de manera te\u00f3rica y pr\u00e1ctica. Al respecto, la Direcci\u00f3n de Bienestar Social inform\u00f3 que dicho taller es gratuito y contin\u00faa abierto&hellip;<\/p>\n","protected":false},"author":1,"featured_media":0,"comment_status":"open","ping_status":"open","sticky":false,"template":"","format":"standard","meta":{"footnotes":""},"categories":[4,3],"tags":[],"class_list":["post-114","post","type-post","status-publish","format-standard","hentry","category-finanzas","category-gobierno"],"yoast_head":"<!-- This site is optimized with the Yoast SEO plugin v27.5 - https:\/\/yoast.com\/product\/yoast-seo-wordpress\/ -->\n<title>EL GOBIERNO DE COACALCO CONTIN\u00daA CON EL FOMENTO AL AUTOEMPLEO - Expresso Metropolitano<\/title>\n<meta name=\"robots\" content=\"index, follow, max-snippet:-1, max-image-preview:large, max-video-preview:-1\" \/>\n<link rel=\"canonical\" href=\"https:\/\/expressometro.mx\/index.php\/2019\/08\/09\/el-gobierno-de-coacalco-continua-con-el-fomento-al-autoempleo\/\" \/>\n<meta property=\"og:locale\" content=\"es_MX\" \/>\n<meta property=\"og:type\" content=\"article\" \/>\n<meta property=\"og:title\" content=\"EL GOBIERNO DE COACALCO CONTIN\u00daA CON EL FOMENTO AL AUTOEMPLEO - Expresso Metropolitano\" \/>\n<meta property=\"og:description\" content=\"El Gobierno Municipal contin\u00faa con la impartici\u00f3n de cursos de fomento al autoempleo, con la finalidad de que la ciudadan\u00eda coacalquense cuenten con las herramientas para desempe\u00f1ar alg\u00fan oficio y as\u00ed generar sus propios recursos. Durante cuatro meses, el Centro Social San Jos\u00e9 I, ubicado en Villa de las Flores, ser\u00e1 sede del curso de capacitaci\u00f3n de Plomer\u00eda y Electricidad, mismo que se impartir\u00e1 en dos etapas, cada una de manera te\u00f3rica y pr\u00e1ctica. Al respecto, la Direcci\u00f3n de Bienestar Social inform\u00f3 que dicho taller es gratuito y contin\u00faa abierto&hellip;\" \/>\n<meta property=\"og:url\" content=\"https:\/\/expressometro.mx\/index.php\/2019\/08\/09\/el-gobierno-de-coacalco-continua-con-el-fomento-al-autoempleo\/\" \/>\n<meta property=\"og:site_name\" content=\"Expresso Metropolitano\" \/>\n<meta property=\"article:published_time\" content=\"2019-08-09T06:31:36+00:00\" \/>\n<meta property=\"article:modified_time\" content=\"2019-09-25T15:44:14+00:00\" \/>\n<meta property=\"og:image\" content=\"https:\/\/expressometro.mx\/wp-content\/uploads\/2019\/08\/Cursos-4.jpeg\" \/>\n\t<meta property=\"og:image:width\" content=\"1280\" \/>\n\t<meta property=\"og:image:height\" content=\"853\" \/>\n\t<meta property=\"og:image:type\" content=\"image\/jpeg\" \/>\n<meta name=\"author\" content=\"Expresso Metropolitano\" \/>\n<meta name=\"twitter:label1\" content=\"Escrito por\" \/>\n\t<meta name=\"twitter:data1\" content=\"Expresso Metropolitano\" \/>\n\t<meta name=\"twitter:label2\" content=\"Tiempo de lectura\" \/>\n\t<meta name=\"twitter:data2\" content=\"1 minuto\" \/>\n<script type=\"application\/ld+json\" class=\"yoast-schema-graph\">{\"@context\":\"https:\\\/\\\/schema.org\",\"@graph\":[{\"@type\":\"Article\",\"@id\":\"https:\\\/\\\/expressometro.mx\\\/index.php\\\/2019\\\/08\\\/09\\\/el-gobierno-de-coacalco-continua-con-el-fomento-al-autoempleo\\\/#article\",\"isPartOf\":{\"@id\":\"https:\\\/\\\/expressometro.mx\\\/index.php\\\/2019\\\/08\\\/09\\\/el-gobierno-de-coacalco-continua-con-el-fomento-al-autoempleo\\\/\"},\"author\":{\"name\":\"Expresso Metropolitano\",\"@id\":\"https:\\\/\\\/expressometro.mx\\\/#\\\/schema\\\/person\\\/efa971b4a0664db8ed5c22b1b0dd2f5d\"},\"headline\":\"EL GOBIERNO DE COACALCO CONTIN\u00daA CON EL FOMENTO AL AUTOEMPLEO\",\"datePublished\":\"2019-08-09T06:31:36+00:00\",\"dateModified\":\"2019-09-25T15:44:14+00:00\",\"mainEntityOfPage\":{\"@id\":\"https:\\\/\\\/expressometro.mx\\\/index.php\\\/2019\\\/08\\\/09\\\/el-gobierno-de-coacalco-continua-con-el-fomento-al-autoempleo\\\/\"},\"wordCount\":250,\"commentCount\":0,\"publisher\":{\"@id\":\"https:\\\/\\\/expressometro.mx\\\/#organization\"},\"articleSection\":[\"Finanzas\",\"Gobierno\"],\"inLanguage\":\"es\",\"potentialAction\":[{\"@type\":\"CommentAction\",\"name\":\"Comment\",\"target\":[\"https:\\\/\\\/expressometro.mx\\\/index.php\\\/2019\\\/08\\\/09\\\/el-gobierno-de-coacalco-continua-con-el-fomento-al-autoempleo\\\/#respond\"]}]},{\"@type\":\"WebPage\",\"@id\":\"https:\\\/\\\/expressometro.mx\\\/index.php\\\/2019\\\/08\\\/09\\\/el-gobierno-de-coacalco-continua-con-el-fomento-al-autoempleo\\\/\",\"url\":\"https:\\\/\\\/expressometro.mx\\\/index.php\\\/2019\\\/08\\\/09\\\/el-gobierno-de-coacalco-continua-con-el-fomento-al-autoempleo\\\/\",\"name\":\"EL GOBIERNO DE COACALCO CONTIN\u00daA CON EL FOMENTO AL AUTOEMPLEO - Expresso Metropolitano\",\"isPartOf\":{\"@id\":\"https:\\\/\\\/expressometro.mx\\\/#website\"},\"datePublished\":\"2019-08-09T06:31:36+00:00\",\"dateModified\":\"2019-09-25T15:44:14+00:00\",\"breadcrumb\":{\"@id\":\"https:\\\/\\\/expressometro.mx\\\/index.php\\\/2019\\\/08\\\/09\\\/el-gobierno-de-coacalco-continua-con-el-fomento-al-autoempleo\\\/#breadcrumb\"},\"inLanguage\":\"es\",\"potentialAction\":[{\"@type\":\"ReadAction\",\"target\":[\"https:\\\/\\\/expressometro.mx\\\/index.php\\\/2019\\\/08\\\/09\\\/el-gobierno-de-coacalco-continua-con-el-fomento-al-autoempleo\\\/\"]}]},{\"@type\":\"BreadcrumbList\",\"@id\":\"https:\\\/\\\/expressometro.mx\\\/index.php\\\/2019\\\/08\\\/09\\\/el-gobierno-de-coacalco-continua-con-el-fomento-al-autoempleo\\\/#breadcrumb\",\"itemListElement\":[{\"@type\":\"ListItem\",\"position\":1,\"name\":\"Inicio\",\"item\":\"https:\\\/\\\/expressometro.mx\\\/\"},{\"@type\":\"ListItem\",\"position\":2,\"name\":\"EL GOBIERNO DE COACALCO CONTIN\u00daA CON EL FOMENTO AL AUTOEMPLEO\"}]},{\"@type\":\"WebSite\",\"@id\":\"https:\\\/\\\/expressometro.mx\\\/#website\",\"url\":\"https:\\\/\\\/expressometro.mx\\\/\",\"name\":\"Expresso Metropolitano\",\"description\":\"Periodismo comprometido, informaci\u00f3n, investigaci\u00f3n y an\u00e1lisis\",\"publisher\":{\"@id\":\"https:\\\/\\\/expressometro.mx\\\/#organization\"},\"potentialAction\":[{\"@type\":\"SearchAction\",\"target\":{\"@type\":\"EntryPoint\",\"urlTemplate\":\"https:\\\/\\\/expressometro.mx\\\/?s={search_term_string}\"},\"query-input\":{\"@type\":\"PropertyValueSpecification\",\"valueRequired\":true,\"valueName\":\"search_term_string\"}}],\"inLanguage\":\"es\"},{\"@type\":\"Organization\",\"@id\":\"https:\\\/\\\/expressometro.mx\\\/#organization\",\"name\":\"Expresso Metropolitano\",\"url\":\"https:\\\/\\\/expressometro.mx\\\/\",\"logo\":{\"@type\":\"ImageObject\",\"inLanguage\":\"es\",\"@id\":\"https:\\\/\\\/expressometro.mx\\\/#\\\/schema\\\/logo\\\/image\\\/\",\"url\":\"https:\\\/\\\/expressometro.mx\\\/wp-content\\\/uploads\\\/2019\\\/07\\\/cropped-Logo-Expresso-Metropolitano-1-1.jpeg\",\"contentUrl\":\"https:\\\/\\\/expressometro.mx\\\/wp-content\\\/uploads\\\/2019\\\/07\\\/cropped-Logo-Expresso-Metropolitano-1-1.jpeg\",\"width\":290,\"height\":73,\"caption\":\"Expresso Metropolitano\"},\"image\":{\"@id\":\"https:\\\/\\\/expressometro.mx\\\/#\\\/schema\\\/logo\\\/image\\\/\"}},{\"@type\":\"Person\",\"@id\":\"https:\\\/\\\/expressometro.mx\\\/#\\\/schema\\\/person\\\/efa971b4a0664db8ed5c22b1b0dd2f5d\",\"name\":\"Expresso Metropolitano\",\"image\":{\"@type\":\"ImageObject\",\"inLanguage\":\"es\",\"@id\":\"https:\\\/\\\/secure.gravatar.com\\\/avatar\\\/a89f802b8de18c6952f223c88d3d106e9e3679839f4e25a02f4a6cc2ae6ba3b3?s=96&d=mm&r=g\",\"url\":\"https:\\\/\\\/secure.gravatar.com\\\/avatar\\\/a89f802b8de18c6952f223c88d3d106e9e3679839f4e25a02f4a6cc2ae6ba3b3?s=96&d=mm&r=g\",\"contentUrl\":\"https:\\\/\\\/secure.gravatar.com\\\/avatar\\\/a89f802b8de18c6952f223c88d3d106e9e3679839f4e25a02f4a6cc2ae6ba3b3?s=96&d=mm&r=g\",\"caption\":\"Expresso Metropolitano\"},\"url\":\"https:\\\/\\\/expressometro.mx\\\/index.php\\\/author\\\/diego\\\/\"}]}<\/script>\n<!-- \/ Yoast SEO plugin. -->","yoast_head_json":{"title":"EL GOBIERNO DE COACALCO CONTIN\u00daA CON EL FOMENTO AL AUTOEMPLEO - Expresso Metropolitano","robots":{"index":"index","follow":"follow","max-snippet":"max-snippet:-1","max-image-preview":"max-image-preview:large","max-video-preview":"max-video-preview:-1"},"canonical":"https:\/\/expressometro.mx\/index.php\/2019\/08\/09\/el-gobierno-de-coacalco-continua-con-el-fomento-al-autoempleo\/","og_locale":"es_MX","og_type":"article","og_title":"EL GOBIERNO DE COACALCO CONTIN\u00daA CON EL FOMENTO AL AUTOEMPLEO - Expresso Metropolitano","og_description":"El Gobierno Municipal contin\u00faa con la impartici\u00f3n de cursos de fomento al autoempleo, con la finalidad de que la ciudadan\u00eda coacalquense cuenten con las herramientas para desempe\u00f1ar alg\u00fan oficio y as\u00ed generar sus propios recursos. Durante cuatro meses, el Centro Social San Jos\u00e9 I, ubicado en Villa de las Flores, ser\u00e1 sede del curso de capacitaci\u00f3n de Plomer\u00eda y Electricidad, mismo que se impartir\u00e1 en dos etapas, cada una de manera te\u00f3rica y pr\u00e1ctica. Al respecto, la Direcci\u00f3n de Bienestar Social inform\u00f3 que dicho taller es gratuito y contin\u00faa abierto&hellip;","og_url":"https:\/\/expressometro.mx\/index.php\/2019\/08\/09\/el-gobierno-de-coacalco-continua-con-el-fomento-al-autoempleo\/","og_site_name":"Expresso Metropolitano","article_published_time":"2019-08-09T06:31:36+00:00","article_modified_time":"2019-09-25T15:44:14+00:00","og_image":[{"width":1280,"height":853,"url":"https:\/\/expressometro.mx\/wp-content\/uploads\/2019\/08\/Cursos-4.jpeg","type":"image\/jpeg"}],"author":"Expresso Metropolitano","twitter_misc":{"Escrito por":"Expresso Metropolitano","Tiempo de lectura":"1 minuto"},"schema":{"@context":"https:\/\/schema.org","@graph":[{"@type":"Article","@id":"https:\/\/expressometro.mx\/index.php\/2019\/08\/09\/el-gobierno-de-coacalco-continua-con-el-fomento-al-autoempleo\/#article","isPartOf":{"@id":"https:\/\/expressometro.mx\/index.php\/2019\/08\/09\/el-gobierno-de-coacalco-continua-con-el-fomento-al-autoempleo\/"},"author":{"name":"Expresso Metropolitano","@id":"https:\/\/expressometro.mx\/#\/schema\/person\/efa971b4a0664db8ed5c22b1b0dd2f5d"},"headline":"EL GOBIERNO DE COACALCO CONTIN\u00daA CON EL FOMENTO AL AUTOEMPLEO","datePublished":"2019-08-09T06:31:36+00:00","dateModified":"2019-09-25T15:44:14+00:00","mainEntityOfPage":{"@id":"https:\/\/expressometro.mx\/index.php\/2019\/08\/09\/el-gobierno-de-coacalco-continua-con-el-fomento-al-autoempleo\/"},"wordCount":250,"commentCount":0,"publisher":{"@id":"https:\/\/expressometro.mx\/#organization"},"articleSection":["Finanzas","Gobierno"],"inLanguage":"es","potentialAction":[{"@type":"CommentAction","name":"Comment","target":["https:\/\/expressometro.mx\/index.php\/2019\/08\/09\/el-gobierno-de-coacalco-continua-con-el-fomento-al-autoempleo\/#respond"]}]},{"@type":"WebPage","@id":"https:\/\/expressometro.mx\/index.php\/2019\/08\/09\/el-gobierno-de-coacalco-continua-con-el-fomento-al-autoempleo\/","url":"https:\/\/expressometro.mx\/index.php\/2019\/08\/09\/el-gobierno-de-coacalco-continua-con-el-fomento-al-autoempleo\/","name":"EL GOBIERNO DE COACALCO CONTIN\u00daA CON EL FOMENTO AL AUTOEMPLEO - Expresso Metropolitano","isPartOf":{"@id":"https:\/\/expressometro.mx\/#website"},"datePublished":"2019-08-09T06:31:36+00:00","dateModified":"2019-09-25T15:44:14+00:00","breadcrumb":{"@id":"https:\/\/expressometro.mx\/index.php\/2019\/08\/09\/el-gobierno-de-coacalco-continua-con-el-fomento-al-autoempleo\/#breadcrumb"},"inLanguage":"es","potentialAction":[{"@type":"ReadAction","target":["https:\/\/expressometro.mx\/index.php\/2019\/08\/09\/el-gobierno-de-coacalco-continua-con-el-fomento-al-autoempleo\/"]}]},{"@type":"BreadcrumbList","@id":"https:\/\/expressometro.mx\/index.php\/2019\/08\/09\/el-gobierno-de-coacalco-continua-con-el-fomento-al-autoempleo\/#breadcrumb","itemListElement":[{"@type":"ListItem","position":1,"name":"Inicio","item":"https:\/\/expressometro.mx\/"},{"@type":"ListItem","position":2,"name":"EL GOBIERNO DE COACALCO CONTIN\u00daA CON EL FOMENTO AL AUTOEMPLEO"}]},{"@type":"WebSite","@id":"https:\/\/expressometro.mx\/#website","url":"https:\/\/expressometro.mx\/","name":"Expresso Metropolitano","description":"Periodismo comprometido, informaci\u00f3n, investigaci\u00f3n y an\u00e1lisis","publisher":{"@id":"https:\/\/expressometro.mx\/#organization"},"potentialAction":[{"@type":"SearchAction","target":{"@type":"EntryPoint","urlTemplate":"https:\/\/expressometro.mx\/?s={search_term_string}"},"query-input":{"@type":"PropertyValueSpecification","valueRequired":true,"valueName":"search_term_string"}}],"inLanguage":"es"},{"@type":"Organization","@id":"https:\/\/expressometro.mx\/#organization","name":"Expresso Metropolitano","url":"https:\/\/expressometro.mx\/","logo":{"@type":"ImageObject","inLanguage":"es","@id":"https:\/\/expressometro.mx\/#\/schema\/logo\/image\/","url":"https:\/\/expressometro.mx\/wp-content\/uploads\/2019\/07\/cropped-Logo-Expresso-Metropolitano-1-1.jpeg","contentUrl":"https:\/\/expressometro.mx\/wp-content\/uploads\/2019\/07\/cropped-Logo-Expresso-Metropolitano-1-1.jpeg","width":290,"height":73,"caption":"Expresso Metropolitano"},"image":{"@id":"https:\/\/expressometro.mx\/#\/schema\/logo\/image\/"}},{"@type":"Person","@id":"https:\/\/expressometro.mx\/#\/schema\/person\/efa971b4a0664db8ed5c22b1b0dd2f5d","name":"Expresso Metropolitano","image":{"@type":"ImageObject","inLanguage":"es","@id":"https:\/\/secure.gravatar.com\/avatar\/a89f802b8de18c6952f223c88d3d106e9e3679839f4e25a02f4a6cc2ae6ba3b3?s=96&d=mm&r=g","url":"https:\/\/secure.gravatar.com\/avatar\/a89f802b8de18c6952f223c88d3d106e9e3679839f4e25a02f4a6cc2ae6ba3b3?s=96&d=mm&r=g","contentUrl":"https:\/\/secure.gravatar.com\/avatar\/a89f802b8de18c6952f223c88d3d106e9e3679839f4e25a02f4a6cc2ae6ba3b3?s=96&d=mm&r=g","caption":"Expresso Metropolitano"},"url":"https:\/\/expressometro.mx\/index.php\/author\/diego\/"}]}},"amp_enabled":true,"_links":{"self":[{"href":"https:\/\/expressometro.mx\/index.php\/wp-json\/wp\/v2\/posts\/114","targetHints":{"allow":["GET"]}}],"collection":[{"href":"https:\/\/expressometro.mx\/index.php\/wp-json\/wp\/v2\/posts"}],"about":[{"href":"https:\/\/expressometro.mx\/index.php\/wp-json\/wp\/v2\/types\/post"}],"author":[{"embeddable":true,"href":"https:\/\/expressometro.mx\/index.php\/wp-json\/wp\/v2\/users\/1"}],"replies":[{"embeddable":true,"href":"https:\/\/expressometro.mx\/index.php\/wp-json\/wp\/v2\/comments?post=114"}],"version-history":[{"count":1,"href":"https:\/\/expressometro.mx\/index.php\/wp-json\/wp\/v2\/posts\/114\/revisions"}],"predecessor-version":[{"id":116,"href":"https:\/\/expressometro.mx\/index.php\/wp-json\/wp\/v2\/posts\/114\/revisions\/116"}],"wp:attachment":[{"href":"https:\/\/expressometro.mx\/index.php\/wp-json\/wp\/v2\/media?parent=114"}],"wp:term":[{"taxonomy":"category","embeddable":true,"href":"https:\/\/expressometro.mx\/index.php\/wp-json\/wp\/v2\/categories?post=114"},{"taxonomy":"post_tag","embeddable":true,"href":"https:\/\/expressometro.mx\/index.php\/wp-json\/wp\/v2\/tags?post=114"}],"curies":[{"name":"wp","href":"https:\/\/api.w.org\/{rel}","templated":true}]}}