{"id":11327,"date":"2025-05-08T10:26:18","date_gmt":"2025-05-08T16:26:18","guid":{"rendered":"https:\/\/expressometro.mx\/?p=11327"},"modified":"2025-05-09T10:37:52","modified_gmt":"2025-05-09T16:37:52","slug":"demanda-el-pri-regreso-de-programas-sociales-para-madres-de-familia","status":"publish","type":"post","link":"https:\/\/expressometro.mx\/index.php\/2025\/05\/08\/demanda-el-pri-regreso-de-programas-sociales-para-madres-de-familia\/","title":{"rendered":"DEMANDA EL PRI REGRESO DE PROGRAMAS SOCIALES PARA MADRES DE FAMILIA"},"content":{"rendered":"\n<ul class=\"wp-block-list\">\n<li>Urgen las estancias infantiles y las escuelas de tiempo completo, se\u00f1al\u00f3 la dirigente estatal del PRI, Cristina Ruiz Sandoval.<\/li>\n<\/ul>\n\n\n\n<p>Al sostener que los gobiernos de Morena abandonaron a las madres de familia con la eliminaci\u00f3n de los programas sociales que cre\u00f3 el PRI, la Presidenta del Comit\u00e9 Directivo Estatal (CDE), Cristina Ruiz Sandoval, demand\u00f3 el regreso de este tipo de beneficios que impactan en mejores condiciones de vida para los mexiquenses.<\/p>\n\n\n\n<p>En el PRI estamos comprometidos con las madres y por ello exigimos que regresen las Estancias Infantiles y Escuelas de Tiempo Completo, con auditor\u00edas ciudadanas que garanticen transparencia; y la recuperaci\u00f3n presupuestal y simplificaci\u00f3n administrativa para las pensiones de adultos mayores y el Seguro de Vida, apunt\u00f3 la Senadora.<br>\u00a0<br>De igual forma, dijo ser necesario contar con una red estatal de refugios, con presupuesto asegurado y protocolos de atenci\u00f3n m\u00e9dica, psicol\u00f3gica y legal. Adem\u00e1s de impulsar la expansi\u00f3n de la infraestructura de cuidado infantil y transporte escolar, para que las madres recuperen horas de productividad.<br>\u00a0<br>\u00a0La dirigente estatal del PRI refrend\u00f3 su compromiso de impulsar pol\u00edticas con perspectiva de g\u00e9nero que les devuelvan la tranquilidad y la confianza. Agreg\u00f3 que por m\u00e1s que le otorguen a la gente dinero en cuentas bancarias no hay evidencia de que obtengan mejora en su nivel de ahorro.<br>\u00a0<br>De acuerdo con el Instituto Mexicano para la Competitividad, en los \u00faltimos a\u00f1os se dispar\u00f3 el tr\u00e1mite de apertura de cuentas bancarias para recibir dinero de programas sociales, pero hasta ah\u00ed, pues persiste la vulnerabilidad econ\u00f3mica. Todo se debe a que el gobierno actual es m\u00e1s opaco en los tr\u00e1mites y el registro de los beneficiarios no tiene mediciones del impacto real en las familias, a\u00f1adi\u00f3.<br>\u00a0<br>Detall\u00f3 que en el Estado de M\u00e9xico, el 32\u202f% de los hogares est\u00e1 encabezado por mujeres, es decir, m\u00e1s de 1 mill\u00f3n \u202f460\u202fmil hogares; y las mam\u00e1s enfrentan una informalidad laboral superior al 55\u202f%, es decir, sin prestaciones ni seguridad social, para colmo, las trabajadoras ganan en promedio 15\u202f% menos que los hombres por igual labor.<\/p>\n","protected":false},"excerpt":{"rendered":"<p>Al sostener que los gobiernos de Morena abandonaron a las madres de familia con la eliminaci\u00f3n de los programas sociales que cre\u00f3 el PRI, la Presidenta del Comit\u00e9 Directivo Estatal (CDE), Cristina Ruiz Sandoval, demand\u00f3 el regreso de este tipo de beneficios que impactan en mejores condiciones de vida para los mexiquenses.<\/p>\n","protected":false},"author":1,"featured_media":11329,"comment_status":"open","ping_status":"open","sticky":false,"template":"","format":"standard","meta":{"footnotes":""},"categories":[3,1,231],"tags":[2283,1982,158],"class_list":["post-11327","post","type-post","status-publish","format-standard","has-post-thumbnail","hentry","category-gobierno","category-otros","category-politica","tag-cristina-ruiz-sandoval","tag-edomex","tag-pri"],"yoast_head":"<!-- This site is optimized with the Yoast SEO plugin v27.5 - https:\/\/yoast.com\/product\/yoast-seo-wordpress\/ -->\n<title>DEMANDA EL PRI REGRESO DE PROGRAMAS SOCIALES PARA MADRES DE FAMILIA - Expresso Metropolitano<\/title>\n<meta name=\"robots\" content=\"index, follow, max-snippet:-1, max-image-preview:large, max-video-preview:-1\" \/>\n<link rel=\"canonical\" href=\"https:\/\/expressometro.mx\/index.php\/2025\/05\/08\/demanda-el-pri-regreso-de-programas-sociales-para-madres-de-familia\/\" \/>\n<meta property=\"og:locale\" content=\"es_MX\" \/>\n<meta property=\"og:type\" content=\"article\" \/>\n<meta property=\"og:title\" content=\"DEMANDA EL PRI REGRESO DE PROGRAMAS SOCIALES PARA MADRES DE FAMILIA - Expresso Metropolitano\" \/>\n<meta property=\"og:description\" content=\"Al sostener que los gobiernos de Morena abandonaron a las madres de familia con la eliminaci\u00f3n de los programas sociales que cre\u00f3 el PRI, la Presidenta del Comit\u00e9 Directivo Estatal (CDE), Cristina Ruiz Sandoval, demand\u00f3 el regreso de este tipo de beneficios que impactan en mejores condiciones de vida para los mexiquenses.\" \/>\n<meta property=\"og:url\" content=\"https:\/\/expressometro.mx\/index.php\/2025\/05\/08\/demanda-el-pri-regreso-de-programas-sociales-para-madres-de-familia\/\" \/>\n<meta property=\"og:site_name\" content=\"Expresso Metropolitano\" \/>\n<meta property=\"article:published_time\" content=\"2025-05-08T16:26:18+00:00\" \/>\n<meta property=\"article:modified_time\" content=\"2025-05-09T16:37:52+00:00\" \/>\n<meta property=\"og:image\" content=\"http:\/\/expressometro.mx\/wp-content\/uploads\/2025\/05\/WhatsApp-Image-2025-05-08-at-5.24.54-PM-scaled.jpeg\" \/>\n\t<meta property=\"og:image:width\" content=\"2540\" \/>\n\t<meta property=\"og:image:height\" content=\"2560\" \/>\n\t<meta property=\"og:image:type\" content=\"image\/jpeg\" \/>\n<meta name=\"author\" content=\"Expresso Metropolitano\" \/>\n<meta name=\"twitter:label1\" content=\"Escrito por\" \/>\n\t<meta name=\"twitter:data1\" content=\"Expresso Metropolitano\" \/>\n\t<meta name=\"twitter:label2\" content=\"Tiempo de lectura\" \/>\n\t<meta name=\"twitter:data2\" content=\"2 minutos\" \/>\n<script type=\"application\/ld+json\" class=\"yoast-schema-graph\">{\"@context\":\"https:\\\/\\\/schema.org\",\"@graph\":[{\"@type\":\"Article\",\"@id\":\"https:\\\/\\\/expressometro.mx\\\/index.php\\\/2025\\\/05\\\/08\\\/demanda-el-pri-regreso-de-programas-sociales-para-madres-de-familia\\\/#article\",\"isPartOf\":{\"@id\":\"https:\\\/\\\/expressometro.mx\\\/index.php\\\/2025\\\/05\\\/08\\\/demanda-el-pri-regreso-de-programas-sociales-para-madres-de-familia\\\/\"},\"author\":{\"name\":\"Expresso Metropolitano\",\"@id\":\"https:\\\/\\\/expressometro.mx\\\/#\\\/schema\\\/person\\\/efa971b4a0664db8ed5c22b1b0dd2f5d\"},\"headline\":\"DEMANDA EL PRI REGRESO DE PROGRAMAS SOCIALES PARA MADRES DE FAMILIA\",\"datePublished\":\"2025-05-08T16:26:18+00:00\",\"dateModified\":\"2025-05-09T16:37:52+00:00\",\"mainEntityOfPage\":{\"@id\":\"https:\\\/\\\/expressometro.mx\\\/index.php\\\/2025\\\/05\\\/08\\\/demanda-el-pri-regreso-de-programas-sociales-para-madres-de-familia\\\/\"},\"wordCount\":367,\"commentCount\":0,\"publisher\":{\"@id\":\"https:\\\/\\\/expressometro.mx\\\/#organization\"},\"image\":{\"@id\":\"https:\\\/\\\/expressometro.mx\\\/index.php\\\/2025\\\/05\\\/08\\\/demanda-el-pri-regreso-de-programas-sociales-para-madres-de-familia\\\/#primaryimage\"},\"thumbnailUrl\":\"https:\\\/\\\/expressometro.mx\\\/wp-content\\\/uploads\\\/2025\\\/05\\\/WhatsApp-Image-2025-05-08-at-5.24.54-PM-scaled.jpeg\",\"keywords\":[\"Cristina Ru\u00edz Sandoval\",\"Edomex\",\"PRI\"],\"articleSection\":[\"Gobierno\",\"Otros\",\"Pol\u00edtica\"],\"inLanguage\":\"es\",\"potentialAction\":[{\"@type\":\"CommentAction\",\"name\":\"Comment\",\"target\":[\"https:\\\/\\\/expressometro.mx\\\/index.php\\\/2025\\\/05\\\/08\\\/demanda-el-pri-regreso-de-programas-sociales-para-madres-de-familia\\\/#respond\"]}]},{\"@type\":\"WebPage\",\"@id\":\"https:\\\/\\\/expressometro.mx\\\/index.php\\\/2025\\\/05\\\/08\\\/demanda-el-pri-regreso-de-programas-sociales-para-madres-de-familia\\\/\",\"url\":\"https:\\\/\\\/expressometro.mx\\\/index.php\\\/2025\\\/05\\\/08\\\/demanda-el-pri-regreso-de-programas-sociales-para-madres-de-familia\\\/\",\"name\":\"DEMANDA EL PRI REGRESO DE PROGRAMAS SOCIALES PARA MADRES DE FAMILIA - Expresso Metropolitano\",\"isPartOf\":{\"@id\":\"https:\\\/\\\/expressometro.mx\\\/#website\"},\"primaryImageOfPage\":{\"@id\":\"https:\\\/\\\/expressometro.mx\\\/index.php\\\/2025\\\/05\\\/08\\\/demanda-el-pri-regreso-de-programas-sociales-para-madres-de-familia\\\/#primaryimage\"},\"image\":{\"@id\":\"https:\\\/\\\/expressometro.mx\\\/index.php\\\/2025\\\/05\\\/08\\\/demanda-el-pri-regreso-de-programas-sociales-para-madres-de-familia\\\/#primaryimage\"},\"thumbnailUrl\":\"https:\\\/\\\/expressometro.mx\\\/wp-content\\\/uploads\\\/2025\\\/05\\\/WhatsApp-Image-2025-05-08-at-5.24.54-PM-scaled.jpeg\",\"datePublished\":\"2025-05-08T16:26:18+00:00\",\"dateModified\":\"2025-05-09T16:37:52+00:00\",\"breadcrumb\":{\"@id\":\"https:\\\/\\\/expressometro.mx\\\/index.php\\\/2025\\\/05\\\/08\\\/demanda-el-pri-regreso-de-programas-sociales-para-madres-de-familia\\\/#breadcrumb\"},\"inLanguage\":\"es\",\"potentialAction\":[{\"@type\":\"ReadAction\",\"target\":[\"https:\\\/\\\/expressometro.mx\\\/index.php\\\/2025\\\/05\\\/08\\\/demanda-el-pri-regreso-de-programas-sociales-para-madres-de-familia\\\/\"]}]},{\"@type\":\"ImageObject\",\"inLanguage\":\"es\",\"@id\":\"https:\\\/\\\/expressometro.mx\\\/index.php\\\/2025\\\/05\\\/08\\\/demanda-el-pri-regreso-de-programas-sociales-para-madres-de-familia\\\/#primaryimage\",\"url\":\"https:\\\/\\\/expressometro.mx\\\/wp-content\\\/uploads\\\/2025\\\/05\\\/WhatsApp-Image-2025-05-08-at-5.24.54-PM-scaled.jpeg\",\"contentUrl\":\"https:\\\/\\\/expressometro.mx\\\/wp-content\\\/uploads\\\/2025\\\/05\\\/WhatsApp-Image-2025-05-08-at-5.24.54-PM-scaled.jpeg\",\"width\":2540,\"height\":2560},{\"@type\":\"BreadcrumbList\",\"@id\":\"https:\\\/\\\/expressometro.mx\\\/index.php\\\/2025\\\/05\\\/08\\\/demanda-el-pri-regreso-de-programas-sociales-para-madres-de-familia\\\/#breadcrumb\",\"itemListElement\":[{\"@type\":\"ListItem\",\"position\":1,\"name\":\"Inicio\",\"item\":\"https:\\\/\\\/expressometro.mx\\\/\"},{\"@type\":\"ListItem\",\"position\":2,\"name\":\"DEMANDA EL PRI REGRESO DE PROGRAMAS SOCIALES PARA MADRES DE FAMILIA\"}]},{\"@type\":\"WebSite\",\"@id\":\"https:\\\/\\\/expressometro.mx\\\/#website\",\"url\":\"https:\\\/\\\/expressometro.mx\\\/\",\"name\":\"Expresso Metropolitano\",\"description\":\"Periodismo comprometido, informaci\u00f3n, investigaci\u00f3n y an\u00e1lisis\",\"publisher\":{\"@id\":\"https:\\\/\\\/expressometro.mx\\\/#organization\"},\"potentialAction\":[{\"@type\":\"SearchAction\",\"target\":{\"@type\":\"EntryPoint\",\"urlTemplate\":\"https:\\\/\\\/expressometro.mx\\\/?s={search_term_string}\"},\"query-input\":{\"@type\":\"PropertyValueSpecification\",\"valueRequired\":true,\"valueName\":\"search_term_string\"}}],\"inLanguage\":\"es\"},{\"@type\":\"Organization\",\"@id\":\"https:\\\/\\\/expressometro.mx\\\/#organization\",\"name\":\"Expresso Metropolitano\",\"url\":\"https:\\\/\\\/expressometro.mx\\\/\",\"logo\":{\"@type\":\"ImageObject\",\"inLanguage\":\"es\",\"@id\":\"https:\\\/\\\/expressometro.mx\\\/#\\\/schema\\\/logo\\\/image\\\/\",\"url\":\"https:\\\/\\\/expressometro.mx\\\/wp-content\\\/uploads\\\/2019\\\/07\\\/cropped-Logo-Expresso-Metropolitano-1-1.jpeg\",\"contentUrl\":\"https:\\\/\\\/expressometro.mx\\\/wp-content\\\/uploads\\\/2019\\\/07\\\/cropped-Logo-Expresso-Metropolitano-1-1.jpeg\",\"width\":290,\"height\":73,\"caption\":\"Expresso Metropolitano\"},\"image\":{\"@id\":\"https:\\\/\\\/expressometro.mx\\\/#\\\/schema\\\/logo\\\/image\\\/\"}},{\"@type\":\"Person\",\"@id\":\"https:\\\/\\\/expressometro.mx\\\/#\\\/schema\\\/person\\\/efa971b4a0664db8ed5c22b1b0dd2f5d\",\"name\":\"Expresso Metropolitano\",\"image\":{\"@type\":\"ImageObject\",\"inLanguage\":\"es\",\"@id\":\"https:\\\/\\\/secure.gravatar.com\\\/avatar\\\/a89f802b8de18c6952f223c88d3d106e9e3679839f4e25a02f4a6cc2ae6ba3b3?s=96&d=mm&r=g\",\"url\":\"https:\\\/\\\/secure.gravatar.com\\\/avatar\\\/a89f802b8de18c6952f223c88d3d106e9e3679839f4e25a02f4a6cc2ae6ba3b3?s=96&d=mm&r=g\",\"contentUrl\":\"https:\\\/\\\/secure.gravatar.com\\\/avatar\\\/a89f802b8de18c6952f223c88d3d106e9e3679839f4e25a02f4a6cc2ae6ba3b3?s=96&d=mm&r=g\",\"caption\":\"Expresso Metropolitano\"},\"url\":\"https:\\\/\\\/expressometro.mx\\\/index.php\\\/author\\\/diego\\\/\"}]}<\/script>\n<!-- \/ Yoast SEO plugin. -->","yoast_head_json":{"title":"DEMANDA EL PRI REGRESO DE PROGRAMAS SOCIALES PARA MADRES DE FAMILIA - Expresso Metropolitano","robots":{"index":"index","follow":"follow","max-snippet":"max-snippet:-1","max-image-preview":"max-image-preview:large","max-video-preview":"max-video-preview:-1"},"canonical":"https:\/\/expressometro.mx\/index.php\/2025\/05\/08\/demanda-el-pri-regreso-de-programas-sociales-para-madres-de-familia\/","og_locale":"es_MX","og_type":"article","og_title":"DEMANDA EL PRI REGRESO DE PROGRAMAS SOCIALES PARA MADRES DE FAMILIA - Expresso Metropolitano","og_description":"Al sostener que los gobiernos de Morena abandonaron a las madres de familia con la eliminaci\u00f3n de los programas sociales que cre\u00f3 el PRI, la Presidenta del Comit\u00e9 Directivo Estatal (CDE), Cristina Ruiz Sandoval, demand\u00f3 el regreso de este tipo de beneficios que impactan en mejores condiciones de vida para los mexiquenses.","og_url":"https:\/\/expressometro.mx\/index.php\/2025\/05\/08\/demanda-el-pri-regreso-de-programas-sociales-para-madres-de-familia\/","og_site_name":"Expresso Metropolitano","article_published_time":"2025-05-08T16:26:18+00:00","article_modified_time":"2025-05-09T16:37:52+00:00","og_image":[{"width":2540,"height":2560,"url":"http:\/\/expressometro.mx\/wp-content\/uploads\/2025\/05\/WhatsApp-Image-2025-05-08-at-5.24.54-PM-scaled.jpeg","type":"image\/jpeg"}],"author":"Expresso Metropolitano","twitter_misc":{"Escrito por":"Expresso Metropolitano","Tiempo de lectura":"2 minutos"},"schema":{"@context":"https:\/\/schema.org","@graph":[{"@type":"Article","@id":"https:\/\/expressometro.mx\/index.php\/2025\/05\/08\/demanda-el-pri-regreso-de-programas-sociales-para-madres-de-familia\/#article","isPartOf":{"@id":"https:\/\/expressometro.mx\/index.php\/2025\/05\/08\/demanda-el-pri-regreso-de-programas-sociales-para-madres-de-familia\/"},"author":{"name":"Expresso Metropolitano","@id":"https:\/\/expressometro.mx\/#\/schema\/person\/efa971b4a0664db8ed5c22b1b0dd2f5d"},"headline":"DEMANDA EL PRI REGRESO DE PROGRAMAS SOCIALES PARA MADRES DE FAMILIA","datePublished":"2025-05-08T16:26:18+00:00","dateModified":"2025-05-09T16:37:52+00:00","mainEntityOfPage":{"@id":"https:\/\/expressometro.mx\/index.php\/2025\/05\/08\/demanda-el-pri-regreso-de-programas-sociales-para-madres-de-familia\/"},"wordCount":367,"commentCount":0,"publisher":{"@id":"https:\/\/expressometro.mx\/#organization"},"image":{"@id":"https:\/\/expressometro.mx\/index.php\/2025\/05\/08\/demanda-el-pri-regreso-de-programas-sociales-para-madres-de-familia\/#primaryimage"},"thumbnailUrl":"https:\/\/expressometro.mx\/wp-content\/uploads\/2025\/05\/WhatsApp-Image-2025-05-08-at-5.24.54-PM-scaled.jpeg","keywords":["Cristina Ru\u00edz Sandoval","Edomex","PRI"],"articleSection":["Gobierno","Otros","Pol\u00edtica"],"inLanguage":"es","potentialAction":[{"@type":"CommentAction","name":"Comment","target":["https:\/\/expressometro.mx\/index.php\/2025\/05\/08\/demanda-el-pri-regreso-de-programas-sociales-para-madres-de-familia\/#respond"]}]},{"@type":"WebPage","@id":"https:\/\/expressometro.mx\/index.php\/2025\/05\/08\/demanda-el-pri-regreso-de-programas-sociales-para-madres-de-familia\/","url":"https:\/\/expressometro.mx\/index.php\/2025\/05\/08\/demanda-el-pri-regreso-de-programas-sociales-para-madres-de-familia\/","name":"DEMANDA EL PRI REGRESO DE PROGRAMAS SOCIALES PARA MADRES DE FAMILIA - Expresso Metropolitano","isPartOf":{"@id":"https:\/\/expressometro.mx\/#website"},"primaryImageOfPage":{"@id":"https:\/\/expressometro.mx\/index.php\/2025\/05\/08\/demanda-el-pri-regreso-de-programas-sociales-para-madres-de-familia\/#primaryimage"},"image":{"@id":"https:\/\/expressometro.mx\/index.php\/2025\/05\/08\/demanda-el-pri-regreso-de-programas-sociales-para-madres-de-familia\/#primaryimage"},"thumbnailUrl":"https:\/\/expressometro.mx\/wp-content\/uploads\/2025\/05\/WhatsApp-Image-2025-05-08-at-5.24.54-PM-scaled.jpeg","datePublished":"2025-05-08T16:26:18+00:00","dateModified":"2025-05-09T16:37:52+00:00","breadcrumb":{"@id":"https:\/\/expressometro.mx\/index.php\/2025\/05\/08\/demanda-el-pri-regreso-de-programas-sociales-para-madres-de-familia\/#breadcrumb"},"inLanguage":"es","potentialAction":[{"@type":"ReadAction","target":["https:\/\/expressometro.mx\/index.php\/2025\/05\/08\/demanda-el-pri-regreso-de-programas-sociales-para-madres-de-familia\/"]}]},{"@type":"ImageObject","inLanguage":"es","@id":"https:\/\/expressometro.mx\/index.php\/2025\/05\/08\/demanda-el-pri-regreso-de-programas-sociales-para-madres-de-familia\/#primaryimage","url":"https:\/\/expressometro.mx\/wp-content\/uploads\/2025\/05\/WhatsApp-Image-2025-05-08-at-5.24.54-PM-scaled.jpeg","contentUrl":"https:\/\/expressometro.mx\/wp-content\/uploads\/2025\/05\/WhatsApp-Image-2025-05-08-at-5.24.54-PM-scaled.jpeg","width":2540,"height":2560},{"@type":"BreadcrumbList","@id":"https:\/\/expressometro.mx\/index.php\/2025\/05\/08\/demanda-el-pri-regreso-de-programas-sociales-para-madres-de-familia\/#breadcrumb","itemListElement":[{"@type":"ListItem","position":1,"name":"Inicio","item":"https:\/\/expressometro.mx\/"},{"@type":"ListItem","position":2,"name":"DEMANDA EL PRI REGRESO DE PROGRAMAS SOCIALES PARA MADRES DE FAMILIA"}]},{"@type":"WebSite","@id":"https:\/\/expressometro.mx\/#website","url":"https:\/\/expressometro.mx\/","name":"Expresso Metropolitano","description":"Periodismo comprometido, informaci\u00f3n, investigaci\u00f3n y an\u00e1lisis","publisher":{"@id":"https:\/\/expressometro.mx\/#organization"},"potentialAction":[{"@type":"SearchAction","target":{"@type":"EntryPoint","urlTemplate":"https:\/\/expressometro.mx\/?s={search_term_string}"},"query-input":{"@type":"PropertyValueSpecification","valueRequired":true,"valueName":"search_term_string"}}],"inLanguage":"es"},{"@type":"Organization","@id":"https:\/\/expressometro.mx\/#organization","name":"Expresso Metropolitano","url":"https:\/\/expressometro.mx\/","logo":{"@type":"ImageObject","inLanguage":"es","@id":"https:\/\/expressometro.mx\/#\/schema\/logo\/image\/","url":"https:\/\/expressometro.mx\/wp-content\/uploads\/2019\/07\/cropped-Logo-Expresso-Metropolitano-1-1.jpeg","contentUrl":"https:\/\/expressometro.mx\/wp-content\/uploads\/2019\/07\/cropped-Logo-Expresso-Metropolitano-1-1.jpeg","width":290,"height":73,"caption":"Expresso Metropolitano"},"image":{"@id":"https:\/\/expressometro.mx\/#\/schema\/logo\/image\/"}},{"@type":"Person","@id":"https:\/\/expressometro.mx\/#\/schema\/person\/efa971b4a0664db8ed5c22b1b0dd2f5d","name":"Expresso Metropolitano","image":{"@type":"ImageObject","inLanguage":"es","@id":"https:\/\/secure.gravatar.com\/avatar\/a89f802b8de18c6952f223c88d3d106e9e3679839f4e25a02f4a6cc2ae6ba3b3?s=96&d=mm&r=g","url":"https:\/\/secure.gravatar.com\/avatar\/a89f802b8de18c6952f223c88d3d106e9e3679839f4e25a02f4a6cc2ae6ba3b3?s=96&d=mm&r=g","contentUrl":"https:\/\/secure.gravatar.com\/avatar\/a89f802b8de18c6952f223c88d3d106e9e3679839f4e25a02f4a6cc2ae6ba3b3?s=96&d=mm&r=g","caption":"Expresso Metropolitano"},"url":"https:\/\/expressometro.mx\/index.php\/author\/diego\/"}]}},"amp_enabled":true,"_links":{"self":[{"href":"https:\/\/expressometro.mx\/index.php\/wp-json\/wp\/v2\/posts\/11327","targetHints":{"allow":["GET"]}}],"collection":[{"href":"https:\/\/expressometro.mx\/index.php\/wp-json\/wp\/v2\/posts"}],"about":[{"href":"https:\/\/expressometro.mx\/index.php\/wp-json\/wp\/v2\/types\/post"}],"author":[{"embeddable":true,"href":"https:\/\/expressometro.mx\/index.php\/wp-json\/wp\/v2\/users\/1"}],"replies":[{"embeddable":true,"href":"https:\/\/expressometro.mx\/index.php\/wp-json\/wp\/v2\/comments?post=11327"}],"version-history":[{"count":2,"href":"https:\/\/expressometro.mx\/index.php\/wp-json\/wp\/v2\/posts\/11327\/revisions"}],"predecessor-version":[{"id":11332,"href":"https:\/\/expressometro.mx\/index.php\/wp-json\/wp\/v2\/posts\/11327\/revisions\/11332"}],"wp:featuredmedia":[{"embeddable":true,"href":"https:\/\/expressometro.mx\/index.php\/wp-json\/wp\/v2\/media\/11329"}],"wp:attachment":[{"href":"https:\/\/expressometro.mx\/index.php\/wp-json\/wp\/v2\/media?parent=11327"}],"wp:term":[{"taxonomy":"category","embeddable":true,"href":"https:\/\/expressometro.mx\/index.php\/wp-json\/wp\/v2\/categories?post=11327"},{"taxonomy":"post_tag","embeddable":true,"href":"https:\/\/expressometro.mx\/index.php\/wp-json\/wp\/v2\/tags?post=11327"}],"curies":[{"name":"wp","href":"https:\/\/api.w.org\/{rel}","templated":true}]}}