{"id":1131,"date":"2020-01-14T13:06:55","date_gmt":"2020-01-14T19:06:55","guid":{"rendered":"http:\/\/expressometro.mx\/?p=1131"},"modified":"2020-01-15T13:07:32","modified_gmt":"2020-01-15T19:07:32","slug":"reitera-alfredo-del-mazo-compromiso-de-trabajar-de-manera-coordinada-con-el-gobierno-de-mexico-en-temas-de-seguridad-y-salud","status":"publish","type":"post","link":"https:\/\/expressometro.mx\/index.php\/2020\/01\/14\/reitera-alfredo-del-mazo-compromiso-de-trabajar-de-manera-coordinada-con-el-gobierno-de-mexico-en-temas-de-seguridad-y-salud\/","title":{"rendered":"REITERA ALFREDO DEL MAZO COMPROMISO DE TRABAJAR DE MANERA COORDINADA CON EL GOBIERNO DE M\u00c9XICO EN TEMAS DE SEGURIDAD Y SALUD"},"content":{"rendered":"\n<p>El Gobernador Alfredo Del Mazo Maza reiter\u00f3 el compromiso del Gobierno del Estado de M\u00e9xico de trabajar de manera coordinada y de la mano con el Gobierno de M\u00e9xico, en temas como el de seguridad y salud.<\/p>\n\n\n\n<p>Luego de una reuni\u00f3n con el Presidente de M\u00e9xico, Andr\u00e9s Manuel L\u00f3pez Obrador, donde asistieron los Gobernadores de las entidades federativas del pa\u00eds, Del Mazo Maza se\u00f1al\u00f3 que en el Estado de M\u00e9xico el trabajo coordinado en materia de seguridad est\u00e1 dando resultado.<\/p>\n\n\n\n<p>\u201cLas reuniones de trabajo y las juntas con las coordinaciones de seguridad que tenemos estatales, en el caso del Estado de M\u00e9xico funciona muy bien. Yo reconozco el esfuerzo, el trabajo y el apoyo de las Fuerzas Federales en ese sentido\u201d, expres\u00f3.<\/p>\n\n\n\n<p>Durante una entrevista, indic\u00f3 que uno de los avances es la disminuci\u00f3n en los \u00edndices de robo de veh\u00edculo con violencia y sin violencia, as\u00ed como el incremento de elementos de la Guardia Nacional, y destac\u00f3 que en territorio mexiquense hay 4 mil integrantes de este cuerpo de seguridad.<\/p>\n\n\n\n<p>Asimismo, dio a conocer que se capacitan cerca de 20 mil elementos que formar\u00e1n parte de la Guardia Nacional, para desplazarlos en todas las regiones del pa\u00eds, y sostuvo que uno de los temas importantes es involucrar a las Polic\u00edas municipales para trabajar de manera coordinada.<\/p>\n\n\n\n<p>En materia de salud, coment\u00f3 que su administraci\u00f3n coincide con el programa del Instituto de Salud para el Bienestar (Insabi), para fortalecer los sistemas de salud, brindar atenci\u00f3n gratuita para la poblaci\u00f3n que no cuenta con afiliaci\u00f3n al Instituto Mexicano del Seguro Social (IMSS) o al Instituto de Seguridad y Servicios Sociales de los Trabajadores del Estado (ISSSTE).<\/p>\n\n\n\n<p>Sin embargo, dijo, es necesario aclarar temas como la forma en que se va a calcular la aportaci\u00f3n solidaria estatal, la responsabilidad laboral de quienes forman parte del sistema de salud y los tiempos para llevar a cabo los procesos.<\/p>\n\n\n\n<p>\u201cComo ustedes saben el planteamiento que se ha hecho es que se transfiera la infraestructura, el equipamiento, a un sistema centralizado, y tampoco se han todav\u00eda definido los tiempos y el mecanismo para que se lleve a cabo\u201d, afirm\u00f3.<\/p>\n\n\n\n<p>\u201cYo creo que es algo que podemos trabajar, hay la voluntad, hay el deseo de poder encontrar un camino que nos permita transitar hacia ese sentido y tenemos que platicar m\u00e1s a profundidad con la Secretar\u00eda de Salud\u201d, agreg\u00f3.<\/p>\n\n\n\n<ul class=\"wp-block-list\"><li><\/li><\/ul>\n","protected":false},"excerpt":{"rendered":"<p>El Gobernador Alfredo Del Mazo Maza reiter\u00f3 el compromiso del Gobierno del Estado de M\u00e9xico de trabajar de manera coordinada y de la mano con el Gobierno de M\u00e9xico, en temas como el de seguridad y salud. Luego de una reuni\u00f3n con el Presidente de M\u00e9xico, Andr\u00e9s Manuel L\u00f3pez Obrador, donde asistieron los Gobernadores de las entidades federativas del pa\u00eds, Del Mazo Maza se\u00f1al\u00f3 que en el Estado de M\u00e9xico el trabajo coordinado en materia de seguridad est\u00e1 dando resultado. \u201cLas reuniones de trabajo y las juntas con las coordinaciones&hellip;<\/p>\n","protected":false},"author":1,"featured_media":1132,"comment_status":"open","ping_status":"open","sticky":false,"template":"","format":"standard","meta":{"footnotes":""},"categories":[3],"tags":[],"class_list":["post-1131","post","type-post","status-publish","format-standard","has-post-thumbnail","hentry","category-gobierno"],"yoast_head":"<!-- This site is optimized with the Yoast SEO plugin v27.5 - https:\/\/yoast.com\/product\/yoast-seo-wordpress\/ -->\n<title>REITERA ALFREDO DEL MAZO COMPROMISO DE TRABAJAR DE MANERA COORDINADA CON EL GOBIERNO DE M\u00c9XICO EN TEMAS DE SEGURIDAD Y SALUD - Expresso Metropolitano<\/title>\n<meta name=\"robots\" content=\"index, follow, max-snippet:-1, max-image-preview:large, max-video-preview:-1\" \/>\n<link rel=\"canonical\" href=\"https:\/\/expressometro.mx\/index.php\/2020\/01\/14\/reitera-alfredo-del-mazo-compromiso-de-trabajar-de-manera-coordinada-con-el-gobierno-de-mexico-en-temas-de-seguridad-y-salud\/\" \/>\n<meta property=\"og:locale\" content=\"es_MX\" \/>\n<meta property=\"og:type\" content=\"article\" \/>\n<meta property=\"og:title\" content=\"REITERA ALFREDO DEL MAZO COMPROMISO DE TRABAJAR DE MANERA COORDINADA CON EL GOBIERNO DE M\u00c9XICO EN TEMAS DE SEGURIDAD Y SALUD - Expresso Metropolitano\" \/>\n<meta property=\"og:description\" content=\"El Gobernador Alfredo Del Mazo Maza reiter\u00f3 el compromiso del Gobierno del Estado de M\u00e9xico de trabajar de manera coordinada y de la mano con el Gobierno de M\u00e9xico, en temas como el de seguridad y salud. Luego de una reuni\u00f3n con el Presidente de M\u00e9xico, Andr\u00e9s Manuel L\u00f3pez Obrador, donde asistieron los Gobernadores de las entidades federativas del pa\u00eds, Del Mazo Maza se\u00f1al\u00f3 que en el Estado de M\u00e9xico el trabajo coordinado en materia de seguridad est\u00e1 dando resultado. \u201cLas reuniones de trabajo y las juntas con las coordinaciones&hellip;\" \/>\n<meta property=\"og:url\" content=\"https:\/\/expressometro.mx\/index.php\/2020\/01\/14\/reitera-alfredo-del-mazo-compromiso-de-trabajar-de-manera-coordinada-con-el-gobierno-de-mexico-en-temas-de-seguridad-y-salud\/\" \/>\n<meta property=\"og:site_name\" content=\"Expresso Metropolitano\" \/>\n<meta property=\"article:published_time\" content=\"2020-01-14T19:06:55+00:00\" \/>\n<meta property=\"article:modified_time\" content=\"2020-01-15T19:07:32+00:00\" \/>\n<meta property=\"og:image\" content=\"https:\/\/expressometro.mx\/wp-content\/uploads\/2020\/01\/w2_11668_1.jpg\" \/>\n\t<meta property=\"og:image:width\" content=\"1135\" \/>\n\t<meta property=\"og:image:height\" content=\"720\" \/>\n\t<meta property=\"og:image:type\" content=\"image\/jpeg\" \/>\n<meta name=\"author\" content=\"Expresso Metropolitano\" \/>\n<meta name=\"twitter:label1\" content=\"Escrito por\" \/>\n\t<meta name=\"twitter:data1\" content=\"Expresso Metropolitano\" \/>\n\t<meta name=\"twitter:label2\" content=\"Tiempo de lectura\" \/>\n\t<meta name=\"twitter:data2\" content=\"2 minutos\" \/>\n<script type=\"application\/ld+json\" class=\"yoast-schema-graph\">{\"@context\":\"https:\\\/\\\/schema.org\",\"@graph\":[{\"@type\":\"Article\",\"@id\":\"https:\\\/\\\/expressometro.mx\\\/index.php\\\/2020\\\/01\\\/14\\\/reitera-alfredo-del-mazo-compromiso-de-trabajar-de-manera-coordinada-con-el-gobierno-de-mexico-en-temas-de-seguridad-y-salud\\\/#article\",\"isPartOf\":{\"@id\":\"https:\\\/\\\/expressometro.mx\\\/index.php\\\/2020\\\/01\\\/14\\\/reitera-alfredo-del-mazo-compromiso-de-trabajar-de-manera-coordinada-con-el-gobierno-de-mexico-en-temas-de-seguridad-y-salud\\\/\"},\"author\":{\"name\":\"Expresso Metropolitano\",\"@id\":\"https:\\\/\\\/expressometro.mx\\\/#\\\/schema\\\/person\\\/efa971b4a0664db8ed5c22b1b0dd2f5d\"},\"headline\":\"REITERA ALFREDO DEL MAZO COMPROMISO DE TRABAJAR DE MANERA COORDINADA CON EL GOBIERNO DE M\u00c9XICO EN TEMAS DE SEGURIDAD Y SALUD\",\"datePublished\":\"2020-01-14T19:06:55+00:00\",\"dateModified\":\"2020-01-15T19:07:32+00:00\",\"mainEntityOfPage\":{\"@id\":\"https:\\\/\\\/expressometro.mx\\\/index.php\\\/2020\\\/01\\\/14\\\/reitera-alfredo-del-mazo-compromiso-de-trabajar-de-manera-coordinada-con-el-gobierno-de-mexico-en-temas-de-seguridad-y-salud\\\/\"},\"wordCount\":436,\"commentCount\":0,\"publisher\":{\"@id\":\"https:\\\/\\\/expressometro.mx\\\/#organization\"},\"image\":{\"@id\":\"https:\\\/\\\/expressometro.mx\\\/index.php\\\/2020\\\/01\\\/14\\\/reitera-alfredo-del-mazo-compromiso-de-trabajar-de-manera-coordinada-con-el-gobierno-de-mexico-en-temas-de-seguridad-y-salud\\\/#primaryimage\"},\"thumbnailUrl\":\"https:\\\/\\\/expressometro.mx\\\/wp-content\\\/uploads\\\/2020\\\/01\\\/w2_11668_1.jpg\",\"articleSection\":[\"Gobierno\"],\"inLanguage\":\"es\",\"potentialAction\":[{\"@type\":\"CommentAction\",\"name\":\"Comment\",\"target\":[\"https:\\\/\\\/expressometro.mx\\\/index.php\\\/2020\\\/01\\\/14\\\/reitera-alfredo-del-mazo-compromiso-de-trabajar-de-manera-coordinada-con-el-gobierno-de-mexico-en-temas-de-seguridad-y-salud\\\/#respond\"]}]},{\"@type\":\"WebPage\",\"@id\":\"https:\\\/\\\/expressometro.mx\\\/index.php\\\/2020\\\/01\\\/14\\\/reitera-alfredo-del-mazo-compromiso-de-trabajar-de-manera-coordinada-con-el-gobierno-de-mexico-en-temas-de-seguridad-y-salud\\\/\",\"url\":\"https:\\\/\\\/expressometro.mx\\\/index.php\\\/2020\\\/01\\\/14\\\/reitera-alfredo-del-mazo-compromiso-de-trabajar-de-manera-coordinada-con-el-gobierno-de-mexico-en-temas-de-seguridad-y-salud\\\/\",\"name\":\"REITERA ALFREDO DEL MAZO COMPROMISO DE TRABAJAR DE MANERA COORDINADA CON EL GOBIERNO DE M\u00c9XICO EN TEMAS DE SEGURIDAD Y SALUD - Expresso Metropolitano\",\"isPartOf\":{\"@id\":\"https:\\\/\\\/expressometro.mx\\\/#website\"},\"primaryImageOfPage\":{\"@id\":\"https:\\\/\\\/expressometro.mx\\\/index.php\\\/2020\\\/01\\\/14\\\/reitera-alfredo-del-mazo-compromiso-de-trabajar-de-manera-coordinada-con-el-gobierno-de-mexico-en-temas-de-seguridad-y-salud\\\/#primaryimage\"},\"image\":{\"@id\":\"https:\\\/\\\/expressometro.mx\\\/index.php\\\/2020\\\/01\\\/14\\\/reitera-alfredo-del-mazo-compromiso-de-trabajar-de-manera-coordinada-con-el-gobierno-de-mexico-en-temas-de-seguridad-y-salud\\\/#primaryimage\"},\"thumbnailUrl\":\"https:\\\/\\\/expressometro.mx\\\/wp-content\\\/uploads\\\/2020\\\/01\\\/w2_11668_1.jpg\",\"datePublished\":\"2020-01-14T19:06:55+00:00\",\"dateModified\":\"2020-01-15T19:07:32+00:00\",\"breadcrumb\":{\"@id\":\"https:\\\/\\\/expressometro.mx\\\/index.php\\\/2020\\\/01\\\/14\\\/reitera-alfredo-del-mazo-compromiso-de-trabajar-de-manera-coordinada-con-el-gobierno-de-mexico-en-temas-de-seguridad-y-salud\\\/#breadcrumb\"},\"inLanguage\":\"es\",\"potentialAction\":[{\"@type\":\"ReadAction\",\"target\":[\"https:\\\/\\\/expressometro.mx\\\/index.php\\\/2020\\\/01\\\/14\\\/reitera-alfredo-del-mazo-compromiso-de-trabajar-de-manera-coordinada-con-el-gobierno-de-mexico-en-temas-de-seguridad-y-salud\\\/\"]}]},{\"@type\":\"ImageObject\",\"inLanguage\":\"es\",\"@id\":\"https:\\\/\\\/expressometro.mx\\\/index.php\\\/2020\\\/01\\\/14\\\/reitera-alfredo-del-mazo-compromiso-de-trabajar-de-manera-coordinada-con-el-gobierno-de-mexico-en-temas-de-seguridad-y-salud\\\/#primaryimage\",\"url\":\"https:\\\/\\\/expressometro.mx\\\/wp-content\\\/uploads\\\/2020\\\/01\\\/w2_11668_1.jpg\",\"contentUrl\":\"https:\\\/\\\/expressometro.mx\\\/wp-content\\\/uploads\\\/2020\\\/01\\\/w2_11668_1.jpg\",\"width\":1135,\"height\":720},{\"@type\":\"BreadcrumbList\",\"@id\":\"https:\\\/\\\/expressometro.mx\\\/index.php\\\/2020\\\/01\\\/14\\\/reitera-alfredo-del-mazo-compromiso-de-trabajar-de-manera-coordinada-con-el-gobierno-de-mexico-en-temas-de-seguridad-y-salud\\\/#breadcrumb\",\"itemListElement\":[{\"@type\":\"ListItem\",\"position\":1,\"name\":\"Inicio\",\"item\":\"https:\\\/\\\/expressometro.mx\\\/\"},{\"@type\":\"ListItem\",\"position\":2,\"name\":\"REITERA ALFREDO DEL MAZO COMPROMISO DE TRABAJAR DE MANERA COORDINADA CON EL GOBIERNO DE M\u00c9XICO EN TEMAS DE SEGURIDAD Y SALUD\"}]},{\"@type\":\"WebSite\",\"@id\":\"https:\\\/\\\/expressometro.mx\\\/#website\",\"url\":\"https:\\\/\\\/expressometro.mx\\\/\",\"name\":\"Expresso Metropolitano\",\"description\":\"Periodismo comprometido, informaci\u00f3n, investigaci\u00f3n y an\u00e1lisis\",\"publisher\":{\"@id\":\"https:\\\/\\\/expressometro.mx\\\/#organization\"},\"potentialAction\":[{\"@type\":\"SearchAction\",\"target\":{\"@type\":\"EntryPoint\",\"urlTemplate\":\"https:\\\/\\\/expressometro.mx\\\/?s={search_term_string}\"},\"query-input\":{\"@type\":\"PropertyValueSpecification\",\"valueRequired\":true,\"valueName\":\"search_term_string\"}}],\"inLanguage\":\"es\"},{\"@type\":\"Organization\",\"@id\":\"https:\\\/\\\/expressometro.mx\\\/#organization\",\"name\":\"Expresso Metropolitano\",\"url\":\"https:\\\/\\\/expressometro.mx\\\/\",\"logo\":{\"@type\":\"ImageObject\",\"inLanguage\":\"es\",\"@id\":\"https:\\\/\\\/expressometro.mx\\\/#\\\/schema\\\/logo\\\/image\\\/\",\"url\":\"https:\\\/\\\/expressometro.mx\\\/wp-content\\\/uploads\\\/2019\\\/07\\\/cropped-Logo-Expresso-Metropolitano-1-1.jpeg\",\"contentUrl\":\"https:\\\/\\\/expressometro.mx\\\/wp-content\\\/uploads\\\/2019\\\/07\\\/cropped-Logo-Expresso-Metropolitano-1-1.jpeg\",\"width\":290,\"height\":73,\"caption\":\"Expresso Metropolitano\"},\"image\":{\"@id\":\"https:\\\/\\\/expressometro.mx\\\/#\\\/schema\\\/logo\\\/image\\\/\"}},{\"@type\":\"Person\",\"@id\":\"https:\\\/\\\/expressometro.mx\\\/#\\\/schema\\\/person\\\/efa971b4a0664db8ed5c22b1b0dd2f5d\",\"name\":\"Expresso Metropolitano\",\"image\":{\"@type\":\"ImageObject\",\"inLanguage\":\"es\",\"@id\":\"https:\\\/\\\/secure.gravatar.com\\\/avatar\\\/a89f802b8de18c6952f223c88d3d106e9e3679839f4e25a02f4a6cc2ae6ba3b3?s=96&d=mm&r=g\",\"url\":\"https:\\\/\\\/secure.gravatar.com\\\/avatar\\\/a89f802b8de18c6952f223c88d3d106e9e3679839f4e25a02f4a6cc2ae6ba3b3?s=96&d=mm&r=g\",\"contentUrl\":\"https:\\\/\\\/secure.gravatar.com\\\/avatar\\\/a89f802b8de18c6952f223c88d3d106e9e3679839f4e25a02f4a6cc2ae6ba3b3?s=96&d=mm&r=g\",\"caption\":\"Expresso Metropolitano\"},\"url\":\"https:\\\/\\\/expressometro.mx\\\/index.php\\\/author\\\/diego\\\/\"}]}<\/script>\n<!-- \/ Yoast SEO plugin. -->","yoast_head_json":{"title":"REITERA ALFREDO DEL MAZO COMPROMISO DE TRABAJAR DE MANERA COORDINADA CON EL GOBIERNO DE M\u00c9XICO EN TEMAS DE SEGURIDAD Y SALUD - Expresso Metropolitano","robots":{"index":"index","follow":"follow","max-snippet":"max-snippet:-1","max-image-preview":"max-image-preview:large","max-video-preview":"max-video-preview:-1"},"canonical":"https:\/\/expressometro.mx\/index.php\/2020\/01\/14\/reitera-alfredo-del-mazo-compromiso-de-trabajar-de-manera-coordinada-con-el-gobierno-de-mexico-en-temas-de-seguridad-y-salud\/","og_locale":"es_MX","og_type":"article","og_title":"REITERA ALFREDO DEL MAZO COMPROMISO DE TRABAJAR DE MANERA COORDINADA CON EL GOBIERNO DE M\u00c9XICO EN TEMAS DE SEGURIDAD Y SALUD - Expresso Metropolitano","og_description":"El Gobernador Alfredo Del Mazo Maza reiter\u00f3 el compromiso del Gobierno del Estado de M\u00e9xico de trabajar de manera coordinada y de la mano con el Gobierno de M\u00e9xico, en temas como el de seguridad y salud. Luego de una reuni\u00f3n con el Presidente de M\u00e9xico, Andr\u00e9s Manuel L\u00f3pez Obrador, donde asistieron los Gobernadores de las entidades federativas del pa\u00eds, Del Mazo Maza se\u00f1al\u00f3 que en el Estado de M\u00e9xico el trabajo coordinado en materia de seguridad est\u00e1 dando resultado. \u201cLas reuniones de trabajo y las juntas con las coordinaciones&hellip;","og_url":"https:\/\/expressometro.mx\/index.php\/2020\/01\/14\/reitera-alfredo-del-mazo-compromiso-de-trabajar-de-manera-coordinada-con-el-gobierno-de-mexico-en-temas-de-seguridad-y-salud\/","og_site_name":"Expresso Metropolitano","article_published_time":"2020-01-14T19:06:55+00:00","article_modified_time":"2020-01-15T19:07:32+00:00","og_image":[{"width":1135,"height":720,"url":"https:\/\/expressometro.mx\/wp-content\/uploads\/2020\/01\/w2_11668_1.jpg","type":"image\/jpeg"}],"author":"Expresso Metropolitano","twitter_misc":{"Escrito por":"Expresso Metropolitano","Tiempo de lectura":"2 minutos"},"schema":{"@context":"https:\/\/schema.org","@graph":[{"@type":"Article","@id":"https:\/\/expressometro.mx\/index.php\/2020\/01\/14\/reitera-alfredo-del-mazo-compromiso-de-trabajar-de-manera-coordinada-con-el-gobierno-de-mexico-en-temas-de-seguridad-y-salud\/#article","isPartOf":{"@id":"https:\/\/expressometro.mx\/index.php\/2020\/01\/14\/reitera-alfredo-del-mazo-compromiso-de-trabajar-de-manera-coordinada-con-el-gobierno-de-mexico-en-temas-de-seguridad-y-salud\/"},"author":{"name":"Expresso Metropolitano","@id":"https:\/\/expressometro.mx\/#\/schema\/person\/efa971b4a0664db8ed5c22b1b0dd2f5d"},"headline":"REITERA ALFREDO DEL MAZO COMPROMISO DE TRABAJAR DE MANERA COORDINADA CON EL GOBIERNO DE M\u00c9XICO EN TEMAS DE SEGURIDAD Y SALUD","datePublished":"2020-01-14T19:06:55+00:00","dateModified":"2020-01-15T19:07:32+00:00","mainEntityOfPage":{"@id":"https:\/\/expressometro.mx\/index.php\/2020\/01\/14\/reitera-alfredo-del-mazo-compromiso-de-trabajar-de-manera-coordinada-con-el-gobierno-de-mexico-en-temas-de-seguridad-y-salud\/"},"wordCount":436,"commentCount":0,"publisher":{"@id":"https:\/\/expressometro.mx\/#organization"},"image":{"@id":"https:\/\/expressometro.mx\/index.php\/2020\/01\/14\/reitera-alfredo-del-mazo-compromiso-de-trabajar-de-manera-coordinada-con-el-gobierno-de-mexico-en-temas-de-seguridad-y-salud\/#primaryimage"},"thumbnailUrl":"https:\/\/expressometro.mx\/wp-content\/uploads\/2020\/01\/w2_11668_1.jpg","articleSection":["Gobierno"],"inLanguage":"es","potentialAction":[{"@type":"CommentAction","name":"Comment","target":["https:\/\/expressometro.mx\/index.php\/2020\/01\/14\/reitera-alfredo-del-mazo-compromiso-de-trabajar-de-manera-coordinada-con-el-gobierno-de-mexico-en-temas-de-seguridad-y-salud\/#respond"]}]},{"@type":"WebPage","@id":"https:\/\/expressometro.mx\/index.php\/2020\/01\/14\/reitera-alfredo-del-mazo-compromiso-de-trabajar-de-manera-coordinada-con-el-gobierno-de-mexico-en-temas-de-seguridad-y-salud\/","url":"https:\/\/expressometro.mx\/index.php\/2020\/01\/14\/reitera-alfredo-del-mazo-compromiso-de-trabajar-de-manera-coordinada-con-el-gobierno-de-mexico-en-temas-de-seguridad-y-salud\/","name":"REITERA ALFREDO DEL MAZO COMPROMISO DE TRABAJAR DE MANERA COORDINADA CON EL GOBIERNO DE M\u00c9XICO EN TEMAS DE SEGURIDAD Y SALUD - Expresso Metropolitano","isPartOf":{"@id":"https:\/\/expressometro.mx\/#website"},"primaryImageOfPage":{"@id":"https:\/\/expressometro.mx\/index.php\/2020\/01\/14\/reitera-alfredo-del-mazo-compromiso-de-trabajar-de-manera-coordinada-con-el-gobierno-de-mexico-en-temas-de-seguridad-y-salud\/#primaryimage"},"image":{"@id":"https:\/\/expressometro.mx\/index.php\/2020\/01\/14\/reitera-alfredo-del-mazo-compromiso-de-trabajar-de-manera-coordinada-con-el-gobierno-de-mexico-en-temas-de-seguridad-y-salud\/#primaryimage"},"thumbnailUrl":"https:\/\/expressometro.mx\/wp-content\/uploads\/2020\/01\/w2_11668_1.jpg","datePublished":"2020-01-14T19:06:55+00:00","dateModified":"2020-01-15T19:07:32+00:00","breadcrumb":{"@id":"https:\/\/expressometro.mx\/index.php\/2020\/01\/14\/reitera-alfredo-del-mazo-compromiso-de-trabajar-de-manera-coordinada-con-el-gobierno-de-mexico-en-temas-de-seguridad-y-salud\/#breadcrumb"},"inLanguage":"es","potentialAction":[{"@type":"ReadAction","target":["https:\/\/expressometro.mx\/index.php\/2020\/01\/14\/reitera-alfredo-del-mazo-compromiso-de-trabajar-de-manera-coordinada-con-el-gobierno-de-mexico-en-temas-de-seguridad-y-salud\/"]}]},{"@type":"ImageObject","inLanguage":"es","@id":"https:\/\/expressometro.mx\/index.php\/2020\/01\/14\/reitera-alfredo-del-mazo-compromiso-de-trabajar-de-manera-coordinada-con-el-gobierno-de-mexico-en-temas-de-seguridad-y-salud\/#primaryimage","url":"https:\/\/expressometro.mx\/wp-content\/uploads\/2020\/01\/w2_11668_1.jpg","contentUrl":"https:\/\/expressometro.mx\/wp-content\/uploads\/2020\/01\/w2_11668_1.jpg","width":1135,"height":720},{"@type":"BreadcrumbList","@id":"https:\/\/expressometro.mx\/index.php\/2020\/01\/14\/reitera-alfredo-del-mazo-compromiso-de-trabajar-de-manera-coordinada-con-el-gobierno-de-mexico-en-temas-de-seguridad-y-salud\/#breadcrumb","itemListElement":[{"@type":"ListItem","position":1,"name":"Inicio","item":"https:\/\/expressometro.mx\/"},{"@type":"ListItem","position":2,"name":"REITERA ALFREDO DEL MAZO COMPROMISO DE TRABAJAR DE MANERA COORDINADA CON EL GOBIERNO DE M\u00c9XICO EN TEMAS DE SEGURIDAD Y SALUD"}]},{"@type":"WebSite","@id":"https:\/\/expressometro.mx\/#website","url":"https:\/\/expressometro.mx\/","name":"Expresso Metropolitano","description":"Periodismo comprometido, informaci\u00f3n, investigaci\u00f3n y an\u00e1lisis","publisher":{"@id":"https:\/\/expressometro.mx\/#organization"},"potentialAction":[{"@type":"SearchAction","target":{"@type":"EntryPoint","urlTemplate":"https:\/\/expressometro.mx\/?s={search_term_string}"},"query-input":{"@type":"PropertyValueSpecification","valueRequired":true,"valueName":"search_term_string"}}],"inLanguage":"es"},{"@type":"Organization","@id":"https:\/\/expressometro.mx\/#organization","name":"Expresso Metropolitano","url":"https:\/\/expressometro.mx\/","logo":{"@type":"ImageObject","inLanguage":"es","@id":"https:\/\/expressometro.mx\/#\/schema\/logo\/image\/","url":"https:\/\/expressometro.mx\/wp-content\/uploads\/2019\/07\/cropped-Logo-Expresso-Metropolitano-1-1.jpeg","contentUrl":"https:\/\/expressometro.mx\/wp-content\/uploads\/2019\/07\/cropped-Logo-Expresso-Metropolitano-1-1.jpeg","width":290,"height":73,"caption":"Expresso Metropolitano"},"image":{"@id":"https:\/\/expressometro.mx\/#\/schema\/logo\/image\/"}},{"@type":"Person","@id":"https:\/\/expressometro.mx\/#\/schema\/person\/efa971b4a0664db8ed5c22b1b0dd2f5d","name":"Expresso Metropolitano","image":{"@type":"ImageObject","inLanguage":"es","@id":"https:\/\/secure.gravatar.com\/avatar\/a89f802b8de18c6952f223c88d3d106e9e3679839f4e25a02f4a6cc2ae6ba3b3?s=96&d=mm&r=g","url":"https:\/\/secure.gravatar.com\/avatar\/a89f802b8de18c6952f223c88d3d106e9e3679839f4e25a02f4a6cc2ae6ba3b3?s=96&d=mm&r=g","contentUrl":"https:\/\/secure.gravatar.com\/avatar\/a89f802b8de18c6952f223c88d3d106e9e3679839f4e25a02f4a6cc2ae6ba3b3?s=96&d=mm&r=g","caption":"Expresso Metropolitano"},"url":"https:\/\/expressometro.mx\/index.php\/author\/diego\/"}]}},"amp_enabled":true,"_links":{"self":[{"href":"https:\/\/expressometro.mx\/index.php\/wp-json\/wp\/v2\/posts\/1131","targetHints":{"allow":["GET"]}}],"collection":[{"href":"https:\/\/expressometro.mx\/index.php\/wp-json\/wp\/v2\/posts"}],"about":[{"href":"https:\/\/expressometro.mx\/index.php\/wp-json\/wp\/v2\/types\/post"}],"author":[{"embeddable":true,"href":"https:\/\/expressometro.mx\/index.php\/wp-json\/wp\/v2\/users\/1"}],"replies":[{"embeddable":true,"href":"https:\/\/expressometro.mx\/index.php\/wp-json\/wp\/v2\/comments?post=1131"}],"version-history":[{"count":1,"href":"https:\/\/expressometro.mx\/index.php\/wp-json\/wp\/v2\/posts\/1131\/revisions"}],"predecessor-version":[{"id":1133,"href":"https:\/\/expressometro.mx\/index.php\/wp-json\/wp\/v2\/posts\/1131\/revisions\/1133"}],"wp:featuredmedia":[{"embeddable":true,"href":"https:\/\/expressometro.mx\/index.php\/wp-json\/wp\/v2\/media\/1132"}],"wp:attachment":[{"href":"https:\/\/expressometro.mx\/index.php\/wp-json\/wp\/v2\/media?parent=1131"}],"wp:term":[{"taxonomy":"category","embeddable":true,"href":"https:\/\/expressometro.mx\/index.php\/wp-json\/wp\/v2\/categories?post=1131"},{"taxonomy":"post_tag","embeddable":true,"href":"https:\/\/expressometro.mx\/index.php\/wp-json\/wp\/v2\/tags?post=1131"}],"curies":[{"name":"wp","href":"https:\/\/api.w.org\/{rel}","templated":true}]}}