{"id":11298,"date":"2025-04-24T15:06:19","date_gmt":"2025-04-24T21:06:19","guid":{"rendered":"https:\/\/expressometro.mx\/?p=11298"},"modified":"2025-05-08T15:20:33","modified_gmt":"2025-05-08T21:20:33","slug":"se-presento-el-laboratorio-de-innovacion-en-electromovilidad","status":"publish","type":"post","link":"https:\/\/expressometro.mx\/index.php\/2025\/04\/24\/se-presento-el-laboratorio-de-innovacion-en-electromovilidad\/","title":{"rendered":"SE PRESENT\u00d3 EL LABORATORIO DE INNOVACI\u00d3N EN ELECTROMOVILIDAD"},"content":{"rendered":"\n<p>Se potencia el desarrollo tecnol\u00f3gico y la generaci\u00f3n de conocimiento aplicado.<\/p>\n\n\n\n<p>En colaboraci\u00f3n con la empresa STELLANTIS, se present\u00f3 el Laboratorio de Innovaci\u00f3n en Electromovilidad (LIEM), un espacio estrat\u00e9gico orientado a impulsar la transformaci\u00f3n del sector automotriz a nivel nacional.<\/p>\n\n\n\n<figure class=\"wp-block-image size-full is-resized\"><img decoding=\"async\" width=\"592\" height=\"296\" src=\"https:\/\/expressometro.mx\/wp-content\/uploads\/2025\/05\/WhatsApp-Image-2025-05-08-at-3.18.28-PM.jpeg\" alt=\"\" class=\"wp-image-11301\" style=\"width:789px;height:auto\"\/><\/figure>\n","protected":false},"excerpt":{"rendered":"<p>SE PRESENT\u00d3 EL LABORATORIO DE INNOVACI\u00d3N EN ELECTROMOVILIDAD<\/p>\n","protected":false},"author":1,"featured_media":11300,"comment_status":"open","ping_status":"open","sticky":false,"template":"","format":"standard","meta":{"footnotes":""},"categories":[108,3,1,231],"tags":[313,1982,86,82],"class_list":["post-11298","post","type-post","status-publish","format-standard","has-post-thumbnail","hentry","category-educacion","category-gobierno","category-otros","category-politica","tag-carlos-eduardo-barrera-diaz","tag-edomex","tag-gem","tag-uaemex"],"yoast_head":"<!-- This site is optimized with the Yoast SEO plugin v27.4 - https:\/\/yoast.com\/product\/yoast-seo-wordpress\/ -->\n<title>SE PRESENT\u00d3 EL LABORATORIO DE INNOVACI\u00d3N EN ELECTROMOVILIDAD - Expresso Metropolitano<\/title>\n<meta name=\"robots\" content=\"index, follow, max-snippet:-1, max-image-preview:large, max-video-preview:-1\" \/>\n<link rel=\"canonical\" href=\"https:\/\/expressometro.mx\/index.php\/2025\/04\/24\/se-presento-el-laboratorio-de-innovacion-en-electromovilidad\/\" \/>\n<meta property=\"og:locale\" content=\"es_MX\" \/>\n<meta property=\"og:type\" content=\"article\" \/>\n<meta property=\"og:title\" content=\"SE PRESENT\u00d3 EL LABORATORIO DE INNOVACI\u00d3N EN ELECTROMOVILIDAD - Expresso Metropolitano\" \/>\n<meta property=\"og:description\" content=\"SE PRESENT\u00d3 EL LABORATORIO DE INNOVACI\u00d3N EN ELECTROMOVILIDAD\" \/>\n<meta property=\"og:url\" content=\"https:\/\/expressometro.mx\/index.php\/2025\/04\/24\/se-presento-el-laboratorio-de-innovacion-en-electromovilidad\/\" \/>\n<meta property=\"og:site_name\" content=\"Expresso Metropolitano\" \/>\n<meta property=\"article:published_time\" content=\"2025-04-24T21:06:19+00:00\" \/>\n<meta property=\"article:modified_time\" content=\"2025-05-08T21:20:33+00:00\" \/>\n<meta property=\"og:image\" content=\"http:\/\/expressometro.mx\/wp-content\/uploads\/2025\/05\/WhatsApp-Image-2025-05-08-at-3.18.17-PM.jpeg\" \/>\n\t<meta property=\"og:image:width\" content=\"593\" \/>\n\t<meta property=\"og:image:height\" content=\"395\" \/>\n\t<meta property=\"og:image:type\" content=\"image\/jpeg\" \/>\n<meta name=\"author\" content=\"Expresso Metropolitano\" \/>\n<meta name=\"twitter:label1\" content=\"Escrito por\" \/>\n\t<meta name=\"twitter:data1\" content=\"Expresso Metropolitano\" \/>\n\t<meta name=\"twitter:label2\" content=\"Tiempo de lectura\" \/>\n\t<meta name=\"twitter:data2\" content=\"1 minuto\" \/>\n<script type=\"application\/ld+json\" class=\"yoast-schema-graph\">{\"@context\":\"https:\\\/\\\/schema.org\",\"@graph\":[{\"@type\":\"Article\",\"@id\":\"https:\\\/\\\/expressometro.mx\\\/index.php\\\/2025\\\/04\\\/24\\\/se-presento-el-laboratorio-de-innovacion-en-electromovilidad\\\/#article\",\"isPartOf\":{\"@id\":\"https:\\\/\\\/expressometro.mx\\\/index.php\\\/2025\\\/04\\\/24\\\/se-presento-el-laboratorio-de-innovacion-en-electromovilidad\\\/\"},\"author\":{\"name\":\"Expresso Metropolitano\",\"@id\":\"https:\\\/\\\/expressometro.mx\\\/#\\\/schema\\\/person\\\/efa971b4a0664db8ed5c22b1b0dd2f5d\"},\"headline\":\"SE PRESENT\u00d3 EL LABORATORIO DE INNOVACI\u00d3N EN ELECTROMOVILIDAD\",\"datePublished\":\"2025-04-24T21:06:19+00:00\",\"dateModified\":\"2025-05-08T21:20:33+00:00\",\"mainEntityOfPage\":{\"@id\":\"https:\\\/\\\/expressometro.mx\\\/index.php\\\/2025\\\/04\\\/24\\\/se-presento-el-laboratorio-de-innovacion-en-electromovilidad\\\/\"},\"wordCount\":55,\"commentCount\":0,\"publisher\":{\"@id\":\"https:\\\/\\\/expressometro.mx\\\/#organization\"},\"image\":{\"@id\":\"https:\\\/\\\/expressometro.mx\\\/index.php\\\/2025\\\/04\\\/24\\\/se-presento-el-laboratorio-de-innovacion-en-electromovilidad\\\/#primaryimage\"},\"thumbnailUrl\":\"https:\\\/\\\/expressometro.mx\\\/wp-content\\\/uploads\\\/2025\\\/05\\\/WhatsApp-Image-2025-05-08-at-3.18.17-PM.jpeg\",\"keywords\":[\"Carlos Eduardo Barrera D\u00edaz\",\"Edomex\",\"GEM\",\"UAEMex\"],\"articleSection\":[\"Educaci\u00f3n\",\"Gobierno\",\"Otros\",\"Pol\u00edtica\"],\"inLanguage\":\"es\",\"potentialAction\":[{\"@type\":\"CommentAction\",\"name\":\"Comment\",\"target\":[\"https:\\\/\\\/expressometro.mx\\\/index.php\\\/2025\\\/04\\\/24\\\/se-presento-el-laboratorio-de-innovacion-en-electromovilidad\\\/#respond\"]}]},{\"@type\":\"WebPage\",\"@id\":\"https:\\\/\\\/expressometro.mx\\\/index.php\\\/2025\\\/04\\\/24\\\/se-presento-el-laboratorio-de-innovacion-en-electromovilidad\\\/\",\"url\":\"https:\\\/\\\/expressometro.mx\\\/index.php\\\/2025\\\/04\\\/24\\\/se-presento-el-laboratorio-de-innovacion-en-electromovilidad\\\/\",\"name\":\"SE PRESENT\u00d3 EL LABORATORIO DE INNOVACI\u00d3N EN ELECTROMOVILIDAD - Expresso Metropolitano\",\"isPartOf\":{\"@id\":\"https:\\\/\\\/expressometro.mx\\\/#website\"},\"primaryImageOfPage\":{\"@id\":\"https:\\\/\\\/expressometro.mx\\\/index.php\\\/2025\\\/04\\\/24\\\/se-presento-el-laboratorio-de-innovacion-en-electromovilidad\\\/#primaryimage\"},\"image\":{\"@id\":\"https:\\\/\\\/expressometro.mx\\\/index.php\\\/2025\\\/04\\\/24\\\/se-presento-el-laboratorio-de-innovacion-en-electromovilidad\\\/#primaryimage\"},\"thumbnailUrl\":\"https:\\\/\\\/expressometro.mx\\\/wp-content\\\/uploads\\\/2025\\\/05\\\/WhatsApp-Image-2025-05-08-at-3.18.17-PM.jpeg\",\"datePublished\":\"2025-04-24T21:06:19+00:00\",\"dateModified\":\"2025-05-08T21:20:33+00:00\",\"breadcrumb\":{\"@id\":\"https:\\\/\\\/expressometro.mx\\\/index.php\\\/2025\\\/04\\\/24\\\/se-presento-el-laboratorio-de-innovacion-en-electromovilidad\\\/#breadcrumb\"},\"inLanguage\":\"es\",\"potentialAction\":[{\"@type\":\"ReadAction\",\"target\":[\"https:\\\/\\\/expressometro.mx\\\/index.php\\\/2025\\\/04\\\/24\\\/se-presento-el-laboratorio-de-innovacion-en-electromovilidad\\\/\"]}]},{\"@type\":\"ImageObject\",\"inLanguage\":\"es\",\"@id\":\"https:\\\/\\\/expressometro.mx\\\/index.php\\\/2025\\\/04\\\/24\\\/se-presento-el-laboratorio-de-innovacion-en-electromovilidad\\\/#primaryimage\",\"url\":\"https:\\\/\\\/expressometro.mx\\\/wp-content\\\/uploads\\\/2025\\\/05\\\/WhatsApp-Image-2025-05-08-at-3.18.17-PM.jpeg\",\"contentUrl\":\"https:\\\/\\\/expressometro.mx\\\/wp-content\\\/uploads\\\/2025\\\/05\\\/WhatsApp-Image-2025-05-08-at-3.18.17-PM.jpeg\",\"width\":593,\"height\":395},{\"@type\":\"BreadcrumbList\",\"@id\":\"https:\\\/\\\/expressometro.mx\\\/index.php\\\/2025\\\/04\\\/24\\\/se-presento-el-laboratorio-de-innovacion-en-electromovilidad\\\/#breadcrumb\",\"itemListElement\":[{\"@type\":\"ListItem\",\"position\":1,\"name\":\"Inicio\",\"item\":\"https:\\\/\\\/expressometro.mx\\\/\"},{\"@type\":\"ListItem\",\"position\":2,\"name\":\"SE PRESENT\u00d3 EL LABORATORIO DE INNOVACI\u00d3N EN ELECTROMOVILIDAD\"}]},{\"@type\":\"WebSite\",\"@id\":\"https:\\\/\\\/expressometro.mx\\\/#website\",\"url\":\"https:\\\/\\\/expressometro.mx\\\/\",\"name\":\"Expresso Metropolitano\",\"description\":\"Periodismo comprometido, informaci\u00f3n, investigaci\u00f3n y an\u00e1lisis\",\"publisher\":{\"@id\":\"https:\\\/\\\/expressometro.mx\\\/#organization\"},\"potentialAction\":[{\"@type\":\"SearchAction\",\"target\":{\"@type\":\"EntryPoint\",\"urlTemplate\":\"https:\\\/\\\/expressometro.mx\\\/?s={search_term_string}\"},\"query-input\":{\"@type\":\"PropertyValueSpecification\",\"valueRequired\":true,\"valueName\":\"search_term_string\"}}],\"inLanguage\":\"es\"},{\"@type\":\"Organization\",\"@id\":\"https:\\\/\\\/expressometro.mx\\\/#organization\",\"name\":\"Expresso Metropolitano\",\"url\":\"https:\\\/\\\/expressometro.mx\\\/\",\"logo\":{\"@type\":\"ImageObject\",\"inLanguage\":\"es\",\"@id\":\"https:\\\/\\\/expressometro.mx\\\/#\\\/schema\\\/logo\\\/image\\\/\",\"url\":\"https:\\\/\\\/expressometro.mx\\\/wp-content\\\/uploads\\\/2019\\\/07\\\/cropped-Logo-Expresso-Metropolitano-1-1.jpeg\",\"contentUrl\":\"https:\\\/\\\/expressometro.mx\\\/wp-content\\\/uploads\\\/2019\\\/07\\\/cropped-Logo-Expresso-Metropolitano-1-1.jpeg\",\"width\":290,\"height\":73,\"caption\":\"Expresso Metropolitano\"},\"image\":{\"@id\":\"https:\\\/\\\/expressometro.mx\\\/#\\\/schema\\\/logo\\\/image\\\/\"}},{\"@type\":\"Person\",\"@id\":\"https:\\\/\\\/expressometro.mx\\\/#\\\/schema\\\/person\\\/efa971b4a0664db8ed5c22b1b0dd2f5d\",\"name\":\"Expresso Metropolitano\",\"image\":{\"@type\":\"ImageObject\",\"inLanguage\":\"es\",\"@id\":\"https:\\\/\\\/secure.gravatar.com\\\/avatar\\\/a89f802b8de18c6952f223c88d3d106e9e3679839f4e25a02f4a6cc2ae6ba3b3?s=96&d=mm&r=g\",\"url\":\"https:\\\/\\\/secure.gravatar.com\\\/avatar\\\/a89f802b8de18c6952f223c88d3d106e9e3679839f4e25a02f4a6cc2ae6ba3b3?s=96&d=mm&r=g\",\"contentUrl\":\"https:\\\/\\\/secure.gravatar.com\\\/avatar\\\/a89f802b8de18c6952f223c88d3d106e9e3679839f4e25a02f4a6cc2ae6ba3b3?s=96&d=mm&r=g\",\"caption\":\"Expresso Metropolitano\"},\"url\":\"https:\\\/\\\/expressometro.mx\\\/index.php\\\/author\\\/diego\\\/\"}]}<\/script>\n<!-- \/ Yoast SEO plugin. -->","yoast_head_json":{"title":"SE PRESENT\u00d3 EL LABORATORIO DE INNOVACI\u00d3N EN ELECTROMOVILIDAD - Expresso Metropolitano","robots":{"index":"index","follow":"follow","max-snippet":"max-snippet:-1","max-image-preview":"max-image-preview:large","max-video-preview":"max-video-preview:-1"},"canonical":"https:\/\/expressometro.mx\/index.php\/2025\/04\/24\/se-presento-el-laboratorio-de-innovacion-en-electromovilidad\/","og_locale":"es_MX","og_type":"article","og_title":"SE PRESENT\u00d3 EL LABORATORIO DE INNOVACI\u00d3N EN ELECTROMOVILIDAD - Expresso Metropolitano","og_description":"SE PRESENT\u00d3 EL LABORATORIO DE INNOVACI\u00d3N EN ELECTROMOVILIDAD","og_url":"https:\/\/expressometro.mx\/index.php\/2025\/04\/24\/se-presento-el-laboratorio-de-innovacion-en-electromovilidad\/","og_site_name":"Expresso Metropolitano","article_published_time":"2025-04-24T21:06:19+00:00","article_modified_time":"2025-05-08T21:20:33+00:00","og_image":[{"width":593,"height":395,"url":"http:\/\/expressometro.mx\/wp-content\/uploads\/2025\/05\/WhatsApp-Image-2025-05-08-at-3.18.17-PM.jpeg","type":"image\/jpeg"}],"author":"Expresso Metropolitano","twitter_misc":{"Escrito por":"Expresso Metropolitano","Tiempo de lectura":"1 minuto"},"schema":{"@context":"https:\/\/schema.org","@graph":[{"@type":"Article","@id":"https:\/\/expressometro.mx\/index.php\/2025\/04\/24\/se-presento-el-laboratorio-de-innovacion-en-electromovilidad\/#article","isPartOf":{"@id":"https:\/\/expressometro.mx\/index.php\/2025\/04\/24\/se-presento-el-laboratorio-de-innovacion-en-electromovilidad\/"},"author":{"name":"Expresso Metropolitano","@id":"https:\/\/expressometro.mx\/#\/schema\/person\/efa971b4a0664db8ed5c22b1b0dd2f5d"},"headline":"SE PRESENT\u00d3 EL LABORATORIO DE INNOVACI\u00d3N EN ELECTROMOVILIDAD","datePublished":"2025-04-24T21:06:19+00:00","dateModified":"2025-05-08T21:20:33+00:00","mainEntityOfPage":{"@id":"https:\/\/expressometro.mx\/index.php\/2025\/04\/24\/se-presento-el-laboratorio-de-innovacion-en-electromovilidad\/"},"wordCount":55,"commentCount":0,"publisher":{"@id":"https:\/\/expressometro.mx\/#organization"},"image":{"@id":"https:\/\/expressometro.mx\/index.php\/2025\/04\/24\/se-presento-el-laboratorio-de-innovacion-en-electromovilidad\/#primaryimage"},"thumbnailUrl":"https:\/\/expressometro.mx\/wp-content\/uploads\/2025\/05\/WhatsApp-Image-2025-05-08-at-3.18.17-PM.jpeg","keywords":["Carlos Eduardo Barrera D\u00edaz","Edomex","GEM","UAEMex"],"articleSection":["Educaci\u00f3n","Gobierno","Otros","Pol\u00edtica"],"inLanguage":"es","potentialAction":[{"@type":"CommentAction","name":"Comment","target":["https:\/\/expressometro.mx\/index.php\/2025\/04\/24\/se-presento-el-laboratorio-de-innovacion-en-electromovilidad\/#respond"]}]},{"@type":"WebPage","@id":"https:\/\/expressometro.mx\/index.php\/2025\/04\/24\/se-presento-el-laboratorio-de-innovacion-en-electromovilidad\/","url":"https:\/\/expressometro.mx\/index.php\/2025\/04\/24\/se-presento-el-laboratorio-de-innovacion-en-electromovilidad\/","name":"SE PRESENT\u00d3 EL LABORATORIO DE INNOVACI\u00d3N EN ELECTROMOVILIDAD - Expresso Metropolitano","isPartOf":{"@id":"https:\/\/expressometro.mx\/#website"},"primaryImageOfPage":{"@id":"https:\/\/expressometro.mx\/index.php\/2025\/04\/24\/se-presento-el-laboratorio-de-innovacion-en-electromovilidad\/#primaryimage"},"image":{"@id":"https:\/\/expressometro.mx\/index.php\/2025\/04\/24\/se-presento-el-laboratorio-de-innovacion-en-electromovilidad\/#primaryimage"},"thumbnailUrl":"https:\/\/expressometro.mx\/wp-content\/uploads\/2025\/05\/WhatsApp-Image-2025-05-08-at-3.18.17-PM.jpeg","datePublished":"2025-04-24T21:06:19+00:00","dateModified":"2025-05-08T21:20:33+00:00","breadcrumb":{"@id":"https:\/\/expressometro.mx\/index.php\/2025\/04\/24\/se-presento-el-laboratorio-de-innovacion-en-electromovilidad\/#breadcrumb"},"inLanguage":"es","potentialAction":[{"@type":"ReadAction","target":["https:\/\/expressometro.mx\/index.php\/2025\/04\/24\/se-presento-el-laboratorio-de-innovacion-en-electromovilidad\/"]}]},{"@type":"ImageObject","inLanguage":"es","@id":"https:\/\/expressometro.mx\/index.php\/2025\/04\/24\/se-presento-el-laboratorio-de-innovacion-en-electromovilidad\/#primaryimage","url":"https:\/\/expressometro.mx\/wp-content\/uploads\/2025\/05\/WhatsApp-Image-2025-05-08-at-3.18.17-PM.jpeg","contentUrl":"https:\/\/expressometro.mx\/wp-content\/uploads\/2025\/05\/WhatsApp-Image-2025-05-08-at-3.18.17-PM.jpeg","width":593,"height":395},{"@type":"BreadcrumbList","@id":"https:\/\/expressometro.mx\/index.php\/2025\/04\/24\/se-presento-el-laboratorio-de-innovacion-en-electromovilidad\/#breadcrumb","itemListElement":[{"@type":"ListItem","position":1,"name":"Inicio","item":"https:\/\/expressometro.mx\/"},{"@type":"ListItem","position":2,"name":"SE PRESENT\u00d3 EL LABORATORIO DE INNOVACI\u00d3N EN ELECTROMOVILIDAD"}]},{"@type":"WebSite","@id":"https:\/\/expressometro.mx\/#website","url":"https:\/\/expressometro.mx\/","name":"Expresso Metropolitano","description":"Periodismo comprometido, informaci\u00f3n, investigaci\u00f3n y an\u00e1lisis","publisher":{"@id":"https:\/\/expressometro.mx\/#organization"},"potentialAction":[{"@type":"SearchAction","target":{"@type":"EntryPoint","urlTemplate":"https:\/\/expressometro.mx\/?s={search_term_string}"},"query-input":{"@type":"PropertyValueSpecification","valueRequired":true,"valueName":"search_term_string"}}],"inLanguage":"es"},{"@type":"Organization","@id":"https:\/\/expressometro.mx\/#organization","name":"Expresso Metropolitano","url":"https:\/\/expressometro.mx\/","logo":{"@type":"ImageObject","inLanguage":"es","@id":"https:\/\/expressometro.mx\/#\/schema\/logo\/image\/","url":"https:\/\/expressometro.mx\/wp-content\/uploads\/2019\/07\/cropped-Logo-Expresso-Metropolitano-1-1.jpeg","contentUrl":"https:\/\/expressometro.mx\/wp-content\/uploads\/2019\/07\/cropped-Logo-Expresso-Metropolitano-1-1.jpeg","width":290,"height":73,"caption":"Expresso Metropolitano"},"image":{"@id":"https:\/\/expressometro.mx\/#\/schema\/logo\/image\/"}},{"@type":"Person","@id":"https:\/\/expressometro.mx\/#\/schema\/person\/efa971b4a0664db8ed5c22b1b0dd2f5d","name":"Expresso Metropolitano","image":{"@type":"ImageObject","inLanguage":"es","@id":"https:\/\/secure.gravatar.com\/avatar\/a89f802b8de18c6952f223c88d3d106e9e3679839f4e25a02f4a6cc2ae6ba3b3?s=96&d=mm&r=g","url":"https:\/\/secure.gravatar.com\/avatar\/a89f802b8de18c6952f223c88d3d106e9e3679839f4e25a02f4a6cc2ae6ba3b3?s=96&d=mm&r=g","contentUrl":"https:\/\/secure.gravatar.com\/avatar\/a89f802b8de18c6952f223c88d3d106e9e3679839f4e25a02f4a6cc2ae6ba3b3?s=96&d=mm&r=g","caption":"Expresso Metropolitano"},"url":"https:\/\/expressometro.mx\/index.php\/author\/diego\/"}]}},"amp_enabled":true,"_links":{"self":[{"href":"https:\/\/expressometro.mx\/index.php\/wp-json\/wp\/v2\/posts\/11298","targetHints":{"allow":["GET"]}}],"collection":[{"href":"https:\/\/expressometro.mx\/index.php\/wp-json\/wp\/v2\/posts"}],"about":[{"href":"https:\/\/expressometro.mx\/index.php\/wp-json\/wp\/v2\/types\/post"}],"author":[{"embeddable":true,"href":"https:\/\/expressometro.mx\/index.php\/wp-json\/wp\/v2\/users\/1"}],"replies":[{"embeddable":true,"href":"https:\/\/expressometro.mx\/index.php\/wp-json\/wp\/v2\/comments?post=11298"}],"version-history":[{"count":1,"href":"https:\/\/expressometro.mx\/index.php\/wp-json\/wp\/v2\/posts\/11298\/revisions"}],"predecessor-version":[{"id":11302,"href":"https:\/\/expressometro.mx\/index.php\/wp-json\/wp\/v2\/posts\/11298\/revisions\/11302"}],"wp:featuredmedia":[{"embeddable":true,"href":"https:\/\/expressometro.mx\/index.php\/wp-json\/wp\/v2\/media\/11300"}],"wp:attachment":[{"href":"https:\/\/expressometro.mx\/index.php\/wp-json\/wp\/v2\/media?parent=11298"}],"wp:term":[{"taxonomy":"category","embeddable":true,"href":"https:\/\/expressometro.mx\/index.php\/wp-json\/wp\/v2\/categories?post=11298"},{"taxonomy":"post_tag","embeddable":true,"href":"https:\/\/expressometro.mx\/index.php\/wp-json\/wp\/v2\/tags?post=11298"}],"curies":[{"name":"wp","href":"https:\/\/api.w.org\/{rel}","templated":true}]}}