{"id":1128,"date":"2020-01-13T13:05:43","date_gmt":"2020-01-13T19:05:43","guid":{"rendered":"http:\/\/expressometro.mx\/?p=1128"},"modified":"2020-01-15T13:06:33","modified_gmt":"2020-01-15T19:06:33","slug":"publican-en-gaceta-del-edomex-nuevo-plan-estatal-de-desarrollo-urbano","status":"publish","type":"post","link":"https:\/\/expressometro.mx\/index.php\/2020\/01\/13\/publican-en-gaceta-del-edomex-nuevo-plan-estatal-de-desarrollo-urbano\/","title":{"rendered":"PUBLICAN EN GACETA DEL EDOM\u00c9X NUEVO PLAN ESTATAL DE DESARROLLO URBANO"},"content":{"rendered":"\n<p>Para lograr mejores ciudades y un \u00f3ptimo ordenamiento territorial en la entidad, el Gobierno del Estado de M\u00e9xico public\u00f3 en el Peri\u00f3dico Oficial \u201cGaceta del Gobierno\u201d, el Nuevo Plan Estatal de Desarrollo Urbano, el cual, actualiza al del a\u00f1o 2008 y atiende las actuales oportunidades, as\u00ed como retos.<\/p>\n\n\n\n<p>El Nuevo Plan fue publicado el 23 de diciembre de 2019 y est\u00e1 alineado con los Objetivos de Desarrollo Sostenible de la Agenda 2030, as\u00ed como con la Nueva Agenda Urbana de las Naciones Unidas.<\/p>\n\n\n\n<p>Adem\u00e1s, es resultado del trabajo coordinado con las diversas Secretar\u00edas del Gobierno mexiquense, as\u00ed como con especialistas, acad\u00e9micos y la ciudadan\u00eda en general, para ello, se realizaron cuatro Audiencias P\u00fablicas en Valle de Bravo, Huixquilucan, Texcoco y Toluca.<\/p>\n\n\n\n<p>El Plan Estatal de Desarrollo Urbano es el instrumento fundamental que establece las directrices para alcanzar los objetivos previstos de ordenamiento territorial de los asentamientos humanos en el estado y de crecimiento, conservaci\u00f3n y mejoramiento de los centros de poblaci\u00f3n de la entidad.<\/p>\n\n\n\n<p>Lo anterior con la finalidad de lograr una distribuci\u00f3n equilibrada y sustentable de las actividades econ\u00f3micas, orientando las inversiones y acciones de los sectores p\u00fablico, social y privado, con el objetivo de lograr un desarrollo m\u00e1s justo en t\u00e9rminos sociales, m\u00e1s competitivo en t\u00e9rminos econ\u00f3micos y m\u00e1s equilibrado en t\u00e9rminos territoriales.<\/p>\n\n\n\n<p>Por primera vez, el Plan de Desarrollo del Estado de M\u00e9xico 2017-2023 contempl\u00f3 dentro de sus cuatro pilares de acci\u00f3n al Territorial, con el objetivo de generar un ordenamiento territorial sustentable y un desarrollo urbano enfocado en la accesibilidad, por lo que result\u00f3 necesario implementar un sistema de planeaci\u00f3n apegado a la Nueva Agenda Urbana.<\/p>\n\n\n\n<p>El 28 de noviembre de 2016 se public\u00f3 en el Diario Oficial de la Federaci\u00f3n, la Ley General de Asentamientos Humanos, Ordenamiento Territorial y Desarrollo Urbano, que representa la s\u00edntesis regulatoria del fen\u00f3meno urbano a nivel nacional y constituye el referente obligado para la actualizaci\u00f3n de la normatividad en la materia en el Estado de M\u00e9xico.<\/p>\n\n\n\n<p>En tanto, el 10 de enero de 2018, publicaron en el Peri\u00f3dico Oficial &#8220;Gaceta del Gobierno&#8221;, el Decreto N\u00famero 273, mediante el cual se reforman diversos art\u00edculos del Libro Quinto del C\u00f3digo Administrativo del Estado de M\u00e9xico.<\/p>\n\n\n\n<p>En este contexto, y derivado de que el instrumento del a\u00f1o 2008 se encontraba desfasado y fuera de los paradigmas actuales de la planeaci\u00f3n, se cre\u00f3 el Nuevo Plan Estatal de Desarrollo Urbano, mismo que los mexiquenses pueden consultar en&nbsp;<a href=\"http:\/\/legislacion.edomex.gob.mx\/sites\/legislacion.edomex.gob.mx\/files\/files\/pdf\/gct\/2019\/dic232.pdf?fbclid=IwAR1SCW1TrmFggI6-Gkod2bgg_hkKyf7IQQRUG6YtOdmpQcgXScKCllr57fg\">http:\/\/legislacion.edomex.gob.mx\/sites\/legislacion.edomex.gob.mx\/files\/files\/pdf\/gct\/2019\/dic232.pdf?fbclid=IwAR1SCW1TrmFggI6-Gkod2bgg_hkKyf7IQQRUG6YtOdmpQcgXScKCllr57fg<\/a>.&nbsp;<\/p>\n","protected":false},"excerpt":{"rendered":"<p>Para lograr mejores ciudades y un \u00f3ptimo ordenamiento territorial en la entidad, el Gobierno del Estado de M\u00e9xico public\u00f3 en el Peri\u00f3dico Oficial \u201cGaceta del Gobierno\u201d, el Nuevo Plan Estatal de Desarrollo Urbano, el cual, actualiza al del a\u00f1o 2008 y atiende las actuales oportunidades, as\u00ed como retos. El Nuevo Plan fue publicado el 23 de diciembre de 2019 y est\u00e1 alineado con los Objetivos de Desarrollo Sostenible de la Agenda 2030, as\u00ed como con la Nueva Agenda Urbana de las Naciones Unidas. Adem\u00e1s, es resultado del trabajo coordinado con&hellip;<\/p>\n","protected":false},"author":1,"featured_media":1129,"comment_status":"open","ping_status":"open","sticky":false,"template":"","format":"standard","meta":{"footnotes":""},"categories":[3,8],"tags":[],"class_list":["post-1128","post","type-post","status-publish","format-standard","has-post-thumbnail","hentry","category-gobierno","category-medio-ambiente"],"yoast_head":"<!-- This site is optimized with the Yoast SEO plugin v27.5 - https:\/\/yoast.com\/product\/yoast-seo-wordpress\/ -->\n<title>PUBLICAN EN GACETA DEL EDOM\u00c9X NUEVO PLAN ESTATAL DE DESARROLLO URBANO - Expresso Metropolitano<\/title>\n<meta name=\"robots\" content=\"index, follow, max-snippet:-1, max-image-preview:large, max-video-preview:-1\" \/>\n<link rel=\"canonical\" href=\"https:\/\/expressometro.mx\/index.php\/2020\/01\/13\/publican-en-gaceta-del-edomex-nuevo-plan-estatal-de-desarrollo-urbano\/\" \/>\n<meta property=\"og:locale\" content=\"es_MX\" \/>\n<meta property=\"og:type\" content=\"article\" \/>\n<meta property=\"og:title\" content=\"PUBLICAN EN GACETA DEL EDOM\u00c9X NUEVO PLAN ESTATAL DE DESARROLLO URBANO - Expresso Metropolitano\" \/>\n<meta property=\"og:description\" content=\"Para lograr mejores ciudades y un \u00f3ptimo ordenamiento territorial en la entidad, el Gobierno del Estado de M\u00e9xico public\u00f3 en el Peri\u00f3dico Oficial \u201cGaceta del Gobierno\u201d, el Nuevo Plan Estatal de Desarrollo Urbano, el cual, actualiza al del a\u00f1o 2008 y atiende las actuales oportunidades, as\u00ed como retos. El Nuevo Plan fue publicado el 23 de diciembre de 2019 y est\u00e1 alineado con los Objetivos de Desarrollo Sostenible de la Agenda 2030, as\u00ed como con la Nueva Agenda Urbana de las Naciones Unidas. Adem\u00e1s, es resultado del trabajo coordinado con&hellip;\" \/>\n<meta property=\"og:url\" content=\"https:\/\/expressometro.mx\/index.php\/2020\/01\/13\/publican-en-gaceta-del-edomex-nuevo-plan-estatal-de-desarrollo-urbano\/\" \/>\n<meta property=\"og:site_name\" content=\"Expresso Metropolitano\" \/>\n<meta property=\"article:published_time\" content=\"2020-01-13T19:05:43+00:00\" \/>\n<meta property=\"article:modified_time\" content=\"2020-01-15T19:06:33+00:00\" \/>\n<meta property=\"og:image\" content=\"https:\/\/expressometro.mx\/wp-content\/uploads\/2020\/01\/w2_11637_2.jpg\" \/>\n\t<meta property=\"og:image:width\" content=\"2000\" \/>\n\t<meta property=\"og:image:height\" content=\"1333\" \/>\n\t<meta property=\"og:image:type\" content=\"image\/jpeg\" \/>\n<meta name=\"author\" content=\"Expresso Metropolitano\" \/>\n<meta name=\"twitter:label1\" content=\"Escrito por\" \/>\n\t<meta name=\"twitter:data1\" content=\"Expresso Metropolitano\" \/>\n\t<meta name=\"twitter:label2\" content=\"Tiempo de lectura\" \/>\n\t<meta name=\"twitter:data2\" content=\"2 minutos\" \/>\n<script type=\"application\/ld+json\" class=\"yoast-schema-graph\">{\"@context\":\"https:\\\/\\\/schema.org\",\"@graph\":[{\"@type\":\"Article\",\"@id\":\"https:\\\/\\\/expressometro.mx\\\/index.php\\\/2020\\\/01\\\/13\\\/publican-en-gaceta-del-edomex-nuevo-plan-estatal-de-desarrollo-urbano\\\/#article\",\"isPartOf\":{\"@id\":\"https:\\\/\\\/expressometro.mx\\\/index.php\\\/2020\\\/01\\\/13\\\/publican-en-gaceta-del-edomex-nuevo-plan-estatal-de-desarrollo-urbano\\\/\"},\"author\":{\"name\":\"Expresso Metropolitano\",\"@id\":\"https:\\\/\\\/expressometro.mx\\\/#\\\/schema\\\/person\\\/efa971b4a0664db8ed5c22b1b0dd2f5d\"},\"headline\":\"PUBLICAN EN GACETA DEL EDOM\u00c9X NUEVO PLAN ESTATAL DE DESARROLLO URBANO\",\"datePublished\":\"2020-01-13T19:05:43+00:00\",\"dateModified\":\"2020-01-15T19:06:33+00:00\",\"mainEntityOfPage\":{\"@id\":\"https:\\\/\\\/expressometro.mx\\\/index.php\\\/2020\\\/01\\\/13\\\/publican-en-gaceta-del-edomex-nuevo-plan-estatal-de-desarrollo-urbano\\\/\"},\"wordCount\":468,\"commentCount\":0,\"publisher\":{\"@id\":\"https:\\\/\\\/expressometro.mx\\\/#organization\"},\"image\":{\"@id\":\"https:\\\/\\\/expressometro.mx\\\/index.php\\\/2020\\\/01\\\/13\\\/publican-en-gaceta-del-edomex-nuevo-plan-estatal-de-desarrollo-urbano\\\/#primaryimage\"},\"thumbnailUrl\":\"https:\\\/\\\/expressometro.mx\\\/wp-content\\\/uploads\\\/2020\\\/01\\\/w2_11637_2.jpg\",\"articleSection\":[\"Gobierno\",\"Medio ambiente\"],\"inLanguage\":\"es\",\"potentialAction\":[{\"@type\":\"CommentAction\",\"name\":\"Comment\",\"target\":[\"https:\\\/\\\/expressometro.mx\\\/index.php\\\/2020\\\/01\\\/13\\\/publican-en-gaceta-del-edomex-nuevo-plan-estatal-de-desarrollo-urbano\\\/#respond\"]}]},{\"@type\":\"WebPage\",\"@id\":\"https:\\\/\\\/expressometro.mx\\\/index.php\\\/2020\\\/01\\\/13\\\/publican-en-gaceta-del-edomex-nuevo-plan-estatal-de-desarrollo-urbano\\\/\",\"url\":\"https:\\\/\\\/expressometro.mx\\\/index.php\\\/2020\\\/01\\\/13\\\/publican-en-gaceta-del-edomex-nuevo-plan-estatal-de-desarrollo-urbano\\\/\",\"name\":\"PUBLICAN EN GACETA DEL EDOM\u00c9X NUEVO PLAN ESTATAL DE DESARROLLO URBANO - Expresso Metropolitano\",\"isPartOf\":{\"@id\":\"https:\\\/\\\/expressometro.mx\\\/#website\"},\"primaryImageOfPage\":{\"@id\":\"https:\\\/\\\/expressometro.mx\\\/index.php\\\/2020\\\/01\\\/13\\\/publican-en-gaceta-del-edomex-nuevo-plan-estatal-de-desarrollo-urbano\\\/#primaryimage\"},\"image\":{\"@id\":\"https:\\\/\\\/expressometro.mx\\\/index.php\\\/2020\\\/01\\\/13\\\/publican-en-gaceta-del-edomex-nuevo-plan-estatal-de-desarrollo-urbano\\\/#primaryimage\"},\"thumbnailUrl\":\"https:\\\/\\\/expressometro.mx\\\/wp-content\\\/uploads\\\/2020\\\/01\\\/w2_11637_2.jpg\",\"datePublished\":\"2020-01-13T19:05:43+00:00\",\"dateModified\":\"2020-01-15T19:06:33+00:00\",\"breadcrumb\":{\"@id\":\"https:\\\/\\\/expressometro.mx\\\/index.php\\\/2020\\\/01\\\/13\\\/publican-en-gaceta-del-edomex-nuevo-plan-estatal-de-desarrollo-urbano\\\/#breadcrumb\"},\"inLanguage\":\"es\",\"potentialAction\":[{\"@type\":\"ReadAction\",\"target\":[\"https:\\\/\\\/expressometro.mx\\\/index.php\\\/2020\\\/01\\\/13\\\/publican-en-gaceta-del-edomex-nuevo-plan-estatal-de-desarrollo-urbano\\\/\"]}]},{\"@type\":\"ImageObject\",\"inLanguage\":\"es\",\"@id\":\"https:\\\/\\\/expressometro.mx\\\/index.php\\\/2020\\\/01\\\/13\\\/publican-en-gaceta-del-edomex-nuevo-plan-estatal-de-desarrollo-urbano\\\/#primaryimage\",\"url\":\"https:\\\/\\\/expressometro.mx\\\/wp-content\\\/uploads\\\/2020\\\/01\\\/w2_11637_2.jpg\",\"contentUrl\":\"https:\\\/\\\/expressometro.mx\\\/wp-content\\\/uploads\\\/2020\\\/01\\\/w2_11637_2.jpg\",\"width\":2000,\"height\":1333},{\"@type\":\"BreadcrumbList\",\"@id\":\"https:\\\/\\\/expressometro.mx\\\/index.php\\\/2020\\\/01\\\/13\\\/publican-en-gaceta-del-edomex-nuevo-plan-estatal-de-desarrollo-urbano\\\/#breadcrumb\",\"itemListElement\":[{\"@type\":\"ListItem\",\"position\":1,\"name\":\"Inicio\",\"item\":\"https:\\\/\\\/expressometro.mx\\\/\"},{\"@type\":\"ListItem\",\"position\":2,\"name\":\"PUBLICAN EN GACETA DEL EDOM\u00c9X NUEVO PLAN ESTATAL DE DESARROLLO URBANO\"}]},{\"@type\":\"WebSite\",\"@id\":\"https:\\\/\\\/expressometro.mx\\\/#website\",\"url\":\"https:\\\/\\\/expressometro.mx\\\/\",\"name\":\"Expresso Metropolitano\",\"description\":\"Periodismo comprometido, informaci\u00f3n, investigaci\u00f3n y an\u00e1lisis\",\"publisher\":{\"@id\":\"https:\\\/\\\/expressometro.mx\\\/#organization\"},\"potentialAction\":[{\"@type\":\"SearchAction\",\"target\":{\"@type\":\"EntryPoint\",\"urlTemplate\":\"https:\\\/\\\/expressometro.mx\\\/?s={search_term_string}\"},\"query-input\":{\"@type\":\"PropertyValueSpecification\",\"valueRequired\":true,\"valueName\":\"search_term_string\"}}],\"inLanguage\":\"es\"},{\"@type\":\"Organization\",\"@id\":\"https:\\\/\\\/expressometro.mx\\\/#organization\",\"name\":\"Expresso Metropolitano\",\"url\":\"https:\\\/\\\/expressometro.mx\\\/\",\"logo\":{\"@type\":\"ImageObject\",\"inLanguage\":\"es\",\"@id\":\"https:\\\/\\\/expressometro.mx\\\/#\\\/schema\\\/logo\\\/image\\\/\",\"url\":\"https:\\\/\\\/expressometro.mx\\\/wp-content\\\/uploads\\\/2019\\\/07\\\/cropped-Logo-Expresso-Metropolitano-1-1.jpeg\",\"contentUrl\":\"https:\\\/\\\/expressometro.mx\\\/wp-content\\\/uploads\\\/2019\\\/07\\\/cropped-Logo-Expresso-Metropolitano-1-1.jpeg\",\"width\":290,\"height\":73,\"caption\":\"Expresso Metropolitano\"},\"image\":{\"@id\":\"https:\\\/\\\/expressometro.mx\\\/#\\\/schema\\\/logo\\\/image\\\/\"}},{\"@type\":\"Person\",\"@id\":\"https:\\\/\\\/expressometro.mx\\\/#\\\/schema\\\/person\\\/efa971b4a0664db8ed5c22b1b0dd2f5d\",\"name\":\"Expresso Metropolitano\",\"image\":{\"@type\":\"ImageObject\",\"inLanguage\":\"es\",\"@id\":\"https:\\\/\\\/secure.gravatar.com\\\/avatar\\\/a89f802b8de18c6952f223c88d3d106e9e3679839f4e25a02f4a6cc2ae6ba3b3?s=96&d=mm&r=g\",\"url\":\"https:\\\/\\\/secure.gravatar.com\\\/avatar\\\/a89f802b8de18c6952f223c88d3d106e9e3679839f4e25a02f4a6cc2ae6ba3b3?s=96&d=mm&r=g\",\"contentUrl\":\"https:\\\/\\\/secure.gravatar.com\\\/avatar\\\/a89f802b8de18c6952f223c88d3d106e9e3679839f4e25a02f4a6cc2ae6ba3b3?s=96&d=mm&r=g\",\"caption\":\"Expresso Metropolitano\"},\"url\":\"https:\\\/\\\/expressometro.mx\\\/index.php\\\/author\\\/diego\\\/\"}]}<\/script>\n<!-- \/ Yoast SEO plugin. -->","yoast_head_json":{"title":"PUBLICAN EN GACETA DEL EDOM\u00c9X NUEVO PLAN ESTATAL DE DESARROLLO URBANO - Expresso Metropolitano","robots":{"index":"index","follow":"follow","max-snippet":"max-snippet:-1","max-image-preview":"max-image-preview:large","max-video-preview":"max-video-preview:-1"},"canonical":"https:\/\/expressometro.mx\/index.php\/2020\/01\/13\/publican-en-gaceta-del-edomex-nuevo-plan-estatal-de-desarrollo-urbano\/","og_locale":"es_MX","og_type":"article","og_title":"PUBLICAN EN GACETA DEL EDOM\u00c9X NUEVO PLAN ESTATAL DE DESARROLLO URBANO - Expresso Metropolitano","og_description":"Para lograr mejores ciudades y un \u00f3ptimo ordenamiento territorial en la entidad, el Gobierno del Estado de M\u00e9xico public\u00f3 en el Peri\u00f3dico Oficial \u201cGaceta del Gobierno\u201d, el Nuevo Plan Estatal de Desarrollo Urbano, el cual, actualiza al del a\u00f1o 2008 y atiende las actuales oportunidades, as\u00ed como retos. El Nuevo Plan fue publicado el 23 de diciembre de 2019 y est\u00e1 alineado con los Objetivos de Desarrollo Sostenible de la Agenda 2030, as\u00ed como con la Nueva Agenda Urbana de las Naciones Unidas. Adem\u00e1s, es resultado del trabajo coordinado con&hellip;","og_url":"https:\/\/expressometro.mx\/index.php\/2020\/01\/13\/publican-en-gaceta-del-edomex-nuevo-plan-estatal-de-desarrollo-urbano\/","og_site_name":"Expresso Metropolitano","article_published_time":"2020-01-13T19:05:43+00:00","article_modified_time":"2020-01-15T19:06:33+00:00","og_image":[{"width":2000,"height":1333,"url":"https:\/\/expressometro.mx\/wp-content\/uploads\/2020\/01\/w2_11637_2.jpg","type":"image\/jpeg"}],"author":"Expresso Metropolitano","twitter_misc":{"Escrito por":"Expresso Metropolitano","Tiempo de lectura":"2 minutos"},"schema":{"@context":"https:\/\/schema.org","@graph":[{"@type":"Article","@id":"https:\/\/expressometro.mx\/index.php\/2020\/01\/13\/publican-en-gaceta-del-edomex-nuevo-plan-estatal-de-desarrollo-urbano\/#article","isPartOf":{"@id":"https:\/\/expressometro.mx\/index.php\/2020\/01\/13\/publican-en-gaceta-del-edomex-nuevo-plan-estatal-de-desarrollo-urbano\/"},"author":{"name":"Expresso Metropolitano","@id":"https:\/\/expressometro.mx\/#\/schema\/person\/efa971b4a0664db8ed5c22b1b0dd2f5d"},"headline":"PUBLICAN EN GACETA DEL EDOM\u00c9X NUEVO PLAN ESTATAL DE DESARROLLO URBANO","datePublished":"2020-01-13T19:05:43+00:00","dateModified":"2020-01-15T19:06:33+00:00","mainEntityOfPage":{"@id":"https:\/\/expressometro.mx\/index.php\/2020\/01\/13\/publican-en-gaceta-del-edomex-nuevo-plan-estatal-de-desarrollo-urbano\/"},"wordCount":468,"commentCount":0,"publisher":{"@id":"https:\/\/expressometro.mx\/#organization"},"image":{"@id":"https:\/\/expressometro.mx\/index.php\/2020\/01\/13\/publican-en-gaceta-del-edomex-nuevo-plan-estatal-de-desarrollo-urbano\/#primaryimage"},"thumbnailUrl":"https:\/\/expressometro.mx\/wp-content\/uploads\/2020\/01\/w2_11637_2.jpg","articleSection":["Gobierno","Medio ambiente"],"inLanguage":"es","potentialAction":[{"@type":"CommentAction","name":"Comment","target":["https:\/\/expressometro.mx\/index.php\/2020\/01\/13\/publican-en-gaceta-del-edomex-nuevo-plan-estatal-de-desarrollo-urbano\/#respond"]}]},{"@type":"WebPage","@id":"https:\/\/expressometro.mx\/index.php\/2020\/01\/13\/publican-en-gaceta-del-edomex-nuevo-plan-estatal-de-desarrollo-urbano\/","url":"https:\/\/expressometro.mx\/index.php\/2020\/01\/13\/publican-en-gaceta-del-edomex-nuevo-plan-estatal-de-desarrollo-urbano\/","name":"PUBLICAN EN GACETA DEL EDOM\u00c9X NUEVO PLAN ESTATAL DE DESARROLLO URBANO - Expresso Metropolitano","isPartOf":{"@id":"https:\/\/expressometro.mx\/#website"},"primaryImageOfPage":{"@id":"https:\/\/expressometro.mx\/index.php\/2020\/01\/13\/publican-en-gaceta-del-edomex-nuevo-plan-estatal-de-desarrollo-urbano\/#primaryimage"},"image":{"@id":"https:\/\/expressometro.mx\/index.php\/2020\/01\/13\/publican-en-gaceta-del-edomex-nuevo-plan-estatal-de-desarrollo-urbano\/#primaryimage"},"thumbnailUrl":"https:\/\/expressometro.mx\/wp-content\/uploads\/2020\/01\/w2_11637_2.jpg","datePublished":"2020-01-13T19:05:43+00:00","dateModified":"2020-01-15T19:06:33+00:00","breadcrumb":{"@id":"https:\/\/expressometro.mx\/index.php\/2020\/01\/13\/publican-en-gaceta-del-edomex-nuevo-plan-estatal-de-desarrollo-urbano\/#breadcrumb"},"inLanguage":"es","potentialAction":[{"@type":"ReadAction","target":["https:\/\/expressometro.mx\/index.php\/2020\/01\/13\/publican-en-gaceta-del-edomex-nuevo-plan-estatal-de-desarrollo-urbano\/"]}]},{"@type":"ImageObject","inLanguage":"es","@id":"https:\/\/expressometro.mx\/index.php\/2020\/01\/13\/publican-en-gaceta-del-edomex-nuevo-plan-estatal-de-desarrollo-urbano\/#primaryimage","url":"https:\/\/expressometro.mx\/wp-content\/uploads\/2020\/01\/w2_11637_2.jpg","contentUrl":"https:\/\/expressometro.mx\/wp-content\/uploads\/2020\/01\/w2_11637_2.jpg","width":2000,"height":1333},{"@type":"BreadcrumbList","@id":"https:\/\/expressometro.mx\/index.php\/2020\/01\/13\/publican-en-gaceta-del-edomex-nuevo-plan-estatal-de-desarrollo-urbano\/#breadcrumb","itemListElement":[{"@type":"ListItem","position":1,"name":"Inicio","item":"https:\/\/expressometro.mx\/"},{"@type":"ListItem","position":2,"name":"PUBLICAN EN GACETA DEL EDOM\u00c9X NUEVO PLAN ESTATAL DE DESARROLLO URBANO"}]},{"@type":"WebSite","@id":"https:\/\/expressometro.mx\/#website","url":"https:\/\/expressometro.mx\/","name":"Expresso Metropolitano","description":"Periodismo comprometido, informaci\u00f3n, investigaci\u00f3n y an\u00e1lisis","publisher":{"@id":"https:\/\/expressometro.mx\/#organization"},"potentialAction":[{"@type":"SearchAction","target":{"@type":"EntryPoint","urlTemplate":"https:\/\/expressometro.mx\/?s={search_term_string}"},"query-input":{"@type":"PropertyValueSpecification","valueRequired":true,"valueName":"search_term_string"}}],"inLanguage":"es"},{"@type":"Organization","@id":"https:\/\/expressometro.mx\/#organization","name":"Expresso Metropolitano","url":"https:\/\/expressometro.mx\/","logo":{"@type":"ImageObject","inLanguage":"es","@id":"https:\/\/expressometro.mx\/#\/schema\/logo\/image\/","url":"https:\/\/expressometro.mx\/wp-content\/uploads\/2019\/07\/cropped-Logo-Expresso-Metropolitano-1-1.jpeg","contentUrl":"https:\/\/expressometro.mx\/wp-content\/uploads\/2019\/07\/cropped-Logo-Expresso-Metropolitano-1-1.jpeg","width":290,"height":73,"caption":"Expresso Metropolitano"},"image":{"@id":"https:\/\/expressometro.mx\/#\/schema\/logo\/image\/"}},{"@type":"Person","@id":"https:\/\/expressometro.mx\/#\/schema\/person\/efa971b4a0664db8ed5c22b1b0dd2f5d","name":"Expresso Metropolitano","image":{"@type":"ImageObject","inLanguage":"es","@id":"https:\/\/secure.gravatar.com\/avatar\/a89f802b8de18c6952f223c88d3d106e9e3679839f4e25a02f4a6cc2ae6ba3b3?s=96&d=mm&r=g","url":"https:\/\/secure.gravatar.com\/avatar\/a89f802b8de18c6952f223c88d3d106e9e3679839f4e25a02f4a6cc2ae6ba3b3?s=96&d=mm&r=g","contentUrl":"https:\/\/secure.gravatar.com\/avatar\/a89f802b8de18c6952f223c88d3d106e9e3679839f4e25a02f4a6cc2ae6ba3b3?s=96&d=mm&r=g","caption":"Expresso Metropolitano"},"url":"https:\/\/expressometro.mx\/index.php\/author\/diego\/"}]}},"amp_enabled":true,"_links":{"self":[{"href":"https:\/\/expressometro.mx\/index.php\/wp-json\/wp\/v2\/posts\/1128","targetHints":{"allow":["GET"]}}],"collection":[{"href":"https:\/\/expressometro.mx\/index.php\/wp-json\/wp\/v2\/posts"}],"about":[{"href":"https:\/\/expressometro.mx\/index.php\/wp-json\/wp\/v2\/types\/post"}],"author":[{"embeddable":true,"href":"https:\/\/expressometro.mx\/index.php\/wp-json\/wp\/v2\/users\/1"}],"replies":[{"embeddable":true,"href":"https:\/\/expressometro.mx\/index.php\/wp-json\/wp\/v2\/comments?post=1128"}],"version-history":[{"count":1,"href":"https:\/\/expressometro.mx\/index.php\/wp-json\/wp\/v2\/posts\/1128\/revisions"}],"predecessor-version":[{"id":1130,"href":"https:\/\/expressometro.mx\/index.php\/wp-json\/wp\/v2\/posts\/1128\/revisions\/1130"}],"wp:featuredmedia":[{"embeddable":true,"href":"https:\/\/expressometro.mx\/index.php\/wp-json\/wp\/v2\/media\/1129"}],"wp:attachment":[{"href":"https:\/\/expressometro.mx\/index.php\/wp-json\/wp\/v2\/media?parent=1128"}],"wp:term":[{"taxonomy":"category","embeddable":true,"href":"https:\/\/expressometro.mx\/index.php\/wp-json\/wp\/v2\/categories?post=1128"},{"taxonomy":"post_tag","embeddable":true,"href":"https:\/\/expressometro.mx\/index.php\/wp-json\/wp\/v2\/tags?post=1128"}],"curies":[{"name":"wp","href":"https:\/\/api.w.org\/{rel}","templated":true}]}}