{"id":1122,"date":"2020-01-13T13:03:13","date_gmt":"2020-01-13T19:03:13","guid":{"rendered":"http:\/\/expressometro.mx\/?p=1122"},"modified":"2020-01-15T13:04:14","modified_gmt":"2020-01-15T19:04:14","slug":"entrega-alfredo-del-mazo-ampliacion-de-la-universidad-politecnica-de-tecamac","status":"publish","type":"post","link":"https:\/\/expressometro.mx\/index.php\/2020\/01\/13\/entrega-alfredo-del-mazo-ampliacion-de-la-universidad-politecnica-de-tecamac\/","title":{"rendered":"ENTREGA ALFREDO DEL MAZO AMPLIACI\u00d3N DE LA UNIVERSIDAD POLIT\u00c9CNICA DE TEC\u00c1MAC"},"content":{"rendered":"\n<p>Para incrementar la oferta educativa en el nivel superior y ofrecer mayores oportunidades de desarrollo para los j\u00f3venes mexiquenses, el Gobernador Alfredo Del Mazo Maza entreg\u00f3 la ampliaci\u00f3n de la Universidad Polit\u00e9cnica de Tec\u00e1mac, y asegur\u00f3 que esta nueva infraestructura permitir\u00e1 incrementar la matr\u00edcula de este plantel a casi 3 mil estudiantes.<\/p>\n\n\n\n<p>\u201cHacemos esta entrega formal y adem\u00e1s nos da mucho gusto que gracias a este esfuerzo vamos a poder llegar a una matr\u00edcula de m\u00e1s de 2 mil 700 alumnos; inici\u00f3 con 100 en el 2008 y este a\u00f1o probablemente podemos estar llegando a 2 mil 700 alumnas y alumnos que estar\u00e1n form\u00e1ndose en esta Universidad Polit\u00e9cnica de Tec\u00e1mac.<\/p>\n\n\n\n<p>\u201cUna Universidad que cuenta ya con cinco carreras y que sigue creciendo y que hoy en d\u00eda, con el desarrollo que va a tener toda esta regi\u00f3n, va a seguir teniendo una gran demanda y vamos a seguir apostando mucho por la formaci\u00f3n de los j\u00f3venes en esta&nbsp; regi\u00f3n del Estado de M\u00e9xico&#8221;, enfatiz\u00f3.<\/p>\n\n\n\n<p>Luego del recorrido que hizo para conocer la nueva infraestructura, durante el que salud\u00f3 a estudiantes y profesores del plantel, Del Mazo Maza acentu\u00f3 la importancia de seguir impulsando a las universidades para que los j\u00f3venes est\u00e9n mejor preparados y respondan a las exigencias de las empresas que lleguen a las distintas zonas del estado, y en el caso de Tec\u00e1mac, las relacionadas con la construcci\u00f3n y futura puesta en marcha del Aeropuerto Internacional &#8220;Felipe \u00c1ngeles&#8221;.<\/p>\n\n\n\n<p>Al respecto, destac\u00f3 que en una reuni\u00f3n con el Presidente de M\u00e9xico, Andr\u00e9s Manuel L\u00f3pez Obrador, se proyect\u00f3 un incremento de hasta un mill\u00f3n de habitantes m\u00e1s en esta zona del Valle de M\u00e9xico en los pr\u00f3ximos seis u ocho a\u00f1os y consider\u00f3 que este crecimiento demogr\u00e1fico representa grandes desaf\u00edos para ofrecer servicios p\u00fablicos e infraestructura.<\/p>\n\n\n\n<p>Por ello, asegur\u00f3 que el Gobierno estatal trabaja en coordinaci\u00f3n con autoridades de los siete municipios mexiquenses que colindan con Tec\u00e1mac, as\u00ed como con Tizayuca, en Hidalgo, para dise\u00f1ar planes de desarrollo urbano que tengan como prioridad una correcta planeaci\u00f3n y orden.<\/p>\n\n\n\n<p>&#8220;Es un gran reto y una gran responsabilidad para que el crecimiento y el desarrollo que se lleve a cabo sea ordenado, y ah\u00ed estamos trabajando con el municipio de Tec\u00e1mac y con los siete municipios del Estado de M\u00e9xico que colindan o que tienen impacto en esta regi\u00f3n, m\u00e1s el municipio de Tizayuca, Hidalgo, que tambi\u00e9n tiene impacto en el desarrollo de lo que es este aeropuerto, para que los planes de desarrollo municipales est\u00e9n de manera ordenada, planeados correctamente para el crecimiento y el desarrollo que viene en esta regi\u00f3n y se requiere sea de manera ordenada&#8221;, puntualiz\u00f3.<\/p>\n\n\n\n<p>Tras develar la placa alusiva a la entrega de esta nueva infraestructura, junto con la alcaldesa de Tec\u00e1mac, Mariela Guti\u00e9rrez Escalante, el mandatario mexiquense consider\u00f3 que la construcci\u00f3n de esta terminal a\u00e9rea representa una alternativa de crecimiento econ\u00f3mico para todos los habitantes de esta zona, y consider\u00f3 indispensable que los j\u00f3venes se preparen en carreras afines para afrontar este reto y aprovechar las oportunidades ante la llegada de nuevas empresas y capitales.<\/p>\n\n\n\n<p>&#8220;Por eso la importancia de seguir impulsando universidades como esta Universidad Polit\u00e9cnica de Tec\u00e1mac, para que est\u00e9n preparados los j\u00f3venes en las oportunidades de trabajo que se van a necesitar, y para que podamos adem\u00e1s acercar las necesidades de las empresas que hay o que se van a instalar aqu\u00ed con la matr\u00edcula y con la curr\u00edcula educativa que se estar\u00e1 impartiendo en esta universidad. Por que lo m\u00e1s importante es que se preparen, pero por supuesto, que el d\u00eda de ma\u00f1ana tengan ustedes las oportunidades de trabajo&#8221;, subray\u00f3.<\/p>\n\n\n\n<p>Alejandro Fern\u00e1ndez Campillo, Secretario de Educaci\u00f3n, explic\u00f3 que el Edificio de Docencia 3, inaugurado formalmente este d\u00eda, tiene biblioteca, aulas de clases, laboratorio de c\u00f3mputo y electr\u00f3nica, gimnasio de box, cancha de futbol, as\u00ed como \u00e1reas de Psicolog\u00eda y Planeaci\u00f3n.<\/p>\n\n\n\n<p>Mencion\u00f3 que estas instalaciones incentivar\u00e1n a los alumnos inscritos y de nuevo ingreso a continuar con sus estudios, porque al contar con mejores espacios y programas innovadores, se fomenta la inclusi\u00f3n y equidad educativa, con lo que la Universidad Polit\u00e9cnica de Tec\u00e1mac posiciona al Estado de M\u00e9xico como una entidad a la vanguardia en la educaci\u00f3n superior.<\/p>\n\n\n\n<p>Sandra Edith Badillo Aguilar, estudiante de la licenciatura de Negocios Internacionales de esta Universidad, agradeci\u00f3 al Gobernador la entrega de las nuevas instalaciones a nombre de los 2 mil 100 alumnos, y afirm\u00f3 que tienen claro que las oportunidades y herramientas que les brinda la administraci\u00f3n estatal fortalece su desarrollo acad\u00e9mico, mejora la labor de los maestros y los niveles en la calidad educativa.<\/p>\n\n\n\n<ul class=\"wp-block-list\"><li><\/li><\/ul>\n","protected":false},"excerpt":{"rendered":"<p>Para incrementar la oferta educativa en el nivel superior y ofrecer mayores oportunidades de desarrollo para los j\u00f3venes mexiquenses, el Gobernador Alfredo Del Mazo Maza entreg\u00f3 la ampliaci\u00f3n de la Universidad Polit\u00e9cnica de Tec\u00e1mac, y asegur\u00f3 que esta nueva infraestructura permitir\u00e1 incrementar la matr\u00edcula de este plantel a casi 3 mil estudiantes. \u201cHacemos esta entrega formal y adem\u00e1s nos da mucho gusto que gracias a este esfuerzo vamos a poder llegar a una matr\u00edcula de m\u00e1s de 2 mil 700 alumnos; inici\u00f3 con 100 en el 2008 y este a\u00f1o&hellip;<\/p>\n","protected":false},"author":1,"featured_media":1123,"comment_status":"open","ping_status":"open","sticky":false,"template":"","format":"standard","meta":{"footnotes":""},"categories":[3,1],"tags":[],"class_list":["post-1122","post","type-post","status-publish","format-standard","has-post-thumbnail","hentry","category-gobierno","category-otros"],"yoast_head":"<!-- This site is optimized with the Yoast SEO plugin v27.5 - https:\/\/yoast.com\/product\/yoast-seo-wordpress\/ -->\n<title>ENTREGA ALFREDO DEL MAZO AMPLIACI\u00d3N DE LA UNIVERSIDAD POLIT\u00c9CNICA DE TEC\u00c1MAC - Expresso Metropolitano<\/title>\n<meta name=\"robots\" content=\"index, follow, max-snippet:-1, max-image-preview:large, max-video-preview:-1\" \/>\n<link rel=\"canonical\" href=\"https:\/\/expressometro.mx\/index.php\/2020\/01\/13\/entrega-alfredo-del-mazo-ampliacion-de-la-universidad-politecnica-de-tecamac\/\" \/>\n<meta property=\"og:locale\" content=\"es_MX\" \/>\n<meta property=\"og:type\" content=\"article\" \/>\n<meta property=\"og:title\" content=\"ENTREGA ALFREDO DEL MAZO AMPLIACI\u00d3N DE LA UNIVERSIDAD POLIT\u00c9CNICA DE TEC\u00c1MAC - Expresso Metropolitano\" \/>\n<meta property=\"og:description\" content=\"Para incrementar la oferta educativa en el nivel superior y ofrecer mayores oportunidades de desarrollo para los j\u00f3venes mexiquenses, el Gobernador Alfredo Del Mazo Maza entreg\u00f3 la ampliaci\u00f3n de la Universidad Polit\u00e9cnica de Tec\u00e1mac, y asegur\u00f3 que esta nueva infraestructura permitir\u00e1 incrementar la matr\u00edcula de este plantel a casi 3 mil estudiantes. \u201cHacemos esta entrega formal y adem\u00e1s nos da mucho gusto que gracias a este esfuerzo vamos a poder llegar a una matr\u00edcula de m\u00e1s de 2 mil 700 alumnos; inici\u00f3 con 100 en el 2008 y este a\u00f1o&hellip;\" \/>\n<meta property=\"og:url\" content=\"https:\/\/expressometro.mx\/index.php\/2020\/01\/13\/entrega-alfredo-del-mazo-ampliacion-de-la-universidad-politecnica-de-tecamac\/\" \/>\n<meta property=\"og:site_name\" content=\"Expresso Metropolitano\" \/>\n<meta property=\"article:published_time\" content=\"2020-01-13T19:03:13+00:00\" \/>\n<meta property=\"article:modified_time\" content=\"2020-01-15T19:04:14+00:00\" \/>\n<meta property=\"og:image\" content=\"https:\/\/expressometro.mx\/wp-content\/uploads\/2020\/01\/w2_11645_1.jpg\" \/>\n\t<meta property=\"og:image:width\" content=\"2000\" \/>\n\t<meta property=\"og:image:height\" content=\"1333\" \/>\n\t<meta property=\"og:image:type\" content=\"image\/jpeg\" \/>\n<meta name=\"author\" content=\"Expresso Metropolitano\" \/>\n<meta name=\"twitter:label1\" content=\"Escrito por\" \/>\n\t<meta name=\"twitter:data1\" content=\"Expresso Metropolitano\" \/>\n\t<meta name=\"twitter:label2\" content=\"Tiempo de lectura\" \/>\n\t<meta name=\"twitter:data2\" content=\"4 minutos\" \/>\n<script type=\"application\/ld+json\" class=\"yoast-schema-graph\">{\"@context\":\"https:\\\/\\\/schema.org\",\"@graph\":[{\"@type\":\"Article\",\"@id\":\"https:\\\/\\\/expressometro.mx\\\/index.php\\\/2020\\\/01\\\/13\\\/entrega-alfredo-del-mazo-ampliacion-de-la-universidad-politecnica-de-tecamac\\\/#article\",\"isPartOf\":{\"@id\":\"https:\\\/\\\/expressometro.mx\\\/index.php\\\/2020\\\/01\\\/13\\\/entrega-alfredo-del-mazo-ampliacion-de-la-universidad-politecnica-de-tecamac\\\/\"},\"author\":{\"name\":\"Expresso Metropolitano\",\"@id\":\"https:\\\/\\\/expressometro.mx\\\/#\\\/schema\\\/person\\\/efa971b4a0664db8ed5c22b1b0dd2f5d\"},\"headline\":\"ENTREGA ALFREDO DEL MAZO AMPLIACI\u00d3N DE LA UNIVERSIDAD POLIT\u00c9CNICA DE TEC\u00c1MAC\",\"datePublished\":\"2020-01-13T19:03:13+00:00\",\"dateModified\":\"2020-01-15T19:04:14+00:00\",\"mainEntityOfPage\":{\"@id\":\"https:\\\/\\\/expressometro.mx\\\/index.php\\\/2020\\\/01\\\/13\\\/entrega-alfredo-del-mazo-ampliacion-de-la-universidad-politecnica-de-tecamac\\\/\"},\"wordCount\":842,\"commentCount\":0,\"publisher\":{\"@id\":\"https:\\\/\\\/expressometro.mx\\\/#organization\"},\"image\":{\"@id\":\"https:\\\/\\\/expressometro.mx\\\/index.php\\\/2020\\\/01\\\/13\\\/entrega-alfredo-del-mazo-ampliacion-de-la-universidad-politecnica-de-tecamac\\\/#primaryimage\"},\"thumbnailUrl\":\"https:\\\/\\\/expressometro.mx\\\/wp-content\\\/uploads\\\/2020\\\/01\\\/w2_11645_1.jpg\",\"articleSection\":[\"Gobierno\",\"Otros\"],\"inLanguage\":\"es\",\"potentialAction\":[{\"@type\":\"CommentAction\",\"name\":\"Comment\",\"target\":[\"https:\\\/\\\/expressometro.mx\\\/index.php\\\/2020\\\/01\\\/13\\\/entrega-alfredo-del-mazo-ampliacion-de-la-universidad-politecnica-de-tecamac\\\/#respond\"]}]},{\"@type\":\"WebPage\",\"@id\":\"https:\\\/\\\/expressometro.mx\\\/index.php\\\/2020\\\/01\\\/13\\\/entrega-alfredo-del-mazo-ampliacion-de-la-universidad-politecnica-de-tecamac\\\/\",\"url\":\"https:\\\/\\\/expressometro.mx\\\/index.php\\\/2020\\\/01\\\/13\\\/entrega-alfredo-del-mazo-ampliacion-de-la-universidad-politecnica-de-tecamac\\\/\",\"name\":\"ENTREGA ALFREDO DEL MAZO AMPLIACI\u00d3N DE LA UNIVERSIDAD POLIT\u00c9CNICA DE TEC\u00c1MAC - Expresso Metropolitano\",\"isPartOf\":{\"@id\":\"https:\\\/\\\/expressometro.mx\\\/#website\"},\"primaryImageOfPage\":{\"@id\":\"https:\\\/\\\/expressometro.mx\\\/index.php\\\/2020\\\/01\\\/13\\\/entrega-alfredo-del-mazo-ampliacion-de-la-universidad-politecnica-de-tecamac\\\/#primaryimage\"},\"image\":{\"@id\":\"https:\\\/\\\/expressometro.mx\\\/index.php\\\/2020\\\/01\\\/13\\\/entrega-alfredo-del-mazo-ampliacion-de-la-universidad-politecnica-de-tecamac\\\/#primaryimage\"},\"thumbnailUrl\":\"https:\\\/\\\/expressometro.mx\\\/wp-content\\\/uploads\\\/2020\\\/01\\\/w2_11645_1.jpg\",\"datePublished\":\"2020-01-13T19:03:13+00:00\",\"dateModified\":\"2020-01-15T19:04:14+00:00\",\"breadcrumb\":{\"@id\":\"https:\\\/\\\/expressometro.mx\\\/index.php\\\/2020\\\/01\\\/13\\\/entrega-alfredo-del-mazo-ampliacion-de-la-universidad-politecnica-de-tecamac\\\/#breadcrumb\"},\"inLanguage\":\"es\",\"potentialAction\":[{\"@type\":\"ReadAction\",\"target\":[\"https:\\\/\\\/expressometro.mx\\\/index.php\\\/2020\\\/01\\\/13\\\/entrega-alfredo-del-mazo-ampliacion-de-la-universidad-politecnica-de-tecamac\\\/\"]}]},{\"@type\":\"ImageObject\",\"inLanguage\":\"es\",\"@id\":\"https:\\\/\\\/expressometro.mx\\\/index.php\\\/2020\\\/01\\\/13\\\/entrega-alfredo-del-mazo-ampliacion-de-la-universidad-politecnica-de-tecamac\\\/#primaryimage\",\"url\":\"https:\\\/\\\/expressometro.mx\\\/wp-content\\\/uploads\\\/2020\\\/01\\\/w2_11645_1.jpg\",\"contentUrl\":\"https:\\\/\\\/expressometro.mx\\\/wp-content\\\/uploads\\\/2020\\\/01\\\/w2_11645_1.jpg\",\"width\":2000,\"height\":1333},{\"@type\":\"BreadcrumbList\",\"@id\":\"https:\\\/\\\/expressometro.mx\\\/index.php\\\/2020\\\/01\\\/13\\\/entrega-alfredo-del-mazo-ampliacion-de-la-universidad-politecnica-de-tecamac\\\/#breadcrumb\",\"itemListElement\":[{\"@type\":\"ListItem\",\"position\":1,\"name\":\"Inicio\",\"item\":\"https:\\\/\\\/expressometro.mx\\\/\"},{\"@type\":\"ListItem\",\"position\":2,\"name\":\"ENTREGA ALFREDO DEL MAZO AMPLIACI\u00d3N DE LA UNIVERSIDAD POLIT\u00c9CNICA DE TEC\u00c1MAC\"}]},{\"@type\":\"WebSite\",\"@id\":\"https:\\\/\\\/expressometro.mx\\\/#website\",\"url\":\"https:\\\/\\\/expressometro.mx\\\/\",\"name\":\"Expresso Metropolitano\",\"description\":\"Periodismo comprometido, informaci\u00f3n, investigaci\u00f3n y an\u00e1lisis\",\"publisher\":{\"@id\":\"https:\\\/\\\/expressometro.mx\\\/#organization\"},\"potentialAction\":[{\"@type\":\"SearchAction\",\"target\":{\"@type\":\"EntryPoint\",\"urlTemplate\":\"https:\\\/\\\/expressometro.mx\\\/?s={search_term_string}\"},\"query-input\":{\"@type\":\"PropertyValueSpecification\",\"valueRequired\":true,\"valueName\":\"search_term_string\"}}],\"inLanguage\":\"es\"},{\"@type\":\"Organization\",\"@id\":\"https:\\\/\\\/expressometro.mx\\\/#organization\",\"name\":\"Expresso Metropolitano\",\"url\":\"https:\\\/\\\/expressometro.mx\\\/\",\"logo\":{\"@type\":\"ImageObject\",\"inLanguage\":\"es\",\"@id\":\"https:\\\/\\\/expressometro.mx\\\/#\\\/schema\\\/logo\\\/image\\\/\",\"url\":\"https:\\\/\\\/expressometro.mx\\\/wp-content\\\/uploads\\\/2019\\\/07\\\/cropped-Logo-Expresso-Metropolitano-1-1.jpeg\",\"contentUrl\":\"https:\\\/\\\/expressometro.mx\\\/wp-content\\\/uploads\\\/2019\\\/07\\\/cropped-Logo-Expresso-Metropolitano-1-1.jpeg\",\"width\":290,\"height\":73,\"caption\":\"Expresso Metropolitano\"},\"image\":{\"@id\":\"https:\\\/\\\/expressometro.mx\\\/#\\\/schema\\\/logo\\\/image\\\/\"}},{\"@type\":\"Person\",\"@id\":\"https:\\\/\\\/expressometro.mx\\\/#\\\/schema\\\/person\\\/efa971b4a0664db8ed5c22b1b0dd2f5d\",\"name\":\"Expresso Metropolitano\",\"image\":{\"@type\":\"ImageObject\",\"inLanguage\":\"es\",\"@id\":\"https:\\\/\\\/secure.gravatar.com\\\/avatar\\\/a89f802b8de18c6952f223c88d3d106e9e3679839f4e25a02f4a6cc2ae6ba3b3?s=96&d=mm&r=g\",\"url\":\"https:\\\/\\\/secure.gravatar.com\\\/avatar\\\/a89f802b8de18c6952f223c88d3d106e9e3679839f4e25a02f4a6cc2ae6ba3b3?s=96&d=mm&r=g\",\"contentUrl\":\"https:\\\/\\\/secure.gravatar.com\\\/avatar\\\/a89f802b8de18c6952f223c88d3d106e9e3679839f4e25a02f4a6cc2ae6ba3b3?s=96&d=mm&r=g\",\"caption\":\"Expresso Metropolitano\"},\"url\":\"https:\\\/\\\/expressometro.mx\\\/index.php\\\/author\\\/diego\\\/\"}]}<\/script>\n<!-- \/ Yoast SEO plugin. -->","yoast_head_json":{"title":"ENTREGA ALFREDO DEL MAZO AMPLIACI\u00d3N DE LA UNIVERSIDAD POLIT\u00c9CNICA DE TEC\u00c1MAC - Expresso Metropolitano","robots":{"index":"index","follow":"follow","max-snippet":"max-snippet:-1","max-image-preview":"max-image-preview:large","max-video-preview":"max-video-preview:-1"},"canonical":"https:\/\/expressometro.mx\/index.php\/2020\/01\/13\/entrega-alfredo-del-mazo-ampliacion-de-la-universidad-politecnica-de-tecamac\/","og_locale":"es_MX","og_type":"article","og_title":"ENTREGA ALFREDO DEL MAZO AMPLIACI\u00d3N DE LA UNIVERSIDAD POLIT\u00c9CNICA DE TEC\u00c1MAC - Expresso Metropolitano","og_description":"Para incrementar la oferta educativa en el nivel superior y ofrecer mayores oportunidades de desarrollo para los j\u00f3venes mexiquenses, el Gobernador Alfredo Del Mazo Maza entreg\u00f3 la ampliaci\u00f3n de la Universidad Polit\u00e9cnica de Tec\u00e1mac, y asegur\u00f3 que esta nueva infraestructura permitir\u00e1 incrementar la matr\u00edcula de este plantel a casi 3 mil estudiantes. \u201cHacemos esta entrega formal y adem\u00e1s nos da mucho gusto que gracias a este esfuerzo vamos a poder llegar a una matr\u00edcula de m\u00e1s de 2 mil 700 alumnos; inici\u00f3 con 100 en el 2008 y este a\u00f1o&hellip;","og_url":"https:\/\/expressometro.mx\/index.php\/2020\/01\/13\/entrega-alfredo-del-mazo-ampliacion-de-la-universidad-politecnica-de-tecamac\/","og_site_name":"Expresso Metropolitano","article_published_time":"2020-01-13T19:03:13+00:00","article_modified_time":"2020-01-15T19:04:14+00:00","og_image":[{"width":2000,"height":1333,"url":"https:\/\/expressometro.mx\/wp-content\/uploads\/2020\/01\/w2_11645_1.jpg","type":"image\/jpeg"}],"author":"Expresso Metropolitano","twitter_misc":{"Escrito por":"Expresso Metropolitano","Tiempo de lectura":"4 minutos"},"schema":{"@context":"https:\/\/schema.org","@graph":[{"@type":"Article","@id":"https:\/\/expressometro.mx\/index.php\/2020\/01\/13\/entrega-alfredo-del-mazo-ampliacion-de-la-universidad-politecnica-de-tecamac\/#article","isPartOf":{"@id":"https:\/\/expressometro.mx\/index.php\/2020\/01\/13\/entrega-alfredo-del-mazo-ampliacion-de-la-universidad-politecnica-de-tecamac\/"},"author":{"name":"Expresso Metropolitano","@id":"https:\/\/expressometro.mx\/#\/schema\/person\/efa971b4a0664db8ed5c22b1b0dd2f5d"},"headline":"ENTREGA ALFREDO DEL MAZO AMPLIACI\u00d3N DE LA UNIVERSIDAD POLIT\u00c9CNICA DE TEC\u00c1MAC","datePublished":"2020-01-13T19:03:13+00:00","dateModified":"2020-01-15T19:04:14+00:00","mainEntityOfPage":{"@id":"https:\/\/expressometro.mx\/index.php\/2020\/01\/13\/entrega-alfredo-del-mazo-ampliacion-de-la-universidad-politecnica-de-tecamac\/"},"wordCount":842,"commentCount":0,"publisher":{"@id":"https:\/\/expressometro.mx\/#organization"},"image":{"@id":"https:\/\/expressometro.mx\/index.php\/2020\/01\/13\/entrega-alfredo-del-mazo-ampliacion-de-la-universidad-politecnica-de-tecamac\/#primaryimage"},"thumbnailUrl":"https:\/\/expressometro.mx\/wp-content\/uploads\/2020\/01\/w2_11645_1.jpg","articleSection":["Gobierno","Otros"],"inLanguage":"es","potentialAction":[{"@type":"CommentAction","name":"Comment","target":["https:\/\/expressometro.mx\/index.php\/2020\/01\/13\/entrega-alfredo-del-mazo-ampliacion-de-la-universidad-politecnica-de-tecamac\/#respond"]}]},{"@type":"WebPage","@id":"https:\/\/expressometro.mx\/index.php\/2020\/01\/13\/entrega-alfredo-del-mazo-ampliacion-de-la-universidad-politecnica-de-tecamac\/","url":"https:\/\/expressometro.mx\/index.php\/2020\/01\/13\/entrega-alfredo-del-mazo-ampliacion-de-la-universidad-politecnica-de-tecamac\/","name":"ENTREGA ALFREDO DEL MAZO AMPLIACI\u00d3N DE LA UNIVERSIDAD POLIT\u00c9CNICA DE TEC\u00c1MAC - Expresso Metropolitano","isPartOf":{"@id":"https:\/\/expressometro.mx\/#website"},"primaryImageOfPage":{"@id":"https:\/\/expressometro.mx\/index.php\/2020\/01\/13\/entrega-alfredo-del-mazo-ampliacion-de-la-universidad-politecnica-de-tecamac\/#primaryimage"},"image":{"@id":"https:\/\/expressometro.mx\/index.php\/2020\/01\/13\/entrega-alfredo-del-mazo-ampliacion-de-la-universidad-politecnica-de-tecamac\/#primaryimage"},"thumbnailUrl":"https:\/\/expressometro.mx\/wp-content\/uploads\/2020\/01\/w2_11645_1.jpg","datePublished":"2020-01-13T19:03:13+00:00","dateModified":"2020-01-15T19:04:14+00:00","breadcrumb":{"@id":"https:\/\/expressometro.mx\/index.php\/2020\/01\/13\/entrega-alfredo-del-mazo-ampliacion-de-la-universidad-politecnica-de-tecamac\/#breadcrumb"},"inLanguage":"es","potentialAction":[{"@type":"ReadAction","target":["https:\/\/expressometro.mx\/index.php\/2020\/01\/13\/entrega-alfredo-del-mazo-ampliacion-de-la-universidad-politecnica-de-tecamac\/"]}]},{"@type":"ImageObject","inLanguage":"es","@id":"https:\/\/expressometro.mx\/index.php\/2020\/01\/13\/entrega-alfredo-del-mazo-ampliacion-de-la-universidad-politecnica-de-tecamac\/#primaryimage","url":"https:\/\/expressometro.mx\/wp-content\/uploads\/2020\/01\/w2_11645_1.jpg","contentUrl":"https:\/\/expressometro.mx\/wp-content\/uploads\/2020\/01\/w2_11645_1.jpg","width":2000,"height":1333},{"@type":"BreadcrumbList","@id":"https:\/\/expressometro.mx\/index.php\/2020\/01\/13\/entrega-alfredo-del-mazo-ampliacion-de-la-universidad-politecnica-de-tecamac\/#breadcrumb","itemListElement":[{"@type":"ListItem","position":1,"name":"Inicio","item":"https:\/\/expressometro.mx\/"},{"@type":"ListItem","position":2,"name":"ENTREGA ALFREDO DEL MAZO AMPLIACI\u00d3N DE LA UNIVERSIDAD POLIT\u00c9CNICA DE TEC\u00c1MAC"}]},{"@type":"WebSite","@id":"https:\/\/expressometro.mx\/#website","url":"https:\/\/expressometro.mx\/","name":"Expresso Metropolitano","description":"Periodismo comprometido, informaci\u00f3n, investigaci\u00f3n y an\u00e1lisis","publisher":{"@id":"https:\/\/expressometro.mx\/#organization"},"potentialAction":[{"@type":"SearchAction","target":{"@type":"EntryPoint","urlTemplate":"https:\/\/expressometro.mx\/?s={search_term_string}"},"query-input":{"@type":"PropertyValueSpecification","valueRequired":true,"valueName":"search_term_string"}}],"inLanguage":"es"},{"@type":"Organization","@id":"https:\/\/expressometro.mx\/#organization","name":"Expresso Metropolitano","url":"https:\/\/expressometro.mx\/","logo":{"@type":"ImageObject","inLanguage":"es","@id":"https:\/\/expressometro.mx\/#\/schema\/logo\/image\/","url":"https:\/\/expressometro.mx\/wp-content\/uploads\/2019\/07\/cropped-Logo-Expresso-Metropolitano-1-1.jpeg","contentUrl":"https:\/\/expressometro.mx\/wp-content\/uploads\/2019\/07\/cropped-Logo-Expresso-Metropolitano-1-1.jpeg","width":290,"height":73,"caption":"Expresso Metropolitano"},"image":{"@id":"https:\/\/expressometro.mx\/#\/schema\/logo\/image\/"}},{"@type":"Person","@id":"https:\/\/expressometro.mx\/#\/schema\/person\/efa971b4a0664db8ed5c22b1b0dd2f5d","name":"Expresso Metropolitano","image":{"@type":"ImageObject","inLanguage":"es","@id":"https:\/\/secure.gravatar.com\/avatar\/a89f802b8de18c6952f223c88d3d106e9e3679839f4e25a02f4a6cc2ae6ba3b3?s=96&d=mm&r=g","url":"https:\/\/secure.gravatar.com\/avatar\/a89f802b8de18c6952f223c88d3d106e9e3679839f4e25a02f4a6cc2ae6ba3b3?s=96&d=mm&r=g","contentUrl":"https:\/\/secure.gravatar.com\/avatar\/a89f802b8de18c6952f223c88d3d106e9e3679839f4e25a02f4a6cc2ae6ba3b3?s=96&d=mm&r=g","caption":"Expresso Metropolitano"},"url":"https:\/\/expressometro.mx\/index.php\/author\/diego\/"}]}},"amp_enabled":true,"_links":{"self":[{"href":"https:\/\/expressometro.mx\/index.php\/wp-json\/wp\/v2\/posts\/1122","targetHints":{"allow":["GET"]}}],"collection":[{"href":"https:\/\/expressometro.mx\/index.php\/wp-json\/wp\/v2\/posts"}],"about":[{"href":"https:\/\/expressometro.mx\/index.php\/wp-json\/wp\/v2\/types\/post"}],"author":[{"embeddable":true,"href":"https:\/\/expressometro.mx\/index.php\/wp-json\/wp\/v2\/users\/1"}],"replies":[{"embeddable":true,"href":"https:\/\/expressometro.mx\/index.php\/wp-json\/wp\/v2\/comments?post=1122"}],"version-history":[{"count":1,"href":"https:\/\/expressometro.mx\/index.php\/wp-json\/wp\/v2\/posts\/1122\/revisions"}],"predecessor-version":[{"id":1124,"href":"https:\/\/expressometro.mx\/index.php\/wp-json\/wp\/v2\/posts\/1122\/revisions\/1124"}],"wp:featuredmedia":[{"embeddable":true,"href":"https:\/\/expressometro.mx\/index.php\/wp-json\/wp\/v2\/media\/1123"}],"wp:attachment":[{"href":"https:\/\/expressometro.mx\/index.php\/wp-json\/wp\/v2\/media?parent=1122"}],"wp:term":[{"taxonomy":"category","embeddable":true,"href":"https:\/\/expressometro.mx\/index.php\/wp-json\/wp\/v2\/categories?post=1122"},{"taxonomy":"post_tag","embeddable":true,"href":"https:\/\/expressometro.mx\/index.php\/wp-json\/wp\/v2\/tags?post=1122"}],"curies":[{"name":"wp","href":"https:\/\/api.w.org\/{rel}","templated":true}]}}