{"id":11163,"date":"2025-03-18T21:10:26","date_gmt":"2025-03-19T03:10:26","guid":{"rendered":"https:\/\/expressometro.mx\/?p=11163"},"modified":"2025-04-04T21:18:51","modified_gmt":"2025-04-05T03:18:51","slug":"conferencia-la-ia-en-la-imparticion-de-justicia-en-la-uaemex","status":"publish","type":"post","link":"https:\/\/expressometro.mx\/index.php\/2025\/03\/18\/conferencia-la-ia-en-la-imparticion-de-justicia-en-la-uaemex\/","title":{"rendered":"CONFERENCIA &#8220;LA IA EN LA IMPARTICI\u00d3N DE JUSTICIA&#8221; EN LA UAEM\u00e9x"},"content":{"rendered":"\n<p>Se debe destacar la importancia sobre las implicaciones y oportunidades que tiene la tecnolog\u00eda en la vida diaria.<\/p>\n\n\n\n<p>Con gratitud, se recibi\u00f3 al especialista en Derecho Constitucional, Ar\u00edstides Rodrigo Guerrero Garc\u00eda, por la conferencia \u201cLa inteligencia artificial en la impartici\u00f3n de justicia\u201d, donde la comunidad universitaria conoci\u00f3 m\u00e1s sobre la importancia de hacer un uso responsable y \u00e9tico de esta herramienta digital, la cual tiene un gran impacto en las sociedades actuales.<\/p>\n\n\n\n<figure class=\"wp-block-image size-full is-resized\"><img decoding=\"async\" width=\"600\" height=\"336\" src=\"https:\/\/expressometro.mx\/wp-content\/uploads\/2025\/04\/WhatsApp-Image-2025-04-04-at-9.17.17-PM.jpeg\" alt=\"\" class=\"wp-image-11166\" style=\"width:707px;height:auto\" srcset=\"https:\/\/expressometro.mx\/wp-content\/uploads\/2025\/04\/WhatsApp-Image-2025-04-04-at-9.17.17-PM.jpeg 600w, https:\/\/expressometro.mx\/wp-content\/uploads\/2025\/04\/WhatsApp-Image-2025-04-04-at-9.17.17-PM-500x280.jpeg 500w\" sizes=\"(max-width: 600px) 100vw, 600px\" \/><\/figure>\n","protected":false},"excerpt":{"rendered":"<p>Con gratitud, se recibi\u00f3 al especialista en Derecho Constitucional, Ar\u00edstides Rodrigo Guerrero Garc\u00eda, por la conferencia \u201cLa inteligencia artificial en la impartici\u00f3n de justicia\u201d, donde la comunidad universitaria conoci\u00f3 m\u00e1s sobre la importancia de hacer un uso responsable y \u00e9tico de esta herramienta digital, la cual tiene un gran impacto en las sociedades actuales.<\/p>\n","protected":false},"author":1,"featured_media":11165,"comment_status":"open","ping_status":"open","sticky":false,"template":"","format":"standard","meta":{"footnotes":""},"categories":[108,3,1,231],"tags":[313,1982,86,82],"class_list":["post-11163","post","type-post","status-publish","format-standard","has-post-thumbnail","hentry","category-educacion","category-gobierno","category-otros","category-politica","tag-carlos-eduardo-barrera-diaz","tag-edomex","tag-gem","tag-uaemex"],"yoast_head":"<!-- This site is optimized with the Yoast SEO plugin v27.5 - https:\/\/yoast.com\/product\/yoast-seo-wordpress\/ -->\n<title>CONFERENCIA &quot;LA IA EN LA IMPARTICI\u00d3N DE JUSTICIA&quot; EN LA UAEM\u00e9x - Expresso Metropolitano<\/title>\n<meta name=\"robots\" content=\"index, follow, max-snippet:-1, max-image-preview:large, max-video-preview:-1\" \/>\n<link rel=\"canonical\" href=\"https:\/\/expressometro.mx\/index.php\/2025\/03\/18\/conferencia-la-ia-en-la-imparticion-de-justicia-en-la-uaemex\/\" \/>\n<meta property=\"og:locale\" content=\"es_MX\" \/>\n<meta property=\"og:type\" content=\"article\" \/>\n<meta property=\"og:title\" content=\"CONFERENCIA &quot;LA IA EN LA IMPARTICI\u00d3N DE JUSTICIA&quot; EN LA UAEM\u00e9x - Expresso Metropolitano\" \/>\n<meta property=\"og:description\" content=\"Con gratitud, se recibi\u00f3 al especialista en Derecho Constitucional, Ar\u00edstides Rodrigo Guerrero Garc\u00eda, por la conferencia \u201cLa inteligencia artificial en la impartici\u00f3n de justicia\u201d, donde la comunidad universitaria conoci\u00f3 m\u00e1s sobre la importancia de hacer un uso responsable y \u00e9tico de esta herramienta digital, la cual tiene un gran impacto en las sociedades actuales.\" \/>\n<meta property=\"og:url\" content=\"https:\/\/expressometro.mx\/index.php\/2025\/03\/18\/conferencia-la-ia-en-la-imparticion-de-justicia-en-la-uaemex\/\" \/>\n<meta property=\"og:site_name\" content=\"Expresso Metropolitano\" \/>\n<meta property=\"article:published_time\" content=\"2025-03-19T03:10:26+00:00\" \/>\n<meta property=\"article:modified_time\" content=\"2025-04-05T03:18:51+00:00\" \/>\n<meta property=\"og:image\" content=\"http:\/\/expressometro.mx\/wp-content\/uploads\/2025\/04\/WhatsApp-Image-2025-04-04-at-9.17.29-PM.jpeg\" \/>\n\t<meta property=\"og:image:width\" content=\"593\" \/>\n\t<meta property=\"og:image:height\" content=\"395\" \/>\n\t<meta property=\"og:image:type\" content=\"image\/jpeg\" \/>\n<meta name=\"author\" content=\"Expresso Metropolitano\" \/>\n<meta name=\"twitter:label1\" content=\"Escrito por\" \/>\n\t<meta name=\"twitter:data1\" content=\"Expresso Metropolitano\" \/>\n\t<meta name=\"twitter:label2\" content=\"Tiempo de lectura\" \/>\n\t<meta name=\"twitter:data2\" content=\"1 minuto\" \/>\n<script type=\"application\/ld+json\" class=\"yoast-schema-graph\">{\"@context\":\"https:\\\/\\\/schema.org\",\"@graph\":[{\"@type\":\"Article\",\"@id\":\"https:\\\/\\\/expressometro.mx\\\/index.php\\\/2025\\\/03\\\/18\\\/conferencia-la-ia-en-la-imparticion-de-justicia-en-la-uaemex\\\/#article\",\"isPartOf\":{\"@id\":\"https:\\\/\\\/expressometro.mx\\\/index.php\\\/2025\\\/03\\\/18\\\/conferencia-la-ia-en-la-imparticion-de-justicia-en-la-uaemex\\\/\"},\"author\":{\"name\":\"Expresso Metropolitano\",\"@id\":\"https:\\\/\\\/expressometro.mx\\\/#\\\/schema\\\/person\\\/efa971b4a0664db8ed5c22b1b0dd2f5d\"},\"headline\":\"CONFERENCIA &#8220;LA IA EN LA IMPARTICI\u00d3N DE JUSTICIA&#8221; EN LA UAEM\u00e9x\",\"datePublished\":\"2025-03-19T03:10:26+00:00\",\"dateModified\":\"2025-04-05T03:18:51+00:00\",\"mainEntityOfPage\":{\"@id\":\"https:\\\/\\\/expressometro.mx\\\/index.php\\\/2025\\\/03\\\/18\\\/conferencia-la-ia-en-la-imparticion-de-justicia-en-la-uaemex\\\/\"},\"wordCount\":90,\"commentCount\":0,\"publisher\":{\"@id\":\"https:\\\/\\\/expressometro.mx\\\/#organization\"},\"image\":{\"@id\":\"https:\\\/\\\/expressometro.mx\\\/index.php\\\/2025\\\/03\\\/18\\\/conferencia-la-ia-en-la-imparticion-de-justicia-en-la-uaemex\\\/#primaryimage\"},\"thumbnailUrl\":\"https:\\\/\\\/expressometro.mx\\\/wp-content\\\/uploads\\\/2025\\\/04\\\/WhatsApp-Image-2025-04-04-at-9.17.29-PM.jpeg\",\"keywords\":[\"Carlos Eduardo Barrera D\u00edaz\",\"Edomex\",\"GEM\",\"UAEMex\"],\"articleSection\":[\"Educaci\u00f3n\",\"Gobierno\",\"Otros\",\"Pol\u00edtica\"],\"inLanguage\":\"es\",\"potentialAction\":[{\"@type\":\"CommentAction\",\"name\":\"Comment\",\"target\":[\"https:\\\/\\\/expressometro.mx\\\/index.php\\\/2025\\\/03\\\/18\\\/conferencia-la-ia-en-la-imparticion-de-justicia-en-la-uaemex\\\/#respond\"]}]},{\"@type\":\"WebPage\",\"@id\":\"https:\\\/\\\/expressometro.mx\\\/index.php\\\/2025\\\/03\\\/18\\\/conferencia-la-ia-en-la-imparticion-de-justicia-en-la-uaemex\\\/\",\"url\":\"https:\\\/\\\/expressometro.mx\\\/index.php\\\/2025\\\/03\\\/18\\\/conferencia-la-ia-en-la-imparticion-de-justicia-en-la-uaemex\\\/\",\"name\":\"CONFERENCIA \\\"LA IA EN LA IMPARTICI\u00d3N DE JUSTICIA\\\" EN LA UAEM\u00e9x - Expresso Metropolitano\",\"isPartOf\":{\"@id\":\"https:\\\/\\\/expressometro.mx\\\/#website\"},\"primaryImageOfPage\":{\"@id\":\"https:\\\/\\\/expressometro.mx\\\/index.php\\\/2025\\\/03\\\/18\\\/conferencia-la-ia-en-la-imparticion-de-justicia-en-la-uaemex\\\/#primaryimage\"},\"image\":{\"@id\":\"https:\\\/\\\/expressometro.mx\\\/index.php\\\/2025\\\/03\\\/18\\\/conferencia-la-ia-en-la-imparticion-de-justicia-en-la-uaemex\\\/#primaryimage\"},\"thumbnailUrl\":\"https:\\\/\\\/expressometro.mx\\\/wp-content\\\/uploads\\\/2025\\\/04\\\/WhatsApp-Image-2025-04-04-at-9.17.29-PM.jpeg\",\"datePublished\":\"2025-03-19T03:10:26+00:00\",\"dateModified\":\"2025-04-05T03:18:51+00:00\",\"breadcrumb\":{\"@id\":\"https:\\\/\\\/expressometro.mx\\\/index.php\\\/2025\\\/03\\\/18\\\/conferencia-la-ia-en-la-imparticion-de-justicia-en-la-uaemex\\\/#breadcrumb\"},\"inLanguage\":\"es\",\"potentialAction\":[{\"@type\":\"ReadAction\",\"target\":[\"https:\\\/\\\/expressometro.mx\\\/index.php\\\/2025\\\/03\\\/18\\\/conferencia-la-ia-en-la-imparticion-de-justicia-en-la-uaemex\\\/\"]}]},{\"@type\":\"ImageObject\",\"inLanguage\":\"es\",\"@id\":\"https:\\\/\\\/expressometro.mx\\\/index.php\\\/2025\\\/03\\\/18\\\/conferencia-la-ia-en-la-imparticion-de-justicia-en-la-uaemex\\\/#primaryimage\",\"url\":\"https:\\\/\\\/expressometro.mx\\\/wp-content\\\/uploads\\\/2025\\\/04\\\/WhatsApp-Image-2025-04-04-at-9.17.29-PM.jpeg\",\"contentUrl\":\"https:\\\/\\\/expressometro.mx\\\/wp-content\\\/uploads\\\/2025\\\/04\\\/WhatsApp-Image-2025-04-04-at-9.17.29-PM.jpeg\",\"width\":593,\"height\":395},{\"@type\":\"BreadcrumbList\",\"@id\":\"https:\\\/\\\/expressometro.mx\\\/index.php\\\/2025\\\/03\\\/18\\\/conferencia-la-ia-en-la-imparticion-de-justicia-en-la-uaemex\\\/#breadcrumb\",\"itemListElement\":[{\"@type\":\"ListItem\",\"position\":1,\"name\":\"Inicio\",\"item\":\"https:\\\/\\\/expressometro.mx\\\/\"},{\"@type\":\"ListItem\",\"position\":2,\"name\":\"CONFERENCIA &#8220;LA IA EN LA IMPARTICI\u00d3N DE JUSTICIA&#8221; EN LA UAEM\u00e9x\"}]},{\"@type\":\"WebSite\",\"@id\":\"https:\\\/\\\/expressometro.mx\\\/#website\",\"url\":\"https:\\\/\\\/expressometro.mx\\\/\",\"name\":\"Expresso Metropolitano\",\"description\":\"Periodismo comprometido, informaci\u00f3n, investigaci\u00f3n y an\u00e1lisis\",\"publisher\":{\"@id\":\"https:\\\/\\\/expressometro.mx\\\/#organization\"},\"potentialAction\":[{\"@type\":\"SearchAction\",\"target\":{\"@type\":\"EntryPoint\",\"urlTemplate\":\"https:\\\/\\\/expressometro.mx\\\/?s={search_term_string}\"},\"query-input\":{\"@type\":\"PropertyValueSpecification\",\"valueRequired\":true,\"valueName\":\"search_term_string\"}}],\"inLanguage\":\"es\"},{\"@type\":\"Organization\",\"@id\":\"https:\\\/\\\/expressometro.mx\\\/#organization\",\"name\":\"Expresso Metropolitano\",\"url\":\"https:\\\/\\\/expressometro.mx\\\/\",\"logo\":{\"@type\":\"ImageObject\",\"inLanguage\":\"es\",\"@id\":\"https:\\\/\\\/expressometro.mx\\\/#\\\/schema\\\/logo\\\/image\\\/\",\"url\":\"https:\\\/\\\/expressometro.mx\\\/wp-content\\\/uploads\\\/2019\\\/07\\\/cropped-Logo-Expresso-Metropolitano-1-1.jpeg\",\"contentUrl\":\"https:\\\/\\\/expressometro.mx\\\/wp-content\\\/uploads\\\/2019\\\/07\\\/cropped-Logo-Expresso-Metropolitano-1-1.jpeg\",\"width\":290,\"height\":73,\"caption\":\"Expresso Metropolitano\"},\"image\":{\"@id\":\"https:\\\/\\\/expressometro.mx\\\/#\\\/schema\\\/logo\\\/image\\\/\"}},{\"@type\":\"Person\",\"@id\":\"https:\\\/\\\/expressometro.mx\\\/#\\\/schema\\\/person\\\/efa971b4a0664db8ed5c22b1b0dd2f5d\",\"name\":\"Expresso Metropolitano\",\"image\":{\"@type\":\"ImageObject\",\"inLanguage\":\"es\",\"@id\":\"https:\\\/\\\/secure.gravatar.com\\\/avatar\\\/a89f802b8de18c6952f223c88d3d106e9e3679839f4e25a02f4a6cc2ae6ba3b3?s=96&d=mm&r=g\",\"url\":\"https:\\\/\\\/secure.gravatar.com\\\/avatar\\\/a89f802b8de18c6952f223c88d3d106e9e3679839f4e25a02f4a6cc2ae6ba3b3?s=96&d=mm&r=g\",\"contentUrl\":\"https:\\\/\\\/secure.gravatar.com\\\/avatar\\\/a89f802b8de18c6952f223c88d3d106e9e3679839f4e25a02f4a6cc2ae6ba3b3?s=96&d=mm&r=g\",\"caption\":\"Expresso Metropolitano\"},\"url\":\"https:\\\/\\\/expressometro.mx\\\/index.php\\\/author\\\/diego\\\/\"}]}<\/script>\n<!-- \/ Yoast SEO plugin. -->","yoast_head_json":{"title":"CONFERENCIA \"LA IA EN LA IMPARTICI\u00d3N DE JUSTICIA\" EN LA UAEM\u00e9x - Expresso Metropolitano","robots":{"index":"index","follow":"follow","max-snippet":"max-snippet:-1","max-image-preview":"max-image-preview:large","max-video-preview":"max-video-preview:-1"},"canonical":"https:\/\/expressometro.mx\/index.php\/2025\/03\/18\/conferencia-la-ia-en-la-imparticion-de-justicia-en-la-uaemex\/","og_locale":"es_MX","og_type":"article","og_title":"CONFERENCIA \"LA IA EN LA IMPARTICI\u00d3N DE JUSTICIA\" EN LA UAEM\u00e9x - Expresso Metropolitano","og_description":"Con gratitud, se recibi\u00f3 al especialista en Derecho Constitucional, Ar\u00edstides Rodrigo Guerrero Garc\u00eda, por la conferencia \u201cLa inteligencia artificial en la impartici\u00f3n de justicia\u201d, donde la comunidad universitaria conoci\u00f3 m\u00e1s sobre la importancia de hacer un uso responsable y \u00e9tico de esta herramienta digital, la cual tiene un gran impacto en las sociedades actuales.","og_url":"https:\/\/expressometro.mx\/index.php\/2025\/03\/18\/conferencia-la-ia-en-la-imparticion-de-justicia-en-la-uaemex\/","og_site_name":"Expresso Metropolitano","article_published_time":"2025-03-19T03:10:26+00:00","article_modified_time":"2025-04-05T03:18:51+00:00","og_image":[{"width":593,"height":395,"url":"http:\/\/expressometro.mx\/wp-content\/uploads\/2025\/04\/WhatsApp-Image-2025-04-04-at-9.17.29-PM.jpeg","type":"image\/jpeg"}],"author":"Expresso Metropolitano","twitter_misc":{"Escrito por":"Expresso Metropolitano","Tiempo de lectura":"1 minuto"},"schema":{"@context":"https:\/\/schema.org","@graph":[{"@type":"Article","@id":"https:\/\/expressometro.mx\/index.php\/2025\/03\/18\/conferencia-la-ia-en-la-imparticion-de-justicia-en-la-uaemex\/#article","isPartOf":{"@id":"https:\/\/expressometro.mx\/index.php\/2025\/03\/18\/conferencia-la-ia-en-la-imparticion-de-justicia-en-la-uaemex\/"},"author":{"name":"Expresso Metropolitano","@id":"https:\/\/expressometro.mx\/#\/schema\/person\/efa971b4a0664db8ed5c22b1b0dd2f5d"},"headline":"CONFERENCIA &#8220;LA IA EN LA IMPARTICI\u00d3N DE JUSTICIA&#8221; EN LA UAEM\u00e9x","datePublished":"2025-03-19T03:10:26+00:00","dateModified":"2025-04-05T03:18:51+00:00","mainEntityOfPage":{"@id":"https:\/\/expressometro.mx\/index.php\/2025\/03\/18\/conferencia-la-ia-en-la-imparticion-de-justicia-en-la-uaemex\/"},"wordCount":90,"commentCount":0,"publisher":{"@id":"https:\/\/expressometro.mx\/#organization"},"image":{"@id":"https:\/\/expressometro.mx\/index.php\/2025\/03\/18\/conferencia-la-ia-en-la-imparticion-de-justicia-en-la-uaemex\/#primaryimage"},"thumbnailUrl":"https:\/\/expressometro.mx\/wp-content\/uploads\/2025\/04\/WhatsApp-Image-2025-04-04-at-9.17.29-PM.jpeg","keywords":["Carlos Eduardo Barrera D\u00edaz","Edomex","GEM","UAEMex"],"articleSection":["Educaci\u00f3n","Gobierno","Otros","Pol\u00edtica"],"inLanguage":"es","potentialAction":[{"@type":"CommentAction","name":"Comment","target":["https:\/\/expressometro.mx\/index.php\/2025\/03\/18\/conferencia-la-ia-en-la-imparticion-de-justicia-en-la-uaemex\/#respond"]}]},{"@type":"WebPage","@id":"https:\/\/expressometro.mx\/index.php\/2025\/03\/18\/conferencia-la-ia-en-la-imparticion-de-justicia-en-la-uaemex\/","url":"https:\/\/expressometro.mx\/index.php\/2025\/03\/18\/conferencia-la-ia-en-la-imparticion-de-justicia-en-la-uaemex\/","name":"CONFERENCIA \"LA IA EN LA IMPARTICI\u00d3N DE JUSTICIA\" EN LA UAEM\u00e9x - Expresso Metropolitano","isPartOf":{"@id":"https:\/\/expressometro.mx\/#website"},"primaryImageOfPage":{"@id":"https:\/\/expressometro.mx\/index.php\/2025\/03\/18\/conferencia-la-ia-en-la-imparticion-de-justicia-en-la-uaemex\/#primaryimage"},"image":{"@id":"https:\/\/expressometro.mx\/index.php\/2025\/03\/18\/conferencia-la-ia-en-la-imparticion-de-justicia-en-la-uaemex\/#primaryimage"},"thumbnailUrl":"https:\/\/expressometro.mx\/wp-content\/uploads\/2025\/04\/WhatsApp-Image-2025-04-04-at-9.17.29-PM.jpeg","datePublished":"2025-03-19T03:10:26+00:00","dateModified":"2025-04-05T03:18:51+00:00","breadcrumb":{"@id":"https:\/\/expressometro.mx\/index.php\/2025\/03\/18\/conferencia-la-ia-en-la-imparticion-de-justicia-en-la-uaemex\/#breadcrumb"},"inLanguage":"es","potentialAction":[{"@type":"ReadAction","target":["https:\/\/expressometro.mx\/index.php\/2025\/03\/18\/conferencia-la-ia-en-la-imparticion-de-justicia-en-la-uaemex\/"]}]},{"@type":"ImageObject","inLanguage":"es","@id":"https:\/\/expressometro.mx\/index.php\/2025\/03\/18\/conferencia-la-ia-en-la-imparticion-de-justicia-en-la-uaemex\/#primaryimage","url":"https:\/\/expressometro.mx\/wp-content\/uploads\/2025\/04\/WhatsApp-Image-2025-04-04-at-9.17.29-PM.jpeg","contentUrl":"https:\/\/expressometro.mx\/wp-content\/uploads\/2025\/04\/WhatsApp-Image-2025-04-04-at-9.17.29-PM.jpeg","width":593,"height":395},{"@type":"BreadcrumbList","@id":"https:\/\/expressometro.mx\/index.php\/2025\/03\/18\/conferencia-la-ia-en-la-imparticion-de-justicia-en-la-uaemex\/#breadcrumb","itemListElement":[{"@type":"ListItem","position":1,"name":"Inicio","item":"https:\/\/expressometro.mx\/"},{"@type":"ListItem","position":2,"name":"CONFERENCIA &#8220;LA IA EN LA IMPARTICI\u00d3N DE JUSTICIA&#8221; EN LA UAEM\u00e9x"}]},{"@type":"WebSite","@id":"https:\/\/expressometro.mx\/#website","url":"https:\/\/expressometro.mx\/","name":"Expresso Metropolitano","description":"Periodismo comprometido, informaci\u00f3n, investigaci\u00f3n y an\u00e1lisis","publisher":{"@id":"https:\/\/expressometro.mx\/#organization"},"potentialAction":[{"@type":"SearchAction","target":{"@type":"EntryPoint","urlTemplate":"https:\/\/expressometro.mx\/?s={search_term_string}"},"query-input":{"@type":"PropertyValueSpecification","valueRequired":true,"valueName":"search_term_string"}}],"inLanguage":"es"},{"@type":"Organization","@id":"https:\/\/expressometro.mx\/#organization","name":"Expresso Metropolitano","url":"https:\/\/expressometro.mx\/","logo":{"@type":"ImageObject","inLanguage":"es","@id":"https:\/\/expressometro.mx\/#\/schema\/logo\/image\/","url":"https:\/\/expressometro.mx\/wp-content\/uploads\/2019\/07\/cropped-Logo-Expresso-Metropolitano-1-1.jpeg","contentUrl":"https:\/\/expressometro.mx\/wp-content\/uploads\/2019\/07\/cropped-Logo-Expresso-Metropolitano-1-1.jpeg","width":290,"height":73,"caption":"Expresso Metropolitano"},"image":{"@id":"https:\/\/expressometro.mx\/#\/schema\/logo\/image\/"}},{"@type":"Person","@id":"https:\/\/expressometro.mx\/#\/schema\/person\/efa971b4a0664db8ed5c22b1b0dd2f5d","name":"Expresso Metropolitano","image":{"@type":"ImageObject","inLanguage":"es","@id":"https:\/\/secure.gravatar.com\/avatar\/a89f802b8de18c6952f223c88d3d106e9e3679839f4e25a02f4a6cc2ae6ba3b3?s=96&d=mm&r=g","url":"https:\/\/secure.gravatar.com\/avatar\/a89f802b8de18c6952f223c88d3d106e9e3679839f4e25a02f4a6cc2ae6ba3b3?s=96&d=mm&r=g","contentUrl":"https:\/\/secure.gravatar.com\/avatar\/a89f802b8de18c6952f223c88d3d106e9e3679839f4e25a02f4a6cc2ae6ba3b3?s=96&d=mm&r=g","caption":"Expresso Metropolitano"},"url":"https:\/\/expressometro.mx\/index.php\/author\/diego\/"}]}},"amp_enabled":true,"_links":{"self":[{"href":"https:\/\/expressometro.mx\/index.php\/wp-json\/wp\/v2\/posts\/11163","targetHints":{"allow":["GET"]}}],"collection":[{"href":"https:\/\/expressometro.mx\/index.php\/wp-json\/wp\/v2\/posts"}],"about":[{"href":"https:\/\/expressometro.mx\/index.php\/wp-json\/wp\/v2\/types\/post"}],"author":[{"embeddable":true,"href":"https:\/\/expressometro.mx\/index.php\/wp-json\/wp\/v2\/users\/1"}],"replies":[{"embeddable":true,"href":"https:\/\/expressometro.mx\/index.php\/wp-json\/wp\/v2\/comments?post=11163"}],"version-history":[{"count":1,"href":"https:\/\/expressometro.mx\/index.php\/wp-json\/wp\/v2\/posts\/11163\/revisions"}],"predecessor-version":[{"id":11167,"href":"https:\/\/expressometro.mx\/index.php\/wp-json\/wp\/v2\/posts\/11163\/revisions\/11167"}],"wp:featuredmedia":[{"embeddable":true,"href":"https:\/\/expressometro.mx\/index.php\/wp-json\/wp\/v2\/media\/11165"}],"wp:attachment":[{"href":"https:\/\/expressometro.mx\/index.php\/wp-json\/wp\/v2\/media?parent=11163"}],"wp:term":[{"taxonomy":"category","embeddable":true,"href":"https:\/\/expressometro.mx\/index.php\/wp-json\/wp\/v2\/categories?post=11163"},{"taxonomy":"post_tag","embeddable":true,"href":"https:\/\/expressometro.mx\/index.php\/wp-json\/wp\/v2\/tags?post=11163"}],"curies":[{"name":"wp","href":"https:\/\/api.w.org\/{rel}","templated":true}]}}