{"id":1116,"date":"2020-01-07T13:00:58","date_gmt":"2020-01-07T19:00:58","guid":{"rendered":"http:\/\/expressometro.mx\/?p=1116"},"modified":"2020-01-15T13:01:56","modified_gmt":"2020-01-15T19:01:56","slug":"destaca-alfredo-del-mazo-la-rehabilitacion-de-295-centros-de-salud-del-edomex-en-el-ultimo-ano","status":"publish","type":"post","link":"https:\/\/expressometro.mx\/index.php\/2020\/01\/07\/destaca-alfredo-del-mazo-la-rehabilitacion-de-295-centros-de-salud-del-edomex-en-el-ultimo-ano\/","title":{"rendered":"DESTACA ALFREDO DEL MAZO LA REHABILITACI\u00d3N DE 295 CENTROS DE SALUD DEL EDOM\u00c9X EN EL \u00daLTIMO A\u00d1O"},"content":{"rendered":"\n<p>Al encabezar la celebraci\u00f3n del D\u00eda de la Enfermera y del Enfermero, el Gobernador Alfredo Del Mazo Maza destac\u00f3 que su administraci\u00f3n rehabilit\u00f3 el a\u00f1o pasado 295 de los mil 221 Centros de Salud que hay en la entidad, y asegur\u00f3 que el resto ser\u00e1 remodelado en los siguientes tres a\u00f1os, con el objetivo de mejorar los servicios m\u00e9dicos que reciben los mexiquenses.<\/p>\n\n\n\n<p>\u201cHemos decidido concentrar nuestros esfuerzos en este trabajo. Logramos cerrar el a\u00f1o 2019 con 295 Centros rehabilitados y a lo largo de los pr\u00f3ximos tres a\u00f1os estaremos rehabilitando la totalidad de estos Centros de Salud para brindar los servicios necesarios en buenas condiciones, con el equipamiento adecuado, con la infraestructura en buenas condiciones y, sobre todo, con el personal y los insumos y&nbsp; medicamentos necesarios para atender a las familias mexiquenses\u201d, enfatiz\u00f3.<\/p>\n\n\n\n<p>En el marco de esta celebraci\u00f3n, en la que entreg\u00f3 reconocimientos a profesionales destacados de la Enfermer\u00eda, con quienes comparti\u00f3 un desayuno, el mandatario estatal recalc\u00f3 la importancia de que estos centros de atenci\u00f3n se encuentren en buenas condiciones, ya que ah\u00ed se atiende el 80 por ciento de las enfermedades de la poblaci\u00f3n que acude a ellos, mientras que el 20 por ciento restante tiene que pasar a una siguiente etapa.<\/p>\n\n\n\n<p>Alfredo Del Mazo tambi\u00e9n reconoci\u00f3 el trabajo de las enfermeras y los enfermeros mexiquenses, ya que son ellos quienes auxilian y con humanismo atienden a los enfermos en sus momentos m\u00e1s cr\u00edticos.<\/p>\n\n\n\n<p>Resalt\u00f3 que, producto de su participaci\u00f3n en las distintas jornadas de vacunaci\u00f3n, realizadas en m\u00e1s de 60 municipios de la entidad, se han aplicado m\u00e1s de un mill\u00f3n 800 mil vacunas, logrando aminorar los casos de enfermedades como la influenza.<\/p>\n\n\n\n<p>\u201cSe realizaron ferias de salud en m\u00e1s de 60 municipios del Estado de M\u00e9xico y en donde, en particular, en la temporada invernal llevamos un avance del 70 por ciento, con m\u00e1s de un mill\u00f3n 800 mil vacunas aplicadas de un total de 3 millones que se van a estar aplicando en esta temporada invernal, que nos permite prevenir enfermedades y salvar muchas vidas\u201d, subray\u00f3.<\/p>\n\n\n\n<p>Acompa\u00f1ado por el Secretario de Salud, Gabriel O&#8221;Shea Cuevas, Del Mazo Maza destac\u00f3 el sacrificio que requiere esta profesi\u00f3n, ya que las y los enfermeros trabajan todos los d\u00edas del a\u00f1o, entregando tiempo con sus familias y cubriendo guardias en fechas como Navidad o A\u00f1o nuevo.<\/p>\n\n\n\n<p>Expres\u00f3 que gracias a su compromiso, estos profesionales, que en el sector salud mexiquense suman 33 mil, contribuyen a que en el Estado de M\u00e9xico se otorguen&nbsp; m\u00e1s de 40 millones de consultas cada a\u00f1o, la cifra m\u00e1s alta en el pa\u00eds.<\/p>\n\n\n\n<p>\u201cEl d\u00eda de hoy queremos hacer un gran reconocimiento a todas las enfermeras y enfermeros del Estado de M\u00e9xico. Gracias a ustedes el sistema de salud del Estado de M\u00e9xico, el m\u00e1s grande del pa\u00eds, presta m\u00e1s de 40 millones de consultas al a\u00f1o, que se dice f\u00e1cil pero es un n\u00famero muy, muy importante de consultas al a\u00f1o\u201d, indic\u00f3.<\/p>\n\n\n\n<p>Ante personal de Enfermer\u00eda del Instituto de Salud del Estado de M\u00e9xico y del Instituto de Seguridad Social del Estado de M\u00e9xico y Municipios (ISSEMyM), el Gobernador asegur\u00f3 que para impulsar esta profesi\u00f3n, el Gobierno del estado responder\u00e1 a los retos que enfrenta mediante el mejoramiento de la infraestructura hospitalaria, as\u00ed como con la contrataci\u00f3n de m\u00e1s profesionales en Enfermer\u00eda, ya que de acuerdo con la Organizaci\u00f3n Mundial de la Salud, hacen falta en el mundo cerca de 9 millones de enfermeras y enfermeros para hacer frente a los desaf\u00edos en esta materia.<\/p>\n\n\n\n<p>Finalmente, Alfredo Del Mazo se\u00f1al\u00f3 que el trabajo cotidiano de quienes se dedican a esta profesi\u00f3n ha permitido que el promedio de vida en el Edom\u00e9x sea el m\u00e1s alentador en el pa\u00eds, con una esperanza de vida de 75 a\u00f1os y medio, adem\u00e1s de que que ha disminuido el \u00edndice de mortalidad infantil gracias a la entrega de estos profesionales de la salud.<\/p>\n\n\n\n<ul class=\"wp-block-list\"><li><\/li><\/ul>\n","protected":false},"excerpt":{"rendered":"<p>Al encabezar la celebraci\u00f3n del D\u00eda de la Enfermera y del Enfermero, el Gobernador Alfredo Del Mazo Maza destac\u00f3 que su administraci\u00f3n rehabilit\u00f3 el a\u00f1o pasado 295 de los mil 221 Centros de Salud que hay en la entidad, y asegur\u00f3 que el resto ser\u00e1 remodelado en los siguientes tres a\u00f1os, con el objetivo de mejorar los servicios m\u00e9dicos que reciben los mexiquenses. \u201cHemos decidido concentrar nuestros esfuerzos en este trabajo. Logramos cerrar el a\u00f1o 2019 con 295 Centros rehabilitados y a lo largo de los pr\u00f3ximos tres a\u00f1os estaremos&hellip;<\/p>\n","protected":false},"author":1,"featured_media":1117,"comment_status":"open","ping_status":"open","sticky":false,"template":"","format":"standard","meta":{"footnotes":""},"categories":[3,5],"tags":[],"class_list":["post-1116","post","type-post","status-publish","format-standard","has-post-thumbnail","hentry","category-gobierno","category-salud"],"yoast_head":"<!-- This site is optimized with the Yoast SEO plugin v27.5 - https:\/\/yoast.com\/product\/yoast-seo-wordpress\/ -->\n<title>DESTACA ALFREDO DEL MAZO LA REHABILITACI\u00d3N DE 295 CENTROS DE SALUD DEL EDOM\u00c9X EN EL \u00daLTIMO A\u00d1O - Expresso Metropolitano<\/title>\n<meta name=\"robots\" content=\"index, follow, max-snippet:-1, max-image-preview:large, max-video-preview:-1\" \/>\n<link rel=\"canonical\" href=\"https:\/\/expressometro.mx\/index.php\/2020\/01\/07\/destaca-alfredo-del-mazo-la-rehabilitacion-de-295-centros-de-salud-del-edomex-en-el-ultimo-ano\/\" \/>\n<meta property=\"og:locale\" content=\"es_MX\" \/>\n<meta property=\"og:type\" content=\"article\" \/>\n<meta property=\"og:title\" content=\"DESTACA ALFREDO DEL MAZO LA REHABILITACI\u00d3N DE 295 CENTROS DE SALUD DEL EDOM\u00c9X EN EL \u00daLTIMO A\u00d1O - Expresso Metropolitano\" \/>\n<meta property=\"og:description\" content=\"Al encabezar la celebraci\u00f3n del D\u00eda de la Enfermera y del Enfermero, el Gobernador Alfredo Del Mazo Maza destac\u00f3 que su administraci\u00f3n rehabilit\u00f3 el a\u00f1o pasado 295 de los mil 221 Centros de Salud que hay en la entidad, y asegur\u00f3 que el resto ser\u00e1 remodelado en los siguientes tres a\u00f1os, con el objetivo de mejorar los servicios m\u00e9dicos que reciben los mexiquenses. \u201cHemos decidido concentrar nuestros esfuerzos en este trabajo. Logramos cerrar el a\u00f1o 2019 con 295 Centros rehabilitados y a lo largo de los pr\u00f3ximos tres a\u00f1os estaremos&hellip;\" \/>\n<meta property=\"og:url\" content=\"https:\/\/expressometro.mx\/index.php\/2020\/01\/07\/destaca-alfredo-del-mazo-la-rehabilitacion-de-295-centros-de-salud-del-edomex-en-el-ultimo-ano\/\" \/>\n<meta property=\"og:site_name\" content=\"Expresso Metropolitano\" \/>\n<meta property=\"article:published_time\" content=\"2020-01-07T19:00:58+00:00\" \/>\n<meta property=\"article:modified_time\" content=\"2020-01-15T19:01:56+00:00\" \/>\n<meta property=\"og:image\" content=\"https:\/\/expressometro.mx\/wp-content\/uploads\/2020\/01\/w2_11547_1.jpg\" \/>\n\t<meta property=\"og:image:width\" content=\"2000\" \/>\n\t<meta property=\"og:image:height\" content=\"1702\" \/>\n\t<meta property=\"og:image:type\" content=\"image\/jpeg\" \/>\n<meta name=\"author\" content=\"Expresso Metropolitano\" \/>\n<meta name=\"twitter:label1\" content=\"Escrito por\" \/>\n\t<meta name=\"twitter:data1\" content=\"Expresso Metropolitano\" \/>\n\t<meta name=\"twitter:label2\" content=\"Tiempo de lectura\" \/>\n\t<meta name=\"twitter:data2\" content=\"3 minutos\" \/>\n<script type=\"application\/ld+json\" class=\"yoast-schema-graph\">{\"@context\":\"https:\\\/\\\/schema.org\",\"@graph\":[{\"@type\":\"Article\",\"@id\":\"https:\\\/\\\/expressometro.mx\\\/index.php\\\/2020\\\/01\\\/07\\\/destaca-alfredo-del-mazo-la-rehabilitacion-de-295-centros-de-salud-del-edomex-en-el-ultimo-ano\\\/#article\",\"isPartOf\":{\"@id\":\"https:\\\/\\\/expressometro.mx\\\/index.php\\\/2020\\\/01\\\/07\\\/destaca-alfredo-del-mazo-la-rehabilitacion-de-295-centros-de-salud-del-edomex-en-el-ultimo-ano\\\/\"},\"author\":{\"name\":\"Expresso Metropolitano\",\"@id\":\"https:\\\/\\\/expressometro.mx\\\/#\\\/schema\\\/person\\\/efa971b4a0664db8ed5c22b1b0dd2f5d\"},\"headline\":\"DESTACA ALFREDO DEL MAZO LA REHABILITACI\u00d3N DE 295 CENTROS DE SALUD DEL EDOM\u00c9X EN EL \u00daLTIMO A\u00d1O\",\"datePublished\":\"2020-01-07T19:00:58+00:00\",\"dateModified\":\"2020-01-15T19:01:56+00:00\",\"mainEntityOfPage\":{\"@id\":\"https:\\\/\\\/expressometro.mx\\\/index.php\\\/2020\\\/01\\\/07\\\/destaca-alfredo-del-mazo-la-rehabilitacion-de-295-centros-de-salud-del-edomex-en-el-ultimo-ano\\\/\"},\"wordCount\":715,\"commentCount\":0,\"publisher\":{\"@id\":\"https:\\\/\\\/expressometro.mx\\\/#organization\"},\"image\":{\"@id\":\"https:\\\/\\\/expressometro.mx\\\/index.php\\\/2020\\\/01\\\/07\\\/destaca-alfredo-del-mazo-la-rehabilitacion-de-295-centros-de-salud-del-edomex-en-el-ultimo-ano\\\/#primaryimage\"},\"thumbnailUrl\":\"https:\\\/\\\/expressometro.mx\\\/wp-content\\\/uploads\\\/2020\\\/01\\\/w2_11547_1.jpg\",\"articleSection\":[\"Gobierno\",\"Salud\"],\"inLanguage\":\"es\",\"potentialAction\":[{\"@type\":\"CommentAction\",\"name\":\"Comment\",\"target\":[\"https:\\\/\\\/expressometro.mx\\\/index.php\\\/2020\\\/01\\\/07\\\/destaca-alfredo-del-mazo-la-rehabilitacion-de-295-centros-de-salud-del-edomex-en-el-ultimo-ano\\\/#respond\"]}]},{\"@type\":\"WebPage\",\"@id\":\"https:\\\/\\\/expressometro.mx\\\/index.php\\\/2020\\\/01\\\/07\\\/destaca-alfredo-del-mazo-la-rehabilitacion-de-295-centros-de-salud-del-edomex-en-el-ultimo-ano\\\/\",\"url\":\"https:\\\/\\\/expressometro.mx\\\/index.php\\\/2020\\\/01\\\/07\\\/destaca-alfredo-del-mazo-la-rehabilitacion-de-295-centros-de-salud-del-edomex-en-el-ultimo-ano\\\/\",\"name\":\"DESTACA ALFREDO DEL MAZO LA REHABILITACI\u00d3N DE 295 CENTROS DE SALUD DEL EDOM\u00c9X EN EL \u00daLTIMO A\u00d1O - Expresso Metropolitano\",\"isPartOf\":{\"@id\":\"https:\\\/\\\/expressometro.mx\\\/#website\"},\"primaryImageOfPage\":{\"@id\":\"https:\\\/\\\/expressometro.mx\\\/index.php\\\/2020\\\/01\\\/07\\\/destaca-alfredo-del-mazo-la-rehabilitacion-de-295-centros-de-salud-del-edomex-en-el-ultimo-ano\\\/#primaryimage\"},\"image\":{\"@id\":\"https:\\\/\\\/expressometro.mx\\\/index.php\\\/2020\\\/01\\\/07\\\/destaca-alfredo-del-mazo-la-rehabilitacion-de-295-centros-de-salud-del-edomex-en-el-ultimo-ano\\\/#primaryimage\"},\"thumbnailUrl\":\"https:\\\/\\\/expressometro.mx\\\/wp-content\\\/uploads\\\/2020\\\/01\\\/w2_11547_1.jpg\",\"datePublished\":\"2020-01-07T19:00:58+00:00\",\"dateModified\":\"2020-01-15T19:01:56+00:00\",\"breadcrumb\":{\"@id\":\"https:\\\/\\\/expressometro.mx\\\/index.php\\\/2020\\\/01\\\/07\\\/destaca-alfredo-del-mazo-la-rehabilitacion-de-295-centros-de-salud-del-edomex-en-el-ultimo-ano\\\/#breadcrumb\"},\"inLanguage\":\"es\",\"potentialAction\":[{\"@type\":\"ReadAction\",\"target\":[\"https:\\\/\\\/expressometro.mx\\\/index.php\\\/2020\\\/01\\\/07\\\/destaca-alfredo-del-mazo-la-rehabilitacion-de-295-centros-de-salud-del-edomex-en-el-ultimo-ano\\\/\"]}]},{\"@type\":\"ImageObject\",\"inLanguage\":\"es\",\"@id\":\"https:\\\/\\\/expressometro.mx\\\/index.php\\\/2020\\\/01\\\/07\\\/destaca-alfredo-del-mazo-la-rehabilitacion-de-295-centros-de-salud-del-edomex-en-el-ultimo-ano\\\/#primaryimage\",\"url\":\"https:\\\/\\\/expressometro.mx\\\/wp-content\\\/uploads\\\/2020\\\/01\\\/w2_11547_1.jpg\",\"contentUrl\":\"https:\\\/\\\/expressometro.mx\\\/wp-content\\\/uploads\\\/2020\\\/01\\\/w2_11547_1.jpg\",\"width\":2000,\"height\":1702},{\"@type\":\"BreadcrumbList\",\"@id\":\"https:\\\/\\\/expressometro.mx\\\/index.php\\\/2020\\\/01\\\/07\\\/destaca-alfredo-del-mazo-la-rehabilitacion-de-295-centros-de-salud-del-edomex-en-el-ultimo-ano\\\/#breadcrumb\",\"itemListElement\":[{\"@type\":\"ListItem\",\"position\":1,\"name\":\"Inicio\",\"item\":\"https:\\\/\\\/expressometro.mx\\\/\"},{\"@type\":\"ListItem\",\"position\":2,\"name\":\"DESTACA ALFREDO DEL MAZO LA REHABILITACI\u00d3N DE 295 CENTROS DE SALUD DEL EDOM\u00c9X EN EL \u00daLTIMO A\u00d1O\"}]},{\"@type\":\"WebSite\",\"@id\":\"https:\\\/\\\/expressometro.mx\\\/#website\",\"url\":\"https:\\\/\\\/expressometro.mx\\\/\",\"name\":\"Expresso Metropolitano\",\"description\":\"Periodismo comprometido, informaci\u00f3n, investigaci\u00f3n y an\u00e1lisis\",\"publisher\":{\"@id\":\"https:\\\/\\\/expressometro.mx\\\/#organization\"},\"potentialAction\":[{\"@type\":\"SearchAction\",\"target\":{\"@type\":\"EntryPoint\",\"urlTemplate\":\"https:\\\/\\\/expressometro.mx\\\/?s={search_term_string}\"},\"query-input\":{\"@type\":\"PropertyValueSpecification\",\"valueRequired\":true,\"valueName\":\"search_term_string\"}}],\"inLanguage\":\"es\"},{\"@type\":\"Organization\",\"@id\":\"https:\\\/\\\/expressometro.mx\\\/#organization\",\"name\":\"Expresso Metropolitano\",\"url\":\"https:\\\/\\\/expressometro.mx\\\/\",\"logo\":{\"@type\":\"ImageObject\",\"inLanguage\":\"es\",\"@id\":\"https:\\\/\\\/expressometro.mx\\\/#\\\/schema\\\/logo\\\/image\\\/\",\"url\":\"https:\\\/\\\/expressometro.mx\\\/wp-content\\\/uploads\\\/2019\\\/07\\\/cropped-Logo-Expresso-Metropolitano-1-1.jpeg\",\"contentUrl\":\"https:\\\/\\\/expressometro.mx\\\/wp-content\\\/uploads\\\/2019\\\/07\\\/cropped-Logo-Expresso-Metropolitano-1-1.jpeg\",\"width\":290,\"height\":73,\"caption\":\"Expresso Metropolitano\"},\"image\":{\"@id\":\"https:\\\/\\\/expressometro.mx\\\/#\\\/schema\\\/logo\\\/image\\\/\"}},{\"@type\":\"Person\",\"@id\":\"https:\\\/\\\/expressometro.mx\\\/#\\\/schema\\\/person\\\/efa971b4a0664db8ed5c22b1b0dd2f5d\",\"name\":\"Expresso Metropolitano\",\"image\":{\"@type\":\"ImageObject\",\"inLanguage\":\"es\",\"@id\":\"https:\\\/\\\/secure.gravatar.com\\\/avatar\\\/a89f802b8de18c6952f223c88d3d106e9e3679839f4e25a02f4a6cc2ae6ba3b3?s=96&d=mm&r=g\",\"url\":\"https:\\\/\\\/secure.gravatar.com\\\/avatar\\\/a89f802b8de18c6952f223c88d3d106e9e3679839f4e25a02f4a6cc2ae6ba3b3?s=96&d=mm&r=g\",\"contentUrl\":\"https:\\\/\\\/secure.gravatar.com\\\/avatar\\\/a89f802b8de18c6952f223c88d3d106e9e3679839f4e25a02f4a6cc2ae6ba3b3?s=96&d=mm&r=g\",\"caption\":\"Expresso Metropolitano\"},\"url\":\"https:\\\/\\\/expressometro.mx\\\/index.php\\\/author\\\/diego\\\/\"}]}<\/script>\n<!-- \/ Yoast SEO plugin. -->","yoast_head_json":{"title":"DESTACA ALFREDO DEL MAZO LA REHABILITACI\u00d3N DE 295 CENTROS DE SALUD DEL EDOM\u00c9X EN EL \u00daLTIMO A\u00d1O - Expresso Metropolitano","robots":{"index":"index","follow":"follow","max-snippet":"max-snippet:-1","max-image-preview":"max-image-preview:large","max-video-preview":"max-video-preview:-1"},"canonical":"https:\/\/expressometro.mx\/index.php\/2020\/01\/07\/destaca-alfredo-del-mazo-la-rehabilitacion-de-295-centros-de-salud-del-edomex-en-el-ultimo-ano\/","og_locale":"es_MX","og_type":"article","og_title":"DESTACA ALFREDO DEL MAZO LA REHABILITACI\u00d3N DE 295 CENTROS DE SALUD DEL EDOM\u00c9X EN EL \u00daLTIMO A\u00d1O - Expresso Metropolitano","og_description":"Al encabezar la celebraci\u00f3n del D\u00eda de la Enfermera y del Enfermero, el Gobernador Alfredo Del Mazo Maza destac\u00f3 que su administraci\u00f3n rehabilit\u00f3 el a\u00f1o pasado 295 de los mil 221 Centros de Salud que hay en la entidad, y asegur\u00f3 que el resto ser\u00e1 remodelado en los siguientes tres a\u00f1os, con el objetivo de mejorar los servicios m\u00e9dicos que reciben los mexiquenses. \u201cHemos decidido concentrar nuestros esfuerzos en este trabajo. Logramos cerrar el a\u00f1o 2019 con 295 Centros rehabilitados y a lo largo de los pr\u00f3ximos tres a\u00f1os estaremos&hellip;","og_url":"https:\/\/expressometro.mx\/index.php\/2020\/01\/07\/destaca-alfredo-del-mazo-la-rehabilitacion-de-295-centros-de-salud-del-edomex-en-el-ultimo-ano\/","og_site_name":"Expresso Metropolitano","article_published_time":"2020-01-07T19:00:58+00:00","article_modified_time":"2020-01-15T19:01:56+00:00","og_image":[{"width":2000,"height":1702,"url":"https:\/\/expressometro.mx\/wp-content\/uploads\/2020\/01\/w2_11547_1.jpg","type":"image\/jpeg"}],"author":"Expresso Metropolitano","twitter_misc":{"Escrito por":"Expresso Metropolitano","Tiempo de lectura":"3 minutos"},"schema":{"@context":"https:\/\/schema.org","@graph":[{"@type":"Article","@id":"https:\/\/expressometro.mx\/index.php\/2020\/01\/07\/destaca-alfredo-del-mazo-la-rehabilitacion-de-295-centros-de-salud-del-edomex-en-el-ultimo-ano\/#article","isPartOf":{"@id":"https:\/\/expressometro.mx\/index.php\/2020\/01\/07\/destaca-alfredo-del-mazo-la-rehabilitacion-de-295-centros-de-salud-del-edomex-en-el-ultimo-ano\/"},"author":{"name":"Expresso Metropolitano","@id":"https:\/\/expressometro.mx\/#\/schema\/person\/efa971b4a0664db8ed5c22b1b0dd2f5d"},"headline":"DESTACA ALFREDO DEL MAZO LA REHABILITACI\u00d3N DE 295 CENTROS DE SALUD DEL EDOM\u00c9X EN EL \u00daLTIMO A\u00d1O","datePublished":"2020-01-07T19:00:58+00:00","dateModified":"2020-01-15T19:01:56+00:00","mainEntityOfPage":{"@id":"https:\/\/expressometro.mx\/index.php\/2020\/01\/07\/destaca-alfredo-del-mazo-la-rehabilitacion-de-295-centros-de-salud-del-edomex-en-el-ultimo-ano\/"},"wordCount":715,"commentCount":0,"publisher":{"@id":"https:\/\/expressometro.mx\/#organization"},"image":{"@id":"https:\/\/expressometro.mx\/index.php\/2020\/01\/07\/destaca-alfredo-del-mazo-la-rehabilitacion-de-295-centros-de-salud-del-edomex-en-el-ultimo-ano\/#primaryimage"},"thumbnailUrl":"https:\/\/expressometro.mx\/wp-content\/uploads\/2020\/01\/w2_11547_1.jpg","articleSection":["Gobierno","Salud"],"inLanguage":"es","potentialAction":[{"@type":"CommentAction","name":"Comment","target":["https:\/\/expressometro.mx\/index.php\/2020\/01\/07\/destaca-alfredo-del-mazo-la-rehabilitacion-de-295-centros-de-salud-del-edomex-en-el-ultimo-ano\/#respond"]}]},{"@type":"WebPage","@id":"https:\/\/expressometro.mx\/index.php\/2020\/01\/07\/destaca-alfredo-del-mazo-la-rehabilitacion-de-295-centros-de-salud-del-edomex-en-el-ultimo-ano\/","url":"https:\/\/expressometro.mx\/index.php\/2020\/01\/07\/destaca-alfredo-del-mazo-la-rehabilitacion-de-295-centros-de-salud-del-edomex-en-el-ultimo-ano\/","name":"DESTACA ALFREDO DEL MAZO LA REHABILITACI\u00d3N DE 295 CENTROS DE SALUD DEL EDOM\u00c9X EN EL \u00daLTIMO A\u00d1O - Expresso Metropolitano","isPartOf":{"@id":"https:\/\/expressometro.mx\/#website"},"primaryImageOfPage":{"@id":"https:\/\/expressometro.mx\/index.php\/2020\/01\/07\/destaca-alfredo-del-mazo-la-rehabilitacion-de-295-centros-de-salud-del-edomex-en-el-ultimo-ano\/#primaryimage"},"image":{"@id":"https:\/\/expressometro.mx\/index.php\/2020\/01\/07\/destaca-alfredo-del-mazo-la-rehabilitacion-de-295-centros-de-salud-del-edomex-en-el-ultimo-ano\/#primaryimage"},"thumbnailUrl":"https:\/\/expressometro.mx\/wp-content\/uploads\/2020\/01\/w2_11547_1.jpg","datePublished":"2020-01-07T19:00:58+00:00","dateModified":"2020-01-15T19:01:56+00:00","breadcrumb":{"@id":"https:\/\/expressometro.mx\/index.php\/2020\/01\/07\/destaca-alfredo-del-mazo-la-rehabilitacion-de-295-centros-de-salud-del-edomex-en-el-ultimo-ano\/#breadcrumb"},"inLanguage":"es","potentialAction":[{"@type":"ReadAction","target":["https:\/\/expressometro.mx\/index.php\/2020\/01\/07\/destaca-alfredo-del-mazo-la-rehabilitacion-de-295-centros-de-salud-del-edomex-en-el-ultimo-ano\/"]}]},{"@type":"ImageObject","inLanguage":"es","@id":"https:\/\/expressometro.mx\/index.php\/2020\/01\/07\/destaca-alfredo-del-mazo-la-rehabilitacion-de-295-centros-de-salud-del-edomex-en-el-ultimo-ano\/#primaryimage","url":"https:\/\/expressometro.mx\/wp-content\/uploads\/2020\/01\/w2_11547_1.jpg","contentUrl":"https:\/\/expressometro.mx\/wp-content\/uploads\/2020\/01\/w2_11547_1.jpg","width":2000,"height":1702},{"@type":"BreadcrumbList","@id":"https:\/\/expressometro.mx\/index.php\/2020\/01\/07\/destaca-alfredo-del-mazo-la-rehabilitacion-de-295-centros-de-salud-del-edomex-en-el-ultimo-ano\/#breadcrumb","itemListElement":[{"@type":"ListItem","position":1,"name":"Inicio","item":"https:\/\/expressometro.mx\/"},{"@type":"ListItem","position":2,"name":"DESTACA ALFREDO DEL MAZO LA REHABILITACI\u00d3N DE 295 CENTROS DE SALUD DEL EDOM\u00c9X EN EL \u00daLTIMO A\u00d1O"}]},{"@type":"WebSite","@id":"https:\/\/expressometro.mx\/#website","url":"https:\/\/expressometro.mx\/","name":"Expresso Metropolitano","description":"Periodismo comprometido, informaci\u00f3n, investigaci\u00f3n y an\u00e1lisis","publisher":{"@id":"https:\/\/expressometro.mx\/#organization"},"potentialAction":[{"@type":"SearchAction","target":{"@type":"EntryPoint","urlTemplate":"https:\/\/expressometro.mx\/?s={search_term_string}"},"query-input":{"@type":"PropertyValueSpecification","valueRequired":true,"valueName":"search_term_string"}}],"inLanguage":"es"},{"@type":"Organization","@id":"https:\/\/expressometro.mx\/#organization","name":"Expresso Metropolitano","url":"https:\/\/expressometro.mx\/","logo":{"@type":"ImageObject","inLanguage":"es","@id":"https:\/\/expressometro.mx\/#\/schema\/logo\/image\/","url":"https:\/\/expressometro.mx\/wp-content\/uploads\/2019\/07\/cropped-Logo-Expresso-Metropolitano-1-1.jpeg","contentUrl":"https:\/\/expressometro.mx\/wp-content\/uploads\/2019\/07\/cropped-Logo-Expresso-Metropolitano-1-1.jpeg","width":290,"height":73,"caption":"Expresso Metropolitano"},"image":{"@id":"https:\/\/expressometro.mx\/#\/schema\/logo\/image\/"}},{"@type":"Person","@id":"https:\/\/expressometro.mx\/#\/schema\/person\/efa971b4a0664db8ed5c22b1b0dd2f5d","name":"Expresso Metropolitano","image":{"@type":"ImageObject","inLanguage":"es","@id":"https:\/\/secure.gravatar.com\/avatar\/a89f802b8de18c6952f223c88d3d106e9e3679839f4e25a02f4a6cc2ae6ba3b3?s=96&d=mm&r=g","url":"https:\/\/secure.gravatar.com\/avatar\/a89f802b8de18c6952f223c88d3d106e9e3679839f4e25a02f4a6cc2ae6ba3b3?s=96&d=mm&r=g","contentUrl":"https:\/\/secure.gravatar.com\/avatar\/a89f802b8de18c6952f223c88d3d106e9e3679839f4e25a02f4a6cc2ae6ba3b3?s=96&d=mm&r=g","caption":"Expresso Metropolitano"},"url":"https:\/\/expressometro.mx\/index.php\/author\/diego\/"}]}},"amp_enabled":true,"_links":{"self":[{"href":"https:\/\/expressometro.mx\/index.php\/wp-json\/wp\/v2\/posts\/1116","targetHints":{"allow":["GET"]}}],"collection":[{"href":"https:\/\/expressometro.mx\/index.php\/wp-json\/wp\/v2\/posts"}],"about":[{"href":"https:\/\/expressometro.mx\/index.php\/wp-json\/wp\/v2\/types\/post"}],"author":[{"embeddable":true,"href":"https:\/\/expressometro.mx\/index.php\/wp-json\/wp\/v2\/users\/1"}],"replies":[{"embeddable":true,"href":"https:\/\/expressometro.mx\/index.php\/wp-json\/wp\/v2\/comments?post=1116"}],"version-history":[{"count":1,"href":"https:\/\/expressometro.mx\/index.php\/wp-json\/wp\/v2\/posts\/1116\/revisions"}],"predecessor-version":[{"id":1118,"href":"https:\/\/expressometro.mx\/index.php\/wp-json\/wp\/v2\/posts\/1116\/revisions\/1118"}],"wp:featuredmedia":[{"embeddable":true,"href":"https:\/\/expressometro.mx\/index.php\/wp-json\/wp\/v2\/media\/1117"}],"wp:attachment":[{"href":"https:\/\/expressometro.mx\/index.php\/wp-json\/wp\/v2\/media?parent=1116"}],"wp:term":[{"taxonomy":"category","embeddable":true,"href":"https:\/\/expressometro.mx\/index.php\/wp-json\/wp\/v2\/categories?post=1116"},{"taxonomy":"post_tag","embeddable":true,"href":"https:\/\/expressometro.mx\/index.php\/wp-json\/wp\/v2\/tags?post=1116"}],"curies":[{"name":"wp","href":"https:\/\/api.w.org\/{rel}","templated":true}]}}