{"id":11117,"date":"2025-03-20T20:21:32","date_gmt":"2025-03-21T02:21:32","guid":{"rendered":"https:\/\/expressometro.mx\/?p=11117"},"modified":"2025-04-04T20:25:00","modified_gmt":"2025-04-05T02:25:00","slug":"firma-del-convenio-de-colaboracion-de-voluntad-anticipada-con-la-secretaria-de-salud-del-estado-de-mexico","status":"publish","type":"post","link":"https:\/\/expressometro.mx\/index.php\/2025\/03\/20\/firma-del-convenio-de-colaboracion-de-voluntad-anticipada-con-la-secretaria-de-salud-del-estado-de-mexico\/","title":{"rendered":"FIRMA DEL CONVENIO DE COLABORACI\u00d3N DE VOLUNTAD ANTICIPADA CON LA SECRETAR\u00cdA DE SALUD DEL ESTADO DE M\u00c9XICO"},"content":{"rendered":"\n<p>Se firm\u00f3 el convenio de colaboraci\u00f3n de Voluntad Anticipada con la titular de la <a href=\"https:\/\/www.facebook.com\/Salud.Edomex?__cft__[0]=AZU4kiBYBlUhNVMPIxH0WOAouypQOSHQhqGg5_3d2S96NPM_ug42nTh55AmaRNnlYGOtLvK1b_WQrSrFBJsQX8cZO6To20kjGLFAqP3CtU7juTWOD0fWI3aahUnrZBVrhYlV1l8_T314bJ8xh6DPvIiUxl3R5wr-cp8wBwwRr4D3YA&amp;__tn__=-]K-R\">Secretar\u00eda de Salud del Estado de M\u00e9xico<\/a>, Macarena Montoya Olvera, el cual nos permitir\u00e1 sensibilizar a las comunidades acad\u00e9mica y m\u00e9dica, as\u00ed como a la poblaci\u00f3n en general, sobre la importancia de establecer un instrumento jur\u00eddico en pro del respeto de los derechos humanos.<\/p>\n\n\n\n<p><a href=\"https:\/\/www.facebook.com\/hashtag\/somosuaem%C3%A9x?__eep__=6&amp;__cft__[0]=AZU4kiBYBlUhNVMPIxH0WOAouypQOSHQhqGg5_3d2S96NPM_ug42nTh55AmaRNnlYGOtLvK1b_WQrSrFBJsQX8cZO6To20kjGLFAqP3CtU7juTWOD0fWI3aahUnrZBVrhYlV1l8_T314bJ8xh6DPvIiUxl3R5wr-cp8wBwwRr4D3YA&amp;__tn__=*NK-R\">#SomosUAEM\u00e9x<\/a><\/p>\n\n\n\n<figure class=\"wp-block-image size-full is-resized\"><img decoding=\"async\" width=\"593\" height=\"395\" src=\"https:\/\/expressometro.mx\/wp-content\/uploads\/2025\/04\/WhatsApp-Image-2025-04-04-at-8.23.03-PM.jpeg\" alt=\"\" class=\"wp-image-11120\" style=\"width:634px;height:auto\" srcset=\"https:\/\/expressometro.mx\/wp-content\/uploads\/2025\/04\/WhatsApp-Image-2025-04-04-at-8.23.03-PM.jpeg 593w, https:\/\/expressometro.mx\/wp-content\/uploads\/2025\/04\/WhatsApp-Image-2025-04-04-at-8.23.03-PM-548x365.jpeg 548w\" sizes=\"(max-width: 593px) 100vw, 593px\" \/><\/figure>\n","protected":false},"excerpt":{"rendered":"<p>Se firm\u00f3 el convenio de colaboraci\u00f3n de Voluntad Anticipada con la titular de la Secretar\u00eda de Salud del Estado de M\u00e9xico, Macarena Montoya Olvera<\/p>\n","protected":false},"author":1,"featured_media":11119,"comment_status":"open","ping_status":"open","sticky":false,"template":"","format":"standard","meta":{"footnotes":""},"categories":[108,3,1,231],"tags":[313,1982,86,82],"class_list":["post-11117","post","type-post","status-publish","format-standard","has-post-thumbnail","hentry","category-educacion","category-gobierno","category-otros","category-politica","tag-carlos-eduardo-barrera-diaz","tag-edomex","tag-gem","tag-uaemex"],"yoast_head":"<!-- This site is optimized with the Yoast SEO plugin v27.5 - https:\/\/yoast.com\/product\/yoast-seo-wordpress\/ -->\n<title>FIRMA DEL CONVENIO DE COLABORACI\u00d3N DE VOLUNTAD ANTICIPADA CON LA SECRETAR\u00cdA DE SALUD DEL ESTADO DE M\u00c9XICO - Expresso Metropolitano<\/title>\n<meta name=\"robots\" content=\"index, follow, max-snippet:-1, max-image-preview:large, max-video-preview:-1\" \/>\n<link rel=\"canonical\" href=\"https:\/\/expressometro.mx\/index.php\/2025\/03\/20\/firma-del-convenio-de-colaboracion-de-voluntad-anticipada-con-la-secretaria-de-salud-del-estado-de-mexico\/\" \/>\n<meta property=\"og:locale\" content=\"es_MX\" \/>\n<meta property=\"og:type\" content=\"article\" \/>\n<meta property=\"og:title\" content=\"FIRMA DEL CONVENIO DE COLABORACI\u00d3N DE VOLUNTAD ANTICIPADA CON LA SECRETAR\u00cdA DE SALUD DEL ESTADO DE M\u00c9XICO - Expresso Metropolitano\" \/>\n<meta property=\"og:description\" content=\"Se firm\u00f3 el convenio de colaboraci\u00f3n de Voluntad Anticipada con la titular de la Secretar\u00eda de Salud del Estado de M\u00e9xico, Macarena Montoya Olvera\" \/>\n<meta property=\"og:url\" content=\"https:\/\/expressometro.mx\/index.php\/2025\/03\/20\/firma-del-convenio-de-colaboracion-de-voluntad-anticipada-con-la-secretaria-de-salud-del-estado-de-mexico\/\" \/>\n<meta property=\"og:site_name\" content=\"Expresso Metropolitano\" \/>\n<meta property=\"article:published_time\" content=\"2025-03-21T02:21:32+00:00\" \/>\n<meta property=\"article:modified_time\" content=\"2025-04-05T02:25:00+00:00\" \/>\n<meta property=\"og:image\" content=\"http:\/\/expressometro.mx\/wp-content\/uploads\/2025\/04\/WhatsApp-Image-2025-04-04-at-8.23.10-PM.jpeg\" \/>\n\t<meta property=\"og:image:width\" content=\"593\" \/>\n\t<meta property=\"og:image:height\" content=\"395\" \/>\n\t<meta property=\"og:image:type\" content=\"image\/jpeg\" \/>\n<meta name=\"author\" content=\"Expresso Metropolitano\" \/>\n<meta name=\"twitter:label1\" content=\"Escrito por\" \/>\n\t<meta name=\"twitter:data1\" content=\"Expresso Metropolitano\" \/>\n\t<meta name=\"twitter:label2\" content=\"Tiempo de lectura\" \/>\n\t<meta name=\"twitter:data2\" content=\"1 minuto\" \/>\n<script type=\"application\/ld+json\" class=\"yoast-schema-graph\">{\"@context\":\"https:\\\/\\\/schema.org\",\"@graph\":[{\"@type\":\"Article\",\"@id\":\"https:\\\/\\\/expressometro.mx\\\/index.php\\\/2025\\\/03\\\/20\\\/firma-del-convenio-de-colaboracion-de-voluntad-anticipada-con-la-secretaria-de-salud-del-estado-de-mexico\\\/#article\",\"isPartOf\":{\"@id\":\"https:\\\/\\\/expressometro.mx\\\/index.php\\\/2025\\\/03\\\/20\\\/firma-del-convenio-de-colaboracion-de-voluntad-anticipada-con-la-secretaria-de-salud-del-estado-de-mexico\\\/\"},\"author\":{\"name\":\"Expresso Metropolitano\",\"@id\":\"https:\\\/\\\/expressometro.mx\\\/#\\\/schema\\\/person\\\/efa971b4a0664db8ed5c22b1b0dd2f5d\"},\"headline\":\"FIRMA DEL CONVENIO DE COLABORACI\u00d3N DE VOLUNTAD ANTICIPADA CON LA SECRETAR\u00cdA DE SALUD DEL ESTADO DE M\u00c9XICO\",\"datePublished\":\"2025-03-21T02:21:32+00:00\",\"dateModified\":\"2025-04-05T02:25:00+00:00\",\"mainEntityOfPage\":{\"@id\":\"https:\\\/\\\/expressometro.mx\\\/index.php\\\/2025\\\/03\\\/20\\\/firma-del-convenio-de-colaboracion-de-voluntad-anticipada-con-la-secretaria-de-salud-del-estado-de-mexico\\\/\"},\"wordCount\":87,\"commentCount\":0,\"publisher\":{\"@id\":\"https:\\\/\\\/expressometro.mx\\\/#organization\"},\"image\":{\"@id\":\"https:\\\/\\\/expressometro.mx\\\/index.php\\\/2025\\\/03\\\/20\\\/firma-del-convenio-de-colaboracion-de-voluntad-anticipada-con-la-secretaria-de-salud-del-estado-de-mexico\\\/#primaryimage\"},\"thumbnailUrl\":\"https:\\\/\\\/expressometro.mx\\\/wp-content\\\/uploads\\\/2025\\\/04\\\/WhatsApp-Image-2025-04-04-at-8.23.10-PM.jpeg\",\"keywords\":[\"Carlos Eduardo Barrera D\u00edaz\",\"Edomex\",\"GEM\",\"UAEMex\"],\"articleSection\":[\"Educaci\u00f3n\",\"Gobierno\",\"Otros\",\"Pol\u00edtica\"],\"inLanguage\":\"es\",\"potentialAction\":[{\"@type\":\"CommentAction\",\"name\":\"Comment\",\"target\":[\"https:\\\/\\\/expressometro.mx\\\/index.php\\\/2025\\\/03\\\/20\\\/firma-del-convenio-de-colaboracion-de-voluntad-anticipada-con-la-secretaria-de-salud-del-estado-de-mexico\\\/#respond\"]}]},{\"@type\":\"WebPage\",\"@id\":\"https:\\\/\\\/expressometro.mx\\\/index.php\\\/2025\\\/03\\\/20\\\/firma-del-convenio-de-colaboracion-de-voluntad-anticipada-con-la-secretaria-de-salud-del-estado-de-mexico\\\/\",\"url\":\"https:\\\/\\\/expressometro.mx\\\/index.php\\\/2025\\\/03\\\/20\\\/firma-del-convenio-de-colaboracion-de-voluntad-anticipada-con-la-secretaria-de-salud-del-estado-de-mexico\\\/\",\"name\":\"FIRMA DEL CONVENIO DE COLABORACI\u00d3N DE VOLUNTAD ANTICIPADA CON LA SECRETAR\u00cdA DE SALUD DEL ESTADO DE M\u00c9XICO - Expresso Metropolitano\",\"isPartOf\":{\"@id\":\"https:\\\/\\\/expressometro.mx\\\/#website\"},\"primaryImageOfPage\":{\"@id\":\"https:\\\/\\\/expressometro.mx\\\/index.php\\\/2025\\\/03\\\/20\\\/firma-del-convenio-de-colaboracion-de-voluntad-anticipada-con-la-secretaria-de-salud-del-estado-de-mexico\\\/#primaryimage\"},\"image\":{\"@id\":\"https:\\\/\\\/expressometro.mx\\\/index.php\\\/2025\\\/03\\\/20\\\/firma-del-convenio-de-colaboracion-de-voluntad-anticipada-con-la-secretaria-de-salud-del-estado-de-mexico\\\/#primaryimage\"},\"thumbnailUrl\":\"https:\\\/\\\/expressometro.mx\\\/wp-content\\\/uploads\\\/2025\\\/04\\\/WhatsApp-Image-2025-04-04-at-8.23.10-PM.jpeg\",\"datePublished\":\"2025-03-21T02:21:32+00:00\",\"dateModified\":\"2025-04-05T02:25:00+00:00\",\"breadcrumb\":{\"@id\":\"https:\\\/\\\/expressometro.mx\\\/index.php\\\/2025\\\/03\\\/20\\\/firma-del-convenio-de-colaboracion-de-voluntad-anticipada-con-la-secretaria-de-salud-del-estado-de-mexico\\\/#breadcrumb\"},\"inLanguage\":\"es\",\"potentialAction\":[{\"@type\":\"ReadAction\",\"target\":[\"https:\\\/\\\/expressometro.mx\\\/index.php\\\/2025\\\/03\\\/20\\\/firma-del-convenio-de-colaboracion-de-voluntad-anticipada-con-la-secretaria-de-salud-del-estado-de-mexico\\\/\"]}]},{\"@type\":\"ImageObject\",\"inLanguage\":\"es\",\"@id\":\"https:\\\/\\\/expressometro.mx\\\/index.php\\\/2025\\\/03\\\/20\\\/firma-del-convenio-de-colaboracion-de-voluntad-anticipada-con-la-secretaria-de-salud-del-estado-de-mexico\\\/#primaryimage\",\"url\":\"https:\\\/\\\/expressometro.mx\\\/wp-content\\\/uploads\\\/2025\\\/04\\\/WhatsApp-Image-2025-04-04-at-8.23.10-PM.jpeg\",\"contentUrl\":\"https:\\\/\\\/expressometro.mx\\\/wp-content\\\/uploads\\\/2025\\\/04\\\/WhatsApp-Image-2025-04-04-at-8.23.10-PM.jpeg\",\"width\":593,\"height\":395},{\"@type\":\"BreadcrumbList\",\"@id\":\"https:\\\/\\\/expressometro.mx\\\/index.php\\\/2025\\\/03\\\/20\\\/firma-del-convenio-de-colaboracion-de-voluntad-anticipada-con-la-secretaria-de-salud-del-estado-de-mexico\\\/#breadcrumb\",\"itemListElement\":[{\"@type\":\"ListItem\",\"position\":1,\"name\":\"Inicio\",\"item\":\"https:\\\/\\\/expressometro.mx\\\/\"},{\"@type\":\"ListItem\",\"position\":2,\"name\":\"FIRMA DEL CONVENIO DE COLABORACI\u00d3N DE VOLUNTAD ANTICIPADA CON LA SECRETAR\u00cdA DE SALUD DEL ESTADO DE M\u00c9XICO\"}]},{\"@type\":\"WebSite\",\"@id\":\"https:\\\/\\\/expressometro.mx\\\/#website\",\"url\":\"https:\\\/\\\/expressometro.mx\\\/\",\"name\":\"Expresso Metropolitano\",\"description\":\"Periodismo comprometido, informaci\u00f3n, investigaci\u00f3n y an\u00e1lisis\",\"publisher\":{\"@id\":\"https:\\\/\\\/expressometro.mx\\\/#organization\"},\"potentialAction\":[{\"@type\":\"SearchAction\",\"target\":{\"@type\":\"EntryPoint\",\"urlTemplate\":\"https:\\\/\\\/expressometro.mx\\\/?s={search_term_string}\"},\"query-input\":{\"@type\":\"PropertyValueSpecification\",\"valueRequired\":true,\"valueName\":\"search_term_string\"}}],\"inLanguage\":\"es\"},{\"@type\":\"Organization\",\"@id\":\"https:\\\/\\\/expressometro.mx\\\/#organization\",\"name\":\"Expresso Metropolitano\",\"url\":\"https:\\\/\\\/expressometro.mx\\\/\",\"logo\":{\"@type\":\"ImageObject\",\"inLanguage\":\"es\",\"@id\":\"https:\\\/\\\/expressometro.mx\\\/#\\\/schema\\\/logo\\\/image\\\/\",\"url\":\"https:\\\/\\\/expressometro.mx\\\/wp-content\\\/uploads\\\/2019\\\/07\\\/cropped-Logo-Expresso-Metropolitano-1-1.jpeg\",\"contentUrl\":\"https:\\\/\\\/expressometro.mx\\\/wp-content\\\/uploads\\\/2019\\\/07\\\/cropped-Logo-Expresso-Metropolitano-1-1.jpeg\",\"width\":290,\"height\":73,\"caption\":\"Expresso Metropolitano\"},\"image\":{\"@id\":\"https:\\\/\\\/expressometro.mx\\\/#\\\/schema\\\/logo\\\/image\\\/\"}},{\"@type\":\"Person\",\"@id\":\"https:\\\/\\\/expressometro.mx\\\/#\\\/schema\\\/person\\\/efa971b4a0664db8ed5c22b1b0dd2f5d\",\"name\":\"Expresso Metropolitano\",\"image\":{\"@type\":\"ImageObject\",\"inLanguage\":\"es\",\"@id\":\"https:\\\/\\\/secure.gravatar.com\\\/avatar\\\/a89f802b8de18c6952f223c88d3d106e9e3679839f4e25a02f4a6cc2ae6ba3b3?s=96&d=mm&r=g\",\"url\":\"https:\\\/\\\/secure.gravatar.com\\\/avatar\\\/a89f802b8de18c6952f223c88d3d106e9e3679839f4e25a02f4a6cc2ae6ba3b3?s=96&d=mm&r=g\",\"contentUrl\":\"https:\\\/\\\/secure.gravatar.com\\\/avatar\\\/a89f802b8de18c6952f223c88d3d106e9e3679839f4e25a02f4a6cc2ae6ba3b3?s=96&d=mm&r=g\",\"caption\":\"Expresso Metropolitano\"},\"url\":\"https:\\\/\\\/expressometro.mx\\\/index.php\\\/author\\\/diego\\\/\"}]}<\/script>\n<!-- \/ Yoast SEO plugin. -->","yoast_head_json":{"title":"FIRMA DEL CONVENIO DE COLABORACI\u00d3N DE VOLUNTAD ANTICIPADA CON LA SECRETAR\u00cdA DE SALUD DEL ESTADO DE M\u00c9XICO - Expresso Metropolitano","robots":{"index":"index","follow":"follow","max-snippet":"max-snippet:-1","max-image-preview":"max-image-preview:large","max-video-preview":"max-video-preview:-1"},"canonical":"https:\/\/expressometro.mx\/index.php\/2025\/03\/20\/firma-del-convenio-de-colaboracion-de-voluntad-anticipada-con-la-secretaria-de-salud-del-estado-de-mexico\/","og_locale":"es_MX","og_type":"article","og_title":"FIRMA DEL CONVENIO DE COLABORACI\u00d3N DE VOLUNTAD ANTICIPADA CON LA SECRETAR\u00cdA DE SALUD DEL ESTADO DE M\u00c9XICO - Expresso Metropolitano","og_description":"Se firm\u00f3 el convenio de colaboraci\u00f3n de Voluntad Anticipada con la titular de la Secretar\u00eda de Salud del Estado de M\u00e9xico, Macarena Montoya Olvera","og_url":"https:\/\/expressometro.mx\/index.php\/2025\/03\/20\/firma-del-convenio-de-colaboracion-de-voluntad-anticipada-con-la-secretaria-de-salud-del-estado-de-mexico\/","og_site_name":"Expresso Metropolitano","article_published_time":"2025-03-21T02:21:32+00:00","article_modified_time":"2025-04-05T02:25:00+00:00","og_image":[{"width":593,"height":395,"url":"http:\/\/expressometro.mx\/wp-content\/uploads\/2025\/04\/WhatsApp-Image-2025-04-04-at-8.23.10-PM.jpeg","type":"image\/jpeg"}],"author":"Expresso Metropolitano","twitter_misc":{"Escrito por":"Expresso Metropolitano","Tiempo de lectura":"1 minuto"},"schema":{"@context":"https:\/\/schema.org","@graph":[{"@type":"Article","@id":"https:\/\/expressometro.mx\/index.php\/2025\/03\/20\/firma-del-convenio-de-colaboracion-de-voluntad-anticipada-con-la-secretaria-de-salud-del-estado-de-mexico\/#article","isPartOf":{"@id":"https:\/\/expressometro.mx\/index.php\/2025\/03\/20\/firma-del-convenio-de-colaboracion-de-voluntad-anticipada-con-la-secretaria-de-salud-del-estado-de-mexico\/"},"author":{"name":"Expresso Metropolitano","@id":"https:\/\/expressometro.mx\/#\/schema\/person\/efa971b4a0664db8ed5c22b1b0dd2f5d"},"headline":"FIRMA DEL CONVENIO DE COLABORACI\u00d3N DE VOLUNTAD ANTICIPADA CON LA SECRETAR\u00cdA DE SALUD DEL ESTADO DE M\u00c9XICO","datePublished":"2025-03-21T02:21:32+00:00","dateModified":"2025-04-05T02:25:00+00:00","mainEntityOfPage":{"@id":"https:\/\/expressometro.mx\/index.php\/2025\/03\/20\/firma-del-convenio-de-colaboracion-de-voluntad-anticipada-con-la-secretaria-de-salud-del-estado-de-mexico\/"},"wordCount":87,"commentCount":0,"publisher":{"@id":"https:\/\/expressometro.mx\/#organization"},"image":{"@id":"https:\/\/expressometro.mx\/index.php\/2025\/03\/20\/firma-del-convenio-de-colaboracion-de-voluntad-anticipada-con-la-secretaria-de-salud-del-estado-de-mexico\/#primaryimage"},"thumbnailUrl":"https:\/\/expressometro.mx\/wp-content\/uploads\/2025\/04\/WhatsApp-Image-2025-04-04-at-8.23.10-PM.jpeg","keywords":["Carlos Eduardo Barrera D\u00edaz","Edomex","GEM","UAEMex"],"articleSection":["Educaci\u00f3n","Gobierno","Otros","Pol\u00edtica"],"inLanguage":"es","potentialAction":[{"@type":"CommentAction","name":"Comment","target":["https:\/\/expressometro.mx\/index.php\/2025\/03\/20\/firma-del-convenio-de-colaboracion-de-voluntad-anticipada-con-la-secretaria-de-salud-del-estado-de-mexico\/#respond"]}]},{"@type":"WebPage","@id":"https:\/\/expressometro.mx\/index.php\/2025\/03\/20\/firma-del-convenio-de-colaboracion-de-voluntad-anticipada-con-la-secretaria-de-salud-del-estado-de-mexico\/","url":"https:\/\/expressometro.mx\/index.php\/2025\/03\/20\/firma-del-convenio-de-colaboracion-de-voluntad-anticipada-con-la-secretaria-de-salud-del-estado-de-mexico\/","name":"FIRMA DEL CONVENIO DE COLABORACI\u00d3N DE VOLUNTAD ANTICIPADA CON LA SECRETAR\u00cdA DE SALUD DEL ESTADO DE M\u00c9XICO - Expresso Metropolitano","isPartOf":{"@id":"https:\/\/expressometro.mx\/#website"},"primaryImageOfPage":{"@id":"https:\/\/expressometro.mx\/index.php\/2025\/03\/20\/firma-del-convenio-de-colaboracion-de-voluntad-anticipada-con-la-secretaria-de-salud-del-estado-de-mexico\/#primaryimage"},"image":{"@id":"https:\/\/expressometro.mx\/index.php\/2025\/03\/20\/firma-del-convenio-de-colaboracion-de-voluntad-anticipada-con-la-secretaria-de-salud-del-estado-de-mexico\/#primaryimage"},"thumbnailUrl":"https:\/\/expressometro.mx\/wp-content\/uploads\/2025\/04\/WhatsApp-Image-2025-04-04-at-8.23.10-PM.jpeg","datePublished":"2025-03-21T02:21:32+00:00","dateModified":"2025-04-05T02:25:00+00:00","breadcrumb":{"@id":"https:\/\/expressometro.mx\/index.php\/2025\/03\/20\/firma-del-convenio-de-colaboracion-de-voluntad-anticipada-con-la-secretaria-de-salud-del-estado-de-mexico\/#breadcrumb"},"inLanguage":"es","potentialAction":[{"@type":"ReadAction","target":["https:\/\/expressometro.mx\/index.php\/2025\/03\/20\/firma-del-convenio-de-colaboracion-de-voluntad-anticipada-con-la-secretaria-de-salud-del-estado-de-mexico\/"]}]},{"@type":"ImageObject","inLanguage":"es","@id":"https:\/\/expressometro.mx\/index.php\/2025\/03\/20\/firma-del-convenio-de-colaboracion-de-voluntad-anticipada-con-la-secretaria-de-salud-del-estado-de-mexico\/#primaryimage","url":"https:\/\/expressometro.mx\/wp-content\/uploads\/2025\/04\/WhatsApp-Image-2025-04-04-at-8.23.10-PM.jpeg","contentUrl":"https:\/\/expressometro.mx\/wp-content\/uploads\/2025\/04\/WhatsApp-Image-2025-04-04-at-8.23.10-PM.jpeg","width":593,"height":395},{"@type":"BreadcrumbList","@id":"https:\/\/expressometro.mx\/index.php\/2025\/03\/20\/firma-del-convenio-de-colaboracion-de-voluntad-anticipada-con-la-secretaria-de-salud-del-estado-de-mexico\/#breadcrumb","itemListElement":[{"@type":"ListItem","position":1,"name":"Inicio","item":"https:\/\/expressometro.mx\/"},{"@type":"ListItem","position":2,"name":"FIRMA DEL CONVENIO DE COLABORACI\u00d3N DE VOLUNTAD ANTICIPADA CON LA SECRETAR\u00cdA DE SALUD DEL ESTADO DE M\u00c9XICO"}]},{"@type":"WebSite","@id":"https:\/\/expressometro.mx\/#website","url":"https:\/\/expressometro.mx\/","name":"Expresso Metropolitano","description":"Periodismo comprometido, informaci\u00f3n, investigaci\u00f3n y an\u00e1lisis","publisher":{"@id":"https:\/\/expressometro.mx\/#organization"},"potentialAction":[{"@type":"SearchAction","target":{"@type":"EntryPoint","urlTemplate":"https:\/\/expressometro.mx\/?s={search_term_string}"},"query-input":{"@type":"PropertyValueSpecification","valueRequired":true,"valueName":"search_term_string"}}],"inLanguage":"es"},{"@type":"Organization","@id":"https:\/\/expressometro.mx\/#organization","name":"Expresso Metropolitano","url":"https:\/\/expressometro.mx\/","logo":{"@type":"ImageObject","inLanguage":"es","@id":"https:\/\/expressometro.mx\/#\/schema\/logo\/image\/","url":"https:\/\/expressometro.mx\/wp-content\/uploads\/2019\/07\/cropped-Logo-Expresso-Metropolitano-1-1.jpeg","contentUrl":"https:\/\/expressometro.mx\/wp-content\/uploads\/2019\/07\/cropped-Logo-Expresso-Metropolitano-1-1.jpeg","width":290,"height":73,"caption":"Expresso Metropolitano"},"image":{"@id":"https:\/\/expressometro.mx\/#\/schema\/logo\/image\/"}},{"@type":"Person","@id":"https:\/\/expressometro.mx\/#\/schema\/person\/efa971b4a0664db8ed5c22b1b0dd2f5d","name":"Expresso Metropolitano","image":{"@type":"ImageObject","inLanguage":"es","@id":"https:\/\/secure.gravatar.com\/avatar\/a89f802b8de18c6952f223c88d3d106e9e3679839f4e25a02f4a6cc2ae6ba3b3?s=96&d=mm&r=g","url":"https:\/\/secure.gravatar.com\/avatar\/a89f802b8de18c6952f223c88d3d106e9e3679839f4e25a02f4a6cc2ae6ba3b3?s=96&d=mm&r=g","contentUrl":"https:\/\/secure.gravatar.com\/avatar\/a89f802b8de18c6952f223c88d3d106e9e3679839f4e25a02f4a6cc2ae6ba3b3?s=96&d=mm&r=g","caption":"Expresso Metropolitano"},"url":"https:\/\/expressometro.mx\/index.php\/author\/diego\/"}]}},"amp_enabled":true,"_links":{"self":[{"href":"https:\/\/expressometro.mx\/index.php\/wp-json\/wp\/v2\/posts\/11117","targetHints":{"allow":["GET"]}}],"collection":[{"href":"https:\/\/expressometro.mx\/index.php\/wp-json\/wp\/v2\/posts"}],"about":[{"href":"https:\/\/expressometro.mx\/index.php\/wp-json\/wp\/v2\/types\/post"}],"author":[{"embeddable":true,"href":"https:\/\/expressometro.mx\/index.php\/wp-json\/wp\/v2\/users\/1"}],"replies":[{"embeddable":true,"href":"https:\/\/expressometro.mx\/index.php\/wp-json\/wp\/v2\/comments?post=11117"}],"version-history":[{"count":1,"href":"https:\/\/expressometro.mx\/index.php\/wp-json\/wp\/v2\/posts\/11117\/revisions"}],"predecessor-version":[{"id":11121,"href":"https:\/\/expressometro.mx\/index.php\/wp-json\/wp\/v2\/posts\/11117\/revisions\/11121"}],"wp:featuredmedia":[{"embeddable":true,"href":"https:\/\/expressometro.mx\/index.php\/wp-json\/wp\/v2\/media\/11119"}],"wp:attachment":[{"href":"https:\/\/expressometro.mx\/index.php\/wp-json\/wp\/v2\/media?parent=11117"}],"wp:term":[{"taxonomy":"category","embeddable":true,"href":"https:\/\/expressometro.mx\/index.php\/wp-json\/wp\/v2\/categories?post=11117"},{"taxonomy":"post_tag","embeddable":true,"href":"https:\/\/expressometro.mx\/index.php\/wp-json\/wp\/v2\/tags?post=11117"}],"curies":[{"name":"wp","href":"https:\/\/api.w.org\/{rel}","templated":true}]}}