{"id":11093,"date":"2025-04-02T21:38:30","date_gmt":"2025-04-03T03:38:30","guid":{"rendered":"https:\/\/expressometro.mx\/?p=11093"},"modified":"2025-04-02T21:38:31","modified_gmt":"2025-04-03T03:38:31","slug":"propone-senadora-del-pri-cristina-ruiz-sandoval","status":"publish","type":"post","link":"https:\/\/expressometro.mx\/index.php\/2025\/04\/02\/propone-senadora-del-pri-cristina-ruiz-sandoval\/","title":{"rendered":"PROPONE SENADORA DEL PRI CRISTINA RUIZ SANDOVAL"},"content":{"rendered":"\n<p><strong>REDUCIR EL IVA DEL 16% AL 10%<\/strong><\/p>\n\n\n\n<ul class=\"wp-block-list\">\n<li><strong><em>El PRI en el Senado considera que con ello se va a aliviar la econom\u00eda de los hogares y fortalecer el consumo interno.<\/em><\/strong><\/li>\n<\/ul>\n\n\n\n<ul class=\"wp-block-list\">\n<li><strong><em>Esta reducci\u00f3n generar\u00eda un ahorro significativo en los hogares, ya que estudios indican que permitir\u00eda disminuir hasta un 7% los costos de diversos productos.<\/em><\/strong><\/li>\n<\/ul>\n\n\n\n<p>Con el prop\u00f3sito de aliviar la carga econ\u00f3mica de las familias mexicanas y reactivar el mercado interno, el Grupo Parlamentario del PRI present\u00f3 una iniciativa para reformar la Ley del Impuesto al Valor Agregado y reducir la tasa general del IVA del 16% al 10%.<\/p>\n\n\n\n<p>Desde tribuna, la senadora Cristina Ruiz destac\u00f3 la urgencia de esta medida y record\u00f3 que es un compromiso del Gobierno con la ciudadan\u00eda que a\u00fan no se ha cumplido.<\/p>\n\n\n\n<p>Explic\u00f3 que esta reducci\u00f3n generar\u00eda un ahorro significativo en los hogares, ya que estudios indican que permitir\u00eda reducir hasta un 7% los costos de diversos productos.<\/p>\n\n\n\n<p>Ruiz Sandoval enfatiz\u00f3 que, en un contexto de inflaci\u00f3n y presiones comerciales globales, esta propuesta es una acci\u00f3n concreta en beneficio de la poblaci\u00f3n.<\/p>\n\n\n\n<p>Detall\u00f3 que, para un salario promedio de 12 mil pesos mensuales, la reducci\u00f3n del IVA representar\u00eda un ahorro de 1,920 pesos al mes, equivalente al costo de una canasta b\u00e1sica.<\/p>\n\n\n\n<p>Subray\u00f3 que este dinero podr\u00eda destinarse a medicinas que el Gobierno ha dejado de proporcionar, a gasolina cuyo precio no ha bajado o a mejorar la vivienda de las familias, a quienes el Gobierno no ha cumplido. &#8220;Si bajamos el IVA al 10%, estamos generando s\u00ed o s\u00ed un ahorro del 6% en los bolsillos de las y los mexicanos&#8221;, sostuvo. La senadora mexiquense advirti\u00f3 que los aumentos salariales resultan insuficientes si la inflaci\u00f3n sigue encareciendo los productos y servicios. &#8220;De nada sirve aumentar el salario igual a la inflaci\u00f3n si el dinero y las cosas van a costar m\u00e1s&#8221;, se\u00f1al\u00f3.<\/p>\n\n\n\n<p>La priista acus\u00f3 al denominado segundo piso de la Cuarta Transformaci\u00f3n de mantener un Gobierno que privilegia la recaudaci\u00f3n sobre el bienestar social. &#8220;Lo que ha hecho el oficialismo no es ayudar, y lo repito: Morena ayuda a mantener un Gobierno rico con un pueblo pobre, y lo saben&#8221;, sentenci\u00f3.<\/p>\n\n\n\n<p>Finalmente, la senadora subray\u00f3 que bajar el IVA al 10% es una decisi\u00f3n viable y responsable, que favorecer\u00eda tanto a los 120 millones de mexicanas y mexicanos como al Gobierno Federal, los 32 Gobiernos Estatales y los cientos de Gobiernos Municipales y Alcald\u00edas en el pa\u00eds.<\/p>\n","protected":false},"excerpt":{"rendered":"<p>Con el prop\u00f3sito de aliviar la carga econ\u00f3mica de las familias mexicanas y reactivar el mercado interno, el Grupo Parlamentario del PRI present\u00f3 una iniciativa para reformar la Ley del Impuesto al Valor Agregado y reducir la tasa general del IVA del 16% al 10%.<\/p>\n","protected":false},"author":1,"featured_media":11095,"comment_status":"open","ping_status":"open","sticky":false,"template":"","format":"standard","meta":{"footnotes":""},"categories":[3,1,231],"tags":[2283,1982,158],"class_list":["post-11093","post","type-post","status-publish","format-standard","has-post-thumbnail","hentry","category-gobierno","category-otros","category-politica","tag-cristina-ruiz-sandoval","tag-edomex","tag-pri"],"yoast_head":"<!-- This site is optimized with the Yoast SEO plugin v27.4 - https:\/\/yoast.com\/product\/yoast-seo-wordpress\/ -->\n<title>PROPONE SENADORA DEL PRI CRISTINA RUIZ SANDOVAL - Expresso Metropolitano<\/title>\n<meta name=\"robots\" content=\"index, follow, max-snippet:-1, max-image-preview:large, max-video-preview:-1\" \/>\n<link rel=\"canonical\" href=\"https:\/\/expressometro.mx\/index.php\/2025\/04\/02\/propone-senadora-del-pri-cristina-ruiz-sandoval\/\" \/>\n<meta property=\"og:locale\" content=\"es_MX\" \/>\n<meta property=\"og:type\" content=\"article\" \/>\n<meta property=\"og:title\" content=\"PROPONE SENADORA DEL PRI CRISTINA RUIZ SANDOVAL - Expresso Metropolitano\" \/>\n<meta property=\"og:description\" content=\"Con el prop\u00f3sito de aliviar la carga econ\u00f3mica de las familias mexicanas y reactivar el mercado interno, el Grupo Parlamentario del PRI present\u00f3 una iniciativa para reformar la Ley del Impuesto al Valor Agregado y reducir la tasa general del IVA del 16% al 10%.\" \/>\n<meta property=\"og:url\" content=\"https:\/\/expressometro.mx\/index.php\/2025\/04\/02\/propone-senadora-del-pri-cristina-ruiz-sandoval\/\" \/>\n<meta property=\"og:site_name\" content=\"Expresso Metropolitano\" \/>\n<meta property=\"article:published_time\" content=\"2025-04-03T03:38:30+00:00\" \/>\n<meta property=\"article:modified_time\" content=\"2025-04-03T03:38:31+00:00\" \/>\n<meta property=\"og:image\" content=\"http:\/\/expressometro.mx\/wp-content\/uploads\/2025\/04\/WhatsApp-Image-2025-04-02-at-2.21.28-PM.jpeg\" \/>\n\t<meta property=\"og:image:width\" content=\"1600\" \/>\n\t<meta property=\"og:image:height\" content=\"1066\" \/>\n\t<meta property=\"og:image:type\" content=\"image\/jpeg\" \/>\n<meta name=\"author\" content=\"Expresso Metropolitano\" \/>\n<meta name=\"twitter:label1\" content=\"Escrito por\" \/>\n\t<meta name=\"twitter:data1\" content=\"Expresso Metropolitano\" \/>\n\t<meta name=\"twitter:label2\" content=\"Tiempo de lectura\" \/>\n\t<meta name=\"twitter:data2\" content=\"3 minutos\" \/>\n<script type=\"application\/ld+json\" class=\"yoast-schema-graph\">{\"@context\":\"https:\\\/\\\/schema.org\",\"@graph\":[{\"@type\":\"Article\",\"@id\":\"https:\\\/\\\/expressometro.mx\\\/index.php\\\/2025\\\/04\\\/02\\\/propone-senadora-del-pri-cristina-ruiz-sandoval\\\/#article\",\"isPartOf\":{\"@id\":\"https:\\\/\\\/expressometro.mx\\\/index.php\\\/2025\\\/04\\\/02\\\/propone-senadora-del-pri-cristina-ruiz-sandoval\\\/\"},\"author\":{\"name\":\"Expresso Metropolitano\",\"@id\":\"https:\\\/\\\/expressometro.mx\\\/#\\\/schema\\\/person\\\/efa971b4a0664db8ed5c22b1b0dd2f5d\"},\"headline\":\"PROPONE SENADORA DEL PRI CRISTINA RUIZ SANDOVAL\",\"datePublished\":\"2025-04-03T03:38:30+00:00\",\"dateModified\":\"2025-04-03T03:38:31+00:00\",\"mainEntityOfPage\":{\"@id\":\"https:\\\/\\\/expressometro.mx\\\/index.php\\\/2025\\\/04\\\/02\\\/propone-senadora-del-pri-cristina-ruiz-sandoval\\\/\"},\"wordCount\":427,\"commentCount\":0,\"publisher\":{\"@id\":\"https:\\\/\\\/expressometro.mx\\\/#organization\"},\"image\":{\"@id\":\"https:\\\/\\\/expressometro.mx\\\/index.php\\\/2025\\\/04\\\/02\\\/propone-senadora-del-pri-cristina-ruiz-sandoval\\\/#primaryimage\"},\"thumbnailUrl\":\"https:\\\/\\\/expressometro.mx\\\/wp-content\\\/uploads\\\/2025\\\/04\\\/WhatsApp-Image-2025-04-02-at-2.21.28-PM.jpeg\",\"keywords\":[\"Cristina Ru\u00edz Sandoval\",\"Edomex\",\"PRI\"],\"articleSection\":[\"Gobierno\",\"Otros\",\"Pol\u00edtica\"],\"inLanguage\":\"es\",\"potentialAction\":[{\"@type\":\"CommentAction\",\"name\":\"Comment\",\"target\":[\"https:\\\/\\\/expressometro.mx\\\/index.php\\\/2025\\\/04\\\/02\\\/propone-senadora-del-pri-cristina-ruiz-sandoval\\\/#respond\"]}]},{\"@type\":\"WebPage\",\"@id\":\"https:\\\/\\\/expressometro.mx\\\/index.php\\\/2025\\\/04\\\/02\\\/propone-senadora-del-pri-cristina-ruiz-sandoval\\\/\",\"url\":\"https:\\\/\\\/expressometro.mx\\\/index.php\\\/2025\\\/04\\\/02\\\/propone-senadora-del-pri-cristina-ruiz-sandoval\\\/\",\"name\":\"PROPONE SENADORA DEL PRI CRISTINA RUIZ SANDOVAL - Expresso Metropolitano\",\"isPartOf\":{\"@id\":\"https:\\\/\\\/expressometro.mx\\\/#website\"},\"primaryImageOfPage\":{\"@id\":\"https:\\\/\\\/expressometro.mx\\\/index.php\\\/2025\\\/04\\\/02\\\/propone-senadora-del-pri-cristina-ruiz-sandoval\\\/#primaryimage\"},\"image\":{\"@id\":\"https:\\\/\\\/expressometro.mx\\\/index.php\\\/2025\\\/04\\\/02\\\/propone-senadora-del-pri-cristina-ruiz-sandoval\\\/#primaryimage\"},\"thumbnailUrl\":\"https:\\\/\\\/expressometro.mx\\\/wp-content\\\/uploads\\\/2025\\\/04\\\/WhatsApp-Image-2025-04-02-at-2.21.28-PM.jpeg\",\"datePublished\":\"2025-04-03T03:38:30+00:00\",\"dateModified\":\"2025-04-03T03:38:31+00:00\",\"breadcrumb\":{\"@id\":\"https:\\\/\\\/expressometro.mx\\\/index.php\\\/2025\\\/04\\\/02\\\/propone-senadora-del-pri-cristina-ruiz-sandoval\\\/#breadcrumb\"},\"inLanguage\":\"es\",\"potentialAction\":[{\"@type\":\"ReadAction\",\"target\":[\"https:\\\/\\\/expressometro.mx\\\/index.php\\\/2025\\\/04\\\/02\\\/propone-senadora-del-pri-cristina-ruiz-sandoval\\\/\"]}]},{\"@type\":\"ImageObject\",\"inLanguage\":\"es\",\"@id\":\"https:\\\/\\\/expressometro.mx\\\/index.php\\\/2025\\\/04\\\/02\\\/propone-senadora-del-pri-cristina-ruiz-sandoval\\\/#primaryimage\",\"url\":\"https:\\\/\\\/expressometro.mx\\\/wp-content\\\/uploads\\\/2025\\\/04\\\/WhatsApp-Image-2025-04-02-at-2.21.28-PM.jpeg\",\"contentUrl\":\"https:\\\/\\\/expressometro.mx\\\/wp-content\\\/uploads\\\/2025\\\/04\\\/WhatsApp-Image-2025-04-02-at-2.21.28-PM.jpeg\",\"width\":1600,\"height\":1066},{\"@type\":\"BreadcrumbList\",\"@id\":\"https:\\\/\\\/expressometro.mx\\\/index.php\\\/2025\\\/04\\\/02\\\/propone-senadora-del-pri-cristina-ruiz-sandoval\\\/#breadcrumb\",\"itemListElement\":[{\"@type\":\"ListItem\",\"position\":1,\"name\":\"Inicio\",\"item\":\"https:\\\/\\\/expressometro.mx\\\/\"},{\"@type\":\"ListItem\",\"position\":2,\"name\":\"PROPONE SENADORA DEL PRI CRISTINA RUIZ SANDOVAL\"}]},{\"@type\":\"WebSite\",\"@id\":\"https:\\\/\\\/expressometro.mx\\\/#website\",\"url\":\"https:\\\/\\\/expressometro.mx\\\/\",\"name\":\"Expresso Metropolitano\",\"description\":\"Periodismo comprometido, informaci\u00f3n, investigaci\u00f3n y an\u00e1lisis\",\"publisher\":{\"@id\":\"https:\\\/\\\/expressometro.mx\\\/#organization\"},\"potentialAction\":[{\"@type\":\"SearchAction\",\"target\":{\"@type\":\"EntryPoint\",\"urlTemplate\":\"https:\\\/\\\/expressometro.mx\\\/?s={search_term_string}\"},\"query-input\":{\"@type\":\"PropertyValueSpecification\",\"valueRequired\":true,\"valueName\":\"search_term_string\"}}],\"inLanguage\":\"es\"},{\"@type\":\"Organization\",\"@id\":\"https:\\\/\\\/expressometro.mx\\\/#organization\",\"name\":\"Expresso Metropolitano\",\"url\":\"https:\\\/\\\/expressometro.mx\\\/\",\"logo\":{\"@type\":\"ImageObject\",\"inLanguage\":\"es\",\"@id\":\"https:\\\/\\\/expressometro.mx\\\/#\\\/schema\\\/logo\\\/image\\\/\",\"url\":\"https:\\\/\\\/expressometro.mx\\\/wp-content\\\/uploads\\\/2019\\\/07\\\/cropped-Logo-Expresso-Metropolitano-1-1.jpeg\",\"contentUrl\":\"https:\\\/\\\/expressometro.mx\\\/wp-content\\\/uploads\\\/2019\\\/07\\\/cropped-Logo-Expresso-Metropolitano-1-1.jpeg\",\"width\":290,\"height\":73,\"caption\":\"Expresso Metropolitano\"},\"image\":{\"@id\":\"https:\\\/\\\/expressometro.mx\\\/#\\\/schema\\\/logo\\\/image\\\/\"}},{\"@type\":\"Person\",\"@id\":\"https:\\\/\\\/expressometro.mx\\\/#\\\/schema\\\/person\\\/efa971b4a0664db8ed5c22b1b0dd2f5d\",\"name\":\"Expresso Metropolitano\",\"image\":{\"@type\":\"ImageObject\",\"inLanguage\":\"es\",\"@id\":\"https:\\\/\\\/secure.gravatar.com\\\/avatar\\\/a89f802b8de18c6952f223c88d3d106e9e3679839f4e25a02f4a6cc2ae6ba3b3?s=96&d=mm&r=g\",\"url\":\"https:\\\/\\\/secure.gravatar.com\\\/avatar\\\/a89f802b8de18c6952f223c88d3d106e9e3679839f4e25a02f4a6cc2ae6ba3b3?s=96&d=mm&r=g\",\"contentUrl\":\"https:\\\/\\\/secure.gravatar.com\\\/avatar\\\/a89f802b8de18c6952f223c88d3d106e9e3679839f4e25a02f4a6cc2ae6ba3b3?s=96&d=mm&r=g\",\"caption\":\"Expresso Metropolitano\"},\"url\":\"https:\\\/\\\/expressometro.mx\\\/index.php\\\/author\\\/diego\\\/\"}]}<\/script>\n<!-- \/ Yoast SEO plugin. -->","yoast_head_json":{"title":"PROPONE SENADORA DEL PRI CRISTINA RUIZ SANDOVAL - Expresso Metropolitano","robots":{"index":"index","follow":"follow","max-snippet":"max-snippet:-1","max-image-preview":"max-image-preview:large","max-video-preview":"max-video-preview:-1"},"canonical":"https:\/\/expressometro.mx\/index.php\/2025\/04\/02\/propone-senadora-del-pri-cristina-ruiz-sandoval\/","og_locale":"es_MX","og_type":"article","og_title":"PROPONE SENADORA DEL PRI CRISTINA RUIZ SANDOVAL - Expresso Metropolitano","og_description":"Con el prop\u00f3sito de aliviar la carga econ\u00f3mica de las familias mexicanas y reactivar el mercado interno, el Grupo Parlamentario del PRI present\u00f3 una iniciativa para reformar la Ley del Impuesto al Valor Agregado y reducir la tasa general del IVA del 16% al 10%.","og_url":"https:\/\/expressometro.mx\/index.php\/2025\/04\/02\/propone-senadora-del-pri-cristina-ruiz-sandoval\/","og_site_name":"Expresso Metropolitano","article_published_time":"2025-04-03T03:38:30+00:00","article_modified_time":"2025-04-03T03:38:31+00:00","og_image":[{"width":1600,"height":1066,"url":"http:\/\/expressometro.mx\/wp-content\/uploads\/2025\/04\/WhatsApp-Image-2025-04-02-at-2.21.28-PM.jpeg","type":"image\/jpeg"}],"author":"Expresso Metropolitano","twitter_misc":{"Escrito por":"Expresso Metropolitano","Tiempo de lectura":"3 minutos"},"schema":{"@context":"https:\/\/schema.org","@graph":[{"@type":"Article","@id":"https:\/\/expressometro.mx\/index.php\/2025\/04\/02\/propone-senadora-del-pri-cristina-ruiz-sandoval\/#article","isPartOf":{"@id":"https:\/\/expressometro.mx\/index.php\/2025\/04\/02\/propone-senadora-del-pri-cristina-ruiz-sandoval\/"},"author":{"name":"Expresso Metropolitano","@id":"https:\/\/expressometro.mx\/#\/schema\/person\/efa971b4a0664db8ed5c22b1b0dd2f5d"},"headline":"PROPONE SENADORA DEL PRI CRISTINA RUIZ SANDOVAL","datePublished":"2025-04-03T03:38:30+00:00","dateModified":"2025-04-03T03:38:31+00:00","mainEntityOfPage":{"@id":"https:\/\/expressometro.mx\/index.php\/2025\/04\/02\/propone-senadora-del-pri-cristina-ruiz-sandoval\/"},"wordCount":427,"commentCount":0,"publisher":{"@id":"https:\/\/expressometro.mx\/#organization"},"image":{"@id":"https:\/\/expressometro.mx\/index.php\/2025\/04\/02\/propone-senadora-del-pri-cristina-ruiz-sandoval\/#primaryimage"},"thumbnailUrl":"https:\/\/expressometro.mx\/wp-content\/uploads\/2025\/04\/WhatsApp-Image-2025-04-02-at-2.21.28-PM.jpeg","keywords":["Cristina Ru\u00edz Sandoval","Edomex","PRI"],"articleSection":["Gobierno","Otros","Pol\u00edtica"],"inLanguage":"es","potentialAction":[{"@type":"CommentAction","name":"Comment","target":["https:\/\/expressometro.mx\/index.php\/2025\/04\/02\/propone-senadora-del-pri-cristina-ruiz-sandoval\/#respond"]}]},{"@type":"WebPage","@id":"https:\/\/expressometro.mx\/index.php\/2025\/04\/02\/propone-senadora-del-pri-cristina-ruiz-sandoval\/","url":"https:\/\/expressometro.mx\/index.php\/2025\/04\/02\/propone-senadora-del-pri-cristina-ruiz-sandoval\/","name":"PROPONE SENADORA DEL PRI CRISTINA RUIZ SANDOVAL - Expresso Metropolitano","isPartOf":{"@id":"https:\/\/expressometro.mx\/#website"},"primaryImageOfPage":{"@id":"https:\/\/expressometro.mx\/index.php\/2025\/04\/02\/propone-senadora-del-pri-cristina-ruiz-sandoval\/#primaryimage"},"image":{"@id":"https:\/\/expressometro.mx\/index.php\/2025\/04\/02\/propone-senadora-del-pri-cristina-ruiz-sandoval\/#primaryimage"},"thumbnailUrl":"https:\/\/expressometro.mx\/wp-content\/uploads\/2025\/04\/WhatsApp-Image-2025-04-02-at-2.21.28-PM.jpeg","datePublished":"2025-04-03T03:38:30+00:00","dateModified":"2025-04-03T03:38:31+00:00","breadcrumb":{"@id":"https:\/\/expressometro.mx\/index.php\/2025\/04\/02\/propone-senadora-del-pri-cristina-ruiz-sandoval\/#breadcrumb"},"inLanguage":"es","potentialAction":[{"@type":"ReadAction","target":["https:\/\/expressometro.mx\/index.php\/2025\/04\/02\/propone-senadora-del-pri-cristina-ruiz-sandoval\/"]}]},{"@type":"ImageObject","inLanguage":"es","@id":"https:\/\/expressometro.mx\/index.php\/2025\/04\/02\/propone-senadora-del-pri-cristina-ruiz-sandoval\/#primaryimage","url":"https:\/\/expressometro.mx\/wp-content\/uploads\/2025\/04\/WhatsApp-Image-2025-04-02-at-2.21.28-PM.jpeg","contentUrl":"https:\/\/expressometro.mx\/wp-content\/uploads\/2025\/04\/WhatsApp-Image-2025-04-02-at-2.21.28-PM.jpeg","width":1600,"height":1066},{"@type":"BreadcrumbList","@id":"https:\/\/expressometro.mx\/index.php\/2025\/04\/02\/propone-senadora-del-pri-cristina-ruiz-sandoval\/#breadcrumb","itemListElement":[{"@type":"ListItem","position":1,"name":"Inicio","item":"https:\/\/expressometro.mx\/"},{"@type":"ListItem","position":2,"name":"PROPONE SENADORA DEL PRI CRISTINA RUIZ SANDOVAL"}]},{"@type":"WebSite","@id":"https:\/\/expressometro.mx\/#website","url":"https:\/\/expressometro.mx\/","name":"Expresso Metropolitano","description":"Periodismo comprometido, informaci\u00f3n, investigaci\u00f3n y an\u00e1lisis","publisher":{"@id":"https:\/\/expressometro.mx\/#organization"},"potentialAction":[{"@type":"SearchAction","target":{"@type":"EntryPoint","urlTemplate":"https:\/\/expressometro.mx\/?s={search_term_string}"},"query-input":{"@type":"PropertyValueSpecification","valueRequired":true,"valueName":"search_term_string"}}],"inLanguage":"es"},{"@type":"Organization","@id":"https:\/\/expressometro.mx\/#organization","name":"Expresso Metropolitano","url":"https:\/\/expressometro.mx\/","logo":{"@type":"ImageObject","inLanguage":"es","@id":"https:\/\/expressometro.mx\/#\/schema\/logo\/image\/","url":"https:\/\/expressometro.mx\/wp-content\/uploads\/2019\/07\/cropped-Logo-Expresso-Metropolitano-1-1.jpeg","contentUrl":"https:\/\/expressometro.mx\/wp-content\/uploads\/2019\/07\/cropped-Logo-Expresso-Metropolitano-1-1.jpeg","width":290,"height":73,"caption":"Expresso Metropolitano"},"image":{"@id":"https:\/\/expressometro.mx\/#\/schema\/logo\/image\/"}},{"@type":"Person","@id":"https:\/\/expressometro.mx\/#\/schema\/person\/efa971b4a0664db8ed5c22b1b0dd2f5d","name":"Expresso Metropolitano","image":{"@type":"ImageObject","inLanguage":"es","@id":"https:\/\/secure.gravatar.com\/avatar\/a89f802b8de18c6952f223c88d3d106e9e3679839f4e25a02f4a6cc2ae6ba3b3?s=96&d=mm&r=g","url":"https:\/\/secure.gravatar.com\/avatar\/a89f802b8de18c6952f223c88d3d106e9e3679839f4e25a02f4a6cc2ae6ba3b3?s=96&d=mm&r=g","contentUrl":"https:\/\/secure.gravatar.com\/avatar\/a89f802b8de18c6952f223c88d3d106e9e3679839f4e25a02f4a6cc2ae6ba3b3?s=96&d=mm&r=g","caption":"Expresso Metropolitano"},"url":"https:\/\/expressometro.mx\/index.php\/author\/diego\/"}]}},"amp_enabled":true,"_links":{"self":[{"href":"https:\/\/expressometro.mx\/index.php\/wp-json\/wp\/v2\/posts\/11093","targetHints":{"allow":["GET"]}}],"collection":[{"href":"https:\/\/expressometro.mx\/index.php\/wp-json\/wp\/v2\/posts"}],"about":[{"href":"https:\/\/expressometro.mx\/index.php\/wp-json\/wp\/v2\/types\/post"}],"author":[{"embeddable":true,"href":"https:\/\/expressometro.mx\/index.php\/wp-json\/wp\/v2\/users\/1"}],"replies":[{"embeddable":true,"href":"https:\/\/expressometro.mx\/index.php\/wp-json\/wp\/v2\/comments?post=11093"}],"version-history":[{"count":1,"href":"https:\/\/expressometro.mx\/index.php\/wp-json\/wp\/v2\/posts\/11093\/revisions"}],"predecessor-version":[{"id":11096,"href":"https:\/\/expressometro.mx\/index.php\/wp-json\/wp\/v2\/posts\/11093\/revisions\/11096"}],"wp:featuredmedia":[{"embeddable":true,"href":"https:\/\/expressometro.mx\/index.php\/wp-json\/wp\/v2\/media\/11095"}],"wp:attachment":[{"href":"https:\/\/expressometro.mx\/index.php\/wp-json\/wp\/v2\/media?parent=11093"}],"wp:term":[{"taxonomy":"category","embeddable":true,"href":"https:\/\/expressometro.mx\/index.php\/wp-json\/wp\/v2\/categories?post=11093"},{"taxonomy":"post_tag","embeddable":true,"href":"https:\/\/expressometro.mx\/index.php\/wp-json\/wp\/v2\/tags?post=11093"}],"curies":[{"name":"wp","href":"https:\/\/api.w.org\/{rel}","templated":true}]}}