{"id":11078,"date":"2025-03-29T19:20:27","date_gmt":"2025-03-30T01:20:27","guid":{"rendered":"https:\/\/expressometro.mx\/?p=11078"},"modified":"2025-04-01T19:39:30","modified_gmt":"2025-04-02T01:39:30","slug":"convocatoria-de-eleccion-en-comunidad-mazahua","status":"publish","type":"post","link":"https:\/\/expressometro.mx\/index.php\/2025\/03\/29\/convocatoria-de-eleccion-en-comunidad-mazahua\/","title":{"rendered":"CONVOCATORIA DE ELECCI\u00d3N EN COMUNIDAD MAZAHUA"},"content":{"rendered":"\n<p>El Presidente Municipal Mario Santana Carbajal, el primer regidor Miguel \u00c1ngel Su\u00e1rez Arriaga y el Secretario del Ayuntamiento, Ra\u00fal Ascencio Pilar, entregaron la Convocatoria para la Elecci\u00f3n de la o el Representante de la Comunidad Mazahua para el periodo 2025-2027.<\/p>\n\n\n\n<p>As\u00ed ocurri\u00f3 frente a los delegados de las comunidades con presencia ind\u00edgena con el fin de emitir su publicaci\u00f3n y difusi\u00f3n.<br>Por otra parte, en presencia del Director General de Movilidad zona Toluca, Erik Morales Ju\u00e1rez, as\u00ed como de Tom\u00e1s Gonz\u00e1lez, Delegado de Movilidad de la Regi\u00f3n Valle de Bravo, se tom\u00f3 protesta a los integrantes del \u201cConsejo Municipal de Transporte\u201d, que encabeza Miguel \u00c1ngel de Dios Garc\u00eda.<br>De igual forma, con las distintas \u00e1reas del Gobierno Municipal se puso en marcha el programa \u201cINSPECTOR CIUDADANO\u201d que servir\u00e1 para que los ciudadanos interactuen con el Gobierno Municipal dando sugerencias, ideas, propuestas, quejas y denuncias.<\/p>\n","protected":false},"excerpt":{"rendered":"<p>El Presidente Municipal Mario Santana Carbajal, el primer regidor Miguel \u00c1ngel Su\u00e1rez Arriaga y el Secretario del Ayuntamiento, Ra\u00fal Ascencio Pilar, entregaron la Convocatoria para la Elecci\u00f3n de la o el Representante de la Comunidad Mazahua para el periodo 2025-2027.<\/p>\n","protected":false},"author":1,"featured_media":11080,"comment_status":"open","ping_status":"open","sticky":false,"template":"","format":"standard","meta":{"footnotes":""},"categories":[3,1,231],"tags":[1982,86,1078,147],"class_list":["post-11078","post","type-post","status-publish","format-standard","has-post-thumbnail","hentry","category-gobierno","category-otros","category-politica","tag-edomex","tag-gem","tag-mario-santana","tag-villa-victoria"],"yoast_head":"<!-- This site is optimized with the Yoast SEO plugin v27.4 - https:\/\/yoast.com\/product\/yoast-seo-wordpress\/ -->\n<title>CONVOCATORIA DE ELECCI\u00d3N EN COMUNIDAD MAZAHUA - Expresso Metropolitano<\/title>\n<meta name=\"robots\" content=\"index, follow, max-snippet:-1, max-image-preview:large, max-video-preview:-1\" \/>\n<link rel=\"canonical\" href=\"https:\/\/expressometro.mx\/index.php\/2025\/03\/29\/convocatoria-de-eleccion-en-comunidad-mazahua\/\" \/>\n<meta property=\"og:locale\" content=\"es_MX\" \/>\n<meta property=\"og:type\" content=\"article\" \/>\n<meta property=\"og:title\" content=\"CONVOCATORIA DE ELECCI\u00d3N EN COMUNIDAD MAZAHUA - Expresso Metropolitano\" \/>\n<meta property=\"og:description\" content=\"El Presidente Municipal Mario Santana Carbajal, el primer regidor Miguel \u00c1ngel Su\u00e1rez Arriaga y el Secretario del Ayuntamiento, Ra\u00fal Ascencio Pilar, entregaron la Convocatoria para la Elecci\u00f3n de la o el Representante de la Comunidad Mazahua para el periodo 2025-2027.\" \/>\n<meta property=\"og:url\" content=\"https:\/\/expressometro.mx\/index.php\/2025\/03\/29\/convocatoria-de-eleccion-en-comunidad-mazahua\/\" \/>\n<meta property=\"og:site_name\" content=\"Expresso Metropolitano\" \/>\n<meta property=\"article:published_time\" content=\"2025-03-30T01:20:27+00:00\" \/>\n<meta property=\"article:modified_time\" content=\"2025-04-02T01:39:30+00:00\" \/>\n<meta property=\"og:image\" content=\"http:\/\/expressometro.mx\/wp-content\/uploads\/2025\/04\/WhatsApp-Image-2025-04-01-at-5.57.08-PM.jpeg\" \/>\n\t<meta property=\"og:image:width\" content=\"640\" \/>\n\t<meta property=\"og:image:height\" content=\"427\" \/>\n\t<meta property=\"og:image:type\" content=\"image\/jpeg\" \/>\n<meta name=\"author\" content=\"Expresso Metropolitano\" \/>\n<meta name=\"twitter:label1\" content=\"Escrito por\" \/>\n\t<meta name=\"twitter:data1\" content=\"Expresso Metropolitano\" \/>\n\t<meta name=\"twitter:label2\" content=\"Tiempo de lectura\" \/>\n\t<meta name=\"twitter:data2\" content=\"1 minuto\" \/>\n<script type=\"application\/ld+json\" class=\"yoast-schema-graph\">{\"@context\":\"https:\\\/\\\/schema.org\",\"@graph\":[{\"@type\":\"Article\",\"@id\":\"https:\\\/\\\/expressometro.mx\\\/index.php\\\/2025\\\/03\\\/29\\\/convocatoria-de-eleccion-en-comunidad-mazahua\\\/#article\",\"isPartOf\":{\"@id\":\"https:\\\/\\\/expressometro.mx\\\/index.php\\\/2025\\\/03\\\/29\\\/convocatoria-de-eleccion-en-comunidad-mazahua\\\/\"},\"author\":{\"name\":\"Expresso Metropolitano\",\"@id\":\"https:\\\/\\\/expressometro.mx\\\/#\\\/schema\\\/person\\\/efa971b4a0664db8ed5c22b1b0dd2f5d\"},\"headline\":\"CONVOCATORIA DE ELECCI\u00d3N EN COMUNIDAD MAZAHUA\",\"datePublished\":\"2025-03-30T01:20:27+00:00\",\"dateModified\":\"2025-04-02T01:39:30+00:00\",\"mainEntityOfPage\":{\"@id\":\"https:\\\/\\\/expressometro.mx\\\/index.php\\\/2025\\\/03\\\/29\\\/convocatoria-de-eleccion-en-comunidad-mazahua\\\/\"},\"wordCount\":162,\"commentCount\":0,\"publisher\":{\"@id\":\"https:\\\/\\\/expressometro.mx\\\/#organization\"},\"image\":{\"@id\":\"https:\\\/\\\/expressometro.mx\\\/index.php\\\/2025\\\/03\\\/29\\\/convocatoria-de-eleccion-en-comunidad-mazahua\\\/#primaryimage\"},\"thumbnailUrl\":\"https:\\\/\\\/expressometro.mx\\\/wp-content\\\/uploads\\\/2025\\\/04\\\/WhatsApp-Image-2025-04-01-at-5.57.08-PM.jpeg\",\"keywords\":[\"Edomex\",\"GEM\",\"Mario Santana\",\"Villa Victoria\"],\"articleSection\":[\"Gobierno\",\"Otros\",\"Pol\u00edtica\"],\"inLanguage\":\"es\",\"potentialAction\":[{\"@type\":\"CommentAction\",\"name\":\"Comment\",\"target\":[\"https:\\\/\\\/expressometro.mx\\\/index.php\\\/2025\\\/03\\\/29\\\/convocatoria-de-eleccion-en-comunidad-mazahua\\\/#respond\"]}]},{\"@type\":\"WebPage\",\"@id\":\"https:\\\/\\\/expressometro.mx\\\/index.php\\\/2025\\\/03\\\/29\\\/convocatoria-de-eleccion-en-comunidad-mazahua\\\/\",\"url\":\"https:\\\/\\\/expressometro.mx\\\/index.php\\\/2025\\\/03\\\/29\\\/convocatoria-de-eleccion-en-comunidad-mazahua\\\/\",\"name\":\"CONVOCATORIA DE ELECCI\u00d3N EN COMUNIDAD MAZAHUA - Expresso Metropolitano\",\"isPartOf\":{\"@id\":\"https:\\\/\\\/expressometro.mx\\\/#website\"},\"primaryImageOfPage\":{\"@id\":\"https:\\\/\\\/expressometro.mx\\\/index.php\\\/2025\\\/03\\\/29\\\/convocatoria-de-eleccion-en-comunidad-mazahua\\\/#primaryimage\"},\"image\":{\"@id\":\"https:\\\/\\\/expressometro.mx\\\/index.php\\\/2025\\\/03\\\/29\\\/convocatoria-de-eleccion-en-comunidad-mazahua\\\/#primaryimage\"},\"thumbnailUrl\":\"https:\\\/\\\/expressometro.mx\\\/wp-content\\\/uploads\\\/2025\\\/04\\\/WhatsApp-Image-2025-04-01-at-5.57.08-PM.jpeg\",\"datePublished\":\"2025-03-30T01:20:27+00:00\",\"dateModified\":\"2025-04-02T01:39:30+00:00\",\"breadcrumb\":{\"@id\":\"https:\\\/\\\/expressometro.mx\\\/index.php\\\/2025\\\/03\\\/29\\\/convocatoria-de-eleccion-en-comunidad-mazahua\\\/#breadcrumb\"},\"inLanguage\":\"es\",\"potentialAction\":[{\"@type\":\"ReadAction\",\"target\":[\"https:\\\/\\\/expressometro.mx\\\/index.php\\\/2025\\\/03\\\/29\\\/convocatoria-de-eleccion-en-comunidad-mazahua\\\/\"]}]},{\"@type\":\"ImageObject\",\"inLanguage\":\"es\",\"@id\":\"https:\\\/\\\/expressometro.mx\\\/index.php\\\/2025\\\/03\\\/29\\\/convocatoria-de-eleccion-en-comunidad-mazahua\\\/#primaryimage\",\"url\":\"https:\\\/\\\/expressometro.mx\\\/wp-content\\\/uploads\\\/2025\\\/04\\\/WhatsApp-Image-2025-04-01-at-5.57.08-PM.jpeg\",\"contentUrl\":\"https:\\\/\\\/expressometro.mx\\\/wp-content\\\/uploads\\\/2025\\\/04\\\/WhatsApp-Image-2025-04-01-at-5.57.08-PM.jpeg\",\"width\":640,\"height\":427},{\"@type\":\"BreadcrumbList\",\"@id\":\"https:\\\/\\\/expressometro.mx\\\/index.php\\\/2025\\\/03\\\/29\\\/convocatoria-de-eleccion-en-comunidad-mazahua\\\/#breadcrumb\",\"itemListElement\":[{\"@type\":\"ListItem\",\"position\":1,\"name\":\"Inicio\",\"item\":\"https:\\\/\\\/expressometro.mx\\\/\"},{\"@type\":\"ListItem\",\"position\":2,\"name\":\"CONVOCATORIA DE ELECCI\u00d3N EN COMUNIDAD MAZAHUA\"}]},{\"@type\":\"WebSite\",\"@id\":\"https:\\\/\\\/expressometro.mx\\\/#website\",\"url\":\"https:\\\/\\\/expressometro.mx\\\/\",\"name\":\"Expresso Metropolitano\",\"description\":\"Periodismo comprometido, informaci\u00f3n, investigaci\u00f3n y an\u00e1lisis\",\"publisher\":{\"@id\":\"https:\\\/\\\/expressometro.mx\\\/#organization\"},\"potentialAction\":[{\"@type\":\"SearchAction\",\"target\":{\"@type\":\"EntryPoint\",\"urlTemplate\":\"https:\\\/\\\/expressometro.mx\\\/?s={search_term_string}\"},\"query-input\":{\"@type\":\"PropertyValueSpecification\",\"valueRequired\":true,\"valueName\":\"search_term_string\"}}],\"inLanguage\":\"es\"},{\"@type\":\"Organization\",\"@id\":\"https:\\\/\\\/expressometro.mx\\\/#organization\",\"name\":\"Expresso Metropolitano\",\"url\":\"https:\\\/\\\/expressometro.mx\\\/\",\"logo\":{\"@type\":\"ImageObject\",\"inLanguage\":\"es\",\"@id\":\"https:\\\/\\\/expressometro.mx\\\/#\\\/schema\\\/logo\\\/image\\\/\",\"url\":\"https:\\\/\\\/expressometro.mx\\\/wp-content\\\/uploads\\\/2019\\\/07\\\/cropped-Logo-Expresso-Metropolitano-1-1.jpeg\",\"contentUrl\":\"https:\\\/\\\/expressometro.mx\\\/wp-content\\\/uploads\\\/2019\\\/07\\\/cropped-Logo-Expresso-Metropolitano-1-1.jpeg\",\"width\":290,\"height\":73,\"caption\":\"Expresso Metropolitano\"},\"image\":{\"@id\":\"https:\\\/\\\/expressometro.mx\\\/#\\\/schema\\\/logo\\\/image\\\/\"}},{\"@type\":\"Person\",\"@id\":\"https:\\\/\\\/expressometro.mx\\\/#\\\/schema\\\/person\\\/efa971b4a0664db8ed5c22b1b0dd2f5d\",\"name\":\"Expresso Metropolitano\",\"image\":{\"@type\":\"ImageObject\",\"inLanguage\":\"es\",\"@id\":\"https:\\\/\\\/secure.gravatar.com\\\/avatar\\\/a89f802b8de18c6952f223c88d3d106e9e3679839f4e25a02f4a6cc2ae6ba3b3?s=96&d=mm&r=g\",\"url\":\"https:\\\/\\\/secure.gravatar.com\\\/avatar\\\/a89f802b8de18c6952f223c88d3d106e9e3679839f4e25a02f4a6cc2ae6ba3b3?s=96&d=mm&r=g\",\"contentUrl\":\"https:\\\/\\\/secure.gravatar.com\\\/avatar\\\/a89f802b8de18c6952f223c88d3d106e9e3679839f4e25a02f4a6cc2ae6ba3b3?s=96&d=mm&r=g\",\"caption\":\"Expresso Metropolitano\"},\"url\":\"https:\\\/\\\/expressometro.mx\\\/index.php\\\/author\\\/diego\\\/\"}]}<\/script>\n<!-- \/ Yoast SEO plugin. -->","yoast_head_json":{"title":"CONVOCATORIA DE ELECCI\u00d3N EN COMUNIDAD MAZAHUA - Expresso Metropolitano","robots":{"index":"index","follow":"follow","max-snippet":"max-snippet:-1","max-image-preview":"max-image-preview:large","max-video-preview":"max-video-preview:-1"},"canonical":"https:\/\/expressometro.mx\/index.php\/2025\/03\/29\/convocatoria-de-eleccion-en-comunidad-mazahua\/","og_locale":"es_MX","og_type":"article","og_title":"CONVOCATORIA DE ELECCI\u00d3N EN COMUNIDAD MAZAHUA - Expresso Metropolitano","og_description":"El Presidente Municipal Mario Santana Carbajal, el primer regidor Miguel \u00c1ngel Su\u00e1rez Arriaga y el Secretario del Ayuntamiento, Ra\u00fal Ascencio Pilar, entregaron la Convocatoria para la Elecci\u00f3n de la o el Representante de la Comunidad Mazahua para el periodo 2025-2027.","og_url":"https:\/\/expressometro.mx\/index.php\/2025\/03\/29\/convocatoria-de-eleccion-en-comunidad-mazahua\/","og_site_name":"Expresso Metropolitano","article_published_time":"2025-03-30T01:20:27+00:00","article_modified_time":"2025-04-02T01:39:30+00:00","og_image":[{"width":640,"height":427,"url":"http:\/\/expressometro.mx\/wp-content\/uploads\/2025\/04\/WhatsApp-Image-2025-04-01-at-5.57.08-PM.jpeg","type":"image\/jpeg"}],"author":"Expresso Metropolitano","twitter_misc":{"Escrito por":"Expresso Metropolitano","Tiempo de lectura":"1 minuto"},"schema":{"@context":"https:\/\/schema.org","@graph":[{"@type":"Article","@id":"https:\/\/expressometro.mx\/index.php\/2025\/03\/29\/convocatoria-de-eleccion-en-comunidad-mazahua\/#article","isPartOf":{"@id":"https:\/\/expressometro.mx\/index.php\/2025\/03\/29\/convocatoria-de-eleccion-en-comunidad-mazahua\/"},"author":{"name":"Expresso Metropolitano","@id":"https:\/\/expressometro.mx\/#\/schema\/person\/efa971b4a0664db8ed5c22b1b0dd2f5d"},"headline":"CONVOCATORIA DE ELECCI\u00d3N EN COMUNIDAD MAZAHUA","datePublished":"2025-03-30T01:20:27+00:00","dateModified":"2025-04-02T01:39:30+00:00","mainEntityOfPage":{"@id":"https:\/\/expressometro.mx\/index.php\/2025\/03\/29\/convocatoria-de-eleccion-en-comunidad-mazahua\/"},"wordCount":162,"commentCount":0,"publisher":{"@id":"https:\/\/expressometro.mx\/#organization"},"image":{"@id":"https:\/\/expressometro.mx\/index.php\/2025\/03\/29\/convocatoria-de-eleccion-en-comunidad-mazahua\/#primaryimage"},"thumbnailUrl":"https:\/\/expressometro.mx\/wp-content\/uploads\/2025\/04\/WhatsApp-Image-2025-04-01-at-5.57.08-PM.jpeg","keywords":["Edomex","GEM","Mario Santana","Villa Victoria"],"articleSection":["Gobierno","Otros","Pol\u00edtica"],"inLanguage":"es","potentialAction":[{"@type":"CommentAction","name":"Comment","target":["https:\/\/expressometro.mx\/index.php\/2025\/03\/29\/convocatoria-de-eleccion-en-comunidad-mazahua\/#respond"]}]},{"@type":"WebPage","@id":"https:\/\/expressometro.mx\/index.php\/2025\/03\/29\/convocatoria-de-eleccion-en-comunidad-mazahua\/","url":"https:\/\/expressometro.mx\/index.php\/2025\/03\/29\/convocatoria-de-eleccion-en-comunidad-mazahua\/","name":"CONVOCATORIA DE ELECCI\u00d3N EN COMUNIDAD MAZAHUA - Expresso Metropolitano","isPartOf":{"@id":"https:\/\/expressometro.mx\/#website"},"primaryImageOfPage":{"@id":"https:\/\/expressometro.mx\/index.php\/2025\/03\/29\/convocatoria-de-eleccion-en-comunidad-mazahua\/#primaryimage"},"image":{"@id":"https:\/\/expressometro.mx\/index.php\/2025\/03\/29\/convocatoria-de-eleccion-en-comunidad-mazahua\/#primaryimage"},"thumbnailUrl":"https:\/\/expressometro.mx\/wp-content\/uploads\/2025\/04\/WhatsApp-Image-2025-04-01-at-5.57.08-PM.jpeg","datePublished":"2025-03-30T01:20:27+00:00","dateModified":"2025-04-02T01:39:30+00:00","breadcrumb":{"@id":"https:\/\/expressometro.mx\/index.php\/2025\/03\/29\/convocatoria-de-eleccion-en-comunidad-mazahua\/#breadcrumb"},"inLanguage":"es","potentialAction":[{"@type":"ReadAction","target":["https:\/\/expressometro.mx\/index.php\/2025\/03\/29\/convocatoria-de-eleccion-en-comunidad-mazahua\/"]}]},{"@type":"ImageObject","inLanguage":"es","@id":"https:\/\/expressometro.mx\/index.php\/2025\/03\/29\/convocatoria-de-eleccion-en-comunidad-mazahua\/#primaryimage","url":"https:\/\/expressometro.mx\/wp-content\/uploads\/2025\/04\/WhatsApp-Image-2025-04-01-at-5.57.08-PM.jpeg","contentUrl":"https:\/\/expressometro.mx\/wp-content\/uploads\/2025\/04\/WhatsApp-Image-2025-04-01-at-5.57.08-PM.jpeg","width":640,"height":427},{"@type":"BreadcrumbList","@id":"https:\/\/expressometro.mx\/index.php\/2025\/03\/29\/convocatoria-de-eleccion-en-comunidad-mazahua\/#breadcrumb","itemListElement":[{"@type":"ListItem","position":1,"name":"Inicio","item":"https:\/\/expressometro.mx\/"},{"@type":"ListItem","position":2,"name":"CONVOCATORIA DE ELECCI\u00d3N EN COMUNIDAD MAZAHUA"}]},{"@type":"WebSite","@id":"https:\/\/expressometro.mx\/#website","url":"https:\/\/expressometro.mx\/","name":"Expresso Metropolitano","description":"Periodismo comprometido, informaci\u00f3n, investigaci\u00f3n y an\u00e1lisis","publisher":{"@id":"https:\/\/expressometro.mx\/#organization"},"potentialAction":[{"@type":"SearchAction","target":{"@type":"EntryPoint","urlTemplate":"https:\/\/expressometro.mx\/?s={search_term_string}"},"query-input":{"@type":"PropertyValueSpecification","valueRequired":true,"valueName":"search_term_string"}}],"inLanguage":"es"},{"@type":"Organization","@id":"https:\/\/expressometro.mx\/#organization","name":"Expresso Metropolitano","url":"https:\/\/expressometro.mx\/","logo":{"@type":"ImageObject","inLanguage":"es","@id":"https:\/\/expressometro.mx\/#\/schema\/logo\/image\/","url":"https:\/\/expressometro.mx\/wp-content\/uploads\/2019\/07\/cropped-Logo-Expresso-Metropolitano-1-1.jpeg","contentUrl":"https:\/\/expressometro.mx\/wp-content\/uploads\/2019\/07\/cropped-Logo-Expresso-Metropolitano-1-1.jpeg","width":290,"height":73,"caption":"Expresso Metropolitano"},"image":{"@id":"https:\/\/expressometro.mx\/#\/schema\/logo\/image\/"}},{"@type":"Person","@id":"https:\/\/expressometro.mx\/#\/schema\/person\/efa971b4a0664db8ed5c22b1b0dd2f5d","name":"Expresso Metropolitano","image":{"@type":"ImageObject","inLanguage":"es","@id":"https:\/\/secure.gravatar.com\/avatar\/a89f802b8de18c6952f223c88d3d106e9e3679839f4e25a02f4a6cc2ae6ba3b3?s=96&d=mm&r=g","url":"https:\/\/secure.gravatar.com\/avatar\/a89f802b8de18c6952f223c88d3d106e9e3679839f4e25a02f4a6cc2ae6ba3b3?s=96&d=mm&r=g","contentUrl":"https:\/\/secure.gravatar.com\/avatar\/a89f802b8de18c6952f223c88d3d106e9e3679839f4e25a02f4a6cc2ae6ba3b3?s=96&d=mm&r=g","caption":"Expresso Metropolitano"},"url":"https:\/\/expressometro.mx\/index.php\/author\/diego\/"}]}},"amp_enabled":true,"_links":{"self":[{"href":"https:\/\/expressometro.mx\/index.php\/wp-json\/wp\/v2\/posts\/11078","targetHints":{"allow":["GET"]}}],"collection":[{"href":"https:\/\/expressometro.mx\/index.php\/wp-json\/wp\/v2\/posts"}],"about":[{"href":"https:\/\/expressometro.mx\/index.php\/wp-json\/wp\/v2\/types\/post"}],"author":[{"embeddable":true,"href":"https:\/\/expressometro.mx\/index.php\/wp-json\/wp\/v2\/users\/1"}],"replies":[{"embeddable":true,"href":"https:\/\/expressometro.mx\/index.php\/wp-json\/wp\/v2\/comments?post=11078"}],"version-history":[{"count":1,"href":"https:\/\/expressometro.mx\/index.php\/wp-json\/wp\/v2\/posts\/11078\/revisions"}],"predecessor-version":[{"id":11081,"href":"https:\/\/expressometro.mx\/index.php\/wp-json\/wp\/v2\/posts\/11078\/revisions\/11081"}],"wp:featuredmedia":[{"embeddable":true,"href":"https:\/\/expressometro.mx\/index.php\/wp-json\/wp\/v2\/media\/11080"}],"wp:attachment":[{"href":"https:\/\/expressometro.mx\/index.php\/wp-json\/wp\/v2\/media?parent=11078"}],"wp:term":[{"taxonomy":"category","embeddable":true,"href":"https:\/\/expressometro.mx\/index.php\/wp-json\/wp\/v2\/categories?post=11078"},{"taxonomy":"post_tag","embeddable":true,"href":"https:\/\/expressometro.mx\/index.php\/wp-json\/wp\/v2\/tags?post=11078"}],"curies":[{"name":"wp","href":"https:\/\/api.w.org\/{rel}","templated":true}]}}