{"id":11073,"date":"2025-03-31T10:43:06","date_gmt":"2025-03-31T16:43:06","guid":{"rendered":"https:\/\/expressometro.mx\/?p=11073"},"modified":"2025-04-01T10:47:48","modified_gmt":"2025-04-01T16:47:48","slug":"mexico-nos-quiere-de-regreso-y-cerramos-filas-con-sus-causas-cristina-ruiz","status":"publish","type":"post","link":"https:\/\/expressometro.mx\/index.php\/2025\/03\/31\/mexico-nos-quiere-de-regreso-y-cerramos-filas-con-sus-causas-cristina-ruiz\/","title":{"rendered":"M\u00c9XICO NOS QUIERE DE REGRESO Y CERRAMOS FILAS CON SUS CAUSAS: CRISTINA RUIZ"},"content":{"rendered":"\n<ul class=\"wp-block-list\">\n<li>Nos preparamos para darle un cambio con rumbo al pa\u00eds que ha dejado en desgracia el actual r\u00e9gimen pol\u00edtico, se\u00f1al\u00f3 la dirigente estatal del PRI.<\/li>\n<\/ul>\n\n\n\n<p>Todas las casas del priismo mexiquense estar\u00e1n abiertas para abanderar las causas de la gente que hoy, m\u00e1s que nunca, padece las malas decisiones de un r\u00e9gimen que se encarga de destruir todo lo que funciona, dej\u00f3 claro la Senadora Cristina Ruiz Sandoval, Presidenta del Comit\u00e9 Directivo Estatal (CDE).<\/p>\n\n\n\n<p>Al inaugurar la feria artesanal y la jornada de afiliaci\u00f3n partidaria en la sede estatal del PRI, manifest\u00f3 que ante la desgracia que vive el pa\u00eds por un partido ocurrente y sin hoja de ruta, es muy claro que la ciudadan\u00eda abri\u00f3 los ojos para darse cuenta que es necesario un cambio con rumbo.<\/p>\n\n\n\n<p>Acompa\u00f1ada de dirigentes de sectores y organizaciones, as\u00ed como de diputados y diputadas, la Senadora sostuvo que el PRI cierra filas con una sociedad que demanda resultados y exige el relevo de un partido que solo destruye, \u201cporque nosotros s\u00ed sabemos gobernar y nos preparamos para regresar\u201d.<\/p>\n\n\n\n<p>Ante expositores artesanales y cientos de personas que se afiliaron al partido, la dirigente estatal afirm\u00f3 que \u201clo hecho por el PRI est\u00e1 bien hecho, muchas son las obras que ha realizado el PRI con pico y pala; por ello en el 2027 la gente recordar\u00e1 que est\u00e1n mejor con el PRI en todos los sectores\u201d.<\/p>\n\n\n\n<p>En la conmemoraci\u00f3n del D\u00eda del Artesano, destac\u00f3 que el PRI apoya los programas sociales que van acompa\u00f1ados de mejorar la educaci\u00f3n y la generaci\u00f3n de empleo, \u201cla militancia est\u00e1 dispuesta a<br>recorrer una vez m\u00e1s las calles para gestionar y trabajar de la mano con la gente\u201d.<\/p>\n\n\n\n<p>Durante la jornada de afiliaci\u00f3n y refrendo de la militancia pri\u00edsta, Cristina Ruiz mostr\u00f3 su benepl\u00e1cito por el arraigo de cientos de mexiquenses que est\u00e1n convencidos de su arraigo con el mejor partido de M\u00e9xico y destac\u00f3 que a la gente ya no la pueden enga\u00f1ar con falsos discursos de bienestar.<\/p>\n","protected":false},"excerpt":{"rendered":"<p>Todas las casas del priismo mexiquense estar\u00e1n abiertas para abanderar las causas de la gente que hoy, m\u00e1s que nunca, padece las malas decisiones de un r\u00e9gimen que se encarga de destruir todo lo que funciona, dej\u00f3 claro la Senadora Cristina Ruiz Sandoval, Presidenta del Comit\u00e9 Directivo Estatal (CDE).<\/p>\n","protected":false},"author":1,"featured_media":11075,"comment_status":"open","ping_status":"open","sticky":false,"template":"","format":"standard","meta":{"footnotes":""},"categories":[3,1,231],"tags":[2283,1982,158],"class_list":["post-11073","post","type-post","status-publish","format-standard","has-post-thumbnail","hentry","category-gobierno","category-otros","category-politica","tag-cristina-ruiz-sandoval","tag-edomex","tag-pri"],"yoast_head":"<!-- This site is optimized with the Yoast SEO plugin v27.4 - https:\/\/yoast.com\/product\/yoast-seo-wordpress\/ -->\n<title>M\u00c9XICO NOS QUIERE DE REGRESO Y CERRAMOS FILAS CON SUS CAUSAS: CRISTINA RUIZ - Expresso Metropolitano<\/title>\n<meta name=\"robots\" content=\"index, follow, max-snippet:-1, max-image-preview:large, max-video-preview:-1\" \/>\n<link rel=\"canonical\" href=\"https:\/\/expressometro.mx\/index.php\/2025\/03\/31\/mexico-nos-quiere-de-regreso-y-cerramos-filas-con-sus-causas-cristina-ruiz\/\" \/>\n<meta property=\"og:locale\" content=\"es_MX\" \/>\n<meta property=\"og:type\" content=\"article\" \/>\n<meta property=\"og:title\" content=\"M\u00c9XICO NOS QUIERE DE REGRESO Y CERRAMOS FILAS CON SUS CAUSAS: CRISTINA RUIZ - Expresso Metropolitano\" \/>\n<meta property=\"og:description\" content=\"Todas las casas del priismo mexiquense estar\u00e1n abiertas para abanderar las causas de la gente que hoy, m\u00e1s que nunca, padece las malas decisiones de un r\u00e9gimen que se encarga de destruir todo lo que funciona, dej\u00f3 claro la Senadora Cristina Ruiz Sandoval, Presidenta del Comit\u00e9 Directivo Estatal (CDE).\" \/>\n<meta property=\"og:url\" content=\"https:\/\/expressometro.mx\/index.php\/2025\/03\/31\/mexico-nos-quiere-de-regreso-y-cerramos-filas-con-sus-causas-cristina-ruiz\/\" \/>\n<meta property=\"og:site_name\" content=\"Expresso Metropolitano\" \/>\n<meta property=\"article:published_time\" content=\"2025-03-31T16:43:06+00:00\" \/>\n<meta property=\"article:modified_time\" content=\"2025-04-01T16:47:48+00:00\" \/>\n<meta property=\"og:image\" content=\"http:\/\/expressometro.mx\/wp-content\/uploads\/2025\/04\/WhatsApp-Image-2025-03-30-at-6.09.22-PM-scaled.jpeg\" \/>\n\t<meta property=\"og:image:width\" content=\"2560\" \/>\n\t<meta property=\"og:image:height\" content=\"1598\" \/>\n\t<meta property=\"og:image:type\" content=\"image\/jpeg\" \/>\n<meta name=\"author\" content=\"Expresso Metropolitano\" \/>\n<meta name=\"twitter:label1\" content=\"Escrito por\" \/>\n\t<meta name=\"twitter:data1\" content=\"Expresso Metropolitano\" \/>\n\t<meta name=\"twitter:label2\" content=\"Tiempo de lectura\" \/>\n\t<meta name=\"twitter:data2\" content=\"2 minutos\" \/>\n<script type=\"application\/ld+json\" class=\"yoast-schema-graph\">{\"@context\":\"https:\\\/\\\/schema.org\",\"@graph\":[{\"@type\":\"Article\",\"@id\":\"https:\\\/\\\/expressometro.mx\\\/index.php\\\/2025\\\/03\\\/31\\\/mexico-nos-quiere-de-regreso-y-cerramos-filas-con-sus-causas-cristina-ruiz\\\/#article\",\"isPartOf\":{\"@id\":\"https:\\\/\\\/expressometro.mx\\\/index.php\\\/2025\\\/03\\\/31\\\/mexico-nos-quiere-de-regreso-y-cerramos-filas-con-sus-causas-cristina-ruiz\\\/\"},\"author\":{\"name\":\"Expresso Metropolitano\",\"@id\":\"https:\\\/\\\/expressometro.mx\\\/#\\\/schema\\\/person\\\/efa971b4a0664db8ed5c22b1b0dd2f5d\"},\"headline\":\"M\u00c9XICO NOS QUIERE DE REGRESO Y CERRAMOS FILAS CON SUS CAUSAS: CRISTINA RUIZ\",\"datePublished\":\"2025-03-31T16:43:06+00:00\",\"dateModified\":\"2025-04-01T16:47:48+00:00\",\"mainEntityOfPage\":{\"@id\":\"https:\\\/\\\/expressometro.mx\\\/index.php\\\/2025\\\/03\\\/31\\\/mexico-nos-quiere-de-regreso-y-cerramos-filas-con-sus-causas-cristina-ruiz\\\/\"},\"wordCount\":366,\"commentCount\":0,\"publisher\":{\"@id\":\"https:\\\/\\\/expressometro.mx\\\/#organization\"},\"image\":{\"@id\":\"https:\\\/\\\/expressometro.mx\\\/index.php\\\/2025\\\/03\\\/31\\\/mexico-nos-quiere-de-regreso-y-cerramos-filas-con-sus-causas-cristina-ruiz\\\/#primaryimage\"},\"thumbnailUrl\":\"https:\\\/\\\/expressometro.mx\\\/wp-content\\\/uploads\\\/2025\\\/04\\\/WhatsApp-Image-2025-03-30-at-6.09.22-PM-scaled.jpeg\",\"keywords\":[\"Cristina Ru\u00edz Sandoval\",\"Edomex\",\"PRI\"],\"articleSection\":[\"Gobierno\",\"Otros\",\"Pol\u00edtica\"],\"inLanguage\":\"es\",\"potentialAction\":[{\"@type\":\"CommentAction\",\"name\":\"Comment\",\"target\":[\"https:\\\/\\\/expressometro.mx\\\/index.php\\\/2025\\\/03\\\/31\\\/mexico-nos-quiere-de-regreso-y-cerramos-filas-con-sus-causas-cristina-ruiz\\\/#respond\"]}]},{\"@type\":\"WebPage\",\"@id\":\"https:\\\/\\\/expressometro.mx\\\/index.php\\\/2025\\\/03\\\/31\\\/mexico-nos-quiere-de-regreso-y-cerramos-filas-con-sus-causas-cristina-ruiz\\\/\",\"url\":\"https:\\\/\\\/expressometro.mx\\\/index.php\\\/2025\\\/03\\\/31\\\/mexico-nos-quiere-de-regreso-y-cerramos-filas-con-sus-causas-cristina-ruiz\\\/\",\"name\":\"M\u00c9XICO NOS QUIERE DE REGRESO Y CERRAMOS FILAS CON SUS CAUSAS: CRISTINA RUIZ - Expresso Metropolitano\",\"isPartOf\":{\"@id\":\"https:\\\/\\\/expressometro.mx\\\/#website\"},\"primaryImageOfPage\":{\"@id\":\"https:\\\/\\\/expressometro.mx\\\/index.php\\\/2025\\\/03\\\/31\\\/mexico-nos-quiere-de-regreso-y-cerramos-filas-con-sus-causas-cristina-ruiz\\\/#primaryimage\"},\"image\":{\"@id\":\"https:\\\/\\\/expressometro.mx\\\/index.php\\\/2025\\\/03\\\/31\\\/mexico-nos-quiere-de-regreso-y-cerramos-filas-con-sus-causas-cristina-ruiz\\\/#primaryimage\"},\"thumbnailUrl\":\"https:\\\/\\\/expressometro.mx\\\/wp-content\\\/uploads\\\/2025\\\/04\\\/WhatsApp-Image-2025-03-30-at-6.09.22-PM-scaled.jpeg\",\"datePublished\":\"2025-03-31T16:43:06+00:00\",\"dateModified\":\"2025-04-01T16:47:48+00:00\",\"breadcrumb\":{\"@id\":\"https:\\\/\\\/expressometro.mx\\\/index.php\\\/2025\\\/03\\\/31\\\/mexico-nos-quiere-de-regreso-y-cerramos-filas-con-sus-causas-cristina-ruiz\\\/#breadcrumb\"},\"inLanguage\":\"es\",\"potentialAction\":[{\"@type\":\"ReadAction\",\"target\":[\"https:\\\/\\\/expressometro.mx\\\/index.php\\\/2025\\\/03\\\/31\\\/mexico-nos-quiere-de-regreso-y-cerramos-filas-con-sus-causas-cristina-ruiz\\\/\"]}]},{\"@type\":\"ImageObject\",\"inLanguage\":\"es\",\"@id\":\"https:\\\/\\\/expressometro.mx\\\/index.php\\\/2025\\\/03\\\/31\\\/mexico-nos-quiere-de-regreso-y-cerramos-filas-con-sus-causas-cristina-ruiz\\\/#primaryimage\",\"url\":\"https:\\\/\\\/expressometro.mx\\\/wp-content\\\/uploads\\\/2025\\\/04\\\/WhatsApp-Image-2025-03-30-at-6.09.22-PM-scaled.jpeg\",\"contentUrl\":\"https:\\\/\\\/expressometro.mx\\\/wp-content\\\/uploads\\\/2025\\\/04\\\/WhatsApp-Image-2025-03-30-at-6.09.22-PM-scaled.jpeg\",\"width\":2560,\"height\":1598},{\"@type\":\"BreadcrumbList\",\"@id\":\"https:\\\/\\\/expressometro.mx\\\/index.php\\\/2025\\\/03\\\/31\\\/mexico-nos-quiere-de-regreso-y-cerramos-filas-con-sus-causas-cristina-ruiz\\\/#breadcrumb\",\"itemListElement\":[{\"@type\":\"ListItem\",\"position\":1,\"name\":\"Inicio\",\"item\":\"https:\\\/\\\/expressometro.mx\\\/\"},{\"@type\":\"ListItem\",\"position\":2,\"name\":\"M\u00c9XICO NOS QUIERE DE REGRESO Y CERRAMOS FILAS CON SUS CAUSAS: CRISTINA RUIZ\"}]},{\"@type\":\"WebSite\",\"@id\":\"https:\\\/\\\/expressometro.mx\\\/#website\",\"url\":\"https:\\\/\\\/expressometro.mx\\\/\",\"name\":\"Expresso Metropolitano\",\"description\":\"Periodismo comprometido, informaci\u00f3n, investigaci\u00f3n y an\u00e1lisis\",\"publisher\":{\"@id\":\"https:\\\/\\\/expressometro.mx\\\/#organization\"},\"potentialAction\":[{\"@type\":\"SearchAction\",\"target\":{\"@type\":\"EntryPoint\",\"urlTemplate\":\"https:\\\/\\\/expressometro.mx\\\/?s={search_term_string}\"},\"query-input\":{\"@type\":\"PropertyValueSpecification\",\"valueRequired\":true,\"valueName\":\"search_term_string\"}}],\"inLanguage\":\"es\"},{\"@type\":\"Organization\",\"@id\":\"https:\\\/\\\/expressometro.mx\\\/#organization\",\"name\":\"Expresso Metropolitano\",\"url\":\"https:\\\/\\\/expressometro.mx\\\/\",\"logo\":{\"@type\":\"ImageObject\",\"inLanguage\":\"es\",\"@id\":\"https:\\\/\\\/expressometro.mx\\\/#\\\/schema\\\/logo\\\/image\\\/\",\"url\":\"https:\\\/\\\/expressometro.mx\\\/wp-content\\\/uploads\\\/2019\\\/07\\\/cropped-Logo-Expresso-Metropolitano-1-1.jpeg\",\"contentUrl\":\"https:\\\/\\\/expressometro.mx\\\/wp-content\\\/uploads\\\/2019\\\/07\\\/cropped-Logo-Expresso-Metropolitano-1-1.jpeg\",\"width\":290,\"height\":73,\"caption\":\"Expresso Metropolitano\"},\"image\":{\"@id\":\"https:\\\/\\\/expressometro.mx\\\/#\\\/schema\\\/logo\\\/image\\\/\"}},{\"@type\":\"Person\",\"@id\":\"https:\\\/\\\/expressometro.mx\\\/#\\\/schema\\\/person\\\/efa971b4a0664db8ed5c22b1b0dd2f5d\",\"name\":\"Expresso Metropolitano\",\"image\":{\"@type\":\"ImageObject\",\"inLanguage\":\"es\",\"@id\":\"https:\\\/\\\/secure.gravatar.com\\\/avatar\\\/a89f802b8de18c6952f223c88d3d106e9e3679839f4e25a02f4a6cc2ae6ba3b3?s=96&d=mm&r=g\",\"url\":\"https:\\\/\\\/secure.gravatar.com\\\/avatar\\\/a89f802b8de18c6952f223c88d3d106e9e3679839f4e25a02f4a6cc2ae6ba3b3?s=96&d=mm&r=g\",\"contentUrl\":\"https:\\\/\\\/secure.gravatar.com\\\/avatar\\\/a89f802b8de18c6952f223c88d3d106e9e3679839f4e25a02f4a6cc2ae6ba3b3?s=96&d=mm&r=g\",\"caption\":\"Expresso Metropolitano\"},\"url\":\"https:\\\/\\\/expressometro.mx\\\/index.php\\\/author\\\/diego\\\/\"}]}<\/script>\n<!-- \/ Yoast SEO plugin. -->","yoast_head_json":{"title":"M\u00c9XICO NOS QUIERE DE REGRESO Y CERRAMOS FILAS CON SUS CAUSAS: CRISTINA RUIZ - Expresso Metropolitano","robots":{"index":"index","follow":"follow","max-snippet":"max-snippet:-1","max-image-preview":"max-image-preview:large","max-video-preview":"max-video-preview:-1"},"canonical":"https:\/\/expressometro.mx\/index.php\/2025\/03\/31\/mexico-nos-quiere-de-regreso-y-cerramos-filas-con-sus-causas-cristina-ruiz\/","og_locale":"es_MX","og_type":"article","og_title":"M\u00c9XICO NOS QUIERE DE REGRESO Y CERRAMOS FILAS CON SUS CAUSAS: CRISTINA RUIZ - Expresso Metropolitano","og_description":"Todas las casas del priismo mexiquense estar\u00e1n abiertas para abanderar las causas de la gente que hoy, m\u00e1s que nunca, padece las malas decisiones de un r\u00e9gimen que se encarga de destruir todo lo que funciona, dej\u00f3 claro la Senadora Cristina Ruiz Sandoval, Presidenta del Comit\u00e9 Directivo Estatal (CDE).","og_url":"https:\/\/expressometro.mx\/index.php\/2025\/03\/31\/mexico-nos-quiere-de-regreso-y-cerramos-filas-con-sus-causas-cristina-ruiz\/","og_site_name":"Expresso Metropolitano","article_published_time":"2025-03-31T16:43:06+00:00","article_modified_time":"2025-04-01T16:47:48+00:00","og_image":[{"width":2560,"height":1598,"url":"http:\/\/expressometro.mx\/wp-content\/uploads\/2025\/04\/WhatsApp-Image-2025-03-30-at-6.09.22-PM-scaled.jpeg","type":"image\/jpeg"}],"author":"Expresso Metropolitano","twitter_misc":{"Escrito por":"Expresso Metropolitano","Tiempo de lectura":"2 minutos"},"schema":{"@context":"https:\/\/schema.org","@graph":[{"@type":"Article","@id":"https:\/\/expressometro.mx\/index.php\/2025\/03\/31\/mexico-nos-quiere-de-regreso-y-cerramos-filas-con-sus-causas-cristina-ruiz\/#article","isPartOf":{"@id":"https:\/\/expressometro.mx\/index.php\/2025\/03\/31\/mexico-nos-quiere-de-regreso-y-cerramos-filas-con-sus-causas-cristina-ruiz\/"},"author":{"name":"Expresso Metropolitano","@id":"https:\/\/expressometro.mx\/#\/schema\/person\/efa971b4a0664db8ed5c22b1b0dd2f5d"},"headline":"M\u00c9XICO NOS QUIERE DE REGRESO Y CERRAMOS FILAS CON SUS CAUSAS: CRISTINA RUIZ","datePublished":"2025-03-31T16:43:06+00:00","dateModified":"2025-04-01T16:47:48+00:00","mainEntityOfPage":{"@id":"https:\/\/expressometro.mx\/index.php\/2025\/03\/31\/mexico-nos-quiere-de-regreso-y-cerramos-filas-con-sus-causas-cristina-ruiz\/"},"wordCount":366,"commentCount":0,"publisher":{"@id":"https:\/\/expressometro.mx\/#organization"},"image":{"@id":"https:\/\/expressometro.mx\/index.php\/2025\/03\/31\/mexico-nos-quiere-de-regreso-y-cerramos-filas-con-sus-causas-cristina-ruiz\/#primaryimage"},"thumbnailUrl":"https:\/\/expressometro.mx\/wp-content\/uploads\/2025\/04\/WhatsApp-Image-2025-03-30-at-6.09.22-PM-scaled.jpeg","keywords":["Cristina Ru\u00edz Sandoval","Edomex","PRI"],"articleSection":["Gobierno","Otros","Pol\u00edtica"],"inLanguage":"es","potentialAction":[{"@type":"CommentAction","name":"Comment","target":["https:\/\/expressometro.mx\/index.php\/2025\/03\/31\/mexico-nos-quiere-de-regreso-y-cerramos-filas-con-sus-causas-cristina-ruiz\/#respond"]}]},{"@type":"WebPage","@id":"https:\/\/expressometro.mx\/index.php\/2025\/03\/31\/mexico-nos-quiere-de-regreso-y-cerramos-filas-con-sus-causas-cristina-ruiz\/","url":"https:\/\/expressometro.mx\/index.php\/2025\/03\/31\/mexico-nos-quiere-de-regreso-y-cerramos-filas-con-sus-causas-cristina-ruiz\/","name":"M\u00c9XICO NOS QUIERE DE REGRESO Y CERRAMOS FILAS CON SUS CAUSAS: CRISTINA RUIZ - Expresso Metropolitano","isPartOf":{"@id":"https:\/\/expressometro.mx\/#website"},"primaryImageOfPage":{"@id":"https:\/\/expressometro.mx\/index.php\/2025\/03\/31\/mexico-nos-quiere-de-regreso-y-cerramos-filas-con-sus-causas-cristina-ruiz\/#primaryimage"},"image":{"@id":"https:\/\/expressometro.mx\/index.php\/2025\/03\/31\/mexico-nos-quiere-de-regreso-y-cerramos-filas-con-sus-causas-cristina-ruiz\/#primaryimage"},"thumbnailUrl":"https:\/\/expressometro.mx\/wp-content\/uploads\/2025\/04\/WhatsApp-Image-2025-03-30-at-6.09.22-PM-scaled.jpeg","datePublished":"2025-03-31T16:43:06+00:00","dateModified":"2025-04-01T16:47:48+00:00","breadcrumb":{"@id":"https:\/\/expressometro.mx\/index.php\/2025\/03\/31\/mexico-nos-quiere-de-regreso-y-cerramos-filas-con-sus-causas-cristina-ruiz\/#breadcrumb"},"inLanguage":"es","potentialAction":[{"@type":"ReadAction","target":["https:\/\/expressometro.mx\/index.php\/2025\/03\/31\/mexico-nos-quiere-de-regreso-y-cerramos-filas-con-sus-causas-cristina-ruiz\/"]}]},{"@type":"ImageObject","inLanguage":"es","@id":"https:\/\/expressometro.mx\/index.php\/2025\/03\/31\/mexico-nos-quiere-de-regreso-y-cerramos-filas-con-sus-causas-cristina-ruiz\/#primaryimage","url":"https:\/\/expressometro.mx\/wp-content\/uploads\/2025\/04\/WhatsApp-Image-2025-03-30-at-6.09.22-PM-scaled.jpeg","contentUrl":"https:\/\/expressometro.mx\/wp-content\/uploads\/2025\/04\/WhatsApp-Image-2025-03-30-at-6.09.22-PM-scaled.jpeg","width":2560,"height":1598},{"@type":"BreadcrumbList","@id":"https:\/\/expressometro.mx\/index.php\/2025\/03\/31\/mexico-nos-quiere-de-regreso-y-cerramos-filas-con-sus-causas-cristina-ruiz\/#breadcrumb","itemListElement":[{"@type":"ListItem","position":1,"name":"Inicio","item":"https:\/\/expressometro.mx\/"},{"@type":"ListItem","position":2,"name":"M\u00c9XICO NOS QUIERE DE REGRESO Y CERRAMOS FILAS CON SUS CAUSAS: CRISTINA RUIZ"}]},{"@type":"WebSite","@id":"https:\/\/expressometro.mx\/#website","url":"https:\/\/expressometro.mx\/","name":"Expresso Metropolitano","description":"Periodismo comprometido, informaci\u00f3n, investigaci\u00f3n y an\u00e1lisis","publisher":{"@id":"https:\/\/expressometro.mx\/#organization"},"potentialAction":[{"@type":"SearchAction","target":{"@type":"EntryPoint","urlTemplate":"https:\/\/expressometro.mx\/?s={search_term_string}"},"query-input":{"@type":"PropertyValueSpecification","valueRequired":true,"valueName":"search_term_string"}}],"inLanguage":"es"},{"@type":"Organization","@id":"https:\/\/expressometro.mx\/#organization","name":"Expresso Metropolitano","url":"https:\/\/expressometro.mx\/","logo":{"@type":"ImageObject","inLanguage":"es","@id":"https:\/\/expressometro.mx\/#\/schema\/logo\/image\/","url":"https:\/\/expressometro.mx\/wp-content\/uploads\/2019\/07\/cropped-Logo-Expresso-Metropolitano-1-1.jpeg","contentUrl":"https:\/\/expressometro.mx\/wp-content\/uploads\/2019\/07\/cropped-Logo-Expresso-Metropolitano-1-1.jpeg","width":290,"height":73,"caption":"Expresso Metropolitano"},"image":{"@id":"https:\/\/expressometro.mx\/#\/schema\/logo\/image\/"}},{"@type":"Person","@id":"https:\/\/expressometro.mx\/#\/schema\/person\/efa971b4a0664db8ed5c22b1b0dd2f5d","name":"Expresso Metropolitano","image":{"@type":"ImageObject","inLanguage":"es","@id":"https:\/\/secure.gravatar.com\/avatar\/a89f802b8de18c6952f223c88d3d106e9e3679839f4e25a02f4a6cc2ae6ba3b3?s=96&d=mm&r=g","url":"https:\/\/secure.gravatar.com\/avatar\/a89f802b8de18c6952f223c88d3d106e9e3679839f4e25a02f4a6cc2ae6ba3b3?s=96&d=mm&r=g","contentUrl":"https:\/\/secure.gravatar.com\/avatar\/a89f802b8de18c6952f223c88d3d106e9e3679839f4e25a02f4a6cc2ae6ba3b3?s=96&d=mm&r=g","caption":"Expresso Metropolitano"},"url":"https:\/\/expressometro.mx\/index.php\/author\/diego\/"}]}},"amp_enabled":true,"_links":{"self":[{"href":"https:\/\/expressometro.mx\/index.php\/wp-json\/wp\/v2\/posts\/11073","targetHints":{"allow":["GET"]}}],"collection":[{"href":"https:\/\/expressometro.mx\/index.php\/wp-json\/wp\/v2\/posts"}],"about":[{"href":"https:\/\/expressometro.mx\/index.php\/wp-json\/wp\/v2\/types\/post"}],"author":[{"embeddable":true,"href":"https:\/\/expressometro.mx\/index.php\/wp-json\/wp\/v2\/users\/1"}],"replies":[{"embeddable":true,"href":"https:\/\/expressometro.mx\/index.php\/wp-json\/wp\/v2\/comments?post=11073"}],"version-history":[{"count":1,"href":"https:\/\/expressometro.mx\/index.php\/wp-json\/wp\/v2\/posts\/11073\/revisions"}],"predecessor-version":[{"id":11076,"href":"https:\/\/expressometro.mx\/index.php\/wp-json\/wp\/v2\/posts\/11073\/revisions\/11076"}],"wp:featuredmedia":[{"embeddable":true,"href":"https:\/\/expressometro.mx\/index.php\/wp-json\/wp\/v2\/media\/11075"}],"wp:attachment":[{"href":"https:\/\/expressometro.mx\/index.php\/wp-json\/wp\/v2\/media?parent=11073"}],"wp:term":[{"taxonomy":"category","embeddable":true,"href":"https:\/\/expressometro.mx\/index.php\/wp-json\/wp\/v2\/categories?post=11073"},{"taxonomy":"post_tag","embeddable":true,"href":"https:\/\/expressometro.mx\/index.php\/wp-json\/wp\/v2\/tags?post=11073"}],"curies":[{"name":"wp","href":"https:\/\/api.w.org\/{rel}","templated":true}]}}