{"id":11068,"date":"2025-03-28T17:42:21","date_gmt":"2025-03-28T23:42:21","guid":{"rendered":"https:\/\/expressometro.mx\/?p=11068"},"modified":"2025-03-30T17:45:28","modified_gmt":"2025-03-30T23:45:28","slug":"estabamos-mejor-con-el-pri-digan-lo-que-digan-cristina-ruiz","status":"publish","type":"post","link":"https:\/\/expressometro.mx\/index.php\/2025\/03\/28\/estabamos-mejor-con-el-pri-digan-lo-que-digan-cristina-ruiz\/","title":{"rendered":"EST\u00c1BAMOS MEJOR CON EL PRI DIGAN LO QUE DIGAN: CRISTINA RUIZ\u00a0"},"content":{"rendered":"\n<ul class=\"wp-block-list\">\n<li>La presidenta del Comit\u00e9 Directivo Estatal puso en marcha el programa \u201cVale PRI\u201d que busca ayudar a los mexiquenses con menos recursos.<\/li>\n<\/ul>\n\n\n\n<ul class=\"wp-block-list\">\n<li>Se hizo entrega de aparatos multifuncionales como muletas, amplificadores de audio, bastones, medicamentos para asma, lentes y andaderas con un valor de 1.2 millones de pesos.<\/li>\n<\/ul>\n\n\n\n<p>Los sectores y organizaciones del PRI abren sus puertas a las comunidades para que los mexiquenses puedan acceder a los programas de apoyo que se logran con la gesti\u00f3n en estos momentos de adversidad y de desabasto de medicamentos, afirm\u00f3 la Senadora Cristina Ruiz Sandoval, Presidenta del Comit\u00e9 Directivo Estatal (CDE).<br>&nbsp;<br>Durante la presentaci\u00f3n del programa \u201cVale PRI\u201d que dirige la secretaria de Gesti\u00f3n Social, Melissa Vargas Camacho, dej\u00f3 claro que la justicia social no es un discurso sino una acci\u00f3n permanente que practica el priismo mexiquense, \u201chacemos esta alianza con las ciudadanas y ciudadanos y m\u00e1s a\u00fan con los programas sociales que gener\u00f3 el partido desde hace muchos a\u00f1os\u201d.<br>&nbsp;<br>El PRI dio origen a los programas sociales que estaban acompa\u00f1ados de desarrollo, empleo, servicio p\u00fablico y de infraestructura carretera, \u201choy no vienen as\u00ed porque existe un partido en el poder que no se preocupa por el futuro de los j\u00f3venes y que destruye sus sue\u00f1os, por eso nos comprometemos hoy m\u00e1s que nunca a estar cercanos a la gente\u201d.<br>&nbsp;<br>\u201cEst\u00e1bamos mejor con el PRI digan lo que digan, hagan lo que hagan, por eso hoy m\u00e1s que nunca tenemos que salir a las calles y recordarle a la gente que el PRI construy\u00f3 todo lo que ven a su paso y hoy de un manotazo quieren destruir todo, pero vamos a seguir dando la batalla se\u00f1alando a los gobiernos corruptos e ineptos\u201d, puntualiz\u00f3.<br>&nbsp;<br>En su participaci\u00f3n, Melissa Vargas Camacho dijo sentirse convencida de que la mejor forma de hacer pol\u00edtica es ayudando a la gente en salud, educaci\u00f3n, vivienda y apoyos para personas con capacidades diferentes, \u201cla realidad es que las cifras de pobreza han aumentado y por ello estamos cerca de los mexiquenses con el fin de atender sus necesidades\u201d.<br>&nbsp;<br>Inform\u00f3 que el programa \u201cVale PRI\u201d tiene que ver con gesti\u00f3n de insumos con empresas, liderazgos pol\u00edticos y organizaciones de la sociedad civil para que se pongan a disposici\u00f3n de la gente; es un programa que buscar\u00e1 brindar a costos b\u00e1sico los apoyos alimenticios o para vivienda con el fin de aliviar su econom\u00eda familiar.<\/p>\n","protected":false},"excerpt":{"rendered":"<p>Los sectores y organizaciones del PRI abren sus puertas a las comunidades para que los mexiquenses puedan acceder a los programas de apoyo que se logran con la gesti\u00f3n en estos momentos de adversidad y de desabasto de medicamentos, afirm\u00f3 la Senadora Cristina Ruiz Sandoval, Presidenta del Comit\u00e9 Directivo Estatal (CDE).&nbsp;Durante la presentaci\u00f3n del programa \u201cVale PRI\u201d que dirige la secretaria de Gesti\u00f3n Social, Melissa Vargas Camacho, dej\u00f3 claro que la justicia social no es un discurso sino una acci\u00f3n permanente que practica el priismo mexiquense, \u201chacemos esta alianza con&hellip;<\/p>\n","protected":false},"author":1,"featured_media":11070,"comment_status":"open","ping_status":"open","sticky":false,"template":"","format":"standard","meta":{"footnotes":""},"categories":[3,1,231],"tags":[2283,1982,158],"class_list":["post-11068","post","type-post","status-publish","format-standard","has-post-thumbnail","hentry","category-gobierno","category-otros","category-politica","tag-cristina-ruiz-sandoval","tag-edomex","tag-pri"],"yoast_head":"<!-- This site is optimized with the Yoast SEO plugin v27.4 - https:\/\/yoast.com\/product\/yoast-seo-wordpress\/ -->\n<title>EST\u00c1BAMOS MEJOR CON EL PRI DIGAN LO QUE DIGAN: CRISTINA RUIZ\u00a0 - Expresso Metropolitano<\/title>\n<meta name=\"robots\" content=\"index, follow, max-snippet:-1, max-image-preview:large, max-video-preview:-1\" \/>\n<link rel=\"canonical\" href=\"https:\/\/expressometro.mx\/index.php\/2025\/03\/28\/estabamos-mejor-con-el-pri-digan-lo-que-digan-cristina-ruiz\/\" \/>\n<meta property=\"og:locale\" content=\"es_MX\" \/>\n<meta property=\"og:type\" content=\"article\" \/>\n<meta property=\"og:title\" content=\"EST\u00c1BAMOS MEJOR CON EL PRI DIGAN LO QUE DIGAN: CRISTINA RUIZ\u00a0 - Expresso Metropolitano\" \/>\n<meta property=\"og:description\" content=\"Los sectores y organizaciones del PRI abren sus puertas a las comunidades para que los mexiquenses puedan acceder a los programas de apoyo que se logran con la gesti\u00f3n en estos momentos de adversidad y de desabasto de medicamentos, afirm\u00f3 la Senadora Cristina Ruiz Sandoval, Presidenta del Comit\u00e9 Directivo Estatal (CDE).&nbsp;Durante la presentaci\u00f3n del programa \u201cVale PRI\u201d que dirige la secretaria de Gesti\u00f3n Social, Melissa Vargas Camacho, dej\u00f3 claro que la justicia social no es un discurso sino una acci\u00f3n permanente que practica el priismo mexiquense, \u201chacemos esta alianza con&hellip;\" \/>\n<meta property=\"og:url\" content=\"https:\/\/expressometro.mx\/index.php\/2025\/03\/28\/estabamos-mejor-con-el-pri-digan-lo-que-digan-cristina-ruiz\/\" \/>\n<meta property=\"og:site_name\" content=\"Expresso Metropolitano\" \/>\n<meta property=\"article:published_time\" content=\"2025-03-28T23:42:21+00:00\" \/>\n<meta property=\"article:modified_time\" content=\"2025-03-30T23:45:28+00:00\" \/>\n<meta property=\"og:image\" content=\"http:\/\/expressometro.mx\/wp-content\/uploads\/2025\/03\/WhatsApp-Image-2025-03-28-at-5.09.48-PM.jpeg\" \/>\n\t<meta property=\"og:image:width\" content=\"731\" \/>\n\t<meta property=\"og:image:height\" content=\"1280\" \/>\n\t<meta property=\"og:image:type\" content=\"image\/jpeg\" \/>\n<meta name=\"author\" content=\"Expresso Metropolitano\" \/>\n<meta name=\"twitter:label1\" content=\"Escrito por\" \/>\n\t<meta name=\"twitter:data1\" content=\"Expresso Metropolitano\" \/>\n\t<meta name=\"twitter:label2\" content=\"Tiempo de lectura\" \/>\n\t<meta name=\"twitter:data2\" content=\"3 minutos\" \/>\n<script type=\"application\/ld+json\" class=\"yoast-schema-graph\">{\"@context\":\"https:\\\/\\\/schema.org\",\"@graph\":[{\"@type\":\"Article\",\"@id\":\"https:\\\/\\\/expressometro.mx\\\/index.php\\\/2025\\\/03\\\/28\\\/estabamos-mejor-con-el-pri-digan-lo-que-digan-cristina-ruiz\\\/#article\",\"isPartOf\":{\"@id\":\"https:\\\/\\\/expressometro.mx\\\/index.php\\\/2025\\\/03\\\/28\\\/estabamos-mejor-con-el-pri-digan-lo-que-digan-cristina-ruiz\\\/\"},\"author\":{\"name\":\"Expresso Metropolitano\",\"@id\":\"https:\\\/\\\/expressometro.mx\\\/#\\\/schema\\\/person\\\/efa971b4a0664db8ed5c22b1b0dd2f5d\"},\"headline\":\"EST\u00c1BAMOS MEJOR CON EL PRI DIGAN LO QUE DIGAN: CRISTINA RUIZ\u00a0\",\"datePublished\":\"2025-03-28T23:42:21+00:00\",\"dateModified\":\"2025-03-30T23:45:28+00:00\",\"mainEntityOfPage\":{\"@id\":\"https:\\\/\\\/expressometro.mx\\\/index.php\\\/2025\\\/03\\\/28\\\/estabamos-mejor-con-el-pri-digan-lo-que-digan-cristina-ruiz\\\/\"},\"wordCount\":434,\"commentCount\":0,\"publisher\":{\"@id\":\"https:\\\/\\\/expressometro.mx\\\/#organization\"},\"image\":{\"@id\":\"https:\\\/\\\/expressometro.mx\\\/index.php\\\/2025\\\/03\\\/28\\\/estabamos-mejor-con-el-pri-digan-lo-que-digan-cristina-ruiz\\\/#primaryimage\"},\"thumbnailUrl\":\"https:\\\/\\\/expressometro.mx\\\/wp-content\\\/uploads\\\/2025\\\/03\\\/WhatsApp-Image-2025-03-28-at-5.09.48-PM.jpeg\",\"keywords\":[\"Cristina Ru\u00edz Sandoval\",\"Edomex\",\"PRI\"],\"articleSection\":[\"Gobierno\",\"Otros\",\"Pol\u00edtica\"],\"inLanguage\":\"es\",\"potentialAction\":[{\"@type\":\"CommentAction\",\"name\":\"Comment\",\"target\":[\"https:\\\/\\\/expressometro.mx\\\/index.php\\\/2025\\\/03\\\/28\\\/estabamos-mejor-con-el-pri-digan-lo-que-digan-cristina-ruiz\\\/#respond\"]}]},{\"@type\":\"WebPage\",\"@id\":\"https:\\\/\\\/expressometro.mx\\\/index.php\\\/2025\\\/03\\\/28\\\/estabamos-mejor-con-el-pri-digan-lo-que-digan-cristina-ruiz\\\/\",\"url\":\"https:\\\/\\\/expressometro.mx\\\/index.php\\\/2025\\\/03\\\/28\\\/estabamos-mejor-con-el-pri-digan-lo-que-digan-cristina-ruiz\\\/\",\"name\":\"EST\u00c1BAMOS MEJOR CON EL PRI DIGAN LO QUE DIGAN: CRISTINA RUIZ\u00a0 - Expresso Metropolitano\",\"isPartOf\":{\"@id\":\"https:\\\/\\\/expressometro.mx\\\/#website\"},\"primaryImageOfPage\":{\"@id\":\"https:\\\/\\\/expressometro.mx\\\/index.php\\\/2025\\\/03\\\/28\\\/estabamos-mejor-con-el-pri-digan-lo-que-digan-cristina-ruiz\\\/#primaryimage\"},\"image\":{\"@id\":\"https:\\\/\\\/expressometro.mx\\\/index.php\\\/2025\\\/03\\\/28\\\/estabamos-mejor-con-el-pri-digan-lo-que-digan-cristina-ruiz\\\/#primaryimage\"},\"thumbnailUrl\":\"https:\\\/\\\/expressometro.mx\\\/wp-content\\\/uploads\\\/2025\\\/03\\\/WhatsApp-Image-2025-03-28-at-5.09.48-PM.jpeg\",\"datePublished\":\"2025-03-28T23:42:21+00:00\",\"dateModified\":\"2025-03-30T23:45:28+00:00\",\"breadcrumb\":{\"@id\":\"https:\\\/\\\/expressometro.mx\\\/index.php\\\/2025\\\/03\\\/28\\\/estabamos-mejor-con-el-pri-digan-lo-que-digan-cristina-ruiz\\\/#breadcrumb\"},\"inLanguage\":\"es\",\"potentialAction\":[{\"@type\":\"ReadAction\",\"target\":[\"https:\\\/\\\/expressometro.mx\\\/index.php\\\/2025\\\/03\\\/28\\\/estabamos-mejor-con-el-pri-digan-lo-que-digan-cristina-ruiz\\\/\"]}]},{\"@type\":\"ImageObject\",\"inLanguage\":\"es\",\"@id\":\"https:\\\/\\\/expressometro.mx\\\/index.php\\\/2025\\\/03\\\/28\\\/estabamos-mejor-con-el-pri-digan-lo-que-digan-cristina-ruiz\\\/#primaryimage\",\"url\":\"https:\\\/\\\/expressometro.mx\\\/wp-content\\\/uploads\\\/2025\\\/03\\\/WhatsApp-Image-2025-03-28-at-5.09.48-PM.jpeg\",\"contentUrl\":\"https:\\\/\\\/expressometro.mx\\\/wp-content\\\/uploads\\\/2025\\\/03\\\/WhatsApp-Image-2025-03-28-at-5.09.48-PM.jpeg\",\"width\":731,\"height\":1280},{\"@type\":\"BreadcrumbList\",\"@id\":\"https:\\\/\\\/expressometro.mx\\\/index.php\\\/2025\\\/03\\\/28\\\/estabamos-mejor-con-el-pri-digan-lo-que-digan-cristina-ruiz\\\/#breadcrumb\",\"itemListElement\":[{\"@type\":\"ListItem\",\"position\":1,\"name\":\"Inicio\",\"item\":\"https:\\\/\\\/expressometro.mx\\\/\"},{\"@type\":\"ListItem\",\"position\":2,\"name\":\"EST\u00c1BAMOS MEJOR CON EL PRI DIGAN LO QUE DIGAN: CRISTINA RUIZ\u00a0\"}]},{\"@type\":\"WebSite\",\"@id\":\"https:\\\/\\\/expressometro.mx\\\/#website\",\"url\":\"https:\\\/\\\/expressometro.mx\\\/\",\"name\":\"Expresso Metropolitano\",\"description\":\"Periodismo comprometido, informaci\u00f3n, investigaci\u00f3n y an\u00e1lisis\",\"publisher\":{\"@id\":\"https:\\\/\\\/expressometro.mx\\\/#organization\"},\"potentialAction\":[{\"@type\":\"SearchAction\",\"target\":{\"@type\":\"EntryPoint\",\"urlTemplate\":\"https:\\\/\\\/expressometro.mx\\\/?s={search_term_string}\"},\"query-input\":{\"@type\":\"PropertyValueSpecification\",\"valueRequired\":true,\"valueName\":\"search_term_string\"}}],\"inLanguage\":\"es\"},{\"@type\":\"Organization\",\"@id\":\"https:\\\/\\\/expressometro.mx\\\/#organization\",\"name\":\"Expresso Metropolitano\",\"url\":\"https:\\\/\\\/expressometro.mx\\\/\",\"logo\":{\"@type\":\"ImageObject\",\"inLanguage\":\"es\",\"@id\":\"https:\\\/\\\/expressometro.mx\\\/#\\\/schema\\\/logo\\\/image\\\/\",\"url\":\"https:\\\/\\\/expressometro.mx\\\/wp-content\\\/uploads\\\/2019\\\/07\\\/cropped-Logo-Expresso-Metropolitano-1-1.jpeg\",\"contentUrl\":\"https:\\\/\\\/expressometro.mx\\\/wp-content\\\/uploads\\\/2019\\\/07\\\/cropped-Logo-Expresso-Metropolitano-1-1.jpeg\",\"width\":290,\"height\":73,\"caption\":\"Expresso Metropolitano\"},\"image\":{\"@id\":\"https:\\\/\\\/expressometro.mx\\\/#\\\/schema\\\/logo\\\/image\\\/\"}},{\"@type\":\"Person\",\"@id\":\"https:\\\/\\\/expressometro.mx\\\/#\\\/schema\\\/person\\\/efa971b4a0664db8ed5c22b1b0dd2f5d\",\"name\":\"Expresso Metropolitano\",\"image\":{\"@type\":\"ImageObject\",\"inLanguage\":\"es\",\"@id\":\"https:\\\/\\\/secure.gravatar.com\\\/avatar\\\/a89f802b8de18c6952f223c88d3d106e9e3679839f4e25a02f4a6cc2ae6ba3b3?s=96&d=mm&r=g\",\"url\":\"https:\\\/\\\/secure.gravatar.com\\\/avatar\\\/a89f802b8de18c6952f223c88d3d106e9e3679839f4e25a02f4a6cc2ae6ba3b3?s=96&d=mm&r=g\",\"contentUrl\":\"https:\\\/\\\/secure.gravatar.com\\\/avatar\\\/a89f802b8de18c6952f223c88d3d106e9e3679839f4e25a02f4a6cc2ae6ba3b3?s=96&d=mm&r=g\",\"caption\":\"Expresso Metropolitano\"},\"url\":\"https:\\\/\\\/expressometro.mx\\\/index.php\\\/author\\\/diego\\\/\"}]}<\/script>\n<!-- \/ Yoast SEO plugin. -->","yoast_head_json":{"title":"EST\u00c1BAMOS MEJOR CON EL PRI DIGAN LO QUE DIGAN: CRISTINA RUIZ\u00a0 - Expresso Metropolitano","robots":{"index":"index","follow":"follow","max-snippet":"max-snippet:-1","max-image-preview":"max-image-preview:large","max-video-preview":"max-video-preview:-1"},"canonical":"https:\/\/expressometro.mx\/index.php\/2025\/03\/28\/estabamos-mejor-con-el-pri-digan-lo-que-digan-cristina-ruiz\/","og_locale":"es_MX","og_type":"article","og_title":"EST\u00c1BAMOS MEJOR CON EL PRI DIGAN LO QUE DIGAN: CRISTINA RUIZ\u00a0 - Expresso Metropolitano","og_description":"Los sectores y organizaciones del PRI abren sus puertas a las comunidades para que los mexiquenses puedan acceder a los programas de apoyo que se logran con la gesti\u00f3n en estos momentos de adversidad y de desabasto de medicamentos, afirm\u00f3 la Senadora Cristina Ruiz Sandoval, Presidenta del Comit\u00e9 Directivo Estatal (CDE).&nbsp;Durante la presentaci\u00f3n del programa \u201cVale PRI\u201d que dirige la secretaria de Gesti\u00f3n Social, Melissa Vargas Camacho, dej\u00f3 claro que la justicia social no es un discurso sino una acci\u00f3n permanente que practica el priismo mexiquense, \u201chacemos esta alianza con&hellip;","og_url":"https:\/\/expressometro.mx\/index.php\/2025\/03\/28\/estabamos-mejor-con-el-pri-digan-lo-que-digan-cristina-ruiz\/","og_site_name":"Expresso Metropolitano","article_published_time":"2025-03-28T23:42:21+00:00","article_modified_time":"2025-03-30T23:45:28+00:00","og_image":[{"width":731,"height":1280,"url":"http:\/\/expressometro.mx\/wp-content\/uploads\/2025\/03\/WhatsApp-Image-2025-03-28-at-5.09.48-PM.jpeg","type":"image\/jpeg"}],"author":"Expresso Metropolitano","twitter_misc":{"Escrito por":"Expresso Metropolitano","Tiempo de lectura":"3 minutos"},"schema":{"@context":"https:\/\/schema.org","@graph":[{"@type":"Article","@id":"https:\/\/expressometro.mx\/index.php\/2025\/03\/28\/estabamos-mejor-con-el-pri-digan-lo-que-digan-cristina-ruiz\/#article","isPartOf":{"@id":"https:\/\/expressometro.mx\/index.php\/2025\/03\/28\/estabamos-mejor-con-el-pri-digan-lo-que-digan-cristina-ruiz\/"},"author":{"name":"Expresso Metropolitano","@id":"https:\/\/expressometro.mx\/#\/schema\/person\/efa971b4a0664db8ed5c22b1b0dd2f5d"},"headline":"EST\u00c1BAMOS MEJOR CON EL PRI DIGAN LO QUE DIGAN: CRISTINA RUIZ\u00a0","datePublished":"2025-03-28T23:42:21+00:00","dateModified":"2025-03-30T23:45:28+00:00","mainEntityOfPage":{"@id":"https:\/\/expressometro.mx\/index.php\/2025\/03\/28\/estabamos-mejor-con-el-pri-digan-lo-que-digan-cristina-ruiz\/"},"wordCount":434,"commentCount":0,"publisher":{"@id":"https:\/\/expressometro.mx\/#organization"},"image":{"@id":"https:\/\/expressometro.mx\/index.php\/2025\/03\/28\/estabamos-mejor-con-el-pri-digan-lo-que-digan-cristina-ruiz\/#primaryimage"},"thumbnailUrl":"https:\/\/expressometro.mx\/wp-content\/uploads\/2025\/03\/WhatsApp-Image-2025-03-28-at-5.09.48-PM.jpeg","keywords":["Cristina Ru\u00edz Sandoval","Edomex","PRI"],"articleSection":["Gobierno","Otros","Pol\u00edtica"],"inLanguage":"es","potentialAction":[{"@type":"CommentAction","name":"Comment","target":["https:\/\/expressometro.mx\/index.php\/2025\/03\/28\/estabamos-mejor-con-el-pri-digan-lo-que-digan-cristina-ruiz\/#respond"]}]},{"@type":"WebPage","@id":"https:\/\/expressometro.mx\/index.php\/2025\/03\/28\/estabamos-mejor-con-el-pri-digan-lo-que-digan-cristina-ruiz\/","url":"https:\/\/expressometro.mx\/index.php\/2025\/03\/28\/estabamos-mejor-con-el-pri-digan-lo-que-digan-cristina-ruiz\/","name":"EST\u00c1BAMOS MEJOR CON EL PRI DIGAN LO QUE DIGAN: CRISTINA RUIZ\u00a0 - Expresso Metropolitano","isPartOf":{"@id":"https:\/\/expressometro.mx\/#website"},"primaryImageOfPage":{"@id":"https:\/\/expressometro.mx\/index.php\/2025\/03\/28\/estabamos-mejor-con-el-pri-digan-lo-que-digan-cristina-ruiz\/#primaryimage"},"image":{"@id":"https:\/\/expressometro.mx\/index.php\/2025\/03\/28\/estabamos-mejor-con-el-pri-digan-lo-que-digan-cristina-ruiz\/#primaryimage"},"thumbnailUrl":"https:\/\/expressometro.mx\/wp-content\/uploads\/2025\/03\/WhatsApp-Image-2025-03-28-at-5.09.48-PM.jpeg","datePublished":"2025-03-28T23:42:21+00:00","dateModified":"2025-03-30T23:45:28+00:00","breadcrumb":{"@id":"https:\/\/expressometro.mx\/index.php\/2025\/03\/28\/estabamos-mejor-con-el-pri-digan-lo-que-digan-cristina-ruiz\/#breadcrumb"},"inLanguage":"es","potentialAction":[{"@type":"ReadAction","target":["https:\/\/expressometro.mx\/index.php\/2025\/03\/28\/estabamos-mejor-con-el-pri-digan-lo-que-digan-cristina-ruiz\/"]}]},{"@type":"ImageObject","inLanguage":"es","@id":"https:\/\/expressometro.mx\/index.php\/2025\/03\/28\/estabamos-mejor-con-el-pri-digan-lo-que-digan-cristina-ruiz\/#primaryimage","url":"https:\/\/expressometro.mx\/wp-content\/uploads\/2025\/03\/WhatsApp-Image-2025-03-28-at-5.09.48-PM.jpeg","contentUrl":"https:\/\/expressometro.mx\/wp-content\/uploads\/2025\/03\/WhatsApp-Image-2025-03-28-at-5.09.48-PM.jpeg","width":731,"height":1280},{"@type":"BreadcrumbList","@id":"https:\/\/expressometro.mx\/index.php\/2025\/03\/28\/estabamos-mejor-con-el-pri-digan-lo-que-digan-cristina-ruiz\/#breadcrumb","itemListElement":[{"@type":"ListItem","position":1,"name":"Inicio","item":"https:\/\/expressometro.mx\/"},{"@type":"ListItem","position":2,"name":"EST\u00c1BAMOS MEJOR CON EL PRI DIGAN LO QUE DIGAN: CRISTINA RUIZ\u00a0"}]},{"@type":"WebSite","@id":"https:\/\/expressometro.mx\/#website","url":"https:\/\/expressometro.mx\/","name":"Expresso Metropolitano","description":"Periodismo comprometido, informaci\u00f3n, investigaci\u00f3n y an\u00e1lisis","publisher":{"@id":"https:\/\/expressometro.mx\/#organization"},"potentialAction":[{"@type":"SearchAction","target":{"@type":"EntryPoint","urlTemplate":"https:\/\/expressometro.mx\/?s={search_term_string}"},"query-input":{"@type":"PropertyValueSpecification","valueRequired":true,"valueName":"search_term_string"}}],"inLanguage":"es"},{"@type":"Organization","@id":"https:\/\/expressometro.mx\/#organization","name":"Expresso Metropolitano","url":"https:\/\/expressometro.mx\/","logo":{"@type":"ImageObject","inLanguage":"es","@id":"https:\/\/expressometro.mx\/#\/schema\/logo\/image\/","url":"https:\/\/expressometro.mx\/wp-content\/uploads\/2019\/07\/cropped-Logo-Expresso-Metropolitano-1-1.jpeg","contentUrl":"https:\/\/expressometro.mx\/wp-content\/uploads\/2019\/07\/cropped-Logo-Expresso-Metropolitano-1-1.jpeg","width":290,"height":73,"caption":"Expresso Metropolitano"},"image":{"@id":"https:\/\/expressometro.mx\/#\/schema\/logo\/image\/"}},{"@type":"Person","@id":"https:\/\/expressometro.mx\/#\/schema\/person\/efa971b4a0664db8ed5c22b1b0dd2f5d","name":"Expresso Metropolitano","image":{"@type":"ImageObject","inLanguage":"es","@id":"https:\/\/secure.gravatar.com\/avatar\/a89f802b8de18c6952f223c88d3d106e9e3679839f4e25a02f4a6cc2ae6ba3b3?s=96&d=mm&r=g","url":"https:\/\/secure.gravatar.com\/avatar\/a89f802b8de18c6952f223c88d3d106e9e3679839f4e25a02f4a6cc2ae6ba3b3?s=96&d=mm&r=g","contentUrl":"https:\/\/secure.gravatar.com\/avatar\/a89f802b8de18c6952f223c88d3d106e9e3679839f4e25a02f4a6cc2ae6ba3b3?s=96&d=mm&r=g","caption":"Expresso Metropolitano"},"url":"https:\/\/expressometro.mx\/index.php\/author\/diego\/"}]}},"amp_enabled":true,"_links":{"self":[{"href":"https:\/\/expressometro.mx\/index.php\/wp-json\/wp\/v2\/posts\/11068","targetHints":{"allow":["GET"]}}],"collection":[{"href":"https:\/\/expressometro.mx\/index.php\/wp-json\/wp\/v2\/posts"}],"about":[{"href":"https:\/\/expressometro.mx\/index.php\/wp-json\/wp\/v2\/types\/post"}],"author":[{"embeddable":true,"href":"https:\/\/expressometro.mx\/index.php\/wp-json\/wp\/v2\/users\/1"}],"replies":[{"embeddable":true,"href":"https:\/\/expressometro.mx\/index.php\/wp-json\/wp\/v2\/comments?post=11068"}],"version-history":[{"count":1,"href":"https:\/\/expressometro.mx\/index.php\/wp-json\/wp\/v2\/posts\/11068\/revisions"}],"predecessor-version":[{"id":11071,"href":"https:\/\/expressometro.mx\/index.php\/wp-json\/wp\/v2\/posts\/11068\/revisions\/11071"}],"wp:featuredmedia":[{"embeddable":true,"href":"https:\/\/expressometro.mx\/index.php\/wp-json\/wp\/v2\/media\/11070"}],"wp:attachment":[{"href":"https:\/\/expressometro.mx\/index.php\/wp-json\/wp\/v2\/media?parent=11068"}],"wp:term":[{"taxonomy":"category","embeddable":true,"href":"https:\/\/expressometro.mx\/index.php\/wp-json\/wp\/v2\/categories?post=11068"},{"taxonomy":"post_tag","embeddable":true,"href":"https:\/\/expressometro.mx\/index.php\/wp-json\/wp\/v2\/tags?post=11068"}],"curies":[{"name":"wp","href":"https:\/\/api.w.org\/{rel}","templated":true}]}}