{"id":11057,"date":"2025-03-24T16:59:02","date_gmt":"2025-03-24T22:59:02","guid":{"rendered":"https:\/\/expressometro.mx\/?p=11057"},"modified":"2025-03-30T17:05:05","modified_gmt":"2025-03-30T23:05:05","slug":"denuncia-regidora-violencia-politica-contra-el-alcalde-de-luvianos","status":"publish","type":"post","link":"https:\/\/expressometro.mx\/index.php\/2025\/03\/24\/denuncia-regidora-violencia-politica-contra-el-alcalde-de-luvianos\/","title":{"rendered":"DENUNCIA REGIDORA VIOLENCIA POL\u00cdTICA CONTRA EL ALCALDE DE LUVIANOS"},"content":{"rendered":"\n<ul class=\"wp-block-list\">\n<li>He recibido amenazas, intimidaciones y no se me paga la n\u00f3mina quincenal: X\u00f3chitl Mart\u00ednez.<\/li>\n<\/ul>\n\n\n\n<p>La quinta regidora del municipio de Luvianos, X\u00f3chitl Mart\u00ednez Macedo, denunci\u00f3 al presidente municipal Edder Jes\u00fas Jaimes Gardu\u00f1o, de violencia pol\u00edtica en raz\u00f3n de g\u00e9nero, pues durante las sesiones de cabildo es violentada, discriminada y excluida, a pesar de tener derecho a participar durante cinco minutos.<\/p>\n\n\n\n<p>No se cumple con el Reglamento de Cabildo, pues \u201cmi opini\u00f3n no es tomada en cuenta, se me ha negado el uso de la voz y se me ha cuestionado mi formaci\u00f3n pol\u00edtica, mi capacidad y la raz\u00f3n de mi voto, cuando los regidores tenemos la funci\u00f3n de supervisar la administraci\u00f3n municipal\u201d, puntualiz\u00f3 en conferencia de prensa.<\/p>\n\n\n\n<p>Agreg\u00f3 que ha sido vulnerada por el presidente municipal al negarse a la entrega de su dieta quincenal, \u201cme dijo que no se me pagar\u00eda a lo largo de toda la administraci\u00f3n, por lo que me daba la opci\u00f3n de renunciar a la regidur\u00eda, a lo que me negu\u00e9 rotundamente\u201d.<\/p>\n\n\n\n<p>A partir de ese momento, dijo que recibi\u00f3 toda clase de hostigamiento, amenazas e intimidaciones a las afueras de su domicilio, lo que afecta a sus familiares y por ello, \u201cexpongo que tengo temor de lo que me pudiera pasar por ser una representante digna para la gente de Luvianos\u201d.&nbsp;<\/p>\n\n\n\n<p>Hizo un llamado al \u00d3rgano Superior de Fiscalizaci\u00f3n del Estado de M\u00e9xico para tomar acciones en este asunto, con el fin de que los regidores no tengan que ser coaccionados ni manipulados en sus derechos o estar bajo la amenaza de no recibir un peso hasta presentar la renuncia.<\/p>\n\n\n\n<p>X\u00f3chitl Mart\u00ednez Macedo a\u00f1adi\u00f3 que con la denuncia presentada por el delito de violencia pol\u00edtica en raz\u00f3n de g\u00e9nero, el pasado 28 de febrero se hizo de conocimiento la notificaci\u00f3n correspondiente y que se radicaba en la Unidad de G\u00e9nero en la Fiscal\u00eda Regional de Tejupilco.<\/p>\n\n\n\n<p>Posteriormente, acudi\u00f3 a ratificar la denuncia presentada y la ampliaci\u00f3n de las declaraciones para el conocimiento del presidente municipal de Luvianos; derivado de sus amenazas \u201cel pasado 4 de marzo se present\u00f3 un oficio ante la Secretar\u00eda de Seguridad del Estado para solicitar las medidas precautorias de protecci\u00f3n para mi persona, siendo revictimizada por dicha corporaci\u00f3n\u201d.<\/p>\n\n\n\n<p>Adem\u00e1s, sostuvo que se realiz\u00f3 una denuncia ante el Tribunal Electoral dado que no se cuenta con los recibos de pago correspondientes a las remuneraciones de enero, febrero y marzo, lo que vulnera su acceso al seguro m\u00e9dico y otros derechos que tiene como servidora p\u00fablica.<\/p>\n\n\n\n<p><\/p>\n","protected":false},"excerpt":{"rendered":"<p>La quinta regidora del municipio de Luvianos, X\u00f3chitl Mart\u00ednez Macedo, denunci\u00f3 al presidente municipal Edder Jes\u00fas Jaimes Gardu\u00f1o, de violencia pol\u00edtica en raz\u00f3n de g\u00e9nero, pues durante las sesiones de cabildo es violentada, discriminada y excluida, a pesar de tener derecho a participar durante cinco minutos.<\/p>\n","protected":false},"author":1,"featured_media":11059,"comment_status":"open","ping_status":"open","sticky":false,"template":"","format":"standard","meta":{"footnotes":""},"categories":[3,1,231],"tags":[1982,2389,158,2390],"class_list":["post-11057","post","type-post","status-publish","format-standard","has-post-thumbnail","hentry","category-gobierno","category-otros","category-politica","tag-edomex","tag-luvianos","tag-pri","tag-xochitl-martinez"],"yoast_head":"<!-- This site is optimized with the Yoast SEO plugin v27.4 - https:\/\/yoast.com\/product\/yoast-seo-wordpress\/ -->\n<title>DENUNCIA REGIDORA VIOLENCIA POL\u00cdTICA CONTRA EL ALCALDE DE LUVIANOS - Expresso Metropolitano<\/title>\n<meta name=\"robots\" content=\"index, follow, max-snippet:-1, max-image-preview:large, max-video-preview:-1\" \/>\n<link rel=\"canonical\" href=\"https:\/\/expressometro.mx\/index.php\/2025\/03\/24\/denuncia-regidora-violencia-politica-contra-el-alcalde-de-luvianos\/\" \/>\n<meta property=\"og:locale\" content=\"es_MX\" \/>\n<meta property=\"og:type\" content=\"article\" \/>\n<meta property=\"og:title\" content=\"DENUNCIA REGIDORA VIOLENCIA POL\u00cdTICA CONTRA EL ALCALDE DE LUVIANOS - Expresso Metropolitano\" \/>\n<meta property=\"og:description\" content=\"La quinta regidora del municipio de Luvianos, X\u00f3chitl Mart\u00ednez Macedo, denunci\u00f3 al presidente municipal Edder Jes\u00fas Jaimes Gardu\u00f1o, de violencia pol\u00edtica en raz\u00f3n de g\u00e9nero, pues durante las sesiones de cabildo es violentada, discriminada y excluida, a pesar de tener derecho a participar durante cinco minutos.\" \/>\n<meta property=\"og:url\" content=\"https:\/\/expressometro.mx\/index.php\/2025\/03\/24\/denuncia-regidora-violencia-politica-contra-el-alcalde-de-luvianos\/\" \/>\n<meta property=\"og:site_name\" content=\"Expresso Metropolitano\" \/>\n<meta property=\"article:published_time\" content=\"2025-03-24T22:59:02+00:00\" \/>\n<meta property=\"article:modified_time\" content=\"2025-03-30T23:05:05+00:00\" \/>\n<meta property=\"og:image\" content=\"http:\/\/expressometro.mx\/wp-content\/uploads\/2025\/03\/WhatsApp-Image-2025-03-24-at-8.15.02-PM-scaled.jpeg\" \/>\n\t<meta property=\"og:image:width\" content=\"2560\" \/>\n\t<meta property=\"og:image:height\" content=\"1706\" \/>\n\t<meta property=\"og:image:type\" content=\"image\/jpeg\" \/>\n<meta name=\"author\" content=\"Expresso Metropolitano\" \/>\n<meta name=\"twitter:label1\" content=\"Escrito por\" \/>\n\t<meta name=\"twitter:data1\" content=\"Expresso Metropolitano\" \/>\n\t<meta name=\"twitter:label2\" content=\"Tiempo de lectura\" \/>\n\t<meta name=\"twitter:data2\" content=\"3 minutos\" \/>\n<script type=\"application\/ld+json\" class=\"yoast-schema-graph\">{\"@context\":\"https:\\\/\\\/schema.org\",\"@graph\":[{\"@type\":\"Article\",\"@id\":\"https:\\\/\\\/expressometro.mx\\\/index.php\\\/2025\\\/03\\\/24\\\/denuncia-regidora-violencia-politica-contra-el-alcalde-de-luvianos\\\/#article\",\"isPartOf\":{\"@id\":\"https:\\\/\\\/expressometro.mx\\\/index.php\\\/2025\\\/03\\\/24\\\/denuncia-regidora-violencia-politica-contra-el-alcalde-de-luvianos\\\/\"},\"author\":{\"name\":\"Expresso Metropolitano\",\"@id\":\"https:\\\/\\\/expressometro.mx\\\/#\\\/schema\\\/person\\\/efa971b4a0664db8ed5c22b1b0dd2f5d\"},\"headline\":\"DENUNCIA REGIDORA VIOLENCIA POL\u00cdTICA CONTRA EL ALCALDE DE LUVIANOS\",\"datePublished\":\"2025-03-24T22:59:02+00:00\",\"dateModified\":\"2025-03-30T23:05:05+00:00\",\"mainEntityOfPage\":{\"@id\":\"https:\\\/\\\/expressometro.mx\\\/index.php\\\/2025\\\/03\\\/24\\\/denuncia-regidora-violencia-politica-contra-el-alcalde-de-luvianos\\\/\"},\"wordCount\":461,\"commentCount\":0,\"publisher\":{\"@id\":\"https:\\\/\\\/expressometro.mx\\\/#organization\"},\"image\":{\"@id\":\"https:\\\/\\\/expressometro.mx\\\/index.php\\\/2025\\\/03\\\/24\\\/denuncia-regidora-violencia-politica-contra-el-alcalde-de-luvianos\\\/#primaryimage\"},\"thumbnailUrl\":\"https:\\\/\\\/expressometro.mx\\\/wp-content\\\/uploads\\\/2025\\\/03\\\/WhatsApp-Image-2025-03-24-at-8.15.02-PM-scaled.jpeg\",\"keywords\":[\"Edomex\",\"Luvianos\",\"PRI\",\"X\u00f3chitl Mart\u00ednez\"],\"articleSection\":[\"Gobierno\",\"Otros\",\"Pol\u00edtica\"],\"inLanguage\":\"es\",\"potentialAction\":[{\"@type\":\"CommentAction\",\"name\":\"Comment\",\"target\":[\"https:\\\/\\\/expressometro.mx\\\/index.php\\\/2025\\\/03\\\/24\\\/denuncia-regidora-violencia-politica-contra-el-alcalde-de-luvianos\\\/#respond\"]}]},{\"@type\":\"WebPage\",\"@id\":\"https:\\\/\\\/expressometro.mx\\\/index.php\\\/2025\\\/03\\\/24\\\/denuncia-regidora-violencia-politica-contra-el-alcalde-de-luvianos\\\/\",\"url\":\"https:\\\/\\\/expressometro.mx\\\/index.php\\\/2025\\\/03\\\/24\\\/denuncia-regidora-violencia-politica-contra-el-alcalde-de-luvianos\\\/\",\"name\":\"DENUNCIA REGIDORA VIOLENCIA POL\u00cdTICA CONTRA EL ALCALDE DE LUVIANOS - Expresso Metropolitano\",\"isPartOf\":{\"@id\":\"https:\\\/\\\/expressometro.mx\\\/#website\"},\"primaryImageOfPage\":{\"@id\":\"https:\\\/\\\/expressometro.mx\\\/index.php\\\/2025\\\/03\\\/24\\\/denuncia-regidora-violencia-politica-contra-el-alcalde-de-luvianos\\\/#primaryimage\"},\"image\":{\"@id\":\"https:\\\/\\\/expressometro.mx\\\/index.php\\\/2025\\\/03\\\/24\\\/denuncia-regidora-violencia-politica-contra-el-alcalde-de-luvianos\\\/#primaryimage\"},\"thumbnailUrl\":\"https:\\\/\\\/expressometro.mx\\\/wp-content\\\/uploads\\\/2025\\\/03\\\/WhatsApp-Image-2025-03-24-at-8.15.02-PM-scaled.jpeg\",\"datePublished\":\"2025-03-24T22:59:02+00:00\",\"dateModified\":\"2025-03-30T23:05:05+00:00\",\"breadcrumb\":{\"@id\":\"https:\\\/\\\/expressometro.mx\\\/index.php\\\/2025\\\/03\\\/24\\\/denuncia-regidora-violencia-politica-contra-el-alcalde-de-luvianos\\\/#breadcrumb\"},\"inLanguage\":\"es\",\"potentialAction\":[{\"@type\":\"ReadAction\",\"target\":[\"https:\\\/\\\/expressometro.mx\\\/index.php\\\/2025\\\/03\\\/24\\\/denuncia-regidora-violencia-politica-contra-el-alcalde-de-luvianos\\\/\"]}]},{\"@type\":\"ImageObject\",\"inLanguage\":\"es\",\"@id\":\"https:\\\/\\\/expressometro.mx\\\/index.php\\\/2025\\\/03\\\/24\\\/denuncia-regidora-violencia-politica-contra-el-alcalde-de-luvianos\\\/#primaryimage\",\"url\":\"https:\\\/\\\/expressometro.mx\\\/wp-content\\\/uploads\\\/2025\\\/03\\\/WhatsApp-Image-2025-03-24-at-8.15.02-PM-scaled.jpeg\",\"contentUrl\":\"https:\\\/\\\/expressometro.mx\\\/wp-content\\\/uploads\\\/2025\\\/03\\\/WhatsApp-Image-2025-03-24-at-8.15.02-PM-scaled.jpeg\",\"width\":2560,\"height\":1706},{\"@type\":\"BreadcrumbList\",\"@id\":\"https:\\\/\\\/expressometro.mx\\\/index.php\\\/2025\\\/03\\\/24\\\/denuncia-regidora-violencia-politica-contra-el-alcalde-de-luvianos\\\/#breadcrumb\",\"itemListElement\":[{\"@type\":\"ListItem\",\"position\":1,\"name\":\"Inicio\",\"item\":\"https:\\\/\\\/expressometro.mx\\\/\"},{\"@type\":\"ListItem\",\"position\":2,\"name\":\"DENUNCIA REGIDORA VIOLENCIA POL\u00cdTICA CONTRA EL ALCALDE DE LUVIANOS\"}]},{\"@type\":\"WebSite\",\"@id\":\"https:\\\/\\\/expressometro.mx\\\/#website\",\"url\":\"https:\\\/\\\/expressometro.mx\\\/\",\"name\":\"Expresso Metropolitano\",\"description\":\"Periodismo comprometido, informaci\u00f3n, investigaci\u00f3n y an\u00e1lisis\",\"publisher\":{\"@id\":\"https:\\\/\\\/expressometro.mx\\\/#organization\"},\"potentialAction\":[{\"@type\":\"SearchAction\",\"target\":{\"@type\":\"EntryPoint\",\"urlTemplate\":\"https:\\\/\\\/expressometro.mx\\\/?s={search_term_string}\"},\"query-input\":{\"@type\":\"PropertyValueSpecification\",\"valueRequired\":true,\"valueName\":\"search_term_string\"}}],\"inLanguage\":\"es\"},{\"@type\":\"Organization\",\"@id\":\"https:\\\/\\\/expressometro.mx\\\/#organization\",\"name\":\"Expresso Metropolitano\",\"url\":\"https:\\\/\\\/expressometro.mx\\\/\",\"logo\":{\"@type\":\"ImageObject\",\"inLanguage\":\"es\",\"@id\":\"https:\\\/\\\/expressometro.mx\\\/#\\\/schema\\\/logo\\\/image\\\/\",\"url\":\"https:\\\/\\\/expressometro.mx\\\/wp-content\\\/uploads\\\/2019\\\/07\\\/cropped-Logo-Expresso-Metropolitano-1-1.jpeg\",\"contentUrl\":\"https:\\\/\\\/expressometro.mx\\\/wp-content\\\/uploads\\\/2019\\\/07\\\/cropped-Logo-Expresso-Metropolitano-1-1.jpeg\",\"width\":290,\"height\":73,\"caption\":\"Expresso Metropolitano\"},\"image\":{\"@id\":\"https:\\\/\\\/expressometro.mx\\\/#\\\/schema\\\/logo\\\/image\\\/\"}},{\"@type\":\"Person\",\"@id\":\"https:\\\/\\\/expressometro.mx\\\/#\\\/schema\\\/person\\\/efa971b4a0664db8ed5c22b1b0dd2f5d\",\"name\":\"Expresso Metropolitano\",\"image\":{\"@type\":\"ImageObject\",\"inLanguage\":\"es\",\"@id\":\"https:\\\/\\\/secure.gravatar.com\\\/avatar\\\/a89f802b8de18c6952f223c88d3d106e9e3679839f4e25a02f4a6cc2ae6ba3b3?s=96&d=mm&r=g\",\"url\":\"https:\\\/\\\/secure.gravatar.com\\\/avatar\\\/a89f802b8de18c6952f223c88d3d106e9e3679839f4e25a02f4a6cc2ae6ba3b3?s=96&d=mm&r=g\",\"contentUrl\":\"https:\\\/\\\/secure.gravatar.com\\\/avatar\\\/a89f802b8de18c6952f223c88d3d106e9e3679839f4e25a02f4a6cc2ae6ba3b3?s=96&d=mm&r=g\",\"caption\":\"Expresso Metropolitano\"},\"url\":\"https:\\\/\\\/expressometro.mx\\\/index.php\\\/author\\\/diego\\\/\"}]}<\/script>\n<!-- \/ Yoast SEO plugin. -->","yoast_head_json":{"title":"DENUNCIA REGIDORA VIOLENCIA POL\u00cdTICA CONTRA EL ALCALDE DE LUVIANOS - Expresso Metropolitano","robots":{"index":"index","follow":"follow","max-snippet":"max-snippet:-1","max-image-preview":"max-image-preview:large","max-video-preview":"max-video-preview:-1"},"canonical":"https:\/\/expressometro.mx\/index.php\/2025\/03\/24\/denuncia-regidora-violencia-politica-contra-el-alcalde-de-luvianos\/","og_locale":"es_MX","og_type":"article","og_title":"DENUNCIA REGIDORA VIOLENCIA POL\u00cdTICA CONTRA EL ALCALDE DE LUVIANOS - Expresso Metropolitano","og_description":"La quinta regidora del municipio de Luvianos, X\u00f3chitl Mart\u00ednez Macedo, denunci\u00f3 al presidente municipal Edder Jes\u00fas Jaimes Gardu\u00f1o, de violencia pol\u00edtica en raz\u00f3n de g\u00e9nero, pues durante las sesiones de cabildo es violentada, discriminada y excluida, a pesar de tener derecho a participar durante cinco minutos.","og_url":"https:\/\/expressometro.mx\/index.php\/2025\/03\/24\/denuncia-regidora-violencia-politica-contra-el-alcalde-de-luvianos\/","og_site_name":"Expresso Metropolitano","article_published_time":"2025-03-24T22:59:02+00:00","article_modified_time":"2025-03-30T23:05:05+00:00","og_image":[{"width":2560,"height":1706,"url":"http:\/\/expressometro.mx\/wp-content\/uploads\/2025\/03\/WhatsApp-Image-2025-03-24-at-8.15.02-PM-scaled.jpeg","type":"image\/jpeg"}],"author":"Expresso Metropolitano","twitter_misc":{"Escrito por":"Expresso Metropolitano","Tiempo de lectura":"3 minutos"},"schema":{"@context":"https:\/\/schema.org","@graph":[{"@type":"Article","@id":"https:\/\/expressometro.mx\/index.php\/2025\/03\/24\/denuncia-regidora-violencia-politica-contra-el-alcalde-de-luvianos\/#article","isPartOf":{"@id":"https:\/\/expressometro.mx\/index.php\/2025\/03\/24\/denuncia-regidora-violencia-politica-contra-el-alcalde-de-luvianos\/"},"author":{"name":"Expresso Metropolitano","@id":"https:\/\/expressometro.mx\/#\/schema\/person\/efa971b4a0664db8ed5c22b1b0dd2f5d"},"headline":"DENUNCIA REGIDORA VIOLENCIA POL\u00cdTICA CONTRA EL ALCALDE DE LUVIANOS","datePublished":"2025-03-24T22:59:02+00:00","dateModified":"2025-03-30T23:05:05+00:00","mainEntityOfPage":{"@id":"https:\/\/expressometro.mx\/index.php\/2025\/03\/24\/denuncia-regidora-violencia-politica-contra-el-alcalde-de-luvianos\/"},"wordCount":461,"commentCount":0,"publisher":{"@id":"https:\/\/expressometro.mx\/#organization"},"image":{"@id":"https:\/\/expressometro.mx\/index.php\/2025\/03\/24\/denuncia-regidora-violencia-politica-contra-el-alcalde-de-luvianos\/#primaryimage"},"thumbnailUrl":"https:\/\/expressometro.mx\/wp-content\/uploads\/2025\/03\/WhatsApp-Image-2025-03-24-at-8.15.02-PM-scaled.jpeg","keywords":["Edomex","Luvianos","PRI","X\u00f3chitl Mart\u00ednez"],"articleSection":["Gobierno","Otros","Pol\u00edtica"],"inLanguage":"es","potentialAction":[{"@type":"CommentAction","name":"Comment","target":["https:\/\/expressometro.mx\/index.php\/2025\/03\/24\/denuncia-regidora-violencia-politica-contra-el-alcalde-de-luvianos\/#respond"]}]},{"@type":"WebPage","@id":"https:\/\/expressometro.mx\/index.php\/2025\/03\/24\/denuncia-regidora-violencia-politica-contra-el-alcalde-de-luvianos\/","url":"https:\/\/expressometro.mx\/index.php\/2025\/03\/24\/denuncia-regidora-violencia-politica-contra-el-alcalde-de-luvianos\/","name":"DENUNCIA REGIDORA VIOLENCIA POL\u00cdTICA CONTRA EL ALCALDE DE LUVIANOS - Expresso Metropolitano","isPartOf":{"@id":"https:\/\/expressometro.mx\/#website"},"primaryImageOfPage":{"@id":"https:\/\/expressometro.mx\/index.php\/2025\/03\/24\/denuncia-regidora-violencia-politica-contra-el-alcalde-de-luvianos\/#primaryimage"},"image":{"@id":"https:\/\/expressometro.mx\/index.php\/2025\/03\/24\/denuncia-regidora-violencia-politica-contra-el-alcalde-de-luvianos\/#primaryimage"},"thumbnailUrl":"https:\/\/expressometro.mx\/wp-content\/uploads\/2025\/03\/WhatsApp-Image-2025-03-24-at-8.15.02-PM-scaled.jpeg","datePublished":"2025-03-24T22:59:02+00:00","dateModified":"2025-03-30T23:05:05+00:00","breadcrumb":{"@id":"https:\/\/expressometro.mx\/index.php\/2025\/03\/24\/denuncia-regidora-violencia-politica-contra-el-alcalde-de-luvianos\/#breadcrumb"},"inLanguage":"es","potentialAction":[{"@type":"ReadAction","target":["https:\/\/expressometro.mx\/index.php\/2025\/03\/24\/denuncia-regidora-violencia-politica-contra-el-alcalde-de-luvianos\/"]}]},{"@type":"ImageObject","inLanguage":"es","@id":"https:\/\/expressometro.mx\/index.php\/2025\/03\/24\/denuncia-regidora-violencia-politica-contra-el-alcalde-de-luvianos\/#primaryimage","url":"https:\/\/expressometro.mx\/wp-content\/uploads\/2025\/03\/WhatsApp-Image-2025-03-24-at-8.15.02-PM-scaled.jpeg","contentUrl":"https:\/\/expressometro.mx\/wp-content\/uploads\/2025\/03\/WhatsApp-Image-2025-03-24-at-8.15.02-PM-scaled.jpeg","width":2560,"height":1706},{"@type":"BreadcrumbList","@id":"https:\/\/expressometro.mx\/index.php\/2025\/03\/24\/denuncia-regidora-violencia-politica-contra-el-alcalde-de-luvianos\/#breadcrumb","itemListElement":[{"@type":"ListItem","position":1,"name":"Inicio","item":"https:\/\/expressometro.mx\/"},{"@type":"ListItem","position":2,"name":"DENUNCIA REGIDORA VIOLENCIA POL\u00cdTICA CONTRA EL ALCALDE DE LUVIANOS"}]},{"@type":"WebSite","@id":"https:\/\/expressometro.mx\/#website","url":"https:\/\/expressometro.mx\/","name":"Expresso Metropolitano","description":"Periodismo comprometido, informaci\u00f3n, investigaci\u00f3n y an\u00e1lisis","publisher":{"@id":"https:\/\/expressometro.mx\/#organization"},"potentialAction":[{"@type":"SearchAction","target":{"@type":"EntryPoint","urlTemplate":"https:\/\/expressometro.mx\/?s={search_term_string}"},"query-input":{"@type":"PropertyValueSpecification","valueRequired":true,"valueName":"search_term_string"}}],"inLanguage":"es"},{"@type":"Organization","@id":"https:\/\/expressometro.mx\/#organization","name":"Expresso Metropolitano","url":"https:\/\/expressometro.mx\/","logo":{"@type":"ImageObject","inLanguage":"es","@id":"https:\/\/expressometro.mx\/#\/schema\/logo\/image\/","url":"https:\/\/expressometro.mx\/wp-content\/uploads\/2019\/07\/cropped-Logo-Expresso-Metropolitano-1-1.jpeg","contentUrl":"https:\/\/expressometro.mx\/wp-content\/uploads\/2019\/07\/cropped-Logo-Expresso-Metropolitano-1-1.jpeg","width":290,"height":73,"caption":"Expresso Metropolitano"},"image":{"@id":"https:\/\/expressometro.mx\/#\/schema\/logo\/image\/"}},{"@type":"Person","@id":"https:\/\/expressometro.mx\/#\/schema\/person\/efa971b4a0664db8ed5c22b1b0dd2f5d","name":"Expresso Metropolitano","image":{"@type":"ImageObject","inLanguage":"es","@id":"https:\/\/secure.gravatar.com\/avatar\/a89f802b8de18c6952f223c88d3d106e9e3679839f4e25a02f4a6cc2ae6ba3b3?s=96&d=mm&r=g","url":"https:\/\/secure.gravatar.com\/avatar\/a89f802b8de18c6952f223c88d3d106e9e3679839f4e25a02f4a6cc2ae6ba3b3?s=96&d=mm&r=g","contentUrl":"https:\/\/secure.gravatar.com\/avatar\/a89f802b8de18c6952f223c88d3d106e9e3679839f4e25a02f4a6cc2ae6ba3b3?s=96&d=mm&r=g","caption":"Expresso Metropolitano"},"url":"https:\/\/expressometro.mx\/index.php\/author\/diego\/"}]}},"amp_enabled":true,"_links":{"self":[{"href":"https:\/\/expressometro.mx\/index.php\/wp-json\/wp\/v2\/posts\/11057","targetHints":{"allow":["GET"]}}],"collection":[{"href":"https:\/\/expressometro.mx\/index.php\/wp-json\/wp\/v2\/posts"}],"about":[{"href":"https:\/\/expressometro.mx\/index.php\/wp-json\/wp\/v2\/types\/post"}],"author":[{"embeddable":true,"href":"https:\/\/expressometro.mx\/index.php\/wp-json\/wp\/v2\/users\/1"}],"replies":[{"embeddable":true,"href":"https:\/\/expressometro.mx\/index.php\/wp-json\/wp\/v2\/comments?post=11057"}],"version-history":[{"count":1,"href":"https:\/\/expressometro.mx\/index.php\/wp-json\/wp\/v2\/posts\/11057\/revisions"}],"predecessor-version":[{"id":11060,"href":"https:\/\/expressometro.mx\/index.php\/wp-json\/wp\/v2\/posts\/11057\/revisions\/11060"}],"wp:featuredmedia":[{"embeddable":true,"href":"https:\/\/expressometro.mx\/index.php\/wp-json\/wp\/v2\/media\/11059"}],"wp:attachment":[{"href":"https:\/\/expressometro.mx\/index.php\/wp-json\/wp\/v2\/media?parent=11057"}],"wp:term":[{"taxonomy":"category","embeddable":true,"href":"https:\/\/expressometro.mx\/index.php\/wp-json\/wp\/v2\/categories?post=11057"},{"taxonomy":"post_tag","embeddable":true,"href":"https:\/\/expressometro.mx\/index.php\/wp-json\/wp\/v2\/tags?post=11057"}],"curies":[{"name":"wp","href":"https:\/\/api.w.org\/{rel}","templated":true}]}}