{"id":11052,"date":"2025-03-24T16:39:19","date_gmt":"2025-03-24T22:39:19","guid":{"rendered":"https:\/\/expressometro.mx\/?p=11052"},"modified":"2025-03-30T16:47:05","modified_gmt":"2025-03-30T22:47:05","slug":"ofrece-el-pri-respaldo-y-solidaridad-con-las-victimas-cristina-ruiz","status":"publish","type":"post","link":"https:\/\/expressometro.mx\/index.php\/2025\/03\/24\/ofrece-el-pri-respaldo-y-solidaridad-con-las-victimas-cristina-ruiz\/","title":{"rendered":"OFRECE EL PRI RESPALDO Y SOLIDARIDAD CON LAS V\u00cdCTIMAS: CRISTINA RUIZ"},"content":{"rendered":"\n<ul class=\"wp-block-list\">\n<li>En el Senado de la Rep\u00fablica se impulsa la creaci\u00f3n de una Comisi\u00f3n de Investigaci\u00f3n Independiente sobre el caso Teuchitl\u00e1n.<\/li>\n<\/ul>\n\n\n\n<p>Al dejar en claro que desde el PRI se cierra filas con la gente para darle un espacio de encuentro, respaldo y solidaridad, la Senadora Cristina Ruiz Sandoval lament\u00f3 el episodio de terror de Teuchitl\u00e1n, Jalisco, y reprob\u00f3 que Morena quiera invisibilizar este hecho tr\u00e1gico para el pa\u00eds y el dolor de miles de mexicanos.<\/p>\n\n\n\n<p>Acompa\u00f1ada de diputadas y diputados, as\u00ed como de regidoras de Coyotepec y Luvianos, la Presidenta del Comit\u00e9 Directivo Estatal (CDE) sostuvo que el r\u00e9gimen oficialista traiciona al pueblo al aplazar la creaci\u00f3n de una Comisi\u00f3n de Investigaci\u00f3n Independiente del caso Teuchitl\u00e1n, como lo propone el PRI en el Senado de la Rep\u00fablica.<\/p>\n\n\n\n<p>El prop\u00f3sito es garantizar una investigaci\u00f3n exhaustiva, transparente e imparcial, pues debe haber respuestas para los cientos de miles de familias que tienen seres queridos desaparecidos; \u201cc\u00f3mo es que exist\u00eda ese centro de exterminio, necesitamos desenmascarar, detener y castigar a los responsables\u201d, manifest\u00f3.<\/p>\n\n\n\n<p>En ese sentido, se pronunci\u00f3 por la creaci\u00f3n de esta comisi\u00f3n que busca la supervisi\u00f3n de las autoridades ante las graves omisiones que hubo en el manejo del caso; \u201cse han identificado fallas cr\u00edticas porque no se rastrearon indicios, la propiedad no fue debidamente inspeccionada, el lugar qued\u00f3 desprotegido y abandonado por seis meses\u201d.<\/p>\n\n\n\n<p>Adem\u00e1s, se requiere de una investigaci\u00f3n imparcial ante la magnitud de los hechos que incluyen la existencia de crematorios clandestinos y fosas comunes; esto demanda transparencia y rendici\u00f3n de cuentas en cada etapa del proceso, ofreciendo a la ciudadan\u00eda la claridad que merece, anot\u00f3.<\/p>\n\n\n\n<p>Se busca, agreg\u00f3, la recuperaci\u00f3n de la confianza p\u00fablica porque la sociedad est\u00e1 harta de ver c\u00f3mo se pacta con el crimen en lugar de combatirlo; de igual manera, con esta comisi\u00f3n se plantea tenci\u00f3n a las v\u00edctimas y sus familias, as\u00ed como la prevenci\u00f3n de este tipo de casos que lastiman al pa\u00eds.<\/p>\n\n\n\n<p>En esta conferencia de prensa, la sexta regidora del municipio de Coyotepec, Laura Hern\u00e1ndez Garc\u00eda, expuso la tragedia que vive como familiar de una v\u00edctima m\u00e1s de la violencia que azota en todo el pa\u00eds por la complicidad de las autoridades.<\/p>\n\n\n\n<p>Por otra parte, la Diputada Lilia Urbina, refrend\u00f3 su compromiso con los mexiquenses para tipificar y castigar el acecho, conforme a la iniciativa que present\u00f3 en d\u00edas pasados en el Congreso del Estado de M\u00e9xico. Finalmente, la Secretaria de Acci\u00f3n Social del CDE, Melissa Vargas Camacho, present\u00f3 una iniciativa para atender el grave desabasto de medicamentos que se vive en el pa\u00eds.<\/p>\n","protected":false},"excerpt":{"rendered":"<p>Al dejar en claro que desde el PRI se cierra filas con la gente para darle un espacio de encuentro, respaldo y solidaridad, la Senadora Cristina Ruiz Sandoval lament\u00f3 el episodio de terror de Teuchitl\u00e1n, Jalisco, y reprob\u00f3 que Morena quiera invisibilizar este hecho tr\u00e1gico para el pa\u00eds y el dolor de miles de mexicanos.<\/p>\n","protected":false},"author":1,"featured_media":11054,"comment_status":"open","ping_status":"open","sticky":false,"template":"","format":"standard","meta":{"footnotes":""},"categories":[3,1,231],"tags":[2283,1982,158],"class_list":["post-11052","post","type-post","status-publish","format-standard","has-post-thumbnail","hentry","category-gobierno","category-otros","category-politica","tag-cristina-ruiz-sandoval","tag-edomex","tag-pri"],"yoast_head":"<!-- This site is optimized with the Yoast SEO plugin v27.4 - https:\/\/yoast.com\/product\/yoast-seo-wordpress\/ -->\n<title>OFRECE EL PRI RESPALDO Y SOLIDARIDAD CON LAS V\u00cdCTIMAS: CRISTINA RUIZ - Expresso Metropolitano<\/title>\n<meta name=\"robots\" content=\"index, follow, max-snippet:-1, max-image-preview:large, max-video-preview:-1\" \/>\n<link rel=\"canonical\" href=\"https:\/\/expressometro.mx\/index.php\/2025\/03\/24\/ofrece-el-pri-respaldo-y-solidaridad-con-las-victimas-cristina-ruiz\/\" \/>\n<meta property=\"og:locale\" content=\"es_MX\" \/>\n<meta property=\"og:type\" content=\"article\" \/>\n<meta property=\"og:title\" content=\"OFRECE EL PRI RESPALDO Y SOLIDARIDAD CON LAS V\u00cdCTIMAS: CRISTINA RUIZ - Expresso Metropolitano\" \/>\n<meta property=\"og:description\" content=\"Al dejar en claro que desde el PRI se cierra filas con la gente para darle un espacio de encuentro, respaldo y solidaridad, la Senadora Cristina Ruiz Sandoval lament\u00f3 el episodio de terror de Teuchitl\u00e1n, Jalisco, y reprob\u00f3 que Morena quiera invisibilizar este hecho tr\u00e1gico para el pa\u00eds y el dolor de miles de mexicanos.\" \/>\n<meta property=\"og:url\" content=\"https:\/\/expressometro.mx\/index.php\/2025\/03\/24\/ofrece-el-pri-respaldo-y-solidaridad-con-las-victimas-cristina-ruiz\/\" \/>\n<meta property=\"og:site_name\" content=\"Expresso Metropolitano\" \/>\n<meta property=\"article:published_time\" content=\"2025-03-24T22:39:19+00:00\" \/>\n<meta property=\"article:modified_time\" content=\"2025-03-30T22:47:05+00:00\" \/>\n<meta property=\"og:image\" content=\"http:\/\/expressometro.mx\/wp-content\/uploads\/2025\/03\/WhatsApp-Image-2025-03-24-at-8.07.31-PM.jpeg\" \/>\n\t<meta property=\"og:image:width\" content=\"1135\" \/>\n\t<meta property=\"og:image:height\" content=\"1600\" \/>\n\t<meta property=\"og:image:type\" content=\"image\/jpeg\" \/>\n<meta name=\"author\" content=\"Expresso Metropolitano\" \/>\n<meta name=\"twitter:label1\" content=\"Escrito por\" \/>\n\t<meta name=\"twitter:data1\" content=\"Expresso Metropolitano\" \/>\n\t<meta name=\"twitter:label2\" content=\"Tiempo de lectura\" \/>\n\t<meta name=\"twitter:data2\" content=\"3 minutos\" \/>\n<script type=\"application\/ld+json\" class=\"yoast-schema-graph\">{\"@context\":\"https:\\\/\\\/schema.org\",\"@graph\":[{\"@type\":\"Article\",\"@id\":\"https:\\\/\\\/expressometro.mx\\\/index.php\\\/2025\\\/03\\\/24\\\/ofrece-el-pri-respaldo-y-solidaridad-con-las-victimas-cristina-ruiz\\\/#article\",\"isPartOf\":{\"@id\":\"https:\\\/\\\/expressometro.mx\\\/index.php\\\/2025\\\/03\\\/24\\\/ofrece-el-pri-respaldo-y-solidaridad-con-las-victimas-cristina-ruiz\\\/\"},\"author\":{\"name\":\"Expresso Metropolitano\",\"@id\":\"https:\\\/\\\/expressometro.mx\\\/#\\\/schema\\\/person\\\/efa971b4a0664db8ed5c22b1b0dd2f5d\"},\"headline\":\"OFRECE EL PRI RESPALDO Y SOLIDARIDAD CON LAS V\u00cdCTIMAS: CRISTINA RUIZ\",\"datePublished\":\"2025-03-24T22:39:19+00:00\",\"dateModified\":\"2025-03-30T22:47:05+00:00\",\"mainEntityOfPage\":{\"@id\":\"https:\\\/\\\/expressometro.mx\\\/index.php\\\/2025\\\/03\\\/24\\\/ofrece-el-pri-respaldo-y-solidaridad-con-las-victimas-cristina-ruiz\\\/\"},\"wordCount\":481,\"commentCount\":0,\"publisher\":{\"@id\":\"https:\\\/\\\/expressometro.mx\\\/#organization\"},\"image\":{\"@id\":\"https:\\\/\\\/expressometro.mx\\\/index.php\\\/2025\\\/03\\\/24\\\/ofrece-el-pri-respaldo-y-solidaridad-con-las-victimas-cristina-ruiz\\\/#primaryimage\"},\"thumbnailUrl\":\"https:\\\/\\\/expressometro.mx\\\/wp-content\\\/uploads\\\/2025\\\/03\\\/WhatsApp-Image-2025-03-24-at-8.07.31-PM.jpeg\",\"keywords\":[\"Cristina Ru\u00edz Sandoval\",\"Edomex\",\"PRI\"],\"articleSection\":[\"Gobierno\",\"Otros\",\"Pol\u00edtica\"],\"inLanguage\":\"es\",\"potentialAction\":[{\"@type\":\"CommentAction\",\"name\":\"Comment\",\"target\":[\"https:\\\/\\\/expressometro.mx\\\/index.php\\\/2025\\\/03\\\/24\\\/ofrece-el-pri-respaldo-y-solidaridad-con-las-victimas-cristina-ruiz\\\/#respond\"]}]},{\"@type\":\"WebPage\",\"@id\":\"https:\\\/\\\/expressometro.mx\\\/index.php\\\/2025\\\/03\\\/24\\\/ofrece-el-pri-respaldo-y-solidaridad-con-las-victimas-cristina-ruiz\\\/\",\"url\":\"https:\\\/\\\/expressometro.mx\\\/index.php\\\/2025\\\/03\\\/24\\\/ofrece-el-pri-respaldo-y-solidaridad-con-las-victimas-cristina-ruiz\\\/\",\"name\":\"OFRECE EL PRI RESPALDO Y SOLIDARIDAD CON LAS V\u00cdCTIMAS: CRISTINA RUIZ - Expresso Metropolitano\",\"isPartOf\":{\"@id\":\"https:\\\/\\\/expressometro.mx\\\/#website\"},\"primaryImageOfPage\":{\"@id\":\"https:\\\/\\\/expressometro.mx\\\/index.php\\\/2025\\\/03\\\/24\\\/ofrece-el-pri-respaldo-y-solidaridad-con-las-victimas-cristina-ruiz\\\/#primaryimage\"},\"image\":{\"@id\":\"https:\\\/\\\/expressometro.mx\\\/index.php\\\/2025\\\/03\\\/24\\\/ofrece-el-pri-respaldo-y-solidaridad-con-las-victimas-cristina-ruiz\\\/#primaryimage\"},\"thumbnailUrl\":\"https:\\\/\\\/expressometro.mx\\\/wp-content\\\/uploads\\\/2025\\\/03\\\/WhatsApp-Image-2025-03-24-at-8.07.31-PM.jpeg\",\"datePublished\":\"2025-03-24T22:39:19+00:00\",\"dateModified\":\"2025-03-30T22:47:05+00:00\",\"breadcrumb\":{\"@id\":\"https:\\\/\\\/expressometro.mx\\\/index.php\\\/2025\\\/03\\\/24\\\/ofrece-el-pri-respaldo-y-solidaridad-con-las-victimas-cristina-ruiz\\\/#breadcrumb\"},\"inLanguage\":\"es\",\"potentialAction\":[{\"@type\":\"ReadAction\",\"target\":[\"https:\\\/\\\/expressometro.mx\\\/index.php\\\/2025\\\/03\\\/24\\\/ofrece-el-pri-respaldo-y-solidaridad-con-las-victimas-cristina-ruiz\\\/\"]}]},{\"@type\":\"ImageObject\",\"inLanguage\":\"es\",\"@id\":\"https:\\\/\\\/expressometro.mx\\\/index.php\\\/2025\\\/03\\\/24\\\/ofrece-el-pri-respaldo-y-solidaridad-con-las-victimas-cristina-ruiz\\\/#primaryimage\",\"url\":\"https:\\\/\\\/expressometro.mx\\\/wp-content\\\/uploads\\\/2025\\\/03\\\/WhatsApp-Image-2025-03-24-at-8.07.31-PM.jpeg\",\"contentUrl\":\"https:\\\/\\\/expressometro.mx\\\/wp-content\\\/uploads\\\/2025\\\/03\\\/WhatsApp-Image-2025-03-24-at-8.07.31-PM.jpeg\",\"width\":1135,\"height\":1600},{\"@type\":\"BreadcrumbList\",\"@id\":\"https:\\\/\\\/expressometro.mx\\\/index.php\\\/2025\\\/03\\\/24\\\/ofrece-el-pri-respaldo-y-solidaridad-con-las-victimas-cristina-ruiz\\\/#breadcrumb\",\"itemListElement\":[{\"@type\":\"ListItem\",\"position\":1,\"name\":\"Inicio\",\"item\":\"https:\\\/\\\/expressometro.mx\\\/\"},{\"@type\":\"ListItem\",\"position\":2,\"name\":\"OFRECE EL PRI RESPALDO Y SOLIDARIDAD CON LAS V\u00cdCTIMAS: CRISTINA RUIZ\"}]},{\"@type\":\"WebSite\",\"@id\":\"https:\\\/\\\/expressometro.mx\\\/#website\",\"url\":\"https:\\\/\\\/expressometro.mx\\\/\",\"name\":\"Expresso Metropolitano\",\"description\":\"Periodismo comprometido, informaci\u00f3n, investigaci\u00f3n y an\u00e1lisis\",\"publisher\":{\"@id\":\"https:\\\/\\\/expressometro.mx\\\/#organization\"},\"potentialAction\":[{\"@type\":\"SearchAction\",\"target\":{\"@type\":\"EntryPoint\",\"urlTemplate\":\"https:\\\/\\\/expressometro.mx\\\/?s={search_term_string}\"},\"query-input\":{\"@type\":\"PropertyValueSpecification\",\"valueRequired\":true,\"valueName\":\"search_term_string\"}}],\"inLanguage\":\"es\"},{\"@type\":\"Organization\",\"@id\":\"https:\\\/\\\/expressometro.mx\\\/#organization\",\"name\":\"Expresso Metropolitano\",\"url\":\"https:\\\/\\\/expressometro.mx\\\/\",\"logo\":{\"@type\":\"ImageObject\",\"inLanguage\":\"es\",\"@id\":\"https:\\\/\\\/expressometro.mx\\\/#\\\/schema\\\/logo\\\/image\\\/\",\"url\":\"https:\\\/\\\/expressometro.mx\\\/wp-content\\\/uploads\\\/2019\\\/07\\\/cropped-Logo-Expresso-Metropolitano-1-1.jpeg\",\"contentUrl\":\"https:\\\/\\\/expressometro.mx\\\/wp-content\\\/uploads\\\/2019\\\/07\\\/cropped-Logo-Expresso-Metropolitano-1-1.jpeg\",\"width\":290,\"height\":73,\"caption\":\"Expresso Metropolitano\"},\"image\":{\"@id\":\"https:\\\/\\\/expressometro.mx\\\/#\\\/schema\\\/logo\\\/image\\\/\"}},{\"@type\":\"Person\",\"@id\":\"https:\\\/\\\/expressometro.mx\\\/#\\\/schema\\\/person\\\/efa971b4a0664db8ed5c22b1b0dd2f5d\",\"name\":\"Expresso Metropolitano\",\"image\":{\"@type\":\"ImageObject\",\"inLanguage\":\"es\",\"@id\":\"https:\\\/\\\/secure.gravatar.com\\\/avatar\\\/a89f802b8de18c6952f223c88d3d106e9e3679839f4e25a02f4a6cc2ae6ba3b3?s=96&d=mm&r=g\",\"url\":\"https:\\\/\\\/secure.gravatar.com\\\/avatar\\\/a89f802b8de18c6952f223c88d3d106e9e3679839f4e25a02f4a6cc2ae6ba3b3?s=96&d=mm&r=g\",\"contentUrl\":\"https:\\\/\\\/secure.gravatar.com\\\/avatar\\\/a89f802b8de18c6952f223c88d3d106e9e3679839f4e25a02f4a6cc2ae6ba3b3?s=96&d=mm&r=g\",\"caption\":\"Expresso Metropolitano\"},\"url\":\"https:\\\/\\\/expressometro.mx\\\/index.php\\\/author\\\/diego\\\/\"}]}<\/script>\n<!-- \/ Yoast SEO plugin. -->","yoast_head_json":{"title":"OFRECE EL PRI RESPALDO Y SOLIDARIDAD CON LAS V\u00cdCTIMAS: CRISTINA RUIZ - Expresso Metropolitano","robots":{"index":"index","follow":"follow","max-snippet":"max-snippet:-1","max-image-preview":"max-image-preview:large","max-video-preview":"max-video-preview:-1"},"canonical":"https:\/\/expressometro.mx\/index.php\/2025\/03\/24\/ofrece-el-pri-respaldo-y-solidaridad-con-las-victimas-cristina-ruiz\/","og_locale":"es_MX","og_type":"article","og_title":"OFRECE EL PRI RESPALDO Y SOLIDARIDAD CON LAS V\u00cdCTIMAS: CRISTINA RUIZ - Expresso Metropolitano","og_description":"Al dejar en claro que desde el PRI se cierra filas con la gente para darle un espacio de encuentro, respaldo y solidaridad, la Senadora Cristina Ruiz Sandoval lament\u00f3 el episodio de terror de Teuchitl\u00e1n, Jalisco, y reprob\u00f3 que Morena quiera invisibilizar este hecho tr\u00e1gico para el pa\u00eds y el dolor de miles de mexicanos.","og_url":"https:\/\/expressometro.mx\/index.php\/2025\/03\/24\/ofrece-el-pri-respaldo-y-solidaridad-con-las-victimas-cristina-ruiz\/","og_site_name":"Expresso Metropolitano","article_published_time":"2025-03-24T22:39:19+00:00","article_modified_time":"2025-03-30T22:47:05+00:00","og_image":[{"width":1135,"height":1600,"url":"http:\/\/expressometro.mx\/wp-content\/uploads\/2025\/03\/WhatsApp-Image-2025-03-24-at-8.07.31-PM.jpeg","type":"image\/jpeg"}],"author":"Expresso Metropolitano","twitter_misc":{"Escrito por":"Expresso Metropolitano","Tiempo de lectura":"3 minutos"},"schema":{"@context":"https:\/\/schema.org","@graph":[{"@type":"Article","@id":"https:\/\/expressometro.mx\/index.php\/2025\/03\/24\/ofrece-el-pri-respaldo-y-solidaridad-con-las-victimas-cristina-ruiz\/#article","isPartOf":{"@id":"https:\/\/expressometro.mx\/index.php\/2025\/03\/24\/ofrece-el-pri-respaldo-y-solidaridad-con-las-victimas-cristina-ruiz\/"},"author":{"name":"Expresso Metropolitano","@id":"https:\/\/expressometro.mx\/#\/schema\/person\/efa971b4a0664db8ed5c22b1b0dd2f5d"},"headline":"OFRECE EL PRI RESPALDO Y SOLIDARIDAD CON LAS V\u00cdCTIMAS: CRISTINA RUIZ","datePublished":"2025-03-24T22:39:19+00:00","dateModified":"2025-03-30T22:47:05+00:00","mainEntityOfPage":{"@id":"https:\/\/expressometro.mx\/index.php\/2025\/03\/24\/ofrece-el-pri-respaldo-y-solidaridad-con-las-victimas-cristina-ruiz\/"},"wordCount":481,"commentCount":0,"publisher":{"@id":"https:\/\/expressometro.mx\/#organization"},"image":{"@id":"https:\/\/expressometro.mx\/index.php\/2025\/03\/24\/ofrece-el-pri-respaldo-y-solidaridad-con-las-victimas-cristina-ruiz\/#primaryimage"},"thumbnailUrl":"https:\/\/expressometro.mx\/wp-content\/uploads\/2025\/03\/WhatsApp-Image-2025-03-24-at-8.07.31-PM.jpeg","keywords":["Cristina Ru\u00edz Sandoval","Edomex","PRI"],"articleSection":["Gobierno","Otros","Pol\u00edtica"],"inLanguage":"es","potentialAction":[{"@type":"CommentAction","name":"Comment","target":["https:\/\/expressometro.mx\/index.php\/2025\/03\/24\/ofrece-el-pri-respaldo-y-solidaridad-con-las-victimas-cristina-ruiz\/#respond"]}]},{"@type":"WebPage","@id":"https:\/\/expressometro.mx\/index.php\/2025\/03\/24\/ofrece-el-pri-respaldo-y-solidaridad-con-las-victimas-cristina-ruiz\/","url":"https:\/\/expressometro.mx\/index.php\/2025\/03\/24\/ofrece-el-pri-respaldo-y-solidaridad-con-las-victimas-cristina-ruiz\/","name":"OFRECE EL PRI RESPALDO Y SOLIDARIDAD CON LAS V\u00cdCTIMAS: CRISTINA RUIZ - Expresso Metropolitano","isPartOf":{"@id":"https:\/\/expressometro.mx\/#website"},"primaryImageOfPage":{"@id":"https:\/\/expressometro.mx\/index.php\/2025\/03\/24\/ofrece-el-pri-respaldo-y-solidaridad-con-las-victimas-cristina-ruiz\/#primaryimage"},"image":{"@id":"https:\/\/expressometro.mx\/index.php\/2025\/03\/24\/ofrece-el-pri-respaldo-y-solidaridad-con-las-victimas-cristina-ruiz\/#primaryimage"},"thumbnailUrl":"https:\/\/expressometro.mx\/wp-content\/uploads\/2025\/03\/WhatsApp-Image-2025-03-24-at-8.07.31-PM.jpeg","datePublished":"2025-03-24T22:39:19+00:00","dateModified":"2025-03-30T22:47:05+00:00","breadcrumb":{"@id":"https:\/\/expressometro.mx\/index.php\/2025\/03\/24\/ofrece-el-pri-respaldo-y-solidaridad-con-las-victimas-cristina-ruiz\/#breadcrumb"},"inLanguage":"es","potentialAction":[{"@type":"ReadAction","target":["https:\/\/expressometro.mx\/index.php\/2025\/03\/24\/ofrece-el-pri-respaldo-y-solidaridad-con-las-victimas-cristina-ruiz\/"]}]},{"@type":"ImageObject","inLanguage":"es","@id":"https:\/\/expressometro.mx\/index.php\/2025\/03\/24\/ofrece-el-pri-respaldo-y-solidaridad-con-las-victimas-cristina-ruiz\/#primaryimage","url":"https:\/\/expressometro.mx\/wp-content\/uploads\/2025\/03\/WhatsApp-Image-2025-03-24-at-8.07.31-PM.jpeg","contentUrl":"https:\/\/expressometro.mx\/wp-content\/uploads\/2025\/03\/WhatsApp-Image-2025-03-24-at-8.07.31-PM.jpeg","width":1135,"height":1600},{"@type":"BreadcrumbList","@id":"https:\/\/expressometro.mx\/index.php\/2025\/03\/24\/ofrece-el-pri-respaldo-y-solidaridad-con-las-victimas-cristina-ruiz\/#breadcrumb","itemListElement":[{"@type":"ListItem","position":1,"name":"Inicio","item":"https:\/\/expressometro.mx\/"},{"@type":"ListItem","position":2,"name":"OFRECE EL PRI RESPALDO Y SOLIDARIDAD CON LAS V\u00cdCTIMAS: CRISTINA RUIZ"}]},{"@type":"WebSite","@id":"https:\/\/expressometro.mx\/#website","url":"https:\/\/expressometro.mx\/","name":"Expresso Metropolitano","description":"Periodismo comprometido, informaci\u00f3n, investigaci\u00f3n y an\u00e1lisis","publisher":{"@id":"https:\/\/expressometro.mx\/#organization"},"potentialAction":[{"@type":"SearchAction","target":{"@type":"EntryPoint","urlTemplate":"https:\/\/expressometro.mx\/?s={search_term_string}"},"query-input":{"@type":"PropertyValueSpecification","valueRequired":true,"valueName":"search_term_string"}}],"inLanguage":"es"},{"@type":"Organization","@id":"https:\/\/expressometro.mx\/#organization","name":"Expresso Metropolitano","url":"https:\/\/expressometro.mx\/","logo":{"@type":"ImageObject","inLanguage":"es","@id":"https:\/\/expressometro.mx\/#\/schema\/logo\/image\/","url":"https:\/\/expressometro.mx\/wp-content\/uploads\/2019\/07\/cropped-Logo-Expresso-Metropolitano-1-1.jpeg","contentUrl":"https:\/\/expressometro.mx\/wp-content\/uploads\/2019\/07\/cropped-Logo-Expresso-Metropolitano-1-1.jpeg","width":290,"height":73,"caption":"Expresso Metropolitano"},"image":{"@id":"https:\/\/expressometro.mx\/#\/schema\/logo\/image\/"}},{"@type":"Person","@id":"https:\/\/expressometro.mx\/#\/schema\/person\/efa971b4a0664db8ed5c22b1b0dd2f5d","name":"Expresso Metropolitano","image":{"@type":"ImageObject","inLanguage":"es","@id":"https:\/\/secure.gravatar.com\/avatar\/a89f802b8de18c6952f223c88d3d106e9e3679839f4e25a02f4a6cc2ae6ba3b3?s=96&d=mm&r=g","url":"https:\/\/secure.gravatar.com\/avatar\/a89f802b8de18c6952f223c88d3d106e9e3679839f4e25a02f4a6cc2ae6ba3b3?s=96&d=mm&r=g","contentUrl":"https:\/\/secure.gravatar.com\/avatar\/a89f802b8de18c6952f223c88d3d106e9e3679839f4e25a02f4a6cc2ae6ba3b3?s=96&d=mm&r=g","caption":"Expresso Metropolitano"},"url":"https:\/\/expressometro.mx\/index.php\/author\/diego\/"}]}},"amp_enabled":true,"_links":{"self":[{"href":"https:\/\/expressometro.mx\/index.php\/wp-json\/wp\/v2\/posts\/11052","targetHints":{"allow":["GET"]}}],"collection":[{"href":"https:\/\/expressometro.mx\/index.php\/wp-json\/wp\/v2\/posts"}],"about":[{"href":"https:\/\/expressometro.mx\/index.php\/wp-json\/wp\/v2\/types\/post"}],"author":[{"embeddable":true,"href":"https:\/\/expressometro.mx\/index.php\/wp-json\/wp\/v2\/users\/1"}],"replies":[{"embeddable":true,"href":"https:\/\/expressometro.mx\/index.php\/wp-json\/wp\/v2\/comments?post=11052"}],"version-history":[{"count":1,"href":"https:\/\/expressometro.mx\/index.php\/wp-json\/wp\/v2\/posts\/11052\/revisions"}],"predecessor-version":[{"id":11055,"href":"https:\/\/expressometro.mx\/index.php\/wp-json\/wp\/v2\/posts\/11052\/revisions\/11055"}],"wp:featuredmedia":[{"embeddable":true,"href":"https:\/\/expressometro.mx\/index.php\/wp-json\/wp\/v2\/media\/11054"}],"wp:attachment":[{"href":"https:\/\/expressometro.mx\/index.php\/wp-json\/wp\/v2\/media?parent=11052"}],"wp:term":[{"taxonomy":"category","embeddable":true,"href":"https:\/\/expressometro.mx\/index.php\/wp-json\/wp\/v2\/categories?post=11052"},{"taxonomy":"post_tag","embeddable":true,"href":"https:\/\/expressometro.mx\/index.php\/wp-json\/wp\/v2\/tags?post=11052"}],"curies":[{"name":"wp","href":"https:\/\/api.w.org\/{rel}","templated":true}]}}