{"id":11046,"date":"2025-03-20T16:16:15","date_gmt":"2025-03-20T22:16:15","guid":{"rendered":"https:\/\/expressometro.mx\/?p=11046"},"modified":"2025-03-30T16:39:01","modified_gmt":"2025-03-30T22:39:01","slug":"arremete-senadora-priista-cristina-ruiz-contra-morena-y-mc-por-el-horror-en-teuchitlan","status":"publish","type":"post","link":"https:\/\/expressometro.mx\/index.php\/2025\/03\/20\/arremete-senadora-priista-cristina-ruiz-contra-morena-y-mc-por-el-horror-en-teuchitlan\/","title":{"rendered":"ARREMETE SENADORA PRIISTA CRISTINA RUIZ CONTRA MORENA Y MC POR EL HORROR EN TEUCHITL\u00c1N"},"content":{"rendered":"\n<ul class=\"wp-block-list\">\n<li>En la tribuna dijo que \u201ca diferencia del gobierno morenista, el PRI nunca negocia con criminales ni guarda silencio ante la injusticia\u201d.<\/li>\n\n\n\n<li>La bancada priista coloc\u00f3 en los esca\u00f1os prendas de vestir y calzado, simbolizando el horror descubierto en el rancho Izaguirre.<\/li>\n<\/ul>\n\n\n\n<p>Senadoras y senadores del Partido Revolucionario Institucional (PRI) llevaron a cabo una protesta en el Senado de la Rep\u00fablica contra Morena y Movimiento Ciudadano, exigiendo que asuman su responsabilidad por lo ocurrido en el rancho Izaguirre, en Teuchitl\u00e1n, Jalisco, donde fueron hallados restos humanos en condiciones atroces.<\/p>\n\n\n\n<p>Como parte de su indignaci\u00f3n por estos hechos, colocaron en sus esca\u00f1os prendas de vestir y calzado, simbolizando el horror descubierto en ese sitio. Adem\u00e1s, desplegaron dos enormes mantas en ambos lados del recinto, enfatizando su exigencia al gobierno federal y estatal para que respondan ante el macabro hallazgo realizado por madres buscadoras.<\/p>\n\n\n\n<p>Mientras tanto en el debate de la agenda pol\u00edtica en la sesi\u00f3n de este martes, la senadora Cristina Ruiz Sandoval, en representaci\u00f3n del Grupo Parlamentario del PRI, arremeti\u00f3 contra ambos gobiernos, denunciando su complicidad y omisi\u00f3n en este caso que ha estremecido al pa\u00eds y al mundo.<\/p>\n\n\n\n<p>Con firmeza, la legisladora expuso la indignaci\u00f3n ante el descubrimiento de lo que describi\u00f3 como un centro de exterminio, donde se hallaron cientos de pares de zapatos, hornos clandestinos, listas de ejecuciones y cuerpos calcinados. &#8220;Esto es la imagen de un pa\u00eds donde Morena renunci\u00f3 a su responsabilidad&#8221;, sentenci\u00f3.<\/p>\n\n\n\n<p>Ruiz Sandoval acus\u00f3 directamente al gobierno federal y estatal de permitir la expansi\u00f3n del crimen organizado y la impunidad que lo protege. &#8220;Morena es sin\u00f3nimo de impunidad&#8221;, declar\u00f3 con contundencia, responsabilizando a la administraci\u00f3n en turno de convertir a M\u00e9xico en un territorio donde el terror opera sin control.<\/p>\n\n\n\n<p>Pero lo m\u00e1s alarmante, se\u00f1al\u00f3 la senadora, es que la Fiscal\u00eda de Jalisco ten\u00eda conocimiento de este sitio de exterminio desde septiembre de 2024, y, aun as\u00ed, el gobierno de Movimiento Ciudadano prefiri\u00f3 la indiferencia. &#8220;Durante seis meses, el gobierno de Jalisco mir\u00f3 hacia otro lado mientras el horror se perpetraba&#8221;, denunci\u00f3.<\/p>\n\n\n\n<p>Tambi\u00e9n se\u00f1al\u00f3 con nombre y apellido a las autoridades locales, asegurando que ahora intentan lavarse las manos de su responsabilidad. &#8220;Pero ellos son el lavamanos del crimen organizado&#8221;, enfatiz\u00f3, dejando en claro que la omisi\u00f3n y la complicidad de estos gobiernos son innegables.<\/p>\n\n\n\n<p>La Senadora cuestion\u00f3 la ausencia de la Guardia Nacional y la inacci\u00f3n del gobierno federal ante la masacre. &#8220;\u00bfCu\u00e1ntos m\u00e1s hay en Jalisco? \u00bfCu\u00e1ntos m\u00e1s hay en M\u00e9xico?&#8221;, pregunt\u00f3, denunciando que la pol\u00edtica de &#8220;abrazos y no balazos&#8221; ha permitido que los c\u00e1rteles operen con total impunidad y que la crisis humanitaria se profundice.<\/p>\n\n\n\n<p>Adem\u00e1s, critic\u00f3 duramente a la Comisi\u00f3n Nacional de Derechos Humanos (CNDH) por su silencio ante estos cr\u00edmenes. &#8220;\u00bfD\u00f3nde estaba Rosario Piedra Ibarra cuando estos horrores suced\u00edan?&#8221;, cuestion\u00f3, asegurando que el organismo ha optado por proteger a criminales en lugar de defender a las v\u00edctimas. &#8220;Su silencio es garant\u00eda de complicidad&#8221;, sentenci\u00f3.<\/p>\n\n\n\n<p>En este contexto, Ruiz Sandoval exigi\u00f3 justicia y demand\u00f3 sanciones ejemplares para los funcionarios de Jalisco y del gobierno federal que permitieron este escenario de horror. &#8220;No basta con declaraciones superficiales en las conferencias ma\u00f1aneras, este es el momento de la verdad&#8221;, afirm\u00f3.<\/p>\n\n\n\n<p>Por \u00faltimo, lanz\u00f3 un mensaje contundente al gobierno de la Cuarta Transformaci\u00f3n: &#8220;Pueden seguir fingiendo que todo est\u00e1 bien, pueden seguir protegiendo a sus aliados criminales, pueden seguir ignorando a las v\u00edctimas, mientras el PRI se pone del lado correcto de la historia&#8221;.<\/p>\n\n\n\n<p>Concluy\u00f3 con una advertencia clara: &#8220;A diferencia de este gobierno, nosotros no negociamos con criminales ni guardamos silencio ante la injusticia. El pueblo de M\u00e9xico no merece esto&#8221;.<\/p>\n","protected":false},"excerpt":{"rendered":"<p>Senadoras y senadores del Partido Revolucionario Institucional (PRI) llevaron a cabo una protesta en el Senado de la Rep\u00fablica contra Morena y Movimiento Ciudadano, exigiendo que asuman su responsabilidad por lo ocurrido en el rancho Izaguirre, en Teuchitl\u00e1n, Jalisco, donde fueron hallados restos humanos en condiciones atroces.<\/p>\n","protected":false},"author":1,"featured_media":11048,"comment_status":"open","ping_status":"open","sticky":false,"template":"","format":"standard","meta":{"footnotes":""},"categories":[3,1,231],"tags":[2283,1982,158],"class_list":["post-11046","post","type-post","status-publish","format-standard","has-post-thumbnail","hentry","category-gobierno","category-otros","category-politica","tag-cristina-ruiz-sandoval","tag-edomex","tag-pri"],"yoast_head":"<!-- This site is optimized with the Yoast SEO plugin v27.5 - https:\/\/yoast.com\/product\/yoast-seo-wordpress\/ -->\n<title>ARREMETE SENADORA PRIISTA CRISTINA RUIZ CONTRA MORENA Y MC POR EL HORROR EN TEUCHITL\u00c1N - Expresso Metropolitano<\/title>\n<meta name=\"robots\" content=\"index, follow, max-snippet:-1, max-image-preview:large, max-video-preview:-1\" \/>\n<link rel=\"canonical\" href=\"https:\/\/expressometro.mx\/index.php\/2025\/03\/20\/arremete-senadora-priista-cristina-ruiz-contra-morena-y-mc-por-el-horror-en-teuchitlan\/\" \/>\n<meta property=\"og:locale\" content=\"es_MX\" \/>\n<meta property=\"og:type\" content=\"article\" \/>\n<meta property=\"og:title\" content=\"ARREMETE SENADORA PRIISTA CRISTINA RUIZ CONTRA MORENA Y MC POR EL HORROR EN TEUCHITL\u00c1N - Expresso Metropolitano\" \/>\n<meta property=\"og:description\" content=\"Senadoras y senadores del Partido Revolucionario Institucional (PRI) llevaron a cabo una protesta en el Senado de la Rep\u00fablica contra Morena y Movimiento Ciudadano, exigiendo que asuman su responsabilidad por lo ocurrido en el rancho Izaguirre, en Teuchitl\u00e1n, Jalisco, donde fueron hallados restos humanos en condiciones atroces.\" \/>\n<meta property=\"og:url\" content=\"https:\/\/expressometro.mx\/index.php\/2025\/03\/20\/arremete-senadora-priista-cristina-ruiz-contra-morena-y-mc-por-el-horror-en-teuchitlan\/\" \/>\n<meta property=\"og:site_name\" content=\"Expresso Metropolitano\" \/>\n<meta property=\"article:published_time\" content=\"2025-03-20T22:16:15+00:00\" \/>\n<meta property=\"article:modified_time\" content=\"2025-03-30T22:39:01+00:00\" \/>\n<meta property=\"og:image\" content=\"http:\/\/expressometro.mx\/wp-content\/uploads\/2025\/03\/WhatsApp-Image-2025-03-20-at-5.14.12-PM.jpeg\" \/>\n\t<meta property=\"og:image:width\" content=\"1600\" \/>\n\t<meta property=\"og:image:height\" content=\"1200\" \/>\n\t<meta property=\"og:image:type\" content=\"image\/jpeg\" \/>\n<meta name=\"author\" content=\"Expresso Metropolitano\" \/>\n<meta name=\"twitter:label1\" content=\"Escrito por\" \/>\n\t<meta name=\"twitter:data1\" content=\"Expresso Metropolitano\" \/>\n\t<meta name=\"twitter:label2\" content=\"Tiempo de lectura\" \/>\n\t<meta name=\"twitter:data2\" content=\"3 minutos\" \/>\n<script type=\"application\/ld+json\" class=\"yoast-schema-graph\">{\"@context\":\"https:\\\/\\\/schema.org\",\"@graph\":[{\"@type\":\"Article\",\"@id\":\"https:\\\/\\\/expressometro.mx\\\/index.php\\\/2025\\\/03\\\/20\\\/arremete-senadora-priista-cristina-ruiz-contra-morena-y-mc-por-el-horror-en-teuchitlan\\\/#article\",\"isPartOf\":{\"@id\":\"https:\\\/\\\/expressometro.mx\\\/index.php\\\/2025\\\/03\\\/20\\\/arremete-senadora-priista-cristina-ruiz-contra-morena-y-mc-por-el-horror-en-teuchitlan\\\/\"},\"author\":{\"name\":\"Expresso Metropolitano\",\"@id\":\"https:\\\/\\\/expressometro.mx\\\/#\\\/schema\\\/person\\\/efa971b4a0664db8ed5c22b1b0dd2f5d\"},\"headline\":\"ARREMETE SENADORA PRIISTA CRISTINA RUIZ CONTRA MORENA Y MC POR EL HORROR EN TEUCHITL\u00c1N\",\"datePublished\":\"2025-03-20T22:16:15+00:00\",\"dateModified\":\"2025-03-30T22:39:01+00:00\",\"mainEntityOfPage\":{\"@id\":\"https:\\\/\\\/expressometro.mx\\\/index.php\\\/2025\\\/03\\\/20\\\/arremete-senadora-priista-cristina-ruiz-contra-morena-y-mc-por-el-horror-en-teuchitlan\\\/\"},\"wordCount\":658,\"commentCount\":0,\"publisher\":{\"@id\":\"https:\\\/\\\/expressometro.mx\\\/#organization\"},\"image\":{\"@id\":\"https:\\\/\\\/expressometro.mx\\\/index.php\\\/2025\\\/03\\\/20\\\/arremete-senadora-priista-cristina-ruiz-contra-morena-y-mc-por-el-horror-en-teuchitlan\\\/#primaryimage\"},\"thumbnailUrl\":\"https:\\\/\\\/expressometro.mx\\\/wp-content\\\/uploads\\\/2025\\\/03\\\/WhatsApp-Image-2025-03-20-at-5.14.12-PM.jpeg\",\"keywords\":[\"Cristina Ru\u00edz Sandoval\",\"Edomex\",\"PRI\"],\"articleSection\":[\"Gobierno\",\"Otros\",\"Pol\u00edtica\"],\"inLanguage\":\"es\",\"potentialAction\":[{\"@type\":\"CommentAction\",\"name\":\"Comment\",\"target\":[\"https:\\\/\\\/expressometro.mx\\\/index.php\\\/2025\\\/03\\\/20\\\/arremete-senadora-priista-cristina-ruiz-contra-morena-y-mc-por-el-horror-en-teuchitlan\\\/#respond\"]}]},{\"@type\":\"WebPage\",\"@id\":\"https:\\\/\\\/expressometro.mx\\\/index.php\\\/2025\\\/03\\\/20\\\/arremete-senadora-priista-cristina-ruiz-contra-morena-y-mc-por-el-horror-en-teuchitlan\\\/\",\"url\":\"https:\\\/\\\/expressometro.mx\\\/index.php\\\/2025\\\/03\\\/20\\\/arremete-senadora-priista-cristina-ruiz-contra-morena-y-mc-por-el-horror-en-teuchitlan\\\/\",\"name\":\"ARREMETE SENADORA PRIISTA CRISTINA RUIZ CONTRA MORENA Y MC POR EL HORROR EN TEUCHITL\u00c1N - Expresso Metropolitano\",\"isPartOf\":{\"@id\":\"https:\\\/\\\/expressometro.mx\\\/#website\"},\"primaryImageOfPage\":{\"@id\":\"https:\\\/\\\/expressometro.mx\\\/index.php\\\/2025\\\/03\\\/20\\\/arremete-senadora-priista-cristina-ruiz-contra-morena-y-mc-por-el-horror-en-teuchitlan\\\/#primaryimage\"},\"image\":{\"@id\":\"https:\\\/\\\/expressometro.mx\\\/index.php\\\/2025\\\/03\\\/20\\\/arremete-senadora-priista-cristina-ruiz-contra-morena-y-mc-por-el-horror-en-teuchitlan\\\/#primaryimage\"},\"thumbnailUrl\":\"https:\\\/\\\/expressometro.mx\\\/wp-content\\\/uploads\\\/2025\\\/03\\\/WhatsApp-Image-2025-03-20-at-5.14.12-PM.jpeg\",\"datePublished\":\"2025-03-20T22:16:15+00:00\",\"dateModified\":\"2025-03-30T22:39:01+00:00\",\"breadcrumb\":{\"@id\":\"https:\\\/\\\/expressometro.mx\\\/index.php\\\/2025\\\/03\\\/20\\\/arremete-senadora-priista-cristina-ruiz-contra-morena-y-mc-por-el-horror-en-teuchitlan\\\/#breadcrumb\"},\"inLanguage\":\"es\",\"potentialAction\":[{\"@type\":\"ReadAction\",\"target\":[\"https:\\\/\\\/expressometro.mx\\\/index.php\\\/2025\\\/03\\\/20\\\/arremete-senadora-priista-cristina-ruiz-contra-morena-y-mc-por-el-horror-en-teuchitlan\\\/\"]}]},{\"@type\":\"ImageObject\",\"inLanguage\":\"es\",\"@id\":\"https:\\\/\\\/expressometro.mx\\\/index.php\\\/2025\\\/03\\\/20\\\/arremete-senadora-priista-cristina-ruiz-contra-morena-y-mc-por-el-horror-en-teuchitlan\\\/#primaryimage\",\"url\":\"https:\\\/\\\/expressometro.mx\\\/wp-content\\\/uploads\\\/2025\\\/03\\\/WhatsApp-Image-2025-03-20-at-5.14.12-PM.jpeg\",\"contentUrl\":\"https:\\\/\\\/expressometro.mx\\\/wp-content\\\/uploads\\\/2025\\\/03\\\/WhatsApp-Image-2025-03-20-at-5.14.12-PM.jpeg\",\"width\":1600,\"height\":1200},{\"@type\":\"BreadcrumbList\",\"@id\":\"https:\\\/\\\/expressometro.mx\\\/index.php\\\/2025\\\/03\\\/20\\\/arremete-senadora-priista-cristina-ruiz-contra-morena-y-mc-por-el-horror-en-teuchitlan\\\/#breadcrumb\",\"itemListElement\":[{\"@type\":\"ListItem\",\"position\":1,\"name\":\"Inicio\",\"item\":\"https:\\\/\\\/expressometro.mx\\\/\"},{\"@type\":\"ListItem\",\"position\":2,\"name\":\"ARREMETE SENADORA PRIISTA CRISTINA RUIZ CONTRA MORENA Y MC POR EL HORROR EN TEUCHITL\u00c1N\"}]},{\"@type\":\"WebSite\",\"@id\":\"https:\\\/\\\/expressometro.mx\\\/#website\",\"url\":\"https:\\\/\\\/expressometro.mx\\\/\",\"name\":\"Expresso Metropolitano\",\"description\":\"Periodismo comprometido, informaci\u00f3n, investigaci\u00f3n y an\u00e1lisis\",\"publisher\":{\"@id\":\"https:\\\/\\\/expressometro.mx\\\/#organization\"},\"potentialAction\":[{\"@type\":\"SearchAction\",\"target\":{\"@type\":\"EntryPoint\",\"urlTemplate\":\"https:\\\/\\\/expressometro.mx\\\/?s={search_term_string}\"},\"query-input\":{\"@type\":\"PropertyValueSpecification\",\"valueRequired\":true,\"valueName\":\"search_term_string\"}}],\"inLanguage\":\"es\"},{\"@type\":\"Organization\",\"@id\":\"https:\\\/\\\/expressometro.mx\\\/#organization\",\"name\":\"Expresso Metropolitano\",\"url\":\"https:\\\/\\\/expressometro.mx\\\/\",\"logo\":{\"@type\":\"ImageObject\",\"inLanguage\":\"es\",\"@id\":\"https:\\\/\\\/expressometro.mx\\\/#\\\/schema\\\/logo\\\/image\\\/\",\"url\":\"https:\\\/\\\/expressometro.mx\\\/wp-content\\\/uploads\\\/2019\\\/07\\\/cropped-Logo-Expresso-Metropolitano-1-1.jpeg\",\"contentUrl\":\"https:\\\/\\\/expressometro.mx\\\/wp-content\\\/uploads\\\/2019\\\/07\\\/cropped-Logo-Expresso-Metropolitano-1-1.jpeg\",\"width\":290,\"height\":73,\"caption\":\"Expresso Metropolitano\"},\"image\":{\"@id\":\"https:\\\/\\\/expressometro.mx\\\/#\\\/schema\\\/logo\\\/image\\\/\"}},{\"@type\":\"Person\",\"@id\":\"https:\\\/\\\/expressometro.mx\\\/#\\\/schema\\\/person\\\/efa971b4a0664db8ed5c22b1b0dd2f5d\",\"name\":\"Expresso Metropolitano\",\"image\":{\"@type\":\"ImageObject\",\"inLanguage\":\"es\",\"@id\":\"https:\\\/\\\/secure.gravatar.com\\\/avatar\\\/a89f802b8de18c6952f223c88d3d106e9e3679839f4e25a02f4a6cc2ae6ba3b3?s=96&d=mm&r=g\",\"url\":\"https:\\\/\\\/secure.gravatar.com\\\/avatar\\\/a89f802b8de18c6952f223c88d3d106e9e3679839f4e25a02f4a6cc2ae6ba3b3?s=96&d=mm&r=g\",\"contentUrl\":\"https:\\\/\\\/secure.gravatar.com\\\/avatar\\\/a89f802b8de18c6952f223c88d3d106e9e3679839f4e25a02f4a6cc2ae6ba3b3?s=96&d=mm&r=g\",\"caption\":\"Expresso Metropolitano\"},\"url\":\"https:\\\/\\\/expressometro.mx\\\/index.php\\\/author\\\/diego\\\/\"}]}<\/script>\n<!-- \/ Yoast SEO plugin. -->","yoast_head_json":{"title":"ARREMETE SENADORA PRIISTA CRISTINA RUIZ CONTRA MORENA Y MC POR EL HORROR EN TEUCHITL\u00c1N - Expresso Metropolitano","robots":{"index":"index","follow":"follow","max-snippet":"max-snippet:-1","max-image-preview":"max-image-preview:large","max-video-preview":"max-video-preview:-1"},"canonical":"https:\/\/expressometro.mx\/index.php\/2025\/03\/20\/arremete-senadora-priista-cristina-ruiz-contra-morena-y-mc-por-el-horror-en-teuchitlan\/","og_locale":"es_MX","og_type":"article","og_title":"ARREMETE SENADORA PRIISTA CRISTINA RUIZ CONTRA MORENA Y MC POR EL HORROR EN TEUCHITL\u00c1N - Expresso Metropolitano","og_description":"Senadoras y senadores del Partido Revolucionario Institucional (PRI) llevaron a cabo una protesta en el Senado de la Rep\u00fablica contra Morena y Movimiento Ciudadano, exigiendo que asuman su responsabilidad por lo ocurrido en el rancho Izaguirre, en Teuchitl\u00e1n, Jalisco, donde fueron hallados restos humanos en condiciones atroces.","og_url":"https:\/\/expressometro.mx\/index.php\/2025\/03\/20\/arremete-senadora-priista-cristina-ruiz-contra-morena-y-mc-por-el-horror-en-teuchitlan\/","og_site_name":"Expresso Metropolitano","article_published_time":"2025-03-20T22:16:15+00:00","article_modified_time":"2025-03-30T22:39:01+00:00","og_image":[{"width":1600,"height":1200,"url":"http:\/\/expressometro.mx\/wp-content\/uploads\/2025\/03\/WhatsApp-Image-2025-03-20-at-5.14.12-PM.jpeg","type":"image\/jpeg"}],"author":"Expresso Metropolitano","twitter_misc":{"Escrito por":"Expresso Metropolitano","Tiempo de lectura":"3 minutos"},"schema":{"@context":"https:\/\/schema.org","@graph":[{"@type":"Article","@id":"https:\/\/expressometro.mx\/index.php\/2025\/03\/20\/arremete-senadora-priista-cristina-ruiz-contra-morena-y-mc-por-el-horror-en-teuchitlan\/#article","isPartOf":{"@id":"https:\/\/expressometro.mx\/index.php\/2025\/03\/20\/arremete-senadora-priista-cristina-ruiz-contra-morena-y-mc-por-el-horror-en-teuchitlan\/"},"author":{"name":"Expresso Metropolitano","@id":"https:\/\/expressometro.mx\/#\/schema\/person\/efa971b4a0664db8ed5c22b1b0dd2f5d"},"headline":"ARREMETE SENADORA PRIISTA CRISTINA RUIZ CONTRA MORENA Y MC POR EL HORROR EN TEUCHITL\u00c1N","datePublished":"2025-03-20T22:16:15+00:00","dateModified":"2025-03-30T22:39:01+00:00","mainEntityOfPage":{"@id":"https:\/\/expressometro.mx\/index.php\/2025\/03\/20\/arremete-senadora-priista-cristina-ruiz-contra-morena-y-mc-por-el-horror-en-teuchitlan\/"},"wordCount":658,"commentCount":0,"publisher":{"@id":"https:\/\/expressometro.mx\/#organization"},"image":{"@id":"https:\/\/expressometro.mx\/index.php\/2025\/03\/20\/arremete-senadora-priista-cristina-ruiz-contra-morena-y-mc-por-el-horror-en-teuchitlan\/#primaryimage"},"thumbnailUrl":"https:\/\/expressometro.mx\/wp-content\/uploads\/2025\/03\/WhatsApp-Image-2025-03-20-at-5.14.12-PM.jpeg","keywords":["Cristina Ru\u00edz Sandoval","Edomex","PRI"],"articleSection":["Gobierno","Otros","Pol\u00edtica"],"inLanguage":"es","potentialAction":[{"@type":"CommentAction","name":"Comment","target":["https:\/\/expressometro.mx\/index.php\/2025\/03\/20\/arremete-senadora-priista-cristina-ruiz-contra-morena-y-mc-por-el-horror-en-teuchitlan\/#respond"]}]},{"@type":"WebPage","@id":"https:\/\/expressometro.mx\/index.php\/2025\/03\/20\/arremete-senadora-priista-cristina-ruiz-contra-morena-y-mc-por-el-horror-en-teuchitlan\/","url":"https:\/\/expressometro.mx\/index.php\/2025\/03\/20\/arremete-senadora-priista-cristina-ruiz-contra-morena-y-mc-por-el-horror-en-teuchitlan\/","name":"ARREMETE SENADORA PRIISTA CRISTINA RUIZ CONTRA MORENA Y MC POR EL HORROR EN TEUCHITL\u00c1N - Expresso Metropolitano","isPartOf":{"@id":"https:\/\/expressometro.mx\/#website"},"primaryImageOfPage":{"@id":"https:\/\/expressometro.mx\/index.php\/2025\/03\/20\/arremete-senadora-priista-cristina-ruiz-contra-morena-y-mc-por-el-horror-en-teuchitlan\/#primaryimage"},"image":{"@id":"https:\/\/expressometro.mx\/index.php\/2025\/03\/20\/arremete-senadora-priista-cristina-ruiz-contra-morena-y-mc-por-el-horror-en-teuchitlan\/#primaryimage"},"thumbnailUrl":"https:\/\/expressometro.mx\/wp-content\/uploads\/2025\/03\/WhatsApp-Image-2025-03-20-at-5.14.12-PM.jpeg","datePublished":"2025-03-20T22:16:15+00:00","dateModified":"2025-03-30T22:39:01+00:00","breadcrumb":{"@id":"https:\/\/expressometro.mx\/index.php\/2025\/03\/20\/arremete-senadora-priista-cristina-ruiz-contra-morena-y-mc-por-el-horror-en-teuchitlan\/#breadcrumb"},"inLanguage":"es","potentialAction":[{"@type":"ReadAction","target":["https:\/\/expressometro.mx\/index.php\/2025\/03\/20\/arremete-senadora-priista-cristina-ruiz-contra-morena-y-mc-por-el-horror-en-teuchitlan\/"]}]},{"@type":"ImageObject","inLanguage":"es","@id":"https:\/\/expressometro.mx\/index.php\/2025\/03\/20\/arremete-senadora-priista-cristina-ruiz-contra-morena-y-mc-por-el-horror-en-teuchitlan\/#primaryimage","url":"https:\/\/expressometro.mx\/wp-content\/uploads\/2025\/03\/WhatsApp-Image-2025-03-20-at-5.14.12-PM.jpeg","contentUrl":"https:\/\/expressometro.mx\/wp-content\/uploads\/2025\/03\/WhatsApp-Image-2025-03-20-at-5.14.12-PM.jpeg","width":1600,"height":1200},{"@type":"BreadcrumbList","@id":"https:\/\/expressometro.mx\/index.php\/2025\/03\/20\/arremete-senadora-priista-cristina-ruiz-contra-morena-y-mc-por-el-horror-en-teuchitlan\/#breadcrumb","itemListElement":[{"@type":"ListItem","position":1,"name":"Inicio","item":"https:\/\/expressometro.mx\/"},{"@type":"ListItem","position":2,"name":"ARREMETE SENADORA PRIISTA CRISTINA RUIZ CONTRA MORENA Y MC POR EL HORROR EN TEUCHITL\u00c1N"}]},{"@type":"WebSite","@id":"https:\/\/expressometro.mx\/#website","url":"https:\/\/expressometro.mx\/","name":"Expresso Metropolitano","description":"Periodismo comprometido, informaci\u00f3n, investigaci\u00f3n y an\u00e1lisis","publisher":{"@id":"https:\/\/expressometro.mx\/#organization"},"potentialAction":[{"@type":"SearchAction","target":{"@type":"EntryPoint","urlTemplate":"https:\/\/expressometro.mx\/?s={search_term_string}"},"query-input":{"@type":"PropertyValueSpecification","valueRequired":true,"valueName":"search_term_string"}}],"inLanguage":"es"},{"@type":"Organization","@id":"https:\/\/expressometro.mx\/#organization","name":"Expresso Metropolitano","url":"https:\/\/expressometro.mx\/","logo":{"@type":"ImageObject","inLanguage":"es","@id":"https:\/\/expressometro.mx\/#\/schema\/logo\/image\/","url":"https:\/\/expressometro.mx\/wp-content\/uploads\/2019\/07\/cropped-Logo-Expresso-Metropolitano-1-1.jpeg","contentUrl":"https:\/\/expressometro.mx\/wp-content\/uploads\/2019\/07\/cropped-Logo-Expresso-Metropolitano-1-1.jpeg","width":290,"height":73,"caption":"Expresso Metropolitano"},"image":{"@id":"https:\/\/expressometro.mx\/#\/schema\/logo\/image\/"}},{"@type":"Person","@id":"https:\/\/expressometro.mx\/#\/schema\/person\/efa971b4a0664db8ed5c22b1b0dd2f5d","name":"Expresso Metropolitano","image":{"@type":"ImageObject","inLanguage":"es","@id":"https:\/\/secure.gravatar.com\/avatar\/a89f802b8de18c6952f223c88d3d106e9e3679839f4e25a02f4a6cc2ae6ba3b3?s=96&d=mm&r=g","url":"https:\/\/secure.gravatar.com\/avatar\/a89f802b8de18c6952f223c88d3d106e9e3679839f4e25a02f4a6cc2ae6ba3b3?s=96&d=mm&r=g","contentUrl":"https:\/\/secure.gravatar.com\/avatar\/a89f802b8de18c6952f223c88d3d106e9e3679839f4e25a02f4a6cc2ae6ba3b3?s=96&d=mm&r=g","caption":"Expresso Metropolitano"},"url":"https:\/\/expressometro.mx\/index.php\/author\/diego\/"}]}},"amp_enabled":true,"_links":{"self":[{"href":"https:\/\/expressometro.mx\/index.php\/wp-json\/wp\/v2\/posts\/11046","targetHints":{"allow":["GET"]}}],"collection":[{"href":"https:\/\/expressometro.mx\/index.php\/wp-json\/wp\/v2\/posts"}],"about":[{"href":"https:\/\/expressometro.mx\/index.php\/wp-json\/wp\/v2\/types\/post"}],"author":[{"embeddable":true,"href":"https:\/\/expressometro.mx\/index.php\/wp-json\/wp\/v2\/users\/1"}],"replies":[{"embeddable":true,"href":"https:\/\/expressometro.mx\/index.php\/wp-json\/wp\/v2\/comments?post=11046"}],"version-history":[{"count":2,"href":"https:\/\/expressometro.mx\/index.php\/wp-json\/wp\/v2\/posts\/11046\/revisions"}],"predecessor-version":[{"id":11051,"href":"https:\/\/expressometro.mx\/index.php\/wp-json\/wp\/v2\/posts\/11046\/revisions\/11051"}],"wp:featuredmedia":[{"embeddable":true,"href":"https:\/\/expressometro.mx\/index.php\/wp-json\/wp\/v2\/media\/11048"}],"wp:attachment":[{"href":"https:\/\/expressometro.mx\/index.php\/wp-json\/wp\/v2\/media?parent=11046"}],"wp:term":[{"taxonomy":"category","embeddable":true,"href":"https:\/\/expressometro.mx\/index.php\/wp-json\/wp\/v2\/categories?post=11046"},{"taxonomy":"post_tag","embeddable":true,"href":"https:\/\/expressometro.mx\/index.php\/wp-json\/wp\/v2\/tags?post=11046"}],"curies":[{"name":"wp","href":"https:\/\/api.w.org\/{rel}","templated":true}]}}