{"id":11035,"date":"2025-03-19T20:58:35","date_gmt":"2025-03-20T02:58:35","guid":{"rendered":"https:\/\/expressometro.mx\/?p=11035"},"modified":"2025-03-19T20:58:36","modified_gmt":"2025-03-20T02:58:36","slug":"comprometido-el-priismo-mexiquense-con-un-pais-mas-justo-y-unido","status":"publish","type":"post","link":"https:\/\/expressometro.mx\/index.php\/2025\/03\/19\/comprometido-el-priismo-mexiquense-con-un-pais-mas-justo-y-unido\/","title":{"rendered":"COMPROMETIDO EL PRIISMO MEXIQUENSE CON UN PA\u00cdS M\u00c1S JUSTO Y UNIDO"},"content":{"rendered":"\n<p>* Estamos llamados a buscar el di\u00e1logo y defender la democracia: Brenda Alvarado S\u00e1nchez.<\/p>\n\n\n\n<p>Al conmemorar el 40 aniversario luctuoso de Don Jes\u00fas Reyes Heroles, el priismo mexiquense reafirma su compromiso de honrar su memoria trabajando por un M\u00e9xico m\u00e1s justo, m\u00e1s democr\u00e1tico y m\u00e1s unido, afirm\u00f3 la Secretaria General del Comit\u00e9 Directivo Estatal (CDE), Brenda Alvarado S\u00e1nchez.<\/p>\n\n\n\n<p>En representaci\u00f3n de la Senadora Cristina Ruiz Sandoval, Presidenta del CDE del PRI, sostuvo que en un mundo cada vez m\u00e1s complejo y polarizado, las ideas del pensador pol\u00edtico y servidor p\u00fablico nos invitan a buscar el di\u00e1logo, a construir consensos y a defender los valores del liberalismo y la democracia.<\/p>\n\n\n\n<p>Hay que adaptarnos a los nuevos desaf\u00edos, pero conservando lo esencial del PRI como nuestros valores y nuestra identidad; \u201cno estamos cerrados al cambio, estamos dispuestos a hacer frente para resolver los retos de nuestro estado, para buscar un Estado de M\u00e9xico m\u00e1s pr\u00f3spero, m\u00e1s justo y soberano\u201d, puntualiz\u00f3.<\/p>\n\n\n\n<p>Al recordar con profundo respeto su legado de compromiso con la institucionalidad y el progreso de M\u00e9xico, el Presidente del Instituto Jes\u00fas Reyes Heroles del Estado de M\u00e9xico, An\u00edbal Gonz\u00e1lez Pedraza, dijo que en estos tiempos de incertidumbre, \u201cenfrentamos la tentaci\u00f3n de la imposici\u00f3n de un r\u00e9gimen autoritario que busca socavar los cimientos de nuestra democracia y vulnerar nuestros derechos\u201d.<\/p>\n\n\n\n<p>Ante esta amenaza estamos llamados a permanecer unidos y firmes en nuestra convicci\u00f3n de defender la democracia y el Estado de derecho del pa\u00eds y su Constituci\u00f3n, porque M\u00e9xico merece un futuro donde la seguridad no sea un privilegio sino un derecho, como lo ha se\u00f1alado nuestro dirigente nacional Alejandro Moreno, puntualiz\u00f3.<\/p>\n\n\n\n<p>Parafraseando a Reyes Heroles que dec\u00eda &#8220;la pol\u00edtica no es un espect\u00e1culo, es una forma de servicio&#8221;, dijo que desde el oficialismo se emprendi\u00f3 una campa\u00f1a de manipulaci\u00f3n para minimizar y victimizarse ante lo ocurrido en Teuchitl\u00e1n, Jalisco; por ello desde el PRI, \u201ccondenamos en\u00e9rgicamente cualquier acto de violencia y sufrimiento en nuestra historia\u201d.<\/p>\n","protected":false},"excerpt":{"rendered":"<p>Al conmemorar el 40 aniversario luctuoso de Don Jes\u00fas Reyes Heroles, el priismo mexiquense reafirma su compromiso de honrar su memoria trabajando por un M\u00e9xico m\u00e1s justo, m\u00e1s democr\u00e1tico y m\u00e1s unido, afirm\u00f3 la Secretaria General del Comit\u00e9 Directivo Estatal (CDE), Brenda Alvarado S\u00e1nchez.<\/p>\n","protected":false},"author":1,"featured_media":11037,"comment_status":"open","ping_status":"open","sticky":false,"template":"","format":"standard","meta":{"footnotes":""},"categories":[3,1,231],"tags":[2387,1982,158],"class_list":["post-11035","post","type-post","status-publish","format-standard","has-post-thumbnail","hentry","category-gobierno","category-otros","category-politica","tag-brenda-alvarado-sanchez","tag-edomex","tag-pri"],"yoast_head":"<!-- This site is optimized with the Yoast SEO plugin v27.5 - https:\/\/yoast.com\/product\/yoast-seo-wordpress\/ -->\n<title>COMPROMETIDO EL PRIISMO MEXIQUENSE CON UN PA\u00cdS M\u00c1S JUSTO Y UNIDO - Expresso Metropolitano<\/title>\n<meta name=\"robots\" content=\"index, follow, max-snippet:-1, max-image-preview:large, max-video-preview:-1\" \/>\n<link rel=\"canonical\" href=\"https:\/\/expressometro.mx\/index.php\/2025\/03\/19\/comprometido-el-priismo-mexiquense-con-un-pais-mas-justo-y-unido\/\" \/>\n<meta property=\"og:locale\" content=\"es_MX\" \/>\n<meta property=\"og:type\" content=\"article\" \/>\n<meta property=\"og:title\" content=\"COMPROMETIDO EL PRIISMO MEXIQUENSE CON UN PA\u00cdS M\u00c1S JUSTO Y UNIDO - Expresso Metropolitano\" \/>\n<meta property=\"og:description\" content=\"Al conmemorar el 40 aniversario luctuoso de Don Jes\u00fas Reyes Heroles, el priismo mexiquense reafirma su compromiso de honrar su memoria trabajando por un M\u00e9xico m\u00e1s justo, m\u00e1s democr\u00e1tico y m\u00e1s unido, afirm\u00f3 la Secretaria General del Comit\u00e9 Directivo Estatal (CDE), Brenda Alvarado S\u00e1nchez.\" \/>\n<meta property=\"og:url\" content=\"https:\/\/expressometro.mx\/index.php\/2025\/03\/19\/comprometido-el-priismo-mexiquense-con-un-pais-mas-justo-y-unido\/\" \/>\n<meta property=\"og:site_name\" content=\"Expresso Metropolitano\" \/>\n<meta property=\"article:published_time\" content=\"2025-03-20T02:58:35+00:00\" \/>\n<meta property=\"article:modified_time\" content=\"2025-03-20T02:58:36+00:00\" \/>\n<meta property=\"og:image\" content=\"http:\/\/expressometro.mx\/wp-content\/uploads\/2025\/03\/WhatsApp-Image-2025-03-19-at-7.58.01-PM.jpeg\" \/>\n\t<meta property=\"og:image:width\" content=\"954\" \/>\n\t<meta property=\"og:image:height\" content=\"1280\" \/>\n\t<meta property=\"og:image:type\" content=\"image\/jpeg\" \/>\n<meta name=\"author\" content=\"Expresso Metropolitano\" \/>\n<meta name=\"twitter:label1\" content=\"Escrito por\" \/>\n\t<meta name=\"twitter:data1\" content=\"Expresso Metropolitano\" \/>\n\t<meta name=\"twitter:label2\" content=\"Tiempo de lectura\" \/>\n\t<meta name=\"twitter:data2\" content=\"2 minutos\" \/>\n<script type=\"application\/ld+json\" class=\"yoast-schema-graph\">{\"@context\":\"https:\\\/\\\/schema.org\",\"@graph\":[{\"@type\":\"Article\",\"@id\":\"https:\\\/\\\/expressometro.mx\\\/index.php\\\/2025\\\/03\\\/19\\\/comprometido-el-priismo-mexiquense-con-un-pais-mas-justo-y-unido\\\/#article\",\"isPartOf\":{\"@id\":\"https:\\\/\\\/expressometro.mx\\\/index.php\\\/2025\\\/03\\\/19\\\/comprometido-el-priismo-mexiquense-con-un-pais-mas-justo-y-unido\\\/\"},\"author\":{\"name\":\"Expresso Metropolitano\",\"@id\":\"https:\\\/\\\/expressometro.mx\\\/#\\\/schema\\\/person\\\/efa971b4a0664db8ed5c22b1b0dd2f5d\"},\"headline\":\"COMPROMETIDO EL PRIISMO MEXIQUENSE CON UN PA\u00cdS M\u00c1S JUSTO Y UNIDO\",\"datePublished\":\"2025-03-20T02:58:35+00:00\",\"dateModified\":\"2025-03-20T02:58:36+00:00\",\"mainEntityOfPage\":{\"@id\":\"https:\\\/\\\/expressometro.mx\\\/index.php\\\/2025\\\/03\\\/19\\\/comprometido-el-priismo-mexiquense-con-un-pais-mas-justo-y-unido\\\/\"},\"wordCount\":374,\"commentCount\":0,\"publisher\":{\"@id\":\"https:\\\/\\\/expressometro.mx\\\/#organization\"},\"image\":{\"@id\":\"https:\\\/\\\/expressometro.mx\\\/index.php\\\/2025\\\/03\\\/19\\\/comprometido-el-priismo-mexiquense-con-un-pais-mas-justo-y-unido\\\/#primaryimage\"},\"thumbnailUrl\":\"https:\\\/\\\/expressometro.mx\\\/wp-content\\\/uploads\\\/2025\\\/03\\\/WhatsApp-Image-2025-03-19-at-7.58.01-PM.jpeg\",\"keywords\":[\"Brenda Alvarado S\u00e1nchez\",\"Edomex\",\"PRI\"],\"articleSection\":[\"Gobierno\",\"Otros\",\"Pol\u00edtica\"],\"inLanguage\":\"es\",\"potentialAction\":[{\"@type\":\"CommentAction\",\"name\":\"Comment\",\"target\":[\"https:\\\/\\\/expressometro.mx\\\/index.php\\\/2025\\\/03\\\/19\\\/comprometido-el-priismo-mexiquense-con-un-pais-mas-justo-y-unido\\\/#respond\"]}]},{\"@type\":\"WebPage\",\"@id\":\"https:\\\/\\\/expressometro.mx\\\/index.php\\\/2025\\\/03\\\/19\\\/comprometido-el-priismo-mexiquense-con-un-pais-mas-justo-y-unido\\\/\",\"url\":\"https:\\\/\\\/expressometro.mx\\\/index.php\\\/2025\\\/03\\\/19\\\/comprometido-el-priismo-mexiquense-con-un-pais-mas-justo-y-unido\\\/\",\"name\":\"COMPROMETIDO EL PRIISMO MEXIQUENSE CON UN PA\u00cdS M\u00c1S JUSTO Y UNIDO - Expresso Metropolitano\",\"isPartOf\":{\"@id\":\"https:\\\/\\\/expressometro.mx\\\/#website\"},\"primaryImageOfPage\":{\"@id\":\"https:\\\/\\\/expressometro.mx\\\/index.php\\\/2025\\\/03\\\/19\\\/comprometido-el-priismo-mexiquense-con-un-pais-mas-justo-y-unido\\\/#primaryimage\"},\"image\":{\"@id\":\"https:\\\/\\\/expressometro.mx\\\/index.php\\\/2025\\\/03\\\/19\\\/comprometido-el-priismo-mexiquense-con-un-pais-mas-justo-y-unido\\\/#primaryimage\"},\"thumbnailUrl\":\"https:\\\/\\\/expressometro.mx\\\/wp-content\\\/uploads\\\/2025\\\/03\\\/WhatsApp-Image-2025-03-19-at-7.58.01-PM.jpeg\",\"datePublished\":\"2025-03-20T02:58:35+00:00\",\"dateModified\":\"2025-03-20T02:58:36+00:00\",\"breadcrumb\":{\"@id\":\"https:\\\/\\\/expressometro.mx\\\/index.php\\\/2025\\\/03\\\/19\\\/comprometido-el-priismo-mexiquense-con-un-pais-mas-justo-y-unido\\\/#breadcrumb\"},\"inLanguage\":\"es\",\"potentialAction\":[{\"@type\":\"ReadAction\",\"target\":[\"https:\\\/\\\/expressometro.mx\\\/index.php\\\/2025\\\/03\\\/19\\\/comprometido-el-priismo-mexiquense-con-un-pais-mas-justo-y-unido\\\/\"]}]},{\"@type\":\"ImageObject\",\"inLanguage\":\"es\",\"@id\":\"https:\\\/\\\/expressometro.mx\\\/index.php\\\/2025\\\/03\\\/19\\\/comprometido-el-priismo-mexiquense-con-un-pais-mas-justo-y-unido\\\/#primaryimage\",\"url\":\"https:\\\/\\\/expressometro.mx\\\/wp-content\\\/uploads\\\/2025\\\/03\\\/WhatsApp-Image-2025-03-19-at-7.58.01-PM.jpeg\",\"contentUrl\":\"https:\\\/\\\/expressometro.mx\\\/wp-content\\\/uploads\\\/2025\\\/03\\\/WhatsApp-Image-2025-03-19-at-7.58.01-PM.jpeg\",\"width\":954,\"height\":1280},{\"@type\":\"BreadcrumbList\",\"@id\":\"https:\\\/\\\/expressometro.mx\\\/index.php\\\/2025\\\/03\\\/19\\\/comprometido-el-priismo-mexiquense-con-un-pais-mas-justo-y-unido\\\/#breadcrumb\",\"itemListElement\":[{\"@type\":\"ListItem\",\"position\":1,\"name\":\"Inicio\",\"item\":\"https:\\\/\\\/expressometro.mx\\\/\"},{\"@type\":\"ListItem\",\"position\":2,\"name\":\"COMPROMETIDO EL PRIISMO MEXIQUENSE CON UN PA\u00cdS M\u00c1S JUSTO Y UNIDO\"}]},{\"@type\":\"WebSite\",\"@id\":\"https:\\\/\\\/expressometro.mx\\\/#website\",\"url\":\"https:\\\/\\\/expressometro.mx\\\/\",\"name\":\"Expresso Metropolitano\",\"description\":\"Periodismo comprometido, informaci\u00f3n, investigaci\u00f3n y an\u00e1lisis\",\"publisher\":{\"@id\":\"https:\\\/\\\/expressometro.mx\\\/#organization\"},\"potentialAction\":[{\"@type\":\"SearchAction\",\"target\":{\"@type\":\"EntryPoint\",\"urlTemplate\":\"https:\\\/\\\/expressometro.mx\\\/?s={search_term_string}\"},\"query-input\":{\"@type\":\"PropertyValueSpecification\",\"valueRequired\":true,\"valueName\":\"search_term_string\"}}],\"inLanguage\":\"es\"},{\"@type\":\"Organization\",\"@id\":\"https:\\\/\\\/expressometro.mx\\\/#organization\",\"name\":\"Expresso Metropolitano\",\"url\":\"https:\\\/\\\/expressometro.mx\\\/\",\"logo\":{\"@type\":\"ImageObject\",\"inLanguage\":\"es\",\"@id\":\"https:\\\/\\\/expressometro.mx\\\/#\\\/schema\\\/logo\\\/image\\\/\",\"url\":\"https:\\\/\\\/expressometro.mx\\\/wp-content\\\/uploads\\\/2019\\\/07\\\/cropped-Logo-Expresso-Metropolitano-1-1.jpeg\",\"contentUrl\":\"https:\\\/\\\/expressometro.mx\\\/wp-content\\\/uploads\\\/2019\\\/07\\\/cropped-Logo-Expresso-Metropolitano-1-1.jpeg\",\"width\":290,\"height\":73,\"caption\":\"Expresso Metropolitano\"},\"image\":{\"@id\":\"https:\\\/\\\/expressometro.mx\\\/#\\\/schema\\\/logo\\\/image\\\/\"}},{\"@type\":\"Person\",\"@id\":\"https:\\\/\\\/expressometro.mx\\\/#\\\/schema\\\/person\\\/efa971b4a0664db8ed5c22b1b0dd2f5d\",\"name\":\"Expresso Metropolitano\",\"image\":{\"@type\":\"ImageObject\",\"inLanguage\":\"es\",\"@id\":\"https:\\\/\\\/secure.gravatar.com\\\/avatar\\\/a89f802b8de18c6952f223c88d3d106e9e3679839f4e25a02f4a6cc2ae6ba3b3?s=96&d=mm&r=g\",\"url\":\"https:\\\/\\\/secure.gravatar.com\\\/avatar\\\/a89f802b8de18c6952f223c88d3d106e9e3679839f4e25a02f4a6cc2ae6ba3b3?s=96&d=mm&r=g\",\"contentUrl\":\"https:\\\/\\\/secure.gravatar.com\\\/avatar\\\/a89f802b8de18c6952f223c88d3d106e9e3679839f4e25a02f4a6cc2ae6ba3b3?s=96&d=mm&r=g\",\"caption\":\"Expresso Metropolitano\"},\"url\":\"https:\\\/\\\/expressometro.mx\\\/index.php\\\/author\\\/diego\\\/\"}]}<\/script>\n<!-- \/ Yoast SEO plugin. -->","yoast_head_json":{"title":"COMPROMETIDO EL PRIISMO MEXIQUENSE CON UN PA\u00cdS M\u00c1S JUSTO Y UNIDO - Expresso Metropolitano","robots":{"index":"index","follow":"follow","max-snippet":"max-snippet:-1","max-image-preview":"max-image-preview:large","max-video-preview":"max-video-preview:-1"},"canonical":"https:\/\/expressometro.mx\/index.php\/2025\/03\/19\/comprometido-el-priismo-mexiquense-con-un-pais-mas-justo-y-unido\/","og_locale":"es_MX","og_type":"article","og_title":"COMPROMETIDO EL PRIISMO MEXIQUENSE CON UN PA\u00cdS M\u00c1S JUSTO Y UNIDO - Expresso Metropolitano","og_description":"Al conmemorar el 40 aniversario luctuoso de Don Jes\u00fas Reyes Heroles, el priismo mexiquense reafirma su compromiso de honrar su memoria trabajando por un M\u00e9xico m\u00e1s justo, m\u00e1s democr\u00e1tico y m\u00e1s unido, afirm\u00f3 la Secretaria General del Comit\u00e9 Directivo Estatal (CDE), Brenda Alvarado S\u00e1nchez.","og_url":"https:\/\/expressometro.mx\/index.php\/2025\/03\/19\/comprometido-el-priismo-mexiquense-con-un-pais-mas-justo-y-unido\/","og_site_name":"Expresso Metropolitano","article_published_time":"2025-03-20T02:58:35+00:00","article_modified_time":"2025-03-20T02:58:36+00:00","og_image":[{"width":954,"height":1280,"url":"http:\/\/expressometro.mx\/wp-content\/uploads\/2025\/03\/WhatsApp-Image-2025-03-19-at-7.58.01-PM.jpeg","type":"image\/jpeg"}],"author":"Expresso Metropolitano","twitter_misc":{"Escrito por":"Expresso Metropolitano","Tiempo de lectura":"2 minutos"},"schema":{"@context":"https:\/\/schema.org","@graph":[{"@type":"Article","@id":"https:\/\/expressometro.mx\/index.php\/2025\/03\/19\/comprometido-el-priismo-mexiquense-con-un-pais-mas-justo-y-unido\/#article","isPartOf":{"@id":"https:\/\/expressometro.mx\/index.php\/2025\/03\/19\/comprometido-el-priismo-mexiquense-con-un-pais-mas-justo-y-unido\/"},"author":{"name":"Expresso Metropolitano","@id":"https:\/\/expressometro.mx\/#\/schema\/person\/efa971b4a0664db8ed5c22b1b0dd2f5d"},"headline":"COMPROMETIDO EL PRIISMO MEXIQUENSE CON UN PA\u00cdS M\u00c1S JUSTO Y UNIDO","datePublished":"2025-03-20T02:58:35+00:00","dateModified":"2025-03-20T02:58:36+00:00","mainEntityOfPage":{"@id":"https:\/\/expressometro.mx\/index.php\/2025\/03\/19\/comprometido-el-priismo-mexiquense-con-un-pais-mas-justo-y-unido\/"},"wordCount":374,"commentCount":0,"publisher":{"@id":"https:\/\/expressometro.mx\/#organization"},"image":{"@id":"https:\/\/expressometro.mx\/index.php\/2025\/03\/19\/comprometido-el-priismo-mexiquense-con-un-pais-mas-justo-y-unido\/#primaryimage"},"thumbnailUrl":"https:\/\/expressometro.mx\/wp-content\/uploads\/2025\/03\/WhatsApp-Image-2025-03-19-at-7.58.01-PM.jpeg","keywords":["Brenda Alvarado S\u00e1nchez","Edomex","PRI"],"articleSection":["Gobierno","Otros","Pol\u00edtica"],"inLanguage":"es","potentialAction":[{"@type":"CommentAction","name":"Comment","target":["https:\/\/expressometro.mx\/index.php\/2025\/03\/19\/comprometido-el-priismo-mexiquense-con-un-pais-mas-justo-y-unido\/#respond"]}]},{"@type":"WebPage","@id":"https:\/\/expressometro.mx\/index.php\/2025\/03\/19\/comprometido-el-priismo-mexiquense-con-un-pais-mas-justo-y-unido\/","url":"https:\/\/expressometro.mx\/index.php\/2025\/03\/19\/comprometido-el-priismo-mexiquense-con-un-pais-mas-justo-y-unido\/","name":"COMPROMETIDO EL PRIISMO MEXIQUENSE CON UN PA\u00cdS M\u00c1S JUSTO Y UNIDO - Expresso Metropolitano","isPartOf":{"@id":"https:\/\/expressometro.mx\/#website"},"primaryImageOfPage":{"@id":"https:\/\/expressometro.mx\/index.php\/2025\/03\/19\/comprometido-el-priismo-mexiquense-con-un-pais-mas-justo-y-unido\/#primaryimage"},"image":{"@id":"https:\/\/expressometro.mx\/index.php\/2025\/03\/19\/comprometido-el-priismo-mexiquense-con-un-pais-mas-justo-y-unido\/#primaryimage"},"thumbnailUrl":"https:\/\/expressometro.mx\/wp-content\/uploads\/2025\/03\/WhatsApp-Image-2025-03-19-at-7.58.01-PM.jpeg","datePublished":"2025-03-20T02:58:35+00:00","dateModified":"2025-03-20T02:58:36+00:00","breadcrumb":{"@id":"https:\/\/expressometro.mx\/index.php\/2025\/03\/19\/comprometido-el-priismo-mexiquense-con-un-pais-mas-justo-y-unido\/#breadcrumb"},"inLanguage":"es","potentialAction":[{"@type":"ReadAction","target":["https:\/\/expressometro.mx\/index.php\/2025\/03\/19\/comprometido-el-priismo-mexiquense-con-un-pais-mas-justo-y-unido\/"]}]},{"@type":"ImageObject","inLanguage":"es","@id":"https:\/\/expressometro.mx\/index.php\/2025\/03\/19\/comprometido-el-priismo-mexiquense-con-un-pais-mas-justo-y-unido\/#primaryimage","url":"https:\/\/expressometro.mx\/wp-content\/uploads\/2025\/03\/WhatsApp-Image-2025-03-19-at-7.58.01-PM.jpeg","contentUrl":"https:\/\/expressometro.mx\/wp-content\/uploads\/2025\/03\/WhatsApp-Image-2025-03-19-at-7.58.01-PM.jpeg","width":954,"height":1280},{"@type":"BreadcrumbList","@id":"https:\/\/expressometro.mx\/index.php\/2025\/03\/19\/comprometido-el-priismo-mexiquense-con-un-pais-mas-justo-y-unido\/#breadcrumb","itemListElement":[{"@type":"ListItem","position":1,"name":"Inicio","item":"https:\/\/expressometro.mx\/"},{"@type":"ListItem","position":2,"name":"COMPROMETIDO EL PRIISMO MEXIQUENSE CON UN PA\u00cdS M\u00c1S JUSTO Y UNIDO"}]},{"@type":"WebSite","@id":"https:\/\/expressometro.mx\/#website","url":"https:\/\/expressometro.mx\/","name":"Expresso Metropolitano","description":"Periodismo comprometido, informaci\u00f3n, investigaci\u00f3n y an\u00e1lisis","publisher":{"@id":"https:\/\/expressometro.mx\/#organization"},"potentialAction":[{"@type":"SearchAction","target":{"@type":"EntryPoint","urlTemplate":"https:\/\/expressometro.mx\/?s={search_term_string}"},"query-input":{"@type":"PropertyValueSpecification","valueRequired":true,"valueName":"search_term_string"}}],"inLanguage":"es"},{"@type":"Organization","@id":"https:\/\/expressometro.mx\/#organization","name":"Expresso Metropolitano","url":"https:\/\/expressometro.mx\/","logo":{"@type":"ImageObject","inLanguage":"es","@id":"https:\/\/expressometro.mx\/#\/schema\/logo\/image\/","url":"https:\/\/expressometro.mx\/wp-content\/uploads\/2019\/07\/cropped-Logo-Expresso-Metropolitano-1-1.jpeg","contentUrl":"https:\/\/expressometro.mx\/wp-content\/uploads\/2019\/07\/cropped-Logo-Expresso-Metropolitano-1-1.jpeg","width":290,"height":73,"caption":"Expresso Metropolitano"},"image":{"@id":"https:\/\/expressometro.mx\/#\/schema\/logo\/image\/"}},{"@type":"Person","@id":"https:\/\/expressometro.mx\/#\/schema\/person\/efa971b4a0664db8ed5c22b1b0dd2f5d","name":"Expresso Metropolitano","image":{"@type":"ImageObject","inLanguage":"es","@id":"https:\/\/secure.gravatar.com\/avatar\/a89f802b8de18c6952f223c88d3d106e9e3679839f4e25a02f4a6cc2ae6ba3b3?s=96&d=mm&r=g","url":"https:\/\/secure.gravatar.com\/avatar\/a89f802b8de18c6952f223c88d3d106e9e3679839f4e25a02f4a6cc2ae6ba3b3?s=96&d=mm&r=g","contentUrl":"https:\/\/secure.gravatar.com\/avatar\/a89f802b8de18c6952f223c88d3d106e9e3679839f4e25a02f4a6cc2ae6ba3b3?s=96&d=mm&r=g","caption":"Expresso Metropolitano"},"url":"https:\/\/expressometro.mx\/index.php\/author\/diego\/"}]}},"amp_enabled":true,"_links":{"self":[{"href":"https:\/\/expressometro.mx\/index.php\/wp-json\/wp\/v2\/posts\/11035","targetHints":{"allow":["GET"]}}],"collection":[{"href":"https:\/\/expressometro.mx\/index.php\/wp-json\/wp\/v2\/posts"}],"about":[{"href":"https:\/\/expressometro.mx\/index.php\/wp-json\/wp\/v2\/types\/post"}],"author":[{"embeddable":true,"href":"https:\/\/expressometro.mx\/index.php\/wp-json\/wp\/v2\/users\/1"}],"replies":[{"embeddable":true,"href":"https:\/\/expressometro.mx\/index.php\/wp-json\/wp\/v2\/comments?post=11035"}],"version-history":[{"count":1,"href":"https:\/\/expressometro.mx\/index.php\/wp-json\/wp\/v2\/posts\/11035\/revisions"}],"predecessor-version":[{"id":11038,"href":"https:\/\/expressometro.mx\/index.php\/wp-json\/wp\/v2\/posts\/11035\/revisions\/11038"}],"wp:featuredmedia":[{"embeddable":true,"href":"https:\/\/expressometro.mx\/index.php\/wp-json\/wp\/v2\/media\/11037"}],"wp:attachment":[{"href":"https:\/\/expressometro.mx\/index.php\/wp-json\/wp\/v2\/media?parent=11035"}],"wp:term":[{"taxonomy":"category","embeddable":true,"href":"https:\/\/expressometro.mx\/index.php\/wp-json\/wp\/v2\/categories?post=11035"},{"taxonomy":"post_tag","embeddable":true,"href":"https:\/\/expressometro.mx\/index.php\/wp-json\/wp\/v2\/tags?post=11035"}],"curies":[{"name":"wp","href":"https:\/\/api.w.org\/{rel}","templated":true}]}}