{"id":1101,"date":"2020-01-04T12:54:36","date_gmt":"2020-01-04T18:54:36","guid":{"rendered":"http:\/\/expressometro.mx\/?p=1101"},"modified":"2020-01-15T12:55:27","modified_gmt":"2020-01-15T18:55:27","slug":"emite-salud-consejos-para-evitar-males-respiratorios-en-regreso-de-vacaciones","status":"publish","type":"post","link":"https:\/\/expressometro.mx\/index.php\/2020\/01\/04\/emite-salud-consejos-para-evitar-males-respiratorios-en-regreso-de-vacaciones\/","title":{"rendered":"EMITE SALUD CONSEJOS PARA EVITAR MALES RESPIRATORIOS EN REGRESO DE VACACIONES"},"content":{"rendered":"\n<p>Con motivo de la temporada invernal y el pr\u00f3ximo regreso a clases, la Secretar\u00eda de Salud del Estado de M\u00e9xico, exhorta a los padres de familia a tomar medidas b\u00e1sicas de prevenci\u00f3n, a fin de evitar que sus hijos presenten alguna enfermedad respiratoria.<\/p>\n\n\n\n<p>Entre las recomendaciones est\u00e1n abrigarlos bien antes de salir de casa y privilegiar el uso de bufanda para reducir la entrada de aire fr\u00edo a los pulmones, as\u00ed como mantenerlos bien hidratados e incluir en su dieta diaria frutos amarillos, pues son ricos en vitaminas A y C que ayudan a fortalecer las defensas.<\/p>\n\n\n\n<p>De igual manera, pide a los padres acudir a la unidad m\u00e9dica m\u00e1s cercana y vacunar contra la influenza a los ni\u00f1os menores de cinco a\u00f1os de edad, ya que son considerados como grupo de riesgo.<\/p>\n\n\n\n<p>Adicionalmente, aconseja retomar su rutina de sue\u00f1o para que puedan dormir entre ocho y 10 horas, lo cual elevar\u00e1 su rendimiento escolar.<\/p>\n\n\n\n<p>Asimismo, es importante un desayuno balanceado que incluya l\u00e1cteos, cereales y prote\u00ednas, alimentos que les proporcionan la energ\u00eda necesaria para sus actividades.<\/p>\n\n\n\n<p>En caso de cualquier malestar como escurrimiento nasal, tos, estornudos, fiebre y malestar general, exhorta a evitar la automedicaci\u00f3n y acudir al Centro de Salud para recibir atenci\u00f3n y tratamiento oportuno.<\/p>\n\n\n\n<ul class=\"wp-block-list\"><li><\/li><\/ul>\n","protected":false},"excerpt":{"rendered":"<p>Con motivo de la temporada invernal y el pr\u00f3ximo regreso a clases, la Secretar\u00eda de Salud del Estado de M\u00e9xico, exhorta a los padres de familia a tomar medidas b\u00e1sicas de prevenci\u00f3n, a fin de evitar que sus hijos presenten alguna enfermedad respiratoria. Entre las recomendaciones est\u00e1n abrigarlos bien antes de salir de casa y privilegiar el uso de bufanda para reducir la entrada de aire fr\u00edo a los pulmones, as\u00ed como mantenerlos bien hidratados e incluir en su dieta diaria frutos amarillos, pues son ricos en vitaminas A y&hellip;<\/p>\n","protected":false},"author":1,"featured_media":1102,"comment_status":"open","ping_status":"open","sticky":false,"template":"","format":"standard","meta":{"footnotes":""},"categories":[3,5],"tags":[],"class_list":["post-1101","post","type-post","status-publish","format-standard","has-post-thumbnail","hentry","category-gobierno","category-salud"],"yoast_head":"<!-- This site is optimized with the Yoast SEO plugin v27.5 - https:\/\/yoast.com\/product\/yoast-seo-wordpress\/ -->\n<title>EMITE SALUD CONSEJOS PARA EVITAR MALES RESPIRATORIOS EN REGRESO DE VACACIONES - Expresso Metropolitano<\/title>\n<meta name=\"robots\" content=\"index, follow, max-snippet:-1, max-image-preview:large, max-video-preview:-1\" \/>\n<link rel=\"canonical\" href=\"https:\/\/expressometro.mx\/index.php\/2020\/01\/04\/emite-salud-consejos-para-evitar-males-respiratorios-en-regreso-de-vacaciones\/\" \/>\n<meta property=\"og:locale\" content=\"es_MX\" \/>\n<meta property=\"og:type\" content=\"article\" \/>\n<meta property=\"og:title\" content=\"EMITE SALUD CONSEJOS PARA EVITAR MALES RESPIRATORIOS EN REGRESO DE VACACIONES - Expresso Metropolitano\" \/>\n<meta property=\"og:description\" content=\"Con motivo de la temporada invernal y el pr\u00f3ximo regreso a clases, la Secretar\u00eda de Salud del Estado de M\u00e9xico, exhorta a los padres de familia a tomar medidas b\u00e1sicas de prevenci\u00f3n, a fin de evitar que sus hijos presenten alguna enfermedad respiratoria. Entre las recomendaciones est\u00e1n abrigarlos bien antes de salir de casa y privilegiar el uso de bufanda para reducir la entrada de aire fr\u00edo a los pulmones, as\u00ed como mantenerlos bien hidratados e incluir en su dieta diaria frutos amarillos, pues son ricos en vitaminas A y&hellip;\" \/>\n<meta property=\"og:url\" content=\"https:\/\/expressometro.mx\/index.php\/2020\/01\/04\/emite-salud-consejos-para-evitar-males-respiratorios-en-regreso-de-vacaciones\/\" \/>\n<meta property=\"og:site_name\" content=\"Expresso Metropolitano\" \/>\n<meta property=\"article:published_time\" content=\"2020-01-04T18:54:36+00:00\" \/>\n<meta property=\"article:modified_time\" content=\"2020-01-15T18:55:27+00:00\" \/>\n<meta property=\"og:image\" content=\"https:\/\/expressometro.mx\/wp-content\/uploads\/2020\/01\/w2_11514_1.jpg\" \/>\n\t<meta property=\"og:image:width\" content=\"1368\" \/>\n\t<meta property=\"og:image:height\" content=\"1289\" \/>\n\t<meta property=\"og:image:type\" content=\"image\/jpeg\" \/>\n<meta name=\"author\" content=\"Expresso Metropolitano\" \/>\n<meta name=\"twitter:label1\" content=\"Escrito por\" \/>\n\t<meta name=\"twitter:data1\" content=\"Expresso Metropolitano\" \/>\n\t<meta name=\"twitter:label2\" content=\"Tiempo de lectura\" \/>\n\t<meta name=\"twitter:data2\" content=\"1 minuto\" \/>\n<script type=\"application\/ld+json\" class=\"yoast-schema-graph\">{\"@context\":\"https:\\\/\\\/schema.org\",\"@graph\":[{\"@type\":\"Article\",\"@id\":\"https:\\\/\\\/expressometro.mx\\\/index.php\\\/2020\\\/01\\\/04\\\/emite-salud-consejos-para-evitar-males-respiratorios-en-regreso-de-vacaciones\\\/#article\",\"isPartOf\":{\"@id\":\"https:\\\/\\\/expressometro.mx\\\/index.php\\\/2020\\\/01\\\/04\\\/emite-salud-consejos-para-evitar-males-respiratorios-en-regreso-de-vacaciones\\\/\"},\"author\":{\"name\":\"Expresso Metropolitano\",\"@id\":\"https:\\\/\\\/expressometro.mx\\\/#\\\/schema\\\/person\\\/efa971b4a0664db8ed5c22b1b0dd2f5d\"},\"headline\":\"EMITE SALUD CONSEJOS PARA EVITAR MALES RESPIRATORIOS EN REGRESO DE VACACIONES\",\"datePublished\":\"2020-01-04T18:54:36+00:00\",\"dateModified\":\"2020-01-15T18:55:27+00:00\",\"mainEntityOfPage\":{\"@id\":\"https:\\\/\\\/expressometro.mx\\\/index.php\\\/2020\\\/01\\\/04\\\/emite-salud-consejos-para-evitar-males-respiratorios-en-regreso-de-vacaciones\\\/\"},\"wordCount\":235,\"commentCount\":0,\"publisher\":{\"@id\":\"https:\\\/\\\/expressometro.mx\\\/#organization\"},\"image\":{\"@id\":\"https:\\\/\\\/expressometro.mx\\\/index.php\\\/2020\\\/01\\\/04\\\/emite-salud-consejos-para-evitar-males-respiratorios-en-regreso-de-vacaciones\\\/#primaryimage\"},\"thumbnailUrl\":\"https:\\\/\\\/expressometro.mx\\\/wp-content\\\/uploads\\\/2020\\\/01\\\/w2_11514_1.jpg\",\"articleSection\":[\"Gobierno\",\"Salud\"],\"inLanguage\":\"es\",\"potentialAction\":[{\"@type\":\"CommentAction\",\"name\":\"Comment\",\"target\":[\"https:\\\/\\\/expressometro.mx\\\/index.php\\\/2020\\\/01\\\/04\\\/emite-salud-consejos-para-evitar-males-respiratorios-en-regreso-de-vacaciones\\\/#respond\"]}]},{\"@type\":\"WebPage\",\"@id\":\"https:\\\/\\\/expressometro.mx\\\/index.php\\\/2020\\\/01\\\/04\\\/emite-salud-consejos-para-evitar-males-respiratorios-en-regreso-de-vacaciones\\\/\",\"url\":\"https:\\\/\\\/expressometro.mx\\\/index.php\\\/2020\\\/01\\\/04\\\/emite-salud-consejos-para-evitar-males-respiratorios-en-regreso-de-vacaciones\\\/\",\"name\":\"EMITE SALUD CONSEJOS PARA EVITAR MALES RESPIRATORIOS EN REGRESO DE VACACIONES - Expresso Metropolitano\",\"isPartOf\":{\"@id\":\"https:\\\/\\\/expressometro.mx\\\/#website\"},\"primaryImageOfPage\":{\"@id\":\"https:\\\/\\\/expressometro.mx\\\/index.php\\\/2020\\\/01\\\/04\\\/emite-salud-consejos-para-evitar-males-respiratorios-en-regreso-de-vacaciones\\\/#primaryimage\"},\"image\":{\"@id\":\"https:\\\/\\\/expressometro.mx\\\/index.php\\\/2020\\\/01\\\/04\\\/emite-salud-consejos-para-evitar-males-respiratorios-en-regreso-de-vacaciones\\\/#primaryimage\"},\"thumbnailUrl\":\"https:\\\/\\\/expressometro.mx\\\/wp-content\\\/uploads\\\/2020\\\/01\\\/w2_11514_1.jpg\",\"datePublished\":\"2020-01-04T18:54:36+00:00\",\"dateModified\":\"2020-01-15T18:55:27+00:00\",\"breadcrumb\":{\"@id\":\"https:\\\/\\\/expressometro.mx\\\/index.php\\\/2020\\\/01\\\/04\\\/emite-salud-consejos-para-evitar-males-respiratorios-en-regreso-de-vacaciones\\\/#breadcrumb\"},\"inLanguage\":\"es\",\"potentialAction\":[{\"@type\":\"ReadAction\",\"target\":[\"https:\\\/\\\/expressometro.mx\\\/index.php\\\/2020\\\/01\\\/04\\\/emite-salud-consejos-para-evitar-males-respiratorios-en-regreso-de-vacaciones\\\/\"]}]},{\"@type\":\"ImageObject\",\"inLanguage\":\"es\",\"@id\":\"https:\\\/\\\/expressometro.mx\\\/index.php\\\/2020\\\/01\\\/04\\\/emite-salud-consejos-para-evitar-males-respiratorios-en-regreso-de-vacaciones\\\/#primaryimage\",\"url\":\"https:\\\/\\\/expressometro.mx\\\/wp-content\\\/uploads\\\/2020\\\/01\\\/w2_11514_1.jpg\",\"contentUrl\":\"https:\\\/\\\/expressometro.mx\\\/wp-content\\\/uploads\\\/2020\\\/01\\\/w2_11514_1.jpg\",\"width\":1368,\"height\":1289},{\"@type\":\"BreadcrumbList\",\"@id\":\"https:\\\/\\\/expressometro.mx\\\/index.php\\\/2020\\\/01\\\/04\\\/emite-salud-consejos-para-evitar-males-respiratorios-en-regreso-de-vacaciones\\\/#breadcrumb\",\"itemListElement\":[{\"@type\":\"ListItem\",\"position\":1,\"name\":\"Inicio\",\"item\":\"https:\\\/\\\/expressometro.mx\\\/\"},{\"@type\":\"ListItem\",\"position\":2,\"name\":\"EMITE SALUD CONSEJOS PARA EVITAR MALES RESPIRATORIOS EN REGRESO DE VACACIONES\"}]},{\"@type\":\"WebSite\",\"@id\":\"https:\\\/\\\/expressometro.mx\\\/#website\",\"url\":\"https:\\\/\\\/expressometro.mx\\\/\",\"name\":\"Expresso Metropolitano\",\"description\":\"Periodismo comprometido, informaci\u00f3n, investigaci\u00f3n y an\u00e1lisis\",\"publisher\":{\"@id\":\"https:\\\/\\\/expressometro.mx\\\/#organization\"},\"potentialAction\":[{\"@type\":\"SearchAction\",\"target\":{\"@type\":\"EntryPoint\",\"urlTemplate\":\"https:\\\/\\\/expressometro.mx\\\/?s={search_term_string}\"},\"query-input\":{\"@type\":\"PropertyValueSpecification\",\"valueRequired\":true,\"valueName\":\"search_term_string\"}}],\"inLanguage\":\"es\"},{\"@type\":\"Organization\",\"@id\":\"https:\\\/\\\/expressometro.mx\\\/#organization\",\"name\":\"Expresso Metropolitano\",\"url\":\"https:\\\/\\\/expressometro.mx\\\/\",\"logo\":{\"@type\":\"ImageObject\",\"inLanguage\":\"es\",\"@id\":\"https:\\\/\\\/expressometro.mx\\\/#\\\/schema\\\/logo\\\/image\\\/\",\"url\":\"https:\\\/\\\/expressometro.mx\\\/wp-content\\\/uploads\\\/2019\\\/07\\\/cropped-Logo-Expresso-Metropolitano-1-1.jpeg\",\"contentUrl\":\"https:\\\/\\\/expressometro.mx\\\/wp-content\\\/uploads\\\/2019\\\/07\\\/cropped-Logo-Expresso-Metropolitano-1-1.jpeg\",\"width\":290,\"height\":73,\"caption\":\"Expresso Metropolitano\"},\"image\":{\"@id\":\"https:\\\/\\\/expressometro.mx\\\/#\\\/schema\\\/logo\\\/image\\\/\"}},{\"@type\":\"Person\",\"@id\":\"https:\\\/\\\/expressometro.mx\\\/#\\\/schema\\\/person\\\/efa971b4a0664db8ed5c22b1b0dd2f5d\",\"name\":\"Expresso Metropolitano\",\"image\":{\"@type\":\"ImageObject\",\"inLanguage\":\"es\",\"@id\":\"https:\\\/\\\/secure.gravatar.com\\\/avatar\\\/a89f802b8de18c6952f223c88d3d106e9e3679839f4e25a02f4a6cc2ae6ba3b3?s=96&d=mm&r=g\",\"url\":\"https:\\\/\\\/secure.gravatar.com\\\/avatar\\\/a89f802b8de18c6952f223c88d3d106e9e3679839f4e25a02f4a6cc2ae6ba3b3?s=96&d=mm&r=g\",\"contentUrl\":\"https:\\\/\\\/secure.gravatar.com\\\/avatar\\\/a89f802b8de18c6952f223c88d3d106e9e3679839f4e25a02f4a6cc2ae6ba3b3?s=96&d=mm&r=g\",\"caption\":\"Expresso Metropolitano\"},\"url\":\"https:\\\/\\\/expressometro.mx\\\/index.php\\\/author\\\/diego\\\/\"}]}<\/script>\n<!-- \/ Yoast SEO plugin. -->","yoast_head_json":{"title":"EMITE SALUD CONSEJOS PARA EVITAR MALES RESPIRATORIOS EN REGRESO DE VACACIONES - Expresso Metropolitano","robots":{"index":"index","follow":"follow","max-snippet":"max-snippet:-1","max-image-preview":"max-image-preview:large","max-video-preview":"max-video-preview:-1"},"canonical":"https:\/\/expressometro.mx\/index.php\/2020\/01\/04\/emite-salud-consejos-para-evitar-males-respiratorios-en-regreso-de-vacaciones\/","og_locale":"es_MX","og_type":"article","og_title":"EMITE SALUD CONSEJOS PARA EVITAR MALES RESPIRATORIOS EN REGRESO DE VACACIONES - Expresso Metropolitano","og_description":"Con motivo de la temporada invernal y el pr\u00f3ximo regreso a clases, la Secretar\u00eda de Salud del Estado de M\u00e9xico, exhorta a los padres de familia a tomar medidas b\u00e1sicas de prevenci\u00f3n, a fin de evitar que sus hijos presenten alguna enfermedad respiratoria. Entre las recomendaciones est\u00e1n abrigarlos bien antes de salir de casa y privilegiar el uso de bufanda para reducir la entrada de aire fr\u00edo a los pulmones, as\u00ed como mantenerlos bien hidratados e incluir en su dieta diaria frutos amarillos, pues son ricos en vitaminas A y&hellip;","og_url":"https:\/\/expressometro.mx\/index.php\/2020\/01\/04\/emite-salud-consejos-para-evitar-males-respiratorios-en-regreso-de-vacaciones\/","og_site_name":"Expresso Metropolitano","article_published_time":"2020-01-04T18:54:36+00:00","article_modified_time":"2020-01-15T18:55:27+00:00","og_image":[{"width":1368,"height":1289,"url":"https:\/\/expressometro.mx\/wp-content\/uploads\/2020\/01\/w2_11514_1.jpg","type":"image\/jpeg"}],"author":"Expresso Metropolitano","twitter_misc":{"Escrito por":"Expresso Metropolitano","Tiempo de lectura":"1 minuto"},"schema":{"@context":"https:\/\/schema.org","@graph":[{"@type":"Article","@id":"https:\/\/expressometro.mx\/index.php\/2020\/01\/04\/emite-salud-consejos-para-evitar-males-respiratorios-en-regreso-de-vacaciones\/#article","isPartOf":{"@id":"https:\/\/expressometro.mx\/index.php\/2020\/01\/04\/emite-salud-consejos-para-evitar-males-respiratorios-en-regreso-de-vacaciones\/"},"author":{"name":"Expresso Metropolitano","@id":"https:\/\/expressometro.mx\/#\/schema\/person\/efa971b4a0664db8ed5c22b1b0dd2f5d"},"headline":"EMITE SALUD CONSEJOS PARA EVITAR MALES RESPIRATORIOS EN REGRESO DE VACACIONES","datePublished":"2020-01-04T18:54:36+00:00","dateModified":"2020-01-15T18:55:27+00:00","mainEntityOfPage":{"@id":"https:\/\/expressometro.mx\/index.php\/2020\/01\/04\/emite-salud-consejos-para-evitar-males-respiratorios-en-regreso-de-vacaciones\/"},"wordCount":235,"commentCount":0,"publisher":{"@id":"https:\/\/expressometro.mx\/#organization"},"image":{"@id":"https:\/\/expressometro.mx\/index.php\/2020\/01\/04\/emite-salud-consejos-para-evitar-males-respiratorios-en-regreso-de-vacaciones\/#primaryimage"},"thumbnailUrl":"https:\/\/expressometro.mx\/wp-content\/uploads\/2020\/01\/w2_11514_1.jpg","articleSection":["Gobierno","Salud"],"inLanguage":"es","potentialAction":[{"@type":"CommentAction","name":"Comment","target":["https:\/\/expressometro.mx\/index.php\/2020\/01\/04\/emite-salud-consejos-para-evitar-males-respiratorios-en-regreso-de-vacaciones\/#respond"]}]},{"@type":"WebPage","@id":"https:\/\/expressometro.mx\/index.php\/2020\/01\/04\/emite-salud-consejos-para-evitar-males-respiratorios-en-regreso-de-vacaciones\/","url":"https:\/\/expressometro.mx\/index.php\/2020\/01\/04\/emite-salud-consejos-para-evitar-males-respiratorios-en-regreso-de-vacaciones\/","name":"EMITE SALUD CONSEJOS PARA EVITAR MALES RESPIRATORIOS EN REGRESO DE VACACIONES - Expresso Metropolitano","isPartOf":{"@id":"https:\/\/expressometro.mx\/#website"},"primaryImageOfPage":{"@id":"https:\/\/expressometro.mx\/index.php\/2020\/01\/04\/emite-salud-consejos-para-evitar-males-respiratorios-en-regreso-de-vacaciones\/#primaryimage"},"image":{"@id":"https:\/\/expressometro.mx\/index.php\/2020\/01\/04\/emite-salud-consejos-para-evitar-males-respiratorios-en-regreso-de-vacaciones\/#primaryimage"},"thumbnailUrl":"https:\/\/expressometro.mx\/wp-content\/uploads\/2020\/01\/w2_11514_1.jpg","datePublished":"2020-01-04T18:54:36+00:00","dateModified":"2020-01-15T18:55:27+00:00","breadcrumb":{"@id":"https:\/\/expressometro.mx\/index.php\/2020\/01\/04\/emite-salud-consejos-para-evitar-males-respiratorios-en-regreso-de-vacaciones\/#breadcrumb"},"inLanguage":"es","potentialAction":[{"@type":"ReadAction","target":["https:\/\/expressometro.mx\/index.php\/2020\/01\/04\/emite-salud-consejos-para-evitar-males-respiratorios-en-regreso-de-vacaciones\/"]}]},{"@type":"ImageObject","inLanguage":"es","@id":"https:\/\/expressometro.mx\/index.php\/2020\/01\/04\/emite-salud-consejos-para-evitar-males-respiratorios-en-regreso-de-vacaciones\/#primaryimage","url":"https:\/\/expressometro.mx\/wp-content\/uploads\/2020\/01\/w2_11514_1.jpg","contentUrl":"https:\/\/expressometro.mx\/wp-content\/uploads\/2020\/01\/w2_11514_1.jpg","width":1368,"height":1289},{"@type":"BreadcrumbList","@id":"https:\/\/expressometro.mx\/index.php\/2020\/01\/04\/emite-salud-consejos-para-evitar-males-respiratorios-en-regreso-de-vacaciones\/#breadcrumb","itemListElement":[{"@type":"ListItem","position":1,"name":"Inicio","item":"https:\/\/expressometro.mx\/"},{"@type":"ListItem","position":2,"name":"EMITE SALUD CONSEJOS PARA EVITAR MALES RESPIRATORIOS EN REGRESO DE VACACIONES"}]},{"@type":"WebSite","@id":"https:\/\/expressometro.mx\/#website","url":"https:\/\/expressometro.mx\/","name":"Expresso Metropolitano","description":"Periodismo comprometido, informaci\u00f3n, investigaci\u00f3n y an\u00e1lisis","publisher":{"@id":"https:\/\/expressometro.mx\/#organization"},"potentialAction":[{"@type":"SearchAction","target":{"@type":"EntryPoint","urlTemplate":"https:\/\/expressometro.mx\/?s={search_term_string}"},"query-input":{"@type":"PropertyValueSpecification","valueRequired":true,"valueName":"search_term_string"}}],"inLanguage":"es"},{"@type":"Organization","@id":"https:\/\/expressometro.mx\/#organization","name":"Expresso Metropolitano","url":"https:\/\/expressometro.mx\/","logo":{"@type":"ImageObject","inLanguage":"es","@id":"https:\/\/expressometro.mx\/#\/schema\/logo\/image\/","url":"https:\/\/expressometro.mx\/wp-content\/uploads\/2019\/07\/cropped-Logo-Expresso-Metropolitano-1-1.jpeg","contentUrl":"https:\/\/expressometro.mx\/wp-content\/uploads\/2019\/07\/cropped-Logo-Expresso-Metropolitano-1-1.jpeg","width":290,"height":73,"caption":"Expresso Metropolitano"},"image":{"@id":"https:\/\/expressometro.mx\/#\/schema\/logo\/image\/"}},{"@type":"Person","@id":"https:\/\/expressometro.mx\/#\/schema\/person\/efa971b4a0664db8ed5c22b1b0dd2f5d","name":"Expresso Metropolitano","image":{"@type":"ImageObject","inLanguage":"es","@id":"https:\/\/secure.gravatar.com\/avatar\/a89f802b8de18c6952f223c88d3d106e9e3679839f4e25a02f4a6cc2ae6ba3b3?s=96&d=mm&r=g","url":"https:\/\/secure.gravatar.com\/avatar\/a89f802b8de18c6952f223c88d3d106e9e3679839f4e25a02f4a6cc2ae6ba3b3?s=96&d=mm&r=g","contentUrl":"https:\/\/secure.gravatar.com\/avatar\/a89f802b8de18c6952f223c88d3d106e9e3679839f4e25a02f4a6cc2ae6ba3b3?s=96&d=mm&r=g","caption":"Expresso Metropolitano"},"url":"https:\/\/expressometro.mx\/index.php\/author\/diego\/"}]}},"amp_enabled":true,"_links":{"self":[{"href":"https:\/\/expressometro.mx\/index.php\/wp-json\/wp\/v2\/posts\/1101","targetHints":{"allow":["GET"]}}],"collection":[{"href":"https:\/\/expressometro.mx\/index.php\/wp-json\/wp\/v2\/posts"}],"about":[{"href":"https:\/\/expressometro.mx\/index.php\/wp-json\/wp\/v2\/types\/post"}],"author":[{"embeddable":true,"href":"https:\/\/expressometro.mx\/index.php\/wp-json\/wp\/v2\/users\/1"}],"replies":[{"embeddable":true,"href":"https:\/\/expressometro.mx\/index.php\/wp-json\/wp\/v2\/comments?post=1101"}],"version-history":[{"count":1,"href":"https:\/\/expressometro.mx\/index.php\/wp-json\/wp\/v2\/posts\/1101\/revisions"}],"predecessor-version":[{"id":1103,"href":"https:\/\/expressometro.mx\/index.php\/wp-json\/wp\/v2\/posts\/1101\/revisions\/1103"}],"wp:featuredmedia":[{"embeddable":true,"href":"https:\/\/expressometro.mx\/index.php\/wp-json\/wp\/v2\/media\/1102"}],"wp:attachment":[{"href":"https:\/\/expressometro.mx\/index.php\/wp-json\/wp\/v2\/media?parent=1101"}],"wp:term":[{"taxonomy":"category","embeddable":true,"href":"https:\/\/expressometro.mx\/index.php\/wp-json\/wp\/v2\/categories?post=1101"},{"taxonomy":"post_tag","embeddable":true,"href":"https:\/\/expressometro.mx\/index.php\/wp-json\/wp\/v2\/tags?post=1101"}],"curies":[{"name":"wp","href":"https:\/\/api.w.org\/{rel}","templated":true}]}}