{"id":10989,"date":"2025-02-28T10:47:38","date_gmt":"2025-02-28T16:47:38","guid":{"rendered":"https:\/\/expressometro.mx\/?p=10989"},"modified":"2025-03-04T10:52:01","modified_gmt":"2025-03-04T16:52:01","slug":"uaemex-crea-planes-de-estudio-en-pro-de-la-salud","status":"publish","type":"post","link":"https:\/\/expressometro.mx\/index.php\/2025\/02\/28\/uaemex-crea-planes-de-estudio-en-pro-de-la-salud\/","title":{"rendered":"UAEM\u00e9x CREA PLANES DE ESTUDIO EN PRO DE LA SALUD"},"content":{"rendered":"\n<ul class=\"wp-block-list\">\n<li>El H. Consejo Universitario aprob\u00f3 la creaci\u00f3n de los diplomados superiores en Nutrici\u00f3n y Seguridad Alimentaria, as\u00ed como en Nutrici\u00f3n Aplicada a Enfermedades No Transmisibles.<\/li>\n\n\n\n<li>Se aprobaron los dict\u00e1menes de la Comisi\u00f3n de Finanzas y Administraci\u00f3n relativos al Informe de resultados de los Lineamientos para el Ahorro y Fortalecimiento Financiero de la UAEM\u00e9x para el ejercicio 2025.\u00a0<\/li>\n<\/ul>\n\n\n\n<p>El H. Consejo Universitario de la Universidad Aut\u00f3noma del Estado de M\u00e9xico (UAEM\u00e9x) aprob\u00f3 la creaci\u00f3n de los diplomados superiores en Nutrici\u00f3n y Seguridad Alimentaria y en Nutrici\u00f3n Aplicada a Enfermedades No Transmisibles.<\/p>\n\n\n\n<p>Durante la Sesi\u00f3n Ordinaria del H. Consejo Universitario correspondiente al mes de febrero, encabezada por el rector Carlos Eduardo Barrera D\u00edaz, se explic\u00f3 que el Diplomado en Nutrici\u00f3n y Seguridad Alimentaria, que ser\u00e1 impartido en la Facultad de Medicina, es una oportunidad de capacitaci\u00f3n en todo el \u00e1mbito de la salud. Este diplomado tendr\u00e1 una duraci\u00f3n de 240 horas y un valor de 20 cr\u00e9ditos.<\/p>\n\n\n\n<p>En tanto, el Diplomado de Nutrici\u00f3n Aplicada a Enfermedades No Transmisibles ser\u00e1 impartido en el Centro Universitario UAEM Amecameca y tiene por objetivo utilizar los conocimientos del \u00e1rea de nutrici\u00f3n para prevenir enfermedades cr\u00f3nico-degenerativas, cardiovasculares, entre otras. Este diplomado permite a las y los egresados optar por una titulaci\u00f3n por estudios avanzados y tendr\u00e1 un valor de 18 cr\u00e9ditos y una duraci\u00f3n de 216 horas.&nbsp;&nbsp;<\/p>\n\n\n\n<p>Del mismo modo, se aprob\u00f3 la enmienda a las Especialidades M\u00e9dicas Hospitalarias de entrada Directa e Indirecta, con el objetivo de facilitar el ingreso de las y los m\u00e9dicos residentes que son extranjeros, ya que actualmente se solicita documentaci\u00f3n inexistente en sus pa\u00edses de origen, lo cual busca eficientar los tr\u00e1mites administrativos.&nbsp;<\/p>\n\n\n\n<p>Adem\u00e1s, fue aprobado el Diplomado Superior en Educaci\u00f3n Literaria, que ser\u00e1 impartido en el Centro Universitario UAEM Amecameca y busca promover el \u00e1mbito literario en la sociedad en general, adem\u00e1s de aquellas personas que se encuentran inmersas en el \u00e1mbito educativo. Este tendr\u00e1 una duraci\u00f3n de 20 cr\u00e9ditos y 250 horas.&nbsp;<\/p>\n\n\n\n<p>Asimismo, el H. Consejo Universitario aprob\u00f3 el cambio de modalidad educativa mixta de planes de estudio de nivel superior a modalidad educativa escolarizada, para que el estudiantado pueda acceder a las becas escolares que ofrece el Gobierno Federal.&nbsp;&nbsp;<\/p>\n\n\n\n<p>Tambi\u00e9n se aprobaron los dict\u00e1menes de la Comisi\u00f3n de Finanzas y Administraci\u00f3n relativos al Informe de resultados de los Lineamientos para el Ahorro y Fortalecimiento Financiero de la UAEM\u00e9x para el ejercicio 2025.&nbsp;<\/p>\n\n\n\n<p>De igual modo, en esta sesi\u00f3n se tom\u00f3 protesta a las y los representantes consejeros del profesorado de la Facultad de Ciencias, del estudiantado de la Facultad de Ciencias y de los Planteles de la Escuela Preparatoria \u201cIgnacio Ram\u00edrez Calzada\u201d, \u201cSor Juana In\u00e9s de la Cruz\u201d, Texcoco y del Instituto de Ciencias Agropecuarias y Rurales, as\u00ed como a los representantes sustitutos del alumnado de la Facultad de Ciencias Pol\u00edticas y Sociales. Durante la sesi\u00f3n, la titular de la Defensor\u00eda de los Derechos Universitarios, Patricia Varela Guerrero, rindi\u00f3 su informe anual de actividades en donde se destac\u00f3 que se brind\u00f3 atenci\u00f3n a un total de 446 personas y atendi\u00f3 339 asuntos, a trav\u00e9s de diferentes mecanismos de comunicaci\u00f3n como l\u00edneas telef\u00f3nicas, correo electr\u00f3nico y de manera presencial en diversas instancias universitarias.<\/p>\n","protected":false},"excerpt":{"rendered":"<p>El H. Consejo Universitario de la Universidad Aut\u00f3noma del Estado de M\u00e9xico (UAEM\u00e9x) aprob\u00f3 la creaci\u00f3n de los diplomados superiores en Nutrici\u00f3n y Seguridad Alimentaria y en Nutrici\u00f3n Aplicada a Enfermedades No Transmisibles.<\/p>\n","protected":false},"author":1,"featured_media":10990,"comment_status":"open","ping_status":"open","sticky":false,"template":"","format":"standard","meta":{"footnotes":""},"categories":[3,1,231],"tags":[313,1982,86,82],"class_list":["post-10989","post","type-post","status-publish","format-standard","has-post-thumbnail","hentry","category-gobierno","category-otros","category-politica","tag-carlos-eduardo-barrera-diaz","tag-edomex","tag-gem","tag-uaemex"],"yoast_head":"<!-- This site is optimized with the Yoast SEO plugin v27.4 - https:\/\/yoast.com\/product\/yoast-seo-wordpress\/ -->\n<title>UAEM\u00e9x CREA PLANES DE ESTUDIO EN PRO DE LA SALUD - Expresso Metropolitano<\/title>\n<meta name=\"robots\" content=\"index, follow, max-snippet:-1, max-image-preview:large, max-video-preview:-1\" \/>\n<link rel=\"canonical\" href=\"https:\/\/expressometro.mx\/index.php\/2025\/02\/28\/uaemex-crea-planes-de-estudio-en-pro-de-la-salud\/\" \/>\n<meta property=\"og:locale\" content=\"es_MX\" \/>\n<meta property=\"og:type\" content=\"article\" \/>\n<meta property=\"og:title\" content=\"UAEM\u00e9x CREA PLANES DE ESTUDIO EN PRO DE LA SALUD - Expresso Metropolitano\" \/>\n<meta property=\"og:description\" content=\"El H. Consejo Universitario de la Universidad Aut\u00f3noma del Estado de M\u00e9xico (UAEM\u00e9x) aprob\u00f3 la creaci\u00f3n de los diplomados superiores en Nutrici\u00f3n y Seguridad Alimentaria y en Nutrici\u00f3n Aplicada a Enfermedades No Transmisibles.\" \/>\n<meta property=\"og:url\" content=\"https:\/\/expressometro.mx\/index.php\/2025\/02\/28\/uaemex-crea-planes-de-estudio-en-pro-de-la-salud\/\" \/>\n<meta property=\"og:site_name\" content=\"Expresso Metropolitano\" \/>\n<meta property=\"article:published_time\" content=\"2025-02-28T16:47:38+00:00\" \/>\n<meta property=\"article:modified_time\" content=\"2025-03-04T16:52:01+00:00\" \/>\n<meta property=\"og:image\" content=\"http:\/\/expressometro.mx\/wp-content\/uploads\/2025\/03\/WhatsApp-Image-2025-03-04-at-10.48.34-AM.jpeg\" \/>\n\t<meta property=\"og:image:width\" content=\"1440\" \/>\n\t<meta property=\"og:image:height\" content=\"960\" \/>\n\t<meta property=\"og:image:type\" content=\"image\/jpeg\" \/>\n<meta name=\"author\" content=\"Expresso Metropolitano\" \/>\n<meta name=\"twitter:label1\" content=\"Escrito por\" \/>\n\t<meta name=\"twitter:data1\" content=\"Expresso Metropolitano\" \/>\n\t<meta name=\"twitter:label2\" content=\"Tiempo de lectura\" \/>\n\t<meta name=\"twitter:data2\" content=\"3 minutos\" \/>\n<script type=\"application\/ld+json\" class=\"yoast-schema-graph\">{\"@context\":\"https:\\\/\\\/schema.org\",\"@graph\":[{\"@type\":\"Article\",\"@id\":\"https:\\\/\\\/expressometro.mx\\\/index.php\\\/2025\\\/02\\\/28\\\/uaemex-crea-planes-de-estudio-en-pro-de-la-salud\\\/#article\",\"isPartOf\":{\"@id\":\"https:\\\/\\\/expressometro.mx\\\/index.php\\\/2025\\\/02\\\/28\\\/uaemex-crea-planes-de-estudio-en-pro-de-la-salud\\\/\"},\"author\":{\"name\":\"Expresso Metropolitano\",\"@id\":\"https:\\\/\\\/expressometro.mx\\\/#\\\/schema\\\/person\\\/efa971b4a0664db8ed5c22b1b0dd2f5d\"},\"headline\":\"UAEM\u00e9x CREA PLANES DE ESTUDIO EN PRO DE LA SALUD\",\"datePublished\":\"2025-02-28T16:47:38+00:00\",\"dateModified\":\"2025-03-04T16:52:01+00:00\",\"mainEntityOfPage\":{\"@id\":\"https:\\\/\\\/expressometro.mx\\\/index.php\\\/2025\\\/02\\\/28\\\/uaemex-crea-planes-de-estudio-en-pro-de-la-salud\\\/\"},\"wordCount\":584,\"commentCount\":0,\"publisher\":{\"@id\":\"https:\\\/\\\/expressometro.mx\\\/#organization\"},\"image\":{\"@id\":\"https:\\\/\\\/expressometro.mx\\\/index.php\\\/2025\\\/02\\\/28\\\/uaemex-crea-planes-de-estudio-en-pro-de-la-salud\\\/#primaryimage\"},\"thumbnailUrl\":\"https:\\\/\\\/expressometro.mx\\\/wp-content\\\/uploads\\\/2025\\\/03\\\/WhatsApp-Image-2025-03-04-at-10.48.34-AM.jpeg\",\"keywords\":[\"Carlos Eduardo Barrera D\u00edaz\",\"Edomex\",\"GEM\",\"UAEMex\"],\"articleSection\":[\"Gobierno\",\"Otros\",\"Pol\u00edtica\"],\"inLanguage\":\"es\",\"potentialAction\":[{\"@type\":\"CommentAction\",\"name\":\"Comment\",\"target\":[\"https:\\\/\\\/expressometro.mx\\\/index.php\\\/2025\\\/02\\\/28\\\/uaemex-crea-planes-de-estudio-en-pro-de-la-salud\\\/#respond\"]}]},{\"@type\":\"WebPage\",\"@id\":\"https:\\\/\\\/expressometro.mx\\\/index.php\\\/2025\\\/02\\\/28\\\/uaemex-crea-planes-de-estudio-en-pro-de-la-salud\\\/\",\"url\":\"https:\\\/\\\/expressometro.mx\\\/index.php\\\/2025\\\/02\\\/28\\\/uaemex-crea-planes-de-estudio-en-pro-de-la-salud\\\/\",\"name\":\"UAEM\u00e9x CREA PLANES DE ESTUDIO EN PRO DE LA SALUD - Expresso Metropolitano\",\"isPartOf\":{\"@id\":\"https:\\\/\\\/expressometro.mx\\\/#website\"},\"primaryImageOfPage\":{\"@id\":\"https:\\\/\\\/expressometro.mx\\\/index.php\\\/2025\\\/02\\\/28\\\/uaemex-crea-planes-de-estudio-en-pro-de-la-salud\\\/#primaryimage\"},\"image\":{\"@id\":\"https:\\\/\\\/expressometro.mx\\\/index.php\\\/2025\\\/02\\\/28\\\/uaemex-crea-planes-de-estudio-en-pro-de-la-salud\\\/#primaryimage\"},\"thumbnailUrl\":\"https:\\\/\\\/expressometro.mx\\\/wp-content\\\/uploads\\\/2025\\\/03\\\/WhatsApp-Image-2025-03-04-at-10.48.34-AM.jpeg\",\"datePublished\":\"2025-02-28T16:47:38+00:00\",\"dateModified\":\"2025-03-04T16:52:01+00:00\",\"breadcrumb\":{\"@id\":\"https:\\\/\\\/expressometro.mx\\\/index.php\\\/2025\\\/02\\\/28\\\/uaemex-crea-planes-de-estudio-en-pro-de-la-salud\\\/#breadcrumb\"},\"inLanguage\":\"es\",\"potentialAction\":[{\"@type\":\"ReadAction\",\"target\":[\"https:\\\/\\\/expressometro.mx\\\/index.php\\\/2025\\\/02\\\/28\\\/uaemex-crea-planes-de-estudio-en-pro-de-la-salud\\\/\"]}]},{\"@type\":\"ImageObject\",\"inLanguage\":\"es\",\"@id\":\"https:\\\/\\\/expressometro.mx\\\/index.php\\\/2025\\\/02\\\/28\\\/uaemex-crea-planes-de-estudio-en-pro-de-la-salud\\\/#primaryimage\",\"url\":\"https:\\\/\\\/expressometro.mx\\\/wp-content\\\/uploads\\\/2025\\\/03\\\/WhatsApp-Image-2025-03-04-at-10.48.34-AM.jpeg\",\"contentUrl\":\"https:\\\/\\\/expressometro.mx\\\/wp-content\\\/uploads\\\/2025\\\/03\\\/WhatsApp-Image-2025-03-04-at-10.48.34-AM.jpeg\",\"width\":1440,\"height\":960},{\"@type\":\"BreadcrumbList\",\"@id\":\"https:\\\/\\\/expressometro.mx\\\/index.php\\\/2025\\\/02\\\/28\\\/uaemex-crea-planes-de-estudio-en-pro-de-la-salud\\\/#breadcrumb\",\"itemListElement\":[{\"@type\":\"ListItem\",\"position\":1,\"name\":\"Inicio\",\"item\":\"https:\\\/\\\/expressometro.mx\\\/\"},{\"@type\":\"ListItem\",\"position\":2,\"name\":\"UAEM\u00e9x CREA PLANES DE ESTUDIO EN PRO DE LA SALUD\"}]},{\"@type\":\"WebSite\",\"@id\":\"https:\\\/\\\/expressometro.mx\\\/#website\",\"url\":\"https:\\\/\\\/expressometro.mx\\\/\",\"name\":\"Expresso Metropolitano\",\"description\":\"Periodismo comprometido, informaci\u00f3n, investigaci\u00f3n y an\u00e1lisis\",\"publisher\":{\"@id\":\"https:\\\/\\\/expressometro.mx\\\/#organization\"},\"potentialAction\":[{\"@type\":\"SearchAction\",\"target\":{\"@type\":\"EntryPoint\",\"urlTemplate\":\"https:\\\/\\\/expressometro.mx\\\/?s={search_term_string}\"},\"query-input\":{\"@type\":\"PropertyValueSpecification\",\"valueRequired\":true,\"valueName\":\"search_term_string\"}}],\"inLanguage\":\"es\"},{\"@type\":\"Organization\",\"@id\":\"https:\\\/\\\/expressometro.mx\\\/#organization\",\"name\":\"Expresso Metropolitano\",\"url\":\"https:\\\/\\\/expressometro.mx\\\/\",\"logo\":{\"@type\":\"ImageObject\",\"inLanguage\":\"es\",\"@id\":\"https:\\\/\\\/expressometro.mx\\\/#\\\/schema\\\/logo\\\/image\\\/\",\"url\":\"https:\\\/\\\/expressometro.mx\\\/wp-content\\\/uploads\\\/2019\\\/07\\\/cropped-Logo-Expresso-Metropolitano-1-1.jpeg\",\"contentUrl\":\"https:\\\/\\\/expressometro.mx\\\/wp-content\\\/uploads\\\/2019\\\/07\\\/cropped-Logo-Expresso-Metropolitano-1-1.jpeg\",\"width\":290,\"height\":73,\"caption\":\"Expresso Metropolitano\"},\"image\":{\"@id\":\"https:\\\/\\\/expressometro.mx\\\/#\\\/schema\\\/logo\\\/image\\\/\"}},{\"@type\":\"Person\",\"@id\":\"https:\\\/\\\/expressometro.mx\\\/#\\\/schema\\\/person\\\/efa971b4a0664db8ed5c22b1b0dd2f5d\",\"name\":\"Expresso Metropolitano\",\"image\":{\"@type\":\"ImageObject\",\"inLanguage\":\"es\",\"@id\":\"https:\\\/\\\/secure.gravatar.com\\\/avatar\\\/a89f802b8de18c6952f223c88d3d106e9e3679839f4e25a02f4a6cc2ae6ba3b3?s=96&d=mm&r=g\",\"url\":\"https:\\\/\\\/secure.gravatar.com\\\/avatar\\\/a89f802b8de18c6952f223c88d3d106e9e3679839f4e25a02f4a6cc2ae6ba3b3?s=96&d=mm&r=g\",\"contentUrl\":\"https:\\\/\\\/secure.gravatar.com\\\/avatar\\\/a89f802b8de18c6952f223c88d3d106e9e3679839f4e25a02f4a6cc2ae6ba3b3?s=96&d=mm&r=g\",\"caption\":\"Expresso Metropolitano\"},\"url\":\"https:\\\/\\\/expressometro.mx\\\/index.php\\\/author\\\/diego\\\/\"}]}<\/script>\n<!-- \/ Yoast SEO plugin. -->","yoast_head_json":{"title":"UAEM\u00e9x CREA PLANES DE ESTUDIO EN PRO DE LA SALUD - Expresso Metropolitano","robots":{"index":"index","follow":"follow","max-snippet":"max-snippet:-1","max-image-preview":"max-image-preview:large","max-video-preview":"max-video-preview:-1"},"canonical":"https:\/\/expressometro.mx\/index.php\/2025\/02\/28\/uaemex-crea-planes-de-estudio-en-pro-de-la-salud\/","og_locale":"es_MX","og_type":"article","og_title":"UAEM\u00e9x CREA PLANES DE ESTUDIO EN PRO DE LA SALUD - Expresso Metropolitano","og_description":"El H. Consejo Universitario de la Universidad Aut\u00f3noma del Estado de M\u00e9xico (UAEM\u00e9x) aprob\u00f3 la creaci\u00f3n de los diplomados superiores en Nutrici\u00f3n y Seguridad Alimentaria y en Nutrici\u00f3n Aplicada a Enfermedades No Transmisibles.","og_url":"https:\/\/expressometro.mx\/index.php\/2025\/02\/28\/uaemex-crea-planes-de-estudio-en-pro-de-la-salud\/","og_site_name":"Expresso Metropolitano","article_published_time":"2025-02-28T16:47:38+00:00","article_modified_time":"2025-03-04T16:52:01+00:00","og_image":[{"width":1440,"height":960,"url":"http:\/\/expressometro.mx\/wp-content\/uploads\/2025\/03\/WhatsApp-Image-2025-03-04-at-10.48.34-AM.jpeg","type":"image\/jpeg"}],"author":"Expresso Metropolitano","twitter_misc":{"Escrito por":"Expresso Metropolitano","Tiempo de lectura":"3 minutos"},"schema":{"@context":"https:\/\/schema.org","@graph":[{"@type":"Article","@id":"https:\/\/expressometro.mx\/index.php\/2025\/02\/28\/uaemex-crea-planes-de-estudio-en-pro-de-la-salud\/#article","isPartOf":{"@id":"https:\/\/expressometro.mx\/index.php\/2025\/02\/28\/uaemex-crea-planes-de-estudio-en-pro-de-la-salud\/"},"author":{"name":"Expresso Metropolitano","@id":"https:\/\/expressometro.mx\/#\/schema\/person\/efa971b4a0664db8ed5c22b1b0dd2f5d"},"headline":"UAEM\u00e9x CREA PLANES DE ESTUDIO EN PRO DE LA SALUD","datePublished":"2025-02-28T16:47:38+00:00","dateModified":"2025-03-04T16:52:01+00:00","mainEntityOfPage":{"@id":"https:\/\/expressometro.mx\/index.php\/2025\/02\/28\/uaemex-crea-planes-de-estudio-en-pro-de-la-salud\/"},"wordCount":584,"commentCount":0,"publisher":{"@id":"https:\/\/expressometro.mx\/#organization"},"image":{"@id":"https:\/\/expressometro.mx\/index.php\/2025\/02\/28\/uaemex-crea-planes-de-estudio-en-pro-de-la-salud\/#primaryimage"},"thumbnailUrl":"https:\/\/expressometro.mx\/wp-content\/uploads\/2025\/03\/WhatsApp-Image-2025-03-04-at-10.48.34-AM.jpeg","keywords":["Carlos Eduardo Barrera D\u00edaz","Edomex","GEM","UAEMex"],"articleSection":["Gobierno","Otros","Pol\u00edtica"],"inLanguage":"es","potentialAction":[{"@type":"CommentAction","name":"Comment","target":["https:\/\/expressometro.mx\/index.php\/2025\/02\/28\/uaemex-crea-planes-de-estudio-en-pro-de-la-salud\/#respond"]}]},{"@type":"WebPage","@id":"https:\/\/expressometro.mx\/index.php\/2025\/02\/28\/uaemex-crea-planes-de-estudio-en-pro-de-la-salud\/","url":"https:\/\/expressometro.mx\/index.php\/2025\/02\/28\/uaemex-crea-planes-de-estudio-en-pro-de-la-salud\/","name":"UAEM\u00e9x CREA PLANES DE ESTUDIO EN PRO DE LA SALUD - Expresso Metropolitano","isPartOf":{"@id":"https:\/\/expressometro.mx\/#website"},"primaryImageOfPage":{"@id":"https:\/\/expressometro.mx\/index.php\/2025\/02\/28\/uaemex-crea-planes-de-estudio-en-pro-de-la-salud\/#primaryimage"},"image":{"@id":"https:\/\/expressometro.mx\/index.php\/2025\/02\/28\/uaemex-crea-planes-de-estudio-en-pro-de-la-salud\/#primaryimage"},"thumbnailUrl":"https:\/\/expressometro.mx\/wp-content\/uploads\/2025\/03\/WhatsApp-Image-2025-03-04-at-10.48.34-AM.jpeg","datePublished":"2025-02-28T16:47:38+00:00","dateModified":"2025-03-04T16:52:01+00:00","breadcrumb":{"@id":"https:\/\/expressometro.mx\/index.php\/2025\/02\/28\/uaemex-crea-planes-de-estudio-en-pro-de-la-salud\/#breadcrumb"},"inLanguage":"es","potentialAction":[{"@type":"ReadAction","target":["https:\/\/expressometro.mx\/index.php\/2025\/02\/28\/uaemex-crea-planes-de-estudio-en-pro-de-la-salud\/"]}]},{"@type":"ImageObject","inLanguage":"es","@id":"https:\/\/expressometro.mx\/index.php\/2025\/02\/28\/uaemex-crea-planes-de-estudio-en-pro-de-la-salud\/#primaryimage","url":"https:\/\/expressometro.mx\/wp-content\/uploads\/2025\/03\/WhatsApp-Image-2025-03-04-at-10.48.34-AM.jpeg","contentUrl":"https:\/\/expressometro.mx\/wp-content\/uploads\/2025\/03\/WhatsApp-Image-2025-03-04-at-10.48.34-AM.jpeg","width":1440,"height":960},{"@type":"BreadcrumbList","@id":"https:\/\/expressometro.mx\/index.php\/2025\/02\/28\/uaemex-crea-planes-de-estudio-en-pro-de-la-salud\/#breadcrumb","itemListElement":[{"@type":"ListItem","position":1,"name":"Inicio","item":"https:\/\/expressometro.mx\/"},{"@type":"ListItem","position":2,"name":"UAEM\u00e9x CREA PLANES DE ESTUDIO EN PRO DE LA SALUD"}]},{"@type":"WebSite","@id":"https:\/\/expressometro.mx\/#website","url":"https:\/\/expressometro.mx\/","name":"Expresso Metropolitano","description":"Periodismo comprometido, informaci\u00f3n, investigaci\u00f3n y an\u00e1lisis","publisher":{"@id":"https:\/\/expressometro.mx\/#organization"},"potentialAction":[{"@type":"SearchAction","target":{"@type":"EntryPoint","urlTemplate":"https:\/\/expressometro.mx\/?s={search_term_string}"},"query-input":{"@type":"PropertyValueSpecification","valueRequired":true,"valueName":"search_term_string"}}],"inLanguage":"es"},{"@type":"Organization","@id":"https:\/\/expressometro.mx\/#organization","name":"Expresso Metropolitano","url":"https:\/\/expressometro.mx\/","logo":{"@type":"ImageObject","inLanguage":"es","@id":"https:\/\/expressometro.mx\/#\/schema\/logo\/image\/","url":"https:\/\/expressometro.mx\/wp-content\/uploads\/2019\/07\/cropped-Logo-Expresso-Metropolitano-1-1.jpeg","contentUrl":"https:\/\/expressometro.mx\/wp-content\/uploads\/2019\/07\/cropped-Logo-Expresso-Metropolitano-1-1.jpeg","width":290,"height":73,"caption":"Expresso Metropolitano"},"image":{"@id":"https:\/\/expressometro.mx\/#\/schema\/logo\/image\/"}},{"@type":"Person","@id":"https:\/\/expressometro.mx\/#\/schema\/person\/efa971b4a0664db8ed5c22b1b0dd2f5d","name":"Expresso Metropolitano","image":{"@type":"ImageObject","inLanguage":"es","@id":"https:\/\/secure.gravatar.com\/avatar\/a89f802b8de18c6952f223c88d3d106e9e3679839f4e25a02f4a6cc2ae6ba3b3?s=96&d=mm&r=g","url":"https:\/\/secure.gravatar.com\/avatar\/a89f802b8de18c6952f223c88d3d106e9e3679839f4e25a02f4a6cc2ae6ba3b3?s=96&d=mm&r=g","contentUrl":"https:\/\/secure.gravatar.com\/avatar\/a89f802b8de18c6952f223c88d3d106e9e3679839f4e25a02f4a6cc2ae6ba3b3?s=96&d=mm&r=g","caption":"Expresso Metropolitano"},"url":"https:\/\/expressometro.mx\/index.php\/author\/diego\/"}]}},"amp_enabled":true,"_links":{"self":[{"href":"https:\/\/expressometro.mx\/index.php\/wp-json\/wp\/v2\/posts\/10989","targetHints":{"allow":["GET"]}}],"collection":[{"href":"https:\/\/expressometro.mx\/index.php\/wp-json\/wp\/v2\/posts"}],"about":[{"href":"https:\/\/expressometro.mx\/index.php\/wp-json\/wp\/v2\/types\/post"}],"author":[{"embeddable":true,"href":"https:\/\/expressometro.mx\/index.php\/wp-json\/wp\/v2\/users\/1"}],"replies":[{"embeddable":true,"href":"https:\/\/expressometro.mx\/index.php\/wp-json\/wp\/v2\/comments?post=10989"}],"version-history":[{"count":1,"href":"https:\/\/expressometro.mx\/index.php\/wp-json\/wp\/v2\/posts\/10989\/revisions"}],"predecessor-version":[{"id":10992,"href":"https:\/\/expressometro.mx\/index.php\/wp-json\/wp\/v2\/posts\/10989\/revisions\/10992"}],"wp:featuredmedia":[{"embeddable":true,"href":"https:\/\/expressometro.mx\/index.php\/wp-json\/wp\/v2\/media\/10990"}],"wp:attachment":[{"href":"https:\/\/expressometro.mx\/index.php\/wp-json\/wp\/v2\/media?parent=10989"}],"wp:term":[{"taxonomy":"category","embeddable":true,"href":"https:\/\/expressometro.mx\/index.php\/wp-json\/wp\/v2\/categories?post=10989"},{"taxonomy":"post_tag","embeddable":true,"href":"https:\/\/expressometro.mx\/index.php\/wp-json\/wp\/v2\/tags?post=10989"}],"curies":[{"name":"wp","href":"https:\/\/api.w.org\/{rel}","templated":true}]}}