{"id":10977,"date":"2025-02-24T09:13:31","date_gmt":"2025-02-24T15:13:31","guid":{"rendered":"https:\/\/expressometro.mx\/?p=10977"},"modified":"2025-03-04T09:23:36","modified_gmt":"2025-03-04T15:23:36","slug":"uaemex-despierta-vocaciones-cientificas-y-tecnologicas-entre-las-infancias-y-juventudes","status":"publish","type":"post","link":"https:\/\/expressometro.mx\/index.php\/2025\/02\/24\/uaemex-despierta-vocaciones-cientificas-y-tecnologicas-entre-las-infancias-y-juventudes\/","title":{"rendered":"UAEM\u00e9x DESPIERTA VOCACIONES CIENT\u00cdFICAS Y TECNOL\u00d3GICAS ENTRE LAS INFANCIAS Y JUVENTUDES"},"content":{"rendered":"\n<ul class=\"wp-block-list\">\n<li>La UAEM\u00e9x es sede del Robofest LATAM 2025, encuentro internacional que invita a las nuevas generaciones a conocer la rob\u00f3tica, ciencia, tecnolog\u00eda, ingenier\u00eda, arte y matem\u00e1ticas.<\/li>\n<\/ul>\n\n\n\n<p>Nos enorgullece que la Universidad Aut\u00f3noma del Estado de M\u00e9xico (UAEM\u00e9x) sea parte de este esfuerzo internacional que promueve el aprendizaje t\u00e9cnico y el desarrollo de habilidades creativas, destac\u00f3 el rector Carlos Eduardo Barrera D\u00edaz, en la inauguraci\u00f3n del Robofest LATAM 2025.<\/p>\n\n\n\n<p>En el gimnasio \u201cAdolfo L\u00f3pez Mateos\u201d, Barrera D\u00edaz coment\u00f3 que para la M\u00e1xima Casa de Estudios mexiquense es un gran privilegio ser sede de un encuentro internacional que ha llegado a m\u00e1s de 30 pa\u00edses para transformar la manera en que las nuevas generaciones se acercan a la ciencia, tecnolog\u00eda, ingenier\u00eda, arte y matem\u00e1ticas, bajo el modelo Steam.<\/p>\n\n\n\n<p>Acompa\u00f1ado del director general del Consejo Mexiquense de Ciencia y Tecnolog\u00eda (Comecyt), V\u00edctor Daniel \u00c1vila Akerberg, y el director de Robofest LATAM, Ramiro Marrero Quintana, Barrera D\u00edaz resalt\u00f3 que este festival es una gran oportunidad para que ni\u00f1as, ni\u00f1os y juventudes descubran el mundo de la rob\u00f3tica con curiosidad para que, a trav\u00e9s de estas tecnolog\u00edas, puedan generar grandes transformaciones en pro de sus comunidades y el mundo.<\/p>\n\n\n\n<figure class=\"wp-block-image size-large is-resized\"><img decoding=\"async\" width=\"720\" height=\"480\" src=\"https:\/\/expressometro.mx\/wp-content\/uploads\/2025\/03\/WhatsApp-Image-2025-03-04-at-9.10.25-AM-1-720x480.jpeg\" alt=\"\" class=\"wp-image-10980\" style=\"width:593px;height:auto\" srcset=\"https:\/\/expressometro.mx\/wp-content\/uploads\/2025\/03\/WhatsApp-Image-2025-03-04-at-9.10.25-AM-1-720x480.jpeg 720w, https:\/\/expressometro.mx\/wp-content\/uploads\/2025\/03\/WhatsApp-Image-2025-03-04-at-9.10.25-AM-1-548x365.jpeg 548w, https:\/\/expressometro.mx\/wp-content\/uploads\/2025\/03\/WhatsApp-Image-2025-03-04-at-9.10.25-AM-1-768x512.jpeg 768w, https:\/\/expressometro.mx\/wp-content\/uploads\/2025\/03\/WhatsApp-Image-2025-03-04-at-9.10.25-AM-1.jpeg 800w\" sizes=\"(max-width: 720px) 100vw, 720px\" \/><\/figure>\n\n\n\n<p>\u201cEstamos convencidas y convencidos de que el conocimiento es la herramienta m\u00e1s poderosa para construir un futuro m\u00e1s justo y sostenible, por ello, el Robofest LATAM 2025 nos permitir\u00e1 promover y fomentar el trabajo en equipo, el pensamiento creativo y la resoluci\u00f3n de problemas\u201d, dijo.<\/p>\n\n\n\n<p>En tanto, \u00c1vila Akerberg sostuvo que este festival de rob\u00f3tica es reconocido a nivel mundial por acercar e involucrar a las infancias y juventudes a la ciencia y tecnolog\u00eda, con el prop\u00f3sito de fortalecer \u00e1reas como las matem\u00e1ticas, la ingenier\u00eda, las artes y la tecnolog\u00eda.<\/p>\n\n\n\n<p>En este sentido, destac\u00f3 que la UAEM\u00e9x es una instituci\u00f3n que destaca por dar soporte a estas actividades que no solo impactan en la vida de las y los estudiantes de manera directa, sino que les brindan las herramientas t\u00e9cnicas necesarias para su formaci\u00f3n.<\/p>\n\n\n\n<p>Durante su participaci\u00f3n, Marrero Quintana resalt\u00f3 que Robofest es un evento que inici\u00f3 en el a\u00f1o de 1999 en Lawrence Technological University (LTU), el cual se ha convertido en el festival de rob\u00f3tica m\u00e1s importante con fines acad\u00e9micos, por lo que la UAEM\u00e9x representa un lugar id\u00f3neo para reunir mentes brillantes de distintas regiones con el esp\u00edritu es romper barreras, inspirar y buscar redes de colaboraci\u00f3n para un futuro m\u00e1s inclusivo y pr\u00f3spero.<\/p>\n\n\n\n<p>En su intervenci\u00f3n, la secretaria de Investigaci\u00f3n y Estudios Avanzados, Martha Patricia Zarza Delgado puntualiz\u00f3 que, en el a\u00f1o 2024, la Aut\u00f3noma mexiquense estableci\u00f3 grandes colaboraciones con instituciones educativas establecidas en Michigan, Estados Unidos, por lo que este evento es un resultado contundente de estas relaciones colaborativas que consolidan a la Aut\u00f3noma mexiquense como un centro de la difusi\u00f3n de la cultura cient\u00edfica y tecnol\u00f3gica.<\/p>\n\n\n\n<p>Por su parte, la estudiante de la Facultad de Ingenier\u00eda y becada de LTU 2024, Daniela Mej\u00eda Rivas, resalt\u00f3 que este evento permite comprender la verdadera dimensi\u00f3n del impacto de la rob\u00f3tica en la sociedad, por lo que agradeci\u00f3 a la UAEM\u00e9x por permitir que su estudiantado enriquezca sus perfiles profesionales al fortalecer la interculturalidad con experiencias internacionales. Al acto asistieron el secretario de Docencia de la UAEM\u00e9x, Jos\u00e9 Raymundo Marcial Romero; el deputy Chair of Mathematics and Computer Science Lawrence Technological University, Eric Martinson; el coordinador de Asuntos Internacionales del la Secretar\u00eda de Finanzas del Gobierno del Estado de M\u00e9xico, Jos\u00e9 Pablo Montemayor Camacho; la docente investigadora de la Facultad de Ingenier\u00eda, Adriana Herlinda Vilchis Gonz\u00e1lez; integrantes del Gabinete Universitario y del Colegio de Directores, as\u00ed como la comunidad universitaria.<\/p>\n","protected":false},"excerpt":{"rendered":"<p>La UAEM\u00e9x es sede del Robofest LATAM 2025, encuentro internacional que invita a las nuevas generaciones a conocer la rob\u00f3tica, ciencia, tecnolog\u00eda, ingenier\u00eda, arte y matem\u00e1ticas.<\/p>\n","protected":false},"author":1,"featured_media":10979,"comment_status":"open","ping_status":"open","sticky":false,"template":"","format":"standard","meta":{"footnotes":""},"categories":[3,1,231],"tags":[313,1982,86,82],"class_list":["post-10977","post","type-post","status-publish","format-standard","has-post-thumbnail","hentry","category-gobierno","category-otros","category-politica","tag-carlos-eduardo-barrera-diaz","tag-edomex","tag-gem","tag-uaemex"],"yoast_head":"<!-- This site is optimized with the Yoast SEO plugin v27.4 - https:\/\/yoast.com\/product\/yoast-seo-wordpress\/ -->\n<title>UAEM\u00e9x DESPIERTA VOCACIONES CIENT\u00cdFICAS Y TECNOL\u00d3GICAS ENTRE LAS INFANCIAS Y JUVENTUDES - Expresso Metropolitano<\/title>\n<meta name=\"robots\" content=\"index, follow, max-snippet:-1, max-image-preview:large, max-video-preview:-1\" \/>\n<link rel=\"canonical\" href=\"https:\/\/expressometro.mx\/index.php\/2025\/02\/24\/uaemex-despierta-vocaciones-cientificas-y-tecnologicas-entre-las-infancias-y-juventudes\/\" \/>\n<meta property=\"og:locale\" content=\"es_MX\" \/>\n<meta property=\"og:type\" content=\"article\" \/>\n<meta property=\"og:title\" content=\"UAEM\u00e9x DESPIERTA VOCACIONES CIENT\u00cdFICAS Y TECNOL\u00d3GICAS ENTRE LAS INFANCIAS Y JUVENTUDES - Expresso Metropolitano\" \/>\n<meta property=\"og:description\" content=\"La UAEM\u00e9x es sede del Robofest LATAM 2025, encuentro internacional que invita a las nuevas generaciones a conocer la rob\u00f3tica, ciencia, tecnolog\u00eda, ingenier\u00eda, arte y matem\u00e1ticas.\" \/>\n<meta property=\"og:url\" content=\"https:\/\/expressometro.mx\/index.php\/2025\/02\/24\/uaemex-despierta-vocaciones-cientificas-y-tecnologicas-entre-las-infancias-y-juventudes\/\" \/>\n<meta property=\"og:site_name\" content=\"Expresso Metropolitano\" \/>\n<meta property=\"article:published_time\" content=\"2025-02-24T15:13:31+00:00\" \/>\n<meta property=\"article:modified_time\" content=\"2025-03-04T15:23:36+00:00\" \/>\n<meta property=\"og:image\" content=\"http:\/\/expressometro.mx\/wp-content\/uploads\/2025\/03\/WhatsApp-Image-2025-03-04-at-9.10.04-AM-1.jpeg\" \/>\n\t<meta property=\"og:image:width\" content=\"800\" \/>\n\t<meta property=\"og:image:height\" content=\"533\" \/>\n\t<meta property=\"og:image:type\" content=\"image\/jpeg\" \/>\n<meta name=\"author\" content=\"Expresso Metropolitano\" \/>\n<meta name=\"twitter:label1\" content=\"Escrito por\" \/>\n\t<meta name=\"twitter:data1\" content=\"Expresso Metropolitano\" \/>\n\t<meta name=\"twitter:label2\" content=\"Tiempo de lectura\" \/>\n\t<meta name=\"twitter:data2\" content=\"4 minutos\" \/>\n<script type=\"application\/ld+json\" class=\"yoast-schema-graph\">{\"@context\":\"https:\\\/\\\/schema.org\",\"@graph\":[{\"@type\":\"Article\",\"@id\":\"https:\\\/\\\/expressometro.mx\\\/index.php\\\/2025\\\/02\\\/24\\\/uaemex-despierta-vocaciones-cientificas-y-tecnologicas-entre-las-infancias-y-juventudes\\\/#article\",\"isPartOf\":{\"@id\":\"https:\\\/\\\/expressometro.mx\\\/index.php\\\/2025\\\/02\\\/24\\\/uaemex-despierta-vocaciones-cientificas-y-tecnologicas-entre-las-infancias-y-juventudes\\\/\"},\"author\":{\"name\":\"Expresso Metropolitano\",\"@id\":\"https:\\\/\\\/expressometro.mx\\\/#\\\/schema\\\/person\\\/efa971b4a0664db8ed5c22b1b0dd2f5d\"},\"headline\":\"UAEM\u00e9x DESPIERTA VOCACIONES CIENT\u00cdFICAS Y TECNOL\u00d3GICAS ENTRE LAS INFANCIAS Y JUVENTUDES\",\"datePublished\":\"2025-02-24T15:13:31+00:00\",\"dateModified\":\"2025-03-04T15:23:36+00:00\",\"mainEntityOfPage\":{\"@id\":\"https:\\\/\\\/expressometro.mx\\\/index.php\\\/2025\\\/02\\\/24\\\/uaemex-despierta-vocaciones-cientificas-y-tecnologicas-entre-las-infancias-y-juventudes\\\/\"},\"wordCount\":674,\"commentCount\":0,\"publisher\":{\"@id\":\"https:\\\/\\\/expressometro.mx\\\/#organization\"},\"image\":{\"@id\":\"https:\\\/\\\/expressometro.mx\\\/index.php\\\/2025\\\/02\\\/24\\\/uaemex-despierta-vocaciones-cientificas-y-tecnologicas-entre-las-infancias-y-juventudes\\\/#primaryimage\"},\"thumbnailUrl\":\"https:\\\/\\\/expressometro.mx\\\/wp-content\\\/uploads\\\/2025\\\/03\\\/WhatsApp-Image-2025-03-04-at-9.10.04-AM-1.jpeg\",\"keywords\":[\"Carlos Eduardo Barrera D\u00edaz\",\"Edomex\",\"GEM\",\"UAEMex\"],\"articleSection\":[\"Gobierno\",\"Otros\",\"Pol\u00edtica\"],\"inLanguage\":\"es\",\"potentialAction\":[{\"@type\":\"CommentAction\",\"name\":\"Comment\",\"target\":[\"https:\\\/\\\/expressometro.mx\\\/index.php\\\/2025\\\/02\\\/24\\\/uaemex-despierta-vocaciones-cientificas-y-tecnologicas-entre-las-infancias-y-juventudes\\\/#respond\"]}]},{\"@type\":\"WebPage\",\"@id\":\"https:\\\/\\\/expressometro.mx\\\/index.php\\\/2025\\\/02\\\/24\\\/uaemex-despierta-vocaciones-cientificas-y-tecnologicas-entre-las-infancias-y-juventudes\\\/\",\"url\":\"https:\\\/\\\/expressometro.mx\\\/index.php\\\/2025\\\/02\\\/24\\\/uaemex-despierta-vocaciones-cientificas-y-tecnologicas-entre-las-infancias-y-juventudes\\\/\",\"name\":\"UAEM\u00e9x DESPIERTA VOCACIONES CIENT\u00cdFICAS Y TECNOL\u00d3GICAS ENTRE LAS INFANCIAS Y JUVENTUDES - Expresso Metropolitano\",\"isPartOf\":{\"@id\":\"https:\\\/\\\/expressometro.mx\\\/#website\"},\"primaryImageOfPage\":{\"@id\":\"https:\\\/\\\/expressometro.mx\\\/index.php\\\/2025\\\/02\\\/24\\\/uaemex-despierta-vocaciones-cientificas-y-tecnologicas-entre-las-infancias-y-juventudes\\\/#primaryimage\"},\"image\":{\"@id\":\"https:\\\/\\\/expressometro.mx\\\/index.php\\\/2025\\\/02\\\/24\\\/uaemex-despierta-vocaciones-cientificas-y-tecnologicas-entre-las-infancias-y-juventudes\\\/#primaryimage\"},\"thumbnailUrl\":\"https:\\\/\\\/expressometro.mx\\\/wp-content\\\/uploads\\\/2025\\\/03\\\/WhatsApp-Image-2025-03-04-at-9.10.04-AM-1.jpeg\",\"datePublished\":\"2025-02-24T15:13:31+00:00\",\"dateModified\":\"2025-03-04T15:23:36+00:00\",\"breadcrumb\":{\"@id\":\"https:\\\/\\\/expressometro.mx\\\/index.php\\\/2025\\\/02\\\/24\\\/uaemex-despierta-vocaciones-cientificas-y-tecnologicas-entre-las-infancias-y-juventudes\\\/#breadcrumb\"},\"inLanguage\":\"es\",\"potentialAction\":[{\"@type\":\"ReadAction\",\"target\":[\"https:\\\/\\\/expressometro.mx\\\/index.php\\\/2025\\\/02\\\/24\\\/uaemex-despierta-vocaciones-cientificas-y-tecnologicas-entre-las-infancias-y-juventudes\\\/\"]}]},{\"@type\":\"ImageObject\",\"inLanguage\":\"es\",\"@id\":\"https:\\\/\\\/expressometro.mx\\\/index.php\\\/2025\\\/02\\\/24\\\/uaemex-despierta-vocaciones-cientificas-y-tecnologicas-entre-las-infancias-y-juventudes\\\/#primaryimage\",\"url\":\"https:\\\/\\\/expressometro.mx\\\/wp-content\\\/uploads\\\/2025\\\/03\\\/WhatsApp-Image-2025-03-04-at-9.10.04-AM-1.jpeg\",\"contentUrl\":\"https:\\\/\\\/expressometro.mx\\\/wp-content\\\/uploads\\\/2025\\\/03\\\/WhatsApp-Image-2025-03-04-at-9.10.04-AM-1.jpeg\",\"width\":800,\"height\":533},{\"@type\":\"BreadcrumbList\",\"@id\":\"https:\\\/\\\/expressometro.mx\\\/index.php\\\/2025\\\/02\\\/24\\\/uaemex-despierta-vocaciones-cientificas-y-tecnologicas-entre-las-infancias-y-juventudes\\\/#breadcrumb\",\"itemListElement\":[{\"@type\":\"ListItem\",\"position\":1,\"name\":\"Inicio\",\"item\":\"https:\\\/\\\/expressometro.mx\\\/\"},{\"@type\":\"ListItem\",\"position\":2,\"name\":\"UAEM\u00e9x DESPIERTA VOCACIONES CIENT\u00cdFICAS Y TECNOL\u00d3GICAS ENTRE LAS INFANCIAS Y JUVENTUDES\"}]},{\"@type\":\"WebSite\",\"@id\":\"https:\\\/\\\/expressometro.mx\\\/#website\",\"url\":\"https:\\\/\\\/expressometro.mx\\\/\",\"name\":\"Expresso Metropolitano\",\"description\":\"Periodismo comprometido, informaci\u00f3n, investigaci\u00f3n y an\u00e1lisis\",\"publisher\":{\"@id\":\"https:\\\/\\\/expressometro.mx\\\/#organization\"},\"potentialAction\":[{\"@type\":\"SearchAction\",\"target\":{\"@type\":\"EntryPoint\",\"urlTemplate\":\"https:\\\/\\\/expressometro.mx\\\/?s={search_term_string}\"},\"query-input\":{\"@type\":\"PropertyValueSpecification\",\"valueRequired\":true,\"valueName\":\"search_term_string\"}}],\"inLanguage\":\"es\"},{\"@type\":\"Organization\",\"@id\":\"https:\\\/\\\/expressometro.mx\\\/#organization\",\"name\":\"Expresso Metropolitano\",\"url\":\"https:\\\/\\\/expressometro.mx\\\/\",\"logo\":{\"@type\":\"ImageObject\",\"inLanguage\":\"es\",\"@id\":\"https:\\\/\\\/expressometro.mx\\\/#\\\/schema\\\/logo\\\/image\\\/\",\"url\":\"https:\\\/\\\/expressometro.mx\\\/wp-content\\\/uploads\\\/2019\\\/07\\\/cropped-Logo-Expresso-Metropolitano-1-1.jpeg\",\"contentUrl\":\"https:\\\/\\\/expressometro.mx\\\/wp-content\\\/uploads\\\/2019\\\/07\\\/cropped-Logo-Expresso-Metropolitano-1-1.jpeg\",\"width\":290,\"height\":73,\"caption\":\"Expresso Metropolitano\"},\"image\":{\"@id\":\"https:\\\/\\\/expressometro.mx\\\/#\\\/schema\\\/logo\\\/image\\\/\"}},{\"@type\":\"Person\",\"@id\":\"https:\\\/\\\/expressometro.mx\\\/#\\\/schema\\\/person\\\/efa971b4a0664db8ed5c22b1b0dd2f5d\",\"name\":\"Expresso Metropolitano\",\"image\":{\"@type\":\"ImageObject\",\"inLanguage\":\"es\",\"@id\":\"https:\\\/\\\/secure.gravatar.com\\\/avatar\\\/a89f802b8de18c6952f223c88d3d106e9e3679839f4e25a02f4a6cc2ae6ba3b3?s=96&d=mm&r=g\",\"url\":\"https:\\\/\\\/secure.gravatar.com\\\/avatar\\\/a89f802b8de18c6952f223c88d3d106e9e3679839f4e25a02f4a6cc2ae6ba3b3?s=96&d=mm&r=g\",\"contentUrl\":\"https:\\\/\\\/secure.gravatar.com\\\/avatar\\\/a89f802b8de18c6952f223c88d3d106e9e3679839f4e25a02f4a6cc2ae6ba3b3?s=96&d=mm&r=g\",\"caption\":\"Expresso Metropolitano\"},\"url\":\"https:\\\/\\\/expressometro.mx\\\/index.php\\\/author\\\/diego\\\/\"}]}<\/script>\n<!-- \/ Yoast SEO plugin. -->","yoast_head_json":{"title":"UAEM\u00e9x DESPIERTA VOCACIONES CIENT\u00cdFICAS Y TECNOL\u00d3GICAS ENTRE LAS INFANCIAS Y JUVENTUDES - Expresso Metropolitano","robots":{"index":"index","follow":"follow","max-snippet":"max-snippet:-1","max-image-preview":"max-image-preview:large","max-video-preview":"max-video-preview:-1"},"canonical":"https:\/\/expressometro.mx\/index.php\/2025\/02\/24\/uaemex-despierta-vocaciones-cientificas-y-tecnologicas-entre-las-infancias-y-juventudes\/","og_locale":"es_MX","og_type":"article","og_title":"UAEM\u00e9x DESPIERTA VOCACIONES CIENT\u00cdFICAS Y TECNOL\u00d3GICAS ENTRE LAS INFANCIAS Y JUVENTUDES - Expresso Metropolitano","og_description":"La UAEM\u00e9x es sede del Robofest LATAM 2025, encuentro internacional que invita a las nuevas generaciones a conocer la rob\u00f3tica, ciencia, tecnolog\u00eda, ingenier\u00eda, arte y matem\u00e1ticas.","og_url":"https:\/\/expressometro.mx\/index.php\/2025\/02\/24\/uaemex-despierta-vocaciones-cientificas-y-tecnologicas-entre-las-infancias-y-juventudes\/","og_site_name":"Expresso Metropolitano","article_published_time":"2025-02-24T15:13:31+00:00","article_modified_time":"2025-03-04T15:23:36+00:00","og_image":[{"width":800,"height":533,"url":"http:\/\/expressometro.mx\/wp-content\/uploads\/2025\/03\/WhatsApp-Image-2025-03-04-at-9.10.04-AM-1.jpeg","type":"image\/jpeg"}],"author":"Expresso Metropolitano","twitter_misc":{"Escrito por":"Expresso Metropolitano","Tiempo de lectura":"4 minutos"},"schema":{"@context":"https:\/\/schema.org","@graph":[{"@type":"Article","@id":"https:\/\/expressometro.mx\/index.php\/2025\/02\/24\/uaemex-despierta-vocaciones-cientificas-y-tecnologicas-entre-las-infancias-y-juventudes\/#article","isPartOf":{"@id":"https:\/\/expressometro.mx\/index.php\/2025\/02\/24\/uaemex-despierta-vocaciones-cientificas-y-tecnologicas-entre-las-infancias-y-juventudes\/"},"author":{"name":"Expresso Metropolitano","@id":"https:\/\/expressometro.mx\/#\/schema\/person\/efa971b4a0664db8ed5c22b1b0dd2f5d"},"headline":"UAEM\u00e9x DESPIERTA VOCACIONES CIENT\u00cdFICAS Y TECNOL\u00d3GICAS ENTRE LAS INFANCIAS Y JUVENTUDES","datePublished":"2025-02-24T15:13:31+00:00","dateModified":"2025-03-04T15:23:36+00:00","mainEntityOfPage":{"@id":"https:\/\/expressometro.mx\/index.php\/2025\/02\/24\/uaemex-despierta-vocaciones-cientificas-y-tecnologicas-entre-las-infancias-y-juventudes\/"},"wordCount":674,"commentCount":0,"publisher":{"@id":"https:\/\/expressometro.mx\/#organization"},"image":{"@id":"https:\/\/expressometro.mx\/index.php\/2025\/02\/24\/uaemex-despierta-vocaciones-cientificas-y-tecnologicas-entre-las-infancias-y-juventudes\/#primaryimage"},"thumbnailUrl":"https:\/\/expressometro.mx\/wp-content\/uploads\/2025\/03\/WhatsApp-Image-2025-03-04-at-9.10.04-AM-1.jpeg","keywords":["Carlos Eduardo Barrera D\u00edaz","Edomex","GEM","UAEMex"],"articleSection":["Gobierno","Otros","Pol\u00edtica"],"inLanguage":"es","potentialAction":[{"@type":"CommentAction","name":"Comment","target":["https:\/\/expressometro.mx\/index.php\/2025\/02\/24\/uaemex-despierta-vocaciones-cientificas-y-tecnologicas-entre-las-infancias-y-juventudes\/#respond"]}]},{"@type":"WebPage","@id":"https:\/\/expressometro.mx\/index.php\/2025\/02\/24\/uaemex-despierta-vocaciones-cientificas-y-tecnologicas-entre-las-infancias-y-juventudes\/","url":"https:\/\/expressometro.mx\/index.php\/2025\/02\/24\/uaemex-despierta-vocaciones-cientificas-y-tecnologicas-entre-las-infancias-y-juventudes\/","name":"UAEM\u00e9x DESPIERTA VOCACIONES CIENT\u00cdFICAS Y TECNOL\u00d3GICAS ENTRE LAS INFANCIAS Y JUVENTUDES - Expresso Metropolitano","isPartOf":{"@id":"https:\/\/expressometro.mx\/#website"},"primaryImageOfPage":{"@id":"https:\/\/expressometro.mx\/index.php\/2025\/02\/24\/uaemex-despierta-vocaciones-cientificas-y-tecnologicas-entre-las-infancias-y-juventudes\/#primaryimage"},"image":{"@id":"https:\/\/expressometro.mx\/index.php\/2025\/02\/24\/uaemex-despierta-vocaciones-cientificas-y-tecnologicas-entre-las-infancias-y-juventudes\/#primaryimage"},"thumbnailUrl":"https:\/\/expressometro.mx\/wp-content\/uploads\/2025\/03\/WhatsApp-Image-2025-03-04-at-9.10.04-AM-1.jpeg","datePublished":"2025-02-24T15:13:31+00:00","dateModified":"2025-03-04T15:23:36+00:00","breadcrumb":{"@id":"https:\/\/expressometro.mx\/index.php\/2025\/02\/24\/uaemex-despierta-vocaciones-cientificas-y-tecnologicas-entre-las-infancias-y-juventudes\/#breadcrumb"},"inLanguage":"es","potentialAction":[{"@type":"ReadAction","target":["https:\/\/expressometro.mx\/index.php\/2025\/02\/24\/uaemex-despierta-vocaciones-cientificas-y-tecnologicas-entre-las-infancias-y-juventudes\/"]}]},{"@type":"ImageObject","inLanguage":"es","@id":"https:\/\/expressometro.mx\/index.php\/2025\/02\/24\/uaemex-despierta-vocaciones-cientificas-y-tecnologicas-entre-las-infancias-y-juventudes\/#primaryimage","url":"https:\/\/expressometro.mx\/wp-content\/uploads\/2025\/03\/WhatsApp-Image-2025-03-04-at-9.10.04-AM-1.jpeg","contentUrl":"https:\/\/expressometro.mx\/wp-content\/uploads\/2025\/03\/WhatsApp-Image-2025-03-04-at-9.10.04-AM-1.jpeg","width":800,"height":533},{"@type":"BreadcrumbList","@id":"https:\/\/expressometro.mx\/index.php\/2025\/02\/24\/uaemex-despierta-vocaciones-cientificas-y-tecnologicas-entre-las-infancias-y-juventudes\/#breadcrumb","itemListElement":[{"@type":"ListItem","position":1,"name":"Inicio","item":"https:\/\/expressometro.mx\/"},{"@type":"ListItem","position":2,"name":"UAEM\u00e9x DESPIERTA VOCACIONES CIENT\u00cdFICAS Y TECNOL\u00d3GICAS ENTRE LAS INFANCIAS Y JUVENTUDES"}]},{"@type":"WebSite","@id":"https:\/\/expressometro.mx\/#website","url":"https:\/\/expressometro.mx\/","name":"Expresso Metropolitano","description":"Periodismo comprometido, informaci\u00f3n, investigaci\u00f3n y an\u00e1lisis","publisher":{"@id":"https:\/\/expressometro.mx\/#organization"},"potentialAction":[{"@type":"SearchAction","target":{"@type":"EntryPoint","urlTemplate":"https:\/\/expressometro.mx\/?s={search_term_string}"},"query-input":{"@type":"PropertyValueSpecification","valueRequired":true,"valueName":"search_term_string"}}],"inLanguage":"es"},{"@type":"Organization","@id":"https:\/\/expressometro.mx\/#organization","name":"Expresso Metropolitano","url":"https:\/\/expressometro.mx\/","logo":{"@type":"ImageObject","inLanguage":"es","@id":"https:\/\/expressometro.mx\/#\/schema\/logo\/image\/","url":"https:\/\/expressometro.mx\/wp-content\/uploads\/2019\/07\/cropped-Logo-Expresso-Metropolitano-1-1.jpeg","contentUrl":"https:\/\/expressometro.mx\/wp-content\/uploads\/2019\/07\/cropped-Logo-Expresso-Metropolitano-1-1.jpeg","width":290,"height":73,"caption":"Expresso Metropolitano"},"image":{"@id":"https:\/\/expressometro.mx\/#\/schema\/logo\/image\/"}},{"@type":"Person","@id":"https:\/\/expressometro.mx\/#\/schema\/person\/efa971b4a0664db8ed5c22b1b0dd2f5d","name":"Expresso Metropolitano","image":{"@type":"ImageObject","inLanguage":"es","@id":"https:\/\/secure.gravatar.com\/avatar\/a89f802b8de18c6952f223c88d3d106e9e3679839f4e25a02f4a6cc2ae6ba3b3?s=96&d=mm&r=g","url":"https:\/\/secure.gravatar.com\/avatar\/a89f802b8de18c6952f223c88d3d106e9e3679839f4e25a02f4a6cc2ae6ba3b3?s=96&d=mm&r=g","contentUrl":"https:\/\/secure.gravatar.com\/avatar\/a89f802b8de18c6952f223c88d3d106e9e3679839f4e25a02f4a6cc2ae6ba3b3?s=96&d=mm&r=g","caption":"Expresso Metropolitano"},"url":"https:\/\/expressometro.mx\/index.php\/author\/diego\/"}]}},"amp_enabled":true,"_links":{"self":[{"href":"https:\/\/expressometro.mx\/index.php\/wp-json\/wp\/v2\/posts\/10977","targetHints":{"allow":["GET"]}}],"collection":[{"href":"https:\/\/expressometro.mx\/index.php\/wp-json\/wp\/v2\/posts"}],"about":[{"href":"https:\/\/expressometro.mx\/index.php\/wp-json\/wp\/v2\/types\/post"}],"author":[{"embeddable":true,"href":"https:\/\/expressometro.mx\/index.php\/wp-json\/wp\/v2\/users\/1"}],"replies":[{"embeddable":true,"href":"https:\/\/expressometro.mx\/index.php\/wp-json\/wp\/v2\/comments?post=10977"}],"version-history":[{"count":1,"href":"https:\/\/expressometro.mx\/index.php\/wp-json\/wp\/v2\/posts\/10977\/revisions"}],"predecessor-version":[{"id":10981,"href":"https:\/\/expressometro.mx\/index.php\/wp-json\/wp\/v2\/posts\/10977\/revisions\/10981"}],"wp:featuredmedia":[{"embeddable":true,"href":"https:\/\/expressometro.mx\/index.php\/wp-json\/wp\/v2\/media\/10979"}],"wp:attachment":[{"href":"https:\/\/expressometro.mx\/index.php\/wp-json\/wp\/v2\/media?parent=10977"}],"wp:term":[{"taxonomy":"category","embeddable":true,"href":"https:\/\/expressometro.mx\/index.php\/wp-json\/wp\/v2\/categories?post=10977"},{"taxonomy":"post_tag","embeddable":true,"href":"https:\/\/expressometro.mx\/index.php\/wp-json\/wp\/v2\/tags?post=10977"}],"curies":[{"name":"wp","href":"https:\/\/api.w.org\/{rel}","templated":true}]}}