{"id":10953,"date":"2025-02-13T08:24:19","date_gmt":"2025-02-13T14:24:19","guid":{"rendered":"https:\/\/expressometro.mx\/?p=10953"},"modified":"2025-03-04T08:29:32","modified_gmt":"2025-03-04T14:29:32","slug":"uaemex-fomenta-las-vocaciones-cientificas-en-el-sector-femenino-de-su-comunidad-universitaria","status":"publish","type":"post","link":"https:\/\/expressometro.mx\/index.php\/2025\/02\/13\/uaemex-fomenta-las-vocaciones-cientificas-en-el-sector-femenino-de-su-comunidad-universitaria\/","title":{"rendered":"UAEM\u00e9x FOMENTA LAS VOCACIONES CIENT\u00cdFICAS EN EL SECTOR FEMENINO DE SU COMUNIDAD UNIVERSITARIA"},"content":{"rendered":"\n<ul class=\"wp-block-list\">\n<li>En el marco del D\u00eda Internacional de la Mujer y la Ni\u00f1a en la Ciencia, el rector de la UAEM\u00e9x, Carlos Eduardo Barrera D\u00edaz reconoci\u00f3 a estudiantado de la Licenciatura en Comunicaci\u00f3n que particip\u00f3 en el programa \u201cMujeres en la Ciencia\u201d.<\/li>\n<\/ul>\n\n\n\n<p>La Universidad Aut\u00f3noma del Estado de M\u00e9xico (UAEM\u00e9x) promueve la igualdad de oportunidades y reafirma su compromiso con el fomento de vocaciones cient\u00edficas entre las ni\u00f1as y j\u00f3venes, puntualiz\u00f3 el rector Carlos Eduardo Barrera D\u00edaz, en la ceremonia del D\u00eda Internacional de la Mujer y la Ni\u00f1a en la Ciencia.<\/p>\n\n\n\n<p>En la Sala \u201cBenito Ju\u00e1rez Garc\u00eda\u201d del Edificio de Rector\u00eda, Barrera D\u00edaz hizo entrega de reconocimientos a 10 estudiantes de la Licenciatura en Comunicaci\u00f3n de la UAEM\u00e9x que participaron en el programa institucional de comunicaci\u00f3n cient\u00edfica \u201cMujeres en la Ciencia\u201d, el cual divulga y reconoce el quehacer cient\u00edfico de las investigadoras auriverdes.<\/p>\n\n\n\n<p>Acompa\u00f1ado de la directora general de Comunicaci\u00f3n Universitaria, Ginarely Valencia Alc\u00e1ntara, el rector de la M\u00e1xima Casa de Estudios mexiquense asever\u00f3 que el sector femenino desempe\u00f1a un papel fundamental en el avance cient\u00edfico y tecnol\u00f3gico de las sociedades, por lo que su participaci\u00f3n no debe dejar de fortalecerse.<\/p>\n\n\n\n<figure class=\"wp-block-image size-large\"><img decoding=\"async\" width=\"840\" height=\"370\" src=\"https:\/\/expressometro.mx\/wp-content\/uploads\/2025\/03\/WhatsApp-Image-2025-03-04-at-8.27.00-AM-840x370.jpeg\" alt=\"\" class=\"wp-image-10956\" srcset=\"https:\/\/expressometro.mx\/wp-content\/uploads\/2025\/03\/WhatsApp-Image-2025-03-04-at-8.27.00-AM-840x370.jpeg 840w, https:\/\/expressometro.mx\/wp-content\/uploads\/2025\/03\/WhatsApp-Image-2025-03-04-at-8.27.00-AM-660x291.jpeg 660w, https:\/\/expressometro.mx\/wp-content\/uploads\/2025\/03\/WhatsApp-Image-2025-03-04-at-8.27.00-AM-768x338.jpeg 768w, https:\/\/expressometro.mx\/wp-content\/uploads\/2025\/03\/WhatsApp-Image-2025-03-04-at-8.27.00-AM.jpeg 1280w\" sizes=\"(max-width: 840px) 100vw, 840px\" \/><\/figure>\n\n\n\n<p>En este sentido, Barrera D\u00edaz explic\u00f3 que el programa \u201cMujeres en la Ciencia\u201d es un ejemplo claro del compromiso de la Administraci\u00f3n Universitaria 2021-2025 con la divulgaci\u00f3n del trabajo realizado por mujeres cient\u00edficas dentro de la UAEM\u00e9x, quienes inspiran al estudiantado con la generaci\u00f3n de art\u00edculos y proyectos que generen un impacto positivo en la sociedad.<\/p>\n\n\n\n<p>Por su parte, Valencia Alc\u00e1ntara resalt\u00f3 que desde la creaci\u00f3n de \u201cMujeres en la Ciencia\u201d en 2022, suma la participaci\u00f3n de 19 estudiantes que han realizado 100 historias de mujeres cient\u00edficas universitarias donde comparten los avances, hallazgos y aplicaciones de sus investigaciones, logrando un alcance de m\u00e1s de 35 pa\u00edses, por lo que este proyecto ha sido reconocido por el Noticiero Cient\u00edfico y Cultural Iberoamericano (NCC).<\/p>\n\n\n\n<p>Ante la presidenta de la Red Mexicana de Periodistas de Ciencia (Red MPC), Nelly Marisol Toche Salguero, Valencia Alc\u00e1ntara detall\u00f3 que, adem\u00e1s de la difusi\u00f3n del quehacer cient\u00edfico universitario, se han incentivado vocaciones period\u00edsticas entre las juventudes, pues el 93 por ciento de las historias y textos de este proyecto fueron realizados por alumnado auriverde, consolid\u00e1ndose as\u00ed el Laboratorio de Comunicaci\u00f3n de la UAEM\u00e9x para formar nuevos cuadros en el \u00e1rea de la comunicaci\u00f3n p\u00fablica de la ciencia con perspectiva de g\u00e9nero.<\/p>\n\n\n\n<p>En su participaci\u00f3n, la representante de \u00e9l y las estudiantes reconocidas en este acto, Lizbeth Rodea Mart\u00ednez, coment\u00f3 que \u201cMujeres en la Ciencia\u201d es un proyecto que no solo difunde las actividades de investigaci\u00f3n universitaria y sus aplicaciones en la sociedad, sino que tambi\u00e9n rompe con las barreras de acceso a la informaci\u00f3n cient\u00edfica hecha por mujeres, pues acerca estos proyectos a la sociedad en general. Al acto asistieron la representante de las investigadoras que participaron en el proyecto \u201cMujeres en la Ciencia\u201d, Rosa Mar\u00eda G\u00f3mez Espinosa; integrantes del Gabinete Universitario, as\u00ed como la comunidad verde y oro.<\/p>\n","protected":false},"excerpt":{"rendered":"<p>La Universidad Aut\u00f3noma del Estado de M\u00e9xico (UAEM\u00e9x) promueve la igualdad de oportunidades y reafirma su compromiso con el fomento de vocaciones cient\u00edficas entre las ni\u00f1as y j\u00f3venes, puntualiz\u00f3 el rector Carlos Eduardo Barrera D\u00edaz, en la ceremonia del D\u00eda Internacional de la Mujer y la Ni\u00f1a en la Ciencia.<\/p>\n","protected":false},"author":1,"featured_media":10955,"comment_status":"open","ping_status":"open","sticky":false,"template":"","format":"standard","meta":{"footnotes":""},"categories":[3,1,231],"tags":[313,1982,86,82],"class_list":["post-10953","post","type-post","status-publish","format-standard","has-post-thumbnail","hentry","category-gobierno","category-otros","category-politica","tag-carlos-eduardo-barrera-diaz","tag-edomex","tag-gem","tag-uaemex"],"yoast_head":"<!-- This site is optimized with the Yoast SEO plugin v27.4 - https:\/\/yoast.com\/product\/yoast-seo-wordpress\/ -->\n<title>UAEM\u00e9x FOMENTA LAS VOCACIONES CIENT\u00cdFICAS EN EL SECTOR FEMENINO DE SU COMUNIDAD UNIVERSITARIA - Expresso Metropolitano<\/title>\n<meta name=\"robots\" content=\"index, follow, max-snippet:-1, max-image-preview:large, max-video-preview:-1\" \/>\n<link rel=\"canonical\" href=\"https:\/\/expressometro.mx\/index.php\/2025\/02\/13\/uaemex-fomenta-las-vocaciones-cientificas-en-el-sector-femenino-de-su-comunidad-universitaria\/\" \/>\n<meta property=\"og:locale\" content=\"es_MX\" \/>\n<meta property=\"og:type\" content=\"article\" \/>\n<meta property=\"og:title\" content=\"UAEM\u00e9x FOMENTA LAS VOCACIONES CIENT\u00cdFICAS EN EL SECTOR FEMENINO DE SU COMUNIDAD UNIVERSITARIA - Expresso Metropolitano\" \/>\n<meta property=\"og:description\" content=\"La Universidad Aut\u00f3noma del Estado de M\u00e9xico (UAEM\u00e9x) promueve la igualdad de oportunidades y reafirma su compromiso con el fomento de vocaciones cient\u00edficas entre las ni\u00f1as y j\u00f3venes, puntualiz\u00f3 el rector Carlos Eduardo Barrera D\u00edaz, en la ceremonia del D\u00eda Internacional de la Mujer y la Ni\u00f1a en la Ciencia.\" \/>\n<meta property=\"og:url\" content=\"https:\/\/expressometro.mx\/index.php\/2025\/02\/13\/uaemex-fomenta-las-vocaciones-cientificas-en-el-sector-femenino-de-su-comunidad-universitaria\/\" \/>\n<meta property=\"og:site_name\" content=\"Expresso Metropolitano\" \/>\n<meta property=\"article:published_time\" content=\"2025-02-13T14:24:19+00:00\" \/>\n<meta property=\"article:modified_time\" content=\"2025-03-04T14:29:32+00:00\" \/>\n<meta property=\"og:image\" content=\"http:\/\/expressometro.mx\/wp-content\/uploads\/2025\/03\/WhatsApp-Image-2025-03-04-at-8.26.52-AM.jpeg\" \/>\n\t<meta property=\"og:image:width\" content=\"800\" \/>\n\t<meta property=\"og:image:height\" content=\"533\" \/>\n\t<meta property=\"og:image:type\" content=\"image\/jpeg\" \/>\n<meta name=\"author\" content=\"Expresso Metropolitano\" \/>\n<meta name=\"twitter:label1\" content=\"Escrito por\" \/>\n\t<meta name=\"twitter:data1\" content=\"Expresso Metropolitano\" \/>\n\t<meta name=\"twitter:label2\" content=\"Tiempo de lectura\" \/>\n\t<meta name=\"twitter:data2\" content=\"3 minutos\" \/>\n<script type=\"application\/ld+json\" class=\"yoast-schema-graph\">{\"@context\":\"https:\\\/\\\/schema.org\",\"@graph\":[{\"@type\":\"Article\",\"@id\":\"https:\\\/\\\/expressometro.mx\\\/index.php\\\/2025\\\/02\\\/13\\\/uaemex-fomenta-las-vocaciones-cientificas-en-el-sector-femenino-de-su-comunidad-universitaria\\\/#article\",\"isPartOf\":{\"@id\":\"https:\\\/\\\/expressometro.mx\\\/index.php\\\/2025\\\/02\\\/13\\\/uaemex-fomenta-las-vocaciones-cientificas-en-el-sector-femenino-de-su-comunidad-universitaria\\\/\"},\"author\":{\"name\":\"Expresso Metropolitano\",\"@id\":\"https:\\\/\\\/expressometro.mx\\\/#\\\/schema\\\/person\\\/efa971b4a0664db8ed5c22b1b0dd2f5d\"},\"headline\":\"UAEM\u00e9x FOMENTA LAS VOCACIONES CIENT\u00cdFICAS EN EL SECTOR FEMENINO DE SU COMUNIDAD UNIVERSITARIA\",\"datePublished\":\"2025-02-13T14:24:19+00:00\",\"dateModified\":\"2025-03-04T14:29:32+00:00\",\"mainEntityOfPage\":{\"@id\":\"https:\\\/\\\/expressometro.mx\\\/index.php\\\/2025\\\/02\\\/13\\\/uaemex-fomenta-las-vocaciones-cientificas-en-el-sector-femenino-de-su-comunidad-universitaria\\\/\"},\"wordCount\":566,\"commentCount\":0,\"publisher\":{\"@id\":\"https:\\\/\\\/expressometro.mx\\\/#organization\"},\"image\":{\"@id\":\"https:\\\/\\\/expressometro.mx\\\/index.php\\\/2025\\\/02\\\/13\\\/uaemex-fomenta-las-vocaciones-cientificas-en-el-sector-femenino-de-su-comunidad-universitaria\\\/#primaryimage\"},\"thumbnailUrl\":\"https:\\\/\\\/expressometro.mx\\\/wp-content\\\/uploads\\\/2025\\\/03\\\/WhatsApp-Image-2025-03-04-at-8.26.52-AM.jpeg\",\"keywords\":[\"Carlos Eduardo Barrera D\u00edaz\",\"Edomex\",\"GEM\",\"UAEMex\"],\"articleSection\":[\"Gobierno\",\"Otros\",\"Pol\u00edtica\"],\"inLanguage\":\"es\",\"potentialAction\":[{\"@type\":\"CommentAction\",\"name\":\"Comment\",\"target\":[\"https:\\\/\\\/expressometro.mx\\\/index.php\\\/2025\\\/02\\\/13\\\/uaemex-fomenta-las-vocaciones-cientificas-en-el-sector-femenino-de-su-comunidad-universitaria\\\/#respond\"]}]},{\"@type\":\"WebPage\",\"@id\":\"https:\\\/\\\/expressometro.mx\\\/index.php\\\/2025\\\/02\\\/13\\\/uaemex-fomenta-las-vocaciones-cientificas-en-el-sector-femenino-de-su-comunidad-universitaria\\\/\",\"url\":\"https:\\\/\\\/expressometro.mx\\\/index.php\\\/2025\\\/02\\\/13\\\/uaemex-fomenta-las-vocaciones-cientificas-en-el-sector-femenino-de-su-comunidad-universitaria\\\/\",\"name\":\"UAEM\u00e9x FOMENTA LAS VOCACIONES CIENT\u00cdFICAS EN EL SECTOR FEMENINO DE SU COMUNIDAD UNIVERSITARIA - Expresso Metropolitano\",\"isPartOf\":{\"@id\":\"https:\\\/\\\/expressometro.mx\\\/#website\"},\"primaryImageOfPage\":{\"@id\":\"https:\\\/\\\/expressometro.mx\\\/index.php\\\/2025\\\/02\\\/13\\\/uaemex-fomenta-las-vocaciones-cientificas-en-el-sector-femenino-de-su-comunidad-universitaria\\\/#primaryimage\"},\"image\":{\"@id\":\"https:\\\/\\\/expressometro.mx\\\/index.php\\\/2025\\\/02\\\/13\\\/uaemex-fomenta-las-vocaciones-cientificas-en-el-sector-femenino-de-su-comunidad-universitaria\\\/#primaryimage\"},\"thumbnailUrl\":\"https:\\\/\\\/expressometro.mx\\\/wp-content\\\/uploads\\\/2025\\\/03\\\/WhatsApp-Image-2025-03-04-at-8.26.52-AM.jpeg\",\"datePublished\":\"2025-02-13T14:24:19+00:00\",\"dateModified\":\"2025-03-04T14:29:32+00:00\",\"breadcrumb\":{\"@id\":\"https:\\\/\\\/expressometro.mx\\\/index.php\\\/2025\\\/02\\\/13\\\/uaemex-fomenta-las-vocaciones-cientificas-en-el-sector-femenino-de-su-comunidad-universitaria\\\/#breadcrumb\"},\"inLanguage\":\"es\",\"potentialAction\":[{\"@type\":\"ReadAction\",\"target\":[\"https:\\\/\\\/expressometro.mx\\\/index.php\\\/2025\\\/02\\\/13\\\/uaemex-fomenta-las-vocaciones-cientificas-en-el-sector-femenino-de-su-comunidad-universitaria\\\/\"]}]},{\"@type\":\"ImageObject\",\"inLanguage\":\"es\",\"@id\":\"https:\\\/\\\/expressometro.mx\\\/index.php\\\/2025\\\/02\\\/13\\\/uaemex-fomenta-las-vocaciones-cientificas-en-el-sector-femenino-de-su-comunidad-universitaria\\\/#primaryimage\",\"url\":\"https:\\\/\\\/expressometro.mx\\\/wp-content\\\/uploads\\\/2025\\\/03\\\/WhatsApp-Image-2025-03-04-at-8.26.52-AM.jpeg\",\"contentUrl\":\"https:\\\/\\\/expressometro.mx\\\/wp-content\\\/uploads\\\/2025\\\/03\\\/WhatsApp-Image-2025-03-04-at-8.26.52-AM.jpeg\",\"width\":800,\"height\":533},{\"@type\":\"BreadcrumbList\",\"@id\":\"https:\\\/\\\/expressometro.mx\\\/index.php\\\/2025\\\/02\\\/13\\\/uaemex-fomenta-las-vocaciones-cientificas-en-el-sector-femenino-de-su-comunidad-universitaria\\\/#breadcrumb\",\"itemListElement\":[{\"@type\":\"ListItem\",\"position\":1,\"name\":\"Inicio\",\"item\":\"https:\\\/\\\/expressometro.mx\\\/\"},{\"@type\":\"ListItem\",\"position\":2,\"name\":\"UAEM\u00e9x FOMENTA LAS VOCACIONES CIENT\u00cdFICAS EN EL SECTOR FEMENINO DE SU COMUNIDAD UNIVERSITARIA\"}]},{\"@type\":\"WebSite\",\"@id\":\"https:\\\/\\\/expressometro.mx\\\/#website\",\"url\":\"https:\\\/\\\/expressometro.mx\\\/\",\"name\":\"Expresso Metropolitano\",\"description\":\"Periodismo comprometido, informaci\u00f3n, investigaci\u00f3n y an\u00e1lisis\",\"publisher\":{\"@id\":\"https:\\\/\\\/expressometro.mx\\\/#organization\"},\"potentialAction\":[{\"@type\":\"SearchAction\",\"target\":{\"@type\":\"EntryPoint\",\"urlTemplate\":\"https:\\\/\\\/expressometro.mx\\\/?s={search_term_string}\"},\"query-input\":{\"@type\":\"PropertyValueSpecification\",\"valueRequired\":true,\"valueName\":\"search_term_string\"}}],\"inLanguage\":\"es\"},{\"@type\":\"Organization\",\"@id\":\"https:\\\/\\\/expressometro.mx\\\/#organization\",\"name\":\"Expresso Metropolitano\",\"url\":\"https:\\\/\\\/expressometro.mx\\\/\",\"logo\":{\"@type\":\"ImageObject\",\"inLanguage\":\"es\",\"@id\":\"https:\\\/\\\/expressometro.mx\\\/#\\\/schema\\\/logo\\\/image\\\/\",\"url\":\"https:\\\/\\\/expressometro.mx\\\/wp-content\\\/uploads\\\/2019\\\/07\\\/cropped-Logo-Expresso-Metropolitano-1-1.jpeg\",\"contentUrl\":\"https:\\\/\\\/expressometro.mx\\\/wp-content\\\/uploads\\\/2019\\\/07\\\/cropped-Logo-Expresso-Metropolitano-1-1.jpeg\",\"width\":290,\"height\":73,\"caption\":\"Expresso Metropolitano\"},\"image\":{\"@id\":\"https:\\\/\\\/expressometro.mx\\\/#\\\/schema\\\/logo\\\/image\\\/\"}},{\"@type\":\"Person\",\"@id\":\"https:\\\/\\\/expressometro.mx\\\/#\\\/schema\\\/person\\\/efa971b4a0664db8ed5c22b1b0dd2f5d\",\"name\":\"Expresso Metropolitano\",\"image\":{\"@type\":\"ImageObject\",\"inLanguage\":\"es\",\"@id\":\"https:\\\/\\\/secure.gravatar.com\\\/avatar\\\/a89f802b8de18c6952f223c88d3d106e9e3679839f4e25a02f4a6cc2ae6ba3b3?s=96&d=mm&r=g\",\"url\":\"https:\\\/\\\/secure.gravatar.com\\\/avatar\\\/a89f802b8de18c6952f223c88d3d106e9e3679839f4e25a02f4a6cc2ae6ba3b3?s=96&d=mm&r=g\",\"contentUrl\":\"https:\\\/\\\/secure.gravatar.com\\\/avatar\\\/a89f802b8de18c6952f223c88d3d106e9e3679839f4e25a02f4a6cc2ae6ba3b3?s=96&d=mm&r=g\",\"caption\":\"Expresso Metropolitano\"},\"url\":\"https:\\\/\\\/expressometro.mx\\\/index.php\\\/author\\\/diego\\\/\"}]}<\/script>\n<!-- \/ Yoast SEO plugin. -->","yoast_head_json":{"title":"UAEM\u00e9x FOMENTA LAS VOCACIONES CIENT\u00cdFICAS EN EL SECTOR FEMENINO DE SU COMUNIDAD UNIVERSITARIA - Expresso Metropolitano","robots":{"index":"index","follow":"follow","max-snippet":"max-snippet:-1","max-image-preview":"max-image-preview:large","max-video-preview":"max-video-preview:-1"},"canonical":"https:\/\/expressometro.mx\/index.php\/2025\/02\/13\/uaemex-fomenta-las-vocaciones-cientificas-en-el-sector-femenino-de-su-comunidad-universitaria\/","og_locale":"es_MX","og_type":"article","og_title":"UAEM\u00e9x FOMENTA LAS VOCACIONES CIENT\u00cdFICAS EN EL SECTOR FEMENINO DE SU COMUNIDAD UNIVERSITARIA - Expresso Metropolitano","og_description":"La Universidad Aut\u00f3noma del Estado de M\u00e9xico (UAEM\u00e9x) promueve la igualdad de oportunidades y reafirma su compromiso con el fomento de vocaciones cient\u00edficas entre las ni\u00f1as y j\u00f3venes, puntualiz\u00f3 el rector Carlos Eduardo Barrera D\u00edaz, en la ceremonia del D\u00eda Internacional de la Mujer y la Ni\u00f1a en la Ciencia.","og_url":"https:\/\/expressometro.mx\/index.php\/2025\/02\/13\/uaemex-fomenta-las-vocaciones-cientificas-en-el-sector-femenino-de-su-comunidad-universitaria\/","og_site_name":"Expresso Metropolitano","article_published_time":"2025-02-13T14:24:19+00:00","article_modified_time":"2025-03-04T14:29:32+00:00","og_image":[{"width":800,"height":533,"url":"http:\/\/expressometro.mx\/wp-content\/uploads\/2025\/03\/WhatsApp-Image-2025-03-04-at-8.26.52-AM.jpeg","type":"image\/jpeg"}],"author":"Expresso Metropolitano","twitter_misc":{"Escrito por":"Expresso Metropolitano","Tiempo de lectura":"3 minutos"},"schema":{"@context":"https:\/\/schema.org","@graph":[{"@type":"Article","@id":"https:\/\/expressometro.mx\/index.php\/2025\/02\/13\/uaemex-fomenta-las-vocaciones-cientificas-en-el-sector-femenino-de-su-comunidad-universitaria\/#article","isPartOf":{"@id":"https:\/\/expressometro.mx\/index.php\/2025\/02\/13\/uaemex-fomenta-las-vocaciones-cientificas-en-el-sector-femenino-de-su-comunidad-universitaria\/"},"author":{"name":"Expresso Metropolitano","@id":"https:\/\/expressometro.mx\/#\/schema\/person\/efa971b4a0664db8ed5c22b1b0dd2f5d"},"headline":"UAEM\u00e9x FOMENTA LAS VOCACIONES CIENT\u00cdFICAS EN EL SECTOR FEMENINO DE SU COMUNIDAD UNIVERSITARIA","datePublished":"2025-02-13T14:24:19+00:00","dateModified":"2025-03-04T14:29:32+00:00","mainEntityOfPage":{"@id":"https:\/\/expressometro.mx\/index.php\/2025\/02\/13\/uaemex-fomenta-las-vocaciones-cientificas-en-el-sector-femenino-de-su-comunidad-universitaria\/"},"wordCount":566,"commentCount":0,"publisher":{"@id":"https:\/\/expressometro.mx\/#organization"},"image":{"@id":"https:\/\/expressometro.mx\/index.php\/2025\/02\/13\/uaemex-fomenta-las-vocaciones-cientificas-en-el-sector-femenino-de-su-comunidad-universitaria\/#primaryimage"},"thumbnailUrl":"https:\/\/expressometro.mx\/wp-content\/uploads\/2025\/03\/WhatsApp-Image-2025-03-04-at-8.26.52-AM.jpeg","keywords":["Carlos Eduardo Barrera D\u00edaz","Edomex","GEM","UAEMex"],"articleSection":["Gobierno","Otros","Pol\u00edtica"],"inLanguage":"es","potentialAction":[{"@type":"CommentAction","name":"Comment","target":["https:\/\/expressometro.mx\/index.php\/2025\/02\/13\/uaemex-fomenta-las-vocaciones-cientificas-en-el-sector-femenino-de-su-comunidad-universitaria\/#respond"]}]},{"@type":"WebPage","@id":"https:\/\/expressometro.mx\/index.php\/2025\/02\/13\/uaemex-fomenta-las-vocaciones-cientificas-en-el-sector-femenino-de-su-comunidad-universitaria\/","url":"https:\/\/expressometro.mx\/index.php\/2025\/02\/13\/uaemex-fomenta-las-vocaciones-cientificas-en-el-sector-femenino-de-su-comunidad-universitaria\/","name":"UAEM\u00e9x FOMENTA LAS VOCACIONES CIENT\u00cdFICAS EN EL SECTOR FEMENINO DE SU COMUNIDAD UNIVERSITARIA - Expresso Metropolitano","isPartOf":{"@id":"https:\/\/expressometro.mx\/#website"},"primaryImageOfPage":{"@id":"https:\/\/expressometro.mx\/index.php\/2025\/02\/13\/uaemex-fomenta-las-vocaciones-cientificas-en-el-sector-femenino-de-su-comunidad-universitaria\/#primaryimage"},"image":{"@id":"https:\/\/expressometro.mx\/index.php\/2025\/02\/13\/uaemex-fomenta-las-vocaciones-cientificas-en-el-sector-femenino-de-su-comunidad-universitaria\/#primaryimage"},"thumbnailUrl":"https:\/\/expressometro.mx\/wp-content\/uploads\/2025\/03\/WhatsApp-Image-2025-03-04-at-8.26.52-AM.jpeg","datePublished":"2025-02-13T14:24:19+00:00","dateModified":"2025-03-04T14:29:32+00:00","breadcrumb":{"@id":"https:\/\/expressometro.mx\/index.php\/2025\/02\/13\/uaemex-fomenta-las-vocaciones-cientificas-en-el-sector-femenino-de-su-comunidad-universitaria\/#breadcrumb"},"inLanguage":"es","potentialAction":[{"@type":"ReadAction","target":["https:\/\/expressometro.mx\/index.php\/2025\/02\/13\/uaemex-fomenta-las-vocaciones-cientificas-en-el-sector-femenino-de-su-comunidad-universitaria\/"]}]},{"@type":"ImageObject","inLanguage":"es","@id":"https:\/\/expressometro.mx\/index.php\/2025\/02\/13\/uaemex-fomenta-las-vocaciones-cientificas-en-el-sector-femenino-de-su-comunidad-universitaria\/#primaryimage","url":"https:\/\/expressometro.mx\/wp-content\/uploads\/2025\/03\/WhatsApp-Image-2025-03-04-at-8.26.52-AM.jpeg","contentUrl":"https:\/\/expressometro.mx\/wp-content\/uploads\/2025\/03\/WhatsApp-Image-2025-03-04-at-8.26.52-AM.jpeg","width":800,"height":533},{"@type":"BreadcrumbList","@id":"https:\/\/expressometro.mx\/index.php\/2025\/02\/13\/uaemex-fomenta-las-vocaciones-cientificas-en-el-sector-femenino-de-su-comunidad-universitaria\/#breadcrumb","itemListElement":[{"@type":"ListItem","position":1,"name":"Inicio","item":"https:\/\/expressometro.mx\/"},{"@type":"ListItem","position":2,"name":"UAEM\u00e9x FOMENTA LAS VOCACIONES CIENT\u00cdFICAS EN EL SECTOR FEMENINO DE SU COMUNIDAD UNIVERSITARIA"}]},{"@type":"WebSite","@id":"https:\/\/expressometro.mx\/#website","url":"https:\/\/expressometro.mx\/","name":"Expresso Metropolitano","description":"Periodismo comprometido, informaci\u00f3n, investigaci\u00f3n y an\u00e1lisis","publisher":{"@id":"https:\/\/expressometro.mx\/#organization"},"potentialAction":[{"@type":"SearchAction","target":{"@type":"EntryPoint","urlTemplate":"https:\/\/expressometro.mx\/?s={search_term_string}"},"query-input":{"@type":"PropertyValueSpecification","valueRequired":true,"valueName":"search_term_string"}}],"inLanguage":"es"},{"@type":"Organization","@id":"https:\/\/expressometro.mx\/#organization","name":"Expresso Metropolitano","url":"https:\/\/expressometro.mx\/","logo":{"@type":"ImageObject","inLanguage":"es","@id":"https:\/\/expressometro.mx\/#\/schema\/logo\/image\/","url":"https:\/\/expressometro.mx\/wp-content\/uploads\/2019\/07\/cropped-Logo-Expresso-Metropolitano-1-1.jpeg","contentUrl":"https:\/\/expressometro.mx\/wp-content\/uploads\/2019\/07\/cropped-Logo-Expresso-Metropolitano-1-1.jpeg","width":290,"height":73,"caption":"Expresso Metropolitano"},"image":{"@id":"https:\/\/expressometro.mx\/#\/schema\/logo\/image\/"}},{"@type":"Person","@id":"https:\/\/expressometro.mx\/#\/schema\/person\/efa971b4a0664db8ed5c22b1b0dd2f5d","name":"Expresso Metropolitano","image":{"@type":"ImageObject","inLanguage":"es","@id":"https:\/\/secure.gravatar.com\/avatar\/a89f802b8de18c6952f223c88d3d106e9e3679839f4e25a02f4a6cc2ae6ba3b3?s=96&d=mm&r=g","url":"https:\/\/secure.gravatar.com\/avatar\/a89f802b8de18c6952f223c88d3d106e9e3679839f4e25a02f4a6cc2ae6ba3b3?s=96&d=mm&r=g","contentUrl":"https:\/\/secure.gravatar.com\/avatar\/a89f802b8de18c6952f223c88d3d106e9e3679839f4e25a02f4a6cc2ae6ba3b3?s=96&d=mm&r=g","caption":"Expresso Metropolitano"},"url":"https:\/\/expressometro.mx\/index.php\/author\/diego\/"}]}},"amp_enabled":true,"_links":{"self":[{"href":"https:\/\/expressometro.mx\/index.php\/wp-json\/wp\/v2\/posts\/10953","targetHints":{"allow":["GET"]}}],"collection":[{"href":"https:\/\/expressometro.mx\/index.php\/wp-json\/wp\/v2\/posts"}],"about":[{"href":"https:\/\/expressometro.mx\/index.php\/wp-json\/wp\/v2\/types\/post"}],"author":[{"embeddable":true,"href":"https:\/\/expressometro.mx\/index.php\/wp-json\/wp\/v2\/users\/1"}],"replies":[{"embeddable":true,"href":"https:\/\/expressometro.mx\/index.php\/wp-json\/wp\/v2\/comments?post=10953"}],"version-history":[{"count":1,"href":"https:\/\/expressometro.mx\/index.php\/wp-json\/wp\/v2\/posts\/10953\/revisions"}],"predecessor-version":[{"id":10957,"href":"https:\/\/expressometro.mx\/index.php\/wp-json\/wp\/v2\/posts\/10953\/revisions\/10957"}],"wp:featuredmedia":[{"embeddable":true,"href":"https:\/\/expressometro.mx\/index.php\/wp-json\/wp\/v2\/media\/10955"}],"wp:attachment":[{"href":"https:\/\/expressometro.mx\/index.php\/wp-json\/wp\/v2\/media?parent=10953"}],"wp:term":[{"taxonomy":"category","embeddable":true,"href":"https:\/\/expressometro.mx\/index.php\/wp-json\/wp\/v2\/categories?post=10953"},{"taxonomy":"post_tag","embeddable":true,"href":"https:\/\/expressometro.mx\/index.php\/wp-json\/wp\/v2\/tags?post=10953"}],"curies":[{"name":"wp","href":"https:\/\/api.w.org\/{rel}","templated":true}]}}