{"id":10947,"date":"2025-02-12T08:08:44","date_gmt":"2025-02-12T14:08:44","guid":{"rendered":"https:\/\/expressometro.mx\/?p=10947"},"modified":"2025-03-04T08:17:58","modified_gmt":"2025-03-04T14:17:58","slug":"uaemex-reconoce-la-labor-cientifica-de-las-mujeres-con-exposicion-fotografica","status":"publish","type":"post","link":"https:\/\/expressometro.mx\/index.php\/2025\/02\/12\/uaemex-reconoce-la-labor-cientifica-de-las-mujeres-con-exposicion-fotografica\/","title":{"rendered":"UAEM\u00e9x RECONOCE LA LABOR CIENT\u00cdFICA DE LAS MUJERES CON EXPOSICI\u00d3N FOTOGR\u00c1FICA"},"content":{"rendered":"\n<ul class=\"wp-block-list\">\n<li>La selecci\u00f3n de im\u00e1genes fue producto de un concurso donde participaron 133 personas y 233 fotograf\u00edas en cuatro categor\u00edas: infantil, juvenil, senior y experto.<\/li>\n\n\n\n<li>La exposici\u00f3n estar\u00e1 disponible para el p\u00fablico en general hasta el 14 de febrero del 2025 en la Galer\u00eda D\u00e9lfica del Edificio UAEM\u00edtas en horario de 9 a 18 hrs.<\/li>\n<\/ul>\n\n\n\n<p>Con el objetivo de visibilizar y celebrar el papel de las mujeres en la generaci\u00f3n de conocimiento, la Universidad Aut\u00f3noma del Estado de M\u00e9xico (UAEM\u00e9x) expone la selecci\u00f3n fotogr\u00e1fica \u201cMujeres y Ni\u00f1as en la Ciencia\u201d en la Galer\u00eda D\u00e9lfica del Edificio UAEMitas.<\/p>\n\n\n\n<p>En compa\u00f1\u00eda del rector Carlos Eduardo Barrera D\u00edaz y en presencia del director general del Consejo Mexiquense de Ciencia y Tecnolog\u00eda (COMECYT), Victor Manuel \u00c1vila Akerberg, la secretaria de Investigaci\u00f3n y Estudios Avanzados, Martha Patricia Zarza Delgado, mencion\u00f3 que el conocimiento cient\u00edfico enfrenta desaf\u00edos sociales, estructurales y culturales como la brecha de g\u00e9nero, por lo cual, es indispensable visibilizar el rol fundamental de las mujeres en la ciencia y su contribuci\u00f3n para el estudio y comprensi\u00f3n del mundo.<\/p>\n\n\n\n<p>En el marco del D\u00eda Internacional de la Mujer y la Ni\u00f1a en la Ciencia, \u00c1vila Akerberg refiri\u00f3 que entre el 55 y 60 por ciento de los apoyos y becas que ofrece el COMECYT son aprovechadas por mujeres, as\u00ed como los programas de estancias de investigaci\u00f3n y estudios de posgrado en instituciones nacionales e internacionales, lo cual significa un paso importante para alcanzar la equidad en la labor cient\u00edfica.<\/p>\n\n\n\n<figure class=\"wp-block-image size-large\"><img decoding=\"async\" width=\"720\" height=\"480\" src=\"https:\/\/expressometro.mx\/wp-content\/uploads\/2025\/03\/WhatsApp-Image-2025-03-04-at-8.16.03-AM-720x480.jpeg\" alt=\"\" class=\"wp-image-10950\" srcset=\"https:\/\/expressometro.mx\/wp-content\/uploads\/2025\/03\/WhatsApp-Image-2025-03-04-at-8.16.03-AM-720x480.jpeg 720w, https:\/\/expressometro.mx\/wp-content\/uploads\/2025\/03\/WhatsApp-Image-2025-03-04-at-8.16.03-AM-548x365.jpeg 548w, https:\/\/expressometro.mx\/wp-content\/uploads\/2025\/03\/WhatsApp-Image-2025-03-04-at-8.16.03-AM-768x512.jpeg 768w, https:\/\/expressometro.mx\/wp-content\/uploads\/2025\/03\/WhatsApp-Image-2025-03-04-at-8.16.03-AM.jpeg 800w\" sizes=\"(max-width: 720px) 100vw, 720px\" \/><\/figure>\n\n\n\n<p>La selecci\u00f3n de im\u00e1genes fue producto de un concurso donde participaron 133 personas y 233 fotograf\u00edas en cuatro categor\u00edas: infantil, juvenil, senior y experto. Asimismo, se entreg\u00f3 un reconocimiento especial a la investigadora Rosa Mar\u00eda G\u00f3mez Espinosa por ser la primera mujer en recibir un registro de patente en la UAEM\u00e9x.<\/p>\n\n\n\n<p>Al evento acudieron la secretaria de Difusi\u00f3n Cultural de la UAEM\u00e9x, Mar\u00eda de las Mercedes Portilla Luja, la representante de las participantes del concurso, Nancy Jennifer Garc\u00eda Guti\u00e9rrez, la coordinadora Institucional de Equidad de G\u00e9nero, Alejandra Carmona Casta\u00f1eda, la directora general de Comunicaci\u00f3n Universitaria, Ginarely Valencia Alc\u00e1ntara, directores y directoras de \u00e1rea de la SIEA y de Difusi\u00f3n Cultural, as\u00ed como galardonadas, galardonados y comunidad universitaria. La exposici\u00f3n estar\u00e1 disponible para el p\u00fablico en general hasta el 14 de febrero del 2025 en la Galer\u00eda D\u00e9lfica del Edificio UAEM\u00edtas en un horario de 9 a 18 hrs.<\/p>\n","protected":false},"excerpt":{"rendered":"<p>Con el objetivo de visibilizar y celebrar el papel de las mujeres en la generaci\u00f3n de conocimiento, la Universidad Aut\u00f3noma del Estado de M\u00e9xico (UAEM\u00e9x) expone la selecci\u00f3n fotogr\u00e1fica \u201cMujeres y Ni\u00f1as en la Ciencia\u201d en la Galer\u00eda D\u00e9lfica del Edificio UAEMitas.<\/p>\n","protected":false},"author":1,"featured_media":10949,"comment_status":"open","ping_status":"open","sticky":false,"template":"","format":"standard","meta":{"footnotes":""},"categories":[3,1,231],"tags":[313,1982,86,82],"class_list":["post-10947","post","type-post","status-publish","format-standard","has-post-thumbnail","hentry","category-gobierno","category-otros","category-politica","tag-carlos-eduardo-barrera-diaz","tag-edomex","tag-gem","tag-uaemex"],"yoast_head":"<!-- This site is optimized with the Yoast SEO plugin v27.4 - https:\/\/yoast.com\/product\/yoast-seo-wordpress\/ -->\n<title>UAEM\u00e9x RECONOCE LA LABOR CIENT\u00cdFICA DE LAS MUJERES CON EXPOSICI\u00d3N FOTOGR\u00c1FICA - Expresso Metropolitano<\/title>\n<meta name=\"robots\" content=\"index, follow, max-snippet:-1, max-image-preview:large, max-video-preview:-1\" \/>\n<link rel=\"canonical\" href=\"https:\/\/expressometro.mx\/index.php\/2025\/02\/12\/uaemex-reconoce-la-labor-cientifica-de-las-mujeres-con-exposicion-fotografica\/\" \/>\n<meta property=\"og:locale\" content=\"es_MX\" \/>\n<meta property=\"og:type\" content=\"article\" \/>\n<meta property=\"og:title\" content=\"UAEM\u00e9x RECONOCE LA LABOR CIENT\u00cdFICA DE LAS MUJERES CON EXPOSICI\u00d3N FOTOGR\u00c1FICA - Expresso Metropolitano\" \/>\n<meta property=\"og:description\" content=\"Con el objetivo de visibilizar y celebrar el papel de las mujeres en la generaci\u00f3n de conocimiento, la Universidad Aut\u00f3noma del Estado de M\u00e9xico (UAEM\u00e9x) expone la selecci\u00f3n fotogr\u00e1fica \u201cMujeres y Ni\u00f1as en la Ciencia\u201d en la Galer\u00eda D\u00e9lfica del Edificio UAEMitas.\" \/>\n<meta property=\"og:url\" content=\"https:\/\/expressometro.mx\/index.php\/2025\/02\/12\/uaemex-reconoce-la-labor-cientifica-de-las-mujeres-con-exposicion-fotografica\/\" \/>\n<meta property=\"og:site_name\" content=\"Expresso Metropolitano\" \/>\n<meta property=\"article:published_time\" content=\"2025-02-12T14:08:44+00:00\" \/>\n<meta property=\"article:modified_time\" content=\"2025-03-04T14:17:58+00:00\" \/>\n<meta property=\"og:image\" content=\"http:\/\/expressometro.mx\/wp-content\/uploads\/2025\/03\/WhatsApp-Image-2025-03-04-at-8.15.09-AM.jpeg\" \/>\n\t<meta property=\"og:image:width\" content=\"800\" \/>\n\t<meta property=\"og:image:height\" content=\"533\" \/>\n\t<meta property=\"og:image:type\" content=\"image\/jpeg\" \/>\n<meta name=\"author\" content=\"Expresso Metropolitano\" \/>\n<meta name=\"twitter:label1\" content=\"Escrito por\" \/>\n\t<meta name=\"twitter:data1\" content=\"Expresso Metropolitano\" \/>\n\t<meta name=\"twitter:label2\" content=\"Tiempo de lectura\" \/>\n\t<meta name=\"twitter:data2\" content=\"3 minutos\" \/>\n<script type=\"application\/ld+json\" class=\"yoast-schema-graph\">{\"@context\":\"https:\\\/\\\/schema.org\",\"@graph\":[{\"@type\":\"Article\",\"@id\":\"https:\\\/\\\/expressometro.mx\\\/index.php\\\/2025\\\/02\\\/12\\\/uaemex-reconoce-la-labor-cientifica-de-las-mujeres-con-exposicion-fotografica\\\/#article\",\"isPartOf\":{\"@id\":\"https:\\\/\\\/expressometro.mx\\\/index.php\\\/2025\\\/02\\\/12\\\/uaemex-reconoce-la-labor-cientifica-de-las-mujeres-con-exposicion-fotografica\\\/\"},\"author\":{\"name\":\"Expresso Metropolitano\",\"@id\":\"https:\\\/\\\/expressometro.mx\\\/#\\\/schema\\\/person\\\/efa971b4a0664db8ed5c22b1b0dd2f5d\"},\"headline\":\"UAEM\u00e9x RECONOCE LA LABOR CIENT\u00cdFICA DE LAS MUJERES CON EXPOSICI\u00d3N FOTOGR\u00c1FICA\",\"datePublished\":\"2025-02-12T14:08:44+00:00\",\"dateModified\":\"2025-03-04T14:17:58+00:00\",\"mainEntityOfPage\":{\"@id\":\"https:\\\/\\\/expressometro.mx\\\/index.php\\\/2025\\\/02\\\/12\\\/uaemex-reconoce-la-labor-cientifica-de-las-mujeres-con-exposicion-fotografica\\\/\"},\"wordCount\":446,\"commentCount\":0,\"publisher\":{\"@id\":\"https:\\\/\\\/expressometro.mx\\\/#organization\"},\"image\":{\"@id\":\"https:\\\/\\\/expressometro.mx\\\/index.php\\\/2025\\\/02\\\/12\\\/uaemex-reconoce-la-labor-cientifica-de-las-mujeres-con-exposicion-fotografica\\\/#primaryimage\"},\"thumbnailUrl\":\"https:\\\/\\\/expressometro.mx\\\/wp-content\\\/uploads\\\/2025\\\/03\\\/WhatsApp-Image-2025-03-04-at-8.15.09-AM.jpeg\",\"keywords\":[\"Carlos Eduardo Barrera D\u00edaz\",\"Edomex\",\"GEM\",\"UAEMex\"],\"articleSection\":[\"Gobierno\",\"Otros\",\"Pol\u00edtica\"],\"inLanguage\":\"es\",\"potentialAction\":[{\"@type\":\"CommentAction\",\"name\":\"Comment\",\"target\":[\"https:\\\/\\\/expressometro.mx\\\/index.php\\\/2025\\\/02\\\/12\\\/uaemex-reconoce-la-labor-cientifica-de-las-mujeres-con-exposicion-fotografica\\\/#respond\"]}]},{\"@type\":\"WebPage\",\"@id\":\"https:\\\/\\\/expressometro.mx\\\/index.php\\\/2025\\\/02\\\/12\\\/uaemex-reconoce-la-labor-cientifica-de-las-mujeres-con-exposicion-fotografica\\\/\",\"url\":\"https:\\\/\\\/expressometro.mx\\\/index.php\\\/2025\\\/02\\\/12\\\/uaemex-reconoce-la-labor-cientifica-de-las-mujeres-con-exposicion-fotografica\\\/\",\"name\":\"UAEM\u00e9x RECONOCE LA LABOR CIENT\u00cdFICA DE LAS MUJERES CON EXPOSICI\u00d3N FOTOGR\u00c1FICA - Expresso Metropolitano\",\"isPartOf\":{\"@id\":\"https:\\\/\\\/expressometro.mx\\\/#website\"},\"primaryImageOfPage\":{\"@id\":\"https:\\\/\\\/expressometro.mx\\\/index.php\\\/2025\\\/02\\\/12\\\/uaemex-reconoce-la-labor-cientifica-de-las-mujeres-con-exposicion-fotografica\\\/#primaryimage\"},\"image\":{\"@id\":\"https:\\\/\\\/expressometro.mx\\\/index.php\\\/2025\\\/02\\\/12\\\/uaemex-reconoce-la-labor-cientifica-de-las-mujeres-con-exposicion-fotografica\\\/#primaryimage\"},\"thumbnailUrl\":\"https:\\\/\\\/expressometro.mx\\\/wp-content\\\/uploads\\\/2025\\\/03\\\/WhatsApp-Image-2025-03-04-at-8.15.09-AM.jpeg\",\"datePublished\":\"2025-02-12T14:08:44+00:00\",\"dateModified\":\"2025-03-04T14:17:58+00:00\",\"breadcrumb\":{\"@id\":\"https:\\\/\\\/expressometro.mx\\\/index.php\\\/2025\\\/02\\\/12\\\/uaemex-reconoce-la-labor-cientifica-de-las-mujeres-con-exposicion-fotografica\\\/#breadcrumb\"},\"inLanguage\":\"es\",\"potentialAction\":[{\"@type\":\"ReadAction\",\"target\":[\"https:\\\/\\\/expressometro.mx\\\/index.php\\\/2025\\\/02\\\/12\\\/uaemex-reconoce-la-labor-cientifica-de-las-mujeres-con-exposicion-fotografica\\\/\"]}]},{\"@type\":\"ImageObject\",\"inLanguage\":\"es\",\"@id\":\"https:\\\/\\\/expressometro.mx\\\/index.php\\\/2025\\\/02\\\/12\\\/uaemex-reconoce-la-labor-cientifica-de-las-mujeres-con-exposicion-fotografica\\\/#primaryimage\",\"url\":\"https:\\\/\\\/expressometro.mx\\\/wp-content\\\/uploads\\\/2025\\\/03\\\/WhatsApp-Image-2025-03-04-at-8.15.09-AM.jpeg\",\"contentUrl\":\"https:\\\/\\\/expressometro.mx\\\/wp-content\\\/uploads\\\/2025\\\/03\\\/WhatsApp-Image-2025-03-04-at-8.15.09-AM.jpeg\",\"width\":800,\"height\":533},{\"@type\":\"BreadcrumbList\",\"@id\":\"https:\\\/\\\/expressometro.mx\\\/index.php\\\/2025\\\/02\\\/12\\\/uaemex-reconoce-la-labor-cientifica-de-las-mujeres-con-exposicion-fotografica\\\/#breadcrumb\",\"itemListElement\":[{\"@type\":\"ListItem\",\"position\":1,\"name\":\"Inicio\",\"item\":\"https:\\\/\\\/expressometro.mx\\\/\"},{\"@type\":\"ListItem\",\"position\":2,\"name\":\"UAEM\u00e9x RECONOCE LA LABOR CIENT\u00cdFICA DE LAS MUJERES CON EXPOSICI\u00d3N FOTOGR\u00c1FICA\"}]},{\"@type\":\"WebSite\",\"@id\":\"https:\\\/\\\/expressometro.mx\\\/#website\",\"url\":\"https:\\\/\\\/expressometro.mx\\\/\",\"name\":\"Expresso Metropolitano\",\"description\":\"Periodismo comprometido, informaci\u00f3n, investigaci\u00f3n y an\u00e1lisis\",\"publisher\":{\"@id\":\"https:\\\/\\\/expressometro.mx\\\/#organization\"},\"potentialAction\":[{\"@type\":\"SearchAction\",\"target\":{\"@type\":\"EntryPoint\",\"urlTemplate\":\"https:\\\/\\\/expressometro.mx\\\/?s={search_term_string}\"},\"query-input\":{\"@type\":\"PropertyValueSpecification\",\"valueRequired\":true,\"valueName\":\"search_term_string\"}}],\"inLanguage\":\"es\"},{\"@type\":\"Organization\",\"@id\":\"https:\\\/\\\/expressometro.mx\\\/#organization\",\"name\":\"Expresso Metropolitano\",\"url\":\"https:\\\/\\\/expressometro.mx\\\/\",\"logo\":{\"@type\":\"ImageObject\",\"inLanguage\":\"es\",\"@id\":\"https:\\\/\\\/expressometro.mx\\\/#\\\/schema\\\/logo\\\/image\\\/\",\"url\":\"https:\\\/\\\/expressometro.mx\\\/wp-content\\\/uploads\\\/2019\\\/07\\\/cropped-Logo-Expresso-Metropolitano-1-1.jpeg\",\"contentUrl\":\"https:\\\/\\\/expressometro.mx\\\/wp-content\\\/uploads\\\/2019\\\/07\\\/cropped-Logo-Expresso-Metropolitano-1-1.jpeg\",\"width\":290,\"height\":73,\"caption\":\"Expresso Metropolitano\"},\"image\":{\"@id\":\"https:\\\/\\\/expressometro.mx\\\/#\\\/schema\\\/logo\\\/image\\\/\"}},{\"@type\":\"Person\",\"@id\":\"https:\\\/\\\/expressometro.mx\\\/#\\\/schema\\\/person\\\/efa971b4a0664db8ed5c22b1b0dd2f5d\",\"name\":\"Expresso Metropolitano\",\"image\":{\"@type\":\"ImageObject\",\"inLanguage\":\"es\",\"@id\":\"https:\\\/\\\/secure.gravatar.com\\\/avatar\\\/a89f802b8de18c6952f223c88d3d106e9e3679839f4e25a02f4a6cc2ae6ba3b3?s=96&d=mm&r=g\",\"url\":\"https:\\\/\\\/secure.gravatar.com\\\/avatar\\\/a89f802b8de18c6952f223c88d3d106e9e3679839f4e25a02f4a6cc2ae6ba3b3?s=96&d=mm&r=g\",\"contentUrl\":\"https:\\\/\\\/secure.gravatar.com\\\/avatar\\\/a89f802b8de18c6952f223c88d3d106e9e3679839f4e25a02f4a6cc2ae6ba3b3?s=96&d=mm&r=g\",\"caption\":\"Expresso Metropolitano\"},\"url\":\"https:\\\/\\\/expressometro.mx\\\/index.php\\\/author\\\/diego\\\/\"}]}<\/script>\n<!-- \/ Yoast SEO plugin. -->","yoast_head_json":{"title":"UAEM\u00e9x RECONOCE LA LABOR CIENT\u00cdFICA DE LAS MUJERES CON EXPOSICI\u00d3N FOTOGR\u00c1FICA - Expresso Metropolitano","robots":{"index":"index","follow":"follow","max-snippet":"max-snippet:-1","max-image-preview":"max-image-preview:large","max-video-preview":"max-video-preview:-1"},"canonical":"https:\/\/expressometro.mx\/index.php\/2025\/02\/12\/uaemex-reconoce-la-labor-cientifica-de-las-mujeres-con-exposicion-fotografica\/","og_locale":"es_MX","og_type":"article","og_title":"UAEM\u00e9x RECONOCE LA LABOR CIENT\u00cdFICA DE LAS MUJERES CON EXPOSICI\u00d3N FOTOGR\u00c1FICA - Expresso Metropolitano","og_description":"Con el objetivo de visibilizar y celebrar el papel de las mujeres en la generaci\u00f3n de conocimiento, la Universidad Aut\u00f3noma del Estado de M\u00e9xico (UAEM\u00e9x) expone la selecci\u00f3n fotogr\u00e1fica \u201cMujeres y Ni\u00f1as en la Ciencia\u201d en la Galer\u00eda D\u00e9lfica del Edificio UAEMitas.","og_url":"https:\/\/expressometro.mx\/index.php\/2025\/02\/12\/uaemex-reconoce-la-labor-cientifica-de-las-mujeres-con-exposicion-fotografica\/","og_site_name":"Expresso Metropolitano","article_published_time":"2025-02-12T14:08:44+00:00","article_modified_time":"2025-03-04T14:17:58+00:00","og_image":[{"width":800,"height":533,"url":"http:\/\/expressometro.mx\/wp-content\/uploads\/2025\/03\/WhatsApp-Image-2025-03-04-at-8.15.09-AM.jpeg","type":"image\/jpeg"}],"author":"Expresso Metropolitano","twitter_misc":{"Escrito por":"Expresso Metropolitano","Tiempo de lectura":"3 minutos"},"schema":{"@context":"https:\/\/schema.org","@graph":[{"@type":"Article","@id":"https:\/\/expressometro.mx\/index.php\/2025\/02\/12\/uaemex-reconoce-la-labor-cientifica-de-las-mujeres-con-exposicion-fotografica\/#article","isPartOf":{"@id":"https:\/\/expressometro.mx\/index.php\/2025\/02\/12\/uaemex-reconoce-la-labor-cientifica-de-las-mujeres-con-exposicion-fotografica\/"},"author":{"name":"Expresso Metropolitano","@id":"https:\/\/expressometro.mx\/#\/schema\/person\/efa971b4a0664db8ed5c22b1b0dd2f5d"},"headline":"UAEM\u00e9x RECONOCE LA LABOR CIENT\u00cdFICA DE LAS MUJERES CON EXPOSICI\u00d3N FOTOGR\u00c1FICA","datePublished":"2025-02-12T14:08:44+00:00","dateModified":"2025-03-04T14:17:58+00:00","mainEntityOfPage":{"@id":"https:\/\/expressometro.mx\/index.php\/2025\/02\/12\/uaemex-reconoce-la-labor-cientifica-de-las-mujeres-con-exposicion-fotografica\/"},"wordCount":446,"commentCount":0,"publisher":{"@id":"https:\/\/expressometro.mx\/#organization"},"image":{"@id":"https:\/\/expressometro.mx\/index.php\/2025\/02\/12\/uaemex-reconoce-la-labor-cientifica-de-las-mujeres-con-exposicion-fotografica\/#primaryimage"},"thumbnailUrl":"https:\/\/expressometro.mx\/wp-content\/uploads\/2025\/03\/WhatsApp-Image-2025-03-04-at-8.15.09-AM.jpeg","keywords":["Carlos Eduardo Barrera D\u00edaz","Edomex","GEM","UAEMex"],"articleSection":["Gobierno","Otros","Pol\u00edtica"],"inLanguage":"es","potentialAction":[{"@type":"CommentAction","name":"Comment","target":["https:\/\/expressometro.mx\/index.php\/2025\/02\/12\/uaemex-reconoce-la-labor-cientifica-de-las-mujeres-con-exposicion-fotografica\/#respond"]}]},{"@type":"WebPage","@id":"https:\/\/expressometro.mx\/index.php\/2025\/02\/12\/uaemex-reconoce-la-labor-cientifica-de-las-mujeres-con-exposicion-fotografica\/","url":"https:\/\/expressometro.mx\/index.php\/2025\/02\/12\/uaemex-reconoce-la-labor-cientifica-de-las-mujeres-con-exposicion-fotografica\/","name":"UAEM\u00e9x RECONOCE LA LABOR CIENT\u00cdFICA DE LAS MUJERES CON EXPOSICI\u00d3N FOTOGR\u00c1FICA - Expresso Metropolitano","isPartOf":{"@id":"https:\/\/expressometro.mx\/#website"},"primaryImageOfPage":{"@id":"https:\/\/expressometro.mx\/index.php\/2025\/02\/12\/uaemex-reconoce-la-labor-cientifica-de-las-mujeres-con-exposicion-fotografica\/#primaryimage"},"image":{"@id":"https:\/\/expressometro.mx\/index.php\/2025\/02\/12\/uaemex-reconoce-la-labor-cientifica-de-las-mujeres-con-exposicion-fotografica\/#primaryimage"},"thumbnailUrl":"https:\/\/expressometro.mx\/wp-content\/uploads\/2025\/03\/WhatsApp-Image-2025-03-04-at-8.15.09-AM.jpeg","datePublished":"2025-02-12T14:08:44+00:00","dateModified":"2025-03-04T14:17:58+00:00","breadcrumb":{"@id":"https:\/\/expressometro.mx\/index.php\/2025\/02\/12\/uaemex-reconoce-la-labor-cientifica-de-las-mujeres-con-exposicion-fotografica\/#breadcrumb"},"inLanguage":"es","potentialAction":[{"@type":"ReadAction","target":["https:\/\/expressometro.mx\/index.php\/2025\/02\/12\/uaemex-reconoce-la-labor-cientifica-de-las-mujeres-con-exposicion-fotografica\/"]}]},{"@type":"ImageObject","inLanguage":"es","@id":"https:\/\/expressometro.mx\/index.php\/2025\/02\/12\/uaemex-reconoce-la-labor-cientifica-de-las-mujeres-con-exposicion-fotografica\/#primaryimage","url":"https:\/\/expressometro.mx\/wp-content\/uploads\/2025\/03\/WhatsApp-Image-2025-03-04-at-8.15.09-AM.jpeg","contentUrl":"https:\/\/expressometro.mx\/wp-content\/uploads\/2025\/03\/WhatsApp-Image-2025-03-04-at-8.15.09-AM.jpeg","width":800,"height":533},{"@type":"BreadcrumbList","@id":"https:\/\/expressometro.mx\/index.php\/2025\/02\/12\/uaemex-reconoce-la-labor-cientifica-de-las-mujeres-con-exposicion-fotografica\/#breadcrumb","itemListElement":[{"@type":"ListItem","position":1,"name":"Inicio","item":"https:\/\/expressometro.mx\/"},{"@type":"ListItem","position":2,"name":"UAEM\u00e9x RECONOCE LA LABOR CIENT\u00cdFICA DE LAS MUJERES CON EXPOSICI\u00d3N FOTOGR\u00c1FICA"}]},{"@type":"WebSite","@id":"https:\/\/expressometro.mx\/#website","url":"https:\/\/expressometro.mx\/","name":"Expresso Metropolitano","description":"Periodismo comprometido, informaci\u00f3n, investigaci\u00f3n y an\u00e1lisis","publisher":{"@id":"https:\/\/expressometro.mx\/#organization"},"potentialAction":[{"@type":"SearchAction","target":{"@type":"EntryPoint","urlTemplate":"https:\/\/expressometro.mx\/?s={search_term_string}"},"query-input":{"@type":"PropertyValueSpecification","valueRequired":true,"valueName":"search_term_string"}}],"inLanguage":"es"},{"@type":"Organization","@id":"https:\/\/expressometro.mx\/#organization","name":"Expresso Metropolitano","url":"https:\/\/expressometro.mx\/","logo":{"@type":"ImageObject","inLanguage":"es","@id":"https:\/\/expressometro.mx\/#\/schema\/logo\/image\/","url":"https:\/\/expressometro.mx\/wp-content\/uploads\/2019\/07\/cropped-Logo-Expresso-Metropolitano-1-1.jpeg","contentUrl":"https:\/\/expressometro.mx\/wp-content\/uploads\/2019\/07\/cropped-Logo-Expresso-Metropolitano-1-1.jpeg","width":290,"height":73,"caption":"Expresso Metropolitano"},"image":{"@id":"https:\/\/expressometro.mx\/#\/schema\/logo\/image\/"}},{"@type":"Person","@id":"https:\/\/expressometro.mx\/#\/schema\/person\/efa971b4a0664db8ed5c22b1b0dd2f5d","name":"Expresso Metropolitano","image":{"@type":"ImageObject","inLanguage":"es","@id":"https:\/\/secure.gravatar.com\/avatar\/a89f802b8de18c6952f223c88d3d106e9e3679839f4e25a02f4a6cc2ae6ba3b3?s=96&d=mm&r=g","url":"https:\/\/secure.gravatar.com\/avatar\/a89f802b8de18c6952f223c88d3d106e9e3679839f4e25a02f4a6cc2ae6ba3b3?s=96&d=mm&r=g","contentUrl":"https:\/\/secure.gravatar.com\/avatar\/a89f802b8de18c6952f223c88d3d106e9e3679839f4e25a02f4a6cc2ae6ba3b3?s=96&d=mm&r=g","caption":"Expresso Metropolitano"},"url":"https:\/\/expressometro.mx\/index.php\/author\/diego\/"}]}},"amp_enabled":true,"_links":{"self":[{"href":"https:\/\/expressometro.mx\/index.php\/wp-json\/wp\/v2\/posts\/10947","targetHints":{"allow":["GET"]}}],"collection":[{"href":"https:\/\/expressometro.mx\/index.php\/wp-json\/wp\/v2\/posts"}],"about":[{"href":"https:\/\/expressometro.mx\/index.php\/wp-json\/wp\/v2\/types\/post"}],"author":[{"embeddable":true,"href":"https:\/\/expressometro.mx\/index.php\/wp-json\/wp\/v2\/users\/1"}],"replies":[{"embeddable":true,"href":"https:\/\/expressometro.mx\/index.php\/wp-json\/wp\/v2\/comments?post=10947"}],"version-history":[{"count":1,"href":"https:\/\/expressometro.mx\/index.php\/wp-json\/wp\/v2\/posts\/10947\/revisions"}],"predecessor-version":[{"id":10951,"href":"https:\/\/expressometro.mx\/index.php\/wp-json\/wp\/v2\/posts\/10947\/revisions\/10951"}],"wp:featuredmedia":[{"embeddable":true,"href":"https:\/\/expressometro.mx\/index.php\/wp-json\/wp\/v2\/media\/10949"}],"wp:attachment":[{"href":"https:\/\/expressometro.mx\/index.php\/wp-json\/wp\/v2\/media?parent=10947"}],"wp:term":[{"taxonomy":"category","embeddable":true,"href":"https:\/\/expressometro.mx\/index.php\/wp-json\/wp\/v2\/categories?post=10947"},{"taxonomy":"post_tag","embeddable":true,"href":"https:\/\/expressometro.mx\/index.php\/wp-json\/wp\/v2\/tags?post=10947"}],"curies":[{"name":"wp","href":"https:\/\/api.w.org\/{rel}","templated":true}]}}