{"id":10935,"date":"2025-02-04T07:54:24","date_gmt":"2025-02-04T13:54:24","guid":{"rendered":"https:\/\/expressometro.mx\/?p=10935"},"modified":"2025-03-04T08:01:24","modified_gmt":"2025-03-04T14:01:24","slug":"uaemex-colabora-con-gobierno-federal-para-fortalecer-la-educacion-media-superior-en-la-zona-metropolitana-del-valle-de-mexico","status":"publish","type":"post","link":"https:\/\/expressometro.mx\/index.php\/2025\/02\/04\/uaemex-colabora-con-gobierno-federal-para-fortalecer-la-educacion-media-superior-en-la-zona-metropolitana-del-valle-de-mexico\/","title":{"rendered":"UAEM\u00e9x COLABORA CON GOBIERNO FEDERAL PARA FORTALECER LA EDUCACI\u00d3N MEDIA SUPERIOR EN LA ZONA METROPOLITANA DEL VALLE DE M\u00c9XICO"},"content":{"rendered":"\n<ul class=\"wp-block-list\">\n<li>La presidenta de M\u00e9xico, Claudia Sheinbaum Pardo, encabez\u00f3 la firma del acuerdo de adhesi\u00f3n al Consejo Acad\u00e9mico para la Transformaci\u00f3n de la Educaci\u00f3n Tecnol\u00f3gica y profesional Media Superior.<\/li>\n\n\n\n<li>El rector de la UAEM\u00e9x, Carlos Eduardo Barrera D\u00edaz, destac\u00f3 que desde el semestre 2024B, se implement\u00f3 el nuevo Curr\u00edculum de Bachillerato Universitario (CBU), dando un acompa\u00f1amiento integral al estudiantado.<\/li>\n<\/ul>\n\n\n\n<p>Con el objetivo de garantizar que la educaci\u00f3n media superior del pa\u00eds sea de calidad, a trav\u00e9s de un trabajo continuo con las y los docentes, la Universidad Aut\u00f3noma del Estados de M\u00e9xico (UAEM\u00e9x), en conjunto con la Universidad Nacional Aut\u00f3noma de M\u00e9xico (UNAM), el Instituto Polit\u00e9cnico Nacional (IPN), la Universidad Aut\u00f3noma Metropolitana (UAM) y el Tecnol\u00f3gico Nacional de M\u00e9xico, firmaron el acuerdo de adhesi\u00f3n al Consejo Acad\u00e9mico para la Transformaci\u00f3n de la Educaci\u00f3n Tecnol\u00f3gica y profesional Media Superior, acto encabezado por la presidenta de M\u00e9xico, Claudia Sheinbaum Pardo, la Gobernadora del Estado de M\u00e9xico, Delfina G\u00f3mez \u00c1lvarez, y la Jefa de Gobierno de la Ciudad de M\u00e9xico, Clara Brugada Molina, quienes firmaron como testigos de honor.<\/p>\n\n\n\n<p>En Palacio Nacional, Sheinbaum Pardo explic\u00f3 que se busca fortalecer la Educaci\u00f3n Media Superior a trav\u00e9s de la unificaci\u00f3n de los distintos programas de bachillerato para que las juventudes tengan mayores oportunidades educativas.<\/p>\n\n\n\n<p>\u201cLa Educaci\u00f3n Media Superior no es s\u00f3lo academia y conocimiento, sino que tambi\u00e9n es socializaci\u00f3n, es decir, hay muchas cosas m\u00e1s que te da la escuela, por ello se busca que las y los j\u00f3venes tengan un espacio de vida para todas y todos\u201d, destac\u00f3.<\/p>\n\n\n\n<p>La presidenta apunt\u00f3 que este acuerdo busca ser un proceso de inclusi\u00f3n y de la construcci\u00f3n del derecho a la educaci\u00f3n para dignificarlo.<\/p>\n\n\n\n<figure class=\"wp-block-image size-large\"><img loading=\"lazy\" decoding=\"async\" width=\"720\" height=\"480\" src=\"https:\/\/expressometro.mx\/wp-content\/uploads\/2025\/03\/WhatsApp-Image-2025-03-04-at-7.53.40-AM-720x480.jpeg\" alt=\"\" class=\"wp-image-10938\" srcset=\"https:\/\/expressometro.mx\/wp-content\/uploads\/2025\/03\/WhatsApp-Image-2025-03-04-at-7.53.40-AM-720x480.jpeg 720w, https:\/\/expressometro.mx\/wp-content\/uploads\/2025\/03\/WhatsApp-Image-2025-03-04-at-7.53.40-AM-548x365.jpeg 548w, https:\/\/expressometro.mx\/wp-content\/uploads\/2025\/03\/WhatsApp-Image-2025-03-04-at-7.53.40-AM-768x512.jpeg 768w, https:\/\/expressometro.mx\/wp-content\/uploads\/2025\/03\/WhatsApp-Image-2025-03-04-at-7.53.40-AM.jpeg 1280w\" sizes=\"auto, (max-width: 720px) 100vw, 720px\" \/><\/figure>\n\n\n\n<p>Durante su intervenci\u00f3n, el secretario de Educaci\u00f3n P\u00fablica de M\u00e9xico, Mario Delgado Carillo, mencion\u00f3 que, por otra parte, se impulsa el programa \u201cBachillerato Nacional para todas y todos \u00a1Mi derecho, mi lugar!\u201d, que elimina el examen de ingreso a bachillerato de la Comisi\u00f3n Metropolitana de Instituciones P\u00fablicas de Educaci\u00f3n Media Superior (Comipems) para garantizar el acceso directo, justo y equitativo al nivel medio superior en la Ciudad de M\u00e9xico y en la Zona Metropolitana del Valle de M\u00e9xico.<\/p>\n\n\n\n<p>\u201cEn el Estado de M\u00e9xico, con el apoyo de la Gobernadora, Delfina G\u00f3mez \u00c1lvarez, se van a construir siete nuevas escuelas preparatorias y reconvertir 10 secundarias en preparatorias para aumentar el n\u00famero de lugares ofertados para ingresar al bachillerato\u201d, abund\u00f3.<\/p>\n\n\n\n<p>En su oportunidad y ante la secretaria de Ciencias, Humanidades, Tecnolog\u00eda e Innovaci\u00f3n (SECIHTI), Rosaura Ruiz Guti\u00e9rrez, el rector de la M\u00e1xima Casa de Estudios Mexiquense, Carlos Eduardo Barrera D\u00edaz, destac\u00f3 que la colaboraci\u00f3n con la federaci\u00f3n permite que desde el semestre 2024B, se implemente el nuevo Curr\u00edculum de Bachillerato Universitario (CBU), dando un acompa\u00f1amiento integral al estudiantado en donde cuentan con tutoras y tutores, orientadoras y orientadores, as\u00ed como personal m\u00e9dico y psicol\u00f3gico, ya que se busca que cada estudiante cuente con mejores condiciones para su desarrollo.<\/p>\n\n\n\n<p>Adem\u00e1s, en conjunto con la Secretar\u00eda de Educaci\u00f3n P\u00fablica de M\u00e9xico, se cre\u00f3 un diplomado superior que ha capacitado a 700 profesoras y profesores de la entidad mexiquense.<\/p>\n\n\n\n<p>\u201cEn la UAEM\u00e9x contamos con un sistema llamado \u201cPotrobus\u201d, el cual es un transporte limpio, seguro y nuevo, el cual le da confianza a los padres y madres de familia. Adem\u00e1s de ello, cuando \u00e9l o la alumna llegan a su escuela llegan a un lugar digno con personal acad\u00e9mico capacitado y contamos con un programa de mentor\u00edas, en donde el alumnado destacado capacita a sus dem\u00e1s compa\u00f1eras y compa\u00f1eros\u201d, puntualiz\u00f3.<\/p>\n\n\n\n<p>Finalmente, destac\u00f3 que la UAEM\u00e9x est\u00e1 trabajando de la mano con la Asociaci\u00f3n Nacional de Universidades e Instituciones de Nivel Superior (ANUIES) en el Nivel Medio Superior, muestra de ello, dijo, fue que durante el periodo 2022 al 2024, est\u00e1 casa de estudios tuvo a su cargo la Secretar\u00eda General de la Coordinaci\u00f3n Nacional de la Red de Educaci\u00f3n Media Superior de la ANUIES.&nbsp; Para el periodo 2024- 2026 la Universidad asumir\u00e1 la Coordinaci\u00f3n Nacional, para trabajar en conjunto con otras universidades.&nbsp; Al acto acudieron, la subsecretar\u00eda de Educaci\u00f3n Media Superior de M\u00e9xico, Tania Rodr\u00edguez Mora, el rector de la Universidad Nacional Aut\u00f3noma de M\u00e9xico (UNAM), Leonardo Lomeli Vanegas, el rector de la Universidad Aut\u00f3noma Metropolitana (UAM), Jos\u00e9 Antonio De los Reyes Heredia y el Director General del Instituto Polit\u00e9cnico Nacional (IPN), Arturo Reyes Sandoval.<\/p>\n","protected":false},"excerpt":{"rendered":"<p>La presidenta de M\u00e9xico, Claudia Sheinbaum Pardo, encabez\u00f3 la firma del acuerdo de adhesi\u00f3n al Consejo Acad\u00e9mico para la Transformaci\u00f3n de la Educaci\u00f3n Tecnol\u00f3gica y profesional Media Superior.<\/p>\n","protected":false},"author":1,"featured_media":10937,"comment_status":"open","ping_status":"open","sticky":false,"template":"","format":"standard","meta":{"footnotes":""},"categories":[3,1,231],"tags":[313,1982,86,82],"class_list":["post-10935","post","type-post","status-publish","format-standard","has-post-thumbnail","hentry","category-gobierno","category-otros","category-politica","tag-carlos-eduardo-barrera-diaz","tag-edomex","tag-gem","tag-uaemex"],"yoast_head":"<!-- This site is optimized with the Yoast SEO plugin v27.5 - https:\/\/yoast.com\/product\/yoast-seo-wordpress\/ -->\n<title>UAEM\u00e9x COLABORA CON GOBIERNO FEDERAL PARA FORTALECER LA EDUCACI\u00d3N MEDIA SUPERIOR EN LA ZONA METROPOLITANA DEL VALLE DE M\u00c9XICO - Expresso Metropolitano<\/title>\n<meta name=\"robots\" content=\"index, follow, max-snippet:-1, max-image-preview:large, max-video-preview:-1\" \/>\n<link rel=\"canonical\" href=\"https:\/\/expressometro.mx\/index.php\/2025\/02\/04\/uaemex-colabora-con-gobierno-federal-para-fortalecer-la-educacion-media-superior-en-la-zona-metropolitana-del-valle-de-mexico\/\" \/>\n<meta property=\"og:locale\" content=\"es_MX\" \/>\n<meta property=\"og:type\" content=\"article\" \/>\n<meta property=\"og:title\" content=\"UAEM\u00e9x COLABORA CON GOBIERNO FEDERAL PARA FORTALECER LA EDUCACI\u00d3N MEDIA SUPERIOR EN LA ZONA METROPOLITANA DEL VALLE DE M\u00c9XICO - Expresso Metropolitano\" \/>\n<meta property=\"og:description\" content=\"La presidenta de M\u00e9xico, Claudia Sheinbaum Pardo, encabez\u00f3 la firma del acuerdo de adhesi\u00f3n al Consejo Acad\u00e9mico para la Transformaci\u00f3n de la Educaci\u00f3n Tecnol\u00f3gica y profesional Media Superior.\" \/>\n<meta property=\"og:url\" content=\"https:\/\/expressometro.mx\/index.php\/2025\/02\/04\/uaemex-colabora-con-gobierno-federal-para-fortalecer-la-educacion-media-superior-en-la-zona-metropolitana-del-valle-de-mexico\/\" \/>\n<meta property=\"og:site_name\" content=\"Expresso Metropolitano\" \/>\n<meta property=\"article:published_time\" content=\"2025-02-04T13:54:24+00:00\" \/>\n<meta property=\"article:modified_time\" content=\"2025-03-04T14:01:24+00:00\" \/>\n<meta property=\"og:image\" content=\"http:\/\/expressometro.mx\/wp-content\/uploads\/2025\/03\/WhatsApp-Image-2025-03-04-at-7.53.15-AM.jpeg\" \/>\n\t<meta property=\"og:image:width\" content=\"657\" \/>\n\t<meta property=\"og:image:height\" content=\"422\" \/>\n\t<meta property=\"og:image:type\" content=\"image\/jpeg\" \/>\n<meta name=\"author\" content=\"Expresso Metropolitano\" \/>\n<meta name=\"twitter:label1\" content=\"Escrito por\" \/>\n\t<meta name=\"twitter:data1\" content=\"Expresso Metropolitano\" \/>\n\t<meta name=\"twitter:label2\" content=\"Tiempo de lectura\" \/>\n\t<meta name=\"twitter:data2\" content=\"4 minutos\" \/>\n<script type=\"application\/ld+json\" class=\"yoast-schema-graph\">{\"@context\":\"https:\\\/\\\/schema.org\",\"@graph\":[{\"@type\":\"Article\",\"@id\":\"https:\\\/\\\/expressometro.mx\\\/index.php\\\/2025\\\/02\\\/04\\\/uaemex-colabora-con-gobierno-federal-para-fortalecer-la-educacion-media-superior-en-la-zona-metropolitana-del-valle-de-mexico\\\/#article\",\"isPartOf\":{\"@id\":\"https:\\\/\\\/expressometro.mx\\\/index.php\\\/2025\\\/02\\\/04\\\/uaemex-colabora-con-gobierno-federal-para-fortalecer-la-educacion-media-superior-en-la-zona-metropolitana-del-valle-de-mexico\\\/\"},\"author\":{\"name\":\"Expresso Metropolitano\",\"@id\":\"https:\\\/\\\/expressometro.mx\\\/#\\\/schema\\\/person\\\/efa971b4a0664db8ed5c22b1b0dd2f5d\"},\"headline\":\"UAEM\u00e9x COLABORA CON GOBIERNO FEDERAL PARA FORTALECER LA EDUCACI\u00d3N MEDIA SUPERIOR EN LA ZONA METROPOLITANA DEL VALLE DE M\u00c9XICO\",\"datePublished\":\"2025-02-04T13:54:24+00:00\",\"dateModified\":\"2025-03-04T14:01:24+00:00\",\"mainEntityOfPage\":{\"@id\":\"https:\\\/\\\/expressometro.mx\\\/index.php\\\/2025\\\/02\\\/04\\\/uaemex-colabora-con-gobierno-federal-para-fortalecer-la-educacion-media-superior-en-la-zona-metropolitana-del-valle-de-mexico\\\/\"},\"wordCount\":827,\"commentCount\":0,\"publisher\":{\"@id\":\"https:\\\/\\\/expressometro.mx\\\/#organization\"},\"image\":{\"@id\":\"https:\\\/\\\/expressometro.mx\\\/index.php\\\/2025\\\/02\\\/04\\\/uaemex-colabora-con-gobierno-federal-para-fortalecer-la-educacion-media-superior-en-la-zona-metropolitana-del-valle-de-mexico\\\/#primaryimage\"},\"thumbnailUrl\":\"https:\\\/\\\/expressometro.mx\\\/wp-content\\\/uploads\\\/2025\\\/03\\\/WhatsApp-Image-2025-03-04-at-7.53.15-AM.jpeg\",\"keywords\":[\"Carlos Eduardo Barrera D\u00edaz\",\"Edomex\",\"GEM\",\"UAEMex\"],\"articleSection\":[\"Gobierno\",\"Otros\",\"Pol\u00edtica\"],\"inLanguage\":\"es\",\"potentialAction\":[{\"@type\":\"CommentAction\",\"name\":\"Comment\",\"target\":[\"https:\\\/\\\/expressometro.mx\\\/index.php\\\/2025\\\/02\\\/04\\\/uaemex-colabora-con-gobierno-federal-para-fortalecer-la-educacion-media-superior-en-la-zona-metropolitana-del-valle-de-mexico\\\/#respond\"]}]},{\"@type\":\"WebPage\",\"@id\":\"https:\\\/\\\/expressometro.mx\\\/index.php\\\/2025\\\/02\\\/04\\\/uaemex-colabora-con-gobierno-federal-para-fortalecer-la-educacion-media-superior-en-la-zona-metropolitana-del-valle-de-mexico\\\/\",\"url\":\"https:\\\/\\\/expressometro.mx\\\/index.php\\\/2025\\\/02\\\/04\\\/uaemex-colabora-con-gobierno-federal-para-fortalecer-la-educacion-media-superior-en-la-zona-metropolitana-del-valle-de-mexico\\\/\",\"name\":\"UAEM\u00e9x COLABORA CON GOBIERNO FEDERAL PARA FORTALECER LA EDUCACI\u00d3N MEDIA SUPERIOR EN LA ZONA METROPOLITANA DEL VALLE DE M\u00c9XICO - Expresso Metropolitano\",\"isPartOf\":{\"@id\":\"https:\\\/\\\/expressometro.mx\\\/#website\"},\"primaryImageOfPage\":{\"@id\":\"https:\\\/\\\/expressometro.mx\\\/index.php\\\/2025\\\/02\\\/04\\\/uaemex-colabora-con-gobierno-federal-para-fortalecer-la-educacion-media-superior-en-la-zona-metropolitana-del-valle-de-mexico\\\/#primaryimage\"},\"image\":{\"@id\":\"https:\\\/\\\/expressometro.mx\\\/index.php\\\/2025\\\/02\\\/04\\\/uaemex-colabora-con-gobierno-federal-para-fortalecer-la-educacion-media-superior-en-la-zona-metropolitana-del-valle-de-mexico\\\/#primaryimage\"},\"thumbnailUrl\":\"https:\\\/\\\/expressometro.mx\\\/wp-content\\\/uploads\\\/2025\\\/03\\\/WhatsApp-Image-2025-03-04-at-7.53.15-AM.jpeg\",\"datePublished\":\"2025-02-04T13:54:24+00:00\",\"dateModified\":\"2025-03-04T14:01:24+00:00\",\"breadcrumb\":{\"@id\":\"https:\\\/\\\/expressometro.mx\\\/index.php\\\/2025\\\/02\\\/04\\\/uaemex-colabora-con-gobierno-federal-para-fortalecer-la-educacion-media-superior-en-la-zona-metropolitana-del-valle-de-mexico\\\/#breadcrumb\"},\"inLanguage\":\"es\",\"potentialAction\":[{\"@type\":\"ReadAction\",\"target\":[\"https:\\\/\\\/expressometro.mx\\\/index.php\\\/2025\\\/02\\\/04\\\/uaemex-colabora-con-gobierno-federal-para-fortalecer-la-educacion-media-superior-en-la-zona-metropolitana-del-valle-de-mexico\\\/\"]}]},{\"@type\":\"ImageObject\",\"inLanguage\":\"es\",\"@id\":\"https:\\\/\\\/expressometro.mx\\\/index.php\\\/2025\\\/02\\\/04\\\/uaemex-colabora-con-gobierno-federal-para-fortalecer-la-educacion-media-superior-en-la-zona-metropolitana-del-valle-de-mexico\\\/#primaryimage\",\"url\":\"https:\\\/\\\/expressometro.mx\\\/wp-content\\\/uploads\\\/2025\\\/03\\\/WhatsApp-Image-2025-03-04-at-7.53.15-AM.jpeg\",\"contentUrl\":\"https:\\\/\\\/expressometro.mx\\\/wp-content\\\/uploads\\\/2025\\\/03\\\/WhatsApp-Image-2025-03-04-at-7.53.15-AM.jpeg\",\"width\":657,\"height\":422},{\"@type\":\"BreadcrumbList\",\"@id\":\"https:\\\/\\\/expressometro.mx\\\/index.php\\\/2025\\\/02\\\/04\\\/uaemex-colabora-con-gobierno-federal-para-fortalecer-la-educacion-media-superior-en-la-zona-metropolitana-del-valle-de-mexico\\\/#breadcrumb\",\"itemListElement\":[{\"@type\":\"ListItem\",\"position\":1,\"name\":\"Inicio\",\"item\":\"https:\\\/\\\/expressometro.mx\\\/\"},{\"@type\":\"ListItem\",\"position\":2,\"name\":\"UAEM\u00e9x COLABORA CON GOBIERNO FEDERAL PARA FORTALECER LA EDUCACI\u00d3N MEDIA SUPERIOR EN LA ZONA METROPOLITANA DEL VALLE DE M\u00c9XICO\"}]},{\"@type\":\"WebSite\",\"@id\":\"https:\\\/\\\/expressometro.mx\\\/#website\",\"url\":\"https:\\\/\\\/expressometro.mx\\\/\",\"name\":\"Expresso Metropolitano\",\"description\":\"Periodismo comprometido, informaci\u00f3n, investigaci\u00f3n y an\u00e1lisis\",\"publisher\":{\"@id\":\"https:\\\/\\\/expressometro.mx\\\/#organization\"},\"potentialAction\":[{\"@type\":\"SearchAction\",\"target\":{\"@type\":\"EntryPoint\",\"urlTemplate\":\"https:\\\/\\\/expressometro.mx\\\/?s={search_term_string}\"},\"query-input\":{\"@type\":\"PropertyValueSpecification\",\"valueRequired\":true,\"valueName\":\"search_term_string\"}}],\"inLanguage\":\"es\"},{\"@type\":\"Organization\",\"@id\":\"https:\\\/\\\/expressometro.mx\\\/#organization\",\"name\":\"Expresso Metropolitano\",\"url\":\"https:\\\/\\\/expressometro.mx\\\/\",\"logo\":{\"@type\":\"ImageObject\",\"inLanguage\":\"es\",\"@id\":\"https:\\\/\\\/expressometro.mx\\\/#\\\/schema\\\/logo\\\/image\\\/\",\"url\":\"https:\\\/\\\/expressometro.mx\\\/wp-content\\\/uploads\\\/2019\\\/07\\\/cropped-Logo-Expresso-Metropolitano-1-1.jpeg\",\"contentUrl\":\"https:\\\/\\\/expressometro.mx\\\/wp-content\\\/uploads\\\/2019\\\/07\\\/cropped-Logo-Expresso-Metropolitano-1-1.jpeg\",\"width\":290,\"height\":73,\"caption\":\"Expresso Metropolitano\"},\"image\":{\"@id\":\"https:\\\/\\\/expressometro.mx\\\/#\\\/schema\\\/logo\\\/image\\\/\"}},{\"@type\":\"Person\",\"@id\":\"https:\\\/\\\/expressometro.mx\\\/#\\\/schema\\\/person\\\/efa971b4a0664db8ed5c22b1b0dd2f5d\",\"name\":\"Expresso Metropolitano\",\"image\":{\"@type\":\"ImageObject\",\"inLanguage\":\"es\",\"@id\":\"https:\\\/\\\/secure.gravatar.com\\\/avatar\\\/a89f802b8de18c6952f223c88d3d106e9e3679839f4e25a02f4a6cc2ae6ba3b3?s=96&d=mm&r=g\",\"url\":\"https:\\\/\\\/secure.gravatar.com\\\/avatar\\\/a89f802b8de18c6952f223c88d3d106e9e3679839f4e25a02f4a6cc2ae6ba3b3?s=96&d=mm&r=g\",\"contentUrl\":\"https:\\\/\\\/secure.gravatar.com\\\/avatar\\\/a89f802b8de18c6952f223c88d3d106e9e3679839f4e25a02f4a6cc2ae6ba3b3?s=96&d=mm&r=g\",\"caption\":\"Expresso Metropolitano\"},\"url\":\"https:\\\/\\\/expressometro.mx\\\/index.php\\\/author\\\/diego\\\/\"}]}<\/script>\n<!-- \/ Yoast SEO plugin. -->","yoast_head_json":{"title":"UAEM\u00e9x COLABORA CON GOBIERNO FEDERAL PARA FORTALECER LA EDUCACI\u00d3N MEDIA SUPERIOR EN LA ZONA METROPOLITANA DEL VALLE DE M\u00c9XICO - Expresso Metropolitano","robots":{"index":"index","follow":"follow","max-snippet":"max-snippet:-1","max-image-preview":"max-image-preview:large","max-video-preview":"max-video-preview:-1"},"canonical":"https:\/\/expressometro.mx\/index.php\/2025\/02\/04\/uaemex-colabora-con-gobierno-federal-para-fortalecer-la-educacion-media-superior-en-la-zona-metropolitana-del-valle-de-mexico\/","og_locale":"es_MX","og_type":"article","og_title":"UAEM\u00e9x COLABORA CON GOBIERNO FEDERAL PARA FORTALECER LA EDUCACI\u00d3N MEDIA SUPERIOR EN LA ZONA METROPOLITANA DEL VALLE DE M\u00c9XICO - Expresso Metropolitano","og_description":"La presidenta de M\u00e9xico, Claudia Sheinbaum Pardo, encabez\u00f3 la firma del acuerdo de adhesi\u00f3n al Consejo Acad\u00e9mico para la Transformaci\u00f3n de la Educaci\u00f3n Tecnol\u00f3gica y profesional Media Superior.","og_url":"https:\/\/expressometro.mx\/index.php\/2025\/02\/04\/uaemex-colabora-con-gobierno-federal-para-fortalecer-la-educacion-media-superior-en-la-zona-metropolitana-del-valle-de-mexico\/","og_site_name":"Expresso Metropolitano","article_published_time":"2025-02-04T13:54:24+00:00","article_modified_time":"2025-03-04T14:01:24+00:00","og_image":[{"width":657,"height":422,"url":"http:\/\/expressometro.mx\/wp-content\/uploads\/2025\/03\/WhatsApp-Image-2025-03-04-at-7.53.15-AM.jpeg","type":"image\/jpeg"}],"author":"Expresso Metropolitano","twitter_misc":{"Escrito por":"Expresso Metropolitano","Tiempo de lectura":"4 minutos"},"schema":{"@context":"https:\/\/schema.org","@graph":[{"@type":"Article","@id":"https:\/\/expressometro.mx\/index.php\/2025\/02\/04\/uaemex-colabora-con-gobierno-federal-para-fortalecer-la-educacion-media-superior-en-la-zona-metropolitana-del-valle-de-mexico\/#article","isPartOf":{"@id":"https:\/\/expressometro.mx\/index.php\/2025\/02\/04\/uaemex-colabora-con-gobierno-federal-para-fortalecer-la-educacion-media-superior-en-la-zona-metropolitana-del-valle-de-mexico\/"},"author":{"name":"Expresso Metropolitano","@id":"https:\/\/expressometro.mx\/#\/schema\/person\/efa971b4a0664db8ed5c22b1b0dd2f5d"},"headline":"UAEM\u00e9x COLABORA CON GOBIERNO FEDERAL PARA FORTALECER LA EDUCACI\u00d3N MEDIA SUPERIOR EN LA ZONA METROPOLITANA DEL VALLE DE M\u00c9XICO","datePublished":"2025-02-04T13:54:24+00:00","dateModified":"2025-03-04T14:01:24+00:00","mainEntityOfPage":{"@id":"https:\/\/expressometro.mx\/index.php\/2025\/02\/04\/uaemex-colabora-con-gobierno-federal-para-fortalecer-la-educacion-media-superior-en-la-zona-metropolitana-del-valle-de-mexico\/"},"wordCount":827,"commentCount":0,"publisher":{"@id":"https:\/\/expressometro.mx\/#organization"},"image":{"@id":"https:\/\/expressometro.mx\/index.php\/2025\/02\/04\/uaemex-colabora-con-gobierno-federal-para-fortalecer-la-educacion-media-superior-en-la-zona-metropolitana-del-valle-de-mexico\/#primaryimage"},"thumbnailUrl":"https:\/\/expressometro.mx\/wp-content\/uploads\/2025\/03\/WhatsApp-Image-2025-03-04-at-7.53.15-AM.jpeg","keywords":["Carlos Eduardo Barrera D\u00edaz","Edomex","GEM","UAEMex"],"articleSection":["Gobierno","Otros","Pol\u00edtica"],"inLanguage":"es","potentialAction":[{"@type":"CommentAction","name":"Comment","target":["https:\/\/expressometro.mx\/index.php\/2025\/02\/04\/uaemex-colabora-con-gobierno-federal-para-fortalecer-la-educacion-media-superior-en-la-zona-metropolitana-del-valle-de-mexico\/#respond"]}]},{"@type":"WebPage","@id":"https:\/\/expressometro.mx\/index.php\/2025\/02\/04\/uaemex-colabora-con-gobierno-federal-para-fortalecer-la-educacion-media-superior-en-la-zona-metropolitana-del-valle-de-mexico\/","url":"https:\/\/expressometro.mx\/index.php\/2025\/02\/04\/uaemex-colabora-con-gobierno-federal-para-fortalecer-la-educacion-media-superior-en-la-zona-metropolitana-del-valle-de-mexico\/","name":"UAEM\u00e9x COLABORA CON GOBIERNO FEDERAL PARA FORTALECER LA EDUCACI\u00d3N MEDIA SUPERIOR EN LA ZONA METROPOLITANA DEL VALLE DE M\u00c9XICO - Expresso Metropolitano","isPartOf":{"@id":"https:\/\/expressometro.mx\/#website"},"primaryImageOfPage":{"@id":"https:\/\/expressometro.mx\/index.php\/2025\/02\/04\/uaemex-colabora-con-gobierno-federal-para-fortalecer-la-educacion-media-superior-en-la-zona-metropolitana-del-valle-de-mexico\/#primaryimage"},"image":{"@id":"https:\/\/expressometro.mx\/index.php\/2025\/02\/04\/uaemex-colabora-con-gobierno-federal-para-fortalecer-la-educacion-media-superior-en-la-zona-metropolitana-del-valle-de-mexico\/#primaryimage"},"thumbnailUrl":"https:\/\/expressometro.mx\/wp-content\/uploads\/2025\/03\/WhatsApp-Image-2025-03-04-at-7.53.15-AM.jpeg","datePublished":"2025-02-04T13:54:24+00:00","dateModified":"2025-03-04T14:01:24+00:00","breadcrumb":{"@id":"https:\/\/expressometro.mx\/index.php\/2025\/02\/04\/uaemex-colabora-con-gobierno-federal-para-fortalecer-la-educacion-media-superior-en-la-zona-metropolitana-del-valle-de-mexico\/#breadcrumb"},"inLanguage":"es","potentialAction":[{"@type":"ReadAction","target":["https:\/\/expressometro.mx\/index.php\/2025\/02\/04\/uaemex-colabora-con-gobierno-federal-para-fortalecer-la-educacion-media-superior-en-la-zona-metropolitana-del-valle-de-mexico\/"]}]},{"@type":"ImageObject","inLanguage":"es","@id":"https:\/\/expressometro.mx\/index.php\/2025\/02\/04\/uaemex-colabora-con-gobierno-federal-para-fortalecer-la-educacion-media-superior-en-la-zona-metropolitana-del-valle-de-mexico\/#primaryimage","url":"https:\/\/expressometro.mx\/wp-content\/uploads\/2025\/03\/WhatsApp-Image-2025-03-04-at-7.53.15-AM.jpeg","contentUrl":"https:\/\/expressometro.mx\/wp-content\/uploads\/2025\/03\/WhatsApp-Image-2025-03-04-at-7.53.15-AM.jpeg","width":657,"height":422},{"@type":"BreadcrumbList","@id":"https:\/\/expressometro.mx\/index.php\/2025\/02\/04\/uaemex-colabora-con-gobierno-federal-para-fortalecer-la-educacion-media-superior-en-la-zona-metropolitana-del-valle-de-mexico\/#breadcrumb","itemListElement":[{"@type":"ListItem","position":1,"name":"Inicio","item":"https:\/\/expressometro.mx\/"},{"@type":"ListItem","position":2,"name":"UAEM\u00e9x COLABORA CON GOBIERNO FEDERAL PARA FORTALECER LA EDUCACI\u00d3N MEDIA SUPERIOR EN LA ZONA METROPOLITANA DEL VALLE DE M\u00c9XICO"}]},{"@type":"WebSite","@id":"https:\/\/expressometro.mx\/#website","url":"https:\/\/expressometro.mx\/","name":"Expresso Metropolitano","description":"Periodismo comprometido, informaci\u00f3n, investigaci\u00f3n y an\u00e1lisis","publisher":{"@id":"https:\/\/expressometro.mx\/#organization"},"potentialAction":[{"@type":"SearchAction","target":{"@type":"EntryPoint","urlTemplate":"https:\/\/expressometro.mx\/?s={search_term_string}"},"query-input":{"@type":"PropertyValueSpecification","valueRequired":true,"valueName":"search_term_string"}}],"inLanguage":"es"},{"@type":"Organization","@id":"https:\/\/expressometro.mx\/#organization","name":"Expresso Metropolitano","url":"https:\/\/expressometro.mx\/","logo":{"@type":"ImageObject","inLanguage":"es","@id":"https:\/\/expressometro.mx\/#\/schema\/logo\/image\/","url":"https:\/\/expressometro.mx\/wp-content\/uploads\/2019\/07\/cropped-Logo-Expresso-Metropolitano-1-1.jpeg","contentUrl":"https:\/\/expressometro.mx\/wp-content\/uploads\/2019\/07\/cropped-Logo-Expresso-Metropolitano-1-1.jpeg","width":290,"height":73,"caption":"Expresso Metropolitano"},"image":{"@id":"https:\/\/expressometro.mx\/#\/schema\/logo\/image\/"}},{"@type":"Person","@id":"https:\/\/expressometro.mx\/#\/schema\/person\/efa971b4a0664db8ed5c22b1b0dd2f5d","name":"Expresso Metropolitano","image":{"@type":"ImageObject","inLanguage":"es","@id":"https:\/\/secure.gravatar.com\/avatar\/a89f802b8de18c6952f223c88d3d106e9e3679839f4e25a02f4a6cc2ae6ba3b3?s=96&d=mm&r=g","url":"https:\/\/secure.gravatar.com\/avatar\/a89f802b8de18c6952f223c88d3d106e9e3679839f4e25a02f4a6cc2ae6ba3b3?s=96&d=mm&r=g","contentUrl":"https:\/\/secure.gravatar.com\/avatar\/a89f802b8de18c6952f223c88d3d106e9e3679839f4e25a02f4a6cc2ae6ba3b3?s=96&d=mm&r=g","caption":"Expresso Metropolitano"},"url":"https:\/\/expressometro.mx\/index.php\/author\/diego\/"}]}},"amp_enabled":true,"_links":{"self":[{"href":"https:\/\/expressometro.mx\/index.php\/wp-json\/wp\/v2\/posts\/10935","targetHints":{"allow":["GET"]}}],"collection":[{"href":"https:\/\/expressometro.mx\/index.php\/wp-json\/wp\/v2\/posts"}],"about":[{"href":"https:\/\/expressometro.mx\/index.php\/wp-json\/wp\/v2\/types\/post"}],"author":[{"embeddable":true,"href":"https:\/\/expressometro.mx\/index.php\/wp-json\/wp\/v2\/users\/1"}],"replies":[{"embeddable":true,"href":"https:\/\/expressometro.mx\/index.php\/wp-json\/wp\/v2\/comments?post=10935"}],"version-history":[{"count":1,"href":"https:\/\/expressometro.mx\/index.php\/wp-json\/wp\/v2\/posts\/10935\/revisions"}],"predecessor-version":[{"id":10939,"href":"https:\/\/expressometro.mx\/index.php\/wp-json\/wp\/v2\/posts\/10935\/revisions\/10939"}],"wp:featuredmedia":[{"embeddable":true,"href":"https:\/\/expressometro.mx\/index.php\/wp-json\/wp\/v2\/media\/10937"}],"wp:attachment":[{"href":"https:\/\/expressometro.mx\/index.php\/wp-json\/wp\/v2\/media?parent=10935"}],"wp:term":[{"taxonomy":"category","embeddable":true,"href":"https:\/\/expressometro.mx\/index.php\/wp-json\/wp\/v2\/categories?post=10935"},{"taxonomy":"post_tag","embeddable":true,"href":"https:\/\/expressometro.mx\/index.php\/wp-json\/wp\/v2\/tags?post=10935"}],"curies":[{"name":"wp","href":"https:\/\/api.w.org\/{rel}","templated":true}]}}