{"id":10930,"date":"2025-03-03T19:28:18","date_gmt":"2025-03-04T01:28:18","guid":{"rendered":"https:\/\/expressometro.mx\/?p=10930"},"modified":"2025-03-03T19:28:19","modified_gmt":"2025-03-04T01:28:19","slug":"impulsa-el-pri-edomex-ley-nenis-y-no-estas-sola-en-pro-de-las-mujeres","status":"publish","type":"post","link":"https:\/\/expressometro.mx\/index.php\/2025\/03\/03\/impulsa-el-pri-edomex-ley-nenis-y-no-estas-sola-en-pro-de-las-mujeres\/","title":{"rendered":"IMPULSA EL PRI EDOMEX \u201cLEY NENIS\u201d Y \u201cNO EST\u00c1S SOLA\u201d EN PRO DE LAS MUJERES"},"content":{"rendered":"\n<ul class=\"wp-block-list\">\n<li>Se trata de la \u201cAgenda Violeta\u201d, propuestas de empoderamiento econ\u00f3mico y de igualdad que ser\u00e1n planteadas en el Congreso Local.<\/li>\n\n\n\n<li>No hay nada que celebrar en el Estado de M\u00e9xico con los altos niveles de inseguridad, el desabasto de agua y problemas en el sector salud.<\/li>\n\n\n\n<li>El PRI contin\u00faa proponiendo las mejores iniciativas en beneficio de los mexicanos.<\/li>\n<\/ul>\n\n\n\n<p>Preocupados por la situaci\u00f3n de vulnerabilidad en que se encuentran varios sectores en el Estado de M\u00e9xico, como son las mujeres, el PRI del Estado de M\u00e9xico present\u00f3 la \u201cAgenda Violeta\u201d para impulsar el desarrollo econ\u00f3mico-digital y la igualdad, as\u00ed lo dio a conocer la Senadora Cristina Ruiz Sandoval, Presidenta del Comit\u00e9 Directivo Estatal (CDE).<\/p>\n\n\n\n<p>En conferencia de prensa, la dirigente estatal acompa\u00f1ada por diputadas y diputados locales, explic\u00f3 que la \u201cLey Nenis\u201d busca reformar la Ley de Fomento Econ\u00f3mico del Estado de M\u00e9xico para promover el comercio electr\u00f3nico impulsado por las mujeres, otorg\u00e1ndoles herramientas para su consolidaci\u00f3n en la econom\u00eda digital.<\/p>\n\n\n\n<p>Sandoval Ruiz destac\u00f3 la importancia de esta propuesta impulsada por la legisladora Mercedes Colin, pues el Estado de M\u00e9xico concentra el 15 % de \u201cnenis\u201d del pa\u00eds, con m\u00e1s de 177 mil 166 mujeres dedicadas al emprendimiento.<\/p>\n\n\n\n<p>Por otra parte, se refiri\u00f3 a la \u201cLey No Est\u00e1s Sola\u201d, promovida por la diputada Lety Mej\u00eda, que refiere a una Ley de Conciliaci\u00f3n de la Vida Familiar y Laboral para promover pol\u00edticas que faciliten dicha conciliaci\u00f3n, incluyendo el acceso a servicios de cuidados infantiles y atenci\u00f3n a personas dependientes.<\/p>\n\n\n\n<p>En otros temas, la presidenta del CDE tambi\u00e9n record\u00f3 que el PRI propuso la \u201cLey Antichapul\u00edn\u201d para evitar que Diputadas, Diputados, Senadoras y Senadores federales por la v\u00eda plurinominal, brinquen de partido, \u201cse busca garantizar que las y los legisladores mantengan la representaci\u00f3n partidista que les fue asignada; el PRI va a garantizar que la representaci\u00f3n pol\u00edtica sea aut\u00e9ntica y leg\u00edtima\u201d, dijo.<\/p>\n\n\n\n<p>Adem\u00e1s, refiri\u00f3 que los principales indicadores de inseguridad, informalidad laboral y salud registrados en el \u00faltimo a\u00f1o en el Estado de M\u00e9xico est\u00e1n generando preocupaci\u00f3n, por lo que es necesario exigir resultados e instituciones fuertes para el bienestar de todos.<\/p>\n\n\n\n<p>\u201cConmemoramos 201 a\u00f1os del Estado de M\u00e9xico, pero del \u00faltimo a\u00f1o no hay nada que celebrar, pues a pesar de su potencial se enfrenta a desaf\u00edos que impiden un desarrollo pleno y equitativo\u201d, dijo. Destac\u00f3 que, de acuerdo con la encuesta de la Encuesta Nacional de Victimizaci\u00f3n y Percepci\u00f3n sobre Seguridad P\u00fablica (ENVIPE 2024), la poblaci\u00f3n respondi\u00f3 que los principales problemas de nuestro estado son la inseguridad, con 67.6 %, el desabasto de agua potable, con 49.9 %, y la atenci\u00f3n a la salud de la poblaci\u00f3n, con 29.2 %. Adem\u00e1s, en s\u00f3lo un a\u00f1o disminuy\u00f3 la poblaci\u00f3n econ\u00f3micamente activa en m\u00e1s de 49 mil trabajadores, lo que se suma a que 4.4 millones de personas que est\u00e1n en la informalidad.<\/p>\n","protected":false},"excerpt":{"rendered":"<p>En conferencia de prensa, la dirigente estatal acompa\u00f1ada por diputadas y diputados locales, explic\u00f3 que la \u201cLey Nenis\u201d busca reformar la Ley de Fomento Econ\u00f3mico del Estado de M\u00e9xico para promover el comercio electr\u00f3nico impulsado por las mujeres, otorg\u00e1ndoles herramientas para su consolidaci\u00f3n en la econom\u00eda digital.<\/p>\n","protected":false},"author":2,"featured_media":10932,"comment_status":"open","ping_status":"open","sticky":false,"template":"","format":"standard","meta":{"footnotes":""},"categories":[3,1,231],"tags":[2378,1982,158],"class_list":["post-10930","post","type-post","status-publish","format-standard","has-post-thumbnail","hentry","category-gobierno","category-otros","category-politica","tag-cristina-ruiz","tag-edomex","tag-pri"],"yoast_head":"<!-- This site is optimized with the Yoast SEO plugin v27.5 - https:\/\/yoast.com\/product\/yoast-seo-wordpress\/ -->\n<title>IMPULSA EL PRI EDOMEX \u201cLEY NENIS\u201d Y \u201cNO EST\u00c1S SOLA\u201d EN PRO DE LAS MUJERES - Expresso Metropolitano<\/title>\n<meta name=\"robots\" content=\"index, follow, max-snippet:-1, max-image-preview:large, max-video-preview:-1\" \/>\n<link rel=\"canonical\" href=\"https:\/\/expressometro.mx\/index.php\/2025\/03\/03\/impulsa-el-pri-edomex-ley-nenis-y-no-estas-sola-en-pro-de-las-mujeres\/\" \/>\n<meta property=\"og:locale\" content=\"es_MX\" \/>\n<meta property=\"og:type\" content=\"article\" \/>\n<meta property=\"og:title\" content=\"IMPULSA EL PRI EDOMEX \u201cLEY NENIS\u201d Y \u201cNO EST\u00c1S SOLA\u201d EN PRO DE LAS MUJERES - Expresso Metropolitano\" \/>\n<meta property=\"og:description\" content=\"En conferencia de prensa, la dirigente estatal acompa\u00f1ada por diputadas y diputados locales, explic\u00f3 que la \u201cLey Nenis\u201d busca reformar la Ley de Fomento Econ\u00f3mico del Estado de M\u00e9xico para promover el comercio electr\u00f3nico impulsado por las mujeres, otorg\u00e1ndoles herramientas para su consolidaci\u00f3n en la econom\u00eda digital.\" \/>\n<meta property=\"og:url\" content=\"https:\/\/expressometro.mx\/index.php\/2025\/03\/03\/impulsa-el-pri-edomex-ley-nenis-y-no-estas-sola-en-pro-de-las-mujeres\/\" \/>\n<meta property=\"og:site_name\" content=\"Expresso Metropolitano\" \/>\n<meta property=\"article:published_time\" content=\"2025-03-04T01:28:18+00:00\" \/>\n<meta property=\"article:modified_time\" content=\"2025-03-04T01:28:19+00:00\" \/>\n<meta property=\"og:image\" content=\"http:\/\/expressometro.mx\/wp-content\/uploads\/2025\/03\/WhatsApp-Image-2025-03-03-at-5.25.56-PM-scaled.jpeg\" \/>\n\t<meta property=\"og:image:width\" content=\"2560\" \/>\n\t<meta property=\"og:image:height\" content=\"1635\" \/>\n\t<meta property=\"og:image:type\" content=\"image\/jpeg\" \/>\n<meta name=\"author\" content=\"Cecilia Vega\" \/>\n<meta name=\"twitter:label1\" content=\"Escrito por\" \/>\n\t<meta name=\"twitter:data1\" content=\"Cecilia Vega\" \/>\n\t<meta name=\"twitter:label2\" content=\"Tiempo de lectura\" \/>\n\t<meta name=\"twitter:data2\" content=\"3 minutos\" \/>\n<script type=\"application\/ld+json\" class=\"yoast-schema-graph\">{\"@context\":\"https:\\\/\\\/schema.org\",\"@graph\":[{\"@type\":\"Article\",\"@id\":\"https:\\\/\\\/expressometro.mx\\\/index.php\\\/2025\\\/03\\\/03\\\/impulsa-el-pri-edomex-ley-nenis-y-no-estas-sola-en-pro-de-las-mujeres\\\/#article\",\"isPartOf\":{\"@id\":\"https:\\\/\\\/expressometro.mx\\\/index.php\\\/2025\\\/03\\\/03\\\/impulsa-el-pri-edomex-ley-nenis-y-no-estas-sola-en-pro-de-las-mujeres\\\/\"},\"author\":{\"name\":\"Cecilia Vega\",\"@id\":\"https:\\\/\\\/expressometro.mx\\\/#\\\/schema\\\/person\\\/67a95b8e3862085c7598f66237488f1f\"},\"headline\":\"IMPULSA EL PRI EDOMEX \u201cLEY NENIS\u201d Y \u201cNO EST\u00c1S SOLA\u201d EN PRO DE LAS MUJERES\",\"datePublished\":\"2025-03-04T01:28:18+00:00\",\"dateModified\":\"2025-03-04T01:28:19+00:00\",\"mainEntityOfPage\":{\"@id\":\"https:\\\/\\\/expressometro.mx\\\/index.php\\\/2025\\\/03\\\/03\\\/impulsa-el-pri-edomex-ley-nenis-y-no-estas-sola-en-pro-de-las-mujeres\\\/\"},\"wordCount\":526,\"commentCount\":0,\"publisher\":{\"@id\":\"https:\\\/\\\/expressometro.mx\\\/#organization\"},\"image\":{\"@id\":\"https:\\\/\\\/expressometro.mx\\\/index.php\\\/2025\\\/03\\\/03\\\/impulsa-el-pri-edomex-ley-nenis-y-no-estas-sola-en-pro-de-las-mujeres\\\/#primaryimage\"},\"thumbnailUrl\":\"https:\\\/\\\/expressometro.mx\\\/wp-content\\\/uploads\\\/2025\\\/03\\\/WhatsApp-Image-2025-03-03-at-5.25.56-PM-scaled.jpeg\",\"keywords\":[\"Cristina Ruiz\",\"Edomex\",\"PRI\"],\"articleSection\":[\"Gobierno\",\"Otros\",\"Pol\u00edtica\"],\"inLanguage\":\"es\",\"potentialAction\":[{\"@type\":\"CommentAction\",\"name\":\"Comment\",\"target\":[\"https:\\\/\\\/expressometro.mx\\\/index.php\\\/2025\\\/03\\\/03\\\/impulsa-el-pri-edomex-ley-nenis-y-no-estas-sola-en-pro-de-las-mujeres\\\/#respond\"]}]},{\"@type\":\"WebPage\",\"@id\":\"https:\\\/\\\/expressometro.mx\\\/index.php\\\/2025\\\/03\\\/03\\\/impulsa-el-pri-edomex-ley-nenis-y-no-estas-sola-en-pro-de-las-mujeres\\\/\",\"url\":\"https:\\\/\\\/expressometro.mx\\\/index.php\\\/2025\\\/03\\\/03\\\/impulsa-el-pri-edomex-ley-nenis-y-no-estas-sola-en-pro-de-las-mujeres\\\/\",\"name\":\"IMPULSA EL PRI EDOMEX \u201cLEY NENIS\u201d Y \u201cNO EST\u00c1S SOLA\u201d EN PRO DE LAS MUJERES - Expresso Metropolitano\",\"isPartOf\":{\"@id\":\"https:\\\/\\\/expressometro.mx\\\/#website\"},\"primaryImageOfPage\":{\"@id\":\"https:\\\/\\\/expressometro.mx\\\/index.php\\\/2025\\\/03\\\/03\\\/impulsa-el-pri-edomex-ley-nenis-y-no-estas-sola-en-pro-de-las-mujeres\\\/#primaryimage\"},\"image\":{\"@id\":\"https:\\\/\\\/expressometro.mx\\\/index.php\\\/2025\\\/03\\\/03\\\/impulsa-el-pri-edomex-ley-nenis-y-no-estas-sola-en-pro-de-las-mujeres\\\/#primaryimage\"},\"thumbnailUrl\":\"https:\\\/\\\/expressometro.mx\\\/wp-content\\\/uploads\\\/2025\\\/03\\\/WhatsApp-Image-2025-03-03-at-5.25.56-PM-scaled.jpeg\",\"datePublished\":\"2025-03-04T01:28:18+00:00\",\"dateModified\":\"2025-03-04T01:28:19+00:00\",\"breadcrumb\":{\"@id\":\"https:\\\/\\\/expressometro.mx\\\/index.php\\\/2025\\\/03\\\/03\\\/impulsa-el-pri-edomex-ley-nenis-y-no-estas-sola-en-pro-de-las-mujeres\\\/#breadcrumb\"},\"inLanguage\":\"es\",\"potentialAction\":[{\"@type\":\"ReadAction\",\"target\":[\"https:\\\/\\\/expressometro.mx\\\/index.php\\\/2025\\\/03\\\/03\\\/impulsa-el-pri-edomex-ley-nenis-y-no-estas-sola-en-pro-de-las-mujeres\\\/\"]}]},{\"@type\":\"ImageObject\",\"inLanguage\":\"es\",\"@id\":\"https:\\\/\\\/expressometro.mx\\\/index.php\\\/2025\\\/03\\\/03\\\/impulsa-el-pri-edomex-ley-nenis-y-no-estas-sola-en-pro-de-las-mujeres\\\/#primaryimage\",\"url\":\"https:\\\/\\\/expressometro.mx\\\/wp-content\\\/uploads\\\/2025\\\/03\\\/WhatsApp-Image-2025-03-03-at-5.25.56-PM-scaled.jpeg\",\"contentUrl\":\"https:\\\/\\\/expressometro.mx\\\/wp-content\\\/uploads\\\/2025\\\/03\\\/WhatsApp-Image-2025-03-03-at-5.25.56-PM-scaled.jpeg\",\"width\":2560,\"height\":1635},{\"@type\":\"BreadcrumbList\",\"@id\":\"https:\\\/\\\/expressometro.mx\\\/index.php\\\/2025\\\/03\\\/03\\\/impulsa-el-pri-edomex-ley-nenis-y-no-estas-sola-en-pro-de-las-mujeres\\\/#breadcrumb\",\"itemListElement\":[{\"@type\":\"ListItem\",\"position\":1,\"name\":\"Inicio\",\"item\":\"https:\\\/\\\/expressometro.mx\\\/\"},{\"@type\":\"ListItem\",\"position\":2,\"name\":\"IMPULSA EL PRI EDOMEX \u201cLEY NENIS\u201d Y \u201cNO EST\u00c1S SOLA\u201d EN PRO DE LAS MUJERES\"}]},{\"@type\":\"WebSite\",\"@id\":\"https:\\\/\\\/expressometro.mx\\\/#website\",\"url\":\"https:\\\/\\\/expressometro.mx\\\/\",\"name\":\"Expresso Metropolitano\",\"description\":\"Periodismo comprometido, informaci\u00f3n, investigaci\u00f3n y an\u00e1lisis\",\"publisher\":{\"@id\":\"https:\\\/\\\/expressometro.mx\\\/#organization\"},\"potentialAction\":[{\"@type\":\"SearchAction\",\"target\":{\"@type\":\"EntryPoint\",\"urlTemplate\":\"https:\\\/\\\/expressometro.mx\\\/?s={search_term_string}\"},\"query-input\":{\"@type\":\"PropertyValueSpecification\",\"valueRequired\":true,\"valueName\":\"search_term_string\"}}],\"inLanguage\":\"es\"},{\"@type\":\"Organization\",\"@id\":\"https:\\\/\\\/expressometro.mx\\\/#organization\",\"name\":\"Expresso Metropolitano\",\"url\":\"https:\\\/\\\/expressometro.mx\\\/\",\"logo\":{\"@type\":\"ImageObject\",\"inLanguage\":\"es\",\"@id\":\"https:\\\/\\\/expressometro.mx\\\/#\\\/schema\\\/logo\\\/image\\\/\",\"url\":\"https:\\\/\\\/expressometro.mx\\\/wp-content\\\/uploads\\\/2019\\\/07\\\/cropped-Logo-Expresso-Metropolitano-1-1.jpeg\",\"contentUrl\":\"https:\\\/\\\/expressometro.mx\\\/wp-content\\\/uploads\\\/2019\\\/07\\\/cropped-Logo-Expresso-Metropolitano-1-1.jpeg\",\"width\":290,\"height\":73,\"caption\":\"Expresso Metropolitano\"},\"image\":{\"@id\":\"https:\\\/\\\/expressometro.mx\\\/#\\\/schema\\\/logo\\\/image\\\/\"}},{\"@type\":\"Person\",\"@id\":\"https:\\\/\\\/expressometro.mx\\\/#\\\/schema\\\/person\\\/67a95b8e3862085c7598f66237488f1f\",\"name\":\"Cecilia Vega\",\"image\":{\"@type\":\"ImageObject\",\"inLanguage\":\"es\",\"@id\":\"https:\\\/\\\/secure.gravatar.com\\\/avatar\\\/13aae9944ab2ee472a9e407c9487fdbd03b049abaa559af32fe5dbcf615c981b?s=96&d=mm&r=g\",\"url\":\"https:\\\/\\\/secure.gravatar.com\\\/avatar\\\/13aae9944ab2ee472a9e407c9487fdbd03b049abaa559af32fe5dbcf615c981b?s=96&d=mm&r=g\",\"contentUrl\":\"https:\\\/\\\/secure.gravatar.com\\\/avatar\\\/13aae9944ab2ee472a9e407c9487fdbd03b049abaa559af32fe5dbcf615c981b?s=96&d=mm&r=g\",\"caption\":\"Cecilia Vega\"},\"url\":\"https:\\\/\\\/expressometro.mx\\\/index.php\\\/author\\\/cecilia-vega\\\/\"}]}<\/script>\n<!-- \/ Yoast SEO plugin. -->","yoast_head_json":{"title":"IMPULSA EL PRI EDOMEX \u201cLEY NENIS\u201d Y \u201cNO EST\u00c1S SOLA\u201d EN PRO DE LAS MUJERES - Expresso Metropolitano","robots":{"index":"index","follow":"follow","max-snippet":"max-snippet:-1","max-image-preview":"max-image-preview:large","max-video-preview":"max-video-preview:-1"},"canonical":"https:\/\/expressometro.mx\/index.php\/2025\/03\/03\/impulsa-el-pri-edomex-ley-nenis-y-no-estas-sola-en-pro-de-las-mujeres\/","og_locale":"es_MX","og_type":"article","og_title":"IMPULSA EL PRI EDOMEX \u201cLEY NENIS\u201d Y \u201cNO EST\u00c1S SOLA\u201d EN PRO DE LAS MUJERES - Expresso Metropolitano","og_description":"En conferencia de prensa, la dirigente estatal acompa\u00f1ada por diputadas y diputados locales, explic\u00f3 que la \u201cLey Nenis\u201d busca reformar la Ley de Fomento Econ\u00f3mico del Estado de M\u00e9xico para promover el comercio electr\u00f3nico impulsado por las mujeres, otorg\u00e1ndoles herramientas para su consolidaci\u00f3n en la econom\u00eda digital.","og_url":"https:\/\/expressometro.mx\/index.php\/2025\/03\/03\/impulsa-el-pri-edomex-ley-nenis-y-no-estas-sola-en-pro-de-las-mujeres\/","og_site_name":"Expresso Metropolitano","article_published_time":"2025-03-04T01:28:18+00:00","article_modified_time":"2025-03-04T01:28:19+00:00","og_image":[{"width":2560,"height":1635,"url":"http:\/\/expressometro.mx\/wp-content\/uploads\/2025\/03\/WhatsApp-Image-2025-03-03-at-5.25.56-PM-scaled.jpeg","type":"image\/jpeg"}],"author":"Cecilia Vega","twitter_misc":{"Escrito por":"Cecilia Vega","Tiempo de lectura":"3 minutos"},"schema":{"@context":"https:\/\/schema.org","@graph":[{"@type":"Article","@id":"https:\/\/expressometro.mx\/index.php\/2025\/03\/03\/impulsa-el-pri-edomex-ley-nenis-y-no-estas-sola-en-pro-de-las-mujeres\/#article","isPartOf":{"@id":"https:\/\/expressometro.mx\/index.php\/2025\/03\/03\/impulsa-el-pri-edomex-ley-nenis-y-no-estas-sola-en-pro-de-las-mujeres\/"},"author":{"name":"Cecilia Vega","@id":"https:\/\/expressometro.mx\/#\/schema\/person\/67a95b8e3862085c7598f66237488f1f"},"headline":"IMPULSA EL PRI EDOMEX \u201cLEY NENIS\u201d Y \u201cNO EST\u00c1S SOLA\u201d EN PRO DE LAS MUJERES","datePublished":"2025-03-04T01:28:18+00:00","dateModified":"2025-03-04T01:28:19+00:00","mainEntityOfPage":{"@id":"https:\/\/expressometro.mx\/index.php\/2025\/03\/03\/impulsa-el-pri-edomex-ley-nenis-y-no-estas-sola-en-pro-de-las-mujeres\/"},"wordCount":526,"commentCount":0,"publisher":{"@id":"https:\/\/expressometro.mx\/#organization"},"image":{"@id":"https:\/\/expressometro.mx\/index.php\/2025\/03\/03\/impulsa-el-pri-edomex-ley-nenis-y-no-estas-sola-en-pro-de-las-mujeres\/#primaryimage"},"thumbnailUrl":"https:\/\/expressometro.mx\/wp-content\/uploads\/2025\/03\/WhatsApp-Image-2025-03-03-at-5.25.56-PM-scaled.jpeg","keywords":["Cristina Ruiz","Edomex","PRI"],"articleSection":["Gobierno","Otros","Pol\u00edtica"],"inLanguage":"es","potentialAction":[{"@type":"CommentAction","name":"Comment","target":["https:\/\/expressometro.mx\/index.php\/2025\/03\/03\/impulsa-el-pri-edomex-ley-nenis-y-no-estas-sola-en-pro-de-las-mujeres\/#respond"]}]},{"@type":"WebPage","@id":"https:\/\/expressometro.mx\/index.php\/2025\/03\/03\/impulsa-el-pri-edomex-ley-nenis-y-no-estas-sola-en-pro-de-las-mujeres\/","url":"https:\/\/expressometro.mx\/index.php\/2025\/03\/03\/impulsa-el-pri-edomex-ley-nenis-y-no-estas-sola-en-pro-de-las-mujeres\/","name":"IMPULSA EL PRI EDOMEX \u201cLEY NENIS\u201d Y \u201cNO EST\u00c1S SOLA\u201d EN PRO DE LAS MUJERES - Expresso Metropolitano","isPartOf":{"@id":"https:\/\/expressometro.mx\/#website"},"primaryImageOfPage":{"@id":"https:\/\/expressometro.mx\/index.php\/2025\/03\/03\/impulsa-el-pri-edomex-ley-nenis-y-no-estas-sola-en-pro-de-las-mujeres\/#primaryimage"},"image":{"@id":"https:\/\/expressometro.mx\/index.php\/2025\/03\/03\/impulsa-el-pri-edomex-ley-nenis-y-no-estas-sola-en-pro-de-las-mujeres\/#primaryimage"},"thumbnailUrl":"https:\/\/expressometro.mx\/wp-content\/uploads\/2025\/03\/WhatsApp-Image-2025-03-03-at-5.25.56-PM-scaled.jpeg","datePublished":"2025-03-04T01:28:18+00:00","dateModified":"2025-03-04T01:28:19+00:00","breadcrumb":{"@id":"https:\/\/expressometro.mx\/index.php\/2025\/03\/03\/impulsa-el-pri-edomex-ley-nenis-y-no-estas-sola-en-pro-de-las-mujeres\/#breadcrumb"},"inLanguage":"es","potentialAction":[{"@type":"ReadAction","target":["https:\/\/expressometro.mx\/index.php\/2025\/03\/03\/impulsa-el-pri-edomex-ley-nenis-y-no-estas-sola-en-pro-de-las-mujeres\/"]}]},{"@type":"ImageObject","inLanguage":"es","@id":"https:\/\/expressometro.mx\/index.php\/2025\/03\/03\/impulsa-el-pri-edomex-ley-nenis-y-no-estas-sola-en-pro-de-las-mujeres\/#primaryimage","url":"https:\/\/expressometro.mx\/wp-content\/uploads\/2025\/03\/WhatsApp-Image-2025-03-03-at-5.25.56-PM-scaled.jpeg","contentUrl":"https:\/\/expressometro.mx\/wp-content\/uploads\/2025\/03\/WhatsApp-Image-2025-03-03-at-5.25.56-PM-scaled.jpeg","width":2560,"height":1635},{"@type":"BreadcrumbList","@id":"https:\/\/expressometro.mx\/index.php\/2025\/03\/03\/impulsa-el-pri-edomex-ley-nenis-y-no-estas-sola-en-pro-de-las-mujeres\/#breadcrumb","itemListElement":[{"@type":"ListItem","position":1,"name":"Inicio","item":"https:\/\/expressometro.mx\/"},{"@type":"ListItem","position":2,"name":"IMPULSA EL PRI EDOMEX \u201cLEY NENIS\u201d Y \u201cNO EST\u00c1S SOLA\u201d EN PRO DE LAS MUJERES"}]},{"@type":"WebSite","@id":"https:\/\/expressometro.mx\/#website","url":"https:\/\/expressometro.mx\/","name":"Expresso Metropolitano","description":"Periodismo comprometido, informaci\u00f3n, investigaci\u00f3n y an\u00e1lisis","publisher":{"@id":"https:\/\/expressometro.mx\/#organization"},"potentialAction":[{"@type":"SearchAction","target":{"@type":"EntryPoint","urlTemplate":"https:\/\/expressometro.mx\/?s={search_term_string}"},"query-input":{"@type":"PropertyValueSpecification","valueRequired":true,"valueName":"search_term_string"}}],"inLanguage":"es"},{"@type":"Organization","@id":"https:\/\/expressometro.mx\/#organization","name":"Expresso Metropolitano","url":"https:\/\/expressometro.mx\/","logo":{"@type":"ImageObject","inLanguage":"es","@id":"https:\/\/expressometro.mx\/#\/schema\/logo\/image\/","url":"https:\/\/expressometro.mx\/wp-content\/uploads\/2019\/07\/cropped-Logo-Expresso-Metropolitano-1-1.jpeg","contentUrl":"https:\/\/expressometro.mx\/wp-content\/uploads\/2019\/07\/cropped-Logo-Expresso-Metropolitano-1-1.jpeg","width":290,"height":73,"caption":"Expresso Metropolitano"},"image":{"@id":"https:\/\/expressometro.mx\/#\/schema\/logo\/image\/"}},{"@type":"Person","@id":"https:\/\/expressometro.mx\/#\/schema\/person\/67a95b8e3862085c7598f66237488f1f","name":"Cecilia Vega","image":{"@type":"ImageObject","inLanguage":"es","@id":"https:\/\/secure.gravatar.com\/avatar\/13aae9944ab2ee472a9e407c9487fdbd03b049abaa559af32fe5dbcf615c981b?s=96&d=mm&r=g","url":"https:\/\/secure.gravatar.com\/avatar\/13aae9944ab2ee472a9e407c9487fdbd03b049abaa559af32fe5dbcf615c981b?s=96&d=mm&r=g","contentUrl":"https:\/\/secure.gravatar.com\/avatar\/13aae9944ab2ee472a9e407c9487fdbd03b049abaa559af32fe5dbcf615c981b?s=96&d=mm&r=g","caption":"Cecilia Vega"},"url":"https:\/\/expressometro.mx\/index.php\/author\/cecilia-vega\/"}]}},"amp_enabled":true,"_links":{"self":[{"href":"https:\/\/expressometro.mx\/index.php\/wp-json\/wp\/v2\/posts\/10930","targetHints":{"allow":["GET"]}}],"collection":[{"href":"https:\/\/expressometro.mx\/index.php\/wp-json\/wp\/v2\/posts"}],"about":[{"href":"https:\/\/expressometro.mx\/index.php\/wp-json\/wp\/v2\/types\/post"}],"author":[{"embeddable":true,"href":"https:\/\/expressometro.mx\/index.php\/wp-json\/wp\/v2\/users\/2"}],"replies":[{"embeddable":true,"href":"https:\/\/expressometro.mx\/index.php\/wp-json\/wp\/v2\/comments?post=10930"}],"version-history":[{"count":1,"href":"https:\/\/expressometro.mx\/index.php\/wp-json\/wp\/v2\/posts\/10930\/revisions"}],"predecessor-version":[{"id":10933,"href":"https:\/\/expressometro.mx\/index.php\/wp-json\/wp\/v2\/posts\/10930\/revisions\/10933"}],"wp:featuredmedia":[{"embeddable":true,"href":"https:\/\/expressometro.mx\/index.php\/wp-json\/wp\/v2\/media\/10932"}],"wp:attachment":[{"href":"https:\/\/expressometro.mx\/index.php\/wp-json\/wp\/v2\/media?parent=10930"}],"wp:term":[{"taxonomy":"category","embeddable":true,"href":"https:\/\/expressometro.mx\/index.php\/wp-json\/wp\/v2\/categories?post=10930"},{"taxonomy":"post_tag","embeddable":true,"href":"https:\/\/expressometro.mx\/index.php\/wp-json\/wp\/v2\/tags?post=10930"}],"curies":[{"name":"wp","href":"https:\/\/api.w.org\/{rel}","templated":true}]}}