{"id":10919,"date":"2025-02-28T19:28:21","date_gmt":"2025-03-01T01:28:21","guid":{"rendered":"https:\/\/expressometro.mx\/?p=10919"},"modified":"2025-02-28T19:28:22","modified_gmt":"2025-03-01T01:28:22","slug":"urge-atencion-conjunta-del-sector-salud-a-la-diabetes-castro","status":"publish","type":"post","link":"https:\/\/expressometro.mx\/index.php\/2025\/02\/28\/urge-atencion-conjunta-del-sector-salud-a-la-diabetes-castro\/","title":{"rendered":"URGE ATENCI\u00d3N CONJUNTA DEL SECTOR SALUD A LA DIABETES: CASTRO"},"content":{"rendered":"\n<ul class=\"wp-block-list\">\n<li>Impulsa el Grupo Parlamentario del PRI que el Gobierno garantice servicios de salud eficientes y<br>de calidad para pacientes diagnosticados con diabetes.<\/li>\n<\/ul>\n\n\n\n<p>A nombre del Grupo Parlamentario del PRI, el diputado Alejandro Castro Hern\u00e1ndez hizo un llamado urgente a la Secretar\u00eda de Salud del Estado de M\u00e9xico para que, en colaboraci\u00f3n con el IMSS-Bienestar y el Issemym, implementen un programa integral contra la diabetes, pues es momento de actuar con determinaci\u00f3n ante esta enfermedad que afecta a miles de familias.<br>Desde la tribuna del Congreso local, la bancada priista reafirm\u00f3 su compromiso con la salud y el bienestar de los mexiquenses tomando acciones conjuntas, toda vez que al aumentar el n\u00famero de casos de esta enfermedad, tambi\u00e9n se refleja en los costos asociados a su tratamiento y sus complicaciones.<br>\u201cJuntos podemos marcar la diferencia y debemos tomar conciencia sobre la diabetes que es la segunda causa de muerte, tanto a nivel nacional como en el Estado de M\u00e9xico; nuestro pa\u00eds enfrenta graves problemas de salud p\u00fablica, particularmente, con las enfermedades cr\u00f3nicas, aquellas que duran mucho tiempo y que requieren de atenci\u00f3n m\u00e9dica continua\u201d, se\u00f1al\u00f3.<br>Con motivo de lo anterior, se present\u00f3 un punto de acuerdo que exhorta a la Secretar\u00eda de Salud del Gobierno del Estado de M\u00e9xico para coordinar un programa integral de prevenci\u00f3n, tratamiento y control de la diabetes que incluya el levantamiento de un censo para la detecci\u00f3n de \u201cprediabetes\u201d o diabetes.<br>Adem\u00e1s de informar a los mexiquenses sobre aspectos b\u00e1sicos de esta enfermedad, causas, s\u00edntomas y complicaciones; as\u00ed como la promoci\u00f3n de h\u00e1bitos saludables; realizar estudios m\u00e9dicos para su detecci\u00f3n oportuna con pruebas sangu\u00edneas de hemoglobina glucosilada o el monitoreo peri\u00f3dico de los niveles de glucosa a trav\u00e9s del uso de gluc\u00f3metros.<br>Fomentar visitas peri\u00f3dicas a los centros de salud, en caso de pacientes que ya fueron diagnosticados, para que el personal m\u00e9dico d\u00e9 seguimiento e indicaciones adecuadas; prever la entrega gratuita de medicamentos o de insulina, \u00e9sta \u00faltima s\u00f3lo en el caso de la diabetes tipo 1 y tipo 2 avanzada, agreg\u00f3.<br>As\u00ed como brindar apoyo psicol\u00f3gico para lidiar con el estr\u00e9s, ansiedad o depresi\u00f3n, comunes en personas con diabetes; difundir recomendaciones para evitar posibles complicaciones como resequedad en la piel, complicaciones renales, y en casos extremos, amputaciones de miembros o ceguera.<br>Para un paciente diagnosticado con diabetes, y que requiere de insulina, el gasto mensual, asciende alrededor de mil 200 pesos, siempre que no existan complicaciones adicionales. Ello representa una carga econ\u00f3mica considerable para muchas familias mexiquenses, que pudieran destinar esos recursos para atender otras necesidades b\u00e1sicas como la alimentaci\u00f3n.<br>En suma, el legislador exhort\u00f3 a no permitir que, por falta de medicamentos, atenci\u00f3n oportuna, detecci\u00f3n y seguimiento puntual, m\u00e1s mexiquenses corran el riesgo de morir, sacrifiquen su calidad de vida y arriesguen su patrimonio a causa de la diabetes.<\/p>\n","protected":false},"excerpt":{"rendered":"<p>A nombre del Grupo Parlamentario del PRI, el diputado Alejandro Castro Hern\u00e1ndez hizo un llamado urgente a la Secretar\u00eda de Salud del Estado de M\u00e9xico para que, en colaboraci\u00f3n con el IMSS-Bienestar y el Issemym, implementen un programa integral contra la diabetes, pues es momento de actuar con determinaci\u00f3n ante esta enfermedad que afecta a miles de familias.<\/p>\n","protected":false},"author":1,"featured_media":10921,"comment_status":"open","ping_status":"open","sticky":false,"template":"","format":"standard","meta":{"footnotes":""},"categories":[3,1,231],"tags":[2373,1982,158],"class_list":["post-10919","post","type-post","status-publish","format-standard","has-post-thumbnail","hentry","category-gobierno","category-otros","category-politica","tag-alejandro-castro-hernandez","tag-edomex","tag-pri"],"yoast_head":"<!-- This site is optimized with the Yoast SEO plugin v27.4 - https:\/\/yoast.com\/product\/yoast-seo-wordpress\/ -->\n<title>URGE ATENCI\u00d3N CONJUNTA DEL SECTOR SALUD A LA DIABETES: CASTRO - Expresso Metropolitano<\/title>\n<meta name=\"robots\" content=\"index, follow, max-snippet:-1, max-image-preview:large, max-video-preview:-1\" \/>\n<link rel=\"canonical\" href=\"https:\/\/expressometro.mx\/index.php\/2025\/02\/28\/urge-atencion-conjunta-del-sector-salud-a-la-diabetes-castro\/\" \/>\n<meta property=\"og:locale\" content=\"es_MX\" \/>\n<meta property=\"og:type\" content=\"article\" \/>\n<meta property=\"og:title\" content=\"URGE ATENCI\u00d3N CONJUNTA DEL SECTOR SALUD A LA DIABETES: CASTRO - Expresso Metropolitano\" \/>\n<meta property=\"og:description\" content=\"A nombre del Grupo Parlamentario del PRI, el diputado Alejandro Castro Hern\u00e1ndez hizo un llamado urgente a la Secretar\u00eda de Salud del Estado de M\u00e9xico para que, en colaboraci\u00f3n con el IMSS-Bienestar y el Issemym, implementen un programa integral contra la diabetes, pues es momento de actuar con determinaci\u00f3n ante esta enfermedad que afecta a miles de familias.\" \/>\n<meta property=\"og:url\" content=\"https:\/\/expressometro.mx\/index.php\/2025\/02\/28\/urge-atencion-conjunta-del-sector-salud-a-la-diabetes-castro\/\" \/>\n<meta property=\"og:site_name\" content=\"Expresso Metropolitano\" \/>\n<meta property=\"article:published_time\" content=\"2025-03-01T01:28:21+00:00\" \/>\n<meta property=\"article:modified_time\" content=\"2025-03-01T01:28:22+00:00\" \/>\n<meta property=\"og:image\" content=\"http:\/\/expressometro.mx\/wp-content\/uploads\/2025\/02\/WhatsApp-Image-2025-02-28-at-4.09.53-PM-scaled.jpeg\" \/>\n\t<meta property=\"og:image:width\" content=\"2560\" \/>\n\t<meta property=\"og:image:height\" content=\"1706\" \/>\n\t<meta property=\"og:image:type\" content=\"image\/jpeg\" \/>\n<meta name=\"author\" content=\"Expresso Metropolitano\" \/>\n<meta name=\"twitter:label1\" content=\"Escrito por\" \/>\n\t<meta name=\"twitter:data1\" content=\"Expresso Metropolitano\" \/>\n\t<meta name=\"twitter:label2\" content=\"Tiempo de lectura\" \/>\n\t<meta name=\"twitter:data2\" content=\"3 minutos\" \/>\n<script type=\"application\/ld+json\" class=\"yoast-schema-graph\">{\"@context\":\"https:\\\/\\\/schema.org\",\"@graph\":[{\"@type\":\"Article\",\"@id\":\"https:\\\/\\\/expressometro.mx\\\/index.php\\\/2025\\\/02\\\/28\\\/urge-atencion-conjunta-del-sector-salud-a-la-diabetes-castro\\\/#article\",\"isPartOf\":{\"@id\":\"https:\\\/\\\/expressometro.mx\\\/index.php\\\/2025\\\/02\\\/28\\\/urge-atencion-conjunta-del-sector-salud-a-la-diabetes-castro\\\/\"},\"author\":{\"name\":\"Expresso Metropolitano\",\"@id\":\"https:\\\/\\\/expressometro.mx\\\/#\\\/schema\\\/person\\\/efa971b4a0664db8ed5c22b1b0dd2f5d\"},\"headline\":\"URGE ATENCI\u00d3N CONJUNTA DEL SECTOR SALUD A LA DIABETES: CASTRO\",\"datePublished\":\"2025-03-01T01:28:21+00:00\",\"dateModified\":\"2025-03-01T01:28:22+00:00\",\"mainEntityOfPage\":{\"@id\":\"https:\\\/\\\/expressometro.mx\\\/index.php\\\/2025\\\/02\\\/28\\\/urge-atencion-conjunta-del-sector-salud-a-la-diabetes-castro\\\/\"},\"wordCount\":514,\"commentCount\":0,\"publisher\":{\"@id\":\"https:\\\/\\\/expressometro.mx\\\/#organization\"},\"image\":{\"@id\":\"https:\\\/\\\/expressometro.mx\\\/index.php\\\/2025\\\/02\\\/28\\\/urge-atencion-conjunta-del-sector-salud-a-la-diabetes-castro\\\/#primaryimage\"},\"thumbnailUrl\":\"https:\\\/\\\/expressometro.mx\\\/wp-content\\\/uploads\\\/2025\\\/02\\\/WhatsApp-Image-2025-02-28-at-4.09.53-PM-scaled.jpeg\",\"keywords\":[\"Alejandro Castro Hern\u00e1ndez\",\"Edomex\",\"PRI\"],\"articleSection\":[\"Gobierno\",\"Otros\",\"Pol\u00edtica\"],\"inLanguage\":\"es\",\"potentialAction\":[{\"@type\":\"CommentAction\",\"name\":\"Comment\",\"target\":[\"https:\\\/\\\/expressometro.mx\\\/index.php\\\/2025\\\/02\\\/28\\\/urge-atencion-conjunta-del-sector-salud-a-la-diabetes-castro\\\/#respond\"]}]},{\"@type\":\"WebPage\",\"@id\":\"https:\\\/\\\/expressometro.mx\\\/index.php\\\/2025\\\/02\\\/28\\\/urge-atencion-conjunta-del-sector-salud-a-la-diabetes-castro\\\/\",\"url\":\"https:\\\/\\\/expressometro.mx\\\/index.php\\\/2025\\\/02\\\/28\\\/urge-atencion-conjunta-del-sector-salud-a-la-diabetes-castro\\\/\",\"name\":\"URGE ATENCI\u00d3N CONJUNTA DEL SECTOR SALUD A LA DIABETES: CASTRO - Expresso Metropolitano\",\"isPartOf\":{\"@id\":\"https:\\\/\\\/expressometro.mx\\\/#website\"},\"primaryImageOfPage\":{\"@id\":\"https:\\\/\\\/expressometro.mx\\\/index.php\\\/2025\\\/02\\\/28\\\/urge-atencion-conjunta-del-sector-salud-a-la-diabetes-castro\\\/#primaryimage\"},\"image\":{\"@id\":\"https:\\\/\\\/expressometro.mx\\\/index.php\\\/2025\\\/02\\\/28\\\/urge-atencion-conjunta-del-sector-salud-a-la-diabetes-castro\\\/#primaryimage\"},\"thumbnailUrl\":\"https:\\\/\\\/expressometro.mx\\\/wp-content\\\/uploads\\\/2025\\\/02\\\/WhatsApp-Image-2025-02-28-at-4.09.53-PM-scaled.jpeg\",\"datePublished\":\"2025-03-01T01:28:21+00:00\",\"dateModified\":\"2025-03-01T01:28:22+00:00\",\"breadcrumb\":{\"@id\":\"https:\\\/\\\/expressometro.mx\\\/index.php\\\/2025\\\/02\\\/28\\\/urge-atencion-conjunta-del-sector-salud-a-la-diabetes-castro\\\/#breadcrumb\"},\"inLanguage\":\"es\",\"potentialAction\":[{\"@type\":\"ReadAction\",\"target\":[\"https:\\\/\\\/expressometro.mx\\\/index.php\\\/2025\\\/02\\\/28\\\/urge-atencion-conjunta-del-sector-salud-a-la-diabetes-castro\\\/\"]}]},{\"@type\":\"ImageObject\",\"inLanguage\":\"es\",\"@id\":\"https:\\\/\\\/expressometro.mx\\\/index.php\\\/2025\\\/02\\\/28\\\/urge-atencion-conjunta-del-sector-salud-a-la-diabetes-castro\\\/#primaryimage\",\"url\":\"https:\\\/\\\/expressometro.mx\\\/wp-content\\\/uploads\\\/2025\\\/02\\\/WhatsApp-Image-2025-02-28-at-4.09.53-PM-scaled.jpeg\",\"contentUrl\":\"https:\\\/\\\/expressometro.mx\\\/wp-content\\\/uploads\\\/2025\\\/02\\\/WhatsApp-Image-2025-02-28-at-4.09.53-PM-scaled.jpeg\",\"width\":2560,\"height\":1706},{\"@type\":\"BreadcrumbList\",\"@id\":\"https:\\\/\\\/expressometro.mx\\\/index.php\\\/2025\\\/02\\\/28\\\/urge-atencion-conjunta-del-sector-salud-a-la-diabetes-castro\\\/#breadcrumb\",\"itemListElement\":[{\"@type\":\"ListItem\",\"position\":1,\"name\":\"Inicio\",\"item\":\"https:\\\/\\\/expressometro.mx\\\/\"},{\"@type\":\"ListItem\",\"position\":2,\"name\":\"URGE ATENCI\u00d3N CONJUNTA DEL SECTOR SALUD A LA DIABETES: CASTRO\"}]},{\"@type\":\"WebSite\",\"@id\":\"https:\\\/\\\/expressometro.mx\\\/#website\",\"url\":\"https:\\\/\\\/expressometro.mx\\\/\",\"name\":\"Expresso Metropolitano\",\"description\":\"Periodismo comprometido, informaci\u00f3n, investigaci\u00f3n y an\u00e1lisis\",\"publisher\":{\"@id\":\"https:\\\/\\\/expressometro.mx\\\/#organization\"},\"potentialAction\":[{\"@type\":\"SearchAction\",\"target\":{\"@type\":\"EntryPoint\",\"urlTemplate\":\"https:\\\/\\\/expressometro.mx\\\/?s={search_term_string}\"},\"query-input\":{\"@type\":\"PropertyValueSpecification\",\"valueRequired\":true,\"valueName\":\"search_term_string\"}}],\"inLanguage\":\"es\"},{\"@type\":\"Organization\",\"@id\":\"https:\\\/\\\/expressometro.mx\\\/#organization\",\"name\":\"Expresso Metropolitano\",\"url\":\"https:\\\/\\\/expressometro.mx\\\/\",\"logo\":{\"@type\":\"ImageObject\",\"inLanguage\":\"es\",\"@id\":\"https:\\\/\\\/expressometro.mx\\\/#\\\/schema\\\/logo\\\/image\\\/\",\"url\":\"https:\\\/\\\/expressometro.mx\\\/wp-content\\\/uploads\\\/2019\\\/07\\\/cropped-Logo-Expresso-Metropolitano-1-1.jpeg\",\"contentUrl\":\"https:\\\/\\\/expressometro.mx\\\/wp-content\\\/uploads\\\/2019\\\/07\\\/cropped-Logo-Expresso-Metropolitano-1-1.jpeg\",\"width\":290,\"height\":73,\"caption\":\"Expresso Metropolitano\"},\"image\":{\"@id\":\"https:\\\/\\\/expressometro.mx\\\/#\\\/schema\\\/logo\\\/image\\\/\"}},{\"@type\":\"Person\",\"@id\":\"https:\\\/\\\/expressometro.mx\\\/#\\\/schema\\\/person\\\/efa971b4a0664db8ed5c22b1b0dd2f5d\",\"name\":\"Expresso Metropolitano\",\"image\":{\"@type\":\"ImageObject\",\"inLanguage\":\"es\",\"@id\":\"https:\\\/\\\/secure.gravatar.com\\\/avatar\\\/a89f802b8de18c6952f223c88d3d106e9e3679839f4e25a02f4a6cc2ae6ba3b3?s=96&d=mm&r=g\",\"url\":\"https:\\\/\\\/secure.gravatar.com\\\/avatar\\\/a89f802b8de18c6952f223c88d3d106e9e3679839f4e25a02f4a6cc2ae6ba3b3?s=96&d=mm&r=g\",\"contentUrl\":\"https:\\\/\\\/secure.gravatar.com\\\/avatar\\\/a89f802b8de18c6952f223c88d3d106e9e3679839f4e25a02f4a6cc2ae6ba3b3?s=96&d=mm&r=g\",\"caption\":\"Expresso Metropolitano\"},\"url\":\"https:\\\/\\\/expressometro.mx\\\/index.php\\\/author\\\/diego\\\/\"}]}<\/script>\n<!-- \/ Yoast SEO plugin. -->","yoast_head_json":{"title":"URGE ATENCI\u00d3N CONJUNTA DEL SECTOR SALUD A LA DIABETES: CASTRO - Expresso Metropolitano","robots":{"index":"index","follow":"follow","max-snippet":"max-snippet:-1","max-image-preview":"max-image-preview:large","max-video-preview":"max-video-preview:-1"},"canonical":"https:\/\/expressometro.mx\/index.php\/2025\/02\/28\/urge-atencion-conjunta-del-sector-salud-a-la-diabetes-castro\/","og_locale":"es_MX","og_type":"article","og_title":"URGE ATENCI\u00d3N CONJUNTA DEL SECTOR SALUD A LA DIABETES: CASTRO - Expresso Metropolitano","og_description":"A nombre del Grupo Parlamentario del PRI, el diputado Alejandro Castro Hern\u00e1ndez hizo un llamado urgente a la Secretar\u00eda de Salud del Estado de M\u00e9xico para que, en colaboraci\u00f3n con el IMSS-Bienestar y el Issemym, implementen un programa integral contra la diabetes, pues es momento de actuar con determinaci\u00f3n ante esta enfermedad que afecta a miles de familias.","og_url":"https:\/\/expressometro.mx\/index.php\/2025\/02\/28\/urge-atencion-conjunta-del-sector-salud-a-la-diabetes-castro\/","og_site_name":"Expresso Metropolitano","article_published_time":"2025-03-01T01:28:21+00:00","article_modified_time":"2025-03-01T01:28:22+00:00","og_image":[{"width":2560,"height":1706,"url":"http:\/\/expressometro.mx\/wp-content\/uploads\/2025\/02\/WhatsApp-Image-2025-02-28-at-4.09.53-PM-scaled.jpeg","type":"image\/jpeg"}],"author":"Expresso Metropolitano","twitter_misc":{"Escrito por":"Expresso Metropolitano","Tiempo de lectura":"3 minutos"},"schema":{"@context":"https:\/\/schema.org","@graph":[{"@type":"Article","@id":"https:\/\/expressometro.mx\/index.php\/2025\/02\/28\/urge-atencion-conjunta-del-sector-salud-a-la-diabetes-castro\/#article","isPartOf":{"@id":"https:\/\/expressometro.mx\/index.php\/2025\/02\/28\/urge-atencion-conjunta-del-sector-salud-a-la-diabetes-castro\/"},"author":{"name":"Expresso Metropolitano","@id":"https:\/\/expressometro.mx\/#\/schema\/person\/efa971b4a0664db8ed5c22b1b0dd2f5d"},"headline":"URGE ATENCI\u00d3N CONJUNTA DEL SECTOR SALUD A LA DIABETES: CASTRO","datePublished":"2025-03-01T01:28:21+00:00","dateModified":"2025-03-01T01:28:22+00:00","mainEntityOfPage":{"@id":"https:\/\/expressometro.mx\/index.php\/2025\/02\/28\/urge-atencion-conjunta-del-sector-salud-a-la-diabetes-castro\/"},"wordCount":514,"commentCount":0,"publisher":{"@id":"https:\/\/expressometro.mx\/#organization"},"image":{"@id":"https:\/\/expressometro.mx\/index.php\/2025\/02\/28\/urge-atencion-conjunta-del-sector-salud-a-la-diabetes-castro\/#primaryimage"},"thumbnailUrl":"https:\/\/expressometro.mx\/wp-content\/uploads\/2025\/02\/WhatsApp-Image-2025-02-28-at-4.09.53-PM-scaled.jpeg","keywords":["Alejandro Castro Hern\u00e1ndez","Edomex","PRI"],"articleSection":["Gobierno","Otros","Pol\u00edtica"],"inLanguage":"es","potentialAction":[{"@type":"CommentAction","name":"Comment","target":["https:\/\/expressometro.mx\/index.php\/2025\/02\/28\/urge-atencion-conjunta-del-sector-salud-a-la-diabetes-castro\/#respond"]}]},{"@type":"WebPage","@id":"https:\/\/expressometro.mx\/index.php\/2025\/02\/28\/urge-atencion-conjunta-del-sector-salud-a-la-diabetes-castro\/","url":"https:\/\/expressometro.mx\/index.php\/2025\/02\/28\/urge-atencion-conjunta-del-sector-salud-a-la-diabetes-castro\/","name":"URGE ATENCI\u00d3N CONJUNTA DEL SECTOR SALUD A LA DIABETES: CASTRO - Expresso Metropolitano","isPartOf":{"@id":"https:\/\/expressometro.mx\/#website"},"primaryImageOfPage":{"@id":"https:\/\/expressometro.mx\/index.php\/2025\/02\/28\/urge-atencion-conjunta-del-sector-salud-a-la-diabetes-castro\/#primaryimage"},"image":{"@id":"https:\/\/expressometro.mx\/index.php\/2025\/02\/28\/urge-atencion-conjunta-del-sector-salud-a-la-diabetes-castro\/#primaryimage"},"thumbnailUrl":"https:\/\/expressometro.mx\/wp-content\/uploads\/2025\/02\/WhatsApp-Image-2025-02-28-at-4.09.53-PM-scaled.jpeg","datePublished":"2025-03-01T01:28:21+00:00","dateModified":"2025-03-01T01:28:22+00:00","breadcrumb":{"@id":"https:\/\/expressometro.mx\/index.php\/2025\/02\/28\/urge-atencion-conjunta-del-sector-salud-a-la-diabetes-castro\/#breadcrumb"},"inLanguage":"es","potentialAction":[{"@type":"ReadAction","target":["https:\/\/expressometro.mx\/index.php\/2025\/02\/28\/urge-atencion-conjunta-del-sector-salud-a-la-diabetes-castro\/"]}]},{"@type":"ImageObject","inLanguage":"es","@id":"https:\/\/expressometro.mx\/index.php\/2025\/02\/28\/urge-atencion-conjunta-del-sector-salud-a-la-diabetes-castro\/#primaryimage","url":"https:\/\/expressometro.mx\/wp-content\/uploads\/2025\/02\/WhatsApp-Image-2025-02-28-at-4.09.53-PM-scaled.jpeg","contentUrl":"https:\/\/expressometro.mx\/wp-content\/uploads\/2025\/02\/WhatsApp-Image-2025-02-28-at-4.09.53-PM-scaled.jpeg","width":2560,"height":1706},{"@type":"BreadcrumbList","@id":"https:\/\/expressometro.mx\/index.php\/2025\/02\/28\/urge-atencion-conjunta-del-sector-salud-a-la-diabetes-castro\/#breadcrumb","itemListElement":[{"@type":"ListItem","position":1,"name":"Inicio","item":"https:\/\/expressometro.mx\/"},{"@type":"ListItem","position":2,"name":"URGE ATENCI\u00d3N CONJUNTA DEL SECTOR SALUD A LA DIABETES: CASTRO"}]},{"@type":"WebSite","@id":"https:\/\/expressometro.mx\/#website","url":"https:\/\/expressometro.mx\/","name":"Expresso Metropolitano","description":"Periodismo comprometido, informaci\u00f3n, investigaci\u00f3n y an\u00e1lisis","publisher":{"@id":"https:\/\/expressometro.mx\/#organization"},"potentialAction":[{"@type":"SearchAction","target":{"@type":"EntryPoint","urlTemplate":"https:\/\/expressometro.mx\/?s={search_term_string}"},"query-input":{"@type":"PropertyValueSpecification","valueRequired":true,"valueName":"search_term_string"}}],"inLanguage":"es"},{"@type":"Organization","@id":"https:\/\/expressometro.mx\/#organization","name":"Expresso Metropolitano","url":"https:\/\/expressometro.mx\/","logo":{"@type":"ImageObject","inLanguage":"es","@id":"https:\/\/expressometro.mx\/#\/schema\/logo\/image\/","url":"https:\/\/expressometro.mx\/wp-content\/uploads\/2019\/07\/cropped-Logo-Expresso-Metropolitano-1-1.jpeg","contentUrl":"https:\/\/expressometro.mx\/wp-content\/uploads\/2019\/07\/cropped-Logo-Expresso-Metropolitano-1-1.jpeg","width":290,"height":73,"caption":"Expresso Metropolitano"},"image":{"@id":"https:\/\/expressometro.mx\/#\/schema\/logo\/image\/"}},{"@type":"Person","@id":"https:\/\/expressometro.mx\/#\/schema\/person\/efa971b4a0664db8ed5c22b1b0dd2f5d","name":"Expresso Metropolitano","image":{"@type":"ImageObject","inLanguage":"es","@id":"https:\/\/secure.gravatar.com\/avatar\/a89f802b8de18c6952f223c88d3d106e9e3679839f4e25a02f4a6cc2ae6ba3b3?s=96&d=mm&r=g","url":"https:\/\/secure.gravatar.com\/avatar\/a89f802b8de18c6952f223c88d3d106e9e3679839f4e25a02f4a6cc2ae6ba3b3?s=96&d=mm&r=g","contentUrl":"https:\/\/secure.gravatar.com\/avatar\/a89f802b8de18c6952f223c88d3d106e9e3679839f4e25a02f4a6cc2ae6ba3b3?s=96&d=mm&r=g","caption":"Expresso Metropolitano"},"url":"https:\/\/expressometro.mx\/index.php\/author\/diego\/"}]}},"amp_enabled":true,"_links":{"self":[{"href":"https:\/\/expressometro.mx\/index.php\/wp-json\/wp\/v2\/posts\/10919","targetHints":{"allow":["GET"]}}],"collection":[{"href":"https:\/\/expressometro.mx\/index.php\/wp-json\/wp\/v2\/posts"}],"about":[{"href":"https:\/\/expressometro.mx\/index.php\/wp-json\/wp\/v2\/types\/post"}],"author":[{"embeddable":true,"href":"https:\/\/expressometro.mx\/index.php\/wp-json\/wp\/v2\/users\/1"}],"replies":[{"embeddable":true,"href":"https:\/\/expressometro.mx\/index.php\/wp-json\/wp\/v2\/comments?post=10919"}],"version-history":[{"count":1,"href":"https:\/\/expressometro.mx\/index.php\/wp-json\/wp\/v2\/posts\/10919\/revisions"}],"predecessor-version":[{"id":10922,"href":"https:\/\/expressometro.mx\/index.php\/wp-json\/wp\/v2\/posts\/10919\/revisions\/10922"}],"wp:featuredmedia":[{"embeddable":true,"href":"https:\/\/expressometro.mx\/index.php\/wp-json\/wp\/v2\/media\/10921"}],"wp:attachment":[{"href":"https:\/\/expressometro.mx\/index.php\/wp-json\/wp\/v2\/media?parent=10919"}],"wp:term":[{"taxonomy":"category","embeddable":true,"href":"https:\/\/expressometro.mx\/index.php\/wp-json\/wp\/v2\/categories?post=10919"},{"taxonomy":"post_tag","embeddable":true,"href":"https:\/\/expressometro.mx\/index.php\/wp-json\/wp\/v2\/tags?post=10919"}],"curies":[{"name":"wp","href":"https:\/\/api.w.org\/{rel}","templated":true}]}}