{"id":10849,"date":"2025-01-31T19:04:34","date_gmt":"2025-02-01T01:04:34","guid":{"rendered":"https:\/\/expressometro.mx\/?p=10849"},"modified":"2025-02-01T19:07:52","modified_gmt":"2025-02-02T01:07:52","slug":"uaemex-a-la-vanguardia-en-la-promocion-de-seguridad-vial-y-movilidad","status":"publish","type":"post","link":"https:\/\/expressometro.mx\/index.php\/2025\/01\/31\/uaemex-a-la-vanguardia-en-la-promocion-de-seguridad-vial-y-movilidad\/","title":{"rendered":"UAEM\u00c9X, A LA VANGUARDIA EN LA PROMOCI\u00d3N DE SEGURIDAD VIAL Y MOVILIDAD"},"content":{"rendered":"\n<ul class=\"wp-block-list\">\n<li>\u201cVamos por el mismo camino\u201d es un programa \u00fanico en el pa\u00eds, impulsado por una universidad p\u00fablica, sobre seguridad vial y movilidad entre su comunidad.<\/li>\n<\/ul>\n\n\n\n<p>Con el objetivo primordial de generar conciencia sobre la prevenci\u00f3n de los accidentes de tr\u00e1nsito y sus consecuencias, el rector de la Universidad Aut\u00f3noma del Estado de M\u00e9xico (UAEM\u00e9x), Carlos Eduardo Barrera D\u00edaz, hizo entrega de los nombramientos a Embajadores y Embajadoras de Seguridad Vial y Movilidad del proyecto \u201cVamos por el mismo camino\u201d, en el Auditorio \u201cIng. Jos\u00e9 Yurrieta Vald\u00e9s\u201d del Edificio Administrativo de la instituci\u00f3n.<\/p>\n\n\n\n<p>\u201cVamos por el mismo camino\u201d es un programa \u00fanico en el pa\u00eds, impulsado por una universidad p\u00fablica, sobre seguridad vial y movilidad entre su comunidad, el cual tiene como objetivo sensibilizar sobre el cuidado de las personas que circulan en la calle en autom\u00f3vil, motocicleta, bicicleta o como peatones, destac\u00f3 el rector Barrera D\u00edaz.<\/p>\n\n\n\n<p>\u201cLa seguridad vial es una preocupaci\u00f3n fundamental para reducir y eliminar factores de riesgo asociados a los desplazamientos. Por ello, es indispensable comprender que no solo concierne a los conductores, sino tambi\u00e9n a nosotros como peatones, ciclistas, motociclistas y a todas las personas que compartimos estos espacios\u201d, indic\u00f3.<\/p>\n\n\n\n<p>Por su parte, el coordinador general de \u201cVamos por el mismo camino\u201d, Brandon S\u00e1nchez Peralta, exhort\u00f3 al p\u00fablico presente a generar conciencia sobre la responsabilidad compartida entre toda la sociedad y reconoci\u00f3 el compromiso del estudiantado embajador que suma a m\u00e1s de 400 integrantes, que trabajan d\u00eda a d\u00eda para concretar diversas acciones.<\/p>\n\n\n\n<p>As\u00ed mismo, la coordinadora de Comunicaci\u00f3n de dicho programa, Alison Sol\u00f3rzano Becerril, manifest\u00f3 que este es un paso significativo para la juventud que busca un futuro en donde la seguridad vial y la conciencia social sean prioridades presentes de una realidad m\u00e1s segura.<\/p>\n\n\n\n<p>Al evento acudi\u00f3 la secretaria de Administraci\u00f3n, Er\u00e9ndira Fierro Moreno; la directora de la Facultad de Humanidades y Coordinadora del Programa, Beatriz Adriana Gonz\u00e1lez Dur\u00e1n; directores de la Secretar\u00eda de Administraci\u00f3n, miembros del gabinete universitario, estudiantado embajador que se une al proyecto y comunidad universitaria en general.<\/p>\n","protected":false},"excerpt":{"rendered":"<p>Con el objetivo primordial de generar conciencia sobre la prevenci\u00f3n de los accidentes de tr\u00e1nsito y sus consecuencias, el rector de la Universidad Aut\u00f3noma del Estado de M\u00e9xico (UAEM\u00e9x), Carlos Eduardo Barrera D\u00edaz, hizo entrega de los nombramientos a Embajadores y Embajadoras de Seguridad Vial y Movilidad del proyecto \u201cVamos por el mismo camino\u201d, en el Auditorio \u201cIng. Jos\u00e9 Yurrieta Vald\u00e9s\u201d del Edificio Administrativo de la instituci\u00f3n.<\/p>\n","protected":false},"author":1,"featured_media":10851,"comment_status":"open","ping_status":"open","sticky":false,"template":"","format":"standard","meta":{"footnotes":""},"categories":[108,3,1,231],"tags":[313,1982,86,82],"class_list":["post-10849","post","type-post","status-publish","format-standard","has-post-thumbnail","hentry","category-educacion","category-gobierno","category-otros","category-politica","tag-carlos-eduardo-barrera-diaz","tag-edomex","tag-gem","tag-uaemex"],"yoast_head":"<!-- This site is optimized with the Yoast SEO plugin v27.5 - https:\/\/yoast.com\/product\/yoast-seo-wordpress\/ -->\n<title>UAEM\u00c9X, A LA VANGUARDIA EN LA PROMOCI\u00d3N DE SEGURIDAD VIAL Y MOVILIDAD - Expresso Metropolitano<\/title>\n<meta name=\"robots\" content=\"index, follow, max-snippet:-1, max-image-preview:large, max-video-preview:-1\" \/>\n<link rel=\"canonical\" href=\"https:\/\/expressometro.mx\/index.php\/2025\/01\/31\/uaemex-a-la-vanguardia-en-la-promocion-de-seguridad-vial-y-movilidad\/\" \/>\n<meta property=\"og:locale\" content=\"es_MX\" \/>\n<meta property=\"og:type\" content=\"article\" \/>\n<meta property=\"og:title\" content=\"UAEM\u00c9X, A LA VANGUARDIA EN LA PROMOCI\u00d3N DE SEGURIDAD VIAL Y MOVILIDAD - Expresso Metropolitano\" \/>\n<meta property=\"og:description\" content=\"Con el objetivo primordial de generar conciencia sobre la prevenci\u00f3n de los accidentes de tr\u00e1nsito y sus consecuencias, el rector de la Universidad Aut\u00f3noma del Estado de M\u00e9xico (UAEM\u00e9x), Carlos Eduardo Barrera D\u00edaz, hizo entrega de los nombramientos a Embajadores y Embajadoras de Seguridad Vial y Movilidad del proyecto \u201cVamos por el mismo camino\u201d, en el Auditorio \u201cIng. Jos\u00e9 Yurrieta Vald\u00e9s\u201d del Edificio Administrativo de la instituci\u00f3n.\" \/>\n<meta property=\"og:url\" content=\"https:\/\/expressometro.mx\/index.php\/2025\/01\/31\/uaemex-a-la-vanguardia-en-la-promocion-de-seguridad-vial-y-movilidad\/\" \/>\n<meta property=\"og:site_name\" content=\"Expresso Metropolitano\" \/>\n<meta property=\"article:published_time\" content=\"2025-02-01T01:04:34+00:00\" \/>\n<meta property=\"article:modified_time\" content=\"2025-02-02T01:07:52+00:00\" \/>\n<meta property=\"og:image\" content=\"http:\/\/expressometro.mx\/wp-content\/uploads\/2025\/02\/WhatsApp-Image-2025-02-01-at-7.06.05-PM.jpeg\" \/>\n\t<meta property=\"og:image:width\" content=\"1600\" \/>\n\t<meta property=\"og:image:height\" content=\"1067\" \/>\n\t<meta property=\"og:image:type\" content=\"image\/jpeg\" \/>\n<meta name=\"author\" content=\"Expresso Metropolitano\" \/>\n<meta name=\"twitter:label1\" content=\"Escrito por\" \/>\n\t<meta name=\"twitter:data1\" content=\"Expresso Metropolitano\" \/>\n\t<meta name=\"twitter:label2\" content=\"Tiempo de lectura\" \/>\n\t<meta name=\"twitter:data2\" content=\"2 minutos\" \/>\n<script type=\"application\/ld+json\" class=\"yoast-schema-graph\">{\"@context\":\"https:\\\/\\\/schema.org\",\"@graph\":[{\"@type\":\"Article\",\"@id\":\"https:\\\/\\\/expressometro.mx\\\/index.php\\\/2025\\\/01\\\/31\\\/uaemex-a-la-vanguardia-en-la-promocion-de-seguridad-vial-y-movilidad\\\/#article\",\"isPartOf\":{\"@id\":\"https:\\\/\\\/expressometro.mx\\\/index.php\\\/2025\\\/01\\\/31\\\/uaemex-a-la-vanguardia-en-la-promocion-de-seguridad-vial-y-movilidad\\\/\"},\"author\":{\"name\":\"Expresso Metropolitano\",\"@id\":\"https:\\\/\\\/expressometro.mx\\\/#\\\/schema\\\/person\\\/efa971b4a0664db8ed5c22b1b0dd2f5d\"},\"headline\":\"UAEM\u00c9X, A LA VANGUARDIA EN LA PROMOCI\u00d3N DE SEGURIDAD VIAL Y MOVILIDAD\",\"datePublished\":\"2025-02-01T01:04:34+00:00\",\"dateModified\":\"2025-02-02T01:07:52+00:00\",\"mainEntityOfPage\":{\"@id\":\"https:\\\/\\\/expressometro.mx\\\/index.php\\\/2025\\\/01\\\/31\\\/uaemex-a-la-vanguardia-en-la-promocion-de-seguridad-vial-y-movilidad\\\/\"},\"wordCount\":380,\"commentCount\":0,\"publisher\":{\"@id\":\"https:\\\/\\\/expressometro.mx\\\/#organization\"},\"image\":{\"@id\":\"https:\\\/\\\/expressometro.mx\\\/index.php\\\/2025\\\/01\\\/31\\\/uaemex-a-la-vanguardia-en-la-promocion-de-seguridad-vial-y-movilidad\\\/#primaryimage\"},\"thumbnailUrl\":\"https:\\\/\\\/expressometro.mx\\\/wp-content\\\/uploads\\\/2025\\\/02\\\/WhatsApp-Image-2025-02-01-at-7.06.05-PM.jpeg\",\"keywords\":[\"Carlos Eduardo Barrera D\u00edaz\",\"Edomex\",\"GEM\",\"UAEMex\"],\"articleSection\":[\"Educaci\u00f3n\",\"Gobierno\",\"Otros\",\"Pol\u00edtica\"],\"inLanguage\":\"es\",\"potentialAction\":[{\"@type\":\"CommentAction\",\"name\":\"Comment\",\"target\":[\"https:\\\/\\\/expressometro.mx\\\/index.php\\\/2025\\\/01\\\/31\\\/uaemex-a-la-vanguardia-en-la-promocion-de-seguridad-vial-y-movilidad\\\/#respond\"]}]},{\"@type\":\"WebPage\",\"@id\":\"https:\\\/\\\/expressometro.mx\\\/index.php\\\/2025\\\/01\\\/31\\\/uaemex-a-la-vanguardia-en-la-promocion-de-seguridad-vial-y-movilidad\\\/\",\"url\":\"https:\\\/\\\/expressometro.mx\\\/index.php\\\/2025\\\/01\\\/31\\\/uaemex-a-la-vanguardia-en-la-promocion-de-seguridad-vial-y-movilidad\\\/\",\"name\":\"UAEM\u00c9X, A LA VANGUARDIA EN LA PROMOCI\u00d3N DE SEGURIDAD VIAL Y MOVILIDAD - Expresso Metropolitano\",\"isPartOf\":{\"@id\":\"https:\\\/\\\/expressometro.mx\\\/#website\"},\"primaryImageOfPage\":{\"@id\":\"https:\\\/\\\/expressometro.mx\\\/index.php\\\/2025\\\/01\\\/31\\\/uaemex-a-la-vanguardia-en-la-promocion-de-seguridad-vial-y-movilidad\\\/#primaryimage\"},\"image\":{\"@id\":\"https:\\\/\\\/expressometro.mx\\\/index.php\\\/2025\\\/01\\\/31\\\/uaemex-a-la-vanguardia-en-la-promocion-de-seguridad-vial-y-movilidad\\\/#primaryimage\"},\"thumbnailUrl\":\"https:\\\/\\\/expressometro.mx\\\/wp-content\\\/uploads\\\/2025\\\/02\\\/WhatsApp-Image-2025-02-01-at-7.06.05-PM.jpeg\",\"datePublished\":\"2025-02-01T01:04:34+00:00\",\"dateModified\":\"2025-02-02T01:07:52+00:00\",\"breadcrumb\":{\"@id\":\"https:\\\/\\\/expressometro.mx\\\/index.php\\\/2025\\\/01\\\/31\\\/uaemex-a-la-vanguardia-en-la-promocion-de-seguridad-vial-y-movilidad\\\/#breadcrumb\"},\"inLanguage\":\"es\",\"potentialAction\":[{\"@type\":\"ReadAction\",\"target\":[\"https:\\\/\\\/expressometro.mx\\\/index.php\\\/2025\\\/01\\\/31\\\/uaemex-a-la-vanguardia-en-la-promocion-de-seguridad-vial-y-movilidad\\\/\"]}]},{\"@type\":\"ImageObject\",\"inLanguage\":\"es\",\"@id\":\"https:\\\/\\\/expressometro.mx\\\/index.php\\\/2025\\\/01\\\/31\\\/uaemex-a-la-vanguardia-en-la-promocion-de-seguridad-vial-y-movilidad\\\/#primaryimage\",\"url\":\"https:\\\/\\\/expressometro.mx\\\/wp-content\\\/uploads\\\/2025\\\/02\\\/WhatsApp-Image-2025-02-01-at-7.06.05-PM.jpeg\",\"contentUrl\":\"https:\\\/\\\/expressometro.mx\\\/wp-content\\\/uploads\\\/2025\\\/02\\\/WhatsApp-Image-2025-02-01-at-7.06.05-PM.jpeg\",\"width\":1600,\"height\":1067},{\"@type\":\"BreadcrumbList\",\"@id\":\"https:\\\/\\\/expressometro.mx\\\/index.php\\\/2025\\\/01\\\/31\\\/uaemex-a-la-vanguardia-en-la-promocion-de-seguridad-vial-y-movilidad\\\/#breadcrumb\",\"itemListElement\":[{\"@type\":\"ListItem\",\"position\":1,\"name\":\"Inicio\",\"item\":\"https:\\\/\\\/expressometro.mx\\\/\"},{\"@type\":\"ListItem\",\"position\":2,\"name\":\"UAEM\u00c9X, A LA VANGUARDIA EN LA PROMOCI\u00d3N DE SEGURIDAD VIAL Y MOVILIDAD\"}]},{\"@type\":\"WebSite\",\"@id\":\"https:\\\/\\\/expressometro.mx\\\/#website\",\"url\":\"https:\\\/\\\/expressometro.mx\\\/\",\"name\":\"Expresso Metropolitano\",\"description\":\"Periodismo comprometido, informaci\u00f3n, investigaci\u00f3n y an\u00e1lisis\",\"publisher\":{\"@id\":\"https:\\\/\\\/expressometro.mx\\\/#organization\"},\"potentialAction\":[{\"@type\":\"SearchAction\",\"target\":{\"@type\":\"EntryPoint\",\"urlTemplate\":\"https:\\\/\\\/expressometro.mx\\\/?s={search_term_string}\"},\"query-input\":{\"@type\":\"PropertyValueSpecification\",\"valueRequired\":true,\"valueName\":\"search_term_string\"}}],\"inLanguage\":\"es\"},{\"@type\":\"Organization\",\"@id\":\"https:\\\/\\\/expressometro.mx\\\/#organization\",\"name\":\"Expresso Metropolitano\",\"url\":\"https:\\\/\\\/expressometro.mx\\\/\",\"logo\":{\"@type\":\"ImageObject\",\"inLanguage\":\"es\",\"@id\":\"https:\\\/\\\/expressometro.mx\\\/#\\\/schema\\\/logo\\\/image\\\/\",\"url\":\"https:\\\/\\\/expressometro.mx\\\/wp-content\\\/uploads\\\/2019\\\/07\\\/cropped-Logo-Expresso-Metropolitano-1-1.jpeg\",\"contentUrl\":\"https:\\\/\\\/expressometro.mx\\\/wp-content\\\/uploads\\\/2019\\\/07\\\/cropped-Logo-Expresso-Metropolitano-1-1.jpeg\",\"width\":290,\"height\":73,\"caption\":\"Expresso Metropolitano\"},\"image\":{\"@id\":\"https:\\\/\\\/expressometro.mx\\\/#\\\/schema\\\/logo\\\/image\\\/\"}},{\"@type\":\"Person\",\"@id\":\"https:\\\/\\\/expressometro.mx\\\/#\\\/schema\\\/person\\\/efa971b4a0664db8ed5c22b1b0dd2f5d\",\"name\":\"Expresso Metropolitano\",\"image\":{\"@type\":\"ImageObject\",\"inLanguage\":\"es\",\"@id\":\"https:\\\/\\\/secure.gravatar.com\\\/avatar\\\/a89f802b8de18c6952f223c88d3d106e9e3679839f4e25a02f4a6cc2ae6ba3b3?s=96&d=mm&r=g\",\"url\":\"https:\\\/\\\/secure.gravatar.com\\\/avatar\\\/a89f802b8de18c6952f223c88d3d106e9e3679839f4e25a02f4a6cc2ae6ba3b3?s=96&d=mm&r=g\",\"contentUrl\":\"https:\\\/\\\/secure.gravatar.com\\\/avatar\\\/a89f802b8de18c6952f223c88d3d106e9e3679839f4e25a02f4a6cc2ae6ba3b3?s=96&d=mm&r=g\",\"caption\":\"Expresso Metropolitano\"},\"url\":\"https:\\\/\\\/expressometro.mx\\\/index.php\\\/author\\\/diego\\\/\"}]}<\/script>\n<!-- \/ Yoast SEO plugin. -->","yoast_head_json":{"title":"UAEM\u00c9X, A LA VANGUARDIA EN LA PROMOCI\u00d3N DE SEGURIDAD VIAL Y MOVILIDAD - Expresso Metropolitano","robots":{"index":"index","follow":"follow","max-snippet":"max-snippet:-1","max-image-preview":"max-image-preview:large","max-video-preview":"max-video-preview:-1"},"canonical":"https:\/\/expressometro.mx\/index.php\/2025\/01\/31\/uaemex-a-la-vanguardia-en-la-promocion-de-seguridad-vial-y-movilidad\/","og_locale":"es_MX","og_type":"article","og_title":"UAEM\u00c9X, A LA VANGUARDIA EN LA PROMOCI\u00d3N DE SEGURIDAD VIAL Y MOVILIDAD - Expresso Metropolitano","og_description":"Con el objetivo primordial de generar conciencia sobre la prevenci\u00f3n de los accidentes de tr\u00e1nsito y sus consecuencias, el rector de la Universidad Aut\u00f3noma del Estado de M\u00e9xico (UAEM\u00e9x), Carlos Eduardo Barrera D\u00edaz, hizo entrega de los nombramientos a Embajadores y Embajadoras de Seguridad Vial y Movilidad del proyecto \u201cVamos por el mismo camino\u201d, en el Auditorio \u201cIng. Jos\u00e9 Yurrieta Vald\u00e9s\u201d del Edificio Administrativo de la instituci\u00f3n.","og_url":"https:\/\/expressometro.mx\/index.php\/2025\/01\/31\/uaemex-a-la-vanguardia-en-la-promocion-de-seguridad-vial-y-movilidad\/","og_site_name":"Expresso Metropolitano","article_published_time":"2025-02-01T01:04:34+00:00","article_modified_time":"2025-02-02T01:07:52+00:00","og_image":[{"width":1600,"height":1067,"url":"http:\/\/expressometro.mx\/wp-content\/uploads\/2025\/02\/WhatsApp-Image-2025-02-01-at-7.06.05-PM.jpeg","type":"image\/jpeg"}],"author":"Expresso Metropolitano","twitter_misc":{"Escrito por":"Expresso Metropolitano","Tiempo de lectura":"2 minutos"},"schema":{"@context":"https:\/\/schema.org","@graph":[{"@type":"Article","@id":"https:\/\/expressometro.mx\/index.php\/2025\/01\/31\/uaemex-a-la-vanguardia-en-la-promocion-de-seguridad-vial-y-movilidad\/#article","isPartOf":{"@id":"https:\/\/expressometro.mx\/index.php\/2025\/01\/31\/uaemex-a-la-vanguardia-en-la-promocion-de-seguridad-vial-y-movilidad\/"},"author":{"name":"Expresso Metropolitano","@id":"https:\/\/expressometro.mx\/#\/schema\/person\/efa971b4a0664db8ed5c22b1b0dd2f5d"},"headline":"UAEM\u00c9X, A LA VANGUARDIA EN LA PROMOCI\u00d3N DE SEGURIDAD VIAL Y MOVILIDAD","datePublished":"2025-02-01T01:04:34+00:00","dateModified":"2025-02-02T01:07:52+00:00","mainEntityOfPage":{"@id":"https:\/\/expressometro.mx\/index.php\/2025\/01\/31\/uaemex-a-la-vanguardia-en-la-promocion-de-seguridad-vial-y-movilidad\/"},"wordCount":380,"commentCount":0,"publisher":{"@id":"https:\/\/expressometro.mx\/#organization"},"image":{"@id":"https:\/\/expressometro.mx\/index.php\/2025\/01\/31\/uaemex-a-la-vanguardia-en-la-promocion-de-seguridad-vial-y-movilidad\/#primaryimage"},"thumbnailUrl":"https:\/\/expressometro.mx\/wp-content\/uploads\/2025\/02\/WhatsApp-Image-2025-02-01-at-7.06.05-PM.jpeg","keywords":["Carlos Eduardo Barrera D\u00edaz","Edomex","GEM","UAEMex"],"articleSection":["Educaci\u00f3n","Gobierno","Otros","Pol\u00edtica"],"inLanguage":"es","potentialAction":[{"@type":"CommentAction","name":"Comment","target":["https:\/\/expressometro.mx\/index.php\/2025\/01\/31\/uaemex-a-la-vanguardia-en-la-promocion-de-seguridad-vial-y-movilidad\/#respond"]}]},{"@type":"WebPage","@id":"https:\/\/expressometro.mx\/index.php\/2025\/01\/31\/uaemex-a-la-vanguardia-en-la-promocion-de-seguridad-vial-y-movilidad\/","url":"https:\/\/expressometro.mx\/index.php\/2025\/01\/31\/uaemex-a-la-vanguardia-en-la-promocion-de-seguridad-vial-y-movilidad\/","name":"UAEM\u00c9X, A LA VANGUARDIA EN LA PROMOCI\u00d3N DE SEGURIDAD VIAL Y MOVILIDAD - Expresso Metropolitano","isPartOf":{"@id":"https:\/\/expressometro.mx\/#website"},"primaryImageOfPage":{"@id":"https:\/\/expressometro.mx\/index.php\/2025\/01\/31\/uaemex-a-la-vanguardia-en-la-promocion-de-seguridad-vial-y-movilidad\/#primaryimage"},"image":{"@id":"https:\/\/expressometro.mx\/index.php\/2025\/01\/31\/uaemex-a-la-vanguardia-en-la-promocion-de-seguridad-vial-y-movilidad\/#primaryimage"},"thumbnailUrl":"https:\/\/expressometro.mx\/wp-content\/uploads\/2025\/02\/WhatsApp-Image-2025-02-01-at-7.06.05-PM.jpeg","datePublished":"2025-02-01T01:04:34+00:00","dateModified":"2025-02-02T01:07:52+00:00","breadcrumb":{"@id":"https:\/\/expressometro.mx\/index.php\/2025\/01\/31\/uaemex-a-la-vanguardia-en-la-promocion-de-seguridad-vial-y-movilidad\/#breadcrumb"},"inLanguage":"es","potentialAction":[{"@type":"ReadAction","target":["https:\/\/expressometro.mx\/index.php\/2025\/01\/31\/uaemex-a-la-vanguardia-en-la-promocion-de-seguridad-vial-y-movilidad\/"]}]},{"@type":"ImageObject","inLanguage":"es","@id":"https:\/\/expressometro.mx\/index.php\/2025\/01\/31\/uaemex-a-la-vanguardia-en-la-promocion-de-seguridad-vial-y-movilidad\/#primaryimage","url":"https:\/\/expressometro.mx\/wp-content\/uploads\/2025\/02\/WhatsApp-Image-2025-02-01-at-7.06.05-PM.jpeg","contentUrl":"https:\/\/expressometro.mx\/wp-content\/uploads\/2025\/02\/WhatsApp-Image-2025-02-01-at-7.06.05-PM.jpeg","width":1600,"height":1067},{"@type":"BreadcrumbList","@id":"https:\/\/expressometro.mx\/index.php\/2025\/01\/31\/uaemex-a-la-vanguardia-en-la-promocion-de-seguridad-vial-y-movilidad\/#breadcrumb","itemListElement":[{"@type":"ListItem","position":1,"name":"Inicio","item":"https:\/\/expressometro.mx\/"},{"@type":"ListItem","position":2,"name":"UAEM\u00c9X, A LA VANGUARDIA EN LA PROMOCI\u00d3N DE SEGURIDAD VIAL Y MOVILIDAD"}]},{"@type":"WebSite","@id":"https:\/\/expressometro.mx\/#website","url":"https:\/\/expressometro.mx\/","name":"Expresso Metropolitano","description":"Periodismo comprometido, informaci\u00f3n, investigaci\u00f3n y an\u00e1lisis","publisher":{"@id":"https:\/\/expressometro.mx\/#organization"},"potentialAction":[{"@type":"SearchAction","target":{"@type":"EntryPoint","urlTemplate":"https:\/\/expressometro.mx\/?s={search_term_string}"},"query-input":{"@type":"PropertyValueSpecification","valueRequired":true,"valueName":"search_term_string"}}],"inLanguage":"es"},{"@type":"Organization","@id":"https:\/\/expressometro.mx\/#organization","name":"Expresso Metropolitano","url":"https:\/\/expressometro.mx\/","logo":{"@type":"ImageObject","inLanguage":"es","@id":"https:\/\/expressometro.mx\/#\/schema\/logo\/image\/","url":"https:\/\/expressometro.mx\/wp-content\/uploads\/2019\/07\/cropped-Logo-Expresso-Metropolitano-1-1.jpeg","contentUrl":"https:\/\/expressometro.mx\/wp-content\/uploads\/2019\/07\/cropped-Logo-Expresso-Metropolitano-1-1.jpeg","width":290,"height":73,"caption":"Expresso Metropolitano"},"image":{"@id":"https:\/\/expressometro.mx\/#\/schema\/logo\/image\/"}},{"@type":"Person","@id":"https:\/\/expressometro.mx\/#\/schema\/person\/efa971b4a0664db8ed5c22b1b0dd2f5d","name":"Expresso Metropolitano","image":{"@type":"ImageObject","inLanguage":"es","@id":"https:\/\/secure.gravatar.com\/avatar\/a89f802b8de18c6952f223c88d3d106e9e3679839f4e25a02f4a6cc2ae6ba3b3?s=96&d=mm&r=g","url":"https:\/\/secure.gravatar.com\/avatar\/a89f802b8de18c6952f223c88d3d106e9e3679839f4e25a02f4a6cc2ae6ba3b3?s=96&d=mm&r=g","contentUrl":"https:\/\/secure.gravatar.com\/avatar\/a89f802b8de18c6952f223c88d3d106e9e3679839f4e25a02f4a6cc2ae6ba3b3?s=96&d=mm&r=g","caption":"Expresso Metropolitano"},"url":"https:\/\/expressometro.mx\/index.php\/author\/diego\/"}]}},"amp_enabled":true,"_links":{"self":[{"href":"https:\/\/expressometro.mx\/index.php\/wp-json\/wp\/v2\/posts\/10849","targetHints":{"allow":["GET"]}}],"collection":[{"href":"https:\/\/expressometro.mx\/index.php\/wp-json\/wp\/v2\/posts"}],"about":[{"href":"https:\/\/expressometro.mx\/index.php\/wp-json\/wp\/v2\/types\/post"}],"author":[{"embeddable":true,"href":"https:\/\/expressometro.mx\/index.php\/wp-json\/wp\/v2\/users\/1"}],"replies":[{"embeddable":true,"href":"https:\/\/expressometro.mx\/index.php\/wp-json\/wp\/v2\/comments?post=10849"}],"version-history":[{"count":1,"href":"https:\/\/expressometro.mx\/index.php\/wp-json\/wp\/v2\/posts\/10849\/revisions"}],"predecessor-version":[{"id":10852,"href":"https:\/\/expressometro.mx\/index.php\/wp-json\/wp\/v2\/posts\/10849\/revisions\/10852"}],"wp:featuredmedia":[{"embeddable":true,"href":"https:\/\/expressometro.mx\/index.php\/wp-json\/wp\/v2\/media\/10851"}],"wp:attachment":[{"href":"https:\/\/expressometro.mx\/index.php\/wp-json\/wp\/v2\/media?parent=10849"}],"wp:term":[{"taxonomy":"category","embeddable":true,"href":"https:\/\/expressometro.mx\/index.php\/wp-json\/wp\/v2\/categories?post=10849"},{"taxonomy":"post_tag","embeddable":true,"href":"https:\/\/expressometro.mx\/index.php\/wp-json\/wp\/v2\/tags?post=10849"}],"curies":[{"name":"wp","href":"https:\/\/api.w.org\/{rel}","templated":true}]}}