{"id":10836,"date":"2025-01-28T18:47:27","date_gmt":"2025-01-29T00:47:27","guid":{"rendered":"https:\/\/expressometro.mx\/?p=10836"},"modified":"2025-02-01T18:57:26","modified_gmt":"2025-02-02T00:57:26","slug":"cumple-facultad-de-arquitectura-y-diseno-90-por-ciento-de-sus-metas","status":"publish","type":"post","link":"https:\/\/expressometro.mx\/index.php\/2025\/01\/28\/cumple-facultad-de-arquitectura-y-diseno-90-por-ciento-de-sus-metas\/","title":{"rendered":"CUMPLE FACULTAD DE ARQUITECTURA Y DISE\u00d1O 90 POR CIENTO DE SUS METAS"},"content":{"rendered":"\n<ul class=\"wp-block-list\">\n<li>El rector de la UAEM\u00e9x, Carlos Eduardo Barrera D\u00edaz, encabez\u00f3 el tercer informe anual de actividades del director de este espacio universitario, Xavier Gayt\u00e1n Zepeda.<\/li>\n\n\n\n<li>Barrera D\u00edaz hizo entrega de cinco pantallas de 65 pulgadas, cinco proyectores, 15 c\u00e1maras de videovigilancia, 15 computadoras y 15 sillas para el personal administrativo.<\/li>\n<\/ul>\n\n\n\n<p>La Facultad de Arquitectura y Dise\u00f1o de la Universidad Aut\u00f3noma del Estado de M\u00e9xico (UAEM\u00e9x) ha cumplido con m\u00e1s de 90 por ciento de las metas planteadas para el periodo 2021-2025, afirm\u00f3 el rector Carlos Eduardo Barrera D\u00edaz, al encabezar el tercer informe de actividades del director de este organismo acad\u00e9mico, Xavier Gayt\u00e1n Zepeda.&nbsp;&nbsp;<\/p>\n\n\n\n<p>En el acto, el rector de la Aut\u00f3noma mexiquense hizo entrega de 5 pantallas de 65 pulgadas, 5 proyectores, 15 c\u00e1maras de videovigilancia, 15 computadoras y 15 sillas para el personal administrativo.<\/p>\n\n\n\n<p>Ante los miembros de los consejos Acad\u00e9mico y de Gobierno de la Facultad, integrantes del gabinete universitario, ex directores, invitados especiales, as\u00ed como estudiantes, docentes y trabajadores administrativos, Barrera D\u00edaz apunt\u00f3 que este espacio acad\u00e9mico est\u00e1 conformado por profesionistas que colaboran en la atenci\u00f3n de necesidades y est\u00e9ticas desde sus diversas disciplinas, por lo que es muy grato que&nbsp; 100 por ciento de los programas de estudios profesionales de este espacio acad\u00e9mico est\u00e1n certificados por \u00f3rganos externos.<\/p>\n\n\n\n<figure class=\"wp-block-image size-large\"><img decoding=\"async\" width=\"720\" height=\"480\" src=\"https:\/\/expressometro.mx\/wp-content\/uploads\/2025\/02\/WhatsApp-Image-2025-02-01-at-6.55.35-PM-720x480.jpeg\" alt=\"\" class=\"wp-image-10839\" srcset=\"https:\/\/expressometro.mx\/wp-content\/uploads\/2025\/02\/WhatsApp-Image-2025-02-01-at-6.55.35-PM-720x480.jpeg 720w, https:\/\/expressometro.mx\/wp-content\/uploads\/2025\/02\/WhatsApp-Image-2025-02-01-at-6.55.35-PM-548x365.jpeg 548w, https:\/\/expressometro.mx\/wp-content\/uploads\/2025\/02\/WhatsApp-Image-2025-02-01-at-6.55.35-PM-768x512.jpeg 768w, https:\/\/expressometro.mx\/wp-content\/uploads\/2025\/02\/WhatsApp-Image-2025-02-01-at-6.55.35-PM.jpeg 800w\" sizes=\"(max-width: 720px) 100vw, 720px\" \/><\/figure>\n\n\n\n<p>\u201cDestac\u00f3 el incremento de la matr\u00edcula estudiantil, como en el \u00edndice total de titulaci\u00f3n. Adem\u00e1s de ello, en la oferta de diplomados superiores, lo cual permite contar con recursos propios que han permitido adquirir equipos en pro de esta comunidad acad\u00e9mica\u201d, abund\u00f3.<\/p>\n\n\n\n<p>Por su parte, Gayt\u00e1n Zepeda inform\u00f3 que aproximadamente 68 por ciento de las y los profesores de tiempo completo participan en redes con pares extranjeros durante la administraci\u00f3n. Asimismo, una investigadora subi\u00f3 de nivel en el Sistema Nacional de Investigadores, obteniendo el Nivel 3, mientras que otras dos entraron en la categor\u00eda de candidatas.<\/p>\n\n\n\n<p>En este mismo sentido, el servidor universitario apunt\u00f3 que con el objetivo de cumplir el indicador de lograr que el 51.6 por ciento de la producci\u00f3n cient\u00edfica sea con sentido social se realiz\u00f3 la jornada de accesibilidad, con el objetivo de visibilizar los derechos de las poblaciones vulnerables.<\/p>\n\n\n\n<p>Finalmente, agradeci\u00f3 a la comunidad de la Facultad de Arquitectura y Dise\u00f1o por la dedicaci\u00f3n y esfuerzo que han permitido consolidar a este espacio acad\u00e9mico como un referente de excelencia acad\u00e9mica y compromiso social, siendo la base para continuar construyendo un futuro prometedor.<\/p>\n\n\n\n<p>Al acto acudieron la secretaria de Planeaci\u00f3n y Desarrollo Institucional, Mar\u00eda Esther Aurora Contreras Lara Vega; la secretar\u00eda de Administraci\u00f3n, Er\u00e9ndira Fierro Moreno; la secretaria de Investigaci\u00f3n y Estudios Avanzados, Martha Patricia Zarza Delgado; el secretario de Rector\u00eda, Marco Aurelio Cienfuegos Terr\u00f3n; la directora general de Comunicaci\u00f3n Universitaria, Ginarely Valencia Alc\u00e1ntara; el coordinador estatal M\u00e9xico Poniente del Instituto Nacional de Geograf\u00eda y Estad\u00edstica (INEGI), Jaime Hern\u00e1ndez Vergara; el presidente de la C\u00e1mara Mexicana de la Industria de la Construcci\u00f3n Delegaci\u00f3n EdoMex (CMIC), Arnulfo Mart\u00ednez S\u00e1nchez.<\/p>\n\n\n\n<p>Asimismo, la directora de la Escuela Profesional de Arquitectura en la Universidad IUEM, Diana Ayala Moreno; el presidente de CANAGRAF Estado de M\u00e9xico, Juli\u00e1n Sobrino D\u00edaz; el representante del Colegio de Arquitectos del Estado de M\u00e9xico (CAEM), Jos\u00e9 Manuel Trigos L\u00f3pez; la presidenta de la Sociedad de Urbanistas del Estado de M\u00e9xico (SUEM) y directora de Gesti\u00f3n Urbana del Municipio de Toluca, Shaara de Le\u00f3n Garc\u00eda; la presidenta del Consejo Consultivo de la Sociedad de Arquitectos Valuadores SAVAC y representante de la FECOVAL,&nbsp; Adriana Vald\u00e9s Krieg, as\u00ed como servidores p\u00fablicos de los municipios de Zinacantepec, San Mateo Atenco y Metepec.<\/p>\n","protected":false},"excerpt":{"rendered":"<p>La Facultad de Arquitectura y Dise\u00f1o de la Universidad Aut\u00f3noma del Estado de M\u00e9xico (UAEM\u00e9x) ha cumplido con m\u00e1s de 90 por ciento de las metas planteadas para el periodo 2021-2025, afirm\u00f3 el rector Carlos Eduardo Barrera D\u00edaz, al encabezar el tercer informe de actividades del director de este organismo acad\u00e9mico, Xavier Gayt\u00e1n Zepeda.\u00a0\u00a0<\/p>\n","protected":false},"author":1,"featured_media":10838,"comment_status":"open","ping_status":"open","sticky":false,"template":"","format":"standard","meta":{"footnotes":""},"categories":[108,3,1,231],"tags":[313,1982,86,82],"class_list":["post-10836","post","type-post","status-publish","format-standard","has-post-thumbnail","hentry","category-educacion","category-gobierno","category-otros","category-politica","tag-carlos-eduardo-barrera-diaz","tag-edomex","tag-gem","tag-uaemex"],"yoast_head":"<!-- This site is optimized with the Yoast SEO plugin v27.4 - https:\/\/yoast.com\/product\/yoast-seo-wordpress\/ -->\n<title>CUMPLE FACULTAD DE ARQUITECTURA Y DISE\u00d1O 90 POR CIENTO DE SUS METAS - Expresso Metropolitano<\/title>\n<meta name=\"robots\" content=\"index, follow, max-snippet:-1, max-image-preview:large, max-video-preview:-1\" \/>\n<link rel=\"canonical\" href=\"https:\/\/expressometro.mx\/index.php\/2025\/01\/28\/cumple-facultad-de-arquitectura-y-diseno-90-por-ciento-de-sus-metas\/\" \/>\n<meta property=\"og:locale\" content=\"es_MX\" \/>\n<meta property=\"og:type\" content=\"article\" \/>\n<meta property=\"og:title\" content=\"CUMPLE FACULTAD DE ARQUITECTURA Y DISE\u00d1O 90 POR CIENTO DE SUS METAS - Expresso Metropolitano\" \/>\n<meta property=\"og:description\" content=\"La Facultad de Arquitectura y Dise\u00f1o de la Universidad Aut\u00f3noma del Estado de M\u00e9xico (UAEM\u00e9x) ha cumplido con m\u00e1s de 90 por ciento de las metas planteadas para el periodo 2021-2025, afirm\u00f3 el rector Carlos Eduardo Barrera D\u00edaz, al encabezar el tercer informe de actividades del director de este organismo acad\u00e9mico, Xavier Gayt\u00e1n Zepeda.\u00a0\u00a0\" \/>\n<meta property=\"og:url\" content=\"https:\/\/expressometro.mx\/index.php\/2025\/01\/28\/cumple-facultad-de-arquitectura-y-diseno-90-por-ciento-de-sus-metas\/\" \/>\n<meta property=\"og:site_name\" content=\"Expresso Metropolitano\" \/>\n<meta property=\"article:published_time\" content=\"2025-01-29T00:47:27+00:00\" \/>\n<meta property=\"article:modified_time\" content=\"2025-02-02T00:57:26+00:00\" \/>\n<meta property=\"og:image\" content=\"http:\/\/expressometro.mx\/wp-content\/uploads\/2025\/02\/WhatsApp-Image-2025-02-01-at-6.55.17-PM.jpeg\" \/>\n\t<meta property=\"og:image:width\" content=\"800\" \/>\n\t<meta property=\"og:image:height\" content=\"533\" \/>\n\t<meta property=\"og:image:type\" content=\"image\/jpeg\" \/>\n<meta name=\"author\" content=\"Expresso Metropolitano\" \/>\n<meta name=\"twitter:label1\" content=\"Escrito por\" \/>\n\t<meta name=\"twitter:data1\" content=\"Expresso Metropolitano\" \/>\n\t<meta name=\"twitter:label2\" content=\"Tiempo de lectura\" \/>\n\t<meta name=\"twitter:data2\" content=\"4 minutos\" \/>\n<script type=\"application\/ld+json\" class=\"yoast-schema-graph\">{\"@context\":\"https:\\\/\\\/schema.org\",\"@graph\":[{\"@type\":\"Article\",\"@id\":\"https:\\\/\\\/expressometro.mx\\\/index.php\\\/2025\\\/01\\\/28\\\/cumple-facultad-de-arquitectura-y-diseno-90-por-ciento-de-sus-metas\\\/#article\",\"isPartOf\":{\"@id\":\"https:\\\/\\\/expressometro.mx\\\/index.php\\\/2025\\\/01\\\/28\\\/cumple-facultad-de-arquitectura-y-diseno-90-por-ciento-de-sus-metas\\\/\"},\"author\":{\"name\":\"Expresso Metropolitano\",\"@id\":\"https:\\\/\\\/expressometro.mx\\\/#\\\/schema\\\/person\\\/efa971b4a0664db8ed5c22b1b0dd2f5d\"},\"headline\":\"CUMPLE FACULTAD DE ARQUITECTURA Y DISE\u00d1O 90 POR CIENTO DE SUS METAS\",\"datePublished\":\"2025-01-29T00:47:27+00:00\",\"dateModified\":\"2025-02-02T00:57:26+00:00\",\"mainEntityOfPage\":{\"@id\":\"https:\\\/\\\/expressometro.mx\\\/index.php\\\/2025\\\/01\\\/28\\\/cumple-facultad-de-arquitectura-y-diseno-90-por-ciento-de-sus-metas\\\/\"},\"wordCount\":651,\"commentCount\":0,\"publisher\":{\"@id\":\"https:\\\/\\\/expressometro.mx\\\/#organization\"},\"image\":{\"@id\":\"https:\\\/\\\/expressometro.mx\\\/index.php\\\/2025\\\/01\\\/28\\\/cumple-facultad-de-arquitectura-y-diseno-90-por-ciento-de-sus-metas\\\/#primaryimage\"},\"thumbnailUrl\":\"https:\\\/\\\/expressometro.mx\\\/wp-content\\\/uploads\\\/2025\\\/02\\\/WhatsApp-Image-2025-02-01-at-6.55.17-PM.jpeg\",\"keywords\":[\"Carlos Eduardo Barrera D\u00edaz\",\"Edomex\",\"GEM\",\"UAEMex\"],\"articleSection\":[\"Educaci\u00f3n\",\"Gobierno\",\"Otros\",\"Pol\u00edtica\"],\"inLanguage\":\"es\",\"potentialAction\":[{\"@type\":\"CommentAction\",\"name\":\"Comment\",\"target\":[\"https:\\\/\\\/expressometro.mx\\\/index.php\\\/2025\\\/01\\\/28\\\/cumple-facultad-de-arquitectura-y-diseno-90-por-ciento-de-sus-metas\\\/#respond\"]}]},{\"@type\":\"WebPage\",\"@id\":\"https:\\\/\\\/expressometro.mx\\\/index.php\\\/2025\\\/01\\\/28\\\/cumple-facultad-de-arquitectura-y-diseno-90-por-ciento-de-sus-metas\\\/\",\"url\":\"https:\\\/\\\/expressometro.mx\\\/index.php\\\/2025\\\/01\\\/28\\\/cumple-facultad-de-arquitectura-y-diseno-90-por-ciento-de-sus-metas\\\/\",\"name\":\"CUMPLE FACULTAD DE ARQUITECTURA Y DISE\u00d1O 90 POR CIENTO DE SUS METAS - Expresso Metropolitano\",\"isPartOf\":{\"@id\":\"https:\\\/\\\/expressometro.mx\\\/#website\"},\"primaryImageOfPage\":{\"@id\":\"https:\\\/\\\/expressometro.mx\\\/index.php\\\/2025\\\/01\\\/28\\\/cumple-facultad-de-arquitectura-y-diseno-90-por-ciento-de-sus-metas\\\/#primaryimage\"},\"image\":{\"@id\":\"https:\\\/\\\/expressometro.mx\\\/index.php\\\/2025\\\/01\\\/28\\\/cumple-facultad-de-arquitectura-y-diseno-90-por-ciento-de-sus-metas\\\/#primaryimage\"},\"thumbnailUrl\":\"https:\\\/\\\/expressometro.mx\\\/wp-content\\\/uploads\\\/2025\\\/02\\\/WhatsApp-Image-2025-02-01-at-6.55.17-PM.jpeg\",\"datePublished\":\"2025-01-29T00:47:27+00:00\",\"dateModified\":\"2025-02-02T00:57:26+00:00\",\"breadcrumb\":{\"@id\":\"https:\\\/\\\/expressometro.mx\\\/index.php\\\/2025\\\/01\\\/28\\\/cumple-facultad-de-arquitectura-y-diseno-90-por-ciento-de-sus-metas\\\/#breadcrumb\"},\"inLanguage\":\"es\",\"potentialAction\":[{\"@type\":\"ReadAction\",\"target\":[\"https:\\\/\\\/expressometro.mx\\\/index.php\\\/2025\\\/01\\\/28\\\/cumple-facultad-de-arquitectura-y-diseno-90-por-ciento-de-sus-metas\\\/\"]}]},{\"@type\":\"ImageObject\",\"inLanguage\":\"es\",\"@id\":\"https:\\\/\\\/expressometro.mx\\\/index.php\\\/2025\\\/01\\\/28\\\/cumple-facultad-de-arquitectura-y-diseno-90-por-ciento-de-sus-metas\\\/#primaryimage\",\"url\":\"https:\\\/\\\/expressometro.mx\\\/wp-content\\\/uploads\\\/2025\\\/02\\\/WhatsApp-Image-2025-02-01-at-6.55.17-PM.jpeg\",\"contentUrl\":\"https:\\\/\\\/expressometro.mx\\\/wp-content\\\/uploads\\\/2025\\\/02\\\/WhatsApp-Image-2025-02-01-at-6.55.17-PM.jpeg\",\"width\":800,\"height\":533},{\"@type\":\"BreadcrumbList\",\"@id\":\"https:\\\/\\\/expressometro.mx\\\/index.php\\\/2025\\\/01\\\/28\\\/cumple-facultad-de-arquitectura-y-diseno-90-por-ciento-de-sus-metas\\\/#breadcrumb\",\"itemListElement\":[{\"@type\":\"ListItem\",\"position\":1,\"name\":\"Inicio\",\"item\":\"https:\\\/\\\/expressometro.mx\\\/\"},{\"@type\":\"ListItem\",\"position\":2,\"name\":\"CUMPLE FACULTAD DE ARQUITECTURA Y DISE\u00d1O 90 POR CIENTO DE SUS METAS\"}]},{\"@type\":\"WebSite\",\"@id\":\"https:\\\/\\\/expressometro.mx\\\/#website\",\"url\":\"https:\\\/\\\/expressometro.mx\\\/\",\"name\":\"Expresso Metropolitano\",\"description\":\"Periodismo comprometido, informaci\u00f3n, investigaci\u00f3n y an\u00e1lisis\",\"publisher\":{\"@id\":\"https:\\\/\\\/expressometro.mx\\\/#organization\"},\"potentialAction\":[{\"@type\":\"SearchAction\",\"target\":{\"@type\":\"EntryPoint\",\"urlTemplate\":\"https:\\\/\\\/expressometro.mx\\\/?s={search_term_string}\"},\"query-input\":{\"@type\":\"PropertyValueSpecification\",\"valueRequired\":true,\"valueName\":\"search_term_string\"}}],\"inLanguage\":\"es\"},{\"@type\":\"Organization\",\"@id\":\"https:\\\/\\\/expressometro.mx\\\/#organization\",\"name\":\"Expresso Metropolitano\",\"url\":\"https:\\\/\\\/expressometro.mx\\\/\",\"logo\":{\"@type\":\"ImageObject\",\"inLanguage\":\"es\",\"@id\":\"https:\\\/\\\/expressometro.mx\\\/#\\\/schema\\\/logo\\\/image\\\/\",\"url\":\"https:\\\/\\\/expressometro.mx\\\/wp-content\\\/uploads\\\/2019\\\/07\\\/cropped-Logo-Expresso-Metropolitano-1-1.jpeg\",\"contentUrl\":\"https:\\\/\\\/expressometro.mx\\\/wp-content\\\/uploads\\\/2019\\\/07\\\/cropped-Logo-Expresso-Metropolitano-1-1.jpeg\",\"width\":290,\"height\":73,\"caption\":\"Expresso Metropolitano\"},\"image\":{\"@id\":\"https:\\\/\\\/expressometro.mx\\\/#\\\/schema\\\/logo\\\/image\\\/\"}},{\"@type\":\"Person\",\"@id\":\"https:\\\/\\\/expressometro.mx\\\/#\\\/schema\\\/person\\\/efa971b4a0664db8ed5c22b1b0dd2f5d\",\"name\":\"Expresso Metropolitano\",\"image\":{\"@type\":\"ImageObject\",\"inLanguage\":\"es\",\"@id\":\"https:\\\/\\\/secure.gravatar.com\\\/avatar\\\/a89f802b8de18c6952f223c88d3d106e9e3679839f4e25a02f4a6cc2ae6ba3b3?s=96&d=mm&r=g\",\"url\":\"https:\\\/\\\/secure.gravatar.com\\\/avatar\\\/a89f802b8de18c6952f223c88d3d106e9e3679839f4e25a02f4a6cc2ae6ba3b3?s=96&d=mm&r=g\",\"contentUrl\":\"https:\\\/\\\/secure.gravatar.com\\\/avatar\\\/a89f802b8de18c6952f223c88d3d106e9e3679839f4e25a02f4a6cc2ae6ba3b3?s=96&d=mm&r=g\",\"caption\":\"Expresso Metropolitano\"},\"url\":\"https:\\\/\\\/expressometro.mx\\\/index.php\\\/author\\\/diego\\\/\"}]}<\/script>\n<!-- \/ Yoast SEO plugin. -->","yoast_head_json":{"title":"CUMPLE FACULTAD DE ARQUITECTURA Y DISE\u00d1O 90 POR CIENTO DE SUS METAS - Expresso Metropolitano","robots":{"index":"index","follow":"follow","max-snippet":"max-snippet:-1","max-image-preview":"max-image-preview:large","max-video-preview":"max-video-preview:-1"},"canonical":"https:\/\/expressometro.mx\/index.php\/2025\/01\/28\/cumple-facultad-de-arquitectura-y-diseno-90-por-ciento-de-sus-metas\/","og_locale":"es_MX","og_type":"article","og_title":"CUMPLE FACULTAD DE ARQUITECTURA Y DISE\u00d1O 90 POR CIENTO DE SUS METAS - Expresso Metropolitano","og_description":"La Facultad de Arquitectura y Dise\u00f1o de la Universidad Aut\u00f3noma del Estado de M\u00e9xico (UAEM\u00e9x) ha cumplido con m\u00e1s de 90 por ciento de las metas planteadas para el periodo 2021-2025, afirm\u00f3 el rector Carlos Eduardo Barrera D\u00edaz, al encabezar el tercer informe de actividades del director de este organismo acad\u00e9mico, Xavier Gayt\u00e1n Zepeda.\u00a0\u00a0","og_url":"https:\/\/expressometro.mx\/index.php\/2025\/01\/28\/cumple-facultad-de-arquitectura-y-diseno-90-por-ciento-de-sus-metas\/","og_site_name":"Expresso Metropolitano","article_published_time":"2025-01-29T00:47:27+00:00","article_modified_time":"2025-02-02T00:57:26+00:00","og_image":[{"width":800,"height":533,"url":"http:\/\/expressometro.mx\/wp-content\/uploads\/2025\/02\/WhatsApp-Image-2025-02-01-at-6.55.17-PM.jpeg","type":"image\/jpeg"}],"author":"Expresso Metropolitano","twitter_misc":{"Escrito por":"Expresso Metropolitano","Tiempo de lectura":"4 minutos"},"schema":{"@context":"https:\/\/schema.org","@graph":[{"@type":"Article","@id":"https:\/\/expressometro.mx\/index.php\/2025\/01\/28\/cumple-facultad-de-arquitectura-y-diseno-90-por-ciento-de-sus-metas\/#article","isPartOf":{"@id":"https:\/\/expressometro.mx\/index.php\/2025\/01\/28\/cumple-facultad-de-arquitectura-y-diseno-90-por-ciento-de-sus-metas\/"},"author":{"name":"Expresso Metropolitano","@id":"https:\/\/expressometro.mx\/#\/schema\/person\/efa971b4a0664db8ed5c22b1b0dd2f5d"},"headline":"CUMPLE FACULTAD DE ARQUITECTURA Y DISE\u00d1O 90 POR CIENTO DE SUS METAS","datePublished":"2025-01-29T00:47:27+00:00","dateModified":"2025-02-02T00:57:26+00:00","mainEntityOfPage":{"@id":"https:\/\/expressometro.mx\/index.php\/2025\/01\/28\/cumple-facultad-de-arquitectura-y-diseno-90-por-ciento-de-sus-metas\/"},"wordCount":651,"commentCount":0,"publisher":{"@id":"https:\/\/expressometro.mx\/#organization"},"image":{"@id":"https:\/\/expressometro.mx\/index.php\/2025\/01\/28\/cumple-facultad-de-arquitectura-y-diseno-90-por-ciento-de-sus-metas\/#primaryimage"},"thumbnailUrl":"https:\/\/expressometro.mx\/wp-content\/uploads\/2025\/02\/WhatsApp-Image-2025-02-01-at-6.55.17-PM.jpeg","keywords":["Carlos Eduardo Barrera D\u00edaz","Edomex","GEM","UAEMex"],"articleSection":["Educaci\u00f3n","Gobierno","Otros","Pol\u00edtica"],"inLanguage":"es","potentialAction":[{"@type":"CommentAction","name":"Comment","target":["https:\/\/expressometro.mx\/index.php\/2025\/01\/28\/cumple-facultad-de-arquitectura-y-diseno-90-por-ciento-de-sus-metas\/#respond"]}]},{"@type":"WebPage","@id":"https:\/\/expressometro.mx\/index.php\/2025\/01\/28\/cumple-facultad-de-arquitectura-y-diseno-90-por-ciento-de-sus-metas\/","url":"https:\/\/expressometro.mx\/index.php\/2025\/01\/28\/cumple-facultad-de-arquitectura-y-diseno-90-por-ciento-de-sus-metas\/","name":"CUMPLE FACULTAD DE ARQUITECTURA Y DISE\u00d1O 90 POR CIENTO DE SUS METAS - Expresso Metropolitano","isPartOf":{"@id":"https:\/\/expressometro.mx\/#website"},"primaryImageOfPage":{"@id":"https:\/\/expressometro.mx\/index.php\/2025\/01\/28\/cumple-facultad-de-arquitectura-y-diseno-90-por-ciento-de-sus-metas\/#primaryimage"},"image":{"@id":"https:\/\/expressometro.mx\/index.php\/2025\/01\/28\/cumple-facultad-de-arquitectura-y-diseno-90-por-ciento-de-sus-metas\/#primaryimage"},"thumbnailUrl":"https:\/\/expressometro.mx\/wp-content\/uploads\/2025\/02\/WhatsApp-Image-2025-02-01-at-6.55.17-PM.jpeg","datePublished":"2025-01-29T00:47:27+00:00","dateModified":"2025-02-02T00:57:26+00:00","breadcrumb":{"@id":"https:\/\/expressometro.mx\/index.php\/2025\/01\/28\/cumple-facultad-de-arquitectura-y-diseno-90-por-ciento-de-sus-metas\/#breadcrumb"},"inLanguage":"es","potentialAction":[{"@type":"ReadAction","target":["https:\/\/expressometro.mx\/index.php\/2025\/01\/28\/cumple-facultad-de-arquitectura-y-diseno-90-por-ciento-de-sus-metas\/"]}]},{"@type":"ImageObject","inLanguage":"es","@id":"https:\/\/expressometro.mx\/index.php\/2025\/01\/28\/cumple-facultad-de-arquitectura-y-diseno-90-por-ciento-de-sus-metas\/#primaryimage","url":"https:\/\/expressometro.mx\/wp-content\/uploads\/2025\/02\/WhatsApp-Image-2025-02-01-at-6.55.17-PM.jpeg","contentUrl":"https:\/\/expressometro.mx\/wp-content\/uploads\/2025\/02\/WhatsApp-Image-2025-02-01-at-6.55.17-PM.jpeg","width":800,"height":533},{"@type":"BreadcrumbList","@id":"https:\/\/expressometro.mx\/index.php\/2025\/01\/28\/cumple-facultad-de-arquitectura-y-diseno-90-por-ciento-de-sus-metas\/#breadcrumb","itemListElement":[{"@type":"ListItem","position":1,"name":"Inicio","item":"https:\/\/expressometro.mx\/"},{"@type":"ListItem","position":2,"name":"CUMPLE FACULTAD DE ARQUITECTURA Y DISE\u00d1O 90 POR CIENTO DE SUS METAS"}]},{"@type":"WebSite","@id":"https:\/\/expressometro.mx\/#website","url":"https:\/\/expressometro.mx\/","name":"Expresso Metropolitano","description":"Periodismo comprometido, informaci\u00f3n, investigaci\u00f3n y an\u00e1lisis","publisher":{"@id":"https:\/\/expressometro.mx\/#organization"},"potentialAction":[{"@type":"SearchAction","target":{"@type":"EntryPoint","urlTemplate":"https:\/\/expressometro.mx\/?s={search_term_string}"},"query-input":{"@type":"PropertyValueSpecification","valueRequired":true,"valueName":"search_term_string"}}],"inLanguage":"es"},{"@type":"Organization","@id":"https:\/\/expressometro.mx\/#organization","name":"Expresso Metropolitano","url":"https:\/\/expressometro.mx\/","logo":{"@type":"ImageObject","inLanguage":"es","@id":"https:\/\/expressometro.mx\/#\/schema\/logo\/image\/","url":"https:\/\/expressometro.mx\/wp-content\/uploads\/2019\/07\/cropped-Logo-Expresso-Metropolitano-1-1.jpeg","contentUrl":"https:\/\/expressometro.mx\/wp-content\/uploads\/2019\/07\/cropped-Logo-Expresso-Metropolitano-1-1.jpeg","width":290,"height":73,"caption":"Expresso Metropolitano"},"image":{"@id":"https:\/\/expressometro.mx\/#\/schema\/logo\/image\/"}},{"@type":"Person","@id":"https:\/\/expressometro.mx\/#\/schema\/person\/efa971b4a0664db8ed5c22b1b0dd2f5d","name":"Expresso Metropolitano","image":{"@type":"ImageObject","inLanguage":"es","@id":"https:\/\/secure.gravatar.com\/avatar\/a89f802b8de18c6952f223c88d3d106e9e3679839f4e25a02f4a6cc2ae6ba3b3?s=96&d=mm&r=g","url":"https:\/\/secure.gravatar.com\/avatar\/a89f802b8de18c6952f223c88d3d106e9e3679839f4e25a02f4a6cc2ae6ba3b3?s=96&d=mm&r=g","contentUrl":"https:\/\/secure.gravatar.com\/avatar\/a89f802b8de18c6952f223c88d3d106e9e3679839f4e25a02f4a6cc2ae6ba3b3?s=96&d=mm&r=g","caption":"Expresso Metropolitano"},"url":"https:\/\/expressometro.mx\/index.php\/author\/diego\/"}]}},"amp_enabled":true,"_links":{"self":[{"href":"https:\/\/expressometro.mx\/index.php\/wp-json\/wp\/v2\/posts\/10836","targetHints":{"allow":["GET"]}}],"collection":[{"href":"https:\/\/expressometro.mx\/index.php\/wp-json\/wp\/v2\/posts"}],"about":[{"href":"https:\/\/expressometro.mx\/index.php\/wp-json\/wp\/v2\/types\/post"}],"author":[{"embeddable":true,"href":"https:\/\/expressometro.mx\/index.php\/wp-json\/wp\/v2\/users\/1"}],"replies":[{"embeddable":true,"href":"https:\/\/expressometro.mx\/index.php\/wp-json\/wp\/v2\/comments?post=10836"}],"version-history":[{"count":1,"href":"https:\/\/expressometro.mx\/index.php\/wp-json\/wp\/v2\/posts\/10836\/revisions"}],"predecessor-version":[{"id":10840,"href":"https:\/\/expressometro.mx\/index.php\/wp-json\/wp\/v2\/posts\/10836\/revisions\/10840"}],"wp:featuredmedia":[{"embeddable":true,"href":"https:\/\/expressometro.mx\/index.php\/wp-json\/wp\/v2\/media\/10838"}],"wp:attachment":[{"href":"https:\/\/expressometro.mx\/index.php\/wp-json\/wp\/v2\/media?parent=10836"}],"wp:term":[{"taxonomy":"category","embeddable":true,"href":"https:\/\/expressometro.mx\/index.php\/wp-json\/wp\/v2\/categories?post=10836"},{"taxonomy":"post_tag","embeddable":true,"href":"https:\/\/expressometro.mx\/index.php\/wp-json\/wp\/v2\/tags?post=10836"}],"curies":[{"name":"wp","href":"https:\/\/api.w.org\/{rel}","templated":true}]}}