{"id":10830,"date":"2025-01-27T18:43:06","date_gmt":"2025-01-28T00:43:06","guid":{"rendered":"https:\/\/expressometro.mx\/?p=10830"},"modified":"2025-02-01T18:46:47","modified_gmt":"2025-02-02T00:46:47","slug":"rector-de-uaemex-entrego-edificio-j-del-plantel-isidro-fabela-alfaro-de-la-escuela-preparatoria","status":"publish","type":"post","link":"https:\/\/expressometro.mx\/index.php\/2025\/01\/27\/rector-de-uaemex-entrego-edificio-j-del-plantel-isidro-fabela-alfaro-de-la-escuela-preparatoria\/","title":{"rendered":"RECTOR DE UAEM\u00c9X ENTREG\u00d3 EDIFICIO \u201cJ\u201d DEL PLANTEL \u201cISIDRO FABELA ALFARO\u201d DE LA ESCUELA PREPARATORIA"},"content":{"rendered":"\n<ul class=\"wp-block-list\">\n<li>El rector Carlos Eduardo Barrera D\u00edaz entreg\u00f3 esta obra, que consta de cuatro aulas, dos oficinas, una plazuela y c\u00e1rcamo de aguas pluviales, en respuesta a las necesidades expresadas por el estudiantado.<\/li>\n\n\n\n<li>Entreg\u00f3 tambi\u00e9n 15 computadoras, 15 c\u00e1maras de seguridad -ocho para exterior y siete para interior- y 15 sillas para personal administrativo.<\/li>\n<\/ul>\n\n\n\n<p>En el municipio de Atlacomulco, el rector Carlos Eduardo Barrera D\u00edaz entreg\u00f3 el Edificio &#8220;J&#8221; del Plantel \u201cIsidro Fabela Alfaro\u201d de la Escuela Preparatoria, que consta de cuatro aulas, dos oficinas, una plazuela y c\u00e1rcamo de aguas pluviales, en respuesta a las necesidades expresadas por el estudiantado.<\/p>\n\n\n\n<p>Acompa\u00f1ado de la encargada del despacho de la direcci\u00f3n de este espacio universitario, Mar\u00eda del Rosario Sotelo Hurtado, el rector entreg\u00f3 tambi\u00e9n 15 computadoras, 15 c\u00e1maras de seguridad -ocho para exterior y siete para interior- y 15 sillas para personal administrativo.<\/p>\n\n\n\n<p>Ante estudiantes, acad\u00e9micos y trabajadores administrativos del Plantel, Barrera D\u00edaz refrend\u00f3 el compromiso de la Administraci\u00f3n 2021-2025 para seguir construyendo espacios destinados a fortalecer las actividades acad\u00e9micas y de convivencia de la juventud universitaria; asimismo, continuar con la entrega de equipamiento para que la comunidad verde y oro pueda realizar sus actividades de mejor manera.<\/p>\n\n\n\n<figure class=\"wp-block-image size-large\"><img decoding=\"async\" width=\"720\" height=\"480\" src=\"https:\/\/expressometro.mx\/wp-content\/uploads\/2025\/02\/WhatsApp-Image-2025-02-01-at-6.45.12-PM-720x480.jpeg\" alt=\"\" class=\"wp-image-10833\" srcset=\"https:\/\/expressometro.mx\/wp-content\/uploads\/2025\/02\/WhatsApp-Image-2025-02-01-at-6.45.12-PM-720x480.jpeg 720w, https:\/\/expressometro.mx\/wp-content\/uploads\/2025\/02\/WhatsApp-Image-2025-02-01-at-6.45.12-PM-548x365.jpeg 548w, https:\/\/expressometro.mx\/wp-content\/uploads\/2025\/02\/WhatsApp-Image-2025-02-01-at-6.45.12-PM-768x512.jpeg 768w, https:\/\/expressometro.mx\/wp-content\/uploads\/2025\/02\/WhatsApp-Image-2025-02-01-at-6.45.12-PM.jpeg 800w\" sizes=\"(max-width: 720px) 100vw, 720px\" \/><\/figure>\n\n\n\n<p>En su oportunidad, la secretar\u00eda de Administraci\u00f3n, Er\u00e9ndira Fierro Moreno resalt\u00f3 que la construcci\u00f3n de este edificio se realiz\u00f3 en menos de cuatro meses, dado que era una obra sumamente necesaria y derivado de la indicaci\u00f3n del rector para que el financiamiento fuera con recursos propios de la instituci\u00f3n.&nbsp;<\/p>\n\n\n\n<p>Asimismo, asever\u00f3 que la administraci\u00f3n encabezada por el rector Carlos Eduardo Barrera D\u00edaz continuar\u00e1 con el equipamiento de las diferentes \u00e1reas de la UAEM\u00e9x, en beneficio de la comunidad estudiantil, acad\u00e9micos y trabajadores administrativos.<\/p>\n\n\n\n<p>Por su parte, Mar\u00eda del Rosario Sotelo Hurtado agradeci\u00f3 la pronta respuesta que el rector dio a las inquietudes de la comunidad estudiantil y que permitir\u00e1 a los j\u00f3venes de sexto semestre disfrutar de espacios dignos para tomar clases y convivir.<\/p>\n\n\n\n<p>Finalmente, el estudiante Al\u00ed Mart\u00ednez Gonz\u00e1lez agradeci\u00f3, en representaci\u00f3n de los estudiantes del Plantel \u201cIsidro Fabela Alfaro\u201d de la Escuela Preparatoria, la respuesta favorable que se dio a una necesidad que era primordial para la comunidad verde y oro de nivel medio superior de Atlacomulco.<\/p>\n","protected":false},"excerpt":{"rendered":"<p>En el municipio de Atlacomulco, el rector Carlos Eduardo Barrera D\u00edaz entreg\u00f3 el Edificio &#8220;J&#8221; del Plantel \u201cIsidro Fabela Alfaro\u201d de la Escuela Preparatoria, que consta de cuatro aulas, dos oficinas, una plazuela y c\u00e1rcamo de aguas pluviales, en respuesta a las necesidades expresadas por el estudiantado.<\/p>\n","protected":false},"author":1,"featured_media":10832,"comment_status":"open","ping_status":"open","sticky":false,"template":"","format":"standard","meta":{"footnotes":""},"categories":[108,3,1,231],"tags":[313,1982,86,82],"class_list":["post-10830","post","type-post","status-publish","format-standard","has-post-thumbnail","hentry","category-educacion","category-gobierno","category-otros","category-politica","tag-carlos-eduardo-barrera-diaz","tag-edomex","tag-gem","tag-uaemex"],"yoast_head":"<!-- This site is optimized with the Yoast SEO plugin v27.4 - https:\/\/yoast.com\/product\/yoast-seo-wordpress\/ -->\n<title>RECTOR DE UAEM\u00c9X ENTREG\u00d3 EDIFICIO \u201cJ\u201d DEL PLANTEL \u201cISIDRO FABELA ALFARO\u201d DE LA ESCUELA PREPARATORIA - Expresso Metropolitano<\/title>\n<meta name=\"robots\" content=\"index, follow, max-snippet:-1, max-image-preview:large, max-video-preview:-1\" \/>\n<link rel=\"canonical\" href=\"https:\/\/expressometro.mx\/index.php\/2025\/01\/27\/rector-de-uaemex-entrego-edificio-j-del-plantel-isidro-fabela-alfaro-de-la-escuela-preparatoria\/\" \/>\n<meta property=\"og:locale\" content=\"es_MX\" \/>\n<meta property=\"og:type\" content=\"article\" \/>\n<meta property=\"og:title\" content=\"RECTOR DE UAEM\u00c9X ENTREG\u00d3 EDIFICIO \u201cJ\u201d DEL PLANTEL \u201cISIDRO FABELA ALFARO\u201d DE LA ESCUELA PREPARATORIA - Expresso Metropolitano\" \/>\n<meta property=\"og:description\" content=\"En el municipio de Atlacomulco, el rector Carlos Eduardo Barrera D\u00edaz entreg\u00f3 el Edificio &quot;J&quot; del Plantel \u201cIsidro Fabela Alfaro\u201d de la Escuela Preparatoria, que consta de cuatro aulas, dos oficinas, una plazuela y c\u00e1rcamo de aguas pluviales, en respuesta a las necesidades expresadas por el estudiantado.\" \/>\n<meta property=\"og:url\" content=\"https:\/\/expressometro.mx\/index.php\/2025\/01\/27\/rector-de-uaemex-entrego-edificio-j-del-plantel-isidro-fabela-alfaro-de-la-escuela-preparatoria\/\" \/>\n<meta property=\"og:site_name\" content=\"Expresso Metropolitano\" \/>\n<meta property=\"article:published_time\" content=\"2025-01-28T00:43:06+00:00\" \/>\n<meta property=\"article:modified_time\" content=\"2025-02-02T00:46:47+00:00\" \/>\n<meta property=\"og:image\" content=\"http:\/\/expressometro.mx\/wp-content\/uploads\/2025\/02\/WhatsApp-Image-2025-02-01-at-6.45.01-PM.jpeg\" \/>\n\t<meta property=\"og:image:width\" content=\"800\" \/>\n\t<meta property=\"og:image:height\" content=\"533\" \/>\n\t<meta property=\"og:image:type\" content=\"image\/jpeg\" \/>\n<meta name=\"author\" content=\"Expresso Metropolitano\" \/>\n<meta name=\"twitter:label1\" content=\"Escrito por\" \/>\n\t<meta name=\"twitter:data1\" content=\"Expresso Metropolitano\" \/>\n\t<meta name=\"twitter:label2\" content=\"Tiempo de lectura\" \/>\n\t<meta name=\"twitter:data2\" content=\"3 minutos\" \/>\n<script type=\"application\/ld+json\" class=\"yoast-schema-graph\">{\"@context\":\"https:\\\/\\\/schema.org\",\"@graph\":[{\"@type\":\"Article\",\"@id\":\"https:\\\/\\\/expressometro.mx\\\/index.php\\\/2025\\\/01\\\/27\\\/rector-de-uaemex-entrego-edificio-j-del-plantel-isidro-fabela-alfaro-de-la-escuela-preparatoria\\\/#article\",\"isPartOf\":{\"@id\":\"https:\\\/\\\/expressometro.mx\\\/index.php\\\/2025\\\/01\\\/27\\\/rector-de-uaemex-entrego-edificio-j-del-plantel-isidro-fabela-alfaro-de-la-escuela-preparatoria\\\/\"},\"author\":{\"name\":\"Expresso Metropolitano\",\"@id\":\"https:\\\/\\\/expressometro.mx\\\/#\\\/schema\\\/person\\\/efa971b4a0664db8ed5c22b1b0dd2f5d\"},\"headline\":\"RECTOR DE UAEM\u00c9X ENTREG\u00d3 EDIFICIO \u201cJ\u201d DEL PLANTEL \u201cISIDRO FABELA ALFARO\u201d DE LA ESCUELA PREPARATORIA\",\"datePublished\":\"2025-01-28T00:43:06+00:00\",\"dateModified\":\"2025-02-02T00:46:47+00:00\",\"mainEntityOfPage\":{\"@id\":\"https:\\\/\\\/expressometro.mx\\\/index.php\\\/2025\\\/01\\\/27\\\/rector-de-uaemex-entrego-edificio-j-del-plantel-isidro-fabela-alfaro-de-la-escuela-preparatoria\\\/\"},\"wordCount\":406,\"commentCount\":0,\"publisher\":{\"@id\":\"https:\\\/\\\/expressometro.mx\\\/#organization\"},\"image\":{\"@id\":\"https:\\\/\\\/expressometro.mx\\\/index.php\\\/2025\\\/01\\\/27\\\/rector-de-uaemex-entrego-edificio-j-del-plantel-isidro-fabela-alfaro-de-la-escuela-preparatoria\\\/#primaryimage\"},\"thumbnailUrl\":\"https:\\\/\\\/expressometro.mx\\\/wp-content\\\/uploads\\\/2025\\\/02\\\/WhatsApp-Image-2025-02-01-at-6.45.01-PM.jpeg\",\"keywords\":[\"Carlos Eduardo Barrera D\u00edaz\",\"Edomex\",\"GEM\",\"UAEMex\"],\"articleSection\":[\"Educaci\u00f3n\",\"Gobierno\",\"Otros\",\"Pol\u00edtica\"],\"inLanguage\":\"es\",\"potentialAction\":[{\"@type\":\"CommentAction\",\"name\":\"Comment\",\"target\":[\"https:\\\/\\\/expressometro.mx\\\/index.php\\\/2025\\\/01\\\/27\\\/rector-de-uaemex-entrego-edificio-j-del-plantel-isidro-fabela-alfaro-de-la-escuela-preparatoria\\\/#respond\"]}]},{\"@type\":\"WebPage\",\"@id\":\"https:\\\/\\\/expressometro.mx\\\/index.php\\\/2025\\\/01\\\/27\\\/rector-de-uaemex-entrego-edificio-j-del-plantel-isidro-fabela-alfaro-de-la-escuela-preparatoria\\\/\",\"url\":\"https:\\\/\\\/expressometro.mx\\\/index.php\\\/2025\\\/01\\\/27\\\/rector-de-uaemex-entrego-edificio-j-del-plantel-isidro-fabela-alfaro-de-la-escuela-preparatoria\\\/\",\"name\":\"RECTOR DE UAEM\u00c9X ENTREG\u00d3 EDIFICIO \u201cJ\u201d DEL PLANTEL \u201cISIDRO FABELA ALFARO\u201d DE LA ESCUELA PREPARATORIA - Expresso Metropolitano\",\"isPartOf\":{\"@id\":\"https:\\\/\\\/expressometro.mx\\\/#website\"},\"primaryImageOfPage\":{\"@id\":\"https:\\\/\\\/expressometro.mx\\\/index.php\\\/2025\\\/01\\\/27\\\/rector-de-uaemex-entrego-edificio-j-del-plantel-isidro-fabela-alfaro-de-la-escuela-preparatoria\\\/#primaryimage\"},\"image\":{\"@id\":\"https:\\\/\\\/expressometro.mx\\\/index.php\\\/2025\\\/01\\\/27\\\/rector-de-uaemex-entrego-edificio-j-del-plantel-isidro-fabela-alfaro-de-la-escuela-preparatoria\\\/#primaryimage\"},\"thumbnailUrl\":\"https:\\\/\\\/expressometro.mx\\\/wp-content\\\/uploads\\\/2025\\\/02\\\/WhatsApp-Image-2025-02-01-at-6.45.01-PM.jpeg\",\"datePublished\":\"2025-01-28T00:43:06+00:00\",\"dateModified\":\"2025-02-02T00:46:47+00:00\",\"breadcrumb\":{\"@id\":\"https:\\\/\\\/expressometro.mx\\\/index.php\\\/2025\\\/01\\\/27\\\/rector-de-uaemex-entrego-edificio-j-del-plantel-isidro-fabela-alfaro-de-la-escuela-preparatoria\\\/#breadcrumb\"},\"inLanguage\":\"es\",\"potentialAction\":[{\"@type\":\"ReadAction\",\"target\":[\"https:\\\/\\\/expressometro.mx\\\/index.php\\\/2025\\\/01\\\/27\\\/rector-de-uaemex-entrego-edificio-j-del-plantel-isidro-fabela-alfaro-de-la-escuela-preparatoria\\\/\"]}]},{\"@type\":\"ImageObject\",\"inLanguage\":\"es\",\"@id\":\"https:\\\/\\\/expressometro.mx\\\/index.php\\\/2025\\\/01\\\/27\\\/rector-de-uaemex-entrego-edificio-j-del-plantel-isidro-fabela-alfaro-de-la-escuela-preparatoria\\\/#primaryimage\",\"url\":\"https:\\\/\\\/expressometro.mx\\\/wp-content\\\/uploads\\\/2025\\\/02\\\/WhatsApp-Image-2025-02-01-at-6.45.01-PM.jpeg\",\"contentUrl\":\"https:\\\/\\\/expressometro.mx\\\/wp-content\\\/uploads\\\/2025\\\/02\\\/WhatsApp-Image-2025-02-01-at-6.45.01-PM.jpeg\",\"width\":800,\"height\":533},{\"@type\":\"BreadcrumbList\",\"@id\":\"https:\\\/\\\/expressometro.mx\\\/index.php\\\/2025\\\/01\\\/27\\\/rector-de-uaemex-entrego-edificio-j-del-plantel-isidro-fabela-alfaro-de-la-escuela-preparatoria\\\/#breadcrumb\",\"itemListElement\":[{\"@type\":\"ListItem\",\"position\":1,\"name\":\"Inicio\",\"item\":\"https:\\\/\\\/expressometro.mx\\\/\"},{\"@type\":\"ListItem\",\"position\":2,\"name\":\"RECTOR DE UAEM\u00c9X ENTREG\u00d3 EDIFICIO \u201cJ\u201d DEL PLANTEL \u201cISIDRO FABELA ALFARO\u201d DE LA ESCUELA PREPARATORIA\"}]},{\"@type\":\"WebSite\",\"@id\":\"https:\\\/\\\/expressometro.mx\\\/#website\",\"url\":\"https:\\\/\\\/expressometro.mx\\\/\",\"name\":\"Expresso Metropolitano\",\"description\":\"Periodismo comprometido, informaci\u00f3n, investigaci\u00f3n y an\u00e1lisis\",\"publisher\":{\"@id\":\"https:\\\/\\\/expressometro.mx\\\/#organization\"},\"potentialAction\":[{\"@type\":\"SearchAction\",\"target\":{\"@type\":\"EntryPoint\",\"urlTemplate\":\"https:\\\/\\\/expressometro.mx\\\/?s={search_term_string}\"},\"query-input\":{\"@type\":\"PropertyValueSpecification\",\"valueRequired\":true,\"valueName\":\"search_term_string\"}}],\"inLanguage\":\"es\"},{\"@type\":\"Organization\",\"@id\":\"https:\\\/\\\/expressometro.mx\\\/#organization\",\"name\":\"Expresso Metropolitano\",\"url\":\"https:\\\/\\\/expressometro.mx\\\/\",\"logo\":{\"@type\":\"ImageObject\",\"inLanguage\":\"es\",\"@id\":\"https:\\\/\\\/expressometro.mx\\\/#\\\/schema\\\/logo\\\/image\\\/\",\"url\":\"https:\\\/\\\/expressometro.mx\\\/wp-content\\\/uploads\\\/2019\\\/07\\\/cropped-Logo-Expresso-Metropolitano-1-1.jpeg\",\"contentUrl\":\"https:\\\/\\\/expressometro.mx\\\/wp-content\\\/uploads\\\/2019\\\/07\\\/cropped-Logo-Expresso-Metropolitano-1-1.jpeg\",\"width\":290,\"height\":73,\"caption\":\"Expresso Metropolitano\"},\"image\":{\"@id\":\"https:\\\/\\\/expressometro.mx\\\/#\\\/schema\\\/logo\\\/image\\\/\"}},{\"@type\":\"Person\",\"@id\":\"https:\\\/\\\/expressometro.mx\\\/#\\\/schema\\\/person\\\/efa971b4a0664db8ed5c22b1b0dd2f5d\",\"name\":\"Expresso Metropolitano\",\"image\":{\"@type\":\"ImageObject\",\"inLanguage\":\"es\",\"@id\":\"https:\\\/\\\/secure.gravatar.com\\\/avatar\\\/a89f802b8de18c6952f223c88d3d106e9e3679839f4e25a02f4a6cc2ae6ba3b3?s=96&d=mm&r=g\",\"url\":\"https:\\\/\\\/secure.gravatar.com\\\/avatar\\\/a89f802b8de18c6952f223c88d3d106e9e3679839f4e25a02f4a6cc2ae6ba3b3?s=96&d=mm&r=g\",\"contentUrl\":\"https:\\\/\\\/secure.gravatar.com\\\/avatar\\\/a89f802b8de18c6952f223c88d3d106e9e3679839f4e25a02f4a6cc2ae6ba3b3?s=96&d=mm&r=g\",\"caption\":\"Expresso Metropolitano\"},\"url\":\"https:\\\/\\\/expressometro.mx\\\/index.php\\\/author\\\/diego\\\/\"}]}<\/script>\n<!-- \/ Yoast SEO plugin. -->","yoast_head_json":{"title":"RECTOR DE UAEM\u00c9X ENTREG\u00d3 EDIFICIO \u201cJ\u201d DEL PLANTEL \u201cISIDRO FABELA ALFARO\u201d DE LA ESCUELA PREPARATORIA - Expresso Metropolitano","robots":{"index":"index","follow":"follow","max-snippet":"max-snippet:-1","max-image-preview":"max-image-preview:large","max-video-preview":"max-video-preview:-1"},"canonical":"https:\/\/expressometro.mx\/index.php\/2025\/01\/27\/rector-de-uaemex-entrego-edificio-j-del-plantel-isidro-fabela-alfaro-de-la-escuela-preparatoria\/","og_locale":"es_MX","og_type":"article","og_title":"RECTOR DE UAEM\u00c9X ENTREG\u00d3 EDIFICIO \u201cJ\u201d DEL PLANTEL \u201cISIDRO FABELA ALFARO\u201d DE LA ESCUELA PREPARATORIA - Expresso Metropolitano","og_description":"En el municipio de Atlacomulco, el rector Carlos Eduardo Barrera D\u00edaz entreg\u00f3 el Edificio \"J\" del Plantel \u201cIsidro Fabela Alfaro\u201d de la Escuela Preparatoria, que consta de cuatro aulas, dos oficinas, una plazuela y c\u00e1rcamo de aguas pluviales, en respuesta a las necesidades expresadas por el estudiantado.","og_url":"https:\/\/expressometro.mx\/index.php\/2025\/01\/27\/rector-de-uaemex-entrego-edificio-j-del-plantel-isidro-fabela-alfaro-de-la-escuela-preparatoria\/","og_site_name":"Expresso Metropolitano","article_published_time":"2025-01-28T00:43:06+00:00","article_modified_time":"2025-02-02T00:46:47+00:00","og_image":[{"width":800,"height":533,"url":"http:\/\/expressometro.mx\/wp-content\/uploads\/2025\/02\/WhatsApp-Image-2025-02-01-at-6.45.01-PM.jpeg","type":"image\/jpeg"}],"author":"Expresso Metropolitano","twitter_misc":{"Escrito por":"Expresso Metropolitano","Tiempo de lectura":"3 minutos"},"schema":{"@context":"https:\/\/schema.org","@graph":[{"@type":"Article","@id":"https:\/\/expressometro.mx\/index.php\/2025\/01\/27\/rector-de-uaemex-entrego-edificio-j-del-plantel-isidro-fabela-alfaro-de-la-escuela-preparatoria\/#article","isPartOf":{"@id":"https:\/\/expressometro.mx\/index.php\/2025\/01\/27\/rector-de-uaemex-entrego-edificio-j-del-plantel-isidro-fabela-alfaro-de-la-escuela-preparatoria\/"},"author":{"name":"Expresso Metropolitano","@id":"https:\/\/expressometro.mx\/#\/schema\/person\/efa971b4a0664db8ed5c22b1b0dd2f5d"},"headline":"RECTOR DE UAEM\u00c9X ENTREG\u00d3 EDIFICIO \u201cJ\u201d DEL PLANTEL \u201cISIDRO FABELA ALFARO\u201d DE LA ESCUELA PREPARATORIA","datePublished":"2025-01-28T00:43:06+00:00","dateModified":"2025-02-02T00:46:47+00:00","mainEntityOfPage":{"@id":"https:\/\/expressometro.mx\/index.php\/2025\/01\/27\/rector-de-uaemex-entrego-edificio-j-del-plantel-isidro-fabela-alfaro-de-la-escuela-preparatoria\/"},"wordCount":406,"commentCount":0,"publisher":{"@id":"https:\/\/expressometro.mx\/#organization"},"image":{"@id":"https:\/\/expressometro.mx\/index.php\/2025\/01\/27\/rector-de-uaemex-entrego-edificio-j-del-plantel-isidro-fabela-alfaro-de-la-escuela-preparatoria\/#primaryimage"},"thumbnailUrl":"https:\/\/expressometro.mx\/wp-content\/uploads\/2025\/02\/WhatsApp-Image-2025-02-01-at-6.45.01-PM.jpeg","keywords":["Carlos Eduardo Barrera D\u00edaz","Edomex","GEM","UAEMex"],"articleSection":["Educaci\u00f3n","Gobierno","Otros","Pol\u00edtica"],"inLanguage":"es","potentialAction":[{"@type":"CommentAction","name":"Comment","target":["https:\/\/expressometro.mx\/index.php\/2025\/01\/27\/rector-de-uaemex-entrego-edificio-j-del-plantel-isidro-fabela-alfaro-de-la-escuela-preparatoria\/#respond"]}]},{"@type":"WebPage","@id":"https:\/\/expressometro.mx\/index.php\/2025\/01\/27\/rector-de-uaemex-entrego-edificio-j-del-plantel-isidro-fabela-alfaro-de-la-escuela-preparatoria\/","url":"https:\/\/expressometro.mx\/index.php\/2025\/01\/27\/rector-de-uaemex-entrego-edificio-j-del-plantel-isidro-fabela-alfaro-de-la-escuela-preparatoria\/","name":"RECTOR DE UAEM\u00c9X ENTREG\u00d3 EDIFICIO \u201cJ\u201d DEL PLANTEL \u201cISIDRO FABELA ALFARO\u201d DE LA ESCUELA PREPARATORIA - Expresso Metropolitano","isPartOf":{"@id":"https:\/\/expressometro.mx\/#website"},"primaryImageOfPage":{"@id":"https:\/\/expressometro.mx\/index.php\/2025\/01\/27\/rector-de-uaemex-entrego-edificio-j-del-plantel-isidro-fabela-alfaro-de-la-escuela-preparatoria\/#primaryimage"},"image":{"@id":"https:\/\/expressometro.mx\/index.php\/2025\/01\/27\/rector-de-uaemex-entrego-edificio-j-del-plantel-isidro-fabela-alfaro-de-la-escuela-preparatoria\/#primaryimage"},"thumbnailUrl":"https:\/\/expressometro.mx\/wp-content\/uploads\/2025\/02\/WhatsApp-Image-2025-02-01-at-6.45.01-PM.jpeg","datePublished":"2025-01-28T00:43:06+00:00","dateModified":"2025-02-02T00:46:47+00:00","breadcrumb":{"@id":"https:\/\/expressometro.mx\/index.php\/2025\/01\/27\/rector-de-uaemex-entrego-edificio-j-del-plantel-isidro-fabela-alfaro-de-la-escuela-preparatoria\/#breadcrumb"},"inLanguage":"es","potentialAction":[{"@type":"ReadAction","target":["https:\/\/expressometro.mx\/index.php\/2025\/01\/27\/rector-de-uaemex-entrego-edificio-j-del-plantel-isidro-fabela-alfaro-de-la-escuela-preparatoria\/"]}]},{"@type":"ImageObject","inLanguage":"es","@id":"https:\/\/expressometro.mx\/index.php\/2025\/01\/27\/rector-de-uaemex-entrego-edificio-j-del-plantel-isidro-fabela-alfaro-de-la-escuela-preparatoria\/#primaryimage","url":"https:\/\/expressometro.mx\/wp-content\/uploads\/2025\/02\/WhatsApp-Image-2025-02-01-at-6.45.01-PM.jpeg","contentUrl":"https:\/\/expressometro.mx\/wp-content\/uploads\/2025\/02\/WhatsApp-Image-2025-02-01-at-6.45.01-PM.jpeg","width":800,"height":533},{"@type":"BreadcrumbList","@id":"https:\/\/expressometro.mx\/index.php\/2025\/01\/27\/rector-de-uaemex-entrego-edificio-j-del-plantel-isidro-fabela-alfaro-de-la-escuela-preparatoria\/#breadcrumb","itemListElement":[{"@type":"ListItem","position":1,"name":"Inicio","item":"https:\/\/expressometro.mx\/"},{"@type":"ListItem","position":2,"name":"RECTOR DE UAEM\u00c9X ENTREG\u00d3 EDIFICIO \u201cJ\u201d DEL PLANTEL \u201cISIDRO FABELA ALFARO\u201d DE LA ESCUELA PREPARATORIA"}]},{"@type":"WebSite","@id":"https:\/\/expressometro.mx\/#website","url":"https:\/\/expressometro.mx\/","name":"Expresso Metropolitano","description":"Periodismo comprometido, informaci\u00f3n, investigaci\u00f3n y an\u00e1lisis","publisher":{"@id":"https:\/\/expressometro.mx\/#organization"},"potentialAction":[{"@type":"SearchAction","target":{"@type":"EntryPoint","urlTemplate":"https:\/\/expressometro.mx\/?s={search_term_string}"},"query-input":{"@type":"PropertyValueSpecification","valueRequired":true,"valueName":"search_term_string"}}],"inLanguage":"es"},{"@type":"Organization","@id":"https:\/\/expressometro.mx\/#organization","name":"Expresso Metropolitano","url":"https:\/\/expressometro.mx\/","logo":{"@type":"ImageObject","inLanguage":"es","@id":"https:\/\/expressometro.mx\/#\/schema\/logo\/image\/","url":"https:\/\/expressometro.mx\/wp-content\/uploads\/2019\/07\/cropped-Logo-Expresso-Metropolitano-1-1.jpeg","contentUrl":"https:\/\/expressometro.mx\/wp-content\/uploads\/2019\/07\/cropped-Logo-Expresso-Metropolitano-1-1.jpeg","width":290,"height":73,"caption":"Expresso Metropolitano"},"image":{"@id":"https:\/\/expressometro.mx\/#\/schema\/logo\/image\/"}},{"@type":"Person","@id":"https:\/\/expressometro.mx\/#\/schema\/person\/efa971b4a0664db8ed5c22b1b0dd2f5d","name":"Expresso Metropolitano","image":{"@type":"ImageObject","inLanguage":"es","@id":"https:\/\/secure.gravatar.com\/avatar\/a89f802b8de18c6952f223c88d3d106e9e3679839f4e25a02f4a6cc2ae6ba3b3?s=96&d=mm&r=g","url":"https:\/\/secure.gravatar.com\/avatar\/a89f802b8de18c6952f223c88d3d106e9e3679839f4e25a02f4a6cc2ae6ba3b3?s=96&d=mm&r=g","contentUrl":"https:\/\/secure.gravatar.com\/avatar\/a89f802b8de18c6952f223c88d3d106e9e3679839f4e25a02f4a6cc2ae6ba3b3?s=96&d=mm&r=g","caption":"Expresso Metropolitano"},"url":"https:\/\/expressometro.mx\/index.php\/author\/diego\/"}]}},"amp_enabled":true,"_links":{"self":[{"href":"https:\/\/expressometro.mx\/index.php\/wp-json\/wp\/v2\/posts\/10830","targetHints":{"allow":["GET"]}}],"collection":[{"href":"https:\/\/expressometro.mx\/index.php\/wp-json\/wp\/v2\/posts"}],"about":[{"href":"https:\/\/expressometro.mx\/index.php\/wp-json\/wp\/v2\/types\/post"}],"author":[{"embeddable":true,"href":"https:\/\/expressometro.mx\/index.php\/wp-json\/wp\/v2\/users\/1"}],"replies":[{"embeddable":true,"href":"https:\/\/expressometro.mx\/index.php\/wp-json\/wp\/v2\/comments?post=10830"}],"version-history":[{"count":1,"href":"https:\/\/expressometro.mx\/index.php\/wp-json\/wp\/v2\/posts\/10830\/revisions"}],"predecessor-version":[{"id":10834,"href":"https:\/\/expressometro.mx\/index.php\/wp-json\/wp\/v2\/posts\/10830\/revisions\/10834"}],"wp:featuredmedia":[{"embeddable":true,"href":"https:\/\/expressometro.mx\/index.php\/wp-json\/wp\/v2\/media\/10832"}],"wp:attachment":[{"href":"https:\/\/expressometro.mx\/index.php\/wp-json\/wp\/v2\/media?parent=10830"}],"wp:term":[{"taxonomy":"category","embeddable":true,"href":"https:\/\/expressometro.mx\/index.php\/wp-json\/wp\/v2\/categories?post=10830"},{"taxonomy":"post_tag","embeddable":true,"href":"https:\/\/expressometro.mx\/index.php\/wp-json\/wp\/v2\/tags?post=10830"}],"curies":[{"name":"wp","href":"https:\/\/api.w.org\/{rel}","templated":true}]}}