{"id":10824,"date":"2025-01-23T18:19:13","date_gmt":"2025-01-24T00:19:13","guid":{"rendered":"https:\/\/expressometro.mx\/?p=10824"},"modified":"2025-02-01T18:42:43","modified_gmt":"2025-02-02T00:42:43","slug":"centro-universitario-atlacomulco-encarna-compromiso-de-la-uaemex-con-la-calidad-educativa-cebd","status":"publish","type":"post","link":"https:\/\/expressometro.mx\/index.php\/2025\/01\/23\/centro-universitario-atlacomulco-encarna-compromiso-de-la-uaemex-con-la-calidad-educativa-cebd\/","title":{"rendered":"CENTRO UNIVERSITARIO ATLACOMULCO ENCARNA COMPROMISO DE LA UAEM\u00c9X CON LA CALIDAD EDUCATIVA: CEBD"},"content":{"rendered":"\n<ul class=\"wp-block-list\">\n<li>El rector Carlos Eduardo Barrera D\u00edaz encabez\u00f3 el tercer informe anual de actividades del director de este campus de la instituci\u00f3n, Nephtali Pierre Romero Navarrete.<\/li>\n\n\n\n<li>En este marco, entreg\u00f3 40 computadoras, 15 c\u00e1maras de seguridad y 15 sillas para personal administrativo.<\/li>\n<\/ul>\n\n\n\n<p>En el Centro Universitario Atlacomulco de la Universidad Aut\u00f3noma del Estado de M\u00e9xico (UAEM\u00e9x) se forman profesionales y laboran docentes capaces de encarnar el compromiso de esta instituci\u00f3n de educaci\u00f3n superior con la calidad educativa, impulsar el crecimiento sostenible y difundir la cultura y el conocimiento cient\u00edfico en esta regi\u00f3n de la entidad, afirm\u00f3 el rector Carlos Eduardo Barrera D\u00edaz.<\/p>\n\n\n\n<p>Al encabezar el tercer informe anual de actividades del director de este campus de la instituci\u00f3n, Nephtali Pierre Romero Navarrete, el rector entreg\u00f3 40 computadoras -25 de ellas para una sala de c\u00f3mputo-, 15 c\u00e1maras de seguridad -ocho para exterior y siete para interior- y 15 sillas para personal administrativo; asimismo, reiter\u00f3 el compromiso de la Administraci\u00f3n 2021-2025 de la UAEM\u00e9x en cuanto a seguir fortaleciendo el desarrollo de las actividades acad\u00e9micas y administrativas.<\/p>\n\n\n\n<figure class=\"wp-block-image size-large\"><img decoding=\"async\" width=\"720\" height=\"480\" src=\"https:\/\/expressometro.mx\/wp-content\/uploads\/2025\/02\/WhatsApp-Image-2025-02-01-at-6.41.20-PM-720x480.jpeg\" alt=\"\" class=\"wp-image-10827\" srcset=\"https:\/\/expressometro.mx\/wp-content\/uploads\/2025\/02\/WhatsApp-Image-2025-02-01-at-6.41.20-PM-720x480.jpeg 720w, https:\/\/expressometro.mx\/wp-content\/uploads\/2025\/02\/WhatsApp-Image-2025-02-01-at-6.41.20-PM-548x365.jpeg 548w, https:\/\/expressometro.mx\/wp-content\/uploads\/2025\/02\/WhatsApp-Image-2025-02-01-at-6.41.20-PM-768x512.jpeg 768w, https:\/\/expressometro.mx\/wp-content\/uploads\/2025\/02\/WhatsApp-Image-2025-02-01-at-6.41.20-PM.jpeg 1440w\" sizes=\"(max-width: 720px) 100vw, 720px\" \/><\/figure>\n\n\n\n<p>En el marco de este acto de transparencia y rendici\u00f3n de cuentas, el rector destac\u00f3 que las licenciaturas en Administraci\u00f3n, Contadur\u00eda, Inform\u00e1tica Administrativa, Ingenier\u00eda en Computaci\u00f3n y Psicolog\u00eda que ofrece este centro tienen garant\u00eda de calidad educativa acreditada por \u00f3rganos independientes y externos a la aut\u00f3noma mexiquense.<\/p>\n\n\n\n<p>Barrera D\u00edaz, reconoci\u00f3 la calidad del programa de Maestr\u00eda en Ciencias de la Computaci\u00f3n, ya que forma parte del Sistema Nacional de Posgrados del Consejo Nacional de Humanidades, Ciencias y Tecnolog\u00edas.<\/p>\n\n\n\n<p>De igual manera, subray\u00f3 que 40 por ciento de los profesores-investigadores de este espacio universitario forman parte del Sistema Nacional de Investigadoras e Investigadores (SNII).<\/p>\n\n\n\n<p>En su oportunidad, Nephtali Pierre Romero Navarrete inform\u00f3 que durante cuatro d\u00e9cadas el Centro Universitario UAEM Atlacomulco ha atendido alumnos de distintos municipios de la zona norte del estado y el incremento de matr\u00edcula es el reflejo del reconocimiento regional del campus. As\u00ed, indic\u00f3, durante el presente ciclo escolar se alcanz\u00f3 una matr\u00edcula de mil 560 estudiantes de estudios profesionales y tres de estudios avanzados.<\/p>\n\n\n\n<p>Por otra parte, indic\u00f3 que con el objetivo de desarrollar proyectos de investigaci\u00f3n que contribuyan a la soluci\u00f3n de problemas sociales en el marco de los Objetivos de Desarrollo Sostenible (ODS), se dio como resultado el registro de ocho proyectos de investigaci\u00f3n, cuatro de ellos con financiamiento, siete de investigaci\u00f3n b\u00e1sica y uno de desarrollo tecnol\u00f3gico.<\/p>\n\n\n\n<p>Afirm\u00f3 que cumpliendo con el objetivo de brindar accesibilidad y escenarios donde los estudiantes realicen su servicio social y pr\u00e1cticas, se tienen 15 convenios firmados, cinco en gesti\u00f3n y uno m\u00e1s de investigaci\u00f3n en gesti\u00f3n con la Universidad Tecnol\u00f3gica del Valle de Toluca.<\/p>\n","protected":false},"excerpt":{"rendered":"<p>El rector Carlos Eduardo Barrera D\u00edaz encabez\u00f3 el tercer informe anual de actividades del director de este campus de la instituci\u00f3n, Nephtali Pierre Romero Navarrete.<\/p>\n","protected":false},"author":1,"featured_media":10826,"comment_status":"open","ping_status":"open","sticky":false,"template":"","format":"standard","meta":{"footnotes":""},"categories":[108,3,1,231],"tags":[313,1982,86,82],"class_list":["post-10824","post","type-post","status-publish","format-standard","has-post-thumbnail","hentry","category-educacion","category-gobierno","category-otros","category-politica","tag-carlos-eduardo-barrera-diaz","tag-edomex","tag-gem","tag-uaemex"],"yoast_head":"<!-- This site is optimized with the Yoast SEO plugin v27.4 - https:\/\/yoast.com\/product\/yoast-seo-wordpress\/ -->\n<title>CENTRO UNIVERSITARIO ATLACOMULCO ENCARNA COMPROMISO DE LA UAEM\u00c9X CON LA CALIDAD EDUCATIVA: CEBD - Expresso Metropolitano<\/title>\n<meta name=\"robots\" content=\"index, follow, max-snippet:-1, max-image-preview:large, max-video-preview:-1\" \/>\n<link rel=\"canonical\" href=\"https:\/\/expressometro.mx\/index.php\/2025\/01\/23\/centro-universitario-atlacomulco-encarna-compromiso-de-la-uaemex-con-la-calidad-educativa-cebd\/\" \/>\n<meta property=\"og:locale\" content=\"es_MX\" \/>\n<meta property=\"og:type\" content=\"article\" \/>\n<meta property=\"og:title\" content=\"CENTRO UNIVERSITARIO ATLACOMULCO ENCARNA COMPROMISO DE LA UAEM\u00c9X CON LA CALIDAD EDUCATIVA: CEBD - Expresso Metropolitano\" \/>\n<meta property=\"og:description\" content=\"El rector Carlos Eduardo Barrera D\u00edaz encabez\u00f3 el tercer informe anual de actividades del director de este campus de la instituci\u00f3n, Nephtali Pierre Romero Navarrete.\" \/>\n<meta property=\"og:url\" content=\"https:\/\/expressometro.mx\/index.php\/2025\/01\/23\/centro-universitario-atlacomulco-encarna-compromiso-de-la-uaemex-con-la-calidad-educativa-cebd\/\" \/>\n<meta property=\"og:site_name\" content=\"Expresso Metropolitano\" \/>\n<meta property=\"article:published_time\" content=\"2025-01-24T00:19:13+00:00\" \/>\n<meta property=\"article:modified_time\" content=\"2025-02-02T00:42:43+00:00\" \/>\n<meta property=\"og:image\" content=\"http:\/\/expressometro.mx\/wp-content\/uploads\/2025\/02\/WhatsApp-Image-2025-02-01-at-6.41.05-PM.jpeg\" \/>\n\t<meta property=\"og:image:width\" content=\"1440\" \/>\n\t<meta property=\"og:image:height\" content=\"960\" \/>\n\t<meta property=\"og:image:type\" content=\"image\/jpeg\" \/>\n<meta name=\"author\" content=\"Expresso Metropolitano\" \/>\n<meta name=\"twitter:label1\" content=\"Escrito por\" \/>\n\t<meta name=\"twitter:data1\" content=\"Expresso Metropolitano\" \/>\n\t<meta name=\"twitter:label2\" content=\"Tiempo de lectura\" \/>\n\t<meta name=\"twitter:data2\" content=\"3 minutos\" \/>\n<script type=\"application\/ld+json\" class=\"yoast-schema-graph\">{\"@context\":\"https:\\\/\\\/schema.org\",\"@graph\":[{\"@type\":\"Article\",\"@id\":\"https:\\\/\\\/expressometro.mx\\\/index.php\\\/2025\\\/01\\\/23\\\/centro-universitario-atlacomulco-encarna-compromiso-de-la-uaemex-con-la-calidad-educativa-cebd\\\/#article\",\"isPartOf\":{\"@id\":\"https:\\\/\\\/expressometro.mx\\\/index.php\\\/2025\\\/01\\\/23\\\/centro-universitario-atlacomulco-encarna-compromiso-de-la-uaemex-con-la-calidad-educativa-cebd\\\/\"},\"author\":{\"name\":\"Expresso Metropolitano\",\"@id\":\"https:\\\/\\\/expressometro.mx\\\/#\\\/schema\\\/person\\\/efa971b4a0664db8ed5c22b1b0dd2f5d\"},\"headline\":\"CENTRO UNIVERSITARIO ATLACOMULCO ENCARNA COMPROMISO DE LA UAEM\u00c9X CON LA CALIDAD EDUCATIVA: CEBD\",\"datePublished\":\"2025-01-24T00:19:13+00:00\",\"dateModified\":\"2025-02-02T00:42:43+00:00\",\"mainEntityOfPage\":{\"@id\":\"https:\\\/\\\/expressometro.mx\\\/index.php\\\/2025\\\/01\\\/23\\\/centro-universitario-atlacomulco-encarna-compromiso-de-la-uaemex-con-la-calidad-educativa-cebd\\\/\"},\"wordCount\":492,\"commentCount\":0,\"publisher\":{\"@id\":\"https:\\\/\\\/expressometro.mx\\\/#organization\"},\"image\":{\"@id\":\"https:\\\/\\\/expressometro.mx\\\/index.php\\\/2025\\\/01\\\/23\\\/centro-universitario-atlacomulco-encarna-compromiso-de-la-uaemex-con-la-calidad-educativa-cebd\\\/#primaryimage\"},\"thumbnailUrl\":\"https:\\\/\\\/expressometro.mx\\\/wp-content\\\/uploads\\\/2025\\\/02\\\/WhatsApp-Image-2025-02-01-at-6.41.05-PM.jpeg\",\"keywords\":[\"Carlos Eduardo Barrera D\u00edaz\",\"Edomex\",\"GEM\",\"UAEMex\"],\"articleSection\":[\"Educaci\u00f3n\",\"Gobierno\",\"Otros\",\"Pol\u00edtica\"],\"inLanguage\":\"es\",\"potentialAction\":[{\"@type\":\"CommentAction\",\"name\":\"Comment\",\"target\":[\"https:\\\/\\\/expressometro.mx\\\/index.php\\\/2025\\\/01\\\/23\\\/centro-universitario-atlacomulco-encarna-compromiso-de-la-uaemex-con-la-calidad-educativa-cebd\\\/#respond\"]}]},{\"@type\":\"WebPage\",\"@id\":\"https:\\\/\\\/expressometro.mx\\\/index.php\\\/2025\\\/01\\\/23\\\/centro-universitario-atlacomulco-encarna-compromiso-de-la-uaemex-con-la-calidad-educativa-cebd\\\/\",\"url\":\"https:\\\/\\\/expressometro.mx\\\/index.php\\\/2025\\\/01\\\/23\\\/centro-universitario-atlacomulco-encarna-compromiso-de-la-uaemex-con-la-calidad-educativa-cebd\\\/\",\"name\":\"CENTRO UNIVERSITARIO ATLACOMULCO ENCARNA COMPROMISO DE LA UAEM\u00c9X CON LA CALIDAD EDUCATIVA: CEBD - Expresso Metropolitano\",\"isPartOf\":{\"@id\":\"https:\\\/\\\/expressometro.mx\\\/#website\"},\"primaryImageOfPage\":{\"@id\":\"https:\\\/\\\/expressometro.mx\\\/index.php\\\/2025\\\/01\\\/23\\\/centro-universitario-atlacomulco-encarna-compromiso-de-la-uaemex-con-la-calidad-educativa-cebd\\\/#primaryimage\"},\"image\":{\"@id\":\"https:\\\/\\\/expressometro.mx\\\/index.php\\\/2025\\\/01\\\/23\\\/centro-universitario-atlacomulco-encarna-compromiso-de-la-uaemex-con-la-calidad-educativa-cebd\\\/#primaryimage\"},\"thumbnailUrl\":\"https:\\\/\\\/expressometro.mx\\\/wp-content\\\/uploads\\\/2025\\\/02\\\/WhatsApp-Image-2025-02-01-at-6.41.05-PM.jpeg\",\"datePublished\":\"2025-01-24T00:19:13+00:00\",\"dateModified\":\"2025-02-02T00:42:43+00:00\",\"breadcrumb\":{\"@id\":\"https:\\\/\\\/expressometro.mx\\\/index.php\\\/2025\\\/01\\\/23\\\/centro-universitario-atlacomulco-encarna-compromiso-de-la-uaemex-con-la-calidad-educativa-cebd\\\/#breadcrumb\"},\"inLanguage\":\"es\",\"potentialAction\":[{\"@type\":\"ReadAction\",\"target\":[\"https:\\\/\\\/expressometro.mx\\\/index.php\\\/2025\\\/01\\\/23\\\/centro-universitario-atlacomulco-encarna-compromiso-de-la-uaemex-con-la-calidad-educativa-cebd\\\/\"]}]},{\"@type\":\"ImageObject\",\"inLanguage\":\"es\",\"@id\":\"https:\\\/\\\/expressometro.mx\\\/index.php\\\/2025\\\/01\\\/23\\\/centro-universitario-atlacomulco-encarna-compromiso-de-la-uaemex-con-la-calidad-educativa-cebd\\\/#primaryimage\",\"url\":\"https:\\\/\\\/expressometro.mx\\\/wp-content\\\/uploads\\\/2025\\\/02\\\/WhatsApp-Image-2025-02-01-at-6.41.05-PM.jpeg\",\"contentUrl\":\"https:\\\/\\\/expressometro.mx\\\/wp-content\\\/uploads\\\/2025\\\/02\\\/WhatsApp-Image-2025-02-01-at-6.41.05-PM.jpeg\",\"width\":1440,\"height\":960},{\"@type\":\"BreadcrumbList\",\"@id\":\"https:\\\/\\\/expressometro.mx\\\/index.php\\\/2025\\\/01\\\/23\\\/centro-universitario-atlacomulco-encarna-compromiso-de-la-uaemex-con-la-calidad-educativa-cebd\\\/#breadcrumb\",\"itemListElement\":[{\"@type\":\"ListItem\",\"position\":1,\"name\":\"Inicio\",\"item\":\"https:\\\/\\\/expressometro.mx\\\/\"},{\"@type\":\"ListItem\",\"position\":2,\"name\":\"CENTRO UNIVERSITARIO ATLACOMULCO ENCARNA COMPROMISO DE LA UAEM\u00c9X CON LA CALIDAD EDUCATIVA: CEBD\"}]},{\"@type\":\"WebSite\",\"@id\":\"https:\\\/\\\/expressometro.mx\\\/#website\",\"url\":\"https:\\\/\\\/expressometro.mx\\\/\",\"name\":\"Expresso Metropolitano\",\"description\":\"Periodismo comprometido, informaci\u00f3n, investigaci\u00f3n y an\u00e1lisis\",\"publisher\":{\"@id\":\"https:\\\/\\\/expressometro.mx\\\/#organization\"},\"potentialAction\":[{\"@type\":\"SearchAction\",\"target\":{\"@type\":\"EntryPoint\",\"urlTemplate\":\"https:\\\/\\\/expressometro.mx\\\/?s={search_term_string}\"},\"query-input\":{\"@type\":\"PropertyValueSpecification\",\"valueRequired\":true,\"valueName\":\"search_term_string\"}}],\"inLanguage\":\"es\"},{\"@type\":\"Organization\",\"@id\":\"https:\\\/\\\/expressometro.mx\\\/#organization\",\"name\":\"Expresso Metropolitano\",\"url\":\"https:\\\/\\\/expressometro.mx\\\/\",\"logo\":{\"@type\":\"ImageObject\",\"inLanguage\":\"es\",\"@id\":\"https:\\\/\\\/expressometro.mx\\\/#\\\/schema\\\/logo\\\/image\\\/\",\"url\":\"https:\\\/\\\/expressometro.mx\\\/wp-content\\\/uploads\\\/2019\\\/07\\\/cropped-Logo-Expresso-Metropolitano-1-1.jpeg\",\"contentUrl\":\"https:\\\/\\\/expressometro.mx\\\/wp-content\\\/uploads\\\/2019\\\/07\\\/cropped-Logo-Expresso-Metropolitano-1-1.jpeg\",\"width\":290,\"height\":73,\"caption\":\"Expresso Metropolitano\"},\"image\":{\"@id\":\"https:\\\/\\\/expressometro.mx\\\/#\\\/schema\\\/logo\\\/image\\\/\"}},{\"@type\":\"Person\",\"@id\":\"https:\\\/\\\/expressometro.mx\\\/#\\\/schema\\\/person\\\/efa971b4a0664db8ed5c22b1b0dd2f5d\",\"name\":\"Expresso Metropolitano\",\"image\":{\"@type\":\"ImageObject\",\"inLanguage\":\"es\",\"@id\":\"https:\\\/\\\/secure.gravatar.com\\\/avatar\\\/a89f802b8de18c6952f223c88d3d106e9e3679839f4e25a02f4a6cc2ae6ba3b3?s=96&d=mm&r=g\",\"url\":\"https:\\\/\\\/secure.gravatar.com\\\/avatar\\\/a89f802b8de18c6952f223c88d3d106e9e3679839f4e25a02f4a6cc2ae6ba3b3?s=96&d=mm&r=g\",\"contentUrl\":\"https:\\\/\\\/secure.gravatar.com\\\/avatar\\\/a89f802b8de18c6952f223c88d3d106e9e3679839f4e25a02f4a6cc2ae6ba3b3?s=96&d=mm&r=g\",\"caption\":\"Expresso Metropolitano\"},\"url\":\"https:\\\/\\\/expressometro.mx\\\/index.php\\\/author\\\/diego\\\/\"}]}<\/script>\n<!-- \/ Yoast SEO plugin. -->","yoast_head_json":{"title":"CENTRO UNIVERSITARIO ATLACOMULCO ENCARNA COMPROMISO DE LA UAEM\u00c9X CON LA CALIDAD EDUCATIVA: CEBD - Expresso Metropolitano","robots":{"index":"index","follow":"follow","max-snippet":"max-snippet:-1","max-image-preview":"max-image-preview:large","max-video-preview":"max-video-preview:-1"},"canonical":"https:\/\/expressometro.mx\/index.php\/2025\/01\/23\/centro-universitario-atlacomulco-encarna-compromiso-de-la-uaemex-con-la-calidad-educativa-cebd\/","og_locale":"es_MX","og_type":"article","og_title":"CENTRO UNIVERSITARIO ATLACOMULCO ENCARNA COMPROMISO DE LA UAEM\u00c9X CON LA CALIDAD EDUCATIVA: CEBD - Expresso Metropolitano","og_description":"El rector Carlos Eduardo Barrera D\u00edaz encabez\u00f3 el tercer informe anual de actividades del director de este campus de la instituci\u00f3n, Nephtali Pierre Romero Navarrete.","og_url":"https:\/\/expressometro.mx\/index.php\/2025\/01\/23\/centro-universitario-atlacomulco-encarna-compromiso-de-la-uaemex-con-la-calidad-educativa-cebd\/","og_site_name":"Expresso Metropolitano","article_published_time":"2025-01-24T00:19:13+00:00","article_modified_time":"2025-02-02T00:42:43+00:00","og_image":[{"width":1440,"height":960,"url":"http:\/\/expressometro.mx\/wp-content\/uploads\/2025\/02\/WhatsApp-Image-2025-02-01-at-6.41.05-PM.jpeg","type":"image\/jpeg"}],"author":"Expresso Metropolitano","twitter_misc":{"Escrito por":"Expresso Metropolitano","Tiempo de lectura":"3 minutos"},"schema":{"@context":"https:\/\/schema.org","@graph":[{"@type":"Article","@id":"https:\/\/expressometro.mx\/index.php\/2025\/01\/23\/centro-universitario-atlacomulco-encarna-compromiso-de-la-uaemex-con-la-calidad-educativa-cebd\/#article","isPartOf":{"@id":"https:\/\/expressometro.mx\/index.php\/2025\/01\/23\/centro-universitario-atlacomulco-encarna-compromiso-de-la-uaemex-con-la-calidad-educativa-cebd\/"},"author":{"name":"Expresso Metropolitano","@id":"https:\/\/expressometro.mx\/#\/schema\/person\/efa971b4a0664db8ed5c22b1b0dd2f5d"},"headline":"CENTRO UNIVERSITARIO ATLACOMULCO ENCARNA COMPROMISO DE LA UAEM\u00c9X CON LA CALIDAD EDUCATIVA: CEBD","datePublished":"2025-01-24T00:19:13+00:00","dateModified":"2025-02-02T00:42:43+00:00","mainEntityOfPage":{"@id":"https:\/\/expressometro.mx\/index.php\/2025\/01\/23\/centro-universitario-atlacomulco-encarna-compromiso-de-la-uaemex-con-la-calidad-educativa-cebd\/"},"wordCount":492,"commentCount":0,"publisher":{"@id":"https:\/\/expressometro.mx\/#organization"},"image":{"@id":"https:\/\/expressometro.mx\/index.php\/2025\/01\/23\/centro-universitario-atlacomulco-encarna-compromiso-de-la-uaemex-con-la-calidad-educativa-cebd\/#primaryimage"},"thumbnailUrl":"https:\/\/expressometro.mx\/wp-content\/uploads\/2025\/02\/WhatsApp-Image-2025-02-01-at-6.41.05-PM.jpeg","keywords":["Carlos Eduardo Barrera D\u00edaz","Edomex","GEM","UAEMex"],"articleSection":["Educaci\u00f3n","Gobierno","Otros","Pol\u00edtica"],"inLanguage":"es","potentialAction":[{"@type":"CommentAction","name":"Comment","target":["https:\/\/expressometro.mx\/index.php\/2025\/01\/23\/centro-universitario-atlacomulco-encarna-compromiso-de-la-uaemex-con-la-calidad-educativa-cebd\/#respond"]}]},{"@type":"WebPage","@id":"https:\/\/expressometro.mx\/index.php\/2025\/01\/23\/centro-universitario-atlacomulco-encarna-compromiso-de-la-uaemex-con-la-calidad-educativa-cebd\/","url":"https:\/\/expressometro.mx\/index.php\/2025\/01\/23\/centro-universitario-atlacomulco-encarna-compromiso-de-la-uaemex-con-la-calidad-educativa-cebd\/","name":"CENTRO UNIVERSITARIO ATLACOMULCO ENCARNA COMPROMISO DE LA UAEM\u00c9X CON LA CALIDAD EDUCATIVA: CEBD - Expresso Metropolitano","isPartOf":{"@id":"https:\/\/expressometro.mx\/#website"},"primaryImageOfPage":{"@id":"https:\/\/expressometro.mx\/index.php\/2025\/01\/23\/centro-universitario-atlacomulco-encarna-compromiso-de-la-uaemex-con-la-calidad-educativa-cebd\/#primaryimage"},"image":{"@id":"https:\/\/expressometro.mx\/index.php\/2025\/01\/23\/centro-universitario-atlacomulco-encarna-compromiso-de-la-uaemex-con-la-calidad-educativa-cebd\/#primaryimage"},"thumbnailUrl":"https:\/\/expressometro.mx\/wp-content\/uploads\/2025\/02\/WhatsApp-Image-2025-02-01-at-6.41.05-PM.jpeg","datePublished":"2025-01-24T00:19:13+00:00","dateModified":"2025-02-02T00:42:43+00:00","breadcrumb":{"@id":"https:\/\/expressometro.mx\/index.php\/2025\/01\/23\/centro-universitario-atlacomulco-encarna-compromiso-de-la-uaemex-con-la-calidad-educativa-cebd\/#breadcrumb"},"inLanguage":"es","potentialAction":[{"@type":"ReadAction","target":["https:\/\/expressometro.mx\/index.php\/2025\/01\/23\/centro-universitario-atlacomulco-encarna-compromiso-de-la-uaemex-con-la-calidad-educativa-cebd\/"]}]},{"@type":"ImageObject","inLanguage":"es","@id":"https:\/\/expressometro.mx\/index.php\/2025\/01\/23\/centro-universitario-atlacomulco-encarna-compromiso-de-la-uaemex-con-la-calidad-educativa-cebd\/#primaryimage","url":"https:\/\/expressometro.mx\/wp-content\/uploads\/2025\/02\/WhatsApp-Image-2025-02-01-at-6.41.05-PM.jpeg","contentUrl":"https:\/\/expressometro.mx\/wp-content\/uploads\/2025\/02\/WhatsApp-Image-2025-02-01-at-6.41.05-PM.jpeg","width":1440,"height":960},{"@type":"BreadcrumbList","@id":"https:\/\/expressometro.mx\/index.php\/2025\/01\/23\/centro-universitario-atlacomulco-encarna-compromiso-de-la-uaemex-con-la-calidad-educativa-cebd\/#breadcrumb","itemListElement":[{"@type":"ListItem","position":1,"name":"Inicio","item":"https:\/\/expressometro.mx\/"},{"@type":"ListItem","position":2,"name":"CENTRO UNIVERSITARIO ATLACOMULCO ENCARNA COMPROMISO DE LA UAEM\u00c9X CON LA CALIDAD EDUCATIVA: CEBD"}]},{"@type":"WebSite","@id":"https:\/\/expressometro.mx\/#website","url":"https:\/\/expressometro.mx\/","name":"Expresso Metropolitano","description":"Periodismo comprometido, informaci\u00f3n, investigaci\u00f3n y an\u00e1lisis","publisher":{"@id":"https:\/\/expressometro.mx\/#organization"},"potentialAction":[{"@type":"SearchAction","target":{"@type":"EntryPoint","urlTemplate":"https:\/\/expressometro.mx\/?s={search_term_string}"},"query-input":{"@type":"PropertyValueSpecification","valueRequired":true,"valueName":"search_term_string"}}],"inLanguage":"es"},{"@type":"Organization","@id":"https:\/\/expressometro.mx\/#organization","name":"Expresso Metropolitano","url":"https:\/\/expressometro.mx\/","logo":{"@type":"ImageObject","inLanguage":"es","@id":"https:\/\/expressometro.mx\/#\/schema\/logo\/image\/","url":"https:\/\/expressometro.mx\/wp-content\/uploads\/2019\/07\/cropped-Logo-Expresso-Metropolitano-1-1.jpeg","contentUrl":"https:\/\/expressometro.mx\/wp-content\/uploads\/2019\/07\/cropped-Logo-Expresso-Metropolitano-1-1.jpeg","width":290,"height":73,"caption":"Expresso Metropolitano"},"image":{"@id":"https:\/\/expressometro.mx\/#\/schema\/logo\/image\/"}},{"@type":"Person","@id":"https:\/\/expressometro.mx\/#\/schema\/person\/efa971b4a0664db8ed5c22b1b0dd2f5d","name":"Expresso Metropolitano","image":{"@type":"ImageObject","inLanguage":"es","@id":"https:\/\/secure.gravatar.com\/avatar\/a89f802b8de18c6952f223c88d3d106e9e3679839f4e25a02f4a6cc2ae6ba3b3?s=96&d=mm&r=g","url":"https:\/\/secure.gravatar.com\/avatar\/a89f802b8de18c6952f223c88d3d106e9e3679839f4e25a02f4a6cc2ae6ba3b3?s=96&d=mm&r=g","contentUrl":"https:\/\/secure.gravatar.com\/avatar\/a89f802b8de18c6952f223c88d3d106e9e3679839f4e25a02f4a6cc2ae6ba3b3?s=96&d=mm&r=g","caption":"Expresso Metropolitano"},"url":"https:\/\/expressometro.mx\/index.php\/author\/diego\/"}]}},"amp_enabled":true,"_links":{"self":[{"href":"https:\/\/expressometro.mx\/index.php\/wp-json\/wp\/v2\/posts\/10824","targetHints":{"allow":["GET"]}}],"collection":[{"href":"https:\/\/expressometro.mx\/index.php\/wp-json\/wp\/v2\/posts"}],"about":[{"href":"https:\/\/expressometro.mx\/index.php\/wp-json\/wp\/v2\/types\/post"}],"author":[{"embeddable":true,"href":"https:\/\/expressometro.mx\/index.php\/wp-json\/wp\/v2\/users\/1"}],"replies":[{"embeddable":true,"href":"https:\/\/expressometro.mx\/index.php\/wp-json\/wp\/v2\/comments?post=10824"}],"version-history":[{"count":1,"href":"https:\/\/expressometro.mx\/index.php\/wp-json\/wp\/v2\/posts\/10824\/revisions"}],"predecessor-version":[{"id":10828,"href":"https:\/\/expressometro.mx\/index.php\/wp-json\/wp\/v2\/posts\/10824\/revisions\/10828"}],"wp:featuredmedia":[{"embeddable":true,"href":"https:\/\/expressometro.mx\/index.php\/wp-json\/wp\/v2\/media\/10826"}],"wp:attachment":[{"href":"https:\/\/expressometro.mx\/index.php\/wp-json\/wp\/v2\/media?parent=10824"}],"wp:term":[{"taxonomy":"category","embeddable":true,"href":"https:\/\/expressometro.mx\/index.php\/wp-json\/wp\/v2\/categories?post=10824"},{"taxonomy":"post_tag","embeddable":true,"href":"https:\/\/expressometro.mx\/index.php\/wp-json\/wp\/v2\/tags?post=10824"}],"curies":[{"name":"wp","href":"https:\/\/api.w.org\/{rel}","templated":true}]}}