{"id":10818,"date":"2025-01-22T18:11:53","date_gmt":"2025-01-23T00:11:53","guid":{"rendered":"https:\/\/expressometro.mx\/?p=10818"},"modified":"2025-02-01T18:14:48","modified_gmt":"2025-02-02T00:14:48","slug":"uaemex-firma-convenio-con-la-agencia-digital-del-estado-de-mexico-en-favor-de-innovaciones-sociales","status":"publish","type":"post","link":"https:\/\/expressometro.mx\/index.php\/2025\/01\/22\/uaemex-firma-convenio-con-la-agencia-digital-del-estado-de-mexico-en-favor-de-innovaciones-sociales\/","title":{"rendered":"UAEM\u00c9X FIRMA CONVENIO CON LA AGENCIA DIGITAL DEL ESTADO DE M\u00c9XICO EN FAVOR DE INNOVACIONES SOCIALES"},"content":{"rendered":"\n<ul class=\"wp-block-list\">\n<li>El Convenio General de Colaboraci\u00f3n constituye una plataforma que permitir\u00e1 elaborar soluciones sostenibles y equitativas para enfrentar los retos que la digitalizaci\u00f3n demanda.<\/li>\n\n\n\n<li>La UAEM\u00e9x y la ADEM se comprometieron a realizar acciones que involucren proyectos del estudiantado, egresados, investigadores, profesores y gobierno.<\/li>\n<\/ul>\n\n\n\n<p>Con el objetivo de facilitar el acceso universal al conocimiento, la Universidad Aut\u00f3noma del Estado de M\u00e9xico (UAEM\u00e9x) y la Agencia Digital del Estado de M\u00e9xico (ADEM) firmaron un Convenio General de Colaboraci\u00f3n que constituye una plataforma para elaborar soluciones sostenibles y equitativas a diversos retos que impone la digitalizaci\u00f3n.<\/p>\n\n\n\n<p>En el edificio de Rector\u00eda y ante la titular de la Oficial\u00eda Mayor del Gobierno Estatal, Trinidad Franco Arpero, el rector de la UAEM\u00e9x, Carlos Eduardo Barrera D\u00edaz, afirm\u00f3 que esta alianza representa la oportunidad de explorar nuevas oportunidades para la investigaci\u00f3n e innovaci\u00f3n tecnol\u00f3gicas, principalmente, con el alumnado de la Unidad Acad\u00e9mica Profesional Tianguistenco del Programa de Ingenier\u00eda de Software para que realicen servicio social y colaboraciones en desarrollo de software.<\/p>\n\n\n\n<figure class=\"wp-block-image size-large\"><img decoding=\"async\" width=\"720\" height=\"480\" src=\"https:\/\/expressometro.mx\/wp-content\/uploads\/2025\/02\/WhatsApp-Image-2025-02-01-at-6.12.29-PM-720x480.jpeg\" alt=\"\" class=\"wp-image-10821\" srcset=\"https:\/\/expressometro.mx\/wp-content\/uploads\/2025\/02\/WhatsApp-Image-2025-02-01-at-6.12.29-PM-720x480.jpeg 720w, https:\/\/expressometro.mx\/wp-content\/uploads\/2025\/02\/WhatsApp-Image-2025-02-01-at-6.12.29-PM-548x365.jpeg 548w, https:\/\/expressometro.mx\/wp-content\/uploads\/2025\/02\/WhatsApp-Image-2025-02-01-at-6.12.29-PM-768x512.jpeg 768w, https:\/\/expressometro.mx\/wp-content\/uploads\/2025\/02\/WhatsApp-Image-2025-02-01-at-6.12.29-PM.jpeg 800w\" sizes=\"(max-width: 720px) 100vw, 720px\" \/><\/figure>\n\n\n\n<p>\u201cEsta colaboraci\u00f3n se convertir\u00e1 en un referente de c\u00f3mo la cooperaci\u00f3n entre instituciones puede generar innovaciones positivas, tangibles y duraderas para la sociedad\u201d, indic\u00f3.<\/p>\n\n\n\n<p>En su oportunidad, el titular de la ADEM, David Villanueva Lomel\u00ed, refiri\u00f3 que la Universidad es parte fundamental para el quehacer humano, por lo cual este paso fortalece los lazos de cooperaci\u00f3n para el aprovechamiento de los conocimientos acad\u00e9micos y habilidades t\u00e9cnicas en favor de la transformaci\u00f3n de la vida de las personas.<\/p>\n\n\n\n<p>\u201cEn tiempos donde la tecnolog\u00eda avanza a pasos agigantados es importante que los sistemas digitales sean eficientes para facilitar el acceso a la informaci\u00f3n digital\u201d, subray\u00f3.<\/p>\n\n\n\n<p>En dicho convenio, la UAEM\u00e9x y la ADEM se comprometieron a realizar acciones que involucren proyectos del estudiantado, egresados, investigadores, profesores y gobierno, encaminadas a la superaci\u00f3n acad\u00e9mica, la formaci\u00f3n y la capacitaci\u00f3n.<\/p>\n\n\n\n<p>Al acto, tambi\u00e9n acudieron la Abogada General de la Aut\u00f3noma Mexiquense, Luz Mar\u00eda Jaimes Legorreta, el secretario de Extensi\u00f3n y Vinculaci\u00f3n, Francisco Zepeda Mondrag\u00f3n, el secretario de Docencia, Jos\u00e9 Raymundo Marcial Romero, el director de Infraestructura y Comunicaciones de la ADEM, Mart\u00edn Carranza Mercado y comunidad universitaria.<\/p>\n","protected":false},"excerpt":{"rendered":"<p>Con el objetivo de facilitar el acceso universal al conocimiento, la Universidad Aut\u00f3noma del Estado de M\u00e9xico (UAEM\u00e9x) y la Agencia Digital del Estado de M\u00e9xico (ADEM) firmaron un Convenio General de Colaboraci\u00f3n que constituye una plataforma para elaborar soluciones sostenibles y equitativas a diversos retos que impone la digitalizaci\u00f3n.<\/p>\n","protected":false},"author":1,"featured_media":10819,"comment_status":"open","ping_status":"open","sticky":false,"template":"","format":"standard","meta":{"footnotes":""},"categories":[108,3,1,231],"tags":[313,1982,86,82],"class_list":["post-10818","post","type-post","status-publish","format-standard","has-post-thumbnail","hentry","category-educacion","category-gobierno","category-otros","category-politica","tag-carlos-eduardo-barrera-diaz","tag-edomex","tag-gem","tag-uaemex"],"yoast_head":"<!-- This site is optimized with the Yoast SEO plugin v27.5 - https:\/\/yoast.com\/product\/yoast-seo-wordpress\/ -->\n<title>UAEM\u00c9X FIRMA CONVENIO CON LA AGENCIA DIGITAL DEL ESTADO DE M\u00c9XICO EN FAVOR DE INNOVACIONES SOCIALES - Expresso Metropolitano<\/title>\n<meta name=\"robots\" content=\"index, follow, max-snippet:-1, max-image-preview:large, max-video-preview:-1\" \/>\n<link rel=\"canonical\" href=\"https:\/\/expressometro.mx\/index.php\/2025\/01\/22\/uaemex-firma-convenio-con-la-agencia-digital-del-estado-de-mexico-en-favor-de-innovaciones-sociales\/\" \/>\n<meta property=\"og:locale\" content=\"es_MX\" \/>\n<meta property=\"og:type\" content=\"article\" \/>\n<meta property=\"og:title\" content=\"UAEM\u00c9X FIRMA CONVENIO CON LA AGENCIA DIGITAL DEL ESTADO DE M\u00c9XICO EN FAVOR DE INNOVACIONES SOCIALES - Expresso Metropolitano\" \/>\n<meta property=\"og:description\" content=\"Con el objetivo de facilitar el acceso universal al conocimiento, la Universidad Aut\u00f3noma del Estado de M\u00e9xico (UAEM\u00e9x) y la Agencia Digital del Estado de M\u00e9xico (ADEM) firmaron un Convenio General de Colaboraci\u00f3n que constituye una plataforma para elaborar soluciones sostenibles y equitativas a diversos retos que impone la digitalizaci\u00f3n.\" \/>\n<meta property=\"og:url\" content=\"https:\/\/expressometro.mx\/index.php\/2025\/01\/22\/uaemex-firma-convenio-con-la-agencia-digital-del-estado-de-mexico-en-favor-de-innovaciones-sociales\/\" \/>\n<meta property=\"og:site_name\" content=\"Expresso Metropolitano\" \/>\n<meta property=\"article:published_time\" content=\"2025-01-23T00:11:53+00:00\" \/>\n<meta property=\"article:modified_time\" content=\"2025-02-02T00:14:48+00:00\" \/>\n<meta property=\"og:image\" content=\"http:\/\/expressometro.mx\/wp-content\/uploads\/2025\/02\/WhatsApp-Image-2025-02-01-at-6.12.19-PM.jpeg\" \/>\n\t<meta property=\"og:image:width\" content=\"800\" \/>\n\t<meta property=\"og:image:height\" content=\"533\" \/>\n\t<meta property=\"og:image:type\" content=\"image\/jpeg\" \/>\n<meta name=\"author\" content=\"Expresso Metropolitano\" \/>\n<meta name=\"twitter:label1\" content=\"Escrito por\" \/>\n\t<meta name=\"twitter:data1\" content=\"Expresso Metropolitano\" \/>\n\t<meta name=\"twitter:label2\" content=\"Tiempo de lectura\" \/>\n\t<meta name=\"twitter:data2\" content=\"2 minutos\" \/>\n<script type=\"application\/ld+json\" class=\"yoast-schema-graph\">{\"@context\":\"https:\\\/\\\/schema.org\",\"@graph\":[{\"@type\":\"Article\",\"@id\":\"https:\\\/\\\/expressometro.mx\\\/index.php\\\/2025\\\/01\\\/22\\\/uaemex-firma-convenio-con-la-agencia-digital-del-estado-de-mexico-en-favor-de-innovaciones-sociales\\\/#article\",\"isPartOf\":{\"@id\":\"https:\\\/\\\/expressometro.mx\\\/index.php\\\/2025\\\/01\\\/22\\\/uaemex-firma-convenio-con-la-agencia-digital-del-estado-de-mexico-en-favor-de-innovaciones-sociales\\\/\"},\"author\":{\"name\":\"Expresso Metropolitano\",\"@id\":\"https:\\\/\\\/expressometro.mx\\\/#\\\/schema\\\/person\\\/efa971b4a0664db8ed5c22b1b0dd2f5d\"},\"headline\":\"UAEM\u00c9X FIRMA CONVENIO CON LA AGENCIA DIGITAL DEL ESTADO DE M\u00c9XICO EN FAVOR DE INNOVACIONES SOCIALES\",\"datePublished\":\"2025-01-23T00:11:53+00:00\",\"dateModified\":\"2025-02-02T00:14:48+00:00\",\"mainEntityOfPage\":{\"@id\":\"https:\\\/\\\/expressometro.mx\\\/index.php\\\/2025\\\/01\\\/22\\\/uaemex-firma-convenio-con-la-agencia-digital-del-estado-de-mexico-en-favor-de-innovaciones-sociales\\\/\"},\"wordCount\":405,\"commentCount\":0,\"publisher\":{\"@id\":\"https:\\\/\\\/expressometro.mx\\\/#organization\"},\"image\":{\"@id\":\"https:\\\/\\\/expressometro.mx\\\/index.php\\\/2025\\\/01\\\/22\\\/uaemex-firma-convenio-con-la-agencia-digital-del-estado-de-mexico-en-favor-de-innovaciones-sociales\\\/#primaryimage\"},\"thumbnailUrl\":\"https:\\\/\\\/expressometro.mx\\\/wp-content\\\/uploads\\\/2025\\\/02\\\/WhatsApp-Image-2025-02-01-at-6.12.19-PM.jpeg\",\"keywords\":[\"Carlos Eduardo Barrera D\u00edaz\",\"Edomex\",\"GEM\",\"UAEMex\"],\"articleSection\":[\"Educaci\u00f3n\",\"Gobierno\",\"Otros\",\"Pol\u00edtica\"],\"inLanguage\":\"es\",\"potentialAction\":[{\"@type\":\"CommentAction\",\"name\":\"Comment\",\"target\":[\"https:\\\/\\\/expressometro.mx\\\/index.php\\\/2025\\\/01\\\/22\\\/uaemex-firma-convenio-con-la-agencia-digital-del-estado-de-mexico-en-favor-de-innovaciones-sociales\\\/#respond\"]}]},{\"@type\":\"WebPage\",\"@id\":\"https:\\\/\\\/expressometro.mx\\\/index.php\\\/2025\\\/01\\\/22\\\/uaemex-firma-convenio-con-la-agencia-digital-del-estado-de-mexico-en-favor-de-innovaciones-sociales\\\/\",\"url\":\"https:\\\/\\\/expressometro.mx\\\/index.php\\\/2025\\\/01\\\/22\\\/uaemex-firma-convenio-con-la-agencia-digital-del-estado-de-mexico-en-favor-de-innovaciones-sociales\\\/\",\"name\":\"UAEM\u00c9X FIRMA CONVENIO CON LA AGENCIA DIGITAL DEL ESTADO DE M\u00c9XICO EN FAVOR DE INNOVACIONES SOCIALES - Expresso Metropolitano\",\"isPartOf\":{\"@id\":\"https:\\\/\\\/expressometro.mx\\\/#website\"},\"primaryImageOfPage\":{\"@id\":\"https:\\\/\\\/expressometro.mx\\\/index.php\\\/2025\\\/01\\\/22\\\/uaemex-firma-convenio-con-la-agencia-digital-del-estado-de-mexico-en-favor-de-innovaciones-sociales\\\/#primaryimage\"},\"image\":{\"@id\":\"https:\\\/\\\/expressometro.mx\\\/index.php\\\/2025\\\/01\\\/22\\\/uaemex-firma-convenio-con-la-agencia-digital-del-estado-de-mexico-en-favor-de-innovaciones-sociales\\\/#primaryimage\"},\"thumbnailUrl\":\"https:\\\/\\\/expressometro.mx\\\/wp-content\\\/uploads\\\/2025\\\/02\\\/WhatsApp-Image-2025-02-01-at-6.12.19-PM.jpeg\",\"datePublished\":\"2025-01-23T00:11:53+00:00\",\"dateModified\":\"2025-02-02T00:14:48+00:00\",\"breadcrumb\":{\"@id\":\"https:\\\/\\\/expressometro.mx\\\/index.php\\\/2025\\\/01\\\/22\\\/uaemex-firma-convenio-con-la-agencia-digital-del-estado-de-mexico-en-favor-de-innovaciones-sociales\\\/#breadcrumb\"},\"inLanguage\":\"es\",\"potentialAction\":[{\"@type\":\"ReadAction\",\"target\":[\"https:\\\/\\\/expressometro.mx\\\/index.php\\\/2025\\\/01\\\/22\\\/uaemex-firma-convenio-con-la-agencia-digital-del-estado-de-mexico-en-favor-de-innovaciones-sociales\\\/\"]}]},{\"@type\":\"ImageObject\",\"inLanguage\":\"es\",\"@id\":\"https:\\\/\\\/expressometro.mx\\\/index.php\\\/2025\\\/01\\\/22\\\/uaemex-firma-convenio-con-la-agencia-digital-del-estado-de-mexico-en-favor-de-innovaciones-sociales\\\/#primaryimage\",\"url\":\"https:\\\/\\\/expressometro.mx\\\/wp-content\\\/uploads\\\/2025\\\/02\\\/WhatsApp-Image-2025-02-01-at-6.12.19-PM.jpeg\",\"contentUrl\":\"https:\\\/\\\/expressometro.mx\\\/wp-content\\\/uploads\\\/2025\\\/02\\\/WhatsApp-Image-2025-02-01-at-6.12.19-PM.jpeg\",\"width\":800,\"height\":533},{\"@type\":\"BreadcrumbList\",\"@id\":\"https:\\\/\\\/expressometro.mx\\\/index.php\\\/2025\\\/01\\\/22\\\/uaemex-firma-convenio-con-la-agencia-digital-del-estado-de-mexico-en-favor-de-innovaciones-sociales\\\/#breadcrumb\",\"itemListElement\":[{\"@type\":\"ListItem\",\"position\":1,\"name\":\"Inicio\",\"item\":\"https:\\\/\\\/expressometro.mx\\\/\"},{\"@type\":\"ListItem\",\"position\":2,\"name\":\"UAEM\u00c9X FIRMA CONVENIO CON LA AGENCIA DIGITAL DEL ESTADO DE M\u00c9XICO EN FAVOR DE INNOVACIONES SOCIALES\"}]},{\"@type\":\"WebSite\",\"@id\":\"https:\\\/\\\/expressometro.mx\\\/#website\",\"url\":\"https:\\\/\\\/expressometro.mx\\\/\",\"name\":\"Expresso Metropolitano\",\"description\":\"Periodismo comprometido, informaci\u00f3n, investigaci\u00f3n y an\u00e1lisis\",\"publisher\":{\"@id\":\"https:\\\/\\\/expressometro.mx\\\/#organization\"},\"potentialAction\":[{\"@type\":\"SearchAction\",\"target\":{\"@type\":\"EntryPoint\",\"urlTemplate\":\"https:\\\/\\\/expressometro.mx\\\/?s={search_term_string}\"},\"query-input\":{\"@type\":\"PropertyValueSpecification\",\"valueRequired\":true,\"valueName\":\"search_term_string\"}}],\"inLanguage\":\"es\"},{\"@type\":\"Organization\",\"@id\":\"https:\\\/\\\/expressometro.mx\\\/#organization\",\"name\":\"Expresso Metropolitano\",\"url\":\"https:\\\/\\\/expressometro.mx\\\/\",\"logo\":{\"@type\":\"ImageObject\",\"inLanguage\":\"es\",\"@id\":\"https:\\\/\\\/expressometro.mx\\\/#\\\/schema\\\/logo\\\/image\\\/\",\"url\":\"https:\\\/\\\/expressometro.mx\\\/wp-content\\\/uploads\\\/2019\\\/07\\\/cropped-Logo-Expresso-Metropolitano-1-1.jpeg\",\"contentUrl\":\"https:\\\/\\\/expressometro.mx\\\/wp-content\\\/uploads\\\/2019\\\/07\\\/cropped-Logo-Expresso-Metropolitano-1-1.jpeg\",\"width\":290,\"height\":73,\"caption\":\"Expresso Metropolitano\"},\"image\":{\"@id\":\"https:\\\/\\\/expressometro.mx\\\/#\\\/schema\\\/logo\\\/image\\\/\"}},{\"@type\":\"Person\",\"@id\":\"https:\\\/\\\/expressometro.mx\\\/#\\\/schema\\\/person\\\/efa971b4a0664db8ed5c22b1b0dd2f5d\",\"name\":\"Expresso Metropolitano\",\"image\":{\"@type\":\"ImageObject\",\"inLanguage\":\"es\",\"@id\":\"https:\\\/\\\/secure.gravatar.com\\\/avatar\\\/a89f802b8de18c6952f223c88d3d106e9e3679839f4e25a02f4a6cc2ae6ba3b3?s=96&d=mm&r=g\",\"url\":\"https:\\\/\\\/secure.gravatar.com\\\/avatar\\\/a89f802b8de18c6952f223c88d3d106e9e3679839f4e25a02f4a6cc2ae6ba3b3?s=96&d=mm&r=g\",\"contentUrl\":\"https:\\\/\\\/secure.gravatar.com\\\/avatar\\\/a89f802b8de18c6952f223c88d3d106e9e3679839f4e25a02f4a6cc2ae6ba3b3?s=96&d=mm&r=g\",\"caption\":\"Expresso Metropolitano\"},\"url\":\"https:\\\/\\\/expressometro.mx\\\/index.php\\\/author\\\/diego\\\/\"}]}<\/script>\n<!-- \/ Yoast SEO plugin. -->","yoast_head_json":{"title":"UAEM\u00c9X FIRMA CONVENIO CON LA AGENCIA DIGITAL DEL ESTADO DE M\u00c9XICO EN FAVOR DE INNOVACIONES SOCIALES - Expresso Metropolitano","robots":{"index":"index","follow":"follow","max-snippet":"max-snippet:-1","max-image-preview":"max-image-preview:large","max-video-preview":"max-video-preview:-1"},"canonical":"https:\/\/expressometro.mx\/index.php\/2025\/01\/22\/uaemex-firma-convenio-con-la-agencia-digital-del-estado-de-mexico-en-favor-de-innovaciones-sociales\/","og_locale":"es_MX","og_type":"article","og_title":"UAEM\u00c9X FIRMA CONVENIO CON LA AGENCIA DIGITAL DEL ESTADO DE M\u00c9XICO EN FAVOR DE INNOVACIONES SOCIALES - Expresso Metropolitano","og_description":"Con el objetivo de facilitar el acceso universal al conocimiento, la Universidad Aut\u00f3noma del Estado de M\u00e9xico (UAEM\u00e9x) y la Agencia Digital del Estado de M\u00e9xico (ADEM) firmaron un Convenio General de Colaboraci\u00f3n que constituye una plataforma para elaborar soluciones sostenibles y equitativas a diversos retos que impone la digitalizaci\u00f3n.","og_url":"https:\/\/expressometro.mx\/index.php\/2025\/01\/22\/uaemex-firma-convenio-con-la-agencia-digital-del-estado-de-mexico-en-favor-de-innovaciones-sociales\/","og_site_name":"Expresso Metropolitano","article_published_time":"2025-01-23T00:11:53+00:00","article_modified_time":"2025-02-02T00:14:48+00:00","og_image":[{"width":800,"height":533,"url":"http:\/\/expressometro.mx\/wp-content\/uploads\/2025\/02\/WhatsApp-Image-2025-02-01-at-6.12.19-PM.jpeg","type":"image\/jpeg"}],"author":"Expresso Metropolitano","twitter_misc":{"Escrito por":"Expresso Metropolitano","Tiempo de lectura":"2 minutos"},"schema":{"@context":"https:\/\/schema.org","@graph":[{"@type":"Article","@id":"https:\/\/expressometro.mx\/index.php\/2025\/01\/22\/uaemex-firma-convenio-con-la-agencia-digital-del-estado-de-mexico-en-favor-de-innovaciones-sociales\/#article","isPartOf":{"@id":"https:\/\/expressometro.mx\/index.php\/2025\/01\/22\/uaemex-firma-convenio-con-la-agencia-digital-del-estado-de-mexico-en-favor-de-innovaciones-sociales\/"},"author":{"name":"Expresso Metropolitano","@id":"https:\/\/expressometro.mx\/#\/schema\/person\/efa971b4a0664db8ed5c22b1b0dd2f5d"},"headline":"UAEM\u00c9X FIRMA CONVENIO CON LA AGENCIA DIGITAL DEL ESTADO DE M\u00c9XICO EN FAVOR DE INNOVACIONES SOCIALES","datePublished":"2025-01-23T00:11:53+00:00","dateModified":"2025-02-02T00:14:48+00:00","mainEntityOfPage":{"@id":"https:\/\/expressometro.mx\/index.php\/2025\/01\/22\/uaemex-firma-convenio-con-la-agencia-digital-del-estado-de-mexico-en-favor-de-innovaciones-sociales\/"},"wordCount":405,"commentCount":0,"publisher":{"@id":"https:\/\/expressometro.mx\/#organization"},"image":{"@id":"https:\/\/expressometro.mx\/index.php\/2025\/01\/22\/uaemex-firma-convenio-con-la-agencia-digital-del-estado-de-mexico-en-favor-de-innovaciones-sociales\/#primaryimage"},"thumbnailUrl":"https:\/\/expressometro.mx\/wp-content\/uploads\/2025\/02\/WhatsApp-Image-2025-02-01-at-6.12.19-PM.jpeg","keywords":["Carlos Eduardo Barrera D\u00edaz","Edomex","GEM","UAEMex"],"articleSection":["Educaci\u00f3n","Gobierno","Otros","Pol\u00edtica"],"inLanguage":"es","potentialAction":[{"@type":"CommentAction","name":"Comment","target":["https:\/\/expressometro.mx\/index.php\/2025\/01\/22\/uaemex-firma-convenio-con-la-agencia-digital-del-estado-de-mexico-en-favor-de-innovaciones-sociales\/#respond"]}]},{"@type":"WebPage","@id":"https:\/\/expressometro.mx\/index.php\/2025\/01\/22\/uaemex-firma-convenio-con-la-agencia-digital-del-estado-de-mexico-en-favor-de-innovaciones-sociales\/","url":"https:\/\/expressometro.mx\/index.php\/2025\/01\/22\/uaemex-firma-convenio-con-la-agencia-digital-del-estado-de-mexico-en-favor-de-innovaciones-sociales\/","name":"UAEM\u00c9X FIRMA CONVENIO CON LA AGENCIA DIGITAL DEL ESTADO DE M\u00c9XICO EN FAVOR DE INNOVACIONES SOCIALES - Expresso Metropolitano","isPartOf":{"@id":"https:\/\/expressometro.mx\/#website"},"primaryImageOfPage":{"@id":"https:\/\/expressometro.mx\/index.php\/2025\/01\/22\/uaemex-firma-convenio-con-la-agencia-digital-del-estado-de-mexico-en-favor-de-innovaciones-sociales\/#primaryimage"},"image":{"@id":"https:\/\/expressometro.mx\/index.php\/2025\/01\/22\/uaemex-firma-convenio-con-la-agencia-digital-del-estado-de-mexico-en-favor-de-innovaciones-sociales\/#primaryimage"},"thumbnailUrl":"https:\/\/expressometro.mx\/wp-content\/uploads\/2025\/02\/WhatsApp-Image-2025-02-01-at-6.12.19-PM.jpeg","datePublished":"2025-01-23T00:11:53+00:00","dateModified":"2025-02-02T00:14:48+00:00","breadcrumb":{"@id":"https:\/\/expressometro.mx\/index.php\/2025\/01\/22\/uaemex-firma-convenio-con-la-agencia-digital-del-estado-de-mexico-en-favor-de-innovaciones-sociales\/#breadcrumb"},"inLanguage":"es","potentialAction":[{"@type":"ReadAction","target":["https:\/\/expressometro.mx\/index.php\/2025\/01\/22\/uaemex-firma-convenio-con-la-agencia-digital-del-estado-de-mexico-en-favor-de-innovaciones-sociales\/"]}]},{"@type":"ImageObject","inLanguage":"es","@id":"https:\/\/expressometro.mx\/index.php\/2025\/01\/22\/uaemex-firma-convenio-con-la-agencia-digital-del-estado-de-mexico-en-favor-de-innovaciones-sociales\/#primaryimage","url":"https:\/\/expressometro.mx\/wp-content\/uploads\/2025\/02\/WhatsApp-Image-2025-02-01-at-6.12.19-PM.jpeg","contentUrl":"https:\/\/expressometro.mx\/wp-content\/uploads\/2025\/02\/WhatsApp-Image-2025-02-01-at-6.12.19-PM.jpeg","width":800,"height":533},{"@type":"BreadcrumbList","@id":"https:\/\/expressometro.mx\/index.php\/2025\/01\/22\/uaemex-firma-convenio-con-la-agencia-digital-del-estado-de-mexico-en-favor-de-innovaciones-sociales\/#breadcrumb","itemListElement":[{"@type":"ListItem","position":1,"name":"Inicio","item":"https:\/\/expressometro.mx\/"},{"@type":"ListItem","position":2,"name":"UAEM\u00c9X FIRMA CONVENIO CON LA AGENCIA DIGITAL DEL ESTADO DE M\u00c9XICO EN FAVOR DE INNOVACIONES SOCIALES"}]},{"@type":"WebSite","@id":"https:\/\/expressometro.mx\/#website","url":"https:\/\/expressometro.mx\/","name":"Expresso Metropolitano","description":"Periodismo comprometido, informaci\u00f3n, investigaci\u00f3n y an\u00e1lisis","publisher":{"@id":"https:\/\/expressometro.mx\/#organization"},"potentialAction":[{"@type":"SearchAction","target":{"@type":"EntryPoint","urlTemplate":"https:\/\/expressometro.mx\/?s={search_term_string}"},"query-input":{"@type":"PropertyValueSpecification","valueRequired":true,"valueName":"search_term_string"}}],"inLanguage":"es"},{"@type":"Organization","@id":"https:\/\/expressometro.mx\/#organization","name":"Expresso Metropolitano","url":"https:\/\/expressometro.mx\/","logo":{"@type":"ImageObject","inLanguage":"es","@id":"https:\/\/expressometro.mx\/#\/schema\/logo\/image\/","url":"https:\/\/expressometro.mx\/wp-content\/uploads\/2019\/07\/cropped-Logo-Expresso-Metropolitano-1-1.jpeg","contentUrl":"https:\/\/expressometro.mx\/wp-content\/uploads\/2019\/07\/cropped-Logo-Expresso-Metropolitano-1-1.jpeg","width":290,"height":73,"caption":"Expresso Metropolitano"},"image":{"@id":"https:\/\/expressometro.mx\/#\/schema\/logo\/image\/"}},{"@type":"Person","@id":"https:\/\/expressometro.mx\/#\/schema\/person\/efa971b4a0664db8ed5c22b1b0dd2f5d","name":"Expresso Metropolitano","image":{"@type":"ImageObject","inLanguage":"es","@id":"https:\/\/secure.gravatar.com\/avatar\/a89f802b8de18c6952f223c88d3d106e9e3679839f4e25a02f4a6cc2ae6ba3b3?s=96&d=mm&r=g","url":"https:\/\/secure.gravatar.com\/avatar\/a89f802b8de18c6952f223c88d3d106e9e3679839f4e25a02f4a6cc2ae6ba3b3?s=96&d=mm&r=g","contentUrl":"https:\/\/secure.gravatar.com\/avatar\/a89f802b8de18c6952f223c88d3d106e9e3679839f4e25a02f4a6cc2ae6ba3b3?s=96&d=mm&r=g","caption":"Expresso Metropolitano"},"url":"https:\/\/expressometro.mx\/index.php\/author\/diego\/"}]}},"amp_enabled":true,"_links":{"self":[{"href":"https:\/\/expressometro.mx\/index.php\/wp-json\/wp\/v2\/posts\/10818","targetHints":{"allow":["GET"]}}],"collection":[{"href":"https:\/\/expressometro.mx\/index.php\/wp-json\/wp\/v2\/posts"}],"about":[{"href":"https:\/\/expressometro.mx\/index.php\/wp-json\/wp\/v2\/types\/post"}],"author":[{"embeddable":true,"href":"https:\/\/expressometro.mx\/index.php\/wp-json\/wp\/v2\/users\/1"}],"replies":[{"embeddable":true,"href":"https:\/\/expressometro.mx\/index.php\/wp-json\/wp\/v2\/comments?post=10818"}],"version-history":[{"count":1,"href":"https:\/\/expressometro.mx\/index.php\/wp-json\/wp\/v2\/posts\/10818\/revisions"}],"predecessor-version":[{"id":10822,"href":"https:\/\/expressometro.mx\/index.php\/wp-json\/wp\/v2\/posts\/10818\/revisions\/10822"}],"wp:featuredmedia":[{"embeddable":true,"href":"https:\/\/expressometro.mx\/index.php\/wp-json\/wp\/v2\/media\/10819"}],"wp:attachment":[{"href":"https:\/\/expressometro.mx\/index.php\/wp-json\/wp\/v2\/media?parent=10818"}],"wp:term":[{"taxonomy":"category","embeddable":true,"href":"https:\/\/expressometro.mx\/index.php\/wp-json\/wp\/v2\/categories?post=10818"},{"taxonomy":"post_tag","embeddable":true,"href":"https:\/\/expressometro.mx\/index.php\/wp-json\/wp\/v2\/tags?post=10818"}],"curies":[{"name":"wp","href":"https:\/\/api.w.org\/{rel}","templated":true}]}}