{"id":10800,"date":"2025-01-14T17:46:42","date_gmt":"2025-01-14T23:46:42","guid":{"rendered":"https:\/\/expressometro.mx\/?p=10800"},"modified":"2025-02-01T17:49:10","modified_gmt":"2025-02-01T23:49:10","slug":"uaemex-y-universidad-anahuac-establecen-lazos-de-colaboracion-para-el-fortalecimiento-de-la-produccion-cientifica","status":"publish","type":"post","link":"https:\/\/expressometro.mx\/index.php\/2025\/01\/14\/uaemex-y-universidad-anahuac-establecen-lazos-de-colaboracion-para-el-fortalecimiento-de-la-produccion-cientifica\/","title":{"rendered":"UAEM\u00c9X Y UNIVERSIDAD AN\u00c1HUAC ESTABLECEN LAZOS DE COLABORACI\u00d3N PARA EL FORTALECIMIENTO DE LA PRODUCCI\u00d3N CIENT\u00cdFICA"},"content":{"rendered":"\n<ul class=\"wp-block-list\">\n<li>La UAEM\u00e9x y la Universidad An\u00e1huac M\u00e9xico firmaron un Convenio General de Colaboraci\u00f3n que generar\u00e1 cambios e iniciativas a favor de la educaci\u00f3n y la investigaci\u00f3n.<\/li>\n<\/ul>\n\n\n\n<p>La Universidad Aut\u00f3noma del Estado de M\u00e9xico (UAEM\u00e9x) y la Universidad An\u00e1huac M\u00e9xico firmaron un Convenio General de Colaboraci\u00f3n, el cual fortalecer\u00e1 la producci\u00f3n cient\u00edfica y de conocimiento entre ambas instituciones de nivel superior.<\/p>\n\n\n\n<p>En la sala \u201cBenito Ju\u00e1rez Garc\u00eda\u201d del Edificio de Rector\u00eda, el rector de la UAEM\u00e9x, Carlos Eduardo Barrera D\u00edaz, acompa\u00f1ado del rector de la Universidad An\u00e1huac, M\u00e9xico, Cipriano S\u00e1nchez Garc\u00eda, expres\u00f3 que este ejercicio es resultado del llamado hecho por el gobierno federal a trav\u00e9s de la Secretar\u00eda de Ciencia, Humanidades, Tecnolog\u00eda e Innovaci\u00f3n (Secihti) para la creaci\u00f3n de alianzas entre instituciones de nivel superior con el prop\u00f3sito de generar cambios positivos a favor de la educaci\u00f3n e investigaci\u00f3n.<\/p>\n\n\n\n<figure class=\"wp-block-image size-large\"><img decoding=\"async\" width=\"320\" height=\"480\" src=\"https:\/\/expressometro.mx\/wp-content\/uploads\/2025\/02\/WhatsApp-Image-2025-02-01-at-5.47.17-PM-320x480.jpeg\" alt=\"\" class=\"wp-image-10803\" srcset=\"https:\/\/expressometro.mx\/wp-content\/uploads\/2025\/02\/WhatsApp-Image-2025-02-01-at-5.47.17-PM-320x480.jpeg 320w, https:\/\/expressometro.mx\/wp-content\/uploads\/2025\/02\/WhatsApp-Image-2025-02-01-at-5.47.17-PM-243x365.jpeg 243w, https:\/\/expressometro.mx\/wp-content\/uploads\/2025\/02\/WhatsApp-Image-2025-02-01-at-5.47.17-PM.jpeg 640w\" sizes=\"(max-width: 320px) 100vw, 320px\" \/><\/figure>\n\n\n\n<p>En este sentido, explic\u00f3 que la M\u00e1xima Casa de Estudios mexiquense ha trabajado arduamente para incrementar su matr\u00edcula con programas pertinentes y con un alto nivel educativo, resultado de ello es la reestructuraci\u00f3n conjunta para el Doctorado en Derecho Parlamentario por parte de la Facultad de Derecho, mientras que el programa de Inteligencia Artificial, inicialmente ofertado por la Facultad de Ingenier\u00eda, ahora tambi\u00e9n formar\u00e1 parte del Centro Universitario UAEM Valle de M\u00e9xico.<\/p>\n\n\n\n<p>Asimismo, Barrera D\u00edaz asever\u00f3 que, al establecer una relaci\u00f3n de confianza y amistad, se pondr\u00e1n en marcha algunas actividades de voluntariado y servicio comunitario, adem\u00e1s de trabajar de la mano con el Centro de Humanismo Mexicano y tratar cuestiones \u00e9ticas en el campo de la Medicina.<\/p>\n\n\n\n<p>\u201cCon la firma de este convenio, estamos sembrando las semillas de futuros logros para nuestras universidades, y vamos a reafirmar nuestro compromiso para seguir siendo una de las mejores instituciones de educaci\u00f3n p\u00fablica en M\u00e9xico\u201d, afirm\u00f3.<\/p>\n\n\n\n<p>Por su parte, S\u00e1nchez Garc\u00eda expres\u00f3 que las instituciones que trabajan por una misma visi\u00f3n son capaces de generar grandes acciones juntas para construir el bien basado en la \u00e9tica humana y al servicio de sus sociedades, pues solo de esta manera, el progreso puede ser posible.<\/p>\n\n\n\n<p>En este marco, asever\u00f3 que la alianza signada fortalecer\u00e1 el deporte universitario al generar encuentros deportivos entre los equipos de f\u00fatbol americano de ambas instituciones, pero a\u00fan m\u00e1s importante, atender\u00e1 las necesidades de la sociedad mexiquense y generar\u00e1 las oportunidades para llegar a quienes m\u00e1s lo necesitan, haciendo de la ciencia un horizonte para el bien com\u00fan.<\/p>\n\n\n\n<p>En su intervenci\u00f3n, el secretario de Docencia de la UAEM\u00e9x, Jos\u00e9 Raymundo Marcial Romero coment\u00f3 que en la b\u00fasqueda de hacer de la educaci\u00f3n un elemento clave en la superaci\u00f3n de todas y todos los mexiquenses y un factor de progreso se establecen las bases para la realizaci\u00f3n conjunta de intercambio y apoyo mutuo que beneficien a la sociedad, formando a las y los futuros profesionales que sus comunidades necesitan.<\/p>\n\n\n\n<p>Al acto asistieron el vicerrector acad\u00e9mico de la Universidad An\u00e1huac M\u00e9xico, Jos\u00e9 Pozos L\u00f3pez; el secretario de Extensi\u00f3n y Vinculaci\u00f3n de la UAEM\u00e9x, Francisco Zepeda Mondrag\u00f3n; integrantes del Gabinete Universitario y del Colegio de Directores, as\u00ed como la comunidad auriverde.<\/p>\n","protected":false},"excerpt":{"rendered":"<p>La UAEM\u00e9x y la Universidad An\u00e1huac M\u00e9xico firmaron un Convenio General de Colaboraci\u00f3n que generar\u00e1 cambios e iniciativas a favor de la educaci\u00f3n y la investigaci\u00f3n.<\/p>\n","protected":false},"author":1,"featured_media":10802,"comment_status":"open","ping_status":"open","sticky":false,"template":"","format":"standard","meta":{"footnotes":""},"categories":[108,3,1,231],"tags":[313,1982,86,82],"class_list":["post-10800","post","type-post","status-publish","format-standard","has-post-thumbnail","hentry","category-educacion","category-gobierno","category-otros","category-politica","tag-carlos-eduardo-barrera-diaz","tag-edomex","tag-gem","tag-uaemex"],"yoast_head":"<!-- This site is optimized with the Yoast SEO plugin v27.4 - https:\/\/yoast.com\/product\/yoast-seo-wordpress\/ -->\n<title>UAEM\u00c9X Y UNIVERSIDAD AN\u00c1HUAC ESTABLECEN LAZOS DE COLABORACI\u00d3N PARA EL FORTALECIMIENTO DE LA PRODUCCI\u00d3N CIENT\u00cdFICA - Expresso Metropolitano<\/title>\n<meta name=\"robots\" content=\"index, follow, max-snippet:-1, max-image-preview:large, max-video-preview:-1\" \/>\n<link rel=\"canonical\" href=\"https:\/\/expressometro.mx\/index.php\/2025\/01\/14\/uaemex-y-universidad-anahuac-establecen-lazos-de-colaboracion-para-el-fortalecimiento-de-la-produccion-cientifica\/\" \/>\n<meta property=\"og:locale\" content=\"es_MX\" \/>\n<meta property=\"og:type\" content=\"article\" \/>\n<meta property=\"og:title\" content=\"UAEM\u00c9X Y UNIVERSIDAD AN\u00c1HUAC ESTABLECEN LAZOS DE COLABORACI\u00d3N PARA EL FORTALECIMIENTO DE LA PRODUCCI\u00d3N CIENT\u00cdFICA - Expresso Metropolitano\" \/>\n<meta property=\"og:description\" content=\"La UAEM\u00e9x y la Universidad An\u00e1huac M\u00e9xico firmaron un Convenio General de Colaboraci\u00f3n que generar\u00e1 cambios e iniciativas a favor de la educaci\u00f3n y la investigaci\u00f3n.\" \/>\n<meta property=\"og:url\" content=\"https:\/\/expressometro.mx\/index.php\/2025\/01\/14\/uaemex-y-universidad-anahuac-establecen-lazos-de-colaboracion-para-el-fortalecimiento-de-la-produccion-cientifica\/\" \/>\n<meta property=\"og:site_name\" content=\"Expresso Metropolitano\" \/>\n<meta property=\"article:published_time\" content=\"2025-01-14T23:46:42+00:00\" \/>\n<meta property=\"article:modified_time\" content=\"2025-02-01T23:49:10+00:00\" \/>\n<meta property=\"og:image\" content=\"http:\/\/expressometro.mx\/wp-content\/uploads\/2025\/02\/WhatsApp-Image-2025-02-01-at-5.47.29-PM.jpeg\" \/>\n\t<meta property=\"og:image:width\" content=\"800\" \/>\n\t<meta property=\"og:image:height\" content=\"533\" \/>\n\t<meta property=\"og:image:type\" content=\"image\/jpeg\" \/>\n<meta name=\"author\" content=\"Expresso Metropolitano\" \/>\n<meta name=\"twitter:label1\" content=\"Escrito por\" \/>\n\t<meta name=\"twitter:data1\" content=\"Expresso Metropolitano\" \/>\n\t<meta name=\"twitter:label2\" content=\"Tiempo de lectura\" \/>\n\t<meta name=\"twitter:data2\" content=\"3 minutos\" \/>\n<script type=\"application\/ld+json\" class=\"yoast-schema-graph\">{\"@context\":\"https:\\\/\\\/schema.org\",\"@graph\":[{\"@type\":\"Article\",\"@id\":\"https:\\\/\\\/expressometro.mx\\\/index.php\\\/2025\\\/01\\\/14\\\/uaemex-y-universidad-anahuac-establecen-lazos-de-colaboracion-para-el-fortalecimiento-de-la-produccion-cientifica\\\/#article\",\"isPartOf\":{\"@id\":\"https:\\\/\\\/expressometro.mx\\\/index.php\\\/2025\\\/01\\\/14\\\/uaemex-y-universidad-anahuac-establecen-lazos-de-colaboracion-para-el-fortalecimiento-de-la-produccion-cientifica\\\/\"},\"author\":{\"name\":\"Expresso Metropolitano\",\"@id\":\"https:\\\/\\\/expressometro.mx\\\/#\\\/schema\\\/person\\\/efa971b4a0664db8ed5c22b1b0dd2f5d\"},\"headline\":\"UAEM\u00c9X Y UNIVERSIDAD AN\u00c1HUAC ESTABLECEN LAZOS DE COLABORACI\u00d3N PARA EL FORTALECIMIENTO DE LA PRODUCCI\u00d3N CIENT\u00cdFICA\",\"datePublished\":\"2025-01-14T23:46:42+00:00\",\"dateModified\":\"2025-02-01T23:49:10+00:00\",\"mainEntityOfPage\":{\"@id\":\"https:\\\/\\\/expressometro.mx\\\/index.php\\\/2025\\\/01\\\/14\\\/uaemex-y-universidad-anahuac-establecen-lazos-de-colaboracion-para-el-fortalecimiento-de-la-produccion-cientifica\\\/\"},\"wordCount\":594,\"commentCount\":0,\"publisher\":{\"@id\":\"https:\\\/\\\/expressometro.mx\\\/#organization\"},\"image\":{\"@id\":\"https:\\\/\\\/expressometro.mx\\\/index.php\\\/2025\\\/01\\\/14\\\/uaemex-y-universidad-anahuac-establecen-lazos-de-colaboracion-para-el-fortalecimiento-de-la-produccion-cientifica\\\/#primaryimage\"},\"thumbnailUrl\":\"https:\\\/\\\/expressometro.mx\\\/wp-content\\\/uploads\\\/2025\\\/02\\\/WhatsApp-Image-2025-02-01-at-5.47.29-PM.jpeg\",\"keywords\":[\"Carlos Eduardo Barrera D\u00edaz\",\"Edomex\",\"GEM\",\"UAEMex\"],\"articleSection\":[\"Educaci\u00f3n\",\"Gobierno\",\"Otros\",\"Pol\u00edtica\"],\"inLanguage\":\"es\",\"potentialAction\":[{\"@type\":\"CommentAction\",\"name\":\"Comment\",\"target\":[\"https:\\\/\\\/expressometro.mx\\\/index.php\\\/2025\\\/01\\\/14\\\/uaemex-y-universidad-anahuac-establecen-lazos-de-colaboracion-para-el-fortalecimiento-de-la-produccion-cientifica\\\/#respond\"]}]},{\"@type\":\"WebPage\",\"@id\":\"https:\\\/\\\/expressometro.mx\\\/index.php\\\/2025\\\/01\\\/14\\\/uaemex-y-universidad-anahuac-establecen-lazos-de-colaboracion-para-el-fortalecimiento-de-la-produccion-cientifica\\\/\",\"url\":\"https:\\\/\\\/expressometro.mx\\\/index.php\\\/2025\\\/01\\\/14\\\/uaemex-y-universidad-anahuac-establecen-lazos-de-colaboracion-para-el-fortalecimiento-de-la-produccion-cientifica\\\/\",\"name\":\"UAEM\u00c9X Y UNIVERSIDAD AN\u00c1HUAC ESTABLECEN LAZOS DE COLABORACI\u00d3N PARA EL FORTALECIMIENTO DE LA PRODUCCI\u00d3N CIENT\u00cdFICA - Expresso Metropolitano\",\"isPartOf\":{\"@id\":\"https:\\\/\\\/expressometro.mx\\\/#website\"},\"primaryImageOfPage\":{\"@id\":\"https:\\\/\\\/expressometro.mx\\\/index.php\\\/2025\\\/01\\\/14\\\/uaemex-y-universidad-anahuac-establecen-lazos-de-colaboracion-para-el-fortalecimiento-de-la-produccion-cientifica\\\/#primaryimage\"},\"image\":{\"@id\":\"https:\\\/\\\/expressometro.mx\\\/index.php\\\/2025\\\/01\\\/14\\\/uaemex-y-universidad-anahuac-establecen-lazos-de-colaboracion-para-el-fortalecimiento-de-la-produccion-cientifica\\\/#primaryimage\"},\"thumbnailUrl\":\"https:\\\/\\\/expressometro.mx\\\/wp-content\\\/uploads\\\/2025\\\/02\\\/WhatsApp-Image-2025-02-01-at-5.47.29-PM.jpeg\",\"datePublished\":\"2025-01-14T23:46:42+00:00\",\"dateModified\":\"2025-02-01T23:49:10+00:00\",\"breadcrumb\":{\"@id\":\"https:\\\/\\\/expressometro.mx\\\/index.php\\\/2025\\\/01\\\/14\\\/uaemex-y-universidad-anahuac-establecen-lazos-de-colaboracion-para-el-fortalecimiento-de-la-produccion-cientifica\\\/#breadcrumb\"},\"inLanguage\":\"es\",\"potentialAction\":[{\"@type\":\"ReadAction\",\"target\":[\"https:\\\/\\\/expressometro.mx\\\/index.php\\\/2025\\\/01\\\/14\\\/uaemex-y-universidad-anahuac-establecen-lazos-de-colaboracion-para-el-fortalecimiento-de-la-produccion-cientifica\\\/\"]}]},{\"@type\":\"ImageObject\",\"inLanguage\":\"es\",\"@id\":\"https:\\\/\\\/expressometro.mx\\\/index.php\\\/2025\\\/01\\\/14\\\/uaemex-y-universidad-anahuac-establecen-lazos-de-colaboracion-para-el-fortalecimiento-de-la-produccion-cientifica\\\/#primaryimage\",\"url\":\"https:\\\/\\\/expressometro.mx\\\/wp-content\\\/uploads\\\/2025\\\/02\\\/WhatsApp-Image-2025-02-01-at-5.47.29-PM.jpeg\",\"contentUrl\":\"https:\\\/\\\/expressometro.mx\\\/wp-content\\\/uploads\\\/2025\\\/02\\\/WhatsApp-Image-2025-02-01-at-5.47.29-PM.jpeg\",\"width\":800,\"height\":533},{\"@type\":\"BreadcrumbList\",\"@id\":\"https:\\\/\\\/expressometro.mx\\\/index.php\\\/2025\\\/01\\\/14\\\/uaemex-y-universidad-anahuac-establecen-lazos-de-colaboracion-para-el-fortalecimiento-de-la-produccion-cientifica\\\/#breadcrumb\",\"itemListElement\":[{\"@type\":\"ListItem\",\"position\":1,\"name\":\"Inicio\",\"item\":\"https:\\\/\\\/expressometro.mx\\\/\"},{\"@type\":\"ListItem\",\"position\":2,\"name\":\"UAEM\u00c9X Y UNIVERSIDAD AN\u00c1HUAC ESTABLECEN LAZOS DE COLABORACI\u00d3N PARA EL FORTALECIMIENTO DE LA PRODUCCI\u00d3N CIENT\u00cdFICA\"}]},{\"@type\":\"WebSite\",\"@id\":\"https:\\\/\\\/expressometro.mx\\\/#website\",\"url\":\"https:\\\/\\\/expressometro.mx\\\/\",\"name\":\"Expresso Metropolitano\",\"description\":\"Periodismo comprometido, informaci\u00f3n, investigaci\u00f3n y an\u00e1lisis\",\"publisher\":{\"@id\":\"https:\\\/\\\/expressometro.mx\\\/#organization\"},\"potentialAction\":[{\"@type\":\"SearchAction\",\"target\":{\"@type\":\"EntryPoint\",\"urlTemplate\":\"https:\\\/\\\/expressometro.mx\\\/?s={search_term_string}\"},\"query-input\":{\"@type\":\"PropertyValueSpecification\",\"valueRequired\":true,\"valueName\":\"search_term_string\"}}],\"inLanguage\":\"es\"},{\"@type\":\"Organization\",\"@id\":\"https:\\\/\\\/expressometro.mx\\\/#organization\",\"name\":\"Expresso Metropolitano\",\"url\":\"https:\\\/\\\/expressometro.mx\\\/\",\"logo\":{\"@type\":\"ImageObject\",\"inLanguage\":\"es\",\"@id\":\"https:\\\/\\\/expressometro.mx\\\/#\\\/schema\\\/logo\\\/image\\\/\",\"url\":\"https:\\\/\\\/expressometro.mx\\\/wp-content\\\/uploads\\\/2019\\\/07\\\/cropped-Logo-Expresso-Metropolitano-1-1.jpeg\",\"contentUrl\":\"https:\\\/\\\/expressometro.mx\\\/wp-content\\\/uploads\\\/2019\\\/07\\\/cropped-Logo-Expresso-Metropolitano-1-1.jpeg\",\"width\":290,\"height\":73,\"caption\":\"Expresso Metropolitano\"},\"image\":{\"@id\":\"https:\\\/\\\/expressometro.mx\\\/#\\\/schema\\\/logo\\\/image\\\/\"}},{\"@type\":\"Person\",\"@id\":\"https:\\\/\\\/expressometro.mx\\\/#\\\/schema\\\/person\\\/efa971b4a0664db8ed5c22b1b0dd2f5d\",\"name\":\"Expresso Metropolitano\",\"image\":{\"@type\":\"ImageObject\",\"inLanguage\":\"es\",\"@id\":\"https:\\\/\\\/secure.gravatar.com\\\/avatar\\\/a89f802b8de18c6952f223c88d3d106e9e3679839f4e25a02f4a6cc2ae6ba3b3?s=96&d=mm&r=g\",\"url\":\"https:\\\/\\\/secure.gravatar.com\\\/avatar\\\/a89f802b8de18c6952f223c88d3d106e9e3679839f4e25a02f4a6cc2ae6ba3b3?s=96&d=mm&r=g\",\"contentUrl\":\"https:\\\/\\\/secure.gravatar.com\\\/avatar\\\/a89f802b8de18c6952f223c88d3d106e9e3679839f4e25a02f4a6cc2ae6ba3b3?s=96&d=mm&r=g\",\"caption\":\"Expresso Metropolitano\"},\"url\":\"https:\\\/\\\/expressometro.mx\\\/index.php\\\/author\\\/diego\\\/\"}]}<\/script>\n<!-- \/ Yoast SEO plugin. -->","yoast_head_json":{"title":"UAEM\u00c9X Y UNIVERSIDAD AN\u00c1HUAC ESTABLECEN LAZOS DE COLABORACI\u00d3N PARA EL FORTALECIMIENTO DE LA PRODUCCI\u00d3N CIENT\u00cdFICA - Expresso Metropolitano","robots":{"index":"index","follow":"follow","max-snippet":"max-snippet:-1","max-image-preview":"max-image-preview:large","max-video-preview":"max-video-preview:-1"},"canonical":"https:\/\/expressometro.mx\/index.php\/2025\/01\/14\/uaemex-y-universidad-anahuac-establecen-lazos-de-colaboracion-para-el-fortalecimiento-de-la-produccion-cientifica\/","og_locale":"es_MX","og_type":"article","og_title":"UAEM\u00c9X Y UNIVERSIDAD AN\u00c1HUAC ESTABLECEN LAZOS DE COLABORACI\u00d3N PARA EL FORTALECIMIENTO DE LA PRODUCCI\u00d3N CIENT\u00cdFICA - Expresso Metropolitano","og_description":"La UAEM\u00e9x y la Universidad An\u00e1huac M\u00e9xico firmaron un Convenio General de Colaboraci\u00f3n que generar\u00e1 cambios e iniciativas a favor de la educaci\u00f3n y la investigaci\u00f3n.","og_url":"https:\/\/expressometro.mx\/index.php\/2025\/01\/14\/uaemex-y-universidad-anahuac-establecen-lazos-de-colaboracion-para-el-fortalecimiento-de-la-produccion-cientifica\/","og_site_name":"Expresso Metropolitano","article_published_time":"2025-01-14T23:46:42+00:00","article_modified_time":"2025-02-01T23:49:10+00:00","og_image":[{"width":800,"height":533,"url":"http:\/\/expressometro.mx\/wp-content\/uploads\/2025\/02\/WhatsApp-Image-2025-02-01-at-5.47.29-PM.jpeg","type":"image\/jpeg"}],"author":"Expresso Metropolitano","twitter_misc":{"Escrito por":"Expresso Metropolitano","Tiempo de lectura":"3 minutos"},"schema":{"@context":"https:\/\/schema.org","@graph":[{"@type":"Article","@id":"https:\/\/expressometro.mx\/index.php\/2025\/01\/14\/uaemex-y-universidad-anahuac-establecen-lazos-de-colaboracion-para-el-fortalecimiento-de-la-produccion-cientifica\/#article","isPartOf":{"@id":"https:\/\/expressometro.mx\/index.php\/2025\/01\/14\/uaemex-y-universidad-anahuac-establecen-lazos-de-colaboracion-para-el-fortalecimiento-de-la-produccion-cientifica\/"},"author":{"name":"Expresso Metropolitano","@id":"https:\/\/expressometro.mx\/#\/schema\/person\/efa971b4a0664db8ed5c22b1b0dd2f5d"},"headline":"UAEM\u00c9X Y UNIVERSIDAD AN\u00c1HUAC ESTABLECEN LAZOS DE COLABORACI\u00d3N PARA EL FORTALECIMIENTO DE LA PRODUCCI\u00d3N CIENT\u00cdFICA","datePublished":"2025-01-14T23:46:42+00:00","dateModified":"2025-02-01T23:49:10+00:00","mainEntityOfPage":{"@id":"https:\/\/expressometro.mx\/index.php\/2025\/01\/14\/uaemex-y-universidad-anahuac-establecen-lazos-de-colaboracion-para-el-fortalecimiento-de-la-produccion-cientifica\/"},"wordCount":594,"commentCount":0,"publisher":{"@id":"https:\/\/expressometro.mx\/#organization"},"image":{"@id":"https:\/\/expressometro.mx\/index.php\/2025\/01\/14\/uaemex-y-universidad-anahuac-establecen-lazos-de-colaboracion-para-el-fortalecimiento-de-la-produccion-cientifica\/#primaryimage"},"thumbnailUrl":"https:\/\/expressometro.mx\/wp-content\/uploads\/2025\/02\/WhatsApp-Image-2025-02-01-at-5.47.29-PM.jpeg","keywords":["Carlos Eduardo Barrera D\u00edaz","Edomex","GEM","UAEMex"],"articleSection":["Educaci\u00f3n","Gobierno","Otros","Pol\u00edtica"],"inLanguage":"es","potentialAction":[{"@type":"CommentAction","name":"Comment","target":["https:\/\/expressometro.mx\/index.php\/2025\/01\/14\/uaemex-y-universidad-anahuac-establecen-lazos-de-colaboracion-para-el-fortalecimiento-de-la-produccion-cientifica\/#respond"]}]},{"@type":"WebPage","@id":"https:\/\/expressometro.mx\/index.php\/2025\/01\/14\/uaemex-y-universidad-anahuac-establecen-lazos-de-colaboracion-para-el-fortalecimiento-de-la-produccion-cientifica\/","url":"https:\/\/expressometro.mx\/index.php\/2025\/01\/14\/uaemex-y-universidad-anahuac-establecen-lazos-de-colaboracion-para-el-fortalecimiento-de-la-produccion-cientifica\/","name":"UAEM\u00c9X Y UNIVERSIDAD AN\u00c1HUAC ESTABLECEN LAZOS DE COLABORACI\u00d3N PARA EL FORTALECIMIENTO DE LA PRODUCCI\u00d3N CIENT\u00cdFICA - Expresso Metropolitano","isPartOf":{"@id":"https:\/\/expressometro.mx\/#website"},"primaryImageOfPage":{"@id":"https:\/\/expressometro.mx\/index.php\/2025\/01\/14\/uaemex-y-universidad-anahuac-establecen-lazos-de-colaboracion-para-el-fortalecimiento-de-la-produccion-cientifica\/#primaryimage"},"image":{"@id":"https:\/\/expressometro.mx\/index.php\/2025\/01\/14\/uaemex-y-universidad-anahuac-establecen-lazos-de-colaboracion-para-el-fortalecimiento-de-la-produccion-cientifica\/#primaryimage"},"thumbnailUrl":"https:\/\/expressometro.mx\/wp-content\/uploads\/2025\/02\/WhatsApp-Image-2025-02-01-at-5.47.29-PM.jpeg","datePublished":"2025-01-14T23:46:42+00:00","dateModified":"2025-02-01T23:49:10+00:00","breadcrumb":{"@id":"https:\/\/expressometro.mx\/index.php\/2025\/01\/14\/uaemex-y-universidad-anahuac-establecen-lazos-de-colaboracion-para-el-fortalecimiento-de-la-produccion-cientifica\/#breadcrumb"},"inLanguage":"es","potentialAction":[{"@type":"ReadAction","target":["https:\/\/expressometro.mx\/index.php\/2025\/01\/14\/uaemex-y-universidad-anahuac-establecen-lazos-de-colaboracion-para-el-fortalecimiento-de-la-produccion-cientifica\/"]}]},{"@type":"ImageObject","inLanguage":"es","@id":"https:\/\/expressometro.mx\/index.php\/2025\/01\/14\/uaemex-y-universidad-anahuac-establecen-lazos-de-colaboracion-para-el-fortalecimiento-de-la-produccion-cientifica\/#primaryimage","url":"https:\/\/expressometro.mx\/wp-content\/uploads\/2025\/02\/WhatsApp-Image-2025-02-01-at-5.47.29-PM.jpeg","contentUrl":"https:\/\/expressometro.mx\/wp-content\/uploads\/2025\/02\/WhatsApp-Image-2025-02-01-at-5.47.29-PM.jpeg","width":800,"height":533},{"@type":"BreadcrumbList","@id":"https:\/\/expressometro.mx\/index.php\/2025\/01\/14\/uaemex-y-universidad-anahuac-establecen-lazos-de-colaboracion-para-el-fortalecimiento-de-la-produccion-cientifica\/#breadcrumb","itemListElement":[{"@type":"ListItem","position":1,"name":"Inicio","item":"https:\/\/expressometro.mx\/"},{"@type":"ListItem","position":2,"name":"UAEM\u00c9X Y UNIVERSIDAD AN\u00c1HUAC ESTABLECEN LAZOS DE COLABORACI\u00d3N PARA EL FORTALECIMIENTO DE LA PRODUCCI\u00d3N CIENT\u00cdFICA"}]},{"@type":"WebSite","@id":"https:\/\/expressometro.mx\/#website","url":"https:\/\/expressometro.mx\/","name":"Expresso Metropolitano","description":"Periodismo comprometido, informaci\u00f3n, investigaci\u00f3n y an\u00e1lisis","publisher":{"@id":"https:\/\/expressometro.mx\/#organization"},"potentialAction":[{"@type":"SearchAction","target":{"@type":"EntryPoint","urlTemplate":"https:\/\/expressometro.mx\/?s={search_term_string}"},"query-input":{"@type":"PropertyValueSpecification","valueRequired":true,"valueName":"search_term_string"}}],"inLanguage":"es"},{"@type":"Organization","@id":"https:\/\/expressometro.mx\/#organization","name":"Expresso Metropolitano","url":"https:\/\/expressometro.mx\/","logo":{"@type":"ImageObject","inLanguage":"es","@id":"https:\/\/expressometro.mx\/#\/schema\/logo\/image\/","url":"https:\/\/expressometro.mx\/wp-content\/uploads\/2019\/07\/cropped-Logo-Expresso-Metropolitano-1-1.jpeg","contentUrl":"https:\/\/expressometro.mx\/wp-content\/uploads\/2019\/07\/cropped-Logo-Expresso-Metropolitano-1-1.jpeg","width":290,"height":73,"caption":"Expresso Metropolitano"},"image":{"@id":"https:\/\/expressometro.mx\/#\/schema\/logo\/image\/"}},{"@type":"Person","@id":"https:\/\/expressometro.mx\/#\/schema\/person\/efa971b4a0664db8ed5c22b1b0dd2f5d","name":"Expresso Metropolitano","image":{"@type":"ImageObject","inLanguage":"es","@id":"https:\/\/secure.gravatar.com\/avatar\/a89f802b8de18c6952f223c88d3d106e9e3679839f4e25a02f4a6cc2ae6ba3b3?s=96&d=mm&r=g","url":"https:\/\/secure.gravatar.com\/avatar\/a89f802b8de18c6952f223c88d3d106e9e3679839f4e25a02f4a6cc2ae6ba3b3?s=96&d=mm&r=g","contentUrl":"https:\/\/secure.gravatar.com\/avatar\/a89f802b8de18c6952f223c88d3d106e9e3679839f4e25a02f4a6cc2ae6ba3b3?s=96&d=mm&r=g","caption":"Expresso Metropolitano"},"url":"https:\/\/expressometro.mx\/index.php\/author\/diego\/"}]}},"amp_enabled":true,"_links":{"self":[{"href":"https:\/\/expressometro.mx\/index.php\/wp-json\/wp\/v2\/posts\/10800","targetHints":{"allow":["GET"]}}],"collection":[{"href":"https:\/\/expressometro.mx\/index.php\/wp-json\/wp\/v2\/posts"}],"about":[{"href":"https:\/\/expressometro.mx\/index.php\/wp-json\/wp\/v2\/types\/post"}],"author":[{"embeddable":true,"href":"https:\/\/expressometro.mx\/index.php\/wp-json\/wp\/v2\/users\/1"}],"replies":[{"embeddable":true,"href":"https:\/\/expressometro.mx\/index.php\/wp-json\/wp\/v2\/comments?post=10800"}],"version-history":[{"count":1,"href":"https:\/\/expressometro.mx\/index.php\/wp-json\/wp\/v2\/posts\/10800\/revisions"}],"predecessor-version":[{"id":10804,"href":"https:\/\/expressometro.mx\/index.php\/wp-json\/wp\/v2\/posts\/10800\/revisions\/10804"}],"wp:featuredmedia":[{"embeddable":true,"href":"https:\/\/expressometro.mx\/index.php\/wp-json\/wp\/v2\/media\/10802"}],"wp:attachment":[{"href":"https:\/\/expressometro.mx\/index.php\/wp-json\/wp\/v2\/media?parent=10800"}],"wp:term":[{"taxonomy":"category","embeddable":true,"href":"https:\/\/expressometro.mx\/index.php\/wp-json\/wp\/v2\/categories?post=10800"},{"taxonomy":"post_tag","embeddable":true,"href":"https:\/\/expressometro.mx\/index.php\/wp-json\/wp\/v2\/tags?post=10800"}],"curies":[{"name":"wp","href":"https:\/\/api.w.org\/{rel}","templated":true}]}}