{"id":108,"date":"2019-08-10T01:26:47","date_gmt":"2019-08-10T06:26:47","guid":{"rendered":"http:\/\/expressometro.mx\/?p=108"},"modified":"2019-09-25T10:43:53","modified_gmt":"2019-09-25T15:43:53","slug":"gobierno-izcallense-trabaja-para-mejorar-las-condiciones-de-seguridad-en-el-municipio","status":"publish","type":"post","link":"https:\/\/expressometro.mx\/index.php\/2019\/08\/10\/gobierno-izcallense-trabaja-para-mejorar-las-condiciones-de-seguridad-en-el-municipio\/","title":{"rendered":"Gobierno izcallense trabaja para mejorar las condiciones de seguridad en el municipio"},"content":{"rendered":"\n<p>El Concejo Municipal de Seguridad P\u00fablica de Cuautitl\u00e1n Izcalli celebr\u00f3 su cuarta sesi\u00f3n ordinaria, en la que fue presentado el primer informe de actividades de diferentes comisiones, as\u00ed como avances del Programa Municipal de Prevenci\u00f3n Social de la Violencia y la Delincuencia, con Participaci\u00f3n Ciudadana.<\/p>\n\n\n\n<p>El alcalde, Ricardo N\u00fa\u00f1ez Ayala, quien preside el Concejo, agradeci\u00f3 la presencia de los que representan a diferentes sectores de la sociedad, as\u00ed como de los tres \u00f3rdenes de gobierno, que se encuentran reunidos con un mismo objetivo: \u201cmejorar las condiciones de seguridad en el municipio\u201d.<\/p>\n\n\n\n<p>La primera en rendir su informe semestral fue Yeimy Viridiana Rosas Rojas, presidenta de la Comisi\u00f3n de Honor y Justicia de la Comisar\u00eda General de Seguridad P\u00fablica y Tr\u00e1nsito Municipal, encargada de llevar a cabo todos los procedimientos mediante los cuales se resuelve la suspensi\u00f3n temporal, la separaci\u00f3n, remoci\u00f3n, baja o cese de cualquier elemento que est\u00e9 adscrito a la Comisar\u00eda, as\u00ed como la recepci\u00f3n de las quejas ciudadanas de lo que consideran, presuntamente, un abuso de autoridad.<\/p>\n\n\n\n<p>En enero de 2019 el \u00e1rea recibi\u00f3 799 archivos que fueron revisados y de las cuales se observaron un total de 102 expedientes con irregularidades que se entregaron a la Contralor\u00eda Municipal. A partir de febrero y hasta junio, se recibieron 41 quejas ciudadanas, se brind\u00f3 asesor\u00eda a 47 izcallenses de manera presencial y 40 personas fueron atendidas v\u00eda telef\u00f3nica.<\/p>\n\n\n\n<p>Por su parte, Elizabeth Barr\u00f3n Urbina, titular de la Coordinaci\u00f3n de Formaci\u00f3n Policial y secretaria t\u00e9cnica de la Comisi\u00f3n, rindi\u00f3 informe de la Comisi\u00f3n del Servicio Profesional de Carrera Polic\u00edaca.<\/p>\n\n\n\n<p>Debido a la poca contrataci\u00f3n de elementos polic\u00edacos a lo largo de las diferentes administraciones anteriores, Elizabeth Barr\u00f3n coment\u00f3 que no son suficientes los 650 polic\u00edas con los que actualmente cuenta el municipio, cuyo promedio de edad es de 50 a\u00f1os, mientras que el 20% se encuentra ya en proceso de jubilaci\u00f3n.<\/p>\n\n\n\n<p>Por ello se realiz\u00f3 un proceso de reclutamiento, en el que se brind\u00f3 atenci\u00f3n a 90 aspirantes, hubo una selecci\u00f3n de 30 personas, de las cuales s\u00f3lo 15 aprobaron los ex\u00e1menes necesarios incluyendo los de confianza. Barr\u00f3n Urbina, con m\u00e1s de 19 a\u00f1os en la Polic\u00eda Federal, coment\u00f3 que, aunque es baja la cantidad de polic\u00edas reclutados, cumplen todas las expectativas y el perfil requerido para ser los mejores elementos dentro de la Comisar\u00eda.<\/p>\n\n\n\n<p>Entre otras actividades de acondicionamiento en el cuerpo polic\u00edaco, se realizaron capacitaciones en competencias polic\u00edacas; formaci\u00f3n, curso b\u00e1sico de formaci\u00f3n inicial para elementos en activo; evaluaciones del desempe\u00f1o policial; equidad de g\u00e9nero y derechos humanos; algunos de estos cursos obligatorios son indispensables para la Certificaci\u00f3n \u00danica Policial.<\/p>\n\n\n\n<p>Por otra parte, el presidente municipal, Ricardo N\u00fa\u00f1ez, turn\u00f3 a la Comisi\u00f3n del Servicio Profesional de Carrera Polic\u00edaca el reglamento que tiene fecha de diciembre del 2014, a efecto de que se analice, revise y actualice.<\/p>\n\n\n\n<p>El informe de la Comisi\u00f3n de Prevenci\u00f3n Social de la Violencia y de la Delincuencia con Participaci\u00f3n Ciudadana fue rendido por el secretario t\u00e9cnico Jos\u00e9 Amaya Hern\u00e1ndez, titular de la Coordinaci\u00f3n de Conductas Antisociales de la Comisar\u00eda.<\/p>\n\n\n\n<p>Jos\u00e9 Amaya expuso que, de acuerdo con encuestas realizadas en diferentes jornadas, el 40 por ciento de la poblaci\u00f3n izcallense se siente insegura dentro del municipio, por lo que se efectuaron 11 campa\u00f1as de Prevenci\u00f3n del Delito en las colonias que reportan mayor \u00edndice delictivo.<br><br>Tambi\u00e9n dieron 122 asesor\u00edas psicol\u00f3gicas y jur\u00eddicas, 10 actividades para la recuperaci\u00f3n de espacios p\u00fablicos, 125 actividades de proximidad social, as\u00ed como 560 cursos en materia de prevenci\u00f3n del delito, que han impactado a 14 mil 100 ciudadanos de escuelas, empresas y sociedad civil.<\/p>\n\n\n\n<p>De igual forma, en colaboraci\u00f3n con la Defensor\u00eda Municipal de Derechos Humanos, se realizaron 66 incursiones del Operativo Mochila, impactando a 26 mil 516 alumnos, adem\u00e1s de implementar el programa de Prevenci\u00f3n de Violencia Escolar, impartido en nueve instituciones educativas. Fueron impactados 5 mil 45 alumnos.<\/p>\n\n\n\n<p>El titular de de la Coordinaci\u00f3n de Conductas Antisociales de la Comisar\u00eda, comento tambi\u00e9n que mediante el Programa de Prevenci\u00f3n de Violencia Familiar y de G\u00e9nero, se trabaj\u00f3 con 90 familias identificadas, con la colaboraci\u00f3n de la Unidad Especializada de Atenci\u00f3n de G\u00e9nero, el Instituto Municipal para la Igualdad Entre Mujeres y Hombres (IMIEMH), y el Sistema Municipal para el Desarrollo Integral de la Familia (DIF) Izcalli.<\/p>\n\n\n\n<p>En este sentido, al reconocer las causas que dan origen a la delincuencia y la violencia, se someti\u00f3 a votaci\u00f3n un acuerdo que tiene como objeto intervenir en las comunidades del municipio, principalmente en aquellas con alto \u00edndice delictivo, bajo la perspectiva de prevenci\u00f3n del delito, coordinaci\u00f3n y transversalidad.<\/p>\n\n\n\n<p>El secretario t\u00e9cnico del Concejo, Gregorio Res\u00e9ndiz Res\u00e9ndiz, coment\u00f3 los avances del Programa Municipal de Prevenci\u00f3n de la Violencia y la Delincuencia con Participaci\u00f3n Ciudadana, mediante el cual se recuperaron las opiniones e inquietudes de los izcallenses, a trav\u00e9s de foros de consulta. Dijo que para el municipio, la seguridad p\u00fablica debe verse y tratarse desde una perspectiva integral, donde participen gobierno y sociedad, por lo que se han realizado diferentes acciones, en coordinaci\u00f3n con direcciones del Ayuntamiento.<\/p>\n\n\n\n<p>De tal manera que la Comisar\u00eda General de Seguridad P\u00fablica y Tr\u00e1nsito, tienen como tarea actualizar el mapa criminol\u00f3gico, certificar a los elementos de seguridad p\u00fablica con el Certificado \u00danico Policial, levantar encuestas sobre conductas antisociales, delictivas y de victimizaci\u00f3n, campa\u00f1as de prevenci\u00f3n y cursos de capacitaci\u00f3n para el cuerpo polic\u00edaco.<br><br>El IMIEMH, trabaja en jornadas para Prevenir, Atender y Erradicar la Violencia de G\u00e9nero, platicas de sensibilizaci\u00f3n en materia de igualdad de g\u00e9nero, brinda asesor\u00edas jur\u00eddicas y psicol\u00f3gicas y promueve la informaci\u00f3n sobre los diferentes tipos de violencia.<\/p>\n\n\n\n<p>Por su parte, el trabajo de la Direcci\u00f3n de Obras P\u00fablicas atiende las diferentes \u00e1reas que carecen de alumbrado p\u00fablico, petici\u00f3n constante de la ciudadan\u00eda para poder fortalecer la seguridad de sus calles y colonias.<\/p>\n\n\n\n<p>Finalmente, se trabaja de manera cercana con los delegados y Consejos de Participaci\u00f3n Ciudadana (COPACIS), con los que se busca propiciar un acercamiento entre los polic\u00edas y la ciudadan\u00eda de los diferentes sectores, para realizar denuncias inmediatas y saber que polic\u00edas cubren los diferentes sectores, adem\u00e1s de distintas capacitaciones para identificar posibles actos de extorsi\u00f3n y prevenir posibles atracos, y armar grupos de vigilancia vecinal y estar en constante comunicaci\u00f3n.<\/p>\n","protected":false},"excerpt":{"rendered":"<p>El Concejo Municipal de Seguridad P\u00fablica de Cuautitl\u00e1n Izcalli celebr\u00f3 su cuarta sesi\u00f3n ordinaria, en la que fue presentado el primer informe de actividades de diferentes comisiones, as\u00ed como avances del Programa Municipal de Prevenci\u00f3n Social de la Violencia y la Delincuencia, con Participaci\u00f3n Ciudadana. El alcalde, Ricardo N\u00fa\u00f1ez Ayala, quien preside el Concejo, agradeci\u00f3 la presencia de los que representan a diferentes sectores de la sociedad, as\u00ed como de los tres \u00f3rdenes de gobierno, que se encuentran reunidos con un mismo objetivo: \u201cmejorar las condiciones de seguridad en el&hellip;<\/p>\n","protected":false},"author":1,"featured_media":0,"comment_status":"open","ping_status":"open","sticky":false,"template":"","format":"standard","meta":{"footnotes":""},"categories":[3],"tags":[],"class_list":["post-108","post","type-post","status-publish","format-standard","hentry","category-gobierno"],"yoast_head":"<!-- This site is optimized with the Yoast SEO plugin v27.4 - https:\/\/yoast.com\/product\/yoast-seo-wordpress\/ -->\n<title>Gobierno izcallense trabaja para mejorar las condiciones de seguridad en el municipio - Expresso Metropolitano<\/title>\n<meta name=\"robots\" content=\"index, follow, max-snippet:-1, max-image-preview:large, max-video-preview:-1\" \/>\n<link rel=\"canonical\" href=\"https:\/\/expressometro.mx\/index.php\/2019\/08\/10\/gobierno-izcallense-trabaja-para-mejorar-las-condiciones-de-seguridad-en-el-municipio\/\" \/>\n<meta property=\"og:locale\" content=\"es_MX\" \/>\n<meta property=\"og:type\" content=\"article\" \/>\n<meta property=\"og:title\" content=\"Gobierno izcallense trabaja para mejorar las condiciones de seguridad en el municipio - Expresso Metropolitano\" \/>\n<meta property=\"og:description\" content=\"El Concejo Municipal de Seguridad P\u00fablica de Cuautitl\u00e1n Izcalli celebr\u00f3 su cuarta sesi\u00f3n ordinaria, en la que fue presentado el primer informe de actividades de diferentes comisiones, as\u00ed como avances del Programa Municipal de Prevenci\u00f3n Social de la Violencia y la Delincuencia, con Participaci\u00f3n Ciudadana. El alcalde, Ricardo N\u00fa\u00f1ez Ayala, quien preside el Concejo, agradeci\u00f3 la presencia de los que representan a diferentes sectores de la sociedad, as\u00ed como de los tres \u00f3rdenes de gobierno, que se encuentran reunidos con un mismo objetivo: \u201cmejorar las condiciones de seguridad en el&hellip;\" \/>\n<meta property=\"og:url\" content=\"https:\/\/expressometro.mx\/index.php\/2019\/08\/10\/gobierno-izcallense-trabaja-para-mejorar-las-condiciones-de-seguridad-en-el-municipio\/\" \/>\n<meta property=\"og:site_name\" content=\"Expresso Metropolitano\" \/>\n<meta property=\"article:published_time\" content=\"2019-08-10T06:26:47+00:00\" \/>\n<meta property=\"article:modified_time\" content=\"2019-09-25T15:43:53+00:00\" \/>\n<meta property=\"og:image\" content=\"https:\/\/expressometro.mx\/wp-content\/uploads\/2019\/08\/2.jpeg\" \/>\n\t<meta property=\"og:image:width\" content=\"1024\" \/>\n\t<meta property=\"og:image:height\" content=\"575\" \/>\n\t<meta property=\"og:image:type\" content=\"image\/jpeg\" \/>\n<meta name=\"author\" content=\"Expresso Metropolitano\" \/>\n<meta name=\"twitter:label1\" content=\"Escrito por\" \/>\n\t<meta name=\"twitter:data1\" content=\"Expresso Metropolitano\" \/>\n\t<meta name=\"twitter:label2\" content=\"Tiempo de lectura\" \/>\n\t<meta name=\"twitter:data2\" content=\"6 minutos\" \/>\n<script type=\"application\/ld+json\" class=\"yoast-schema-graph\">{\"@context\":\"https:\\\/\\\/schema.org\",\"@graph\":[{\"@type\":\"Article\",\"@id\":\"https:\\\/\\\/expressometro.mx\\\/index.php\\\/2019\\\/08\\\/10\\\/gobierno-izcallense-trabaja-para-mejorar-las-condiciones-de-seguridad-en-el-municipio\\\/#article\",\"isPartOf\":{\"@id\":\"https:\\\/\\\/expressometro.mx\\\/index.php\\\/2019\\\/08\\\/10\\\/gobierno-izcallense-trabaja-para-mejorar-las-condiciones-de-seguridad-en-el-municipio\\\/\"},\"author\":{\"name\":\"Expresso Metropolitano\",\"@id\":\"https:\\\/\\\/expressometro.mx\\\/#\\\/schema\\\/person\\\/efa971b4a0664db8ed5c22b1b0dd2f5d\"},\"headline\":\"Gobierno izcallense trabaja para mejorar las condiciones de seguridad en el municipio\",\"datePublished\":\"2019-08-10T06:26:47+00:00\",\"dateModified\":\"2019-09-25T15:43:53+00:00\",\"mainEntityOfPage\":{\"@id\":\"https:\\\/\\\/expressometro.mx\\\/index.php\\\/2019\\\/08\\\/10\\\/gobierno-izcallense-trabaja-para-mejorar-las-condiciones-de-seguridad-en-el-municipio\\\/\"},\"wordCount\":1134,\"commentCount\":0,\"publisher\":{\"@id\":\"https:\\\/\\\/expressometro.mx\\\/#organization\"},\"articleSection\":[\"Gobierno\"],\"inLanguage\":\"es\",\"potentialAction\":[{\"@type\":\"CommentAction\",\"name\":\"Comment\",\"target\":[\"https:\\\/\\\/expressometro.mx\\\/index.php\\\/2019\\\/08\\\/10\\\/gobierno-izcallense-trabaja-para-mejorar-las-condiciones-de-seguridad-en-el-municipio\\\/#respond\"]}]},{\"@type\":\"WebPage\",\"@id\":\"https:\\\/\\\/expressometro.mx\\\/index.php\\\/2019\\\/08\\\/10\\\/gobierno-izcallense-trabaja-para-mejorar-las-condiciones-de-seguridad-en-el-municipio\\\/\",\"url\":\"https:\\\/\\\/expressometro.mx\\\/index.php\\\/2019\\\/08\\\/10\\\/gobierno-izcallense-trabaja-para-mejorar-las-condiciones-de-seguridad-en-el-municipio\\\/\",\"name\":\"Gobierno izcallense trabaja para mejorar las condiciones de seguridad en el municipio - Expresso Metropolitano\",\"isPartOf\":{\"@id\":\"https:\\\/\\\/expressometro.mx\\\/#website\"},\"datePublished\":\"2019-08-10T06:26:47+00:00\",\"dateModified\":\"2019-09-25T15:43:53+00:00\",\"breadcrumb\":{\"@id\":\"https:\\\/\\\/expressometro.mx\\\/index.php\\\/2019\\\/08\\\/10\\\/gobierno-izcallense-trabaja-para-mejorar-las-condiciones-de-seguridad-en-el-municipio\\\/#breadcrumb\"},\"inLanguage\":\"es\",\"potentialAction\":[{\"@type\":\"ReadAction\",\"target\":[\"https:\\\/\\\/expressometro.mx\\\/index.php\\\/2019\\\/08\\\/10\\\/gobierno-izcallense-trabaja-para-mejorar-las-condiciones-de-seguridad-en-el-municipio\\\/\"]}]},{\"@type\":\"BreadcrumbList\",\"@id\":\"https:\\\/\\\/expressometro.mx\\\/index.php\\\/2019\\\/08\\\/10\\\/gobierno-izcallense-trabaja-para-mejorar-las-condiciones-de-seguridad-en-el-municipio\\\/#breadcrumb\",\"itemListElement\":[{\"@type\":\"ListItem\",\"position\":1,\"name\":\"Inicio\",\"item\":\"https:\\\/\\\/expressometro.mx\\\/\"},{\"@type\":\"ListItem\",\"position\":2,\"name\":\"Gobierno izcallense trabaja para mejorar las condiciones de seguridad en el municipio\"}]},{\"@type\":\"WebSite\",\"@id\":\"https:\\\/\\\/expressometro.mx\\\/#website\",\"url\":\"https:\\\/\\\/expressometro.mx\\\/\",\"name\":\"Expresso Metropolitano\",\"description\":\"Periodismo comprometido, informaci\u00f3n, investigaci\u00f3n y an\u00e1lisis\",\"publisher\":{\"@id\":\"https:\\\/\\\/expressometro.mx\\\/#organization\"},\"potentialAction\":[{\"@type\":\"SearchAction\",\"target\":{\"@type\":\"EntryPoint\",\"urlTemplate\":\"https:\\\/\\\/expressometro.mx\\\/?s={search_term_string}\"},\"query-input\":{\"@type\":\"PropertyValueSpecification\",\"valueRequired\":true,\"valueName\":\"search_term_string\"}}],\"inLanguage\":\"es\"},{\"@type\":\"Organization\",\"@id\":\"https:\\\/\\\/expressometro.mx\\\/#organization\",\"name\":\"Expresso Metropolitano\",\"url\":\"https:\\\/\\\/expressometro.mx\\\/\",\"logo\":{\"@type\":\"ImageObject\",\"inLanguage\":\"es\",\"@id\":\"https:\\\/\\\/expressometro.mx\\\/#\\\/schema\\\/logo\\\/image\\\/\",\"url\":\"https:\\\/\\\/expressometro.mx\\\/wp-content\\\/uploads\\\/2019\\\/07\\\/cropped-Logo-Expresso-Metropolitano-1-1.jpeg\",\"contentUrl\":\"https:\\\/\\\/expressometro.mx\\\/wp-content\\\/uploads\\\/2019\\\/07\\\/cropped-Logo-Expresso-Metropolitano-1-1.jpeg\",\"width\":290,\"height\":73,\"caption\":\"Expresso Metropolitano\"},\"image\":{\"@id\":\"https:\\\/\\\/expressometro.mx\\\/#\\\/schema\\\/logo\\\/image\\\/\"}},{\"@type\":\"Person\",\"@id\":\"https:\\\/\\\/expressometro.mx\\\/#\\\/schema\\\/person\\\/efa971b4a0664db8ed5c22b1b0dd2f5d\",\"name\":\"Expresso Metropolitano\",\"image\":{\"@type\":\"ImageObject\",\"inLanguage\":\"es\",\"@id\":\"https:\\\/\\\/secure.gravatar.com\\\/avatar\\\/a89f802b8de18c6952f223c88d3d106e9e3679839f4e25a02f4a6cc2ae6ba3b3?s=96&d=mm&r=g\",\"url\":\"https:\\\/\\\/secure.gravatar.com\\\/avatar\\\/a89f802b8de18c6952f223c88d3d106e9e3679839f4e25a02f4a6cc2ae6ba3b3?s=96&d=mm&r=g\",\"contentUrl\":\"https:\\\/\\\/secure.gravatar.com\\\/avatar\\\/a89f802b8de18c6952f223c88d3d106e9e3679839f4e25a02f4a6cc2ae6ba3b3?s=96&d=mm&r=g\",\"caption\":\"Expresso Metropolitano\"},\"url\":\"https:\\\/\\\/expressometro.mx\\\/index.php\\\/author\\\/diego\\\/\"}]}<\/script>\n<!-- \/ Yoast SEO plugin. -->","yoast_head_json":{"title":"Gobierno izcallense trabaja para mejorar las condiciones de seguridad en el municipio - Expresso Metropolitano","robots":{"index":"index","follow":"follow","max-snippet":"max-snippet:-1","max-image-preview":"max-image-preview:large","max-video-preview":"max-video-preview:-1"},"canonical":"https:\/\/expressometro.mx\/index.php\/2019\/08\/10\/gobierno-izcallense-trabaja-para-mejorar-las-condiciones-de-seguridad-en-el-municipio\/","og_locale":"es_MX","og_type":"article","og_title":"Gobierno izcallense trabaja para mejorar las condiciones de seguridad en el municipio - Expresso Metropolitano","og_description":"El Concejo Municipal de Seguridad P\u00fablica de Cuautitl\u00e1n Izcalli celebr\u00f3 su cuarta sesi\u00f3n ordinaria, en la que fue presentado el primer informe de actividades de diferentes comisiones, as\u00ed como avances del Programa Municipal de Prevenci\u00f3n Social de la Violencia y la Delincuencia, con Participaci\u00f3n Ciudadana. El alcalde, Ricardo N\u00fa\u00f1ez Ayala, quien preside el Concejo, agradeci\u00f3 la presencia de los que representan a diferentes sectores de la sociedad, as\u00ed como de los tres \u00f3rdenes de gobierno, que se encuentran reunidos con un mismo objetivo: \u201cmejorar las condiciones de seguridad en el&hellip;","og_url":"https:\/\/expressometro.mx\/index.php\/2019\/08\/10\/gobierno-izcallense-trabaja-para-mejorar-las-condiciones-de-seguridad-en-el-municipio\/","og_site_name":"Expresso Metropolitano","article_published_time":"2019-08-10T06:26:47+00:00","article_modified_time":"2019-09-25T15:43:53+00:00","og_image":[{"width":1024,"height":575,"url":"https:\/\/expressometro.mx\/wp-content\/uploads\/2019\/08\/2.jpeg","type":"image\/jpeg"}],"author":"Expresso Metropolitano","twitter_misc":{"Escrito por":"Expresso Metropolitano","Tiempo de lectura":"6 minutos"},"schema":{"@context":"https:\/\/schema.org","@graph":[{"@type":"Article","@id":"https:\/\/expressometro.mx\/index.php\/2019\/08\/10\/gobierno-izcallense-trabaja-para-mejorar-las-condiciones-de-seguridad-en-el-municipio\/#article","isPartOf":{"@id":"https:\/\/expressometro.mx\/index.php\/2019\/08\/10\/gobierno-izcallense-trabaja-para-mejorar-las-condiciones-de-seguridad-en-el-municipio\/"},"author":{"name":"Expresso Metropolitano","@id":"https:\/\/expressometro.mx\/#\/schema\/person\/efa971b4a0664db8ed5c22b1b0dd2f5d"},"headline":"Gobierno izcallense trabaja para mejorar las condiciones de seguridad en el municipio","datePublished":"2019-08-10T06:26:47+00:00","dateModified":"2019-09-25T15:43:53+00:00","mainEntityOfPage":{"@id":"https:\/\/expressometro.mx\/index.php\/2019\/08\/10\/gobierno-izcallense-trabaja-para-mejorar-las-condiciones-de-seguridad-en-el-municipio\/"},"wordCount":1134,"commentCount":0,"publisher":{"@id":"https:\/\/expressometro.mx\/#organization"},"articleSection":["Gobierno"],"inLanguage":"es","potentialAction":[{"@type":"CommentAction","name":"Comment","target":["https:\/\/expressometro.mx\/index.php\/2019\/08\/10\/gobierno-izcallense-trabaja-para-mejorar-las-condiciones-de-seguridad-en-el-municipio\/#respond"]}]},{"@type":"WebPage","@id":"https:\/\/expressometro.mx\/index.php\/2019\/08\/10\/gobierno-izcallense-trabaja-para-mejorar-las-condiciones-de-seguridad-en-el-municipio\/","url":"https:\/\/expressometro.mx\/index.php\/2019\/08\/10\/gobierno-izcallense-trabaja-para-mejorar-las-condiciones-de-seguridad-en-el-municipio\/","name":"Gobierno izcallense trabaja para mejorar las condiciones de seguridad en el municipio - Expresso Metropolitano","isPartOf":{"@id":"https:\/\/expressometro.mx\/#website"},"datePublished":"2019-08-10T06:26:47+00:00","dateModified":"2019-09-25T15:43:53+00:00","breadcrumb":{"@id":"https:\/\/expressometro.mx\/index.php\/2019\/08\/10\/gobierno-izcallense-trabaja-para-mejorar-las-condiciones-de-seguridad-en-el-municipio\/#breadcrumb"},"inLanguage":"es","potentialAction":[{"@type":"ReadAction","target":["https:\/\/expressometro.mx\/index.php\/2019\/08\/10\/gobierno-izcallense-trabaja-para-mejorar-las-condiciones-de-seguridad-en-el-municipio\/"]}]},{"@type":"BreadcrumbList","@id":"https:\/\/expressometro.mx\/index.php\/2019\/08\/10\/gobierno-izcallense-trabaja-para-mejorar-las-condiciones-de-seguridad-en-el-municipio\/#breadcrumb","itemListElement":[{"@type":"ListItem","position":1,"name":"Inicio","item":"https:\/\/expressometro.mx\/"},{"@type":"ListItem","position":2,"name":"Gobierno izcallense trabaja para mejorar las condiciones de seguridad en el municipio"}]},{"@type":"WebSite","@id":"https:\/\/expressometro.mx\/#website","url":"https:\/\/expressometro.mx\/","name":"Expresso Metropolitano","description":"Periodismo comprometido, informaci\u00f3n, investigaci\u00f3n y an\u00e1lisis","publisher":{"@id":"https:\/\/expressometro.mx\/#organization"},"potentialAction":[{"@type":"SearchAction","target":{"@type":"EntryPoint","urlTemplate":"https:\/\/expressometro.mx\/?s={search_term_string}"},"query-input":{"@type":"PropertyValueSpecification","valueRequired":true,"valueName":"search_term_string"}}],"inLanguage":"es"},{"@type":"Organization","@id":"https:\/\/expressometro.mx\/#organization","name":"Expresso Metropolitano","url":"https:\/\/expressometro.mx\/","logo":{"@type":"ImageObject","inLanguage":"es","@id":"https:\/\/expressometro.mx\/#\/schema\/logo\/image\/","url":"https:\/\/expressometro.mx\/wp-content\/uploads\/2019\/07\/cropped-Logo-Expresso-Metropolitano-1-1.jpeg","contentUrl":"https:\/\/expressometro.mx\/wp-content\/uploads\/2019\/07\/cropped-Logo-Expresso-Metropolitano-1-1.jpeg","width":290,"height":73,"caption":"Expresso Metropolitano"},"image":{"@id":"https:\/\/expressometro.mx\/#\/schema\/logo\/image\/"}},{"@type":"Person","@id":"https:\/\/expressometro.mx\/#\/schema\/person\/efa971b4a0664db8ed5c22b1b0dd2f5d","name":"Expresso Metropolitano","image":{"@type":"ImageObject","inLanguage":"es","@id":"https:\/\/secure.gravatar.com\/avatar\/a89f802b8de18c6952f223c88d3d106e9e3679839f4e25a02f4a6cc2ae6ba3b3?s=96&d=mm&r=g","url":"https:\/\/secure.gravatar.com\/avatar\/a89f802b8de18c6952f223c88d3d106e9e3679839f4e25a02f4a6cc2ae6ba3b3?s=96&d=mm&r=g","contentUrl":"https:\/\/secure.gravatar.com\/avatar\/a89f802b8de18c6952f223c88d3d106e9e3679839f4e25a02f4a6cc2ae6ba3b3?s=96&d=mm&r=g","caption":"Expresso Metropolitano"},"url":"https:\/\/expressometro.mx\/index.php\/author\/diego\/"}]}},"amp_enabled":true,"_links":{"self":[{"href":"https:\/\/expressometro.mx\/index.php\/wp-json\/wp\/v2\/posts\/108","targetHints":{"allow":["GET"]}}],"collection":[{"href":"https:\/\/expressometro.mx\/index.php\/wp-json\/wp\/v2\/posts"}],"about":[{"href":"https:\/\/expressometro.mx\/index.php\/wp-json\/wp\/v2\/types\/post"}],"author":[{"embeddable":true,"href":"https:\/\/expressometro.mx\/index.php\/wp-json\/wp\/v2\/users\/1"}],"replies":[{"embeddable":true,"href":"https:\/\/expressometro.mx\/index.php\/wp-json\/wp\/v2\/comments?post=108"}],"version-history":[{"count":1,"href":"https:\/\/expressometro.mx\/index.php\/wp-json\/wp\/v2\/posts\/108\/revisions"}],"predecessor-version":[{"id":110,"href":"https:\/\/expressometro.mx\/index.php\/wp-json\/wp\/v2\/posts\/108\/revisions\/110"}],"wp:attachment":[{"href":"https:\/\/expressometro.mx\/index.php\/wp-json\/wp\/v2\/media?parent=108"}],"wp:term":[{"taxonomy":"category","embeddable":true,"href":"https:\/\/expressometro.mx\/index.php\/wp-json\/wp\/v2\/categories?post=108"},{"taxonomy":"post_tag","embeddable":true,"href":"https:\/\/expressometro.mx\/index.php\/wp-json\/wp\/v2\/tags?post=108"}],"curies":[{"name":"wp","href":"https:\/\/api.w.org\/{rel}","templated":true}]}}