{"id":10794,"date":"2025-01-13T17:40:48","date_gmt":"2025-01-13T23:40:48","guid":{"rendered":"https:\/\/expressometro.mx\/?p=10794"},"modified":"2025-02-01T17:44:59","modified_gmt":"2025-02-01T23:44:59","slug":"entrega-uaemex-equipamiento-en-beneficio-de-la-facultad-de-ciencias-politicas-y-sociales","status":"publish","type":"post","link":"https:\/\/expressometro.mx\/index.php\/2025\/01\/13\/entrega-uaemex-equipamiento-en-beneficio-de-la-facultad-de-ciencias-politicas-y-sociales\/","title":{"rendered":"ENTREGA UAEM\u00c9X EQUIPAMIENTO EN BENEFICIO DE LA FACULTAD DE CIENCIAS POL\u00cdTICAS Y SOCIALES"},"content":{"rendered":"\n<ul class=\"wp-block-list\">\n<li>El rector de la UAEM\u00e9x, Carlos Eduardo Barrera D\u00edaz, agradeci\u00f3 a la gobernadora Delfina G\u00f3mez \u00c1lvarez y a la LXII Legislatura mexiquense por el incremento presupuestal otorgado a la instituci\u00f3n, pues permitir\u00e1 tener cobertura educativa en los municipios de Tec\u00e1mac e Ixtapan de la Sal.<\/li>\n<\/ul>\n\n\n\n<p>Con la finalidad de mejorar las actividades acad\u00e9micas dentro de sus espacios universitarios, el rector de la Universidad Aut\u00f3noma del Estado de M\u00e9xico (UAEM\u00e9x), Carlos Eduardo Barrera D\u00edaz, entreg\u00f3 15 computadoras iMac para estudiantado, 15 computadoras y 15 sillas para personal administrativo; as\u00ed como dos mesas con sombrilla para jard\u00edn, cinco pantallas y 15 c\u00e1maras de vigilancia para interior y exterior, en beneficio de la comunidad de la Facultad de Ciencias Pol\u00edticas y Sociales.<\/p>\n\n\n\n<p>Al encabezar el tercer informe anual de actividades de la directora de este espacio acad\u00e9mico, Laura Elizabeth Benhumea Gonz\u00e1lez, Barrera D\u00edaz coment\u00f3 que esta instituci\u00f3n se congratula por aumentar su oferta educativa dentro de la entidad, pues el incremento presupuestal gestionado por la gobernadora Delfina G\u00f3mez \u00c1lvarez y aprobado por la LXII Legislatura del Estado de M\u00e9xico, permitir\u00e1 tener cobertura en los municipios de Tec\u00e1mac e Ixtapan de la Sal.<\/p>\n\n\n\n<figure class=\"wp-block-image size-large\"><img decoding=\"async\" width=\"720\" height=\"480\" src=\"https:\/\/expressometro.mx\/wp-content\/uploads\/2025\/02\/WhatsApp-Image-2025-02-01-at-5.43.23-PM-720x480.jpeg\" alt=\"\" class=\"wp-image-10797\" srcset=\"https:\/\/expressometro.mx\/wp-content\/uploads\/2025\/02\/WhatsApp-Image-2025-02-01-at-5.43.23-PM-720x480.jpeg 720w, https:\/\/expressometro.mx\/wp-content\/uploads\/2025\/02\/WhatsApp-Image-2025-02-01-at-5.43.23-PM-548x365.jpeg 548w, https:\/\/expressometro.mx\/wp-content\/uploads\/2025\/02\/WhatsApp-Image-2025-02-01-at-5.43.23-PM-768x512.jpeg 768w, https:\/\/expressometro.mx\/wp-content\/uploads\/2025\/02\/WhatsApp-Image-2025-02-01-at-5.43.23-PM.jpeg 800w\" sizes=\"(max-width: 720px) 100vw, 720px\" \/><\/figure>\n\n\n\n<p>El rector de la M\u00e1xima Casa de Estudios mexiquense asever\u00f3 que esta facultad cuenta con programas de estudio reconocidos, pues las licenciaturas en Comunicaci\u00f3n, Sociolog\u00eda, as\u00ed como Ciencias Pol\u00edticas y Administraci\u00f3n P\u00fablica se encuentran acreditadas, mientras que el programa en Gesti\u00f3n de la Informaci\u00f3n en Redes Sociales recibi\u00f3 su primera evaluaci\u00f3n por parte de los Comit\u00e9s Interinstitucionales para la Evaluaci\u00f3n de Educaci\u00f3n Superior (CIEES).<\/p>\n\n\n\n<p>Destac\u00f3 que la UAEM\u00e9x cuenta con 160 programas acad\u00e9micos de calidad, lo que representa un crecimiento del 50 por ciento en comparaci\u00f3n con lo registrado en el a\u00f1o 2010, cuando se contaba con 107 programas reconocidos.<\/p>\n\n\n\n<p>En este sentido, detall\u00f3 que la investigaci\u00f3n es un pilar fundamental en la consolidaci\u00f3n de una universidad de vanguardia, reconoci\u00f3 a docentes de la Facultad de Ciencias Pol\u00edticas y Sociales que se incorporaron al Sistema Nacional de Investigadoras e Investigadores (SNII) y resalt\u00f3 que el n\u00famero de integrantes aument\u00f3 76 por ciento, al pasar de 512 en 2017 a 902 en 2025.<\/p>\n\n\n\n<p>Por su parte, la directora de la Facultad de Ciencias Pol\u00edticas y Sociales, Laura Elizabeth Benhumea Gonz\u00e1lez, hizo entrega de un reconocimiento al rector de la UAEM\u00e9x, por su importante labor en la gesti\u00f3n universitaria y su invaluable apoyo a su comunidad, con la entrega de herramientas e implementos que fortalecen las actividades acad\u00e9micas.<\/p>\n","protected":false},"excerpt":{"rendered":"<p>El rector de la UAEM\u00e9x, Carlos Eduardo Barrera D\u00edaz, agradeci\u00f3 a la gobernadora Delfina G\u00f3mez \u00c1lvarez y a la LXII Legislatura mexiquense por el incremento presupuestal otorgado a la instituci\u00f3n, pues permitir\u00e1 tener cobertura educativa en los municipios de Tec\u00e1mac e Ixtapan de la Sal.<\/p>\n","protected":false},"author":2,"featured_media":10796,"comment_status":"open","ping_status":"open","sticky":false,"template":"","format":"standard","meta":{"footnotes":""},"categories":[108,3,1,231],"tags":[313,1982,86,82],"class_list":["post-10794","post","type-post","status-publish","format-standard","has-post-thumbnail","hentry","category-educacion","category-gobierno","category-otros","category-politica","tag-carlos-eduardo-barrera-diaz","tag-edomex","tag-gem","tag-uaemex"],"yoast_head":"<!-- This site is optimized with the Yoast SEO plugin v27.4 - https:\/\/yoast.com\/product\/yoast-seo-wordpress\/ -->\n<title>ENTREGA UAEM\u00c9X EQUIPAMIENTO EN BENEFICIO DE LA FACULTAD DE CIENCIAS POL\u00cdTICAS Y SOCIALES - Expresso Metropolitano<\/title>\n<meta name=\"robots\" content=\"index, follow, max-snippet:-1, max-image-preview:large, max-video-preview:-1\" \/>\n<link rel=\"canonical\" href=\"https:\/\/expressometro.mx\/index.php\/2025\/01\/13\/entrega-uaemex-equipamiento-en-beneficio-de-la-facultad-de-ciencias-politicas-y-sociales\/\" \/>\n<meta property=\"og:locale\" content=\"es_MX\" \/>\n<meta property=\"og:type\" content=\"article\" \/>\n<meta property=\"og:title\" content=\"ENTREGA UAEM\u00c9X EQUIPAMIENTO EN BENEFICIO DE LA FACULTAD DE CIENCIAS POL\u00cdTICAS Y SOCIALES - Expresso Metropolitano\" \/>\n<meta property=\"og:description\" content=\"El rector de la UAEM\u00e9x, Carlos Eduardo Barrera D\u00edaz, agradeci\u00f3 a la gobernadora Delfina G\u00f3mez \u00c1lvarez y a la LXII Legislatura mexiquense por el incremento presupuestal otorgado a la instituci\u00f3n, pues permitir\u00e1 tener cobertura educativa en los municipios de Tec\u00e1mac e Ixtapan de la Sal.\" \/>\n<meta property=\"og:url\" content=\"https:\/\/expressometro.mx\/index.php\/2025\/01\/13\/entrega-uaemex-equipamiento-en-beneficio-de-la-facultad-de-ciencias-politicas-y-sociales\/\" \/>\n<meta property=\"og:site_name\" content=\"Expresso Metropolitano\" \/>\n<meta property=\"article:published_time\" content=\"2025-01-13T23:40:48+00:00\" \/>\n<meta property=\"article:modified_time\" content=\"2025-02-01T23:44:59+00:00\" \/>\n<meta property=\"og:image\" content=\"http:\/\/expressometro.mx\/wp-content\/uploads\/2025\/02\/WhatsApp-Image-2025-02-01-at-5.43.14-PM.jpeg\" \/>\n\t<meta property=\"og:image:width\" content=\"800\" \/>\n\t<meta property=\"og:image:height\" content=\"533\" \/>\n\t<meta property=\"og:image:type\" content=\"image\/jpeg\" \/>\n<meta name=\"author\" content=\"Cecilia Vega\" \/>\n<meta name=\"twitter:label1\" content=\"Escrito por\" \/>\n\t<meta name=\"twitter:data1\" content=\"Cecilia Vega\" \/>\n\t<meta name=\"twitter:label2\" content=\"Tiempo de lectura\" \/>\n\t<meta name=\"twitter:data2\" content=\"3 minutos\" \/>\n<script type=\"application\/ld+json\" class=\"yoast-schema-graph\">{\"@context\":\"https:\\\/\\\/schema.org\",\"@graph\":[{\"@type\":\"Article\",\"@id\":\"https:\\\/\\\/expressometro.mx\\\/index.php\\\/2025\\\/01\\\/13\\\/entrega-uaemex-equipamiento-en-beneficio-de-la-facultad-de-ciencias-politicas-y-sociales\\\/#article\",\"isPartOf\":{\"@id\":\"https:\\\/\\\/expressometro.mx\\\/index.php\\\/2025\\\/01\\\/13\\\/entrega-uaemex-equipamiento-en-beneficio-de-la-facultad-de-ciencias-politicas-y-sociales\\\/\"},\"author\":{\"name\":\"Cecilia Vega\",\"@id\":\"https:\\\/\\\/expressometro.mx\\\/#\\\/schema\\\/person\\\/67a95b8e3862085c7598f66237488f1f\"},\"headline\":\"ENTREGA UAEM\u00c9X EQUIPAMIENTO EN BENEFICIO DE LA FACULTAD DE CIENCIAS POL\u00cdTICAS Y SOCIALES\",\"datePublished\":\"2025-01-13T23:40:48+00:00\",\"dateModified\":\"2025-02-01T23:44:59+00:00\",\"mainEntityOfPage\":{\"@id\":\"https:\\\/\\\/expressometro.mx\\\/index.php\\\/2025\\\/01\\\/13\\\/entrega-uaemex-equipamiento-en-beneficio-de-la-facultad-de-ciencias-politicas-y-sociales\\\/\"},\"wordCount\":452,\"commentCount\":0,\"publisher\":{\"@id\":\"https:\\\/\\\/expressometro.mx\\\/#organization\"},\"image\":{\"@id\":\"https:\\\/\\\/expressometro.mx\\\/index.php\\\/2025\\\/01\\\/13\\\/entrega-uaemex-equipamiento-en-beneficio-de-la-facultad-de-ciencias-politicas-y-sociales\\\/#primaryimage\"},\"thumbnailUrl\":\"https:\\\/\\\/expressometro.mx\\\/wp-content\\\/uploads\\\/2025\\\/02\\\/WhatsApp-Image-2025-02-01-at-5.43.14-PM.jpeg\",\"keywords\":[\"Carlos Eduardo Barrera D\u00edaz\",\"Edomex\",\"GEM\",\"UAEMex\"],\"articleSection\":[\"Educaci\u00f3n\",\"Gobierno\",\"Otros\",\"Pol\u00edtica\"],\"inLanguage\":\"es\",\"potentialAction\":[{\"@type\":\"CommentAction\",\"name\":\"Comment\",\"target\":[\"https:\\\/\\\/expressometro.mx\\\/index.php\\\/2025\\\/01\\\/13\\\/entrega-uaemex-equipamiento-en-beneficio-de-la-facultad-de-ciencias-politicas-y-sociales\\\/#respond\"]}]},{\"@type\":\"WebPage\",\"@id\":\"https:\\\/\\\/expressometro.mx\\\/index.php\\\/2025\\\/01\\\/13\\\/entrega-uaemex-equipamiento-en-beneficio-de-la-facultad-de-ciencias-politicas-y-sociales\\\/\",\"url\":\"https:\\\/\\\/expressometro.mx\\\/index.php\\\/2025\\\/01\\\/13\\\/entrega-uaemex-equipamiento-en-beneficio-de-la-facultad-de-ciencias-politicas-y-sociales\\\/\",\"name\":\"ENTREGA UAEM\u00c9X EQUIPAMIENTO EN BENEFICIO DE LA FACULTAD DE CIENCIAS POL\u00cdTICAS Y SOCIALES - Expresso Metropolitano\",\"isPartOf\":{\"@id\":\"https:\\\/\\\/expressometro.mx\\\/#website\"},\"primaryImageOfPage\":{\"@id\":\"https:\\\/\\\/expressometro.mx\\\/index.php\\\/2025\\\/01\\\/13\\\/entrega-uaemex-equipamiento-en-beneficio-de-la-facultad-de-ciencias-politicas-y-sociales\\\/#primaryimage\"},\"image\":{\"@id\":\"https:\\\/\\\/expressometro.mx\\\/index.php\\\/2025\\\/01\\\/13\\\/entrega-uaemex-equipamiento-en-beneficio-de-la-facultad-de-ciencias-politicas-y-sociales\\\/#primaryimage\"},\"thumbnailUrl\":\"https:\\\/\\\/expressometro.mx\\\/wp-content\\\/uploads\\\/2025\\\/02\\\/WhatsApp-Image-2025-02-01-at-5.43.14-PM.jpeg\",\"datePublished\":\"2025-01-13T23:40:48+00:00\",\"dateModified\":\"2025-02-01T23:44:59+00:00\",\"breadcrumb\":{\"@id\":\"https:\\\/\\\/expressometro.mx\\\/index.php\\\/2025\\\/01\\\/13\\\/entrega-uaemex-equipamiento-en-beneficio-de-la-facultad-de-ciencias-politicas-y-sociales\\\/#breadcrumb\"},\"inLanguage\":\"es\",\"potentialAction\":[{\"@type\":\"ReadAction\",\"target\":[\"https:\\\/\\\/expressometro.mx\\\/index.php\\\/2025\\\/01\\\/13\\\/entrega-uaemex-equipamiento-en-beneficio-de-la-facultad-de-ciencias-politicas-y-sociales\\\/\"]}]},{\"@type\":\"ImageObject\",\"inLanguage\":\"es\",\"@id\":\"https:\\\/\\\/expressometro.mx\\\/index.php\\\/2025\\\/01\\\/13\\\/entrega-uaemex-equipamiento-en-beneficio-de-la-facultad-de-ciencias-politicas-y-sociales\\\/#primaryimage\",\"url\":\"https:\\\/\\\/expressometro.mx\\\/wp-content\\\/uploads\\\/2025\\\/02\\\/WhatsApp-Image-2025-02-01-at-5.43.14-PM.jpeg\",\"contentUrl\":\"https:\\\/\\\/expressometro.mx\\\/wp-content\\\/uploads\\\/2025\\\/02\\\/WhatsApp-Image-2025-02-01-at-5.43.14-PM.jpeg\",\"width\":800,\"height\":533},{\"@type\":\"BreadcrumbList\",\"@id\":\"https:\\\/\\\/expressometro.mx\\\/index.php\\\/2025\\\/01\\\/13\\\/entrega-uaemex-equipamiento-en-beneficio-de-la-facultad-de-ciencias-politicas-y-sociales\\\/#breadcrumb\",\"itemListElement\":[{\"@type\":\"ListItem\",\"position\":1,\"name\":\"Inicio\",\"item\":\"https:\\\/\\\/expressometro.mx\\\/\"},{\"@type\":\"ListItem\",\"position\":2,\"name\":\"ENTREGA UAEM\u00c9X EQUIPAMIENTO EN BENEFICIO DE LA FACULTAD DE CIENCIAS POL\u00cdTICAS Y SOCIALES\"}]},{\"@type\":\"WebSite\",\"@id\":\"https:\\\/\\\/expressometro.mx\\\/#website\",\"url\":\"https:\\\/\\\/expressometro.mx\\\/\",\"name\":\"Expresso Metropolitano\",\"description\":\"Periodismo comprometido, informaci\u00f3n, investigaci\u00f3n y an\u00e1lisis\",\"publisher\":{\"@id\":\"https:\\\/\\\/expressometro.mx\\\/#organization\"},\"potentialAction\":[{\"@type\":\"SearchAction\",\"target\":{\"@type\":\"EntryPoint\",\"urlTemplate\":\"https:\\\/\\\/expressometro.mx\\\/?s={search_term_string}\"},\"query-input\":{\"@type\":\"PropertyValueSpecification\",\"valueRequired\":true,\"valueName\":\"search_term_string\"}}],\"inLanguage\":\"es\"},{\"@type\":\"Organization\",\"@id\":\"https:\\\/\\\/expressometro.mx\\\/#organization\",\"name\":\"Expresso Metropolitano\",\"url\":\"https:\\\/\\\/expressometro.mx\\\/\",\"logo\":{\"@type\":\"ImageObject\",\"inLanguage\":\"es\",\"@id\":\"https:\\\/\\\/expressometro.mx\\\/#\\\/schema\\\/logo\\\/image\\\/\",\"url\":\"https:\\\/\\\/expressometro.mx\\\/wp-content\\\/uploads\\\/2019\\\/07\\\/cropped-Logo-Expresso-Metropolitano-1-1.jpeg\",\"contentUrl\":\"https:\\\/\\\/expressometro.mx\\\/wp-content\\\/uploads\\\/2019\\\/07\\\/cropped-Logo-Expresso-Metropolitano-1-1.jpeg\",\"width\":290,\"height\":73,\"caption\":\"Expresso Metropolitano\"},\"image\":{\"@id\":\"https:\\\/\\\/expressometro.mx\\\/#\\\/schema\\\/logo\\\/image\\\/\"}},{\"@type\":\"Person\",\"@id\":\"https:\\\/\\\/expressometro.mx\\\/#\\\/schema\\\/person\\\/67a95b8e3862085c7598f66237488f1f\",\"name\":\"Cecilia Vega\",\"image\":{\"@type\":\"ImageObject\",\"inLanguage\":\"es\",\"@id\":\"https:\\\/\\\/secure.gravatar.com\\\/avatar\\\/13aae9944ab2ee472a9e407c9487fdbd03b049abaa559af32fe5dbcf615c981b?s=96&d=mm&r=g\",\"url\":\"https:\\\/\\\/secure.gravatar.com\\\/avatar\\\/13aae9944ab2ee472a9e407c9487fdbd03b049abaa559af32fe5dbcf615c981b?s=96&d=mm&r=g\",\"contentUrl\":\"https:\\\/\\\/secure.gravatar.com\\\/avatar\\\/13aae9944ab2ee472a9e407c9487fdbd03b049abaa559af32fe5dbcf615c981b?s=96&d=mm&r=g\",\"caption\":\"Cecilia Vega\"},\"url\":\"https:\\\/\\\/expressometro.mx\\\/index.php\\\/author\\\/cecilia-vega\\\/\"}]}<\/script>\n<!-- \/ Yoast SEO plugin. -->","yoast_head_json":{"title":"ENTREGA UAEM\u00c9X EQUIPAMIENTO EN BENEFICIO DE LA FACULTAD DE CIENCIAS POL\u00cdTICAS Y SOCIALES - Expresso Metropolitano","robots":{"index":"index","follow":"follow","max-snippet":"max-snippet:-1","max-image-preview":"max-image-preview:large","max-video-preview":"max-video-preview:-1"},"canonical":"https:\/\/expressometro.mx\/index.php\/2025\/01\/13\/entrega-uaemex-equipamiento-en-beneficio-de-la-facultad-de-ciencias-politicas-y-sociales\/","og_locale":"es_MX","og_type":"article","og_title":"ENTREGA UAEM\u00c9X EQUIPAMIENTO EN BENEFICIO DE LA FACULTAD DE CIENCIAS POL\u00cdTICAS Y SOCIALES - Expresso Metropolitano","og_description":"El rector de la UAEM\u00e9x, Carlos Eduardo Barrera D\u00edaz, agradeci\u00f3 a la gobernadora Delfina G\u00f3mez \u00c1lvarez y a la LXII Legislatura mexiquense por el incremento presupuestal otorgado a la instituci\u00f3n, pues permitir\u00e1 tener cobertura educativa en los municipios de Tec\u00e1mac e Ixtapan de la Sal.","og_url":"https:\/\/expressometro.mx\/index.php\/2025\/01\/13\/entrega-uaemex-equipamiento-en-beneficio-de-la-facultad-de-ciencias-politicas-y-sociales\/","og_site_name":"Expresso Metropolitano","article_published_time":"2025-01-13T23:40:48+00:00","article_modified_time":"2025-02-01T23:44:59+00:00","og_image":[{"width":800,"height":533,"url":"http:\/\/expressometro.mx\/wp-content\/uploads\/2025\/02\/WhatsApp-Image-2025-02-01-at-5.43.14-PM.jpeg","type":"image\/jpeg"}],"author":"Cecilia Vega","twitter_misc":{"Escrito por":"Cecilia Vega","Tiempo de lectura":"3 minutos"},"schema":{"@context":"https:\/\/schema.org","@graph":[{"@type":"Article","@id":"https:\/\/expressometro.mx\/index.php\/2025\/01\/13\/entrega-uaemex-equipamiento-en-beneficio-de-la-facultad-de-ciencias-politicas-y-sociales\/#article","isPartOf":{"@id":"https:\/\/expressometro.mx\/index.php\/2025\/01\/13\/entrega-uaemex-equipamiento-en-beneficio-de-la-facultad-de-ciencias-politicas-y-sociales\/"},"author":{"name":"Cecilia Vega","@id":"https:\/\/expressometro.mx\/#\/schema\/person\/67a95b8e3862085c7598f66237488f1f"},"headline":"ENTREGA UAEM\u00c9X EQUIPAMIENTO EN BENEFICIO DE LA FACULTAD DE CIENCIAS POL\u00cdTICAS Y SOCIALES","datePublished":"2025-01-13T23:40:48+00:00","dateModified":"2025-02-01T23:44:59+00:00","mainEntityOfPage":{"@id":"https:\/\/expressometro.mx\/index.php\/2025\/01\/13\/entrega-uaemex-equipamiento-en-beneficio-de-la-facultad-de-ciencias-politicas-y-sociales\/"},"wordCount":452,"commentCount":0,"publisher":{"@id":"https:\/\/expressometro.mx\/#organization"},"image":{"@id":"https:\/\/expressometro.mx\/index.php\/2025\/01\/13\/entrega-uaemex-equipamiento-en-beneficio-de-la-facultad-de-ciencias-politicas-y-sociales\/#primaryimage"},"thumbnailUrl":"https:\/\/expressometro.mx\/wp-content\/uploads\/2025\/02\/WhatsApp-Image-2025-02-01-at-5.43.14-PM.jpeg","keywords":["Carlos Eduardo Barrera D\u00edaz","Edomex","GEM","UAEMex"],"articleSection":["Educaci\u00f3n","Gobierno","Otros","Pol\u00edtica"],"inLanguage":"es","potentialAction":[{"@type":"CommentAction","name":"Comment","target":["https:\/\/expressometro.mx\/index.php\/2025\/01\/13\/entrega-uaemex-equipamiento-en-beneficio-de-la-facultad-de-ciencias-politicas-y-sociales\/#respond"]}]},{"@type":"WebPage","@id":"https:\/\/expressometro.mx\/index.php\/2025\/01\/13\/entrega-uaemex-equipamiento-en-beneficio-de-la-facultad-de-ciencias-politicas-y-sociales\/","url":"https:\/\/expressometro.mx\/index.php\/2025\/01\/13\/entrega-uaemex-equipamiento-en-beneficio-de-la-facultad-de-ciencias-politicas-y-sociales\/","name":"ENTREGA UAEM\u00c9X EQUIPAMIENTO EN BENEFICIO DE LA FACULTAD DE CIENCIAS POL\u00cdTICAS Y SOCIALES - Expresso Metropolitano","isPartOf":{"@id":"https:\/\/expressometro.mx\/#website"},"primaryImageOfPage":{"@id":"https:\/\/expressometro.mx\/index.php\/2025\/01\/13\/entrega-uaemex-equipamiento-en-beneficio-de-la-facultad-de-ciencias-politicas-y-sociales\/#primaryimage"},"image":{"@id":"https:\/\/expressometro.mx\/index.php\/2025\/01\/13\/entrega-uaemex-equipamiento-en-beneficio-de-la-facultad-de-ciencias-politicas-y-sociales\/#primaryimage"},"thumbnailUrl":"https:\/\/expressometro.mx\/wp-content\/uploads\/2025\/02\/WhatsApp-Image-2025-02-01-at-5.43.14-PM.jpeg","datePublished":"2025-01-13T23:40:48+00:00","dateModified":"2025-02-01T23:44:59+00:00","breadcrumb":{"@id":"https:\/\/expressometro.mx\/index.php\/2025\/01\/13\/entrega-uaemex-equipamiento-en-beneficio-de-la-facultad-de-ciencias-politicas-y-sociales\/#breadcrumb"},"inLanguage":"es","potentialAction":[{"@type":"ReadAction","target":["https:\/\/expressometro.mx\/index.php\/2025\/01\/13\/entrega-uaemex-equipamiento-en-beneficio-de-la-facultad-de-ciencias-politicas-y-sociales\/"]}]},{"@type":"ImageObject","inLanguage":"es","@id":"https:\/\/expressometro.mx\/index.php\/2025\/01\/13\/entrega-uaemex-equipamiento-en-beneficio-de-la-facultad-de-ciencias-politicas-y-sociales\/#primaryimage","url":"https:\/\/expressometro.mx\/wp-content\/uploads\/2025\/02\/WhatsApp-Image-2025-02-01-at-5.43.14-PM.jpeg","contentUrl":"https:\/\/expressometro.mx\/wp-content\/uploads\/2025\/02\/WhatsApp-Image-2025-02-01-at-5.43.14-PM.jpeg","width":800,"height":533},{"@type":"BreadcrumbList","@id":"https:\/\/expressometro.mx\/index.php\/2025\/01\/13\/entrega-uaemex-equipamiento-en-beneficio-de-la-facultad-de-ciencias-politicas-y-sociales\/#breadcrumb","itemListElement":[{"@type":"ListItem","position":1,"name":"Inicio","item":"https:\/\/expressometro.mx\/"},{"@type":"ListItem","position":2,"name":"ENTREGA UAEM\u00c9X EQUIPAMIENTO EN BENEFICIO DE LA FACULTAD DE CIENCIAS POL\u00cdTICAS Y SOCIALES"}]},{"@type":"WebSite","@id":"https:\/\/expressometro.mx\/#website","url":"https:\/\/expressometro.mx\/","name":"Expresso Metropolitano","description":"Periodismo comprometido, informaci\u00f3n, investigaci\u00f3n y an\u00e1lisis","publisher":{"@id":"https:\/\/expressometro.mx\/#organization"},"potentialAction":[{"@type":"SearchAction","target":{"@type":"EntryPoint","urlTemplate":"https:\/\/expressometro.mx\/?s={search_term_string}"},"query-input":{"@type":"PropertyValueSpecification","valueRequired":true,"valueName":"search_term_string"}}],"inLanguage":"es"},{"@type":"Organization","@id":"https:\/\/expressometro.mx\/#organization","name":"Expresso Metropolitano","url":"https:\/\/expressometro.mx\/","logo":{"@type":"ImageObject","inLanguage":"es","@id":"https:\/\/expressometro.mx\/#\/schema\/logo\/image\/","url":"https:\/\/expressometro.mx\/wp-content\/uploads\/2019\/07\/cropped-Logo-Expresso-Metropolitano-1-1.jpeg","contentUrl":"https:\/\/expressometro.mx\/wp-content\/uploads\/2019\/07\/cropped-Logo-Expresso-Metropolitano-1-1.jpeg","width":290,"height":73,"caption":"Expresso Metropolitano"},"image":{"@id":"https:\/\/expressometro.mx\/#\/schema\/logo\/image\/"}},{"@type":"Person","@id":"https:\/\/expressometro.mx\/#\/schema\/person\/67a95b8e3862085c7598f66237488f1f","name":"Cecilia Vega","image":{"@type":"ImageObject","inLanguage":"es","@id":"https:\/\/secure.gravatar.com\/avatar\/13aae9944ab2ee472a9e407c9487fdbd03b049abaa559af32fe5dbcf615c981b?s=96&d=mm&r=g","url":"https:\/\/secure.gravatar.com\/avatar\/13aae9944ab2ee472a9e407c9487fdbd03b049abaa559af32fe5dbcf615c981b?s=96&d=mm&r=g","contentUrl":"https:\/\/secure.gravatar.com\/avatar\/13aae9944ab2ee472a9e407c9487fdbd03b049abaa559af32fe5dbcf615c981b?s=96&d=mm&r=g","caption":"Cecilia Vega"},"url":"https:\/\/expressometro.mx\/index.php\/author\/cecilia-vega\/"}]}},"amp_enabled":true,"_links":{"self":[{"href":"https:\/\/expressometro.mx\/index.php\/wp-json\/wp\/v2\/posts\/10794","targetHints":{"allow":["GET"]}}],"collection":[{"href":"https:\/\/expressometro.mx\/index.php\/wp-json\/wp\/v2\/posts"}],"about":[{"href":"https:\/\/expressometro.mx\/index.php\/wp-json\/wp\/v2\/types\/post"}],"author":[{"embeddable":true,"href":"https:\/\/expressometro.mx\/index.php\/wp-json\/wp\/v2\/users\/2"}],"replies":[{"embeddable":true,"href":"https:\/\/expressometro.mx\/index.php\/wp-json\/wp\/v2\/comments?post=10794"}],"version-history":[{"count":1,"href":"https:\/\/expressometro.mx\/index.php\/wp-json\/wp\/v2\/posts\/10794\/revisions"}],"predecessor-version":[{"id":10798,"href":"https:\/\/expressometro.mx\/index.php\/wp-json\/wp\/v2\/posts\/10794\/revisions\/10798"}],"wp:featuredmedia":[{"embeddable":true,"href":"https:\/\/expressometro.mx\/index.php\/wp-json\/wp\/v2\/media\/10796"}],"wp:attachment":[{"href":"https:\/\/expressometro.mx\/index.php\/wp-json\/wp\/v2\/media?parent=10794"}],"wp:term":[{"taxonomy":"category","embeddable":true,"href":"https:\/\/expressometro.mx\/index.php\/wp-json\/wp\/v2\/categories?post=10794"},{"taxonomy":"post_tag","embeddable":true,"href":"https:\/\/expressometro.mx\/index.php\/wp-json\/wp\/v2\/tags?post=10794"}],"curies":[{"name":"wp","href":"https:\/\/api.w.org\/{rel}","templated":true}]}}