{"id":10782,"date":"2025-01-08T17:22:25","date_gmt":"2025-01-08T23:22:25","guid":{"rendered":"https:\/\/expressometro.mx\/?p=10782"},"modified":"2025-02-01T17:30:35","modified_gmt":"2025-02-01T23:30:35","slug":"facultad-de-medicina-uaemex-insignia-de-excelencia-academica-cebd","status":"publish","type":"post","link":"https:\/\/expressometro.mx\/index.php\/2025\/01\/08\/facultad-de-medicina-uaemex-insignia-de-excelencia-academica-cebd\/","title":{"rendered":"FACULTAD DE MEDICINA UAEM\u00c9X, INSIGNIA DE EXCELENCIA ACAD\u00c9MICA: CEBD"},"content":{"rendered":"\n<ul class=\"wp-block-list\">\n<li>El rector de la UAEM\u00e9x, Carlos Eduardo Barrera D\u00edaz, encabez\u00f3 el segundo informe anual de actividades del director de este espacio universitario, Hugo Mendieta Zer\u00f3n.<\/li>\n\n\n\n<li>Barrera D\u00edaz entreg\u00f3 el Laboratorio de Fisiolog\u00eda y Fisiopatolog\u00eda del Sue\u00f1o, una obra \u00fanica en el pa\u00eds, realizada en conjunto con el Instituto de Seguridad y Servicios Sociales de los Trabajadores del Estado (ISSSTE) y la empresa Grupo INFRA.<\/li>\n<\/ul>\n\n\n\n<p>La Facultad de Medicina de la Universidad Aut\u00f3noma del Estado de M\u00e9xico (UAEM\u00e9x) es insignia de excelencia acad\u00e9mica y compromiso \u00e9tico con la sociedad mexicana, puntualiz\u00f3 el rector Carlos Eduardo Barrera D\u00edaz, durante el segundo informe anual de actividades del director de este espacio universitario, Hugo Mendieta Zer\u00f3n.<\/p>\n\n\n\n<p>Previo a este ejercicio de transparencia, Barrera D\u00edaz entreg\u00f3 el Laboratorio de Fisiolog\u00eda y Fisiopatolog\u00eda del Sue\u00f1o, una obra \u00fanica en el pa\u00eds destinada a la formaci\u00f3n de universitarias y universitarios comprometidos con la salud, realizada en conjunto con el Instituto de Seguridad y Servicios Sociales de los Trabajadores del Estado (ISSSTE) y la empresa Grupo INFRA.<\/p>\n\n\n\n<p>Asimismo, hizo entrega de un sistema de captaci\u00f3n de agua pluvial con posibilidad de almacenar 20 mil litros de agua tratada, equipo tecnol\u00f3gico, cient\u00edfico y de laboratorio para la Facultad de Medicina con un valor de seis millones de pesos, as\u00ed como 15 c\u00e1maras de seguridad, 15 computadoras y 15 sillas para personal administrativo, con el prop\u00f3sito de fortalecer sus actividades acad\u00e9micas.<\/p>\n\n\n\n<figure class=\"wp-block-image size-large\"><img decoding=\"async\" width=\"720\" height=\"480\" src=\"https:\/\/expressometro.mx\/wp-content\/uploads\/2025\/02\/WhatsApp-Image-2025-02-01-at-5.24.57-PM-720x480.jpeg\" alt=\"\" class=\"wp-image-10785\" srcset=\"https:\/\/expressometro.mx\/wp-content\/uploads\/2025\/02\/WhatsApp-Image-2025-02-01-at-5.24.57-PM-720x480.jpeg 720w, https:\/\/expressometro.mx\/wp-content\/uploads\/2025\/02\/WhatsApp-Image-2025-02-01-at-5.24.57-PM-548x365.jpeg 548w, https:\/\/expressometro.mx\/wp-content\/uploads\/2025\/02\/WhatsApp-Image-2025-02-01-at-5.24.57-PM-768x512.jpeg 768w, https:\/\/expressometro.mx\/wp-content\/uploads\/2025\/02\/WhatsApp-Image-2025-02-01-at-5.24.57-PM.jpeg 800w\" sizes=\"(max-width: 720px) 100vw, 720px\" \/><\/figure>\n\n\n\n<p>El rector de la M\u00e1xima Casa de Estudios mexiquense coment\u00f3 que la formaci\u00f3n que se imparte en este espacio acad\u00e9mico es de excelencia, pues sus licenciaturas en Nutrici\u00f3n, Bioingenier\u00eda M\u00e9dica y M\u00e9dico Cirujano se encuentran acreditadas, destacando esta \u00faltima, pues en un hecho hist\u00f3rico obtuvo una acreditaci\u00f3n internacional por el Consejo Mexicano para la Acreditaci\u00f3n de la Educaci\u00f3n M\u00e9dica (COMAEM).<\/p>\n\n\n\n<p>En este sentido, explic\u00f3 que la investigaci\u00f3n es un pilar fundamental para la Facultad de Medicina, pues en el \u00faltimo a\u00f1o, 47 profesoras y profesores investigadores ejercieron m\u00e1s de 17 millones de pesos en 15 proyectos, adem\u00e1s de la creaci\u00f3n de un total de 82 productos acad\u00e9micos donde destacan art\u00edculos cient\u00edficos en revistas internacionales y en publicaciones cient\u00edficas peri\u00f3dicas nacionales.<\/p>\n\n\n\n<p>Barrera D\u00edaz asever\u00f3 que la comunidad docente ejerce una labor invaluable para la formaci\u00f3n de las y los futuros profesionales comprometidos con su entorno; por ello, 337 docentes han participado activa y exitosamente en 511 cursos de capacitaci\u00f3n para perfeccionar sus competencias did\u00e1cticas y actualizar sus capacidades disciplinares.<\/p>\n\n\n\n<p>Como parte de este acto, Mendieta Zer\u00f3n hizo entrega de un reconocimiento al rector de la UAEM\u00e9x, por su gesti\u00f3n universitaria a favor de la comunidad docente, estudiantil y administrativa de este espacio acad\u00e9mico.<\/p>\n\n\n\n<p>Asimismo, indic\u00f3 que en el periodo que se informa, la Facultad de Medicina redujo su \u00edndice de abandono escolar de 9.8 al seis por ciento; adem\u00e1s, con apoyos como tutor\u00eda acad\u00e9mica y becas se logr\u00f3 una tasa de eficiencia terminal global de casi 80 por ciento, lo cual representa un gran compromiso con la calidad educativa de su comunidad universitaria.<\/p>\n\n\n\n<p>Mendieta Zer\u00f3n explic\u00f3 que este espacio acad\u00e9mico cuenta con una oferta de 33 especialidades, de las cuales, 31 est\u00e1n acreditadas por la Comisi\u00f3n Interinstitucional para la Formaci\u00f3n de Recursos Humanos para la Salud (CIFRHS), ofreciendo programas de posgrado con alta pertinencia social.<\/p>\n\n\n\n<p>Al acto asistieron la secretaria de Planeaci\u00f3n y Desarrollo Institucional, Mar\u00eda Esther Aurora Contreras Lara Vega; el profesor consejero universitario, Jos\u00e9 de Jes\u00fas Gardu\u00f1o Garc\u00eda; la alumna consejera universitaria, Camila Cruz Uri\u00f3stegui; invitados de los sectores salud y p\u00fablico de los \u00e1mbitos municipal y estatal, integrantes de los consejos de Gobierno y Acad\u00e9mico, as\u00ed como del Colegio de Directores y comunidad auriverde.<\/p>\n","protected":false},"excerpt":{"rendered":"<p>El rector de la UAEM\u00e9x, Carlos Eduardo Barrera D\u00edaz, encabez\u00f3 el segundo informe anual de actividades del director de este espacio universitario, Hugo Mendieta Zer\u00f3n.<\/p>\n","protected":false},"author":1,"featured_media":10784,"comment_status":"open","ping_status":"open","sticky":false,"template":"","format":"standard","meta":{"footnotes":""},"categories":[108,3,1,231],"tags":[313,1982,86,82],"class_list":["post-10782","post","type-post","status-publish","format-standard","has-post-thumbnail","hentry","category-educacion","category-gobierno","category-otros","category-politica","tag-carlos-eduardo-barrera-diaz","tag-edomex","tag-gem","tag-uaemex"],"yoast_head":"<!-- This site is optimized with the Yoast SEO plugin v27.4 - https:\/\/yoast.com\/product\/yoast-seo-wordpress\/ -->\n<title>FACULTAD DE MEDICINA UAEM\u00c9X, INSIGNIA DE EXCELENCIA ACAD\u00c9MICA: CEBD - Expresso Metropolitano<\/title>\n<meta name=\"robots\" content=\"index, follow, max-snippet:-1, max-image-preview:large, max-video-preview:-1\" \/>\n<link rel=\"canonical\" href=\"https:\/\/expressometro.mx\/index.php\/2025\/01\/08\/facultad-de-medicina-uaemex-insignia-de-excelencia-academica-cebd\/\" \/>\n<meta property=\"og:locale\" content=\"es_MX\" \/>\n<meta property=\"og:type\" content=\"article\" \/>\n<meta property=\"og:title\" content=\"FACULTAD DE MEDICINA UAEM\u00c9X, INSIGNIA DE EXCELENCIA ACAD\u00c9MICA: CEBD - Expresso Metropolitano\" \/>\n<meta property=\"og:description\" content=\"El rector de la UAEM\u00e9x, Carlos Eduardo Barrera D\u00edaz, encabez\u00f3 el segundo informe anual de actividades del director de este espacio universitario, Hugo Mendieta Zer\u00f3n.\" \/>\n<meta property=\"og:url\" content=\"https:\/\/expressometro.mx\/index.php\/2025\/01\/08\/facultad-de-medicina-uaemex-insignia-de-excelencia-academica-cebd\/\" \/>\n<meta property=\"og:site_name\" content=\"Expresso Metropolitano\" \/>\n<meta property=\"article:published_time\" content=\"2025-01-08T23:22:25+00:00\" \/>\n<meta property=\"article:modified_time\" content=\"2025-02-01T23:30:35+00:00\" \/>\n<meta property=\"og:image\" content=\"http:\/\/expressometro.mx\/wp-content\/uploads\/2025\/02\/WhatsApp-Image-2025-02-01-at-5.24.42-PM.jpeg\" \/>\n\t<meta property=\"og:image:width\" content=\"1280\" \/>\n\t<meta property=\"og:image:height\" content=\"605\" \/>\n\t<meta property=\"og:image:type\" content=\"image\/jpeg\" \/>\n<meta name=\"author\" content=\"Expresso Metropolitano\" \/>\n<meta name=\"twitter:label1\" content=\"Escrito por\" \/>\n\t<meta name=\"twitter:data1\" content=\"Expresso Metropolitano\" \/>\n\t<meta name=\"twitter:label2\" content=\"Tiempo de lectura\" \/>\n\t<meta name=\"twitter:data2\" content=\"4 minutos\" \/>\n<script type=\"application\/ld+json\" class=\"yoast-schema-graph\">{\"@context\":\"https:\\\/\\\/schema.org\",\"@graph\":[{\"@type\":\"Article\",\"@id\":\"https:\\\/\\\/expressometro.mx\\\/index.php\\\/2025\\\/01\\\/08\\\/facultad-de-medicina-uaemex-insignia-de-excelencia-academica-cebd\\\/#article\",\"isPartOf\":{\"@id\":\"https:\\\/\\\/expressometro.mx\\\/index.php\\\/2025\\\/01\\\/08\\\/facultad-de-medicina-uaemex-insignia-de-excelencia-academica-cebd\\\/\"},\"author\":{\"name\":\"Expresso Metropolitano\",\"@id\":\"https:\\\/\\\/expressometro.mx\\\/#\\\/schema\\\/person\\\/efa971b4a0664db8ed5c22b1b0dd2f5d\"},\"headline\":\"FACULTAD DE MEDICINA UAEM\u00c9X, INSIGNIA DE EXCELENCIA ACAD\u00c9MICA: CEBD\",\"datePublished\":\"2025-01-08T23:22:25+00:00\",\"dateModified\":\"2025-02-01T23:30:35+00:00\",\"mainEntityOfPage\":{\"@id\":\"https:\\\/\\\/expressometro.mx\\\/index.php\\\/2025\\\/01\\\/08\\\/facultad-de-medicina-uaemex-insignia-de-excelencia-academica-cebd\\\/\"},\"wordCount\":666,\"commentCount\":0,\"publisher\":{\"@id\":\"https:\\\/\\\/expressometro.mx\\\/#organization\"},\"image\":{\"@id\":\"https:\\\/\\\/expressometro.mx\\\/index.php\\\/2025\\\/01\\\/08\\\/facultad-de-medicina-uaemex-insignia-de-excelencia-academica-cebd\\\/#primaryimage\"},\"thumbnailUrl\":\"https:\\\/\\\/expressometro.mx\\\/wp-content\\\/uploads\\\/2025\\\/02\\\/WhatsApp-Image-2025-02-01-at-5.24.42-PM.jpeg\",\"keywords\":[\"Carlos Eduardo Barrera D\u00edaz\",\"Edomex\",\"GEM\",\"UAEMex\"],\"articleSection\":[\"Educaci\u00f3n\",\"Gobierno\",\"Otros\",\"Pol\u00edtica\"],\"inLanguage\":\"es\",\"potentialAction\":[{\"@type\":\"CommentAction\",\"name\":\"Comment\",\"target\":[\"https:\\\/\\\/expressometro.mx\\\/index.php\\\/2025\\\/01\\\/08\\\/facultad-de-medicina-uaemex-insignia-de-excelencia-academica-cebd\\\/#respond\"]}]},{\"@type\":\"WebPage\",\"@id\":\"https:\\\/\\\/expressometro.mx\\\/index.php\\\/2025\\\/01\\\/08\\\/facultad-de-medicina-uaemex-insignia-de-excelencia-academica-cebd\\\/\",\"url\":\"https:\\\/\\\/expressometro.mx\\\/index.php\\\/2025\\\/01\\\/08\\\/facultad-de-medicina-uaemex-insignia-de-excelencia-academica-cebd\\\/\",\"name\":\"FACULTAD DE MEDICINA UAEM\u00c9X, INSIGNIA DE EXCELENCIA ACAD\u00c9MICA: CEBD - Expresso Metropolitano\",\"isPartOf\":{\"@id\":\"https:\\\/\\\/expressometro.mx\\\/#website\"},\"primaryImageOfPage\":{\"@id\":\"https:\\\/\\\/expressometro.mx\\\/index.php\\\/2025\\\/01\\\/08\\\/facultad-de-medicina-uaemex-insignia-de-excelencia-academica-cebd\\\/#primaryimage\"},\"image\":{\"@id\":\"https:\\\/\\\/expressometro.mx\\\/index.php\\\/2025\\\/01\\\/08\\\/facultad-de-medicina-uaemex-insignia-de-excelencia-academica-cebd\\\/#primaryimage\"},\"thumbnailUrl\":\"https:\\\/\\\/expressometro.mx\\\/wp-content\\\/uploads\\\/2025\\\/02\\\/WhatsApp-Image-2025-02-01-at-5.24.42-PM.jpeg\",\"datePublished\":\"2025-01-08T23:22:25+00:00\",\"dateModified\":\"2025-02-01T23:30:35+00:00\",\"breadcrumb\":{\"@id\":\"https:\\\/\\\/expressometro.mx\\\/index.php\\\/2025\\\/01\\\/08\\\/facultad-de-medicina-uaemex-insignia-de-excelencia-academica-cebd\\\/#breadcrumb\"},\"inLanguage\":\"es\",\"potentialAction\":[{\"@type\":\"ReadAction\",\"target\":[\"https:\\\/\\\/expressometro.mx\\\/index.php\\\/2025\\\/01\\\/08\\\/facultad-de-medicina-uaemex-insignia-de-excelencia-academica-cebd\\\/\"]}]},{\"@type\":\"ImageObject\",\"inLanguage\":\"es\",\"@id\":\"https:\\\/\\\/expressometro.mx\\\/index.php\\\/2025\\\/01\\\/08\\\/facultad-de-medicina-uaemex-insignia-de-excelencia-academica-cebd\\\/#primaryimage\",\"url\":\"https:\\\/\\\/expressometro.mx\\\/wp-content\\\/uploads\\\/2025\\\/02\\\/WhatsApp-Image-2025-02-01-at-5.24.42-PM.jpeg\",\"contentUrl\":\"https:\\\/\\\/expressometro.mx\\\/wp-content\\\/uploads\\\/2025\\\/02\\\/WhatsApp-Image-2025-02-01-at-5.24.42-PM.jpeg\",\"width\":1280,\"height\":605},{\"@type\":\"BreadcrumbList\",\"@id\":\"https:\\\/\\\/expressometro.mx\\\/index.php\\\/2025\\\/01\\\/08\\\/facultad-de-medicina-uaemex-insignia-de-excelencia-academica-cebd\\\/#breadcrumb\",\"itemListElement\":[{\"@type\":\"ListItem\",\"position\":1,\"name\":\"Inicio\",\"item\":\"https:\\\/\\\/expressometro.mx\\\/\"},{\"@type\":\"ListItem\",\"position\":2,\"name\":\"FACULTAD DE MEDICINA UAEM\u00c9X, INSIGNIA DE EXCELENCIA ACAD\u00c9MICA: CEBD\"}]},{\"@type\":\"WebSite\",\"@id\":\"https:\\\/\\\/expressometro.mx\\\/#website\",\"url\":\"https:\\\/\\\/expressometro.mx\\\/\",\"name\":\"Expresso Metropolitano\",\"description\":\"Periodismo comprometido, informaci\u00f3n, investigaci\u00f3n y an\u00e1lisis\",\"publisher\":{\"@id\":\"https:\\\/\\\/expressometro.mx\\\/#organization\"},\"potentialAction\":[{\"@type\":\"SearchAction\",\"target\":{\"@type\":\"EntryPoint\",\"urlTemplate\":\"https:\\\/\\\/expressometro.mx\\\/?s={search_term_string}\"},\"query-input\":{\"@type\":\"PropertyValueSpecification\",\"valueRequired\":true,\"valueName\":\"search_term_string\"}}],\"inLanguage\":\"es\"},{\"@type\":\"Organization\",\"@id\":\"https:\\\/\\\/expressometro.mx\\\/#organization\",\"name\":\"Expresso Metropolitano\",\"url\":\"https:\\\/\\\/expressometro.mx\\\/\",\"logo\":{\"@type\":\"ImageObject\",\"inLanguage\":\"es\",\"@id\":\"https:\\\/\\\/expressometro.mx\\\/#\\\/schema\\\/logo\\\/image\\\/\",\"url\":\"https:\\\/\\\/expressometro.mx\\\/wp-content\\\/uploads\\\/2019\\\/07\\\/cropped-Logo-Expresso-Metropolitano-1-1.jpeg\",\"contentUrl\":\"https:\\\/\\\/expressometro.mx\\\/wp-content\\\/uploads\\\/2019\\\/07\\\/cropped-Logo-Expresso-Metropolitano-1-1.jpeg\",\"width\":290,\"height\":73,\"caption\":\"Expresso Metropolitano\"},\"image\":{\"@id\":\"https:\\\/\\\/expressometro.mx\\\/#\\\/schema\\\/logo\\\/image\\\/\"}},{\"@type\":\"Person\",\"@id\":\"https:\\\/\\\/expressometro.mx\\\/#\\\/schema\\\/person\\\/efa971b4a0664db8ed5c22b1b0dd2f5d\",\"name\":\"Expresso Metropolitano\",\"image\":{\"@type\":\"ImageObject\",\"inLanguage\":\"es\",\"@id\":\"https:\\\/\\\/secure.gravatar.com\\\/avatar\\\/a89f802b8de18c6952f223c88d3d106e9e3679839f4e25a02f4a6cc2ae6ba3b3?s=96&d=mm&r=g\",\"url\":\"https:\\\/\\\/secure.gravatar.com\\\/avatar\\\/a89f802b8de18c6952f223c88d3d106e9e3679839f4e25a02f4a6cc2ae6ba3b3?s=96&d=mm&r=g\",\"contentUrl\":\"https:\\\/\\\/secure.gravatar.com\\\/avatar\\\/a89f802b8de18c6952f223c88d3d106e9e3679839f4e25a02f4a6cc2ae6ba3b3?s=96&d=mm&r=g\",\"caption\":\"Expresso Metropolitano\"},\"url\":\"https:\\\/\\\/expressometro.mx\\\/index.php\\\/author\\\/diego\\\/\"}]}<\/script>\n<!-- \/ Yoast SEO plugin. -->","yoast_head_json":{"title":"FACULTAD DE MEDICINA UAEM\u00c9X, INSIGNIA DE EXCELENCIA ACAD\u00c9MICA: CEBD - Expresso Metropolitano","robots":{"index":"index","follow":"follow","max-snippet":"max-snippet:-1","max-image-preview":"max-image-preview:large","max-video-preview":"max-video-preview:-1"},"canonical":"https:\/\/expressometro.mx\/index.php\/2025\/01\/08\/facultad-de-medicina-uaemex-insignia-de-excelencia-academica-cebd\/","og_locale":"es_MX","og_type":"article","og_title":"FACULTAD DE MEDICINA UAEM\u00c9X, INSIGNIA DE EXCELENCIA ACAD\u00c9MICA: CEBD - Expresso Metropolitano","og_description":"El rector de la UAEM\u00e9x, Carlos Eduardo Barrera D\u00edaz, encabez\u00f3 el segundo informe anual de actividades del director de este espacio universitario, Hugo Mendieta Zer\u00f3n.","og_url":"https:\/\/expressometro.mx\/index.php\/2025\/01\/08\/facultad-de-medicina-uaemex-insignia-de-excelencia-academica-cebd\/","og_site_name":"Expresso Metropolitano","article_published_time":"2025-01-08T23:22:25+00:00","article_modified_time":"2025-02-01T23:30:35+00:00","og_image":[{"width":1280,"height":605,"url":"http:\/\/expressometro.mx\/wp-content\/uploads\/2025\/02\/WhatsApp-Image-2025-02-01-at-5.24.42-PM.jpeg","type":"image\/jpeg"}],"author":"Expresso Metropolitano","twitter_misc":{"Escrito por":"Expresso Metropolitano","Tiempo de lectura":"4 minutos"},"schema":{"@context":"https:\/\/schema.org","@graph":[{"@type":"Article","@id":"https:\/\/expressometro.mx\/index.php\/2025\/01\/08\/facultad-de-medicina-uaemex-insignia-de-excelencia-academica-cebd\/#article","isPartOf":{"@id":"https:\/\/expressometro.mx\/index.php\/2025\/01\/08\/facultad-de-medicina-uaemex-insignia-de-excelencia-academica-cebd\/"},"author":{"name":"Expresso Metropolitano","@id":"https:\/\/expressometro.mx\/#\/schema\/person\/efa971b4a0664db8ed5c22b1b0dd2f5d"},"headline":"FACULTAD DE MEDICINA UAEM\u00c9X, INSIGNIA DE EXCELENCIA ACAD\u00c9MICA: CEBD","datePublished":"2025-01-08T23:22:25+00:00","dateModified":"2025-02-01T23:30:35+00:00","mainEntityOfPage":{"@id":"https:\/\/expressometro.mx\/index.php\/2025\/01\/08\/facultad-de-medicina-uaemex-insignia-de-excelencia-academica-cebd\/"},"wordCount":666,"commentCount":0,"publisher":{"@id":"https:\/\/expressometro.mx\/#organization"},"image":{"@id":"https:\/\/expressometro.mx\/index.php\/2025\/01\/08\/facultad-de-medicina-uaemex-insignia-de-excelencia-academica-cebd\/#primaryimage"},"thumbnailUrl":"https:\/\/expressometro.mx\/wp-content\/uploads\/2025\/02\/WhatsApp-Image-2025-02-01-at-5.24.42-PM.jpeg","keywords":["Carlos Eduardo Barrera D\u00edaz","Edomex","GEM","UAEMex"],"articleSection":["Educaci\u00f3n","Gobierno","Otros","Pol\u00edtica"],"inLanguage":"es","potentialAction":[{"@type":"CommentAction","name":"Comment","target":["https:\/\/expressometro.mx\/index.php\/2025\/01\/08\/facultad-de-medicina-uaemex-insignia-de-excelencia-academica-cebd\/#respond"]}]},{"@type":"WebPage","@id":"https:\/\/expressometro.mx\/index.php\/2025\/01\/08\/facultad-de-medicina-uaemex-insignia-de-excelencia-academica-cebd\/","url":"https:\/\/expressometro.mx\/index.php\/2025\/01\/08\/facultad-de-medicina-uaemex-insignia-de-excelencia-academica-cebd\/","name":"FACULTAD DE MEDICINA UAEM\u00c9X, INSIGNIA DE EXCELENCIA ACAD\u00c9MICA: CEBD - Expresso Metropolitano","isPartOf":{"@id":"https:\/\/expressometro.mx\/#website"},"primaryImageOfPage":{"@id":"https:\/\/expressometro.mx\/index.php\/2025\/01\/08\/facultad-de-medicina-uaemex-insignia-de-excelencia-academica-cebd\/#primaryimage"},"image":{"@id":"https:\/\/expressometro.mx\/index.php\/2025\/01\/08\/facultad-de-medicina-uaemex-insignia-de-excelencia-academica-cebd\/#primaryimage"},"thumbnailUrl":"https:\/\/expressometro.mx\/wp-content\/uploads\/2025\/02\/WhatsApp-Image-2025-02-01-at-5.24.42-PM.jpeg","datePublished":"2025-01-08T23:22:25+00:00","dateModified":"2025-02-01T23:30:35+00:00","breadcrumb":{"@id":"https:\/\/expressometro.mx\/index.php\/2025\/01\/08\/facultad-de-medicina-uaemex-insignia-de-excelencia-academica-cebd\/#breadcrumb"},"inLanguage":"es","potentialAction":[{"@type":"ReadAction","target":["https:\/\/expressometro.mx\/index.php\/2025\/01\/08\/facultad-de-medicina-uaemex-insignia-de-excelencia-academica-cebd\/"]}]},{"@type":"ImageObject","inLanguage":"es","@id":"https:\/\/expressometro.mx\/index.php\/2025\/01\/08\/facultad-de-medicina-uaemex-insignia-de-excelencia-academica-cebd\/#primaryimage","url":"https:\/\/expressometro.mx\/wp-content\/uploads\/2025\/02\/WhatsApp-Image-2025-02-01-at-5.24.42-PM.jpeg","contentUrl":"https:\/\/expressometro.mx\/wp-content\/uploads\/2025\/02\/WhatsApp-Image-2025-02-01-at-5.24.42-PM.jpeg","width":1280,"height":605},{"@type":"BreadcrumbList","@id":"https:\/\/expressometro.mx\/index.php\/2025\/01\/08\/facultad-de-medicina-uaemex-insignia-de-excelencia-academica-cebd\/#breadcrumb","itemListElement":[{"@type":"ListItem","position":1,"name":"Inicio","item":"https:\/\/expressometro.mx\/"},{"@type":"ListItem","position":2,"name":"FACULTAD DE MEDICINA UAEM\u00c9X, INSIGNIA DE EXCELENCIA ACAD\u00c9MICA: CEBD"}]},{"@type":"WebSite","@id":"https:\/\/expressometro.mx\/#website","url":"https:\/\/expressometro.mx\/","name":"Expresso Metropolitano","description":"Periodismo comprometido, informaci\u00f3n, investigaci\u00f3n y an\u00e1lisis","publisher":{"@id":"https:\/\/expressometro.mx\/#organization"},"potentialAction":[{"@type":"SearchAction","target":{"@type":"EntryPoint","urlTemplate":"https:\/\/expressometro.mx\/?s={search_term_string}"},"query-input":{"@type":"PropertyValueSpecification","valueRequired":true,"valueName":"search_term_string"}}],"inLanguage":"es"},{"@type":"Organization","@id":"https:\/\/expressometro.mx\/#organization","name":"Expresso Metropolitano","url":"https:\/\/expressometro.mx\/","logo":{"@type":"ImageObject","inLanguage":"es","@id":"https:\/\/expressometro.mx\/#\/schema\/logo\/image\/","url":"https:\/\/expressometro.mx\/wp-content\/uploads\/2019\/07\/cropped-Logo-Expresso-Metropolitano-1-1.jpeg","contentUrl":"https:\/\/expressometro.mx\/wp-content\/uploads\/2019\/07\/cropped-Logo-Expresso-Metropolitano-1-1.jpeg","width":290,"height":73,"caption":"Expresso Metropolitano"},"image":{"@id":"https:\/\/expressometro.mx\/#\/schema\/logo\/image\/"}},{"@type":"Person","@id":"https:\/\/expressometro.mx\/#\/schema\/person\/efa971b4a0664db8ed5c22b1b0dd2f5d","name":"Expresso Metropolitano","image":{"@type":"ImageObject","inLanguage":"es","@id":"https:\/\/secure.gravatar.com\/avatar\/a89f802b8de18c6952f223c88d3d106e9e3679839f4e25a02f4a6cc2ae6ba3b3?s=96&d=mm&r=g","url":"https:\/\/secure.gravatar.com\/avatar\/a89f802b8de18c6952f223c88d3d106e9e3679839f4e25a02f4a6cc2ae6ba3b3?s=96&d=mm&r=g","contentUrl":"https:\/\/secure.gravatar.com\/avatar\/a89f802b8de18c6952f223c88d3d106e9e3679839f4e25a02f4a6cc2ae6ba3b3?s=96&d=mm&r=g","caption":"Expresso Metropolitano"},"url":"https:\/\/expressometro.mx\/index.php\/author\/diego\/"}]}},"amp_enabled":true,"_links":{"self":[{"href":"https:\/\/expressometro.mx\/index.php\/wp-json\/wp\/v2\/posts\/10782","targetHints":{"allow":["GET"]}}],"collection":[{"href":"https:\/\/expressometro.mx\/index.php\/wp-json\/wp\/v2\/posts"}],"about":[{"href":"https:\/\/expressometro.mx\/index.php\/wp-json\/wp\/v2\/types\/post"}],"author":[{"embeddable":true,"href":"https:\/\/expressometro.mx\/index.php\/wp-json\/wp\/v2\/users\/1"}],"replies":[{"embeddable":true,"href":"https:\/\/expressometro.mx\/index.php\/wp-json\/wp\/v2\/comments?post=10782"}],"version-history":[{"count":1,"href":"https:\/\/expressometro.mx\/index.php\/wp-json\/wp\/v2\/posts\/10782\/revisions"}],"predecessor-version":[{"id":10786,"href":"https:\/\/expressometro.mx\/index.php\/wp-json\/wp\/v2\/posts\/10782\/revisions\/10786"}],"wp:featuredmedia":[{"embeddable":true,"href":"https:\/\/expressometro.mx\/index.php\/wp-json\/wp\/v2\/media\/10784"}],"wp:attachment":[{"href":"https:\/\/expressometro.mx\/index.php\/wp-json\/wp\/v2\/media?parent=10782"}],"wp:term":[{"taxonomy":"category","embeddable":true,"href":"https:\/\/expressometro.mx\/index.php\/wp-json\/wp\/v2\/categories?post=10782"},{"taxonomy":"post_tag","embeddable":true,"href":"https:\/\/expressometro.mx\/index.php\/wp-json\/wp\/v2\/tags?post=10782"}],"curies":[{"name":"wp","href":"https:\/\/api.w.org\/{rel}","templated":true}]}}