{"id":10776,"date":"2025-01-06T17:19:23","date_gmt":"2025-01-06T23:19:23","guid":{"rendered":"https:\/\/expressometro.mx\/?p=10776"},"modified":"2025-02-01T17:21:59","modified_gmt":"2025-02-01T23:21:59","slug":"uaemex-comprometida-con-las-necesidades-de-su-personal-docente-y-administrativo","status":"publish","type":"post","link":"https:\/\/expressometro.mx\/index.php\/2025\/01\/06\/uaemex-comprometida-con-las-necesidades-de-su-personal-docente-y-administrativo\/","title":{"rendered":"UAEM\u00c9X COMPROMETIDA CON LAS NECESIDADES DE SU PERSONAL DOCENTE Y ADMINISTRATIVO"},"content":{"rendered":"\n<ul class=\"wp-block-list\">\n<li>El rector de la UAEM\u00e9x, Carlos Eduardo Barrera D\u00edaz, encabez\u00f3 la instalaci\u00f3n de la Comisi\u00f3n Mixta Temporal para la Revisi\u00f3n Salarial 2025 con la Federaci\u00f3n de Asociaciones Aut\u00f3nomas de Personal Acad\u00e9mico (FAAPAUAEM) y el Sindicato \u00danico de Trabajadores y Empleados al Servicio de la Aut\u00f3noma mexiquense (SUTESUAEM).<\/li>\n\n\n\n<li>Barrera D\u00edaz agradeci\u00f3 a la gobernadora estatal, Delfina G\u00f3mez \u00c1lvarez y a quienes integran la LXII Legislatura mexiquense por el aumento presupuestal otorgado a su comunidad auriverde.<\/li>\n<\/ul>\n\n\n\n<p>Con el compromiso de garantizar la aplicaci\u00f3n correcta del recurso para establecer mejores condiciones laborales, el rector de la Universidad Aut\u00f3noma del Estado de M\u00e9xico (UAEM\u00e9x), Carlos Eduardo Barrera D\u00edaz, encabez\u00f3 la instalaci\u00f3n de la Comisi\u00f3n Mixta Temporal para la Revisi\u00f3n Salarial 2025 con la Federaci\u00f3n de Asociaciones Aut\u00f3nomas de Personal Acad\u00e9mico (FAAPAUAEM) y el Sindicato \u00danico de Trabajadores y Empleados al Servicio de la Aut\u00f3noma mexiquense (SUTESUAEM).<\/p>\n\n\n\n<p>En reuniones separadas y acompa\u00f1ado de los secretarios generales de la FAAPAUAEM, Gilda Gonz\u00e1lez Villase\u00f1or, y del SUTESUAEM, Pedro Rodr\u00edguez Magallanes, Barrera D\u00edaz agradeci\u00f3 a la gobernadora Delfina G\u00f3mez \u00c1lvarez y a quienes integran la LXII Legislatura mexiquense por el incremento otorgado a su comunidad universitaria, pues este apoyo establecer\u00e1 mejores condiciones laborales y permitir\u00e1 tener cobertura educativa en los municipios de Tec\u00e1mac e Ixtapan de la Sal.<\/p>\n\n\n\n<p>En la Sala \u201cDr. Gustavo Baz Prada\u201d del Edificio de Rector\u00eda, Barrera D\u00edaz destac\u00f3 que a trav\u00e9s de sanas relaciones de confianza, respeto y empat\u00eda con sus sindicatos, la M\u00e1xima Casa de Estudios mexiquense reitera su compromiso con la transparencia y rendici\u00f3n de cuentas, al aplicar eficientemente sus recursos en beneficio de la comunidad y dando certidumbre y seguridad a las y los trabajadores auriverdes.<\/p>\n\n\n\n<figure class=\"wp-block-image size-large\"><img loading=\"lazy\" decoding=\"async\" width=\"840\" height=\"446\" src=\"https:\/\/expressometro.mx\/wp-content\/uploads\/2025\/02\/WhatsApp-Image-2025-02-01-at-5.20.21-PM-840x446.jpeg\" alt=\"\" class=\"wp-image-10779\" srcset=\"https:\/\/expressometro.mx\/wp-content\/uploads\/2025\/02\/WhatsApp-Image-2025-02-01-at-5.20.21-PM-840x446.jpeg 840w, https:\/\/expressometro.mx\/wp-content\/uploads\/2025\/02\/WhatsApp-Image-2025-02-01-at-5.20.21-PM-660x351.jpeg 660w, https:\/\/expressometro.mx\/wp-content\/uploads\/2025\/02\/WhatsApp-Image-2025-02-01-at-5.20.21-PM-768x408.jpeg 768w, https:\/\/expressometro.mx\/wp-content\/uploads\/2025\/02\/WhatsApp-Image-2025-02-01-at-5.20.21-PM.jpeg 1024w\" sizes=\"auto, (max-width: 840px) 100vw, 840px\" \/><\/figure>\n\n\n\n<p>En este sentido, el rector de la Aut\u00f3noma mexiquense asever\u00f3 que por la calidad de su oferta acad\u00e9mica y pertinencia social, esta instituci\u00f3n fue reconocida por cuarto a\u00f1o consecutivo como la mejor universidad p\u00fablica estatal del pa\u00eds, todo ello respaldado por una administraci\u00f3n honesta y eficiente, por lo cual se seguir\u00e1 trabajando para la consolidaci\u00f3n de acuerdos que garanticen el bienestar de su comunidad auriverde.<\/p>\n\n\n\n<p>\u201cLa instalaci\u00f3n de estas mesas de trabajo se dan en un ambiente de di\u00e1logo cooperativo, de respeto y empat\u00eda; por esta raz\u00f3n, se producir\u00e1n acuerdos mutuamente beneficiosos que sentar\u00e1n s\u00f3lidas bases para el bienestar de las y los trabajadores universitarios\u201d, dijo.<\/p>\n\n\n\n<p>Por su parte, Gonz\u00e1lez Villase\u00f1or enfatiz\u00f3 que establecer negociaciones sobre el salario es un acto de total justicia hacia las y los trabajadores universitarios, pues adem\u00e1s de atender sus necesidades, se reconoce su esfuerzo y responsabilidad que sientan las bases de una instituci\u00f3n que destaca a nivel internacional por su calidad educativa, contribuyendo a la creaci\u00f3n de una comunidad acad\u00e9mica equitativa y solidaria.<\/p>\n\n\n\n<p>En tanto, Rodr\u00edguez Magallanes reconoci\u00f3 a la Administraci\u00f3n Universitaria 2021-2025, pues esta gesti\u00f3n se ha caracterizado por su alto compromiso y responsabilidad, por lo cual agradeci\u00f3 a Barrera D\u00edaz por su esfuerzo en la b\u00fasqueda de mejores condiciones laborales para todas y todos sus trabajadores. A estas instalaciones asistieron las personas titulares de las secretar\u00edas de Administraci\u00f3n de la UAEM\u00e9x, Er\u00e9ndira Fierro Moreno, y de Finanzas, Octavio Bernal Ramos; la abogada general, Luz Mar\u00eda Jaimes Legorreta; integrantes del Gabinete Universitario, as\u00ed como los comit\u00e9s ejecutivos de ambas organizaciones gremiales.<\/p>\n","protected":false},"excerpt":{"rendered":"<p>El rector de la UAEM\u00e9x, Carlos Eduardo Barrera D\u00edaz, encabez\u00f3 la instalaci\u00f3n de la Comisi\u00f3n Mixta Temporal para la Revisi\u00f3n Salarial 2025 con la Federaci\u00f3n de Asociaciones Aut\u00f3nomas de Personal Acad\u00e9mico (FAAPAUAEM) y el Sindicato \u00danico de Trabajadores y Empleados al Servicio de la Aut\u00f3noma mexiquense (SUTESUAEM).<\/p>\n","protected":false},"author":1,"featured_media":10778,"comment_status":"open","ping_status":"open","sticky":false,"template":"","format":"standard","meta":{"footnotes":""},"categories":[108,3,1,231],"tags":[313,1982,86,82],"class_list":["post-10776","post","type-post","status-publish","format-standard","has-post-thumbnail","hentry","category-educacion","category-gobierno","category-otros","category-politica","tag-carlos-eduardo-barrera-diaz","tag-edomex","tag-gem","tag-uaemex"],"yoast_head":"<!-- This site is optimized with the Yoast SEO plugin v27.5 - https:\/\/yoast.com\/product\/yoast-seo-wordpress\/ -->\n<title>UAEM\u00c9X COMPROMETIDA CON LAS NECESIDADES DE SU PERSONAL DOCENTE Y ADMINISTRATIVO - Expresso Metropolitano<\/title>\n<meta name=\"robots\" content=\"index, follow, max-snippet:-1, max-image-preview:large, max-video-preview:-1\" \/>\n<link rel=\"canonical\" href=\"https:\/\/expressometro.mx\/index.php\/2025\/01\/06\/uaemex-comprometida-con-las-necesidades-de-su-personal-docente-y-administrativo\/\" \/>\n<meta property=\"og:locale\" content=\"es_MX\" \/>\n<meta property=\"og:type\" content=\"article\" \/>\n<meta property=\"og:title\" content=\"UAEM\u00c9X COMPROMETIDA CON LAS NECESIDADES DE SU PERSONAL DOCENTE Y ADMINISTRATIVO - Expresso Metropolitano\" \/>\n<meta property=\"og:description\" content=\"El rector de la UAEM\u00e9x, Carlos Eduardo Barrera D\u00edaz, encabez\u00f3 la instalaci\u00f3n de la Comisi\u00f3n Mixta Temporal para la Revisi\u00f3n Salarial 2025 con la Federaci\u00f3n de Asociaciones Aut\u00f3nomas de Personal Acad\u00e9mico (FAAPAUAEM) y el Sindicato \u00danico de Trabajadores y Empleados al Servicio de la Aut\u00f3noma mexiquense (SUTESUAEM).\" \/>\n<meta property=\"og:url\" content=\"https:\/\/expressometro.mx\/index.php\/2025\/01\/06\/uaemex-comprometida-con-las-necesidades-de-su-personal-docente-y-administrativo\/\" \/>\n<meta property=\"og:site_name\" content=\"Expresso Metropolitano\" \/>\n<meta property=\"article:published_time\" content=\"2025-01-06T23:19:23+00:00\" \/>\n<meta property=\"article:modified_time\" content=\"2025-02-01T23:21:59+00:00\" \/>\n<meta property=\"og:image\" content=\"http:\/\/expressometro.mx\/wp-content\/uploads\/2025\/02\/WhatsApp-Image-2025-02-01-at-5.19.54-PM.jpeg\" \/>\n\t<meta property=\"og:image:width\" content=\"800\" \/>\n\t<meta property=\"og:image:height\" content=\"533\" \/>\n\t<meta property=\"og:image:type\" content=\"image\/jpeg\" \/>\n<meta name=\"author\" content=\"Expresso Metropolitano\" \/>\n<meta name=\"twitter:label1\" content=\"Escrito por\" \/>\n\t<meta name=\"twitter:data1\" content=\"Expresso Metropolitano\" \/>\n\t<meta name=\"twitter:label2\" content=\"Tiempo de lectura\" \/>\n\t<meta name=\"twitter:data2\" content=\"3 minutos\" \/>\n<script type=\"application\/ld+json\" class=\"yoast-schema-graph\">{\"@context\":\"https:\\\/\\\/schema.org\",\"@graph\":[{\"@type\":\"Article\",\"@id\":\"https:\\\/\\\/expressometro.mx\\\/index.php\\\/2025\\\/01\\\/06\\\/uaemex-comprometida-con-las-necesidades-de-su-personal-docente-y-administrativo\\\/#article\",\"isPartOf\":{\"@id\":\"https:\\\/\\\/expressometro.mx\\\/index.php\\\/2025\\\/01\\\/06\\\/uaemex-comprometida-con-las-necesidades-de-su-personal-docente-y-administrativo\\\/\"},\"author\":{\"name\":\"Expresso Metropolitano\",\"@id\":\"https:\\\/\\\/expressometro.mx\\\/#\\\/schema\\\/person\\\/efa971b4a0664db8ed5c22b1b0dd2f5d\"},\"headline\":\"UAEM\u00c9X COMPROMETIDA CON LAS NECESIDADES DE SU PERSONAL DOCENTE Y ADMINISTRATIVO\",\"datePublished\":\"2025-01-06T23:19:23+00:00\",\"dateModified\":\"2025-02-01T23:21:59+00:00\",\"mainEntityOfPage\":{\"@id\":\"https:\\\/\\\/expressometro.mx\\\/index.php\\\/2025\\\/01\\\/06\\\/uaemex-comprometida-con-las-necesidades-de-su-personal-docente-y-administrativo\\\/\"},\"wordCount\":611,\"commentCount\":0,\"publisher\":{\"@id\":\"https:\\\/\\\/expressometro.mx\\\/#organization\"},\"image\":{\"@id\":\"https:\\\/\\\/expressometro.mx\\\/index.php\\\/2025\\\/01\\\/06\\\/uaemex-comprometida-con-las-necesidades-de-su-personal-docente-y-administrativo\\\/#primaryimage\"},\"thumbnailUrl\":\"https:\\\/\\\/expressometro.mx\\\/wp-content\\\/uploads\\\/2025\\\/02\\\/WhatsApp-Image-2025-02-01-at-5.19.54-PM.jpeg\",\"keywords\":[\"Carlos Eduardo Barrera D\u00edaz\",\"Edomex\",\"GEM\",\"UAEMex\"],\"articleSection\":[\"Educaci\u00f3n\",\"Gobierno\",\"Otros\",\"Pol\u00edtica\"],\"inLanguage\":\"es\",\"potentialAction\":[{\"@type\":\"CommentAction\",\"name\":\"Comment\",\"target\":[\"https:\\\/\\\/expressometro.mx\\\/index.php\\\/2025\\\/01\\\/06\\\/uaemex-comprometida-con-las-necesidades-de-su-personal-docente-y-administrativo\\\/#respond\"]}]},{\"@type\":\"WebPage\",\"@id\":\"https:\\\/\\\/expressometro.mx\\\/index.php\\\/2025\\\/01\\\/06\\\/uaemex-comprometida-con-las-necesidades-de-su-personal-docente-y-administrativo\\\/\",\"url\":\"https:\\\/\\\/expressometro.mx\\\/index.php\\\/2025\\\/01\\\/06\\\/uaemex-comprometida-con-las-necesidades-de-su-personal-docente-y-administrativo\\\/\",\"name\":\"UAEM\u00c9X COMPROMETIDA CON LAS NECESIDADES DE SU PERSONAL DOCENTE Y ADMINISTRATIVO - Expresso Metropolitano\",\"isPartOf\":{\"@id\":\"https:\\\/\\\/expressometro.mx\\\/#website\"},\"primaryImageOfPage\":{\"@id\":\"https:\\\/\\\/expressometro.mx\\\/index.php\\\/2025\\\/01\\\/06\\\/uaemex-comprometida-con-las-necesidades-de-su-personal-docente-y-administrativo\\\/#primaryimage\"},\"image\":{\"@id\":\"https:\\\/\\\/expressometro.mx\\\/index.php\\\/2025\\\/01\\\/06\\\/uaemex-comprometida-con-las-necesidades-de-su-personal-docente-y-administrativo\\\/#primaryimage\"},\"thumbnailUrl\":\"https:\\\/\\\/expressometro.mx\\\/wp-content\\\/uploads\\\/2025\\\/02\\\/WhatsApp-Image-2025-02-01-at-5.19.54-PM.jpeg\",\"datePublished\":\"2025-01-06T23:19:23+00:00\",\"dateModified\":\"2025-02-01T23:21:59+00:00\",\"breadcrumb\":{\"@id\":\"https:\\\/\\\/expressometro.mx\\\/index.php\\\/2025\\\/01\\\/06\\\/uaemex-comprometida-con-las-necesidades-de-su-personal-docente-y-administrativo\\\/#breadcrumb\"},\"inLanguage\":\"es\",\"potentialAction\":[{\"@type\":\"ReadAction\",\"target\":[\"https:\\\/\\\/expressometro.mx\\\/index.php\\\/2025\\\/01\\\/06\\\/uaemex-comprometida-con-las-necesidades-de-su-personal-docente-y-administrativo\\\/\"]}]},{\"@type\":\"ImageObject\",\"inLanguage\":\"es\",\"@id\":\"https:\\\/\\\/expressometro.mx\\\/index.php\\\/2025\\\/01\\\/06\\\/uaemex-comprometida-con-las-necesidades-de-su-personal-docente-y-administrativo\\\/#primaryimage\",\"url\":\"https:\\\/\\\/expressometro.mx\\\/wp-content\\\/uploads\\\/2025\\\/02\\\/WhatsApp-Image-2025-02-01-at-5.19.54-PM.jpeg\",\"contentUrl\":\"https:\\\/\\\/expressometro.mx\\\/wp-content\\\/uploads\\\/2025\\\/02\\\/WhatsApp-Image-2025-02-01-at-5.19.54-PM.jpeg\",\"width\":800,\"height\":533},{\"@type\":\"BreadcrumbList\",\"@id\":\"https:\\\/\\\/expressometro.mx\\\/index.php\\\/2025\\\/01\\\/06\\\/uaemex-comprometida-con-las-necesidades-de-su-personal-docente-y-administrativo\\\/#breadcrumb\",\"itemListElement\":[{\"@type\":\"ListItem\",\"position\":1,\"name\":\"Inicio\",\"item\":\"https:\\\/\\\/expressometro.mx\\\/\"},{\"@type\":\"ListItem\",\"position\":2,\"name\":\"UAEM\u00c9X COMPROMETIDA CON LAS NECESIDADES DE SU PERSONAL DOCENTE Y ADMINISTRATIVO\"}]},{\"@type\":\"WebSite\",\"@id\":\"https:\\\/\\\/expressometro.mx\\\/#website\",\"url\":\"https:\\\/\\\/expressometro.mx\\\/\",\"name\":\"Expresso Metropolitano\",\"description\":\"Periodismo comprometido, informaci\u00f3n, investigaci\u00f3n y an\u00e1lisis\",\"publisher\":{\"@id\":\"https:\\\/\\\/expressometro.mx\\\/#organization\"},\"potentialAction\":[{\"@type\":\"SearchAction\",\"target\":{\"@type\":\"EntryPoint\",\"urlTemplate\":\"https:\\\/\\\/expressometro.mx\\\/?s={search_term_string}\"},\"query-input\":{\"@type\":\"PropertyValueSpecification\",\"valueRequired\":true,\"valueName\":\"search_term_string\"}}],\"inLanguage\":\"es\"},{\"@type\":\"Organization\",\"@id\":\"https:\\\/\\\/expressometro.mx\\\/#organization\",\"name\":\"Expresso Metropolitano\",\"url\":\"https:\\\/\\\/expressometro.mx\\\/\",\"logo\":{\"@type\":\"ImageObject\",\"inLanguage\":\"es\",\"@id\":\"https:\\\/\\\/expressometro.mx\\\/#\\\/schema\\\/logo\\\/image\\\/\",\"url\":\"https:\\\/\\\/expressometro.mx\\\/wp-content\\\/uploads\\\/2019\\\/07\\\/cropped-Logo-Expresso-Metropolitano-1-1.jpeg\",\"contentUrl\":\"https:\\\/\\\/expressometro.mx\\\/wp-content\\\/uploads\\\/2019\\\/07\\\/cropped-Logo-Expresso-Metropolitano-1-1.jpeg\",\"width\":290,\"height\":73,\"caption\":\"Expresso Metropolitano\"},\"image\":{\"@id\":\"https:\\\/\\\/expressometro.mx\\\/#\\\/schema\\\/logo\\\/image\\\/\"}},{\"@type\":\"Person\",\"@id\":\"https:\\\/\\\/expressometro.mx\\\/#\\\/schema\\\/person\\\/efa971b4a0664db8ed5c22b1b0dd2f5d\",\"name\":\"Expresso Metropolitano\",\"image\":{\"@type\":\"ImageObject\",\"inLanguage\":\"es\",\"@id\":\"https:\\\/\\\/secure.gravatar.com\\\/avatar\\\/a89f802b8de18c6952f223c88d3d106e9e3679839f4e25a02f4a6cc2ae6ba3b3?s=96&d=mm&r=g\",\"url\":\"https:\\\/\\\/secure.gravatar.com\\\/avatar\\\/a89f802b8de18c6952f223c88d3d106e9e3679839f4e25a02f4a6cc2ae6ba3b3?s=96&d=mm&r=g\",\"contentUrl\":\"https:\\\/\\\/secure.gravatar.com\\\/avatar\\\/a89f802b8de18c6952f223c88d3d106e9e3679839f4e25a02f4a6cc2ae6ba3b3?s=96&d=mm&r=g\",\"caption\":\"Expresso Metropolitano\"},\"url\":\"https:\\\/\\\/expressometro.mx\\\/index.php\\\/author\\\/diego\\\/\"}]}<\/script>\n<!-- \/ Yoast SEO plugin. -->","yoast_head_json":{"title":"UAEM\u00c9X COMPROMETIDA CON LAS NECESIDADES DE SU PERSONAL DOCENTE Y ADMINISTRATIVO - Expresso Metropolitano","robots":{"index":"index","follow":"follow","max-snippet":"max-snippet:-1","max-image-preview":"max-image-preview:large","max-video-preview":"max-video-preview:-1"},"canonical":"https:\/\/expressometro.mx\/index.php\/2025\/01\/06\/uaemex-comprometida-con-las-necesidades-de-su-personal-docente-y-administrativo\/","og_locale":"es_MX","og_type":"article","og_title":"UAEM\u00c9X COMPROMETIDA CON LAS NECESIDADES DE SU PERSONAL DOCENTE Y ADMINISTRATIVO - Expresso Metropolitano","og_description":"El rector de la UAEM\u00e9x, Carlos Eduardo Barrera D\u00edaz, encabez\u00f3 la instalaci\u00f3n de la Comisi\u00f3n Mixta Temporal para la Revisi\u00f3n Salarial 2025 con la Federaci\u00f3n de Asociaciones Aut\u00f3nomas de Personal Acad\u00e9mico (FAAPAUAEM) y el Sindicato \u00danico de Trabajadores y Empleados al Servicio de la Aut\u00f3noma mexiquense (SUTESUAEM).","og_url":"https:\/\/expressometro.mx\/index.php\/2025\/01\/06\/uaemex-comprometida-con-las-necesidades-de-su-personal-docente-y-administrativo\/","og_site_name":"Expresso Metropolitano","article_published_time":"2025-01-06T23:19:23+00:00","article_modified_time":"2025-02-01T23:21:59+00:00","og_image":[{"width":800,"height":533,"url":"http:\/\/expressometro.mx\/wp-content\/uploads\/2025\/02\/WhatsApp-Image-2025-02-01-at-5.19.54-PM.jpeg","type":"image\/jpeg"}],"author":"Expresso Metropolitano","twitter_misc":{"Escrito por":"Expresso Metropolitano","Tiempo de lectura":"3 minutos"},"schema":{"@context":"https:\/\/schema.org","@graph":[{"@type":"Article","@id":"https:\/\/expressometro.mx\/index.php\/2025\/01\/06\/uaemex-comprometida-con-las-necesidades-de-su-personal-docente-y-administrativo\/#article","isPartOf":{"@id":"https:\/\/expressometro.mx\/index.php\/2025\/01\/06\/uaemex-comprometida-con-las-necesidades-de-su-personal-docente-y-administrativo\/"},"author":{"name":"Expresso Metropolitano","@id":"https:\/\/expressometro.mx\/#\/schema\/person\/efa971b4a0664db8ed5c22b1b0dd2f5d"},"headline":"UAEM\u00c9X COMPROMETIDA CON LAS NECESIDADES DE SU PERSONAL DOCENTE Y ADMINISTRATIVO","datePublished":"2025-01-06T23:19:23+00:00","dateModified":"2025-02-01T23:21:59+00:00","mainEntityOfPage":{"@id":"https:\/\/expressometro.mx\/index.php\/2025\/01\/06\/uaemex-comprometida-con-las-necesidades-de-su-personal-docente-y-administrativo\/"},"wordCount":611,"commentCount":0,"publisher":{"@id":"https:\/\/expressometro.mx\/#organization"},"image":{"@id":"https:\/\/expressometro.mx\/index.php\/2025\/01\/06\/uaemex-comprometida-con-las-necesidades-de-su-personal-docente-y-administrativo\/#primaryimage"},"thumbnailUrl":"https:\/\/expressometro.mx\/wp-content\/uploads\/2025\/02\/WhatsApp-Image-2025-02-01-at-5.19.54-PM.jpeg","keywords":["Carlos Eduardo Barrera D\u00edaz","Edomex","GEM","UAEMex"],"articleSection":["Educaci\u00f3n","Gobierno","Otros","Pol\u00edtica"],"inLanguage":"es","potentialAction":[{"@type":"CommentAction","name":"Comment","target":["https:\/\/expressometro.mx\/index.php\/2025\/01\/06\/uaemex-comprometida-con-las-necesidades-de-su-personal-docente-y-administrativo\/#respond"]}]},{"@type":"WebPage","@id":"https:\/\/expressometro.mx\/index.php\/2025\/01\/06\/uaemex-comprometida-con-las-necesidades-de-su-personal-docente-y-administrativo\/","url":"https:\/\/expressometro.mx\/index.php\/2025\/01\/06\/uaemex-comprometida-con-las-necesidades-de-su-personal-docente-y-administrativo\/","name":"UAEM\u00c9X COMPROMETIDA CON LAS NECESIDADES DE SU PERSONAL DOCENTE Y ADMINISTRATIVO - Expresso Metropolitano","isPartOf":{"@id":"https:\/\/expressometro.mx\/#website"},"primaryImageOfPage":{"@id":"https:\/\/expressometro.mx\/index.php\/2025\/01\/06\/uaemex-comprometida-con-las-necesidades-de-su-personal-docente-y-administrativo\/#primaryimage"},"image":{"@id":"https:\/\/expressometro.mx\/index.php\/2025\/01\/06\/uaemex-comprometida-con-las-necesidades-de-su-personal-docente-y-administrativo\/#primaryimage"},"thumbnailUrl":"https:\/\/expressometro.mx\/wp-content\/uploads\/2025\/02\/WhatsApp-Image-2025-02-01-at-5.19.54-PM.jpeg","datePublished":"2025-01-06T23:19:23+00:00","dateModified":"2025-02-01T23:21:59+00:00","breadcrumb":{"@id":"https:\/\/expressometro.mx\/index.php\/2025\/01\/06\/uaemex-comprometida-con-las-necesidades-de-su-personal-docente-y-administrativo\/#breadcrumb"},"inLanguage":"es","potentialAction":[{"@type":"ReadAction","target":["https:\/\/expressometro.mx\/index.php\/2025\/01\/06\/uaemex-comprometida-con-las-necesidades-de-su-personal-docente-y-administrativo\/"]}]},{"@type":"ImageObject","inLanguage":"es","@id":"https:\/\/expressometro.mx\/index.php\/2025\/01\/06\/uaemex-comprometida-con-las-necesidades-de-su-personal-docente-y-administrativo\/#primaryimage","url":"https:\/\/expressometro.mx\/wp-content\/uploads\/2025\/02\/WhatsApp-Image-2025-02-01-at-5.19.54-PM.jpeg","contentUrl":"https:\/\/expressometro.mx\/wp-content\/uploads\/2025\/02\/WhatsApp-Image-2025-02-01-at-5.19.54-PM.jpeg","width":800,"height":533},{"@type":"BreadcrumbList","@id":"https:\/\/expressometro.mx\/index.php\/2025\/01\/06\/uaemex-comprometida-con-las-necesidades-de-su-personal-docente-y-administrativo\/#breadcrumb","itemListElement":[{"@type":"ListItem","position":1,"name":"Inicio","item":"https:\/\/expressometro.mx\/"},{"@type":"ListItem","position":2,"name":"UAEM\u00c9X COMPROMETIDA CON LAS NECESIDADES DE SU PERSONAL DOCENTE Y ADMINISTRATIVO"}]},{"@type":"WebSite","@id":"https:\/\/expressometro.mx\/#website","url":"https:\/\/expressometro.mx\/","name":"Expresso Metropolitano","description":"Periodismo comprometido, informaci\u00f3n, investigaci\u00f3n y an\u00e1lisis","publisher":{"@id":"https:\/\/expressometro.mx\/#organization"},"potentialAction":[{"@type":"SearchAction","target":{"@type":"EntryPoint","urlTemplate":"https:\/\/expressometro.mx\/?s={search_term_string}"},"query-input":{"@type":"PropertyValueSpecification","valueRequired":true,"valueName":"search_term_string"}}],"inLanguage":"es"},{"@type":"Organization","@id":"https:\/\/expressometro.mx\/#organization","name":"Expresso Metropolitano","url":"https:\/\/expressometro.mx\/","logo":{"@type":"ImageObject","inLanguage":"es","@id":"https:\/\/expressometro.mx\/#\/schema\/logo\/image\/","url":"https:\/\/expressometro.mx\/wp-content\/uploads\/2019\/07\/cropped-Logo-Expresso-Metropolitano-1-1.jpeg","contentUrl":"https:\/\/expressometro.mx\/wp-content\/uploads\/2019\/07\/cropped-Logo-Expresso-Metropolitano-1-1.jpeg","width":290,"height":73,"caption":"Expresso Metropolitano"},"image":{"@id":"https:\/\/expressometro.mx\/#\/schema\/logo\/image\/"}},{"@type":"Person","@id":"https:\/\/expressometro.mx\/#\/schema\/person\/efa971b4a0664db8ed5c22b1b0dd2f5d","name":"Expresso Metropolitano","image":{"@type":"ImageObject","inLanguage":"es","@id":"https:\/\/secure.gravatar.com\/avatar\/a89f802b8de18c6952f223c88d3d106e9e3679839f4e25a02f4a6cc2ae6ba3b3?s=96&d=mm&r=g","url":"https:\/\/secure.gravatar.com\/avatar\/a89f802b8de18c6952f223c88d3d106e9e3679839f4e25a02f4a6cc2ae6ba3b3?s=96&d=mm&r=g","contentUrl":"https:\/\/secure.gravatar.com\/avatar\/a89f802b8de18c6952f223c88d3d106e9e3679839f4e25a02f4a6cc2ae6ba3b3?s=96&d=mm&r=g","caption":"Expresso Metropolitano"},"url":"https:\/\/expressometro.mx\/index.php\/author\/diego\/"}]}},"amp_enabled":true,"_links":{"self":[{"href":"https:\/\/expressometro.mx\/index.php\/wp-json\/wp\/v2\/posts\/10776","targetHints":{"allow":["GET"]}}],"collection":[{"href":"https:\/\/expressometro.mx\/index.php\/wp-json\/wp\/v2\/posts"}],"about":[{"href":"https:\/\/expressometro.mx\/index.php\/wp-json\/wp\/v2\/types\/post"}],"author":[{"embeddable":true,"href":"https:\/\/expressometro.mx\/index.php\/wp-json\/wp\/v2\/users\/1"}],"replies":[{"embeddable":true,"href":"https:\/\/expressometro.mx\/index.php\/wp-json\/wp\/v2\/comments?post=10776"}],"version-history":[{"count":1,"href":"https:\/\/expressometro.mx\/index.php\/wp-json\/wp\/v2\/posts\/10776\/revisions"}],"predecessor-version":[{"id":10780,"href":"https:\/\/expressometro.mx\/index.php\/wp-json\/wp\/v2\/posts\/10776\/revisions\/10780"}],"wp:featuredmedia":[{"embeddable":true,"href":"https:\/\/expressometro.mx\/index.php\/wp-json\/wp\/v2\/media\/10778"}],"wp:attachment":[{"href":"https:\/\/expressometro.mx\/index.php\/wp-json\/wp\/v2\/media?parent=10776"}],"wp:term":[{"taxonomy":"category","embeddable":true,"href":"https:\/\/expressometro.mx\/index.php\/wp-json\/wp\/v2\/categories?post=10776"},{"taxonomy":"post_tag","embeddable":true,"href":"https:\/\/expressometro.mx\/index.php\/wp-json\/wp\/v2\/tags?post=10776"}],"curies":[{"name":"wp","href":"https:\/\/api.w.org\/{rel}","templated":true}]}}