{"id":10770,"date":"2024-12-19T18:05:34","date_gmt":"2024-12-20T00:05:34","guid":{"rendered":"https:\/\/expressometro.mx\/?p=10770"},"modified":"2025-01-30T18:10:15","modified_gmt":"2025-01-31T00:10:15","slug":"uaemex-ampliara-oferta-educativa-en-materia-de-salud-mental-e-investigacion-en-inteligencia-artificial","status":"publish","type":"post","link":"https:\/\/expressometro.mx\/index.php\/2024\/12\/19\/uaemex-ampliara-oferta-educativa-en-materia-de-salud-mental-e-investigacion-en-inteligencia-artificial\/","title":{"rendered":"UAEM\u00c9X AMPLIAR\u00c1 OFERTA EDUCATIVA EN MATERIA DE SALUD MENTAL E INVESTIGACI\u00d3N EN INTELIGENCIA ARTIFICIAL"},"content":{"rendered":"\n<ul class=\"wp-block-list\">\n<li>El H. Consejo Universitario aprob\u00f3 las adendas a los programas de Especialidad en Psiquiatr\u00eda y en el Doctorado en Ciencias de la Ingenier\u00eda.<\/li>\n\n\n\n<li>Tras su publicaci\u00f3n en Gaceta de Gobierno se present\u00f3 ante el H. Consejo Universitario a la nueva titular del \u00d3rgano Interno de Control, Mar\u00eda Teresa de Jes\u00fas Cruz Camarena.<\/li>\n<\/ul>\n\n\n\n<p>El H. Consejo Universitario de la Universidad Aut\u00f3noma del Estado de M\u00e9xico (UAEM\u00e9x) aprob\u00f3 la adenda de la Especialidad en Psiquiatr\u00eda que se ofertar\u00e1 en el Hospital Psiqui\u00e1trico \u201cDr. Samuel Ram\u00edrez Moreno\u201d de la Comisi\u00f3n Nacional de Salud Mental y Adicciones de la Secretar\u00eda de Salud federal.<\/p>\n\n\n\n<p>Durante la Sesi\u00f3n Ordinaria del H. Consejo Universitario correspondiente al mes de diciembre, encabezada por el rector, Carlos Eduardo Barrera D\u00edaz, se explic\u00f3 que ante el contexto actual en donde la salud mental es prioritaria se busca expandir esta especialidad en diversas sedes.<\/p>\n\n\n\n<p>Del mismo modo, se aprob\u00f3 la adenda al Doctorado en Ciencias de la Ingenier\u00eda para impartirse en el Centro Universitario UAEM Valle de M\u00e9xico, la cual busca abrir una l\u00ednea de investigaci\u00f3n en Inteligencia Artificial, para la formaci\u00f3n de capital humano y el desarrollo de proyectos acad\u00e9micos en la materia.<\/p>\n\n\n\n<figure class=\"wp-block-image size-large\"><img decoding=\"async\" width=\"720\" height=\"480\" src=\"https:\/\/expressometro.mx\/wp-content\/uploads\/2025\/01\/WhatsApp-Image-2025-01-30-at-6.06.22-PM-720x480.jpeg\" alt=\"\" class=\"wp-image-10773\" srcset=\"https:\/\/expressometro.mx\/wp-content\/uploads\/2025\/01\/WhatsApp-Image-2025-01-30-at-6.06.22-PM-720x480.jpeg 720w, https:\/\/expressometro.mx\/wp-content\/uploads\/2025\/01\/WhatsApp-Image-2025-01-30-at-6.06.22-PM-548x365.jpeg 548w, https:\/\/expressometro.mx\/wp-content\/uploads\/2025\/01\/WhatsApp-Image-2025-01-30-at-6.06.22-PM-768x512.jpeg 768w, https:\/\/expressometro.mx\/wp-content\/uploads\/2025\/01\/WhatsApp-Image-2025-01-30-at-6.06.22-PM-1536x1023.jpeg 1536w, https:\/\/expressometro.mx\/wp-content\/uploads\/2025\/01\/WhatsApp-Image-2025-01-30-at-6.06.22-PM.jpeg 1600w\" sizes=\"(max-width: 720px) 100vw, 720px\" \/><\/figure>\n\n\n\n<p>Asimismo, el H. Consejo Universitario aprob\u00f3 la leyenda de la correspondencia oficial para el pr\u00f3ximo a\u00f1o: \u201c2025, 195 A\u00f1os de la Apertura del Instituto Literario en la Ciudad de Toluca\u201d, mediante la cual se rememora el traslado de la instituci\u00f3n de Tlalpan a Toluca ocurrido el 15 de diciembre de 1830.<\/p>\n\n\n\n<p>Durante esta sesi\u00f3n y tras su publicaci\u00f3n en Gaceta de Gobierno, el rector Carlos Eduardo Barrera D\u00edaz present\u00f3 y dio la bienvenida ante el H. Consejo Universitario a la nueva titular del \u00d3rgano Interno de Control, Mar\u00eda Teresa de Jes\u00fas Cruz Camarena.<\/p>\n\n\n\n<p>\u201cColaboraremos para que la universidad siga por una ruta que la lleve por mejores estadios, sea usted bienvenida\u201d, afirm\u00f3 Barrera D\u00edaz.<\/p>\n\n\n\n<p>En su oportunidad, Cruz Camarena afirm\u00f3 que trabajar\u00e1 para seguir impulsando a la Aut\u00f3noma mexiquense, \u201cestoy muy agradecida de estar ante este \u00f3rgano colegiado. Hay mucho que trabajar, s\u00e9 que colaboraremos para darle prestigio a esta Casa de Estudios. Me siento honrada porque de aqu\u00ed egrese y le debo mucho a esta Universidad, por lo que ponerla en alto es mi prop\u00f3sito\u201d, destac\u00f3. Finalmente, se tom\u00f3 protesta al representante del personal acad\u00e9mico de la Facultad de Medicina y posterior a la sesi\u00f3n, el rector Barrera D\u00edaz, en compa\u00f1\u00eda de integrantes de consejeros alumnos y alumnas, la secretaria de Administraci\u00f3n, Er\u00e9ndira Fierro Moreno y el secretario de Rector\u00eda, Marco Aurelio Cienfuegos Terr\u00f3n, hizo entrega de un autob\u00fas de pasajeros para 46 personas con el objetivo de que el estudiantado pueda realizar pr\u00e1cticas de campo.<\/p>\n","protected":false},"excerpt":{"rendered":"<p>El H. Consejo Universitario aprob\u00f3 las adendas a los programas de Especialidad en Psiquiatr\u00eda y en el Doctorado en Ciencias de la Ingenier\u00eda.<\/p>\n","protected":false},"author":1,"featured_media":10772,"comment_status":"open","ping_status":"open","sticky":false,"template":"","format":"standard","meta":{"footnotes":""},"categories":[108,3,1],"tags":[313,1982,86,82],"class_list":["post-10770","post","type-post","status-publish","format-standard","has-post-thumbnail","hentry","category-educacion","category-gobierno","category-otros","tag-carlos-eduardo-barrera-diaz","tag-edomex","tag-gem","tag-uaemex"],"yoast_head":"<!-- This site is optimized with the Yoast SEO plugin v27.4 - https:\/\/yoast.com\/product\/yoast-seo-wordpress\/ -->\n<title>UAEM\u00c9X AMPLIAR\u00c1 OFERTA EDUCATIVA EN MATERIA DE SALUD MENTAL E INVESTIGACI\u00d3N EN INTELIGENCIA ARTIFICIAL - Expresso Metropolitano<\/title>\n<meta name=\"robots\" content=\"index, follow, max-snippet:-1, max-image-preview:large, max-video-preview:-1\" \/>\n<link rel=\"canonical\" href=\"https:\/\/expressometro.mx\/index.php\/2024\/12\/19\/uaemex-ampliara-oferta-educativa-en-materia-de-salud-mental-e-investigacion-en-inteligencia-artificial\/\" \/>\n<meta property=\"og:locale\" content=\"es_MX\" \/>\n<meta property=\"og:type\" content=\"article\" \/>\n<meta property=\"og:title\" content=\"UAEM\u00c9X AMPLIAR\u00c1 OFERTA EDUCATIVA EN MATERIA DE SALUD MENTAL E INVESTIGACI\u00d3N EN INTELIGENCIA ARTIFICIAL - Expresso Metropolitano\" \/>\n<meta property=\"og:description\" content=\"El H. Consejo Universitario aprob\u00f3 las adendas a los programas de Especialidad en Psiquiatr\u00eda y en el Doctorado en Ciencias de la Ingenier\u00eda.\" \/>\n<meta property=\"og:url\" content=\"https:\/\/expressometro.mx\/index.php\/2024\/12\/19\/uaemex-ampliara-oferta-educativa-en-materia-de-salud-mental-e-investigacion-en-inteligencia-artificial\/\" \/>\n<meta property=\"og:site_name\" content=\"Expresso Metropolitano\" \/>\n<meta property=\"article:published_time\" content=\"2024-12-20T00:05:34+00:00\" \/>\n<meta property=\"article:modified_time\" content=\"2025-01-31T00:10:15+00:00\" \/>\n<meta property=\"og:image\" content=\"http:\/\/expressometro.mx\/wp-content\/uploads\/2025\/01\/WhatsApp-Image-2025-01-30-at-6.06.10-PM.jpeg\" \/>\n\t<meta property=\"og:image:width\" content=\"1600\" \/>\n\t<meta property=\"og:image:height\" content=\"1067\" \/>\n\t<meta property=\"og:image:type\" content=\"image\/jpeg\" \/>\n<meta name=\"author\" content=\"Expresso Metropolitano\" \/>\n<meta name=\"twitter:label1\" content=\"Escrito por\" \/>\n\t<meta name=\"twitter:data1\" content=\"Expresso Metropolitano\" \/>\n\t<meta name=\"twitter:label2\" content=\"Tiempo de lectura\" \/>\n\t<meta name=\"twitter:data2\" content=\"3 minutos\" \/>\n<script type=\"application\/ld+json\" class=\"yoast-schema-graph\">{\"@context\":\"https:\\\/\\\/schema.org\",\"@graph\":[{\"@type\":\"Article\",\"@id\":\"https:\\\/\\\/expressometro.mx\\\/index.php\\\/2024\\\/12\\\/19\\\/uaemex-ampliara-oferta-educativa-en-materia-de-salud-mental-e-investigacion-en-inteligencia-artificial\\\/#article\",\"isPartOf\":{\"@id\":\"https:\\\/\\\/expressometro.mx\\\/index.php\\\/2024\\\/12\\\/19\\\/uaemex-ampliara-oferta-educativa-en-materia-de-salud-mental-e-investigacion-en-inteligencia-artificial\\\/\"},\"author\":{\"name\":\"Expresso Metropolitano\",\"@id\":\"https:\\\/\\\/expressometro.mx\\\/#\\\/schema\\\/person\\\/efa971b4a0664db8ed5c22b1b0dd2f5d\"},\"headline\":\"UAEM\u00c9X AMPLIAR\u00c1 OFERTA EDUCATIVA EN MATERIA DE SALUD MENTAL E INVESTIGACI\u00d3N EN INTELIGENCIA ARTIFICIAL\",\"datePublished\":\"2024-12-20T00:05:34+00:00\",\"dateModified\":\"2025-01-31T00:10:15+00:00\",\"mainEntityOfPage\":{\"@id\":\"https:\\\/\\\/expressometro.mx\\\/index.php\\\/2024\\\/12\\\/19\\\/uaemex-ampliara-oferta-educativa-en-materia-de-salud-mental-e-investigacion-en-inteligencia-artificial\\\/\"},\"wordCount\":493,\"commentCount\":0,\"publisher\":{\"@id\":\"https:\\\/\\\/expressometro.mx\\\/#organization\"},\"image\":{\"@id\":\"https:\\\/\\\/expressometro.mx\\\/index.php\\\/2024\\\/12\\\/19\\\/uaemex-ampliara-oferta-educativa-en-materia-de-salud-mental-e-investigacion-en-inteligencia-artificial\\\/#primaryimage\"},\"thumbnailUrl\":\"https:\\\/\\\/expressometro.mx\\\/wp-content\\\/uploads\\\/2025\\\/01\\\/WhatsApp-Image-2025-01-30-at-6.06.10-PM.jpeg\",\"keywords\":[\"Carlos Eduardo Barrera D\u00edaz\",\"Edomex\",\"GEM\",\"UAEMex\"],\"articleSection\":[\"Educaci\u00f3n\",\"Gobierno\",\"Otros\"],\"inLanguage\":\"es\",\"potentialAction\":[{\"@type\":\"CommentAction\",\"name\":\"Comment\",\"target\":[\"https:\\\/\\\/expressometro.mx\\\/index.php\\\/2024\\\/12\\\/19\\\/uaemex-ampliara-oferta-educativa-en-materia-de-salud-mental-e-investigacion-en-inteligencia-artificial\\\/#respond\"]}]},{\"@type\":\"WebPage\",\"@id\":\"https:\\\/\\\/expressometro.mx\\\/index.php\\\/2024\\\/12\\\/19\\\/uaemex-ampliara-oferta-educativa-en-materia-de-salud-mental-e-investigacion-en-inteligencia-artificial\\\/\",\"url\":\"https:\\\/\\\/expressometro.mx\\\/index.php\\\/2024\\\/12\\\/19\\\/uaemex-ampliara-oferta-educativa-en-materia-de-salud-mental-e-investigacion-en-inteligencia-artificial\\\/\",\"name\":\"UAEM\u00c9X AMPLIAR\u00c1 OFERTA EDUCATIVA EN MATERIA DE SALUD MENTAL E INVESTIGACI\u00d3N EN INTELIGENCIA ARTIFICIAL - Expresso Metropolitano\",\"isPartOf\":{\"@id\":\"https:\\\/\\\/expressometro.mx\\\/#website\"},\"primaryImageOfPage\":{\"@id\":\"https:\\\/\\\/expressometro.mx\\\/index.php\\\/2024\\\/12\\\/19\\\/uaemex-ampliara-oferta-educativa-en-materia-de-salud-mental-e-investigacion-en-inteligencia-artificial\\\/#primaryimage\"},\"image\":{\"@id\":\"https:\\\/\\\/expressometro.mx\\\/index.php\\\/2024\\\/12\\\/19\\\/uaemex-ampliara-oferta-educativa-en-materia-de-salud-mental-e-investigacion-en-inteligencia-artificial\\\/#primaryimage\"},\"thumbnailUrl\":\"https:\\\/\\\/expressometro.mx\\\/wp-content\\\/uploads\\\/2025\\\/01\\\/WhatsApp-Image-2025-01-30-at-6.06.10-PM.jpeg\",\"datePublished\":\"2024-12-20T00:05:34+00:00\",\"dateModified\":\"2025-01-31T00:10:15+00:00\",\"breadcrumb\":{\"@id\":\"https:\\\/\\\/expressometro.mx\\\/index.php\\\/2024\\\/12\\\/19\\\/uaemex-ampliara-oferta-educativa-en-materia-de-salud-mental-e-investigacion-en-inteligencia-artificial\\\/#breadcrumb\"},\"inLanguage\":\"es\",\"potentialAction\":[{\"@type\":\"ReadAction\",\"target\":[\"https:\\\/\\\/expressometro.mx\\\/index.php\\\/2024\\\/12\\\/19\\\/uaemex-ampliara-oferta-educativa-en-materia-de-salud-mental-e-investigacion-en-inteligencia-artificial\\\/\"]}]},{\"@type\":\"ImageObject\",\"inLanguage\":\"es\",\"@id\":\"https:\\\/\\\/expressometro.mx\\\/index.php\\\/2024\\\/12\\\/19\\\/uaemex-ampliara-oferta-educativa-en-materia-de-salud-mental-e-investigacion-en-inteligencia-artificial\\\/#primaryimage\",\"url\":\"https:\\\/\\\/expressometro.mx\\\/wp-content\\\/uploads\\\/2025\\\/01\\\/WhatsApp-Image-2025-01-30-at-6.06.10-PM.jpeg\",\"contentUrl\":\"https:\\\/\\\/expressometro.mx\\\/wp-content\\\/uploads\\\/2025\\\/01\\\/WhatsApp-Image-2025-01-30-at-6.06.10-PM.jpeg\",\"width\":1600,\"height\":1067},{\"@type\":\"BreadcrumbList\",\"@id\":\"https:\\\/\\\/expressometro.mx\\\/index.php\\\/2024\\\/12\\\/19\\\/uaemex-ampliara-oferta-educativa-en-materia-de-salud-mental-e-investigacion-en-inteligencia-artificial\\\/#breadcrumb\",\"itemListElement\":[{\"@type\":\"ListItem\",\"position\":1,\"name\":\"Inicio\",\"item\":\"https:\\\/\\\/expressometro.mx\\\/\"},{\"@type\":\"ListItem\",\"position\":2,\"name\":\"UAEM\u00c9X AMPLIAR\u00c1 OFERTA EDUCATIVA EN MATERIA DE SALUD MENTAL E INVESTIGACI\u00d3N EN INTELIGENCIA ARTIFICIAL\"}]},{\"@type\":\"WebSite\",\"@id\":\"https:\\\/\\\/expressometro.mx\\\/#website\",\"url\":\"https:\\\/\\\/expressometro.mx\\\/\",\"name\":\"Expresso Metropolitano\",\"description\":\"Periodismo comprometido, informaci\u00f3n, investigaci\u00f3n y an\u00e1lisis\",\"publisher\":{\"@id\":\"https:\\\/\\\/expressometro.mx\\\/#organization\"},\"potentialAction\":[{\"@type\":\"SearchAction\",\"target\":{\"@type\":\"EntryPoint\",\"urlTemplate\":\"https:\\\/\\\/expressometro.mx\\\/?s={search_term_string}\"},\"query-input\":{\"@type\":\"PropertyValueSpecification\",\"valueRequired\":true,\"valueName\":\"search_term_string\"}}],\"inLanguage\":\"es\"},{\"@type\":\"Organization\",\"@id\":\"https:\\\/\\\/expressometro.mx\\\/#organization\",\"name\":\"Expresso Metropolitano\",\"url\":\"https:\\\/\\\/expressometro.mx\\\/\",\"logo\":{\"@type\":\"ImageObject\",\"inLanguage\":\"es\",\"@id\":\"https:\\\/\\\/expressometro.mx\\\/#\\\/schema\\\/logo\\\/image\\\/\",\"url\":\"https:\\\/\\\/expressometro.mx\\\/wp-content\\\/uploads\\\/2019\\\/07\\\/cropped-Logo-Expresso-Metropolitano-1-1.jpeg\",\"contentUrl\":\"https:\\\/\\\/expressometro.mx\\\/wp-content\\\/uploads\\\/2019\\\/07\\\/cropped-Logo-Expresso-Metropolitano-1-1.jpeg\",\"width\":290,\"height\":73,\"caption\":\"Expresso Metropolitano\"},\"image\":{\"@id\":\"https:\\\/\\\/expressometro.mx\\\/#\\\/schema\\\/logo\\\/image\\\/\"}},{\"@type\":\"Person\",\"@id\":\"https:\\\/\\\/expressometro.mx\\\/#\\\/schema\\\/person\\\/efa971b4a0664db8ed5c22b1b0dd2f5d\",\"name\":\"Expresso Metropolitano\",\"image\":{\"@type\":\"ImageObject\",\"inLanguage\":\"es\",\"@id\":\"https:\\\/\\\/secure.gravatar.com\\\/avatar\\\/a89f802b8de18c6952f223c88d3d106e9e3679839f4e25a02f4a6cc2ae6ba3b3?s=96&d=mm&r=g\",\"url\":\"https:\\\/\\\/secure.gravatar.com\\\/avatar\\\/a89f802b8de18c6952f223c88d3d106e9e3679839f4e25a02f4a6cc2ae6ba3b3?s=96&d=mm&r=g\",\"contentUrl\":\"https:\\\/\\\/secure.gravatar.com\\\/avatar\\\/a89f802b8de18c6952f223c88d3d106e9e3679839f4e25a02f4a6cc2ae6ba3b3?s=96&d=mm&r=g\",\"caption\":\"Expresso Metropolitano\"},\"url\":\"https:\\\/\\\/expressometro.mx\\\/index.php\\\/author\\\/diego\\\/\"}]}<\/script>\n<!-- \/ Yoast SEO plugin. -->","yoast_head_json":{"title":"UAEM\u00c9X AMPLIAR\u00c1 OFERTA EDUCATIVA EN MATERIA DE SALUD MENTAL E INVESTIGACI\u00d3N EN INTELIGENCIA ARTIFICIAL - Expresso Metropolitano","robots":{"index":"index","follow":"follow","max-snippet":"max-snippet:-1","max-image-preview":"max-image-preview:large","max-video-preview":"max-video-preview:-1"},"canonical":"https:\/\/expressometro.mx\/index.php\/2024\/12\/19\/uaemex-ampliara-oferta-educativa-en-materia-de-salud-mental-e-investigacion-en-inteligencia-artificial\/","og_locale":"es_MX","og_type":"article","og_title":"UAEM\u00c9X AMPLIAR\u00c1 OFERTA EDUCATIVA EN MATERIA DE SALUD MENTAL E INVESTIGACI\u00d3N EN INTELIGENCIA ARTIFICIAL - Expresso Metropolitano","og_description":"El H. Consejo Universitario aprob\u00f3 las adendas a los programas de Especialidad en Psiquiatr\u00eda y en el Doctorado en Ciencias de la Ingenier\u00eda.","og_url":"https:\/\/expressometro.mx\/index.php\/2024\/12\/19\/uaemex-ampliara-oferta-educativa-en-materia-de-salud-mental-e-investigacion-en-inteligencia-artificial\/","og_site_name":"Expresso Metropolitano","article_published_time":"2024-12-20T00:05:34+00:00","article_modified_time":"2025-01-31T00:10:15+00:00","og_image":[{"width":1600,"height":1067,"url":"http:\/\/expressometro.mx\/wp-content\/uploads\/2025\/01\/WhatsApp-Image-2025-01-30-at-6.06.10-PM.jpeg","type":"image\/jpeg"}],"author":"Expresso Metropolitano","twitter_misc":{"Escrito por":"Expresso Metropolitano","Tiempo de lectura":"3 minutos"},"schema":{"@context":"https:\/\/schema.org","@graph":[{"@type":"Article","@id":"https:\/\/expressometro.mx\/index.php\/2024\/12\/19\/uaemex-ampliara-oferta-educativa-en-materia-de-salud-mental-e-investigacion-en-inteligencia-artificial\/#article","isPartOf":{"@id":"https:\/\/expressometro.mx\/index.php\/2024\/12\/19\/uaemex-ampliara-oferta-educativa-en-materia-de-salud-mental-e-investigacion-en-inteligencia-artificial\/"},"author":{"name":"Expresso Metropolitano","@id":"https:\/\/expressometro.mx\/#\/schema\/person\/efa971b4a0664db8ed5c22b1b0dd2f5d"},"headline":"UAEM\u00c9X AMPLIAR\u00c1 OFERTA EDUCATIVA EN MATERIA DE SALUD MENTAL E INVESTIGACI\u00d3N EN INTELIGENCIA ARTIFICIAL","datePublished":"2024-12-20T00:05:34+00:00","dateModified":"2025-01-31T00:10:15+00:00","mainEntityOfPage":{"@id":"https:\/\/expressometro.mx\/index.php\/2024\/12\/19\/uaemex-ampliara-oferta-educativa-en-materia-de-salud-mental-e-investigacion-en-inteligencia-artificial\/"},"wordCount":493,"commentCount":0,"publisher":{"@id":"https:\/\/expressometro.mx\/#organization"},"image":{"@id":"https:\/\/expressometro.mx\/index.php\/2024\/12\/19\/uaemex-ampliara-oferta-educativa-en-materia-de-salud-mental-e-investigacion-en-inteligencia-artificial\/#primaryimage"},"thumbnailUrl":"https:\/\/expressometro.mx\/wp-content\/uploads\/2025\/01\/WhatsApp-Image-2025-01-30-at-6.06.10-PM.jpeg","keywords":["Carlos Eduardo Barrera D\u00edaz","Edomex","GEM","UAEMex"],"articleSection":["Educaci\u00f3n","Gobierno","Otros"],"inLanguage":"es","potentialAction":[{"@type":"CommentAction","name":"Comment","target":["https:\/\/expressometro.mx\/index.php\/2024\/12\/19\/uaemex-ampliara-oferta-educativa-en-materia-de-salud-mental-e-investigacion-en-inteligencia-artificial\/#respond"]}]},{"@type":"WebPage","@id":"https:\/\/expressometro.mx\/index.php\/2024\/12\/19\/uaemex-ampliara-oferta-educativa-en-materia-de-salud-mental-e-investigacion-en-inteligencia-artificial\/","url":"https:\/\/expressometro.mx\/index.php\/2024\/12\/19\/uaemex-ampliara-oferta-educativa-en-materia-de-salud-mental-e-investigacion-en-inteligencia-artificial\/","name":"UAEM\u00c9X AMPLIAR\u00c1 OFERTA EDUCATIVA EN MATERIA DE SALUD MENTAL E INVESTIGACI\u00d3N EN INTELIGENCIA ARTIFICIAL - Expresso Metropolitano","isPartOf":{"@id":"https:\/\/expressometro.mx\/#website"},"primaryImageOfPage":{"@id":"https:\/\/expressometro.mx\/index.php\/2024\/12\/19\/uaemex-ampliara-oferta-educativa-en-materia-de-salud-mental-e-investigacion-en-inteligencia-artificial\/#primaryimage"},"image":{"@id":"https:\/\/expressometro.mx\/index.php\/2024\/12\/19\/uaemex-ampliara-oferta-educativa-en-materia-de-salud-mental-e-investigacion-en-inteligencia-artificial\/#primaryimage"},"thumbnailUrl":"https:\/\/expressometro.mx\/wp-content\/uploads\/2025\/01\/WhatsApp-Image-2025-01-30-at-6.06.10-PM.jpeg","datePublished":"2024-12-20T00:05:34+00:00","dateModified":"2025-01-31T00:10:15+00:00","breadcrumb":{"@id":"https:\/\/expressometro.mx\/index.php\/2024\/12\/19\/uaemex-ampliara-oferta-educativa-en-materia-de-salud-mental-e-investigacion-en-inteligencia-artificial\/#breadcrumb"},"inLanguage":"es","potentialAction":[{"@type":"ReadAction","target":["https:\/\/expressometro.mx\/index.php\/2024\/12\/19\/uaemex-ampliara-oferta-educativa-en-materia-de-salud-mental-e-investigacion-en-inteligencia-artificial\/"]}]},{"@type":"ImageObject","inLanguage":"es","@id":"https:\/\/expressometro.mx\/index.php\/2024\/12\/19\/uaemex-ampliara-oferta-educativa-en-materia-de-salud-mental-e-investigacion-en-inteligencia-artificial\/#primaryimage","url":"https:\/\/expressometro.mx\/wp-content\/uploads\/2025\/01\/WhatsApp-Image-2025-01-30-at-6.06.10-PM.jpeg","contentUrl":"https:\/\/expressometro.mx\/wp-content\/uploads\/2025\/01\/WhatsApp-Image-2025-01-30-at-6.06.10-PM.jpeg","width":1600,"height":1067},{"@type":"BreadcrumbList","@id":"https:\/\/expressometro.mx\/index.php\/2024\/12\/19\/uaemex-ampliara-oferta-educativa-en-materia-de-salud-mental-e-investigacion-en-inteligencia-artificial\/#breadcrumb","itemListElement":[{"@type":"ListItem","position":1,"name":"Inicio","item":"https:\/\/expressometro.mx\/"},{"@type":"ListItem","position":2,"name":"UAEM\u00c9X AMPLIAR\u00c1 OFERTA EDUCATIVA EN MATERIA DE SALUD MENTAL E INVESTIGACI\u00d3N EN INTELIGENCIA ARTIFICIAL"}]},{"@type":"WebSite","@id":"https:\/\/expressometro.mx\/#website","url":"https:\/\/expressometro.mx\/","name":"Expresso Metropolitano","description":"Periodismo comprometido, informaci\u00f3n, investigaci\u00f3n y an\u00e1lisis","publisher":{"@id":"https:\/\/expressometro.mx\/#organization"},"potentialAction":[{"@type":"SearchAction","target":{"@type":"EntryPoint","urlTemplate":"https:\/\/expressometro.mx\/?s={search_term_string}"},"query-input":{"@type":"PropertyValueSpecification","valueRequired":true,"valueName":"search_term_string"}}],"inLanguage":"es"},{"@type":"Organization","@id":"https:\/\/expressometro.mx\/#organization","name":"Expresso Metropolitano","url":"https:\/\/expressometro.mx\/","logo":{"@type":"ImageObject","inLanguage":"es","@id":"https:\/\/expressometro.mx\/#\/schema\/logo\/image\/","url":"https:\/\/expressometro.mx\/wp-content\/uploads\/2019\/07\/cropped-Logo-Expresso-Metropolitano-1-1.jpeg","contentUrl":"https:\/\/expressometro.mx\/wp-content\/uploads\/2019\/07\/cropped-Logo-Expresso-Metropolitano-1-1.jpeg","width":290,"height":73,"caption":"Expresso Metropolitano"},"image":{"@id":"https:\/\/expressometro.mx\/#\/schema\/logo\/image\/"}},{"@type":"Person","@id":"https:\/\/expressometro.mx\/#\/schema\/person\/efa971b4a0664db8ed5c22b1b0dd2f5d","name":"Expresso Metropolitano","image":{"@type":"ImageObject","inLanguage":"es","@id":"https:\/\/secure.gravatar.com\/avatar\/a89f802b8de18c6952f223c88d3d106e9e3679839f4e25a02f4a6cc2ae6ba3b3?s=96&d=mm&r=g","url":"https:\/\/secure.gravatar.com\/avatar\/a89f802b8de18c6952f223c88d3d106e9e3679839f4e25a02f4a6cc2ae6ba3b3?s=96&d=mm&r=g","contentUrl":"https:\/\/secure.gravatar.com\/avatar\/a89f802b8de18c6952f223c88d3d106e9e3679839f4e25a02f4a6cc2ae6ba3b3?s=96&d=mm&r=g","caption":"Expresso Metropolitano"},"url":"https:\/\/expressometro.mx\/index.php\/author\/diego\/"}]}},"amp_enabled":true,"_links":{"self":[{"href":"https:\/\/expressometro.mx\/index.php\/wp-json\/wp\/v2\/posts\/10770","targetHints":{"allow":["GET"]}}],"collection":[{"href":"https:\/\/expressometro.mx\/index.php\/wp-json\/wp\/v2\/posts"}],"about":[{"href":"https:\/\/expressometro.mx\/index.php\/wp-json\/wp\/v2\/types\/post"}],"author":[{"embeddable":true,"href":"https:\/\/expressometro.mx\/index.php\/wp-json\/wp\/v2\/users\/1"}],"replies":[{"embeddable":true,"href":"https:\/\/expressometro.mx\/index.php\/wp-json\/wp\/v2\/comments?post=10770"}],"version-history":[{"count":1,"href":"https:\/\/expressometro.mx\/index.php\/wp-json\/wp\/v2\/posts\/10770\/revisions"}],"predecessor-version":[{"id":10774,"href":"https:\/\/expressometro.mx\/index.php\/wp-json\/wp\/v2\/posts\/10770\/revisions\/10774"}],"wp:featuredmedia":[{"embeddable":true,"href":"https:\/\/expressometro.mx\/index.php\/wp-json\/wp\/v2\/media\/10772"}],"wp:attachment":[{"href":"https:\/\/expressometro.mx\/index.php\/wp-json\/wp\/v2\/media?parent=10770"}],"wp:term":[{"taxonomy":"category","embeddable":true,"href":"https:\/\/expressometro.mx\/index.php\/wp-json\/wp\/v2\/categories?post=10770"},{"taxonomy":"post_tag","embeddable":true,"href":"https:\/\/expressometro.mx\/index.php\/wp-json\/wp\/v2\/tags?post=10770"}],"curies":[{"name":"wp","href":"https:\/\/api.w.org\/{rel}","templated":true}]}}