{"id":10758,"date":"2024-12-17T17:49:29","date_gmt":"2024-12-17T23:49:29","guid":{"rendered":"https:\/\/expressometro.mx\/?p=10758"},"modified":"2025-01-30T17:52:33","modified_gmt":"2025-01-30T23:52:33","slug":"facultad-de-artes-espacio-donde-se-cultiva-la-creatividad-innovacion-y-productividad-artistica-cebd","status":"publish","type":"post","link":"https:\/\/expressometro.mx\/index.php\/2024\/12\/17\/facultad-de-artes-espacio-donde-se-cultiva-la-creatividad-innovacion-y-productividad-artistica-cebd\/","title":{"rendered":"FACULTAD DE ARTES, ESPACIO DONDE SE CULTIVA LA CREATIVIDAD, INNOVACI\u00d3N Y PRODUCTIVIDAD ART\u00cdSTICA: CEBD"},"content":{"rendered":"\n<ul class=\"wp-block-list\">\n<li>El rector de la UAEM\u00e9x, Carlos Eduardo Barrera D\u00edaz, encabez\u00f3 la lectura del segundo informe anual de actividades de la directora de este espacio acad\u00e9mico, Ana Lilia Cruz Pais.<\/li>\n\n\n\n<li>En este ejercicio de transparencia, Barrera D\u00edaz entreg\u00f3 seis nuevos cub\u00edculos para docentes, trabajos de mantenimiento, 20 computadoras para estudiantado, as\u00ed como 15 equipos de c\u00f3mputo y 15 sillas para personal administrativo.<\/li>\n<\/ul>\n\n\n\n<p>La Facultad de Artes de la Universidad Aut\u00f3noma del Estado de M\u00e9xico (UAEM\u00e9x) es un lugar donde se cultivan los talentos naturales y se orientan hacia la creatividad, innovaci\u00f3n y productividad art\u00edstica, destac\u00f3 el rector Carlos Eduardo Barrera D\u00edaz, en el segundo informe anual de actividades de la directora de este espacio acad\u00e9mico, Ana Lilia Cruz Pais.<\/p>\n\n\n\n<p>Previo a este ejercicio de transparencia, Barrera D\u00edaz hizo entrega de seis nuevos cub\u00edculos para profesoras y profesores de tiempo completo, los cuales incluyen canceler\u00eda de aluminio e instalaci\u00f3n el\u00e9ctrica y de cableado para voz y datos.<\/p>\n\n\n\n<p>Asimismo, entreg\u00f3 trabajos de mantenimiento concluidos como la instalaci\u00f3n de dos tarjas en talleres de pintura en planta alta del edificio \u201cA\u201d, cambio de luminarias LED, reparaci\u00f3n de piso y cambio de cristal, as\u00ed como los registros e instalaci\u00f3n sanitaria; adem\u00e1s de 20 computadoras iMac para la comunidad estudiantil, 15 equipos de c\u00f3mputo y 15 sillas para personal administrativo, con el prop\u00f3sito de fortalecer las actividades acad\u00e9micas de este espacio universitario.<\/p>\n\n\n\n<figure class=\"wp-block-image size-large\"><img decoding=\"async\" width=\"720\" height=\"480\" src=\"https:\/\/expressometro.mx\/wp-content\/uploads\/2025\/01\/WhatsApp-Image-2025-01-30-at-5.50.14-PM-720x480.jpeg\" alt=\"\" class=\"wp-image-10761\" srcset=\"https:\/\/expressometro.mx\/wp-content\/uploads\/2025\/01\/WhatsApp-Image-2025-01-30-at-5.50.14-PM-720x480.jpeg 720w, https:\/\/expressometro.mx\/wp-content\/uploads\/2025\/01\/WhatsApp-Image-2025-01-30-at-5.50.14-PM-548x365.jpeg 548w, https:\/\/expressometro.mx\/wp-content\/uploads\/2025\/01\/WhatsApp-Image-2025-01-30-at-5.50.14-PM-768x512.jpeg 768w, https:\/\/expressometro.mx\/wp-content\/uploads\/2025\/01\/WhatsApp-Image-2025-01-30-at-5.50.14-PM.jpeg 800w\" sizes=\"(max-width: 720px) 100vw, 720px\" \/><\/figure>\n\n\n\n<p>El rector de la UAEM\u00e9x reconoci\u00f3 el esfuerzo de la comunidad de la Facultad de Artes por ofrecer nuevas opciones de especializaci\u00f3n para las juventudes universitarias, pues ya cuenta con el Taller de Exploraci\u00f3n Art\u00edstica y el Diplomado Superior en Estudios y Pr\u00e1cticas Curatoriales, programas que refuerzan la calidad y conocimiento de sus programas de estudios.<\/p>\n\n\n\n<p>Barrera D\u00edaz resalt\u00f3 que la investigaci\u00f3n es una prioridad para esta facultad, pues el 53 por ciento de las y los profesores de tiempo completo son miembros del Sistema Nacional de Investigadoras e Investigadores (SNII), resaltando su compromiso con la educaci\u00f3n de vanguardia.<\/p>\n\n\n\n<p>En este sentido, el rector de la M\u00e1xima Casa de Estudios mexiquense puntualiz\u00f3 que la comunidad docente resulta inspiradora para esta instituci\u00f3n, por iniciativas como el bioarte, forestaci\u00f3n, creaci\u00f3n de objetos art\u00edsticos con biomateriales, as\u00ed como acciones en las que opera una \u00e9tica de los cuidados ambientales.<\/p>\n\n\n\n<p>En tanto, Cruz Pais explic\u00f3 que en el periodo que se informa, la Facultad de Artes cuenta con un total de 680 estudiantes matriculados en las licenciaturas en Artes Visuales, Arte Digital y Artes Pl\u00e1sticas; adem\u00e1s, en el \u00faltimo a\u00f1o, 81 estudiantes egresaron de este espacio acad\u00e9mico con las habilidades necesarias para insertarse en el campo laboral.<\/p>\n\n\n\n<p>En este ejercicio de rendici\u00f3n de cuentas, puntualiz\u00f3 que esta facultad se integra de 111 colaboradores, de los cuales 72 son acad\u00e9micos, quienes en su totalidad fortalecen sus competencias, al participar activamente en ocho cursos de actualizaci\u00f3n que permiten la mejora de las pr\u00e1cticas laborales institucionales.<\/p>\n\n\n\n<p>Al acto asistieron la directora General de Comunicaci\u00f3n Universitaria, Ginarely Valencia Alc\u00e1ntara; el profesor consejero universitario y ex director del espacio acad\u00e9mico, Jos\u00e9 Luis Vera Jim\u00e9nez; el alumno consejero universitario, Luis Alberto Nolasco Ayala; integrantes del Gabinete Universitario y del Colegio de Directores; as\u00ed como la comunidad verde y oro.<\/p>\n","protected":false},"excerpt":{"rendered":"<p>El rector de la UAEM\u00e9x, Carlos Eduardo Barrera D\u00edaz, encabez\u00f3 la lectura del segundo informe anual de actividades de la directora de este espacio acad\u00e9mico, Ana Lilia Cruz Pais.<\/p>\n","protected":false},"author":1,"featured_media":10760,"comment_status":"open","ping_status":"open","sticky":false,"template":"","format":"standard","meta":{"footnotes":""},"categories":[108,3,1],"tags":[313,1982,86,82],"class_list":["post-10758","post","type-post","status-publish","format-standard","has-post-thumbnail","hentry","category-educacion","category-gobierno","category-otros","tag-carlos-eduardo-barrera-diaz","tag-edomex","tag-gem","tag-uaemex"],"yoast_head":"<!-- This site is optimized with the Yoast SEO plugin v27.4 - https:\/\/yoast.com\/product\/yoast-seo-wordpress\/ -->\n<title>FACULTAD DE ARTES, ESPACIO DONDE SE CULTIVA LA CREATIVIDAD, INNOVACI\u00d3N Y PRODUCTIVIDAD ART\u00cdSTICA: CEBD - Expresso Metropolitano<\/title>\n<meta name=\"robots\" content=\"index, follow, max-snippet:-1, max-image-preview:large, max-video-preview:-1\" \/>\n<link rel=\"canonical\" href=\"https:\/\/expressometro.mx\/index.php\/2024\/12\/17\/facultad-de-artes-espacio-donde-se-cultiva-la-creatividad-innovacion-y-productividad-artistica-cebd\/\" \/>\n<meta property=\"og:locale\" content=\"es_MX\" \/>\n<meta property=\"og:type\" content=\"article\" \/>\n<meta property=\"og:title\" content=\"FACULTAD DE ARTES, ESPACIO DONDE SE CULTIVA LA CREATIVIDAD, INNOVACI\u00d3N Y PRODUCTIVIDAD ART\u00cdSTICA: CEBD - Expresso Metropolitano\" \/>\n<meta property=\"og:description\" content=\"El rector de la UAEM\u00e9x, Carlos Eduardo Barrera D\u00edaz, encabez\u00f3 la lectura del segundo informe anual de actividades de la directora de este espacio acad\u00e9mico, Ana Lilia Cruz Pais.\" \/>\n<meta property=\"og:url\" content=\"https:\/\/expressometro.mx\/index.php\/2024\/12\/17\/facultad-de-artes-espacio-donde-se-cultiva-la-creatividad-innovacion-y-productividad-artistica-cebd\/\" \/>\n<meta property=\"og:site_name\" content=\"Expresso Metropolitano\" \/>\n<meta property=\"article:published_time\" content=\"2024-12-17T23:49:29+00:00\" \/>\n<meta property=\"article:modified_time\" content=\"2025-01-30T23:52:33+00:00\" \/>\n<meta property=\"og:image\" content=\"http:\/\/expressometro.mx\/wp-content\/uploads\/2025\/01\/WhatsApp-Image-2025-01-30-at-5.49.56-PM.jpeg\" \/>\n\t<meta property=\"og:image:width\" content=\"800\" \/>\n\t<meta property=\"og:image:height\" content=\"533\" \/>\n\t<meta property=\"og:image:type\" content=\"image\/jpeg\" \/>\n<meta name=\"author\" content=\"Expresso Metropolitano\" \/>\n<meta name=\"twitter:label1\" content=\"Escrito por\" \/>\n\t<meta name=\"twitter:data1\" content=\"Expresso Metropolitano\" \/>\n\t<meta name=\"twitter:label2\" content=\"Tiempo de lectura\" \/>\n\t<meta name=\"twitter:data2\" content=\"3 minutos\" \/>\n<script type=\"application\/ld+json\" class=\"yoast-schema-graph\">{\"@context\":\"https:\\\/\\\/schema.org\",\"@graph\":[{\"@type\":\"Article\",\"@id\":\"https:\\\/\\\/expressometro.mx\\\/index.php\\\/2024\\\/12\\\/17\\\/facultad-de-artes-espacio-donde-se-cultiva-la-creatividad-innovacion-y-productividad-artistica-cebd\\\/#article\",\"isPartOf\":{\"@id\":\"https:\\\/\\\/expressometro.mx\\\/index.php\\\/2024\\\/12\\\/17\\\/facultad-de-artes-espacio-donde-se-cultiva-la-creatividad-innovacion-y-productividad-artistica-cebd\\\/\"},\"author\":{\"name\":\"Expresso Metropolitano\",\"@id\":\"https:\\\/\\\/expressometro.mx\\\/#\\\/schema\\\/person\\\/efa971b4a0664db8ed5c22b1b0dd2f5d\"},\"headline\":\"FACULTAD DE ARTES, ESPACIO DONDE SE CULTIVA LA CREATIVIDAD, INNOVACI\u00d3N Y PRODUCTIVIDAD ART\u00cdSTICA: CEBD\",\"datePublished\":\"2024-12-17T23:49:29+00:00\",\"dateModified\":\"2025-01-30T23:52:33+00:00\",\"mainEntityOfPage\":{\"@id\":\"https:\\\/\\\/expressometro.mx\\\/index.php\\\/2024\\\/12\\\/17\\\/facultad-de-artes-espacio-donde-se-cultiva-la-creatividad-innovacion-y-productividad-artistica-cebd\\\/\"},\"wordCount\":580,\"commentCount\":0,\"publisher\":{\"@id\":\"https:\\\/\\\/expressometro.mx\\\/#organization\"},\"image\":{\"@id\":\"https:\\\/\\\/expressometro.mx\\\/index.php\\\/2024\\\/12\\\/17\\\/facultad-de-artes-espacio-donde-se-cultiva-la-creatividad-innovacion-y-productividad-artistica-cebd\\\/#primaryimage\"},\"thumbnailUrl\":\"https:\\\/\\\/expressometro.mx\\\/wp-content\\\/uploads\\\/2025\\\/01\\\/WhatsApp-Image-2025-01-30-at-5.49.56-PM.jpeg\",\"keywords\":[\"Carlos Eduardo Barrera D\u00edaz\",\"Edomex\",\"GEM\",\"UAEMex\"],\"articleSection\":[\"Educaci\u00f3n\",\"Gobierno\",\"Otros\"],\"inLanguage\":\"es\",\"potentialAction\":[{\"@type\":\"CommentAction\",\"name\":\"Comment\",\"target\":[\"https:\\\/\\\/expressometro.mx\\\/index.php\\\/2024\\\/12\\\/17\\\/facultad-de-artes-espacio-donde-se-cultiva-la-creatividad-innovacion-y-productividad-artistica-cebd\\\/#respond\"]}]},{\"@type\":\"WebPage\",\"@id\":\"https:\\\/\\\/expressometro.mx\\\/index.php\\\/2024\\\/12\\\/17\\\/facultad-de-artes-espacio-donde-se-cultiva-la-creatividad-innovacion-y-productividad-artistica-cebd\\\/\",\"url\":\"https:\\\/\\\/expressometro.mx\\\/index.php\\\/2024\\\/12\\\/17\\\/facultad-de-artes-espacio-donde-se-cultiva-la-creatividad-innovacion-y-productividad-artistica-cebd\\\/\",\"name\":\"FACULTAD DE ARTES, ESPACIO DONDE SE CULTIVA LA CREATIVIDAD, INNOVACI\u00d3N Y PRODUCTIVIDAD ART\u00cdSTICA: CEBD - Expresso Metropolitano\",\"isPartOf\":{\"@id\":\"https:\\\/\\\/expressometro.mx\\\/#website\"},\"primaryImageOfPage\":{\"@id\":\"https:\\\/\\\/expressometro.mx\\\/index.php\\\/2024\\\/12\\\/17\\\/facultad-de-artes-espacio-donde-se-cultiva-la-creatividad-innovacion-y-productividad-artistica-cebd\\\/#primaryimage\"},\"image\":{\"@id\":\"https:\\\/\\\/expressometro.mx\\\/index.php\\\/2024\\\/12\\\/17\\\/facultad-de-artes-espacio-donde-se-cultiva-la-creatividad-innovacion-y-productividad-artistica-cebd\\\/#primaryimage\"},\"thumbnailUrl\":\"https:\\\/\\\/expressometro.mx\\\/wp-content\\\/uploads\\\/2025\\\/01\\\/WhatsApp-Image-2025-01-30-at-5.49.56-PM.jpeg\",\"datePublished\":\"2024-12-17T23:49:29+00:00\",\"dateModified\":\"2025-01-30T23:52:33+00:00\",\"breadcrumb\":{\"@id\":\"https:\\\/\\\/expressometro.mx\\\/index.php\\\/2024\\\/12\\\/17\\\/facultad-de-artes-espacio-donde-se-cultiva-la-creatividad-innovacion-y-productividad-artistica-cebd\\\/#breadcrumb\"},\"inLanguage\":\"es\",\"potentialAction\":[{\"@type\":\"ReadAction\",\"target\":[\"https:\\\/\\\/expressometro.mx\\\/index.php\\\/2024\\\/12\\\/17\\\/facultad-de-artes-espacio-donde-se-cultiva-la-creatividad-innovacion-y-productividad-artistica-cebd\\\/\"]}]},{\"@type\":\"ImageObject\",\"inLanguage\":\"es\",\"@id\":\"https:\\\/\\\/expressometro.mx\\\/index.php\\\/2024\\\/12\\\/17\\\/facultad-de-artes-espacio-donde-se-cultiva-la-creatividad-innovacion-y-productividad-artistica-cebd\\\/#primaryimage\",\"url\":\"https:\\\/\\\/expressometro.mx\\\/wp-content\\\/uploads\\\/2025\\\/01\\\/WhatsApp-Image-2025-01-30-at-5.49.56-PM.jpeg\",\"contentUrl\":\"https:\\\/\\\/expressometro.mx\\\/wp-content\\\/uploads\\\/2025\\\/01\\\/WhatsApp-Image-2025-01-30-at-5.49.56-PM.jpeg\",\"width\":800,\"height\":533},{\"@type\":\"BreadcrumbList\",\"@id\":\"https:\\\/\\\/expressometro.mx\\\/index.php\\\/2024\\\/12\\\/17\\\/facultad-de-artes-espacio-donde-se-cultiva-la-creatividad-innovacion-y-productividad-artistica-cebd\\\/#breadcrumb\",\"itemListElement\":[{\"@type\":\"ListItem\",\"position\":1,\"name\":\"Inicio\",\"item\":\"https:\\\/\\\/expressometro.mx\\\/\"},{\"@type\":\"ListItem\",\"position\":2,\"name\":\"FACULTAD DE ARTES, ESPACIO DONDE SE CULTIVA LA CREATIVIDAD, INNOVACI\u00d3N Y PRODUCTIVIDAD ART\u00cdSTICA: CEBD\"}]},{\"@type\":\"WebSite\",\"@id\":\"https:\\\/\\\/expressometro.mx\\\/#website\",\"url\":\"https:\\\/\\\/expressometro.mx\\\/\",\"name\":\"Expresso Metropolitano\",\"description\":\"Periodismo comprometido, informaci\u00f3n, investigaci\u00f3n y an\u00e1lisis\",\"publisher\":{\"@id\":\"https:\\\/\\\/expressometro.mx\\\/#organization\"},\"potentialAction\":[{\"@type\":\"SearchAction\",\"target\":{\"@type\":\"EntryPoint\",\"urlTemplate\":\"https:\\\/\\\/expressometro.mx\\\/?s={search_term_string}\"},\"query-input\":{\"@type\":\"PropertyValueSpecification\",\"valueRequired\":true,\"valueName\":\"search_term_string\"}}],\"inLanguage\":\"es\"},{\"@type\":\"Organization\",\"@id\":\"https:\\\/\\\/expressometro.mx\\\/#organization\",\"name\":\"Expresso Metropolitano\",\"url\":\"https:\\\/\\\/expressometro.mx\\\/\",\"logo\":{\"@type\":\"ImageObject\",\"inLanguage\":\"es\",\"@id\":\"https:\\\/\\\/expressometro.mx\\\/#\\\/schema\\\/logo\\\/image\\\/\",\"url\":\"https:\\\/\\\/expressometro.mx\\\/wp-content\\\/uploads\\\/2019\\\/07\\\/cropped-Logo-Expresso-Metropolitano-1-1.jpeg\",\"contentUrl\":\"https:\\\/\\\/expressometro.mx\\\/wp-content\\\/uploads\\\/2019\\\/07\\\/cropped-Logo-Expresso-Metropolitano-1-1.jpeg\",\"width\":290,\"height\":73,\"caption\":\"Expresso Metropolitano\"},\"image\":{\"@id\":\"https:\\\/\\\/expressometro.mx\\\/#\\\/schema\\\/logo\\\/image\\\/\"}},{\"@type\":\"Person\",\"@id\":\"https:\\\/\\\/expressometro.mx\\\/#\\\/schema\\\/person\\\/efa971b4a0664db8ed5c22b1b0dd2f5d\",\"name\":\"Expresso Metropolitano\",\"image\":{\"@type\":\"ImageObject\",\"inLanguage\":\"es\",\"@id\":\"https:\\\/\\\/secure.gravatar.com\\\/avatar\\\/a89f802b8de18c6952f223c88d3d106e9e3679839f4e25a02f4a6cc2ae6ba3b3?s=96&d=mm&r=g\",\"url\":\"https:\\\/\\\/secure.gravatar.com\\\/avatar\\\/a89f802b8de18c6952f223c88d3d106e9e3679839f4e25a02f4a6cc2ae6ba3b3?s=96&d=mm&r=g\",\"contentUrl\":\"https:\\\/\\\/secure.gravatar.com\\\/avatar\\\/a89f802b8de18c6952f223c88d3d106e9e3679839f4e25a02f4a6cc2ae6ba3b3?s=96&d=mm&r=g\",\"caption\":\"Expresso Metropolitano\"},\"url\":\"https:\\\/\\\/expressometro.mx\\\/index.php\\\/author\\\/diego\\\/\"}]}<\/script>\n<!-- \/ Yoast SEO plugin. -->","yoast_head_json":{"title":"FACULTAD DE ARTES, ESPACIO DONDE SE CULTIVA LA CREATIVIDAD, INNOVACI\u00d3N Y PRODUCTIVIDAD ART\u00cdSTICA: CEBD - Expresso Metropolitano","robots":{"index":"index","follow":"follow","max-snippet":"max-snippet:-1","max-image-preview":"max-image-preview:large","max-video-preview":"max-video-preview:-1"},"canonical":"https:\/\/expressometro.mx\/index.php\/2024\/12\/17\/facultad-de-artes-espacio-donde-se-cultiva-la-creatividad-innovacion-y-productividad-artistica-cebd\/","og_locale":"es_MX","og_type":"article","og_title":"FACULTAD DE ARTES, ESPACIO DONDE SE CULTIVA LA CREATIVIDAD, INNOVACI\u00d3N Y PRODUCTIVIDAD ART\u00cdSTICA: CEBD - Expresso Metropolitano","og_description":"El rector de la UAEM\u00e9x, Carlos Eduardo Barrera D\u00edaz, encabez\u00f3 la lectura del segundo informe anual de actividades de la directora de este espacio acad\u00e9mico, Ana Lilia Cruz Pais.","og_url":"https:\/\/expressometro.mx\/index.php\/2024\/12\/17\/facultad-de-artes-espacio-donde-se-cultiva-la-creatividad-innovacion-y-productividad-artistica-cebd\/","og_site_name":"Expresso Metropolitano","article_published_time":"2024-12-17T23:49:29+00:00","article_modified_time":"2025-01-30T23:52:33+00:00","og_image":[{"width":800,"height":533,"url":"http:\/\/expressometro.mx\/wp-content\/uploads\/2025\/01\/WhatsApp-Image-2025-01-30-at-5.49.56-PM.jpeg","type":"image\/jpeg"}],"author":"Expresso Metropolitano","twitter_misc":{"Escrito por":"Expresso Metropolitano","Tiempo de lectura":"3 minutos"},"schema":{"@context":"https:\/\/schema.org","@graph":[{"@type":"Article","@id":"https:\/\/expressometro.mx\/index.php\/2024\/12\/17\/facultad-de-artes-espacio-donde-se-cultiva-la-creatividad-innovacion-y-productividad-artistica-cebd\/#article","isPartOf":{"@id":"https:\/\/expressometro.mx\/index.php\/2024\/12\/17\/facultad-de-artes-espacio-donde-se-cultiva-la-creatividad-innovacion-y-productividad-artistica-cebd\/"},"author":{"name":"Expresso Metropolitano","@id":"https:\/\/expressometro.mx\/#\/schema\/person\/efa971b4a0664db8ed5c22b1b0dd2f5d"},"headline":"FACULTAD DE ARTES, ESPACIO DONDE SE CULTIVA LA CREATIVIDAD, INNOVACI\u00d3N Y PRODUCTIVIDAD ART\u00cdSTICA: CEBD","datePublished":"2024-12-17T23:49:29+00:00","dateModified":"2025-01-30T23:52:33+00:00","mainEntityOfPage":{"@id":"https:\/\/expressometro.mx\/index.php\/2024\/12\/17\/facultad-de-artes-espacio-donde-se-cultiva-la-creatividad-innovacion-y-productividad-artistica-cebd\/"},"wordCount":580,"commentCount":0,"publisher":{"@id":"https:\/\/expressometro.mx\/#organization"},"image":{"@id":"https:\/\/expressometro.mx\/index.php\/2024\/12\/17\/facultad-de-artes-espacio-donde-se-cultiva-la-creatividad-innovacion-y-productividad-artistica-cebd\/#primaryimage"},"thumbnailUrl":"https:\/\/expressometro.mx\/wp-content\/uploads\/2025\/01\/WhatsApp-Image-2025-01-30-at-5.49.56-PM.jpeg","keywords":["Carlos Eduardo Barrera D\u00edaz","Edomex","GEM","UAEMex"],"articleSection":["Educaci\u00f3n","Gobierno","Otros"],"inLanguage":"es","potentialAction":[{"@type":"CommentAction","name":"Comment","target":["https:\/\/expressometro.mx\/index.php\/2024\/12\/17\/facultad-de-artes-espacio-donde-se-cultiva-la-creatividad-innovacion-y-productividad-artistica-cebd\/#respond"]}]},{"@type":"WebPage","@id":"https:\/\/expressometro.mx\/index.php\/2024\/12\/17\/facultad-de-artes-espacio-donde-se-cultiva-la-creatividad-innovacion-y-productividad-artistica-cebd\/","url":"https:\/\/expressometro.mx\/index.php\/2024\/12\/17\/facultad-de-artes-espacio-donde-se-cultiva-la-creatividad-innovacion-y-productividad-artistica-cebd\/","name":"FACULTAD DE ARTES, ESPACIO DONDE SE CULTIVA LA CREATIVIDAD, INNOVACI\u00d3N Y PRODUCTIVIDAD ART\u00cdSTICA: CEBD - Expresso Metropolitano","isPartOf":{"@id":"https:\/\/expressometro.mx\/#website"},"primaryImageOfPage":{"@id":"https:\/\/expressometro.mx\/index.php\/2024\/12\/17\/facultad-de-artes-espacio-donde-se-cultiva-la-creatividad-innovacion-y-productividad-artistica-cebd\/#primaryimage"},"image":{"@id":"https:\/\/expressometro.mx\/index.php\/2024\/12\/17\/facultad-de-artes-espacio-donde-se-cultiva-la-creatividad-innovacion-y-productividad-artistica-cebd\/#primaryimage"},"thumbnailUrl":"https:\/\/expressometro.mx\/wp-content\/uploads\/2025\/01\/WhatsApp-Image-2025-01-30-at-5.49.56-PM.jpeg","datePublished":"2024-12-17T23:49:29+00:00","dateModified":"2025-01-30T23:52:33+00:00","breadcrumb":{"@id":"https:\/\/expressometro.mx\/index.php\/2024\/12\/17\/facultad-de-artes-espacio-donde-se-cultiva-la-creatividad-innovacion-y-productividad-artistica-cebd\/#breadcrumb"},"inLanguage":"es","potentialAction":[{"@type":"ReadAction","target":["https:\/\/expressometro.mx\/index.php\/2024\/12\/17\/facultad-de-artes-espacio-donde-se-cultiva-la-creatividad-innovacion-y-productividad-artistica-cebd\/"]}]},{"@type":"ImageObject","inLanguage":"es","@id":"https:\/\/expressometro.mx\/index.php\/2024\/12\/17\/facultad-de-artes-espacio-donde-se-cultiva-la-creatividad-innovacion-y-productividad-artistica-cebd\/#primaryimage","url":"https:\/\/expressometro.mx\/wp-content\/uploads\/2025\/01\/WhatsApp-Image-2025-01-30-at-5.49.56-PM.jpeg","contentUrl":"https:\/\/expressometro.mx\/wp-content\/uploads\/2025\/01\/WhatsApp-Image-2025-01-30-at-5.49.56-PM.jpeg","width":800,"height":533},{"@type":"BreadcrumbList","@id":"https:\/\/expressometro.mx\/index.php\/2024\/12\/17\/facultad-de-artes-espacio-donde-se-cultiva-la-creatividad-innovacion-y-productividad-artistica-cebd\/#breadcrumb","itemListElement":[{"@type":"ListItem","position":1,"name":"Inicio","item":"https:\/\/expressometro.mx\/"},{"@type":"ListItem","position":2,"name":"FACULTAD DE ARTES, ESPACIO DONDE SE CULTIVA LA CREATIVIDAD, INNOVACI\u00d3N Y PRODUCTIVIDAD ART\u00cdSTICA: CEBD"}]},{"@type":"WebSite","@id":"https:\/\/expressometro.mx\/#website","url":"https:\/\/expressometro.mx\/","name":"Expresso Metropolitano","description":"Periodismo comprometido, informaci\u00f3n, investigaci\u00f3n y an\u00e1lisis","publisher":{"@id":"https:\/\/expressometro.mx\/#organization"},"potentialAction":[{"@type":"SearchAction","target":{"@type":"EntryPoint","urlTemplate":"https:\/\/expressometro.mx\/?s={search_term_string}"},"query-input":{"@type":"PropertyValueSpecification","valueRequired":true,"valueName":"search_term_string"}}],"inLanguage":"es"},{"@type":"Organization","@id":"https:\/\/expressometro.mx\/#organization","name":"Expresso Metropolitano","url":"https:\/\/expressometro.mx\/","logo":{"@type":"ImageObject","inLanguage":"es","@id":"https:\/\/expressometro.mx\/#\/schema\/logo\/image\/","url":"https:\/\/expressometro.mx\/wp-content\/uploads\/2019\/07\/cropped-Logo-Expresso-Metropolitano-1-1.jpeg","contentUrl":"https:\/\/expressometro.mx\/wp-content\/uploads\/2019\/07\/cropped-Logo-Expresso-Metropolitano-1-1.jpeg","width":290,"height":73,"caption":"Expresso Metropolitano"},"image":{"@id":"https:\/\/expressometro.mx\/#\/schema\/logo\/image\/"}},{"@type":"Person","@id":"https:\/\/expressometro.mx\/#\/schema\/person\/efa971b4a0664db8ed5c22b1b0dd2f5d","name":"Expresso Metropolitano","image":{"@type":"ImageObject","inLanguage":"es","@id":"https:\/\/secure.gravatar.com\/avatar\/a89f802b8de18c6952f223c88d3d106e9e3679839f4e25a02f4a6cc2ae6ba3b3?s=96&d=mm&r=g","url":"https:\/\/secure.gravatar.com\/avatar\/a89f802b8de18c6952f223c88d3d106e9e3679839f4e25a02f4a6cc2ae6ba3b3?s=96&d=mm&r=g","contentUrl":"https:\/\/secure.gravatar.com\/avatar\/a89f802b8de18c6952f223c88d3d106e9e3679839f4e25a02f4a6cc2ae6ba3b3?s=96&d=mm&r=g","caption":"Expresso Metropolitano"},"url":"https:\/\/expressometro.mx\/index.php\/author\/diego\/"}]}},"amp_enabled":true,"_links":{"self":[{"href":"https:\/\/expressometro.mx\/index.php\/wp-json\/wp\/v2\/posts\/10758","targetHints":{"allow":["GET"]}}],"collection":[{"href":"https:\/\/expressometro.mx\/index.php\/wp-json\/wp\/v2\/posts"}],"about":[{"href":"https:\/\/expressometro.mx\/index.php\/wp-json\/wp\/v2\/types\/post"}],"author":[{"embeddable":true,"href":"https:\/\/expressometro.mx\/index.php\/wp-json\/wp\/v2\/users\/1"}],"replies":[{"embeddable":true,"href":"https:\/\/expressometro.mx\/index.php\/wp-json\/wp\/v2\/comments?post=10758"}],"version-history":[{"count":1,"href":"https:\/\/expressometro.mx\/index.php\/wp-json\/wp\/v2\/posts\/10758\/revisions"}],"predecessor-version":[{"id":10762,"href":"https:\/\/expressometro.mx\/index.php\/wp-json\/wp\/v2\/posts\/10758\/revisions\/10762"}],"wp:featuredmedia":[{"embeddable":true,"href":"https:\/\/expressometro.mx\/index.php\/wp-json\/wp\/v2\/media\/10760"}],"wp:attachment":[{"href":"https:\/\/expressometro.mx\/index.php\/wp-json\/wp\/v2\/media?parent=10758"}],"wp:term":[{"taxonomy":"category","embeddable":true,"href":"https:\/\/expressometro.mx\/index.php\/wp-json\/wp\/v2\/categories?post=10758"},{"taxonomy":"post_tag","embeddable":true,"href":"https:\/\/expressometro.mx\/index.php\/wp-json\/wp\/v2\/tags?post=10758"}],"curies":[{"name":"wp","href":"https:\/\/api.w.org\/{rel}","templated":true}]}}