{"id":1075,"date":"2019-11-18T21:59:08","date_gmt":"2019-11-19T03:59:08","guid":{"rendered":"http:\/\/expressometro.mx\/?p=1075"},"modified":"2019-11-18T21:59:09","modified_gmt":"2019-11-19T03:59:09","slug":"busca-karina-labastida-que-la-ley-de-desapariciones-se-apruebe-en-actual-periodo-de-sesiones","status":"publish","type":"post","link":"https:\/\/expressometro.mx\/index.php\/2019\/11\/18\/busca-karina-labastida-que-la-ley-de-desapariciones-se-apruebe-en-actual-periodo-de-sesiones\/","title":{"rendered":"BUSCA KARINA LABASTIDA QUE LA LEY DE DESAPARICIONES SE APRUEBE EN ACTUAL PERIODO DE SESIONES"},"content":{"rendered":"\n<p>La diputada Karina Labastida Sotelo expres\u00f3 su intenci\u00f3n de que en el actual periodo de sesiones la 60 Legislatura apruebe la Ley en Materia de Desaparici\u00f3n Forzada de Personas y Desaparici\u00f3n Cometida por Particulares para el Estado Libre y Soberano de M\u00e9xico, cuyo an\u00e1lisis detallado inici\u00f3 este d\u00eda y en el cual participan colectivos de familiares de v\u00edctimas de desaparici\u00f3n, representantes de dependencias p\u00fablicas, organizaciones internacionales y asociaciones.<\/p>\n\n\n\n<p>La presidenta de la Comisi\u00f3n Legislativa Especial Para las Declaratorias de Alerta de Violencia de G\u00e9nero Contra las Mujeres por Feminicidio y Desaparici\u00f3n explic\u00f3 que el objetivo de estos trabajos es hacer que este ordenamiento sea una realidad en el Estado de M\u00e9xico y que sea una ley-marco para otros estado de la rep\u00fablica, buscando que sea aprobada antes de que concluya el periodo de sesiones actual, es decir, antes del 15 de diciembre.<\/p>\n\n\n\n<p>Acompa\u00f1ada por la diputada X\u00f3chitl Flores Jim\u00e9nez (morena), Karina Labastida se\u00f1al\u00f3 que la emisi\u00f3n de una nueva Alerta de Violencia de G\u00e9nero para el Estado de M\u00e9xico, \u00e9sta en materia de desaparici\u00f3n de personas, exige la actuaci\u00f3n legislativa en dos sentidos: la creaci\u00f3n de una comisi\u00f3n especial para atender esta alerta, raz\u00f3n por lo que se cambi\u00f3 el nombre de la Comisi\u00f3n Especial para Combatir y Erradicar la Violencia Vinculada a los Feminicidios en el Estado de M\u00e9xico a \u2018Comisi\u00f3n Especial Para las Declaratorias de Alerta de Violencia de G\u00e9nero Contra las Mujeres por Feminicidio y Desaparici\u00f3n&#8217;, y la aprobaci\u00f3n de la ley en la materia.<\/p>\n\n\n\n<p>La propuesta de ley fue presentada por la legisladora ante el Pleno el pasado 21 de marzo, y fue nutrida durante la mesa de trabajo realizada el 14 de mayo, tarea que continu\u00f3 durante esta reuni\u00f3n.<\/p>\n\n\n\n<p>Del T\u00edtulo Primero &#8216;Disposiciones Generales&#8217;, los participantes hicieron observaciones a diversos art\u00edculos, para precisar que esta ley est\u00e1 apegada a la Constituci\u00f3n Pol\u00edtica estatal, a los tratados internacionales y a la Ley General en Materia de Desaparici\u00f3n Forzada de Personas; para plasmar como objeto de la ley el establecer un Mecanismo Estatal de Coordinaci\u00f3n en Materia de Investigaci\u00f3n y B\u00fasqueda de Personas; para que se incorpore el t\u00e9rmino &#8216;v\u00edctimas indirectas&#8217;, adem\u00e1s del de &#8216;familiares&#8217;; para referir por Fiscal\u00eda estatal a la Fiscal\u00eda General de Justicia del Estado de M\u00e9xico, y para incorporar las \u2018c\u00e9lulas de b\u00fasqueda&#8217; adem\u00e1s de los &#8216;grupos de b\u00fasqueda&#8217;.<\/p>\n\n\n\n<p>Del T\u00edtulo Segundo &#8216;De los Delitos y de las Responsabilidades Administrativas&#8217;, pidieron establecer que los tipos penales sean investigados, perseguidos y sancionados de acuerdo con la Ley General en la materia, y que se consideren como faltas graves de los servidores p\u00fablicos el incumplimiento injustificado o la actuaci\u00f3n negligente ante cualquier obligaci\u00f3n relacionada con la b\u00fasqueda inmediata de personas, las investigaciones o durante los procedimientos.<\/p>\n\n\n\n<p>Del T\u00edtulo Tercero, &#8216;Del Mecanismo Estatal&#8217;, pidieron que sea presidido por el titular de la Secretar\u00eda de Justicia y Derechos Humanos, que se integre tambi\u00e9n por el titular del Instituto de Servicios Periciales, y que los colectivos y familiares sean invitados a las sesiones de trabajo del mecanismo. Solicitaron adem\u00e1s que \u00e9ste pueda constituir comisiones especiales para dar cumplimiento a su objeto.<\/p>\n\n\n\n<p>Abundaron en la importancia de que se garantice que las personas que participen en la b\u00fasqueda y atenci\u00f3n de v\u00edctimas reciban capacitaci\u00f3n para realizar su labor de manera eficaz y diligente, considerando el enfoque de derechos humanos, la perspectiva de g\u00e9nero, de interseccionalidad y el inter\u00e9s superior de la ni\u00f1ez. Asimismo, que el titular de la Comisi\u00f3n de B\u00fasqueda de Personas no tenga que ser ratificado por la Legislatura, y que sea requisito para ocupar este cargo ser mexicano con residencia no menor a dos a\u00f1os en la entidad.<\/p>\n\n\n\n<p>Pidieron que el \u00f3rgano t\u00e9cnico de consulta est\u00e9 integrado por un representante de la Secretar\u00eda de Justicia, uno de la Fiscal\u00eda estatal, uno de la academia, tres de las sociedad civil provenientes de colectivos y familiares y uno de la Comisi\u00f3n de Derechos Humanos del Estado; adem\u00e1s de que la Comisi\u00f3n de B\u00fasqueda de Personas mantenga comunicaci\u00f3n continua con el Mecanismo de Apoyo Exterior previsto en la Ley General, para la ejecuci\u00f3n de acciones de b\u00fasqueda y localizaci\u00f3n de personas migrantes y apoyo a sus familiares.<\/p>\n\n\n\n<p>Participaron en la mesa de trabajo representantes de los colectivos Red Eslab\u00f3n por los Derechos Humanos, Busc\u00e1ndote con Amor, Alondras Unidas y Uniendo Esperanzas, as\u00ed como de la Red de Madres Buscando a sus Hijos y de la Fundaci\u00f3n Unidos por una Mejor Vida y del Comit\u00e9 Internacional de la Cruz Roja.<\/p>\n\n\n\n<p>Tambi\u00e9n asistieron representantes de las secretar\u00edas de Seguridad y de Justicia y Derechos Humanos, de la Comisi\u00f3n de Derechos Humanos, de la Fiscal\u00eda Central para la Atenci\u00f3n de Delitos Vinculados a la Violencia de G\u00e9nero, de la Comisi\u00f3n de B\u00fasqueda de Personas, de la Fiscal\u00eda General de Justicia, del Consejo Estatal de la Mujer y Bienestar Social, de la Comisi\u00f3n Ejecutiva de Atenci\u00f3n a V\u00edctimas, todas del Estado de M\u00e9xico, as\u00ed como, asesores de diputados y secretarios t\u00e9cnicos de diversas comisiones legislativas.<\/p>\n\n\n\n<p>El an\u00e1lisis de los art\u00edculos correspondientes a los t\u00edtulos Cuarto &#8216;De los Derechos de las V\u00edctimas&#8217; y Quinto &#8216;De la Prevenci\u00f3n de los Delitos&#8217; se llevar\u00e1 a cabo en la siguiente reuni\u00f3n.<\/p>\n","protected":false},"excerpt":{"rendered":"<p>La diputada Karina Labastida Sotelo expres\u00f3 su intenci\u00f3n de que en el actual periodo de sesiones la 60 Legislatura apruebe la Ley en Materia de Desaparici\u00f3n Forzada de Personas y Desaparici\u00f3n Cometida por Particulares para el Estado Libre y Soberano de M\u00e9xico, cuyo an\u00e1lisis detallado inici\u00f3 este d\u00eda y en el cual participan colectivos de familiares de v\u00edctimas de desaparici\u00f3n, representantes de dependencias p\u00fablicas, organizaciones internacionales y asociaciones. La presidenta de la Comisi\u00f3n Legislativa Especial Para las Declaratorias de Alerta de Violencia de G\u00e9nero Contra las Mujeres por Feminicidio y&hellip;<\/p>\n","protected":false},"author":1,"featured_media":1076,"comment_status":"open","ping_status":"open","sticky":false,"template":"","format":"standard","meta":{"footnotes":""},"categories":[6],"tags":[],"class_list":["post-1075","post","type-post","status-publish","format-standard","has-post-thumbnail","hentry","category-seguridad"],"yoast_head":"<!-- This site is optimized with the Yoast SEO plugin v27.5 - https:\/\/yoast.com\/product\/yoast-seo-wordpress\/ -->\n<title>BUSCA KARINA LABASTIDA QUE LA LEY DE DESAPARICIONES SE APRUEBE EN ACTUAL PERIODO DE SESIONES - Expresso Metropolitano<\/title>\n<meta name=\"robots\" content=\"index, follow, max-snippet:-1, max-image-preview:large, max-video-preview:-1\" \/>\n<link rel=\"canonical\" href=\"https:\/\/expressometro.mx\/index.php\/2019\/11\/18\/busca-karina-labastida-que-la-ley-de-desapariciones-se-apruebe-en-actual-periodo-de-sesiones\/\" \/>\n<meta property=\"og:locale\" content=\"es_MX\" \/>\n<meta property=\"og:type\" content=\"article\" \/>\n<meta property=\"og:title\" content=\"BUSCA KARINA LABASTIDA QUE LA LEY DE DESAPARICIONES SE APRUEBE EN ACTUAL PERIODO DE SESIONES - Expresso Metropolitano\" \/>\n<meta property=\"og:description\" content=\"La diputada Karina Labastida Sotelo expres\u00f3 su intenci\u00f3n de que en el actual periodo de sesiones la 60 Legislatura apruebe la Ley en Materia de Desaparici\u00f3n Forzada de Personas y Desaparici\u00f3n Cometida por Particulares para el Estado Libre y Soberano de M\u00e9xico, cuyo an\u00e1lisis detallado inici\u00f3 este d\u00eda y en el cual participan colectivos de familiares de v\u00edctimas de desaparici\u00f3n, representantes de dependencias p\u00fablicas, organizaciones internacionales y asociaciones. La presidenta de la Comisi\u00f3n Legislativa Especial Para las Declaratorias de Alerta de Violencia de G\u00e9nero Contra las Mujeres por Feminicidio y&hellip;\" \/>\n<meta property=\"og:url\" content=\"https:\/\/expressometro.mx\/index.php\/2019\/11\/18\/busca-karina-labastida-que-la-ley-de-desapariciones-se-apruebe-en-actual-periodo-de-sesiones\/\" \/>\n<meta property=\"og:site_name\" content=\"Expresso Metropolitano\" \/>\n<meta property=\"article:published_time\" content=\"2019-11-19T03:59:08+00:00\" \/>\n<meta property=\"article:modified_time\" content=\"2019-11-19T03:59:09+00:00\" \/>\n<meta property=\"og:image\" content=\"https:\/\/expressometro.mx\/wp-content\/uploads\/2019\/11\/1479a.jpg\" \/>\n\t<meta property=\"og:image:width\" content=\"850\" \/>\n\t<meta property=\"og:image:height\" content=\"567\" \/>\n\t<meta property=\"og:image:type\" content=\"image\/jpeg\" \/>\n<meta name=\"author\" content=\"Expresso Metropolitano\" \/>\n<meta name=\"twitter:label1\" content=\"Escrito por\" \/>\n\t<meta name=\"twitter:data1\" content=\"Expresso Metropolitano\" \/>\n\t<meta name=\"twitter:label2\" content=\"Tiempo de lectura\" \/>\n\t<meta name=\"twitter:data2\" content=\"5 minutos\" \/>\n<script type=\"application\/ld+json\" class=\"yoast-schema-graph\">{\"@context\":\"https:\\\/\\\/schema.org\",\"@graph\":[{\"@type\":\"Article\",\"@id\":\"https:\\\/\\\/expressometro.mx\\\/index.php\\\/2019\\\/11\\\/18\\\/busca-karina-labastida-que-la-ley-de-desapariciones-se-apruebe-en-actual-periodo-de-sesiones\\\/#article\",\"isPartOf\":{\"@id\":\"https:\\\/\\\/expressometro.mx\\\/index.php\\\/2019\\\/11\\\/18\\\/busca-karina-labastida-que-la-ley-de-desapariciones-se-apruebe-en-actual-periodo-de-sesiones\\\/\"},\"author\":{\"name\":\"Expresso Metropolitano\",\"@id\":\"https:\\\/\\\/expressometro.mx\\\/#\\\/schema\\\/person\\\/efa971b4a0664db8ed5c22b1b0dd2f5d\"},\"headline\":\"BUSCA KARINA LABASTIDA QUE LA LEY DE DESAPARICIONES SE APRUEBE EN ACTUAL PERIODO DE SESIONES\",\"datePublished\":\"2019-11-19T03:59:08+00:00\",\"dateModified\":\"2019-11-19T03:59:09+00:00\",\"mainEntityOfPage\":{\"@id\":\"https:\\\/\\\/expressometro.mx\\\/index.php\\\/2019\\\/11\\\/18\\\/busca-karina-labastida-que-la-ley-de-desapariciones-se-apruebe-en-actual-periodo-de-sesiones\\\/\"},\"wordCount\":969,\"commentCount\":0,\"publisher\":{\"@id\":\"https:\\\/\\\/expressometro.mx\\\/#organization\"},\"image\":{\"@id\":\"https:\\\/\\\/expressometro.mx\\\/index.php\\\/2019\\\/11\\\/18\\\/busca-karina-labastida-que-la-ley-de-desapariciones-se-apruebe-en-actual-periodo-de-sesiones\\\/#primaryimage\"},\"thumbnailUrl\":\"https:\\\/\\\/expressometro.mx\\\/wp-content\\\/uploads\\\/2019\\\/11\\\/1479a.jpg\",\"articleSection\":[\"Seguridad\"],\"inLanguage\":\"es\",\"potentialAction\":[{\"@type\":\"CommentAction\",\"name\":\"Comment\",\"target\":[\"https:\\\/\\\/expressometro.mx\\\/index.php\\\/2019\\\/11\\\/18\\\/busca-karina-labastida-que-la-ley-de-desapariciones-se-apruebe-en-actual-periodo-de-sesiones\\\/#respond\"]}]},{\"@type\":\"WebPage\",\"@id\":\"https:\\\/\\\/expressometro.mx\\\/index.php\\\/2019\\\/11\\\/18\\\/busca-karina-labastida-que-la-ley-de-desapariciones-se-apruebe-en-actual-periodo-de-sesiones\\\/\",\"url\":\"https:\\\/\\\/expressometro.mx\\\/index.php\\\/2019\\\/11\\\/18\\\/busca-karina-labastida-que-la-ley-de-desapariciones-se-apruebe-en-actual-periodo-de-sesiones\\\/\",\"name\":\"BUSCA KARINA LABASTIDA QUE LA LEY DE DESAPARICIONES SE APRUEBE EN ACTUAL PERIODO DE SESIONES - Expresso Metropolitano\",\"isPartOf\":{\"@id\":\"https:\\\/\\\/expressometro.mx\\\/#website\"},\"primaryImageOfPage\":{\"@id\":\"https:\\\/\\\/expressometro.mx\\\/index.php\\\/2019\\\/11\\\/18\\\/busca-karina-labastida-que-la-ley-de-desapariciones-se-apruebe-en-actual-periodo-de-sesiones\\\/#primaryimage\"},\"image\":{\"@id\":\"https:\\\/\\\/expressometro.mx\\\/index.php\\\/2019\\\/11\\\/18\\\/busca-karina-labastida-que-la-ley-de-desapariciones-se-apruebe-en-actual-periodo-de-sesiones\\\/#primaryimage\"},\"thumbnailUrl\":\"https:\\\/\\\/expressometro.mx\\\/wp-content\\\/uploads\\\/2019\\\/11\\\/1479a.jpg\",\"datePublished\":\"2019-11-19T03:59:08+00:00\",\"dateModified\":\"2019-11-19T03:59:09+00:00\",\"breadcrumb\":{\"@id\":\"https:\\\/\\\/expressometro.mx\\\/index.php\\\/2019\\\/11\\\/18\\\/busca-karina-labastida-que-la-ley-de-desapariciones-se-apruebe-en-actual-periodo-de-sesiones\\\/#breadcrumb\"},\"inLanguage\":\"es\",\"potentialAction\":[{\"@type\":\"ReadAction\",\"target\":[\"https:\\\/\\\/expressometro.mx\\\/index.php\\\/2019\\\/11\\\/18\\\/busca-karina-labastida-que-la-ley-de-desapariciones-se-apruebe-en-actual-periodo-de-sesiones\\\/\"]}]},{\"@type\":\"ImageObject\",\"inLanguage\":\"es\",\"@id\":\"https:\\\/\\\/expressometro.mx\\\/index.php\\\/2019\\\/11\\\/18\\\/busca-karina-labastida-que-la-ley-de-desapariciones-se-apruebe-en-actual-periodo-de-sesiones\\\/#primaryimage\",\"url\":\"https:\\\/\\\/expressometro.mx\\\/wp-content\\\/uploads\\\/2019\\\/11\\\/1479a.jpg\",\"contentUrl\":\"https:\\\/\\\/expressometro.mx\\\/wp-content\\\/uploads\\\/2019\\\/11\\\/1479a.jpg\",\"width\":850,\"height\":567},{\"@type\":\"BreadcrumbList\",\"@id\":\"https:\\\/\\\/expressometro.mx\\\/index.php\\\/2019\\\/11\\\/18\\\/busca-karina-labastida-que-la-ley-de-desapariciones-se-apruebe-en-actual-periodo-de-sesiones\\\/#breadcrumb\",\"itemListElement\":[{\"@type\":\"ListItem\",\"position\":1,\"name\":\"Inicio\",\"item\":\"https:\\\/\\\/expressometro.mx\\\/\"},{\"@type\":\"ListItem\",\"position\":2,\"name\":\"BUSCA KARINA LABASTIDA QUE LA LEY DE DESAPARICIONES SE APRUEBE EN ACTUAL PERIODO DE SESIONES\"}]},{\"@type\":\"WebSite\",\"@id\":\"https:\\\/\\\/expressometro.mx\\\/#website\",\"url\":\"https:\\\/\\\/expressometro.mx\\\/\",\"name\":\"Expresso Metropolitano\",\"description\":\"Periodismo comprometido, informaci\u00f3n, investigaci\u00f3n y an\u00e1lisis\",\"publisher\":{\"@id\":\"https:\\\/\\\/expressometro.mx\\\/#organization\"},\"potentialAction\":[{\"@type\":\"SearchAction\",\"target\":{\"@type\":\"EntryPoint\",\"urlTemplate\":\"https:\\\/\\\/expressometro.mx\\\/?s={search_term_string}\"},\"query-input\":{\"@type\":\"PropertyValueSpecification\",\"valueRequired\":true,\"valueName\":\"search_term_string\"}}],\"inLanguage\":\"es\"},{\"@type\":\"Organization\",\"@id\":\"https:\\\/\\\/expressometro.mx\\\/#organization\",\"name\":\"Expresso Metropolitano\",\"url\":\"https:\\\/\\\/expressometro.mx\\\/\",\"logo\":{\"@type\":\"ImageObject\",\"inLanguage\":\"es\",\"@id\":\"https:\\\/\\\/expressometro.mx\\\/#\\\/schema\\\/logo\\\/image\\\/\",\"url\":\"https:\\\/\\\/expressometro.mx\\\/wp-content\\\/uploads\\\/2019\\\/07\\\/cropped-Logo-Expresso-Metropolitano-1-1.jpeg\",\"contentUrl\":\"https:\\\/\\\/expressometro.mx\\\/wp-content\\\/uploads\\\/2019\\\/07\\\/cropped-Logo-Expresso-Metropolitano-1-1.jpeg\",\"width\":290,\"height\":73,\"caption\":\"Expresso Metropolitano\"},\"image\":{\"@id\":\"https:\\\/\\\/expressometro.mx\\\/#\\\/schema\\\/logo\\\/image\\\/\"}},{\"@type\":\"Person\",\"@id\":\"https:\\\/\\\/expressometro.mx\\\/#\\\/schema\\\/person\\\/efa971b4a0664db8ed5c22b1b0dd2f5d\",\"name\":\"Expresso Metropolitano\",\"image\":{\"@type\":\"ImageObject\",\"inLanguage\":\"es\",\"@id\":\"https:\\\/\\\/secure.gravatar.com\\\/avatar\\\/a89f802b8de18c6952f223c88d3d106e9e3679839f4e25a02f4a6cc2ae6ba3b3?s=96&d=mm&r=g\",\"url\":\"https:\\\/\\\/secure.gravatar.com\\\/avatar\\\/a89f802b8de18c6952f223c88d3d106e9e3679839f4e25a02f4a6cc2ae6ba3b3?s=96&d=mm&r=g\",\"contentUrl\":\"https:\\\/\\\/secure.gravatar.com\\\/avatar\\\/a89f802b8de18c6952f223c88d3d106e9e3679839f4e25a02f4a6cc2ae6ba3b3?s=96&d=mm&r=g\",\"caption\":\"Expresso Metropolitano\"},\"url\":\"https:\\\/\\\/expressometro.mx\\\/index.php\\\/author\\\/diego\\\/\"}]}<\/script>\n<!-- \/ Yoast SEO plugin. -->","yoast_head_json":{"title":"BUSCA KARINA LABASTIDA QUE LA LEY DE DESAPARICIONES SE APRUEBE EN ACTUAL PERIODO DE SESIONES - Expresso Metropolitano","robots":{"index":"index","follow":"follow","max-snippet":"max-snippet:-1","max-image-preview":"max-image-preview:large","max-video-preview":"max-video-preview:-1"},"canonical":"https:\/\/expressometro.mx\/index.php\/2019\/11\/18\/busca-karina-labastida-que-la-ley-de-desapariciones-se-apruebe-en-actual-periodo-de-sesiones\/","og_locale":"es_MX","og_type":"article","og_title":"BUSCA KARINA LABASTIDA QUE LA LEY DE DESAPARICIONES SE APRUEBE EN ACTUAL PERIODO DE SESIONES - Expresso Metropolitano","og_description":"La diputada Karina Labastida Sotelo expres\u00f3 su intenci\u00f3n de que en el actual periodo de sesiones la 60 Legislatura apruebe la Ley en Materia de Desaparici\u00f3n Forzada de Personas y Desaparici\u00f3n Cometida por Particulares para el Estado Libre y Soberano de M\u00e9xico, cuyo an\u00e1lisis detallado inici\u00f3 este d\u00eda y en el cual participan colectivos de familiares de v\u00edctimas de desaparici\u00f3n, representantes de dependencias p\u00fablicas, organizaciones internacionales y asociaciones. La presidenta de la Comisi\u00f3n Legislativa Especial Para las Declaratorias de Alerta de Violencia de G\u00e9nero Contra las Mujeres por Feminicidio y&hellip;","og_url":"https:\/\/expressometro.mx\/index.php\/2019\/11\/18\/busca-karina-labastida-que-la-ley-de-desapariciones-se-apruebe-en-actual-periodo-de-sesiones\/","og_site_name":"Expresso Metropolitano","article_published_time":"2019-11-19T03:59:08+00:00","article_modified_time":"2019-11-19T03:59:09+00:00","og_image":[{"width":850,"height":567,"url":"https:\/\/expressometro.mx\/wp-content\/uploads\/2019\/11\/1479a.jpg","type":"image\/jpeg"}],"author":"Expresso Metropolitano","twitter_misc":{"Escrito por":"Expresso Metropolitano","Tiempo de lectura":"5 minutos"},"schema":{"@context":"https:\/\/schema.org","@graph":[{"@type":"Article","@id":"https:\/\/expressometro.mx\/index.php\/2019\/11\/18\/busca-karina-labastida-que-la-ley-de-desapariciones-se-apruebe-en-actual-periodo-de-sesiones\/#article","isPartOf":{"@id":"https:\/\/expressometro.mx\/index.php\/2019\/11\/18\/busca-karina-labastida-que-la-ley-de-desapariciones-se-apruebe-en-actual-periodo-de-sesiones\/"},"author":{"name":"Expresso Metropolitano","@id":"https:\/\/expressometro.mx\/#\/schema\/person\/efa971b4a0664db8ed5c22b1b0dd2f5d"},"headline":"BUSCA KARINA LABASTIDA QUE LA LEY DE DESAPARICIONES SE APRUEBE EN ACTUAL PERIODO DE SESIONES","datePublished":"2019-11-19T03:59:08+00:00","dateModified":"2019-11-19T03:59:09+00:00","mainEntityOfPage":{"@id":"https:\/\/expressometro.mx\/index.php\/2019\/11\/18\/busca-karina-labastida-que-la-ley-de-desapariciones-se-apruebe-en-actual-periodo-de-sesiones\/"},"wordCount":969,"commentCount":0,"publisher":{"@id":"https:\/\/expressometro.mx\/#organization"},"image":{"@id":"https:\/\/expressometro.mx\/index.php\/2019\/11\/18\/busca-karina-labastida-que-la-ley-de-desapariciones-se-apruebe-en-actual-periodo-de-sesiones\/#primaryimage"},"thumbnailUrl":"https:\/\/expressometro.mx\/wp-content\/uploads\/2019\/11\/1479a.jpg","articleSection":["Seguridad"],"inLanguage":"es","potentialAction":[{"@type":"CommentAction","name":"Comment","target":["https:\/\/expressometro.mx\/index.php\/2019\/11\/18\/busca-karina-labastida-que-la-ley-de-desapariciones-se-apruebe-en-actual-periodo-de-sesiones\/#respond"]}]},{"@type":"WebPage","@id":"https:\/\/expressometro.mx\/index.php\/2019\/11\/18\/busca-karina-labastida-que-la-ley-de-desapariciones-se-apruebe-en-actual-periodo-de-sesiones\/","url":"https:\/\/expressometro.mx\/index.php\/2019\/11\/18\/busca-karina-labastida-que-la-ley-de-desapariciones-se-apruebe-en-actual-periodo-de-sesiones\/","name":"BUSCA KARINA LABASTIDA QUE LA LEY DE DESAPARICIONES SE APRUEBE EN ACTUAL PERIODO DE SESIONES - Expresso Metropolitano","isPartOf":{"@id":"https:\/\/expressometro.mx\/#website"},"primaryImageOfPage":{"@id":"https:\/\/expressometro.mx\/index.php\/2019\/11\/18\/busca-karina-labastida-que-la-ley-de-desapariciones-se-apruebe-en-actual-periodo-de-sesiones\/#primaryimage"},"image":{"@id":"https:\/\/expressometro.mx\/index.php\/2019\/11\/18\/busca-karina-labastida-que-la-ley-de-desapariciones-se-apruebe-en-actual-periodo-de-sesiones\/#primaryimage"},"thumbnailUrl":"https:\/\/expressometro.mx\/wp-content\/uploads\/2019\/11\/1479a.jpg","datePublished":"2019-11-19T03:59:08+00:00","dateModified":"2019-11-19T03:59:09+00:00","breadcrumb":{"@id":"https:\/\/expressometro.mx\/index.php\/2019\/11\/18\/busca-karina-labastida-que-la-ley-de-desapariciones-se-apruebe-en-actual-periodo-de-sesiones\/#breadcrumb"},"inLanguage":"es","potentialAction":[{"@type":"ReadAction","target":["https:\/\/expressometro.mx\/index.php\/2019\/11\/18\/busca-karina-labastida-que-la-ley-de-desapariciones-se-apruebe-en-actual-periodo-de-sesiones\/"]}]},{"@type":"ImageObject","inLanguage":"es","@id":"https:\/\/expressometro.mx\/index.php\/2019\/11\/18\/busca-karina-labastida-que-la-ley-de-desapariciones-se-apruebe-en-actual-periodo-de-sesiones\/#primaryimage","url":"https:\/\/expressometro.mx\/wp-content\/uploads\/2019\/11\/1479a.jpg","contentUrl":"https:\/\/expressometro.mx\/wp-content\/uploads\/2019\/11\/1479a.jpg","width":850,"height":567},{"@type":"BreadcrumbList","@id":"https:\/\/expressometro.mx\/index.php\/2019\/11\/18\/busca-karina-labastida-que-la-ley-de-desapariciones-se-apruebe-en-actual-periodo-de-sesiones\/#breadcrumb","itemListElement":[{"@type":"ListItem","position":1,"name":"Inicio","item":"https:\/\/expressometro.mx\/"},{"@type":"ListItem","position":2,"name":"BUSCA KARINA LABASTIDA QUE LA LEY DE DESAPARICIONES SE APRUEBE EN ACTUAL PERIODO DE SESIONES"}]},{"@type":"WebSite","@id":"https:\/\/expressometro.mx\/#website","url":"https:\/\/expressometro.mx\/","name":"Expresso Metropolitano","description":"Periodismo comprometido, informaci\u00f3n, investigaci\u00f3n y an\u00e1lisis","publisher":{"@id":"https:\/\/expressometro.mx\/#organization"},"potentialAction":[{"@type":"SearchAction","target":{"@type":"EntryPoint","urlTemplate":"https:\/\/expressometro.mx\/?s={search_term_string}"},"query-input":{"@type":"PropertyValueSpecification","valueRequired":true,"valueName":"search_term_string"}}],"inLanguage":"es"},{"@type":"Organization","@id":"https:\/\/expressometro.mx\/#organization","name":"Expresso Metropolitano","url":"https:\/\/expressometro.mx\/","logo":{"@type":"ImageObject","inLanguage":"es","@id":"https:\/\/expressometro.mx\/#\/schema\/logo\/image\/","url":"https:\/\/expressometro.mx\/wp-content\/uploads\/2019\/07\/cropped-Logo-Expresso-Metropolitano-1-1.jpeg","contentUrl":"https:\/\/expressometro.mx\/wp-content\/uploads\/2019\/07\/cropped-Logo-Expresso-Metropolitano-1-1.jpeg","width":290,"height":73,"caption":"Expresso Metropolitano"},"image":{"@id":"https:\/\/expressometro.mx\/#\/schema\/logo\/image\/"}},{"@type":"Person","@id":"https:\/\/expressometro.mx\/#\/schema\/person\/efa971b4a0664db8ed5c22b1b0dd2f5d","name":"Expresso Metropolitano","image":{"@type":"ImageObject","inLanguage":"es","@id":"https:\/\/secure.gravatar.com\/avatar\/a89f802b8de18c6952f223c88d3d106e9e3679839f4e25a02f4a6cc2ae6ba3b3?s=96&d=mm&r=g","url":"https:\/\/secure.gravatar.com\/avatar\/a89f802b8de18c6952f223c88d3d106e9e3679839f4e25a02f4a6cc2ae6ba3b3?s=96&d=mm&r=g","contentUrl":"https:\/\/secure.gravatar.com\/avatar\/a89f802b8de18c6952f223c88d3d106e9e3679839f4e25a02f4a6cc2ae6ba3b3?s=96&d=mm&r=g","caption":"Expresso Metropolitano"},"url":"https:\/\/expressometro.mx\/index.php\/author\/diego\/"}]}},"amp_enabled":true,"_links":{"self":[{"href":"https:\/\/expressometro.mx\/index.php\/wp-json\/wp\/v2\/posts\/1075","targetHints":{"allow":["GET"]}}],"collection":[{"href":"https:\/\/expressometro.mx\/index.php\/wp-json\/wp\/v2\/posts"}],"about":[{"href":"https:\/\/expressometro.mx\/index.php\/wp-json\/wp\/v2\/types\/post"}],"author":[{"embeddable":true,"href":"https:\/\/expressometro.mx\/index.php\/wp-json\/wp\/v2\/users\/1"}],"replies":[{"embeddable":true,"href":"https:\/\/expressometro.mx\/index.php\/wp-json\/wp\/v2\/comments?post=1075"}],"version-history":[{"count":1,"href":"https:\/\/expressometro.mx\/index.php\/wp-json\/wp\/v2\/posts\/1075\/revisions"}],"predecessor-version":[{"id":1077,"href":"https:\/\/expressometro.mx\/index.php\/wp-json\/wp\/v2\/posts\/1075\/revisions\/1077"}],"wp:featuredmedia":[{"embeddable":true,"href":"https:\/\/expressometro.mx\/index.php\/wp-json\/wp\/v2\/media\/1076"}],"wp:attachment":[{"href":"https:\/\/expressometro.mx\/index.php\/wp-json\/wp\/v2\/media?parent=1075"}],"wp:term":[{"taxonomy":"category","embeddable":true,"href":"https:\/\/expressometro.mx\/index.php\/wp-json\/wp\/v2\/categories?post=1075"},{"taxonomy":"post_tag","embeddable":true,"href":"https:\/\/expressometro.mx\/index.php\/wp-json\/wp\/v2\/tags?post=1075"}],"curies":[{"name":"wp","href":"https:\/\/api.w.org\/{rel}","templated":true}]}}