{"id":10746,"date":"2024-12-10T17:27:46","date_gmt":"2024-12-10T23:27:46","guid":{"rendered":"https:\/\/expressometro.mx\/?p=10746"},"modified":"2025-01-30T17:35:43","modified_gmt":"2025-01-30T23:35:43","slug":"calidad-educativa-y-extension-del-conocimiento-a-la-sociedad-distinguen-al-centro-universitario-texcoco-de-la-uaemex","status":"publish","type":"post","link":"https:\/\/expressometro.mx\/index.php\/2024\/12\/10\/calidad-educativa-y-extension-del-conocimiento-a-la-sociedad-distinguen-al-centro-universitario-texcoco-de-la-uaemex\/","title":{"rendered":"CALIDAD EDUCATIVA Y EXTENSI\u00d3N DEL CONOCIMIENTO A LA SOCIEDAD DISTINGUEN AL CENTRO UNIVERSITARIO TEXCOCO DE LA UAEM\u00c9X"},"content":{"rendered":"\n<ul class=\"wp-block-list\">\n<li>El rector Carlos Eduardo Barrera D\u00edaz encabez\u00f3 el segundo informe anual de actividades del director de este campus de la instituci\u00f3n, Juan Carlos Ramos Corchado.<\/li>\n\n\n\n<li>Entreg\u00f3 diversas obras de infraestructura y equipamiento a la comunidad verde y oro de este espacio universitario.<\/li>\n<\/ul>\n\n\n\n<p>El Centro Universitario Texcoco de la Universidad Aut\u00f3noma del Estado de M\u00e9xico (UAEM\u00e9x) mejora continuamente la calidad de sus programas acad\u00e9micos, impulsa investigaci\u00f3n para resolver desaf\u00edos que plantean los diversos campos del conocimiento y el desarrollo nacional y extiende el conocimiento universitario a la sociedad, afirm\u00f3 el rector Carlos Eduardo Barrera D\u00edaz, al encabezar el segundo informe anual de actividades del director de este campus de la instituci\u00f3n, Juan Carlos Ramos Corchado.<\/p>\n\n\n\n<p>Al encabezar este acto de rendici\u00f3n de cuentas, el rector entreg\u00f3 a la comunidad verde y oro del Centro Universitario Texcoco un sistema de captaci\u00f3n de agua pluvial, que contribuir\u00e1 de manera importante a evitar inundaciones.<\/p>\n\n\n\n<p>Adem\u00e1s, entreg\u00f3 los trabajos de reparaci\u00f3n de lavabos en los edificios \u201cB\u201d y \u201cC\u201d, la reparaci\u00f3n de plafones y resane en la losa del edificio \u201cA\u201d, as\u00ed como la rehabilitaci\u00f3n de la caseta de seguridad, las l\u00edneas de desag\u00fce en el edificio \u201cC\u201d y la renovaci\u00f3n de la pintura en las canchas deportivas del campus.<\/p>\n\n\n\n<figure class=\"wp-block-image size-large\"><img decoding=\"async\" width=\"840\" height=\"415\" src=\"https:\/\/expressometro.mx\/wp-content\/uploads\/2025\/01\/WhatsApp-Image-2025-01-30-at-5.28.59-PM-840x415.jpeg\" alt=\"\" class=\"wp-image-10749\" srcset=\"https:\/\/expressometro.mx\/wp-content\/uploads\/2025\/01\/WhatsApp-Image-2025-01-30-at-5.28.59-PM-840x415.jpeg 840w, https:\/\/expressometro.mx\/wp-content\/uploads\/2025\/01\/WhatsApp-Image-2025-01-30-at-5.28.59-PM-660x326.jpeg 660w, https:\/\/expressometro.mx\/wp-content\/uploads\/2025\/01\/WhatsApp-Image-2025-01-30-at-5.28.59-PM-768x380.jpeg 768w, https:\/\/expressometro.mx\/wp-content\/uploads\/2025\/01\/WhatsApp-Image-2025-01-30-at-5.28.59-PM.jpeg 1280w\" sizes=\"(max-width: 840px) 100vw, 840px\" \/><\/figure>\n\n\n\n<p>De igual manera, entreg\u00f3 a la comunidad de este espacio acad\u00e9mico 15 computadoras nuevas de \u00faltima generaci\u00f3n y 15 sillas para personal administrativo.<\/p>\n\n\n\n<p>El rector destac\u00f3 que en el a\u00f1o que se reporta 100 por ciento de los cuatro mil 961 estudiantes de los nueve programas de estudios profesionales de este centro curs\u00f3 estudios de calidad acreditada por \u00f3rganos externos.<\/p>\n\n\n\n<p>Adicionalmente, puntualiz\u00f3, las alumnas y alumnos de este centro universitario tienen la posibilidad de interactuar internacionalmente mediante aprendizaje colaborativo a distancia con instituciones de Colombia y Per\u00fa.<\/p>\n\n\n\n<p>En cuanto a los estudios de posgrado, felicit\u00f3 a la comunidad de este campus por el reciente ingreso de la Maestr\u00eda en Estudios Socioterritoriales, Gobierno y Turismo al Sistema Nacional de Posgrados del Consejo Nacional de Humanidades, Ciencias y Tecnolog\u00edas (Conahcyt).<\/p>\n\n\n\n<p>Por su parte, Juan Carlos Ramos Corchado indic\u00f3 que en la actualidad se ofrecen nueve programas educativos de licenciatura, ocho de ellos en modalidad mixta. El 100%, dijo, cuentan con calidad reconocida por el Consejo para la Acreditaci\u00f3n de la Educaci\u00f3n Superior (COPAES) y los Comit\u00e9s Interinstitucionales para la Evaluaci\u00f3n de la Educaci\u00f3n Superior (CIEES).<\/p>\n\n\n\n<p>Abund\u00f3 que, respecto a la matr\u00edcula, el Centro Universitario ha asumido la responsabilidad de atender la demanda educativa de la regi\u00f3n de influencia en el Estado de M\u00e9xico. As\u00ed, se atendi\u00f3 una matr\u00edcula total de cuatro mil 961 estudiantes, manteniendo el crecimiento sostenido de la capacidad de absorci\u00f3n en la atenci\u00f3n de la demanda educativa de la regi\u00f3n.<\/p>\n\n\n\n<p>Por otra parte, inform\u00f3 que 29 estudiantes del Centro Universitario UAEM Texcoco participaron en actividades de Aprendizaje Colaborativo Internacional en L\u00ednea en Colombia y 107 en Per\u00fa, a trav\u00e9s del Programa Acad\u00e9mico para la Colaboraci\u00f3n Digital Internacional (COIL).<\/p>\n\n\n\n<p>A su vez, resalt\u00f3, el Centro Universitario UAEM Texcoco, como entidad receptora, favoreci\u00f3 a 10 estudiantes de Colombia y 111 de Per\u00fa para que realizaran estudios en la UAEM\u00e9x mediante herramientas de colaboraci\u00f3n acad\u00e9mica y aprendizaje en l\u00ednea.<\/p>\n\n\n\n<p>Asimismo, dijo Juan Carlos Ramos Corchado, tres estudiantes realizaron movilidad nacional, mientras que dos estudiantes de estudios profesionales realizaron movilidad universitaria internacional a Espa\u00f1a y cuatro m\u00e1s realizaron movilidad intrainstitucional.<\/p>\n","protected":false},"excerpt":{"rendered":"<p>El rector Carlos Eduardo Barrera D\u00edaz encabez\u00f3 el segundo informe anual de actividades del director de este campus de la instituci\u00f3n, Juan Carlos Ramos Corchado.<\/p>\n","protected":false},"author":1,"featured_media":10748,"comment_status":"open","ping_status":"open","sticky":false,"template":"","format":"standard","meta":{"footnotes":""},"categories":[108,3,1],"tags":[313,1982,86,82],"class_list":["post-10746","post","type-post","status-publish","format-standard","has-post-thumbnail","hentry","category-educacion","category-gobierno","category-otros","tag-carlos-eduardo-barrera-diaz","tag-edomex","tag-gem","tag-uaemex"],"yoast_head":"<!-- This site is optimized with the Yoast SEO plugin v27.4 - https:\/\/yoast.com\/product\/yoast-seo-wordpress\/ -->\n<title>CALIDAD EDUCATIVA Y EXTENSI\u00d3N DEL CONOCIMIENTO A LA SOCIEDAD DISTINGUEN AL CENTRO UNIVERSITARIO TEXCOCO DE LA UAEM\u00c9X - Expresso Metropolitano<\/title>\n<meta name=\"robots\" content=\"index, follow, max-snippet:-1, max-image-preview:large, max-video-preview:-1\" \/>\n<link rel=\"canonical\" href=\"https:\/\/expressometro.mx\/index.php\/2024\/12\/10\/calidad-educativa-y-extension-del-conocimiento-a-la-sociedad-distinguen-al-centro-universitario-texcoco-de-la-uaemex\/\" \/>\n<meta property=\"og:locale\" content=\"es_MX\" \/>\n<meta property=\"og:type\" content=\"article\" \/>\n<meta property=\"og:title\" content=\"CALIDAD EDUCATIVA Y EXTENSI\u00d3N DEL CONOCIMIENTO A LA SOCIEDAD DISTINGUEN AL CENTRO UNIVERSITARIO TEXCOCO DE LA UAEM\u00c9X - Expresso Metropolitano\" \/>\n<meta property=\"og:description\" content=\"El rector Carlos Eduardo Barrera D\u00edaz encabez\u00f3 el segundo informe anual de actividades del director de este campus de la instituci\u00f3n, Juan Carlos Ramos Corchado.\" \/>\n<meta property=\"og:url\" content=\"https:\/\/expressometro.mx\/index.php\/2024\/12\/10\/calidad-educativa-y-extension-del-conocimiento-a-la-sociedad-distinguen-al-centro-universitario-texcoco-de-la-uaemex\/\" \/>\n<meta property=\"og:site_name\" content=\"Expresso Metropolitano\" \/>\n<meta property=\"article:published_time\" content=\"2024-12-10T23:27:46+00:00\" \/>\n<meta property=\"article:modified_time\" content=\"2025-01-30T23:35:43+00:00\" \/>\n<meta property=\"og:image\" content=\"http:\/\/expressometro.mx\/wp-content\/uploads\/2025\/01\/WhatsApp-Image-2025-01-30-at-5.28.26-PM.jpeg\" \/>\n\t<meta property=\"og:image:width\" content=\"800\" \/>\n\t<meta property=\"og:image:height\" content=\"533\" \/>\n\t<meta property=\"og:image:type\" content=\"image\/jpeg\" \/>\n<meta name=\"author\" content=\"Expresso Metropolitano\" \/>\n<meta name=\"twitter:label1\" content=\"Escrito por\" \/>\n\t<meta name=\"twitter:data1\" content=\"Expresso Metropolitano\" \/>\n\t<meta name=\"twitter:label2\" content=\"Tiempo de lectura\" \/>\n\t<meta name=\"twitter:data2\" content=\"3 minutos\" \/>\n<script type=\"application\/ld+json\" class=\"yoast-schema-graph\">{\"@context\":\"https:\\\/\\\/schema.org\",\"@graph\":[{\"@type\":\"Article\",\"@id\":\"https:\\\/\\\/expressometro.mx\\\/index.php\\\/2024\\\/12\\\/10\\\/calidad-educativa-y-extension-del-conocimiento-a-la-sociedad-distinguen-al-centro-universitario-texcoco-de-la-uaemex\\\/#article\",\"isPartOf\":{\"@id\":\"https:\\\/\\\/expressometro.mx\\\/index.php\\\/2024\\\/12\\\/10\\\/calidad-educativa-y-extension-del-conocimiento-a-la-sociedad-distinguen-al-centro-universitario-texcoco-de-la-uaemex\\\/\"},\"author\":{\"name\":\"Expresso Metropolitano\",\"@id\":\"https:\\\/\\\/expressometro.mx\\\/#\\\/schema\\\/person\\\/efa971b4a0664db8ed5c22b1b0dd2f5d\"},\"headline\":\"CALIDAD EDUCATIVA Y EXTENSI\u00d3N DEL CONOCIMIENTO A LA SOCIEDAD DISTINGUEN AL CENTRO UNIVERSITARIO TEXCOCO DE LA UAEM\u00c9X\",\"datePublished\":\"2024-12-10T23:27:46+00:00\",\"dateModified\":\"2025-01-30T23:35:43+00:00\",\"mainEntityOfPage\":{\"@id\":\"https:\\\/\\\/expressometro.mx\\\/index.php\\\/2024\\\/12\\\/10\\\/calidad-educativa-y-extension-del-conocimiento-a-la-sociedad-distinguen-al-centro-universitario-texcoco-de-la-uaemex\\\/\"},\"wordCount\":607,\"commentCount\":0,\"publisher\":{\"@id\":\"https:\\\/\\\/expressometro.mx\\\/#organization\"},\"image\":{\"@id\":\"https:\\\/\\\/expressometro.mx\\\/index.php\\\/2024\\\/12\\\/10\\\/calidad-educativa-y-extension-del-conocimiento-a-la-sociedad-distinguen-al-centro-universitario-texcoco-de-la-uaemex\\\/#primaryimage\"},\"thumbnailUrl\":\"https:\\\/\\\/expressometro.mx\\\/wp-content\\\/uploads\\\/2025\\\/01\\\/WhatsApp-Image-2025-01-30-at-5.28.26-PM.jpeg\",\"keywords\":[\"Carlos Eduardo Barrera D\u00edaz\",\"Edomex\",\"GEM\",\"UAEMex\"],\"articleSection\":[\"Educaci\u00f3n\",\"Gobierno\",\"Otros\"],\"inLanguage\":\"es\",\"potentialAction\":[{\"@type\":\"CommentAction\",\"name\":\"Comment\",\"target\":[\"https:\\\/\\\/expressometro.mx\\\/index.php\\\/2024\\\/12\\\/10\\\/calidad-educativa-y-extension-del-conocimiento-a-la-sociedad-distinguen-al-centro-universitario-texcoco-de-la-uaemex\\\/#respond\"]}]},{\"@type\":\"WebPage\",\"@id\":\"https:\\\/\\\/expressometro.mx\\\/index.php\\\/2024\\\/12\\\/10\\\/calidad-educativa-y-extension-del-conocimiento-a-la-sociedad-distinguen-al-centro-universitario-texcoco-de-la-uaemex\\\/\",\"url\":\"https:\\\/\\\/expressometro.mx\\\/index.php\\\/2024\\\/12\\\/10\\\/calidad-educativa-y-extension-del-conocimiento-a-la-sociedad-distinguen-al-centro-universitario-texcoco-de-la-uaemex\\\/\",\"name\":\"CALIDAD EDUCATIVA Y EXTENSI\u00d3N DEL CONOCIMIENTO A LA SOCIEDAD DISTINGUEN AL CENTRO UNIVERSITARIO TEXCOCO DE LA UAEM\u00c9X - Expresso Metropolitano\",\"isPartOf\":{\"@id\":\"https:\\\/\\\/expressometro.mx\\\/#website\"},\"primaryImageOfPage\":{\"@id\":\"https:\\\/\\\/expressometro.mx\\\/index.php\\\/2024\\\/12\\\/10\\\/calidad-educativa-y-extension-del-conocimiento-a-la-sociedad-distinguen-al-centro-universitario-texcoco-de-la-uaemex\\\/#primaryimage\"},\"image\":{\"@id\":\"https:\\\/\\\/expressometro.mx\\\/index.php\\\/2024\\\/12\\\/10\\\/calidad-educativa-y-extension-del-conocimiento-a-la-sociedad-distinguen-al-centro-universitario-texcoco-de-la-uaemex\\\/#primaryimage\"},\"thumbnailUrl\":\"https:\\\/\\\/expressometro.mx\\\/wp-content\\\/uploads\\\/2025\\\/01\\\/WhatsApp-Image-2025-01-30-at-5.28.26-PM.jpeg\",\"datePublished\":\"2024-12-10T23:27:46+00:00\",\"dateModified\":\"2025-01-30T23:35:43+00:00\",\"breadcrumb\":{\"@id\":\"https:\\\/\\\/expressometro.mx\\\/index.php\\\/2024\\\/12\\\/10\\\/calidad-educativa-y-extension-del-conocimiento-a-la-sociedad-distinguen-al-centro-universitario-texcoco-de-la-uaemex\\\/#breadcrumb\"},\"inLanguage\":\"es\",\"potentialAction\":[{\"@type\":\"ReadAction\",\"target\":[\"https:\\\/\\\/expressometro.mx\\\/index.php\\\/2024\\\/12\\\/10\\\/calidad-educativa-y-extension-del-conocimiento-a-la-sociedad-distinguen-al-centro-universitario-texcoco-de-la-uaemex\\\/\"]}]},{\"@type\":\"ImageObject\",\"inLanguage\":\"es\",\"@id\":\"https:\\\/\\\/expressometro.mx\\\/index.php\\\/2024\\\/12\\\/10\\\/calidad-educativa-y-extension-del-conocimiento-a-la-sociedad-distinguen-al-centro-universitario-texcoco-de-la-uaemex\\\/#primaryimage\",\"url\":\"https:\\\/\\\/expressometro.mx\\\/wp-content\\\/uploads\\\/2025\\\/01\\\/WhatsApp-Image-2025-01-30-at-5.28.26-PM.jpeg\",\"contentUrl\":\"https:\\\/\\\/expressometro.mx\\\/wp-content\\\/uploads\\\/2025\\\/01\\\/WhatsApp-Image-2025-01-30-at-5.28.26-PM.jpeg\",\"width\":800,\"height\":533},{\"@type\":\"BreadcrumbList\",\"@id\":\"https:\\\/\\\/expressometro.mx\\\/index.php\\\/2024\\\/12\\\/10\\\/calidad-educativa-y-extension-del-conocimiento-a-la-sociedad-distinguen-al-centro-universitario-texcoco-de-la-uaemex\\\/#breadcrumb\",\"itemListElement\":[{\"@type\":\"ListItem\",\"position\":1,\"name\":\"Inicio\",\"item\":\"https:\\\/\\\/expressometro.mx\\\/\"},{\"@type\":\"ListItem\",\"position\":2,\"name\":\"CALIDAD EDUCATIVA Y EXTENSI\u00d3N DEL CONOCIMIENTO A LA SOCIEDAD DISTINGUEN AL CENTRO UNIVERSITARIO TEXCOCO DE LA UAEM\u00c9X\"}]},{\"@type\":\"WebSite\",\"@id\":\"https:\\\/\\\/expressometro.mx\\\/#website\",\"url\":\"https:\\\/\\\/expressometro.mx\\\/\",\"name\":\"Expresso Metropolitano\",\"description\":\"Periodismo comprometido, informaci\u00f3n, investigaci\u00f3n y an\u00e1lisis\",\"publisher\":{\"@id\":\"https:\\\/\\\/expressometro.mx\\\/#organization\"},\"potentialAction\":[{\"@type\":\"SearchAction\",\"target\":{\"@type\":\"EntryPoint\",\"urlTemplate\":\"https:\\\/\\\/expressometro.mx\\\/?s={search_term_string}\"},\"query-input\":{\"@type\":\"PropertyValueSpecification\",\"valueRequired\":true,\"valueName\":\"search_term_string\"}}],\"inLanguage\":\"es\"},{\"@type\":\"Organization\",\"@id\":\"https:\\\/\\\/expressometro.mx\\\/#organization\",\"name\":\"Expresso Metropolitano\",\"url\":\"https:\\\/\\\/expressometro.mx\\\/\",\"logo\":{\"@type\":\"ImageObject\",\"inLanguage\":\"es\",\"@id\":\"https:\\\/\\\/expressometro.mx\\\/#\\\/schema\\\/logo\\\/image\\\/\",\"url\":\"https:\\\/\\\/expressometro.mx\\\/wp-content\\\/uploads\\\/2019\\\/07\\\/cropped-Logo-Expresso-Metropolitano-1-1.jpeg\",\"contentUrl\":\"https:\\\/\\\/expressometro.mx\\\/wp-content\\\/uploads\\\/2019\\\/07\\\/cropped-Logo-Expresso-Metropolitano-1-1.jpeg\",\"width\":290,\"height\":73,\"caption\":\"Expresso Metropolitano\"},\"image\":{\"@id\":\"https:\\\/\\\/expressometro.mx\\\/#\\\/schema\\\/logo\\\/image\\\/\"}},{\"@type\":\"Person\",\"@id\":\"https:\\\/\\\/expressometro.mx\\\/#\\\/schema\\\/person\\\/efa971b4a0664db8ed5c22b1b0dd2f5d\",\"name\":\"Expresso Metropolitano\",\"image\":{\"@type\":\"ImageObject\",\"inLanguage\":\"es\",\"@id\":\"https:\\\/\\\/secure.gravatar.com\\\/avatar\\\/a89f802b8de18c6952f223c88d3d106e9e3679839f4e25a02f4a6cc2ae6ba3b3?s=96&d=mm&r=g\",\"url\":\"https:\\\/\\\/secure.gravatar.com\\\/avatar\\\/a89f802b8de18c6952f223c88d3d106e9e3679839f4e25a02f4a6cc2ae6ba3b3?s=96&d=mm&r=g\",\"contentUrl\":\"https:\\\/\\\/secure.gravatar.com\\\/avatar\\\/a89f802b8de18c6952f223c88d3d106e9e3679839f4e25a02f4a6cc2ae6ba3b3?s=96&d=mm&r=g\",\"caption\":\"Expresso Metropolitano\"},\"url\":\"https:\\\/\\\/expressometro.mx\\\/index.php\\\/author\\\/diego\\\/\"}]}<\/script>\n<!-- \/ Yoast SEO plugin. -->","yoast_head_json":{"title":"CALIDAD EDUCATIVA Y EXTENSI\u00d3N DEL CONOCIMIENTO A LA SOCIEDAD DISTINGUEN AL CENTRO UNIVERSITARIO TEXCOCO DE LA UAEM\u00c9X - Expresso Metropolitano","robots":{"index":"index","follow":"follow","max-snippet":"max-snippet:-1","max-image-preview":"max-image-preview:large","max-video-preview":"max-video-preview:-1"},"canonical":"https:\/\/expressometro.mx\/index.php\/2024\/12\/10\/calidad-educativa-y-extension-del-conocimiento-a-la-sociedad-distinguen-al-centro-universitario-texcoco-de-la-uaemex\/","og_locale":"es_MX","og_type":"article","og_title":"CALIDAD EDUCATIVA Y EXTENSI\u00d3N DEL CONOCIMIENTO A LA SOCIEDAD DISTINGUEN AL CENTRO UNIVERSITARIO TEXCOCO DE LA UAEM\u00c9X - Expresso Metropolitano","og_description":"El rector Carlos Eduardo Barrera D\u00edaz encabez\u00f3 el segundo informe anual de actividades del director de este campus de la instituci\u00f3n, Juan Carlos Ramos Corchado.","og_url":"https:\/\/expressometro.mx\/index.php\/2024\/12\/10\/calidad-educativa-y-extension-del-conocimiento-a-la-sociedad-distinguen-al-centro-universitario-texcoco-de-la-uaemex\/","og_site_name":"Expresso Metropolitano","article_published_time":"2024-12-10T23:27:46+00:00","article_modified_time":"2025-01-30T23:35:43+00:00","og_image":[{"width":800,"height":533,"url":"http:\/\/expressometro.mx\/wp-content\/uploads\/2025\/01\/WhatsApp-Image-2025-01-30-at-5.28.26-PM.jpeg","type":"image\/jpeg"}],"author":"Expresso Metropolitano","twitter_misc":{"Escrito por":"Expresso Metropolitano","Tiempo de lectura":"3 minutos"},"schema":{"@context":"https:\/\/schema.org","@graph":[{"@type":"Article","@id":"https:\/\/expressometro.mx\/index.php\/2024\/12\/10\/calidad-educativa-y-extension-del-conocimiento-a-la-sociedad-distinguen-al-centro-universitario-texcoco-de-la-uaemex\/#article","isPartOf":{"@id":"https:\/\/expressometro.mx\/index.php\/2024\/12\/10\/calidad-educativa-y-extension-del-conocimiento-a-la-sociedad-distinguen-al-centro-universitario-texcoco-de-la-uaemex\/"},"author":{"name":"Expresso Metropolitano","@id":"https:\/\/expressometro.mx\/#\/schema\/person\/efa971b4a0664db8ed5c22b1b0dd2f5d"},"headline":"CALIDAD EDUCATIVA Y EXTENSI\u00d3N DEL CONOCIMIENTO A LA SOCIEDAD DISTINGUEN AL CENTRO UNIVERSITARIO TEXCOCO DE LA UAEM\u00c9X","datePublished":"2024-12-10T23:27:46+00:00","dateModified":"2025-01-30T23:35:43+00:00","mainEntityOfPage":{"@id":"https:\/\/expressometro.mx\/index.php\/2024\/12\/10\/calidad-educativa-y-extension-del-conocimiento-a-la-sociedad-distinguen-al-centro-universitario-texcoco-de-la-uaemex\/"},"wordCount":607,"commentCount":0,"publisher":{"@id":"https:\/\/expressometro.mx\/#organization"},"image":{"@id":"https:\/\/expressometro.mx\/index.php\/2024\/12\/10\/calidad-educativa-y-extension-del-conocimiento-a-la-sociedad-distinguen-al-centro-universitario-texcoco-de-la-uaemex\/#primaryimage"},"thumbnailUrl":"https:\/\/expressometro.mx\/wp-content\/uploads\/2025\/01\/WhatsApp-Image-2025-01-30-at-5.28.26-PM.jpeg","keywords":["Carlos Eduardo Barrera D\u00edaz","Edomex","GEM","UAEMex"],"articleSection":["Educaci\u00f3n","Gobierno","Otros"],"inLanguage":"es","potentialAction":[{"@type":"CommentAction","name":"Comment","target":["https:\/\/expressometro.mx\/index.php\/2024\/12\/10\/calidad-educativa-y-extension-del-conocimiento-a-la-sociedad-distinguen-al-centro-universitario-texcoco-de-la-uaemex\/#respond"]}]},{"@type":"WebPage","@id":"https:\/\/expressometro.mx\/index.php\/2024\/12\/10\/calidad-educativa-y-extension-del-conocimiento-a-la-sociedad-distinguen-al-centro-universitario-texcoco-de-la-uaemex\/","url":"https:\/\/expressometro.mx\/index.php\/2024\/12\/10\/calidad-educativa-y-extension-del-conocimiento-a-la-sociedad-distinguen-al-centro-universitario-texcoco-de-la-uaemex\/","name":"CALIDAD EDUCATIVA Y EXTENSI\u00d3N DEL CONOCIMIENTO A LA SOCIEDAD DISTINGUEN AL CENTRO UNIVERSITARIO TEXCOCO DE LA UAEM\u00c9X - Expresso Metropolitano","isPartOf":{"@id":"https:\/\/expressometro.mx\/#website"},"primaryImageOfPage":{"@id":"https:\/\/expressometro.mx\/index.php\/2024\/12\/10\/calidad-educativa-y-extension-del-conocimiento-a-la-sociedad-distinguen-al-centro-universitario-texcoco-de-la-uaemex\/#primaryimage"},"image":{"@id":"https:\/\/expressometro.mx\/index.php\/2024\/12\/10\/calidad-educativa-y-extension-del-conocimiento-a-la-sociedad-distinguen-al-centro-universitario-texcoco-de-la-uaemex\/#primaryimage"},"thumbnailUrl":"https:\/\/expressometro.mx\/wp-content\/uploads\/2025\/01\/WhatsApp-Image-2025-01-30-at-5.28.26-PM.jpeg","datePublished":"2024-12-10T23:27:46+00:00","dateModified":"2025-01-30T23:35:43+00:00","breadcrumb":{"@id":"https:\/\/expressometro.mx\/index.php\/2024\/12\/10\/calidad-educativa-y-extension-del-conocimiento-a-la-sociedad-distinguen-al-centro-universitario-texcoco-de-la-uaemex\/#breadcrumb"},"inLanguage":"es","potentialAction":[{"@type":"ReadAction","target":["https:\/\/expressometro.mx\/index.php\/2024\/12\/10\/calidad-educativa-y-extension-del-conocimiento-a-la-sociedad-distinguen-al-centro-universitario-texcoco-de-la-uaemex\/"]}]},{"@type":"ImageObject","inLanguage":"es","@id":"https:\/\/expressometro.mx\/index.php\/2024\/12\/10\/calidad-educativa-y-extension-del-conocimiento-a-la-sociedad-distinguen-al-centro-universitario-texcoco-de-la-uaemex\/#primaryimage","url":"https:\/\/expressometro.mx\/wp-content\/uploads\/2025\/01\/WhatsApp-Image-2025-01-30-at-5.28.26-PM.jpeg","contentUrl":"https:\/\/expressometro.mx\/wp-content\/uploads\/2025\/01\/WhatsApp-Image-2025-01-30-at-5.28.26-PM.jpeg","width":800,"height":533},{"@type":"BreadcrumbList","@id":"https:\/\/expressometro.mx\/index.php\/2024\/12\/10\/calidad-educativa-y-extension-del-conocimiento-a-la-sociedad-distinguen-al-centro-universitario-texcoco-de-la-uaemex\/#breadcrumb","itemListElement":[{"@type":"ListItem","position":1,"name":"Inicio","item":"https:\/\/expressometro.mx\/"},{"@type":"ListItem","position":2,"name":"CALIDAD EDUCATIVA Y EXTENSI\u00d3N DEL CONOCIMIENTO A LA SOCIEDAD DISTINGUEN AL CENTRO UNIVERSITARIO TEXCOCO DE LA UAEM\u00c9X"}]},{"@type":"WebSite","@id":"https:\/\/expressometro.mx\/#website","url":"https:\/\/expressometro.mx\/","name":"Expresso Metropolitano","description":"Periodismo comprometido, informaci\u00f3n, investigaci\u00f3n y an\u00e1lisis","publisher":{"@id":"https:\/\/expressometro.mx\/#organization"},"potentialAction":[{"@type":"SearchAction","target":{"@type":"EntryPoint","urlTemplate":"https:\/\/expressometro.mx\/?s={search_term_string}"},"query-input":{"@type":"PropertyValueSpecification","valueRequired":true,"valueName":"search_term_string"}}],"inLanguage":"es"},{"@type":"Organization","@id":"https:\/\/expressometro.mx\/#organization","name":"Expresso Metropolitano","url":"https:\/\/expressometro.mx\/","logo":{"@type":"ImageObject","inLanguage":"es","@id":"https:\/\/expressometro.mx\/#\/schema\/logo\/image\/","url":"https:\/\/expressometro.mx\/wp-content\/uploads\/2019\/07\/cropped-Logo-Expresso-Metropolitano-1-1.jpeg","contentUrl":"https:\/\/expressometro.mx\/wp-content\/uploads\/2019\/07\/cropped-Logo-Expresso-Metropolitano-1-1.jpeg","width":290,"height":73,"caption":"Expresso Metropolitano"},"image":{"@id":"https:\/\/expressometro.mx\/#\/schema\/logo\/image\/"}},{"@type":"Person","@id":"https:\/\/expressometro.mx\/#\/schema\/person\/efa971b4a0664db8ed5c22b1b0dd2f5d","name":"Expresso Metropolitano","image":{"@type":"ImageObject","inLanguage":"es","@id":"https:\/\/secure.gravatar.com\/avatar\/a89f802b8de18c6952f223c88d3d106e9e3679839f4e25a02f4a6cc2ae6ba3b3?s=96&d=mm&r=g","url":"https:\/\/secure.gravatar.com\/avatar\/a89f802b8de18c6952f223c88d3d106e9e3679839f4e25a02f4a6cc2ae6ba3b3?s=96&d=mm&r=g","contentUrl":"https:\/\/secure.gravatar.com\/avatar\/a89f802b8de18c6952f223c88d3d106e9e3679839f4e25a02f4a6cc2ae6ba3b3?s=96&d=mm&r=g","caption":"Expresso Metropolitano"},"url":"https:\/\/expressometro.mx\/index.php\/author\/diego\/"}]}},"amp_enabled":true,"_links":{"self":[{"href":"https:\/\/expressometro.mx\/index.php\/wp-json\/wp\/v2\/posts\/10746","targetHints":{"allow":["GET"]}}],"collection":[{"href":"https:\/\/expressometro.mx\/index.php\/wp-json\/wp\/v2\/posts"}],"about":[{"href":"https:\/\/expressometro.mx\/index.php\/wp-json\/wp\/v2\/types\/post"}],"author":[{"embeddable":true,"href":"https:\/\/expressometro.mx\/index.php\/wp-json\/wp\/v2\/users\/1"}],"replies":[{"embeddable":true,"href":"https:\/\/expressometro.mx\/index.php\/wp-json\/wp\/v2\/comments?post=10746"}],"version-history":[{"count":1,"href":"https:\/\/expressometro.mx\/index.php\/wp-json\/wp\/v2\/posts\/10746\/revisions"}],"predecessor-version":[{"id":10750,"href":"https:\/\/expressometro.mx\/index.php\/wp-json\/wp\/v2\/posts\/10746\/revisions\/10750"}],"wp:featuredmedia":[{"embeddable":true,"href":"https:\/\/expressometro.mx\/index.php\/wp-json\/wp\/v2\/media\/10748"}],"wp:attachment":[{"href":"https:\/\/expressometro.mx\/index.php\/wp-json\/wp\/v2\/media?parent=10746"}],"wp:term":[{"taxonomy":"category","embeddable":true,"href":"https:\/\/expressometro.mx\/index.php\/wp-json\/wp\/v2\/categories?post=10746"},{"taxonomy":"post_tag","embeddable":true,"href":"https:\/\/expressometro.mx\/index.php\/wp-json\/wp\/v2\/tags?post=10746"}],"curies":[{"name":"wp","href":"https:\/\/api.w.org\/{rel}","templated":true}]}}