{"id":10728,"date":"2025-01-29T17:14:59","date_gmt":"2025-01-29T23:14:59","guid":{"rendered":"https:\/\/expressometro.mx\/?p=10728"},"modified":"2025-01-29T17:15:00","modified_gmt":"2025-01-29T23:15:00","slug":"incontenible-el-alza-en-precios-de-la-canasta-basica","status":"publish","type":"post","link":"https:\/\/expressometro.mx\/index.php\/2025\/01\/29\/incontenible-el-alza-en-precios-de-la-canasta-basica\/","title":{"rendered":"INCONTENIBLE EL ALZA EN PRECIOS DE LA CANASTA B\u00c1SICA"},"content":{"rendered":"\n<p>Con Morena, la canasta b\u00e1sica de alimentos se convirti\u00f3 en un lujo y todo est\u00e1 m\u00e1s caro en productos como el huevo, frijol, pan blanco, tortilla y arroz, advirti\u00f3 la Senadora Cristina Ru\u00edz Sandoval, presidenta del Comit\u00e9 Directivo Estatal (CDE) del PRI, al cuestionar la incapacidad del gobierno que no usa su mayor\u00eda para resolver este problema.<\/p>\n\n\n\n<p>Ahora que est\u00e1n en el gobierno, la canasta b\u00e1sica increment\u00f3 su costo promedio hasta un 50 por ciento y hay productos esenciales que se han vuelto inalcanzables para las familias; \u201ctienen la mayor\u00eda para evitar los aumentos desmedidos, pero no la voluntad de frenar esta crisis que no le permite a la gente poner comida en sus mesas\u201d, puntualiz\u00f3.<\/p>\n\n\n\n<p>Dej\u00f3 en claro que los precios de productos de la canasta b\u00e1sica aumentaron desde hace 6 a\u00f1os, lo que impact\u00f3 en el bolsillo de las y los mexicanos, especialmente de quienes menos tienen. Este encarecimiento provoca que las familias mexicanas descarten, cada vez m\u00e1s, alimentos de su consumo diario, manifest\u00f3.<\/p>\n\n\n\n<p>De acuerdo al \u00cdndice Nacional de Precios al Consumidor, los precios de productos de la canasta b\u00e1sica aumentaron en el tomate, frijol y papa. El precio del huevo sigue en ascenso, a pesar de contar con una alta producci\u00f3n en M\u00e9xico, lo que desestabiliza y compromete la econom\u00eda familiar, alert\u00f3.<\/p>\n\n\n\n<p>Destac\u00f3 que en enero de este a\u00f1o, se han registrado incrementos en los precios de diversos productos de la canasta b\u00e1sica en el Estado de M\u00e9xico, tanto en la zona del Valle de M\u00e9xico como en el Valle de Toluca y las familias con menos ingresos resienten el alza del precio de productos debido a la din\u00e1mica de consumo al menudeo.<\/p>\n\n\n\n<p>En el Valle de Toluca se han observado incrementos superiores en productos como carne de cerdo, jitomate y cebolla. El Estado de M\u00e9xico presenta uno de los mayores encarecimientos de los productos b\u00e1sicos y es evidente que las pol\u00edticas implementadas por el gobierno si afectaron, negativamente, la econom\u00eda de las familias mexicanas, enfatiz\u00f3. Ante este panorama y las malas decisiones del gobierno de Morena, refrend\u00f3 que el PRI mantiene su compromiso de trabajar para mejorar las condiciones de vida de todos los ciudadanos y de garantizar el acceso de todos a alimentos suficientes y nutritivos, promoviendo pr\u00e1cticas agr\u00edcolas sostenibles para proteger los recursos naturales.<\/p>\n","protected":false},"excerpt":{"rendered":"<p>Con Morena, la canasta b\u00e1sica de alimentos se convirti\u00f3 en un lujo y todo est\u00e1 m\u00e1s caro en productos como el huevo, frijol, pan blanco, tortilla y arroz, advirti\u00f3 la Senadora Cristina Ru\u00edz Sandoval, presidenta del Comit\u00e9 Directivo Estatal (CDE) del PRI, al cuestionar la incapacidad del gobierno que no usa su mayor\u00eda para resolver este problema.<\/p>\n","protected":false},"author":1,"featured_media":10730,"comment_status":"open","ping_status":"open","sticky":false,"template":"","format":"standard","meta":{"footnotes":""},"categories":[3,1,231],"tags":[2283,1982,158],"class_list":["post-10728","post","type-post","status-publish","format-standard","has-post-thumbnail","hentry","category-gobierno","category-otros","category-politica","tag-cristina-ruiz-sandoval","tag-edomex","tag-pri"],"yoast_head":"<!-- This site is optimized with the Yoast SEO plugin v27.4 - https:\/\/yoast.com\/product\/yoast-seo-wordpress\/ -->\n<title>INCONTENIBLE EL ALZA EN PRECIOS DE LA CANASTA B\u00c1SICA - Expresso Metropolitano<\/title>\n<meta name=\"robots\" content=\"index, follow, max-snippet:-1, max-image-preview:large, max-video-preview:-1\" \/>\n<link rel=\"canonical\" href=\"https:\/\/expressometro.mx\/index.php\/2025\/01\/29\/incontenible-el-alza-en-precios-de-la-canasta-basica\/\" \/>\n<meta property=\"og:locale\" content=\"es_MX\" \/>\n<meta property=\"og:type\" content=\"article\" \/>\n<meta property=\"og:title\" content=\"INCONTENIBLE EL ALZA EN PRECIOS DE LA CANASTA B\u00c1SICA - Expresso Metropolitano\" \/>\n<meta property=\"og:description\" content=\"Con Morena, la canasta b\u00e1sica de alimentos se convirti\u00f3 en un lujo y todo est\u00e1 m\u00e1s caro en productos como el huevo, frijol, pan blanco, tortilla y arroz, advirti\u00f3 la Senadora Cristina Ru\u00edz Sandoval, presidenta del Comit\u00e9 Directivo Estatal (CDE) del PRI, al cuestionar la incapacidad del gobierno que no usa su mayor\u00eda para resolver este problema.\" \/>\n<meta property=\"og:url\" content=\"https:\/\/expressometro.mx\/index.php\/2025\/01\/29\/incontenible-el-alza-en-precios-de-la-canasta-basica\/\" \/>\n<meta property=\"og:site_name\" content=\"Expresso Metropolitano\" \/>\n<meta property=\"article:published_time\" content=\"2025-01-29T23:14:59+00:00\" \/>\n<meta property=\"article:modified_time\" content=\"2025-01-29T23:15:00+00:00\" \/>\n<meta property=\"og:image\" content=\"http:\/\/expressometro.mx\/wp-content\/uploads\/2025\/01\/WhatsApp-Image-2025-01-29-at-12.02.51-PM-scaled.jpeg\" \/>\n\t<meta property=\"og:image:width\" content=\"1856\" \/>\n\t<meta property=\"og:image:height\" content=\"2560\" \/>\n\t<meta property=\"og:image:type\" content=\"image\/jpeg\" \/>\n<meta name=\"author\" content=\"Expresso Metropolitano\" \/>\n<meta name=\"twitter:label1\" content=\"Escrito por\" \/>\n\t<meta name=\"twitter:data1\" content=\"Expresso Metropolitano\" \/>\n\t<meta name=\"twitter:label2\" content=\"Tiempo de lectura\" \/>\n\t<meta name=\"twitter:data2\" content=\"2 minutos\" \/>\n<script type=\"application\/ld+json\" class=\"yoast-schema-graph\">{\"@context\":\"https:\\\/\\\/schema.org\",\"@graph\":[{\"@type\":\"Article\",\"@id\":\"https:\\\/\\\/expressometro.mx\\\/index.php\\\/2025\\\/01\\\/29\\\/incontenible-el-alza-en-precios-de-la-canasta-basica\\\/#article\",\"isPartOf\":{\"@id\":\"https:\\\/\\\/expressometro.mx\\\/index.php\\\/2025\\\/01\\\/29\\\/incontenible-el-alza-en-precios-de-la-canasta-basica\\\/\"},\"author\":{\"name\":\"Expresso Metropolitano\",\"@id\":\"https:\\\/\\\/expressometro.mx\\\/#\\\/schema\\\/person\\\/efa971b4a0664db8ed5c22b1b0dd2f5d\"},\"headline\":\"INCONTENIBLE EL ALZA EN PRECIOS DE LA CANASTA B\u00c1SICA\",\"datePublished\":\"2025-01-29T23:14:59+00:00\",\"dateModified\":\"2025-01-29T23:15:00+00:00\",\"mainEntityOfPage\":{\"@id\":\"https:\\\/\\\/expressometro.mx\\\/index.php\\\/2025\\\/01\\\/29\\\/incontenible-el-alza-en-precios-de-la-canasta-basica\\\/\"},\"wordCount\":414,\"commentCount\":0,\"publisher\":{\"@id\":\"https:\\\/\\\/expressometro.mx\\\/#organization\"},\"image\":{\"@id\":\"https:\\\/\\\/expressometro.mx\\\/index.php\\\/2025\\\/01\\\/29\\\/incontenible-el-alza-en-precios-de-la-canasta-basica\\\/#primaryimage\"},\"thumbnailUrl\":\"https:\\\/\\\/expressometro.mx\\\/wp-content\\\/uploads\\\/2025\\\/01\\\/WhatsApp-Image-2025-01-29-at-12.02.51-PM-scaled.jpeg\",\"keywords\":[\"Cristina Ru\u00edz Sandoval\",\"Edomex\",\"PRI\"],\"articleSection\":[\"Gobierno\",\"Otros\",\"Pol\u00edtica\"],\"inLanguage\":\"es\",\"potentialAction\":[{\"@type\":\"CommentAction\",\"name\":\"Comment\",\"target\":[\"https:\\\/\\\/expressometro.mx\\\/index.php\\\/2025\\\/01\\\/29\\\/incontenible-el-alza-en-precios-de-la-canasta-basica\\\/#respond\"]}]},{\"@type\":\"WebPage\",\"@id\":\"https:\\\/\\\/expressometro.mx\\\/index.php\\\/2025\\\/01\\\/29\\\/incontenible-el-alza-en-precios-de-la-canasta-basica\\\/\",\"url\":\"https:\\\/\\\/expressometro.mx\\\/index.php\\\/2025\\\/01\\\/29\\\/incontenible-el-alza-en-precios-de-la-canasta-basica\\\/\",\"name\":\"INCONTENIBLE EL ALZA EN PRECIOS DE LA CANASTA B\u00c1SICA - Expresso Metropolitano\",\"isPartOf\":{\"@id\":\"https:\\\/\\\/expressometro.mx\\\/#website\"},\"primaryImageOfPage\":{\"@id\":\"https:\\\/\\\/expressometro.mx\\\/index.php\\\/2025\\\/01\\\/29\\\/incontenible-el-alza-en-precios-de-la-canasta-basica\\\/#primaryimage\"},\"image\":{\"@id\":\"https:\\\/\\\/expressometro.mx\\\/index.php\\\/2025\\\/01\\\/29\\\/incontenible-el-alza-en-precios-de-la-canasta-basica\\\/#primaryimage\"},\"thumbnailUrl\":\"https:\\\/\\\/expressometro.mx\\\/wp-content\\\/uploads\\\/2025\\\/01\\\/WhatsApp-Image-2025-01-29-at-12.02.51-PM-scaled.jpeg\",\"datePublished\":\"2025-01-29T23:14:59+00:00\",\"dateModified\":\"2025-01-29T23:15:00+00:00\",\"breadcrumb\":{\"@id\":\"https:\\\/\\\/expressometro.mx\\\/index.php\\\/2025\\\/01\\\/29\\\/incontenible-el-alza-en-precios-de-la-canasta-basica\\\/#breadcrumb\"},\"inLanguage\":\"es\",\"potentialAction\":[{\"@type\":\"ReadAction\",\"target\":[\"https:\\\/\\\/expressometro.mx\\\/index.php\\\/2025\\\/01\\\/29\\\/incontenible-el-alza-en-precios-de-la-canasta-basica\\\/\"]}]},{\"@type\":\"ImageObject\",\"inLanguage\":\"es\",\"@id\":\"https:\\\/\\\/expressometro.mx\\\/index.php\\\/2025\\\/01\\\/29\\\/incontenible-el-alza-en-precios-de-la-canasta-basica\\\/#primaryimage\",\"url\":\"https:\\\/\\\/expressometro.mx\\\/wp-content\\\/uploads\\\/2025\\\/01\\\/WhatsApp-Image-2025-01-29-at-12.02.51-PM-scaled.jpeg\",\"contentUrl\":\"https:\\\/\\\/expressometro.mx\\\/wp-content\\\/uploads\\\/2025\\\/01\\\/WhatsApp-Image-2025-01-29-at-12.02.51-PM-scaled.jpeg\",\"width\":1856,\"height\":2560},{\"@type\":\"BreadcrumbList\",\"@id\":\"https:\\\/\\\/expressometro.mx\\\/index.php\\\/2025\\\/01\\\/29\\\/incontenible-el-alza-en-precios-de-la-canasta-basica\\\/#breadcrumb\",\"itemListElement\":[{\"@type\":\"ListItem\",\"position\":1,\"name\":\"Inicio\",\"item\":\"https:\\\/\\\/expressometro.mx\\\/\"},{\"@type\":\"ListItem\",\"position\":2,\"name\":\"INCONTENIBLE EL ALZA EN PRECIOS DE LA CANASTA B\u00c1SICA\"}]},{\"@type\":\"WebSite\",\"@id\":\"https:\\\/\\\/expressometro.mx\\\/#website\",\"url\":\"https:\\\/\\\/expressometro.mx\\\/\",\"name\":\"Expresso Metropolitano\",\"description\":\"Periodismo comprometido, informaci\u00f3n, investigaci\u00f3n y an\u00e1lisis\",\"publisher\":{\"@id\":\"https:\\\/\\\/expressometro.mx\\\/#organization\"},\"potentialAction\":[{\"@type\":\"SearchAction\",\"target\":{\"@type\":\"EntryPoint\",\"urlTemplate\":\"https:\\\/\\\/expressometro.mx\\\/?s={search_term_string}\"},\"query-input\":{\"@type\":\"PropertyValueSpecification\",\"valueRequired\":true,\"valueName\":\"search_term_string\"}}],\"inLanguage\":\"es\"},{\"@type\":\"Organization\",\"@id\":\"https:\\\/\\\/expressometro.mx\\\/#organization\",\"name\":\"Expresso Metropolitano\",\"url\":\"https:\\\/\\\/expressometro.mx\\\/\",\"logo\":{\"@type\":\"ImageObject\",\"inLanguage\":\"es\",\"@id\":\"https:\\\/\\\/expressometro.mx\\\/#\\\/schema\\\/logo\\\/image\\\/\",\"url\":\"https:\\\/\\\/expressometro.mx\\\/wp-content\\\/uploads\\\/2019\\\/07\\\/cropped-Logo-Expresso-Metropolitano-1-1.jpeg\",\"contentUrl\":\"https:\\\/\\\/expressometro.mx\\\/wp-content\\\/uploads\\\/2019\\\/07\\\/cropped-Logo-Expresso-Metropolitano-1-1.jpeg\",\"width\":290,\"height\":73,\"caption\":\"Expresso Metropolitano\"},\"image\":{\"@id\":\"https:\\\/\\\/expressometro.mx\\\/#\\\/schema\\\/logo\\\/image\\\/\"}},{\"@type\":\"Person\",\"@id\":\"https:\\\/\\\/expressometro.mx\\\/#\\\/schema\\\/person\\\/efa971b4a0664db8ed5c22b1b0dd2f5d\",\"name\":\"Expresso Metropolitano\",\"image\":{\"@type\":\"ImageObject\",\"inLanguage\":\"es\",\"@id\":\"https:\\\/\\\/secure.gravatar.com\\\/avatar\\\/a89f802b8de18c6952f223c88d3d106e9e3679839f4e25a02f4a6cc2ae6ba3b3?s=96&d=mm&r=g\",\"url\":\"https:\\\/\\\/secure.gravatar.com\\\/avatar\\\/a89f802b8de18c6952f223c88d3d106e9e3679839f4e25a02f4a6cc2ae6ba3b3?s=96&d=mm&r=g\",\"contentUrl\":\"https:\\\/\\\/secure.gravatar.com\\\/avatar\\\/a89f802b8de18c6952f223c88d3d106e9e3679839f4e25a02f4a6cc2ae6ba3b3?s=96&d=mm&r=g\",\"caption\":\"Expresso Metropolitano\"},\"url\":\"https:\\\/\\\/expressometro.mx\\\/index.php\\\/author\\\/diego\\\/\"}]}<\/script>\n<!-- \/ Yoast SEO plugin. -->","yoast_head_json":{"title":"INCONTENIBLE EL ALZA EN PRECIOS DE LA CANASTA B\u00c1SICA - Expresso Metropolitano","robots":{"index":"index","follow":"follow","max-snippet":"max-snippet:-1","max-image-preview":"max-image-preview:large","max-video-preview":"max-video-preview:-1"},"canonical":"https:\/\/expressometro.mx\/index.php\/2025\/01\/29\/incontenible-el-alza-en-precios-de-la-canasta-basica\/","og_locale":"es_MX","og_type":"article","og_title":"INCONTENIBLE EL ALZA EN PRECIOS DE LA CANASTA B\u00c1SICA - Expresso Metropolitano","og_description":"Con Morena, la canasta b\u00e1sica de alimentos se convirti\u00f3 en un lujo y todo est\u00e1 m\u00e1s caro en productos como el huevo, frijol, pan blanco, tortilla y arroz, advirti\u00f3 la Senadora Cristina Ru\u00edz Sandoval, presidenta del Comit\u00e9 Directivo Estatal (CDE) del PRI, al cuestionar la incapacidad del gobierno que no usa su mayor\u00eda para resolver este problema.","og_url":"https:\/\/expressometro.mx\/index.php\/2025\/01\/29\/incontenible-el-alza-en-precios-de-la-canasta-basica\/","og_site_name":"Expresso Metropolitano","article_published_time":"2025-01-29T23:14:59+00:00","article_modified_time":"2025-01-29T23:15:00+00:00","og_image":[{"width":1856,"height":2560,"url":"http:\/\/expressometro.mx\/wp-content\/uploads\/2025\/01\/WhatsApp-Image-2025-01-29-at-12.02.51-PM-scaled.jpeg","type":"image\/jpeg"}],"author":"Expresso Metropolitano","twitter_misc":{"Escrito por":"Expresso Metropolitano","Tiempo de lectura":"2 minutos"},"schema":{"@context":"https:\/\/schema.org","@graph":[{"@type":"Article","@id":"https:\/\/expressometro.mx\/index.php\/2025\/01\/29\/incontenible-el-alza-en-precios-de-la-canasta-basica\/#article","isPartOf":{"@id":"https:\/\/expressometro.mx\/index.php\/2025\/01\/29\/incontenible-el-alza-en-precios-de-la-canasta-basica\/"},"author":{"name":"Expresso Metropolitano","@id":"https:\/\/expressometro.mx\/#\/schema\/person\/efa971b4a0664db8ed5c22b1b0dd2f5d"},"headline":"INCONTENIBLE EL ALZA EN PRECIOS DE LA CANASTA B\u00c1SICA","datePublished":"2025-01-29T23:14:59+00:00","dateModified":"2025-01-29T23:15:00+00:00","mainEntityOfPage":{"@id":"https:\/\/expressometro.mx\/index.php\/2025\/01\/29\/incontenible-el-alza-en-precios-de-la-canasta-basica\/"},"wordCount":414,"commentCount":0,"publisher":{"@id":"https:\/\/expressometro.mx\/#organization"},"image":{"@id":"https:\/\/expressometro.mx\/index.php\/2025\/01\/29\/incontenible-el-alza-en-precios-de-la-canasta-basica\/#primaryimage"},"thumbnailUrl":"https:\/\/expressometro.mx\/wp-content\/uploads\/2025\/01\/WhatsApp-Image-2025-01-29-at-12.02.51-PM-scaled.jpeg","keywords":["Cristina Ru\u00edz Sandoval","Edomex","PRI"],"articleSection":["Gobierno","Otros","Pol\u00edtica"],"inLanguage":"es","potentialAction":[{"@type":"CommentAction","name":"Comment","target":["https:\/\/expressometro.mx\/index.php\/2025\/01\/29\/incontenible-el-alza-en-precios-de-la-canasta-basica\/#respond"]}]},{"@type":"WebPage","@id":"https:\/\/expressometro.mx\/index.php\/2025\/01\/29\/incontenible-el-alza-en-precios-de-la-canasta-basica\/","url":"https:\/\/expressometro.mx\/index.php\/2025\/01\/29\/incontenible-el-alza-en-precios-de-la-canasta-basica\/","name":"INCONTENIBLE EL ALZA EN PRECIOS DE LA CANASTA B\u00c1SICA - Expresso Metropolitano","isPartOf":{"@id":"https:\/\/expressometro.mx\/#website"},"primaryImageOfPage":{"@id":"https:\/\/expressometro.mx\/index.php\/2025\/01\/29\/incontenible-el-alza-en-precios-de-la-canasta-basica\/#primaryimage"},"image":{"@id":"https:\/\/expressometro.mx\/index.php\/2025\/01\/29\/incontenible-el-alza-en-precios-de-la-canasta-basica\/#primaryimage"},"thumbnailUrl":"https:\/\/expressometro.mx\/wp-content\/uploads\/2025\/01\/WhatsApp-Image-2025-01-29-at-12.02.51-PM-scaled.jpeg","datePublished":"2025-01-29T23:14:59+00:00","dateModified":"2025-01-29T23:15:00+00:00","breadcrumb":{"@id":"https:\/\/expressometro.mx\/index.php\/2025\/01\/29\/incontenible-el-alza-en-precios-de-la-canasta-basica\/#breadcrumb"},"inLanguage":"es","potentialAction":[{"@type":"ReadAction","target":["https:\/\/expressometro.mx\/index.php\/2025\/01\/29\/incontenible-el-alza-en-precios-de-la-canasta-basica\/"]}]},{"@type":"ImageObject","inLanguage":"es","@id":"https:\/\/expressometro.mx\/index.php\/2025\/01\/29\/incontenible-el-alza-en-precios-de-la-canasta-basica\/#primaryimage","url":"https:\/\/expressometro.mx\/wp-content\/uploads\/2025\/01\/WhatsApp-Image-2025-01-29-at-12.02.51-PM-scaled.jpeg","contentUrl":"https:\/\/expressometro.mx\/wp-content\/uploads\/2025\/01\/WhatsApp-Image-2025-01-29-at-12.02.51-PM-scaled.jpeg","width":1856,"height":2560},{"@type":"BreadcrumbList","@id":"https:\/\/expressometro.mx\/index.php\/2025\/01\/29\/incontenible-el-alza-en-precios-de-la-canasta-basica\/#breadcrumb","itemListElement":[{"@type":"ListItem","position":1,"name":"Inicio","item":"https:\/\/expressometro.mx\/"},{"@type":"ListItem","position":2,"name":"INCONTENIBLE EL ALZA EN PRECIOS DE LA CANASTA B\u00c1SICA"}]},{"@type":"WebSite","@id":"https:\/\/expressometro.mx\/#website","url":"https:\/\/expressometro.mx\/","name":"Expresso Metropolitano","description":"Periodismo comprometido, informaci\u00f3n, investigaci\u00f3n y an\u00e1lisis","publisher":{"@id":"https:\/\/expressometro.mx\/#organization"},"potentialAction":[{"@type":"SearchAction","target":{"@type":"EntryPoint","urlTemplate":"https:\/\/expressometro.mx\/?s={search_term_string}"},"query-input":{"@type":"PropertyValueSpecification","valueRequired":true,"valueName":"search_term_string"}}],"inLanguage":"es"},{"@type":"Organization","@id":"https:\/\/expressometro.mx\/#organization","name":"Expresso Metropolitano","url":"https:\/\/expressometro.mx\/","logo":{"@type":"ImageObject","inLanguage":"es","@id":"https:\/\/expressometro.mx\/#\/schema\/logo\/image\/","url":"https:\/\/expressometro.mx\/wp-content\/uploads\/2019\/07\/cropped-Logo-Expresso-Metropolitano-1-1.jpeg","contentUrl":"https:\/\/expressometro.mx\/wp-content\/uploads\/2019\/07\/cropped-Logo-Expresso-Metropolitano-1-1.jpeg","width":290,"height":73,"caption":"Expresso Metropolitano"},"image":{"@id":"https:\/\/expressometro.mx\/#\/schema\/logo\/image\/"}},{"@type":"Person","@id":"https:\/\/expressometro.mx\/#\/schema\/person\/efa971b4a0664db8ed5c22b1b0dd2f5d","name":"Expresso Metropolitano","image":{"@type":"ImageObject","inLanguage":"es","@id":"https:\/\/secure.gravatar.com\/avatar\/a89f802b8de18c6952f223c88d3d106e9e3679839f4e25a02f4a6cc2ae6ba3b3?s=96&d=mm&r=g","url":"https:\/\/secure.gravatar.com\/avatar\/a89f802b8de18c6952f223c88d3d106e9e3679839f4e25a02f4a6cc2ae6ba3b3?s=96&d=mm&r=g","contentUrl":"https:\/\/secure.gravatar.com\/avatar\/a89f802b8de18c6952f223c88d3d106e9e3679839f4e25a02f4a6cc2ae6ba3b3?s=96&d=mm&r=g","caption":"Expresso Metropolitano"},"url":"https:\/\/expressometro.mx\/index.php\/author\/diego\/"}]}},"amp_enabled":true,"_links":{"self":[{"href":"https:\/\/expressometro.mx\/index.php\/wp-json\/wp\/v2\/posts\/10728","targetHints":{"allow":["GET"]}}],"collection":[{"href":"https:\/\/expressometro.mx\/index.php\/wp-json\/wp\/v2\/posts"}],"about":[{"href":"https:\/\/expressometro.mx\/index.php\/wp-json\/wp\/v2\/types\/post"}],"author":[{"embeddable":true,"href":"https:\/\/expressometro.mx\/index.php\/wp-json\/wp\/v2\/users\/1"}],"replies":[{"embeddable":true,"href":"https:\/\/expressometro.mx\/index.php\/wp-json\/wp\/v2\/comments?post=10728"}],"version-history":[{"count":1,"href":"https:\/\/expressometro.mx\/index.php\/wp-json\/wp\/v2\/posts\/10728\/revisions"}],"predecessor-version":[{"id":10731,"href":"https:\/\/expressometro.mx\/index.php\/wp-json\/wp\/v2\/posts\/10728\/revisions\/10731"}],"wp:featuredmedia":[{"embeddable":true,"href":"https:\/\/expressometro.mx\/index.php\/wp-json\/wp\/v2\/media\/10730"}],"wp:attachment":[{"href":"https:\/\/expressometro.mx\/index.php\/wp-json\/wp\/v2\/media?parent=10728"}],"wp:term":[{"taxonomy":"category","embeddable":true,"href":"https:\/\/expressometro.mx\/index.php\/wp-json\/wp\/v2\/categories?post=10728"},{"taxonomy":"post_tag","embeddable":true,"href":"https:\/\/expressometro.mx\/index.php\/wp-json\/wp\/v2\/tags?post=10728"}],"curies":[{"name":"wp","href":"https:\/\/api.w.org\/{rel}","templated":true}]}}