{"id":1072,"date":"2019-11-13T21:56:29","date_gmt":"2019-11-14T03:56:29","guid":{"rendered":"http:\/\/expressometro.mx\/?p=1072"},"modified":"2019-11-18T21:57:39","modified_gmt":"2019-11-19T03:57:39","slug":"en-metepec-no-habra-en-2020-incremento-de-tarifas-en-servicios-de-agua-potable","status":"publish","type":"post","link":"https:\/\/expressometro.mx\/index.php\/2019\/11\/13\/en-metepec-no-habra-en-2020-incremento-de-tarifas-en-servicios-de-agua-potable\/","title":{"rendered":"EN METEPEC NO HABR\u00c1 EN 2020 INCREMENTO DE TARIFAS EN SERVICIOS DE AGUA POTABLE"},"content":{"rendered":"\n<p>\n\nEn apoyo a la econom\u00eda familiar, el m\u00e1ximo \u00d3rgano de Gobierno de Metepec, aprob\u00f3 por unanimidad de votos, cero incremento a las tarifas por derechos de agua potable, drenaje, alcantarillado y recepci\u00f3n de los caudales de aguas residuales, servicios que brinda el Organismo P\u00fablico Descentralizado para la Prestaci\u00f3n de los Servicios de Agua Potable, Alcantarillado y Saneamiento (OPDAPAS) Metepec.<\/p>\n\n\n\n<p>En el marco de la vig\u00e9sima novena sesi\u00f3n ordinaria de Cabildo, la alcaldesa Gaby Gamboa S\u00e1nchez, refiri\u00f3 que \u201cno se puede hablar de agua potable sin hacer alusi\u00f3n al progreso y desarrollo humano. Seg\u00fan la Organizaci\u00f3n Mundial de la Salud, son necesarios entre 50 y 100 litros por persona al d\u00eda, para garantizar que se cubran las necesidades b\u00e1sicas y que no surjan grandes amenazas para la salud\u201d.<\/p>\n\n\n\n<p>Destac\u00f3 que uno de los temas m\u00e1s sensibles es la autosuficiencia financiera para proporcionar un servicio completo y con est\u00e1ndares de higiene y oportunidad, tomando en cuenta la econom\u00eda familiar, raz\u00f3n por la cual, se\u00f1al\u00f3, el OPDAPAS Metepec no propuso incrementos en las tarifas para el tipo de usuario de cuota fija y servicio medido, ya sea dom\u00e9stico o no dom\u00e9stico.<\/p>\n\n\n\n<p>El pr\u00f3ximo a\u00f1o, \u00fanicamente el aumento reflejado ser\u00e1 el del porcentaje al valor de la Unidad de Medida y Actualizaci\u00f3n (UMA) vigente, el cual ser\u00e1 determinado por las instancias competentes en el mes de enero de 2020, para entrar en vigor el 1 de febrero de 2020.<\/p>\n\n\n\n<p>En la misma sesi\u00f3n, los integrantes del Cabildo aprobaron el acuerdo que atiende el exhorto de la Legislatura del Estado de M\u00e9xico, por el que se solicita a los 125 municipios de la entidad entidad, llevar a cabo la difusi\u00f3n de la declaraci\u00f3n del 19 de noviembre de cada a\u00f1o, como \u201cD\u00eda Estatal de la Mujer Emprendedora\u201d.\n\n<\/p>\n","protected":false},"excerpt":{"rendered":"<p>En apoyo a la econom\u00eda familiar, el m\u00e1ximo \u00d3rgano de Gobierno de Metepec, aprob\u00f3 por unanimidad de votos, cero incremento a las tarifas por derechos de agua potable, drenaje, alcantarillado y recepci\u00f3n de los caudales de aguas residuales, servicios que brinda el Organismo P\u00fablico Descentralizado para la Prestaci\u00f3n de los Servicios de Agua Potable, Alcantarillado y Saneamiento (OPDAPAS) Metepec. En el marco de la vig\u00e9sima novena sesi\u00f3n ordinaria de Cabildo, la alcaldesa Gaby Gamboa S\u00e1nchez, refiri\u00f3 que \u201cno se puede hablar de agua potable sin hacer alusi\u00f3n al progreso y&hellip;<\/p>\n","protected":false},"author":1,"featured_media":1073,"comment_status":"open","ping_status":"open","sticky":false,"template":"","format":"standard","meta":{"footnotes":""},"categories":[1],"tags":[],"class_list":["post-1072","post","type-post","status-publish","format-standard","has-post-thumbnail","hentry","category-otros"],"yoast_head":"<!-- This site is optimized with the Yoast SEO plugin v27.5 - https:\/\/yoast.com\/product\/yoast-seo-wordpress\/ -->\n<title>EN METEPEC NO HABR\u00c1 EN 2020 INCREMENTO DE TARIFAS EN SERVICIOS DE AGUA POTABLE - Expresso Metropolitano<\/title>\n<meta name=\"robots\" content=\"index, follow, max-snippet:-1, max-image-preview:large, max-video-preview:-1\" \/>\n<link rel=\"canonical\" href=\"https:\/\/expressometro.mx\/index.php\/2019\/11\/13\/en-metepec-no-habra-en-2020-incremento-de-tarifas-en-servicios-de-agua-potable\/\" \/>\n<meta property=\"og:locale\" content=\"es_MX\" \/>\n<meta property=\"og:type\" content=\"article\" \/>\n<meta property=\"og:title\" content=\"EN METEPEC NO HABR\u00c1 EN 2020 INCREMENTO DE TARIFAS EN SERVICIOS DE AGUA POTABLE - Expresso Metropolitano\" \/>\n<meta property=\"og:description\" content=\"En apoyo a la econom\u00eda familiar, el m\u00e1ximo \u00d3rgano de Gobierno de Metepec, aprob\u00f3 por unanimidad de votos, cero incremento a las tarifas por derechos de agua potable, drenaje, alcantarillado y recepci\u00f3n de los caudales de aguas residuales, servicios que brinda el Organismo P\u00fablico Descentralizado para la Prestaci\u00f3n de los Servicios de Agua Potable, Alcantarillado y Saneamiento (OPDAPAS) Metepec. En el marco de la vig\u00e9sima novena sesi\u00f3n ordinaria de Cabildo, la alcaldesa Gaby Gamboa S\u00e1nchez, refiri\u00f3 que \u201cno se puede hablar de agua potable sin hacer alusi\u00f3n al progreso y&hellip;\" \/>\n<meta property=\"og:url\" content=\"https:\/\/expressometro.mx\/index.php\/2019\/11\/13\/en-metepec-no-habra-en-2020-incremento-de-tarifas-en-servicios-de-agua-potable\/\" \/>\n<meta property=\"og:site_name\" content=\"Expresso Metropolitano\" \/>\n<meta property=\"article:published_time\" content=\"2019-11-14T03:56:29+00:00\" \/>\n<meta property=\"article:modified_time\" content=\"2019-11-19T03:57:39+00:00\" \/>\n<meta property=\"og:image\" content=\"https:\/\/expressometro.mx\/wp-content\/uploads\/2019\/11\/29179-417.jpeg\" \/>\n\t<meta property=\"og:image:width\" content=\"1280\" \/>\n\t<meta property=\"og:image:height\" content=\"853\" \/>\n\t<meta property=\"og:image:type\" content=\"image\/jpeg\" \/>\n<meta name=\"author\" content=\"Expresso Metropolitano\" \/>\n<meta name=\"twitter:label1\" content=\"Escrito por\" \/>\n\t<meta name=\"twitter:data1\" content=\"Expresso Metropolitano\" \/>\n\t<meta name=\"twitter:label2\" content=\"Tiempo de lectura\" \/>\n\t<meta name=\"twitter:data2\" content=\"2 minutos\" \/>\n<script type=\"application\/ld+json\" class=\"yoast-schema-graph\">{\"@context\":\"https:\\\/\\\/schema.org\",\"@graph\":[{\"@type\":\"Article\",\"@id\":\"https:\\\/\\\/expressometro.mx\\\/index.php\\\/2019\\\/11\\\/13\\\/en-metepec-no-habra-en-2020-incremento-de-tarifas-en-servicios-de-agua-potable\\\/#article\",\"isPartOf\":{\"@id\":\"https:\\\/\\\/expressometro.mx\\\/index.php\\\/2019\\\/11\\\/13\\\/en-metepec-no-habra-en-2020-incremento-de-tarifas-en-servicios-de-agua-potable\\\/\"},\"author\":{\"name\":\"Expresso Metropolitano\",\"@id\":\"https:\\\/\\\/expressometro.mx\\\/#\\\/schema\\\/person\\\/efa971b4a0664db8ed5c22b1b0dd2f5d\"},\"headline\":\"EN METEPEC NO HABR\u00c1 EN 2020 INCREMENTO DE TARIFAS EN SERVICIOS DE AGUA POTABLE\",\"datePublished\":\"2019-11-14T03:56:29+00:00\",\"dateModified\":\"2019-11-19T03:57:39+00:00\",\"mainEntityOfPage\":{\"@id\":\"https:\\\/\\\/expressometro.mx\\\/index.php\\\/2019\\\/11\\\/13\\\/en-metepec-no-habra-en-2020-incremento-de-tarifas-en-servicios-de-agua-potable\\\/\"},\"wordCount\":327,\"commentCount\":0,\"publisher\":{\"@id\":\"https:\\\/\\\/expressometro.mx\\\/#organization\"},\"image\":{\"@id\":\"https:\\\/\\\/expressometro.mx\\\/index.php\\\/2019\\\/11\\\/13\\\/en-metepec-no-habra-en-2020-incremento-de-tarifas-en-servicios-de-agua-potable\\\/#primaryimage\"},\"thumbnailUrl\":\"https:\\\/\\\/expressometro.mx\\\/wp-content\\\/uploads\\\/2019\\\/11\\\/29179-417.jpeg\",\"articleSection\":[\"Otros\"],\"inLanguage\":\"es\",\"potentialAction\":[{\"@type\":\"CommentAction\",\"name\":\"Comment\",\"target\":[\"https:\\\/\\\/expressometro.mx\\\/index.php\\\/2019\\\/11\\\/13\\\/en-metepec-no-habra-en-2020-incremento-de-tarifas-en-servicios-de-agua-potable\\\/#respond\"]}]},{\"@type\":\"WebPage\",\"@id\":\"https:\\\/\\\/expressometro.mx\\\/index.php\\\/2019\\\/11\\\/13\\\/en-metepec-no-habra-en-2020-incremento-de-tarifas-en-servicios-de-agua-potable\\\/\",\"url\":\"https:\\\/\\\/expressometro.mx\\\/index.php\\\/2019\\\/11\\\/13\\\/en-metepec-no-habra-en-2020-incremento-de-tarifas-en-servicios-de-agua-potable\\\/\",\"name\":\"EN METEPEC NO HABR\u00c1 EN 2020 INCREMENTO DE TARIFAS EN SERVICIOS DE AGUA POTABLE - Expresso Metropolitano\",\"isPartOf\":{\"@id\":\"https:\\\/\\\/expressometro.mx\\\/#website\"},\"primaryImageOfPage\":{\"@id\":\"https:\\\/\\\/expressometro.mx\\\/index.php\\\/2019\\\/11\\\/13\\\/en-metepec-no-habra-en-2020-incremento-de-tarifas-en-servicios-de-agua-potable\\\/#primaryimage\"},\"image\":{\"@id\":\"https:\\\/\\\/expressometro.mx\\\/index.php\\\/2019\\\/11\\\/13\\\/en-metepec-no-habra-en-2020-incremento-de-tarifas-en-servicios-de-agua-potable\\\/#primaryimage\"},\"thumbnailUrl\":\"https:\\\/\\\/expressometro.mx\\\/wp-content\\\/uploads\\\/2019\\\/11\\\/29179-417.jpeg\",\"datePublished\":\"2019-11-14T03:56:29+00:00\",\"dateModified\":\"2019-11-19T03:57:39+00:00\",\"breadcrumb\":{\"@id\":\"https:\\\/\\\/expressometro.mx\\\/index.php\\\/2019\\\/11\\\/13\\\/en-metepec-no-habra-en-2020-incremento-de-tarifas-en-servicios-de-agua-potable\\\/#breadcrumb\"},\"inLanguage\":\"es\",\"potentialAction\":[{\"@type\":\"ReadAction\",\"target\":[\"https:\\\/\\\/expressometro.mx\\\/index.php\\\/2019\\\/11\\\/13\\\/en-metepec-no-habra-en-2020-incremento-de-tarifas-en-servicios-de-agua-potable\\\/\"]}]},{\"@type\":\"ImageObject\",\"inLanguage\":\"es\",\"@id\":\"https:\\\/\\\/expressometro.mx\\\/index.php\\\/2019\\\/11\\\/13\\\/en-metepec-no-habra-en-2020-incremento-de-tarifas-en-servicios-de-agua-potable\\\/#primaryimage\",\"url\":\"https:\\\/\\\/expressometro.mx\\\/wp-content\\\/uploads\\\/2019\\\/11\\\/29179-417.jpeg\",\"contentUrl\":\"https:\\\/\\\/expressometro.mx\\\/wp-content\\\/uploads\\\/2019\\\/11\\\/29179-417.jpeg\",\"width\":1280,\"height\":853},{\"@type\":\"BreadcrumbList\",\"@id\":\"https:\\\/\\\/expressometro.mx\\\/index.php\\\/2019\\\/11\\\/13\\\/en-metepec-no-habra-en-2020-incremento-de-tarifas-en-servicios-de-agua-potable\\\/#breadcrumb\",\"itemListElement\":[{\"@type\":\"ListItem\",\"position\":1,\"name\":\"Inicio\",\"item\":\"https:\\\/\\\/expressometro.mx\\\/\"},{\"@type\":\"ListItem\",\"position\":2,\"name\":\"EN METEPEC NO HABR\u00c1 EN 2020 INCREMENTO DE TARIFAS EN SERVICIOS DE AGUA POTABLE\"}]},{\"@type\":\"WebSite\",\"@id\":\"https:\\\/\\\/expressometro.mx\\\/#website\",\"url\":\"https:\\\/\\\/expressometro.mx\\\/\",\"name\":\"Expresso Metropolitano\",\"description\":\"Periodismo comprometido, informaci\u00f3n, investigaci\u00f3n y an\u00e1lisis\",\"publisher\":{\"@id\":\"https:\\\/\\\/expressometro.mx\\\/#organization\"},\"potentialAction\":[{\"@type\":\"SearchAction\",\"target\":{\"@type\":\"EntryPoint\",\"urlTemplate\":\"https:\\\/\\\/expressometro.mx\\\/?s={search_term_string}\"},\"query-input\":{\"@type\":\"PropertyValueSpecification\",\"valueRequired\":true,\"valueName\":\"search_term_string\"}}],\"inLanguage\":\"es\"},{\"@type\":\"Organization\",\"@id\":\"https:\\\/\\\/expressometro.mx\\\/#organization\",\"name\":\"Expresso Metropolitano\",\"url\":\"https:\\\/\\\/expressometro.mx\\\/\",\"logo\":{\"@type\":\"ImageObject\",\"inLanguage\":\"es\",\"@id\":\"https:\\\/\\\/expressometro.mx\\\/#\\\/schema\\\/logo\\\/image\\\/\",\"url\":\"https:\\\/\\\/expressometro.mx\\\/wp-content\\\/uploads\\\/2019\\\/07\\\/cropped-Logo-Expresso-Metropolitano-1-1.jpeg\",\"contentUrl\":\"https:\\\/\\\/expressometro.mx\\\/wp-content\\\/uploads\\\/2019\\\/07\\\/cropped-Logo-Expresso-Metropolitano-1-1.jpeg\",\"width\":290,\"height\":73,\"caption\":\"Expresso Metropolitano\"},\"image\":{\"@id\":\"https:\\\/\\\/expressometro.mx\\\/#\\\/schema\\\/logo\\\/image\\\/\"}},{\"@type\":\"Person\",\"@id\":\"https:\\\/\\\/expressometro.mx\\\/#\\\/schema\\\/person\\\/efa971b4a0664db8ed5c22b1b0dd2f5d\",\"name\":\"Expresso Metropolitano\",\"image\":{\"@type\":\"ImageObject\",\"inLanguage\":\"es\",\"@id\":\"https:\\\/\\\/secure.gravatar.com\\\/avatar\\\/a89f802b8de18c6952f223c88d3d106e9e3679839f4e25a02f4a6cc2ae6ba3b3?s=96&d=mm&r=g\",\"url\":\"https:\\\/\\\/secure.gravatar.com\\\/avatar\\\/a89f802b8de18c6952f223c88d3d106e9e3679839f4e25a02f4a6cc2ae6ba3b3?s=96&d=mm&r=g\",\"contentUrl\":\"https:\\\/\\\/secure.gravatar.com\\\/avatar\\\/a89f802b8de18c6952f223c88d3d106e9e3679839f4e25a02f4a6cc2ae6ba3b3?s=96&d=mm&r=g\",\"caption\":\"Expresso Metropolitano\"},\"url\":\"https:\\\/\\\/expressometro.mx\\\/index.php\\\/author\\\/diego\\\/\"}]}<\/script>\n<!-- \/ Yoast SEO plugin. -->","yoast_head_json":{"title":"EN METEPEC NO HABR\u00c1 EN 2020 INCREMENTO DE TARIFAS EN SERVICIOS DE AGUA POTABLE - Expresso Metropolitano","robots":{"index":"index","follow":"follow","max-snippet":"max-snippet:-1","max-image-preview":"max-image-preview:large","max-video-preview":"max-video-preview:-1"},"canonical":"https:\/\/expressometro.mx\/index.php\/2019\/11\/13\/en-metepec-no-habra-en-2020-incremento-de-tarifas-en-servicios-de-agua-potable\/","og_locale":"es_MX","og_type":"article","og_title":"EN METEPEC NO HABR\u00c1 EN 2020 INCREMENTO DE TARIFAS EN SERVICIOS DE AGUA POTABLE - Expresso Metropolitano","og_description":"En apoyo a la econom\u00eda familiar, el m\u00e1ximo \u00d3rgano de Gobierno de Metepec, aprob\u00f3 por unanimidad de votos, cero incremento a las tarifas por derechos de agua potable, drenaje, alcantarillado y recepci\u00f3n de los caudales de aguas residuales, servicios que brinda el Organismo P\u00fablico Descentralizado para la Prestaci\u00f3n de los Servicios de Agua Potable, Alcantarillado y Saneamiento (OPDAPAS) Metepec. En el marco de la vig\u00e9sima novena sesi\u00f3n ordinaria de Cabildo, la alcaldesa Gaby Gamboa S\u00e1nchez, refiri\u00f3 que \u201cno se puede hablar de agua potable sin hacer alusi\u00f3n al progreso y&hellip;","og_url":"https:\/\/expressometro.mx\/index.php\/2019\/11\/13\/en-metepec-no-habra-en-2020-incremento-de-tarifas-en-servicios-de-agua-potable\/","og_site_name":"Expresso Metropolitano","article_published_time":"2019-11-14T03:56:29+00:00","article_modified_time":"2019-11-19T03:57:39+00:00","og_image":[{"width":1280,"height":853,"url":"https:\/\/expressometro.mx\/wp-content\/uploads\/2019\/11\/29179-417.jpeg","type":"image\/jpeg"}],"author":"Expresso Metropolitano","twitter_misc":{"Escrito por":"Expresso Metropolitano","Tiempo de lectura":"2 minutos"},"schema":{"@context":"https:\/\/schema.org","@graph":[{"@type":"Article","@id":"https:\/\/expressometro.mx\/index.php\/2019\/11\/13\/en-metepec-no-habra-en-2020-incremento-de-tarifas-en-servicios-de-agua-potable\/#article","isPartOf":{"@id":"https:\/\/expressometro.mx\/index.php\/2019\/11\/13\/en-metepec-no-habra-en-2020-incremento-de-tarifas-en-servicios-de-agua-potable\/"},"author":{"name":"Expresso Metropolitano","@id":"https:\/\/expressometro.mx\/#\/schema\/person\/efa971b4a0664db8ed5c22b1b0dd2f5d"},"headline":"EN METEPEC NO HABR\u00c1 EN 2020 INCREMENTO DE TARIFAS EN SERVICIOS DE AGUA POTABLE","datePublished":"2019-11-14T03:56:29+00:00","dateModified":"2019-11-19T03:57:39+00:00","mainEntityOfPage":{"@id":"https:\/\/expressometro.mx\/index.php\/2019\/11\/13\/en-metepec-no-habra-en-2020-incremento-de-tarifas-en-servicios-de-agua-potable\/"},"wordCount":327,"commentCount":0,"publisher":{"@id":"https:\/\/expressometro.mx\/#organization"},"image":{"@id":"https:\/\/expressometro.mx\/index.php\/2019\/11\/13\/en-metepec-no-habra-en-2020-incremento-de-tarifas-en-servicios-de-agua-potable\/#primaryimage"},"thumbnailUrl":"https:\/\/expressometro.mx\/wp-content\/uploads\/2019\/11\/29179-417.jpeg","articleSection":["Otros"],"inLanguage":"es","potentialAction":[{"@type":"CommentAction","name":"Comment","target":["https:\/\/expressometro.mx\/index.php\/2019\/11\/13\/en-metepec-no-habra-en-2020-incremento-de-tarifas-en-servicios-de-agua-potable\/#respond"]}]},{"@type":"WebPage","@id":"https:\/\/expressometro.mx\/index.php\/2019\/11\/13\/en-metepec-no-habra-en-2020-incremento-de-tarifas-en-servicios-de-agua-potable\/","url":"https:\/\/expressometro.mx\/index.php\/2019\/11\/13\/en-metepec-no-habra-en-2020-incremento-de-tarifas-en-servicios-de-agua-potable\/","name":"EN METEPEC NO HABR\u00c1 EN 2020 INCREMENTO DE TARIFAS EN SERVICIOS DE AGUA POTABLE - Expresso Metropolitano","isPartOf":{"@id":"https:\/\/expressometro.mx\/#website"},"primaryImageOfPage":{"@id":"https:\/\/expressometro.mx\/index.php\/2019\/11\/13\/en-metepec-no-habra-en-2020-incremento-de-tarifas-en-servicios-de-agua-potable\/#primaryimage"},"image":{"@id":"https:\/\/expressometro.mx\/index.php\/2019\/11\/13\/en-metepec-no-habra-en-2020-incremento-de-tarifas-en-servicios-de-agua-potable\/#primaryimage"},"thumbnailUrl":"https:\/\/expressometro.mx\/wp-content\/uploads\/2019\/11\/29179-417.jpeg","datePublished":"2019-11-14T03:56:29+00:00","dateModified":"2019-11-19T03:57:39+00:00","breadcrumb":{"@id":"https:\/\/expressometro.mx\/index.php\/2019\/11\/13\/en-metepec-no-habra-en-2020-incremento-de-tarifas-en-servicios-de-agua-potable\/#breadcrumb"},"inLanguage":"es","potentialAction":[{"@type":"ReadAction","target":["https:\/\/expressometro.mx\/index.php\/2019\/11\/13\/en-metepec-no-habra-en-2020-incremento-de-tarifas-en-servicios-de-agua-potable\/"]}]},{"@type":"ImageObject","inLanguage":"es","@id":"https:\/\/expressometro.mx\/index.php\/2019\/11\/13\/en-metepec-no-habra-en-2020-incremento-de-tarifas-en-servicios-de-agua-potable\/#primaryimage","url":"https:\/\/expressometro.mx\/wp-content\/uploads\/2019\/11\/29179-417.jpeg","contentUrl":"https:\/\/expressometro.mx\/wp-content\/uploads\/2019\/11\/29179-417.jpeg","width":1280,"height":853},{"@type":"BreadcrumbList","@id":"https:\/\/expressometro.mx\/index.php\/2019\/11\/13\/en-metepec-no-habra-en-2020-incremento-de-tarifas-en-servicios-de-agua-potable\/#breadcrumb","itemListElement":[{"@type":"ListItem","position":1,"name":"Inicio","item":"https:\/\/expressometro.mx\/"},{"@type":"ListItem","position":2,"name":"EN METEPEC NO HABR\u00c1 EN 2020 INCREMENTO DE TARIFAS EN SERVICIOS DE AGUA POTABLE"}]},{"@type":"WebSite","@id":"https:\/\/expressometro.mx\/#website","url":"https:\/\/expressometro.mx\/","name":"Expresso Metropolitano","description":"Periodismo comprometido, informaci\u00f3n, investigaci\u00f3n y an\u00e1lisis","publisher":{"@id":"https:\/\/expressometro.mx\/#organization"},"potentialAction":[{"@type":"SearchAction","target":{"@type":"EntryPoint","urlTemplate":"https:\/\/expressometro.mx\/?s={search_term_string}"},"query-input":{"@type":"PropertyValueSpecification","valueRequired":true,"valueName":"search_term_string"}}],"inLanguage":"es"},{"@type":"Organization","@id":"https:\/\/expressometro.mx\/#organization","name":"Expresso Metropolitano","url":"https:\/\/expressometro.mx\/","logo":{"@type":"ImageObject","inLanguage":"es","@id":"https:\/\/expressometro.mx\/#\/schema\/logo\/image\/","url":"https:\/\/expressometro.mx\/wp-content\/uploads\/2019\/07\/cropped-Logo-Expresso-Metropolitano-1-1.jpeg","contentUrl":"https:\/\/expressometro.mx\/wp-content\/uploads\/2019\/07\/cropped-Logo-Expresso-Metropolitano-1-1.jpeg","width":290,"height":73,"caption":"Expresso Metropolitano"},"image":{"@id":"https:\/\/expressometro.mx\/#\/schema\/logo\/image\/"}},{"@type":"Person","@id":"https:\/\/expressometro.mx\/#\/schema\/person\/efa971b4a0664db8ed5c22b1b0dd2f5d","name":"Expresso Metropolitano","image":{"@type":"ImageObject","inLanguage":"es","@id":"https:\/\/secure.gravatar.com\/avatar\/a89f802b8de18c6952f223c88d3d106e9e3679839f4e25a02f4a6cc2ae6ba3b3?s=96&d=mm&r=g","url":"https:\/\/secure.gravatar.com\/avatar\/a89f802b8de18c6952f223c88d3d106e9e3679839f4e25a02f4a6cc2ae6ba3b3?s=96&d=mm&r=g","contentUrl":"https:\/\/secure.gravatar.com\/avatar\/a89f802b8de18c6952f223c88d3d106e9e3679839f4e25a02f4a6cc2ae6ba3b3?s=96&d=mm&r=g","caption":"Expresso Metropolitano"},"url":"https:\/\/expressometro.mx\/index.php\/author\/diego\/"}]}},"amp_enabled":true,"_links":{"self":[{"href":"https:\/\/expressometro.mx\/index.php\/wp-json\/wp\/v2\/posts\/1072","targetHints":{"allow":["GET"]}}],"collection":[{"href":"https:\/\/expressometro.mx\/index.php\/wp-json\/wp\/v2\/posts"}],"about":[{"href":"https:\/\/expressometro.mx\/index.php\/wp-json\/wp\/v2\/types\/post"}],"author":[{"embeddable":true,"href":"https:\/\/expressometro.mx\/index.php\/wp-json\/wp\/v2\/users\/1"}],"replies":[{"embeddable":true,"href":"https:\/\/expressometro.mx\/index.php\/wp-json\/wp\/v2\/comments?post=1072"}],"version-history":[{"count":1,"href":"https:\/\/expressometro.mx\/index.php\/wp-json\/wp\/v2\/posts\/1072\/revisions"}],"predecessor-version":[{"id":1074,"href":"https:\/\/expressometro.mx\/index.php\/wp-json\/wp\/v2\/posts\/1072\/revisions\/1074"}],"wp:featuredmedia":[{"embeddable":true,"href":"https:\/\/expressometro.mx\/index.php\/wp-json\/wp\/v2\/media\/1073"}],"wp:attachment":[{"href":"https:\/\/expressometro.mx\/index.php\/wp-json\/wp\/v2\/media?parent=1072"}],"wp:term":[{"taxonomy":"category","embeddable":true,"href":"https:\/\/expressometro.mx\/index.php\/wp-json\/wp\/v2\/categories?post=1072"},{"taxonomy":"post_tag","embeddable":true,"href":"https:\/\/expressometro.mx\/index.php\/wp-json\/wp\/v2\/tags?post=1072"}],"curies":[{"name":"wp","href":"https:\/\/api.w.org\/{rel}","templated":true}]}}