{"id":10678,"date":"2024-12-26T20:54:54","date_gmt":"2024-12-27T02:54:54","guid":{"rendered":"https:\/\/expressometro.mx\/?p=10678"},"modified":"2024-12-27T22:03:55","modified_gmt":"2024-12-28T04:03:55","slug":"entrega-abuzeid-lozano-la-vialidad-mas-grande-de-su-gobierno-en-ixtlahuaca","status":"publish","type":"post","link":"https:\/\/expressometro.mx\/index.php\/2024\/12\/26\/entrega-abuzeid-lozano-la-vialidad-mas-grande-de-su-gobierno-en-ixtlahuaca\/","title":{"rendered":"ENTREGA ABUZEID LOZANO LA VIALIDAD M\u00c1S GRANDE DE SU GOBIERNO EN IXTLAHUACA"},"content":{"rendered":"\n<p>El presidente municipal de Ixtlahuaca, Abuzeid Lozano, entreg\u00f3 la obra vial m\u00e1s grande de su administraci\u00f3n; m\u00e1s de un kil\u00f3metro de concreto hidr\u00e1ulico para unir la zona norte y sur del municipio.<\/p>\n\n\n\n<p>La calle que vincula el Barrio El Junco con la comunidad de San Ildefonso requiri\u00f3 de una inversi\u00f3n superior a los 11 millones de pesos, entre recursos federal y municipal.<\/p>\n\n\n\n<p>Adem\u00e1s de la pavimentaci\u00f3n, se realizaron obras para introducir drenaje sanitario, alumbrado p\u00fablico, guarniciones banquetas, lo cual deriv\u00f3 en una vialidad de gran calidad e impacto para m\u00e1s de 60 mil usuarios de la misma.<\/p>\n\n\n\n<p>Durante 2024, se construyeron y ampliaron 47 pavimentaciones de concreto hidr\u00e1ulico en diversas calles del municipio, con una inversi\u00f3n de 144 millones 700 mil pesos, beneficiando directamente a 22 mil 600 habitantes.<\/p>\n\n\n\n<figure class=\"wp-block-image size-large\"><img decoding=\"async\" width=\"840\" height=\"473\" src=\"https:\/\/expressometro.mx\/wp-content\/uploads\/2024\/12\/WhatsApp-Image-2024-12-26-at-1.36.39-PM-1-840x473.jpeg\" alt=\"\" class=\"wp-image-10681\" srcset=\"https:\/\/expressometro.mx\/wp-content\/uploads\/2024\/12\/WhatsApp-Image-2024-12-26-at-1.36.39-PM-1-840x473.jpeg 840w, https:\/\/expressometro.mx\/wp-content\/uploads\/2024\/12\/WhatsApp-Image-2024-12-26-at-1.36.39-PM-1-649x365.jpeg 649w, https:\/\/expressometro.mx\/wp-content\/uploads\/2024\/12\/WhatsApp-Image-2024-12-26-at-1.36.39-PM-1-768x432.jpeg 768w, https:\/\/expressometro.mx\/wp-content\/uploads\/2024\/12\/WhatsApp-Image-2024-12-26-at-1.36.39-PM-1.jpeg 1200w\" sizes=\"(max-width: 840px) 100vw, 840px\" \/><\/figure>\n\n\n\n<p>Y, en suma, durante los tres a\u00f1os de gobierno, se realiz\u00f3 una inversi\u00f3n hist\u00f3rica de 346 millones 700 mil pesos para pavimentar m\u00e1s de 42 kil\u00f3metros de concreto hidr\u00e1ulico, una distancia comparable al trayecto entre el centro de Ixtlahuaca y Toluca.<\/p>\n\n\n\n<p>De este monto, la inversi\u00f3n municipal en maquinaria, materiales, combustible y capital humano para nuevas vialidades fue de 58 millones 248 mil pesos, gracias al ahorro y la buena administraci\u00f3n de los recursos.<\/p>\n","protected":false},"excerpt":{"rendered":"<p>El presidente municipal de Ixtlahuaca, Abuzeid Lozano, entreg\u00f3 la obra vial m\u00e1s grande de su administraci\u00f3n; m\u00e1s de un kil\u00f3metro de concreto hidr\u00e1ulico para unir la zona norte y sur del municipio.<\/p>\n","protected":false},"author":1,"featured_media":10680,"comment_status":"open","ping_status":"open","sticky":false,"template":"","format":"standard","meta":{"footnotes":""},"categories":[3,1,231],"tags":[425,1982,86,424,158],"class_list":["post-10678","post","type-post","status-publish","format-standard","has-post-thumbnail","hentry","category-gobierno","category-otros","category-politica","tag-abuzeid-lozano","tag-edomex","tag-gem","tag-ixtlahuaca","tag-pri"],"yoast_head":"<!-- This site is optimized with the Yoast SEO plugin v27.4 - https:\/\/yoast.com\/product\/yoast-seo-wordpress\/ -->\n<title>ENTREGA ABUZEID LOZANO LA VIALIDAD M\u00c1S GRANDE DE SU GOBIERNO EN IXTLAHUACA - Expresso Metropolitano<\/title>\n<meta name=\"robots\" content=\"index, follow, max-snippet:-1, max-image-preview:large, max-video-preview:-1\" \/>\n<link rel=\"canonical\" href=\"https:\/\/expressometro.mx\/index.php\/2024\/12\/26\/entrega-abuzeid-lozano-la-vialidad-mas-grande-de-su-gobierno-en-ixtlahuaca\/\" \/>\n<meta property=\"og:locale\" content=\"es_MX\" \/>\n<meta property=\"og:type\" content=\"article\" \/>\n<meta property=\"og:title\" content=\"ENTREGA ABUZEID LOZANO LA VIALIDAD M\u00c1S GRANDE DE SU GOBIERNO EN IXTLAHUACA - Expresso Metropolitano\" \/>\n<meta property=\"og:description\" content=\"El presidente municipal de Ixtlahuaca, Abuzeid Lozano, entreg\u00f3 la obra vial m\u00e1s grande de su administraci\u00f3n; m\u00e1s de un kil\u00f3metro de concreto hidr\u00e1ulico para unir la zona norte y sur del municipio.\" \/>\n<meta property=\"og:url\" content=\"https:\/\/expressometro.mx\/index.php\/2024\/12\/26\/entrega-abuzeid-lozano-la-vialidad-mas-grande-de-su-gobierno-en-ixtlahuaca\/\" \/>\n<meta property=\"og:site_name\" content=\"Expresso Metropolitano\" \/>\n<meta property=\"article:published_time\" content=\"2024-12-27T02:54:54+00:00\" \/>\n<meta property=\"article:modified_time\" content=\"2024-12-28T04:03:55+00:00\" \/>\n<meta property=\"og:image\" content=\"http:\/\/expressometro.mx\/wp-content\/uploads\/2024\/12\/WhatsApp-Image-2024-12-26-at-1.36.39-PM.jpeg\" \/>\n\t<meta property=\"og:image:width\" content=\"960\" \/>\n\t<meta property=\"og:image:height\" content=\"640\" \/>\n\t<meta property=\"og:image:type\" content=\"image\/jpeg\" \/>\n<meta name=\"author\" content=\"Expresso Metropolitano\" \/>\n<meta name=\"twitter:label1\" content=\"Escrito por\" \/>\n\t<meta name=\"twitter:data1\" content=\"Expresso Metropolitano\" \/>\n\t<meta name=\"twitter:label2\" content=\"Tiempo de lectura\" \/>\n\t<meta name=\"twitter:data2\" content=\"2 minutos\" \/>\n<script type=\"application\/ld+json\" class=\"yoast-schema-graph\">{\"@context\":\"https:\\\/\\\/schema.org\",\"@graph\":[{\"@type\":\"Article\",\"@id\":\"https:\\\/\\\/expressometro.mx\\\/index.php\\\/2024\\\/12\\\/26\\\/entrega-abuzeid-lozano-la-vialidad-mas-grande-de-su-gobierno-en-ixtlahuaca\\\/#article\",\"isPartOf\":{\"@id\":\"https:\\\/\\\/expressometro.mx\\\/index.php\\\/2024\\\/12\\\/26\\\/entrega-abuzeid-lozano-la-vialidad-mas-grande-de-su-gobierno-en-ixtlahuaca\\\/\"},\"author\":{\"name\":\"Expresso Metropolitano\",\"@id\":\"https:\\\/\\\/expressometro.mx\\\/#\\\/schema\\\/person\\\/efa971b4a0664db8ed5c22b1b0dd2f5d\"},\"headline\":\"ENTREGA ABUZEID LOZANO LA VIALIDAD M\u00c1S GRANDE DE SU GOBIERNO EN IXTLAHUACA\",\"datePublished\":\"2024-12-27T02:54:54+00:00\",\"dateModified\":\"2024-12-28T04:03:55+00:00\",\"mainEntityOfPage\":{\"@id\":\"https:\\\/\\\/expressometro.mx\\\/index.php\\\/2024\\\/12\\\/26\\\/entrega-abuzeid-lozano-la-vialidad-mas-grande-de-su-gobierno-en-ixtlahuaca\\\/\"},\"wordCount\":223,\"commentCount\":0,\"publisher\":{\"@id\":\"https:\\\/\\\/expressometro.mx\\\/#organization\"},\"image\":{\"@id\":\"https:\\\/\\\/expressometro.mx\\\/index.php\\\/2024\\\/12\\\/26\\\/entrega-abuzeid-lozano-la-vialidad-mas-grande-de-su-gobierno-en-ixtlahuaca\\\/#primaryimage\"},\"thumbnailUrl\":\"https:\\\/\\\/expressometro.mx\\\/wp-content\\\/uploads\\\/2024\\\/12\\\/WhatsApp-Image-2024-12-26-at-1.36.39-PM.jpeg\",\"keywords\":[\"Abuzeid Lozano\",\"Edomex\",\"GEM\",\"Ixtlahuaca\",\"PRI\"],\"articleSection\":[\"Gobierno\",\"Otros\",\"Pol\u00edtica\"],\"inLanguage\":\"es\",\"potentialAction\":[{\"@type\":\"CommentAction\",\"name\":\"Comment\",\"target\":[\"https:\\\/\\\/expressometro.mx\\\/index.php\\\/2024\\\/12\\\/26\\\/entrega-abuzeid-lozano-la-vialidad-mas-grande-de-su-gobierno-en-ixtlahuaca\\\/#respond\"]}]},{\"@type\":\"WebPage\",\"@id\":\"https:\\\/\\\/expressometro.mx\\\/index.php\\\/2024\\\/12\\\/26\\\/entrega-abuzeid-lozano-la-vialidad-mas-grande-de-su-gobierno-en-ixtlahuaca\\\/\",\"url\":\"https:\\\/\\\/expressometro.mx\\\/index.php\\\/2024\\\/12\\\/26\\\/entrega-abuzeid-lozano-la-vialidad-mas-grande-de-su-gobierno-en-ixtlahuaca\\\/\",\"name\":\"ENTREGA ABUZEID LOZANO LA VIALIDAD M\u00c1S GRANDE DE SU GOBIERNO EN IXTLAHUACA - Expresso Metropolitano\",\"isPartOf\":{\"@id\":\"https:\\\/\\\/expressometro.mx\\\/#website\"},\"primaryImageOfPage\":{\"@id\":\"https:\\\/\\\/expressometro.mx\\\/index.php\\\/2024\\\/12\\\/26\\\/entrega-abuzeid-lozano-la-vialidad-mas-grande-de-su-gobierno-en-ixtlahuaca\\\/#primaryimage\"},\"image\":{\"@id\":\"https:\\\/\\\/expressometro.mx\\\/index.php\\\/2024\\\/12\\\/26\\\/entrega-abuzeid-lozano-la-vialidad-mas-grande-de-su-gobierno-en-ixtlahuaca\\\/#primaryimage\"},\"thumbnailUrl\":\"https:\\\/\\\/expressometro.mx\\\/wp-content\\\/uploads\\\/2024\\\/12\\\/WhatsApp-Image-2024-12-26-at-1.36.39-PM.jpeg\",\"datePublished\":\"2024-12-27T02:54:54+00:00\",\"dateModified\":\"2024-12-28T04:03:55+00:00\",\"breadcrumb\":{\"@id\":\"https:\\\/\\\/expressometro.mx\\\/index.php\\\/2024\\\/12\\\/26\\\/entrega-abuzeid-lozano-la-vialidad-mas-grande-de-su-gobierno-en-ixtlahuaca\\\/#breadcrumb\"},\"inLanguage\":\"es\",\"potentialAction\":[{\"@type\":\"ReadAction\",\"target\":[\"https:\\\/\\\/expressometro.mx\\\/index.php\\\/2024\\\/12\\\/26\\\/entrega-abuzeid-lozano-la-vialidad-mas-grande-de-su-gobierno-en-ixtlahuaca\\\/\"]}]},{\"@type\":\"ImageObject\",\"inLanguage\":\"es\",\"@id\":\"https:\\\/\\\/expressometro.mx\\\/index.php\\\/2024\\\/12\\\/26\\\/entrega-abuzeid-lozano-la-vialidad-mas-grande-de-su-gobierno-en-ixtlahuaca\\\/#primaryimage\",\"url\":\"https:\\\/\\\/expressometro.mx\\\/wp-content\\\/uploads\\\/2024\\\/12\\\/WhatsApp-Image-2024-12-26-at-1.36.39-PM.jpeg\",\"contentUrl\":\"https:\\\/\\\/expressometro.mx\\\/wp-content\\\/uploads\\\/2024\\\/12\\\/WhatsApp-Image-2024-12-26-at-1.36.39-PM.jpeg\",\"width\":960,\"height\":640},{\"@type\":\"BreadcrumbList\",\"@id\":\"https:\\\/\\\/expressometro.mx\\\/index.php\\\/2024\\\/12\\\/26\\\/entrega-abuzeid-lozano-la-vialidad-mas-grande-de-su-gobierno-en-ixtlahuaca\\\/#breadcrumb\",\"itemListElement\":[{\"@type\":\"ListItem\",\"position\":1,\"name\":\"Inicio\",\"item\":\"https:\\\/\\\/expressometro.mx\\\/\"},{\"@type\":\"ListItem\",\"position\":2,\"name\":\"ENTREGA ABUZEID LOZANO LA VIALIDAD M\u00c1S GRANDE DE SU GOBIERNO EN IXTLAHUACA\"}]},{\"@type\":\"WebSite\",\"@id\":\"https:\\\/\\\/expressometro.mx\\\/#website\",\"url\":\"https:\\\/\\\/expressometro.mx\\\/\",\"name\":\"Expresso Metropolitano\",\"description\":\"Periodismo comprometido, informaci\u00f3n, investigaci\u00f3n y an\u00e1lisis\",\"publisher\":{\"@id\":\"https:\\\/\\\/expressometro.mx\\\/#organization\"},\"potentialAction\":[{\"@type\":\"SearchAction\",\"target\":{\"@type\":\"EntryPoint\",\"urlTemplate\":\"https:\\\/\\\/expressometro.mx\\\/?s={search_term_string}\"},\"query-input\":{\"@type\":\"PropertyValueSpecification\",\"valueRequired\":true,\"valueName\":\"search_term_string\"}}],\"inLanguage\":\"es\"},{\"@type\":\"Organization\",\"@id\":\"https:\\\/\\\/expressometro.mx\\\/#organization\",\"name\":\"Expresso Metropolitano\",\"url\":\"https:\\\/\\\/expressometro.mx\\\/\",\"logo\":{\"@type\":\"ImageObject\",\"inLanguage\":\"es\",\"@id\":\"https:\\\/\\\/expressometro.mx\\\/#\\\/schema\\\/logo\\\/image\\\/\",\"url\":\"https:\\\/\\\/expressometro.mx\\\/wp-content\\\/uploads\\\/2019\\\/07\\\/cropped-Logo-Expresso-Metropolitano-1-1.jpeg\",\"contentUrl\":\"https:\\\/\\\/expressometro.mx\\\/wp-content\\\/uploads\\\/2019\\\/07\\\/cropped-Logo-Expresso-Metropolitano-1-1.jpeg\",\"width\":290,\"height\":73,\"caption\":\"Expresso Metropolitano\"},\"image\":{\"@id\":\"https:\\\/\\\/expressometro.mx\\\/#\\\/schema\\\/logo\\\/image\\\/\"}},{\"@type\":\"Person\",\"@id\":\"https:\\\/\\\/expressometro.mx\\\/#\\\/schema\\\/person\\\/efa971b4a0664db8ed5c22b1b0dd2f5d\",\"name\":\"Expresso Metropolitano\",\"image\":{\"@type\":\"ImageObject\",\"inLanguage\":\"es\",\"@id\":\"https:\\\/\\\/secure.gravatar.com\\\/avatar\\\/a89f802b8de18c6952f223c88d3d106e9e3679839f4e25a02f4a6cc2ae6ba3b3?s=96&d=mm&r=g\",\"url\":\"https:\\\/\\\/secure.gravatar.com\\\/avatar\\\/a89f802b8de18c6952f223c88d3d106e9e3679839f4e25a02f4a6cc2ae6ba3b3?s=96&d=mm&r=g\",\"contentUrl\":\"https:\\\/\\\/secure.gravatar.com\\\/avatar\\\/a89f802b8de18c6952f223c88d3d106e9e3679839f4e25a02f4a6cc2ae6ba3b3?s=96&d=mm&r=g\",\"caption\":\"Expresso Metropolitano\"},\"url\":\"https:\\\/\\\/expressometro.mx\\\/index.php\\\/author\\\/diego\\\/\"}]}<\/script>\n<!-- \/ Yoast SEO plugin. -->","yoast_head_json":{"title":"ENTREGA ABUZEID LOZANO LA VIALIDAD M\u00c1S GRANDE DE SU GOBIERNO EN IXTLAHUACA - Expresso Metropolitano","robots":{"index":"index","follow":"follow","max-snippet":"max-snippet:-1","max-image-preview":"max-image-preview:large","max-video-preview":"max-video-preview:-1"},"canonical":"https:\/\/expressometro.mx\/index.php\/2024\/12\/26\/entrega-abuzeid-lozano-la-vialidad-mas-grande-de-su-gobierno-en-ixtlahuaca\/","og_locale":"es_MX","og_type":"article","og_title":"ENTREGA ABUZEID LOZANO LA VIALIDAD M\u00c1S GRANDE DE SU GOBIERNO EN IXTLAHUACA - Expresso Metropolitano","og_description":"El presidente municipal de Ixtlahuaca, Abuzeid Lozano, entreg\u00f3 la obra vial m\u00e1s grande de su administraci\u00f3n; m\u00e1s de un kil\u00f3metro de concreto hidr\u00e1ulico para unir la zona norte y sur del municipio.","og_url":"https:\/\/expressometro.mx\/index.php\/2024\/12\/26\/entrega-abuzeid-lozano-la-vialidad-mas-grande-de-su-gobierno-en-ixtlahuaca\/","og_site_name":"Expresso Metropolitano","article_published_time":"2024-12-27T02:54:54+00:00","article_modified_time":"2024-12-28T04:03:55+00:00","og_image":[{"width":960,"height":640,"url":"http:\/\/expressometro.mx\/wp-content\/uploads\/2024\/12\/WhatsApp-Image-2024-12-26-at-1.36.39-PM.jpeg","type":"image\/jpeg"}],"author":"Expresso Metropolitano","twitter_misc":{"Escrito por":"Expresso Metropolitano","Tiempo de lectura":"2 minutos"},"schema":{"@context":"https:\/\/schema.org","@graph":[{"@type":"Article","@id":"https:\/\/expressometro.mx\/index.php\/2024\/12\/26\/entrega-abuzeid-lozano-la-vialidad-mas-grande-de-su-gobierno-en-ixtlahuaca\/#article","isPartOf":{"@id":"https:\/\/expressometro.mx\/index.php\/2024\/12\/26\/entrega-abuzeid-lozano-la-vialidad-mas-grande-de-su-gobierno-en-ixtlahuaca\/"},"author":{"name":"Expresso Metropolitano","@id":"https:\/\/expressometro.mx\/#\/schema\/person\/efa971b4a0664db8ed5c22b1b0dd2f5d"},"headline":"ENTREGA ABUZEID LOZANO LA VIALIDAD M\u00c1S GRANDE DE SU GOBIERNO EN IXTLAHUACA","datePublished":"2024-12-27T02:54:54+00:00","dateModified":"2024-12-28T04:03:55+00:00","mainEntityOfPage":{"@id":"https:\/\/expressometro.mx\/index.php\/2024\/12\/26\/entrega-abuzeid-lozano-la-vialidad-mas-grande-de-su-gobierno-en-ixtlahuaca\/"},"wordCount":223,"commentCount":0,"publisher":{"@id":"https:\/\/expressometro.mx\/#organization"},"image":{"@id":"https:\/\/expressometro.mx\/index.php\/2024\/12\/26\/entrega-abuzeid-lozano-la-vialidad-mas-grande-de-su-gobierno-en-ixtlahuaca\/#primaryimage"},"thumbnailUrl":"https:\/\/expressometro.mx\/wp-content\/uploads\/2024\/12\/WhatsApp-Image-2024-12-26-at-1.36.39-PM.jpeg","keywords":["Abuzeid Lozano","Edomex","GEM","Ixtlahuaca","PRI"],"articleSection":["Gobierno","Otros","Pol\u00edtica"],"inLanguage":"es","potentialAction":[{"@type":"CommentAction","name":"Comment","target":["https:\/\/expressometro.mx\/index.php\/2024\/12\/26\/entrega-abuzeid-lozano-la-vialidad-mas-grande-de-su-gobierno-en-ixtlahuaca\/#respond"]}]},{"@type":"WebPage","@id":"https:\/\/expressometro.mx\/index.php\/2024\/12\/26\/entrega-abuzeid-lozano-la-vialidad-mas-grande-de-su-gobierno-en-ixtlahuaca\/","url":"https:\/\/expressometro.mx\/index.php\/2024\/12\/26\/entrega-abuzeid-lozano-la-vialidad-mas-grande-de-su-gobierno-en-ixtlahuaca\/","name":"ENTREGA ABUZEID LOZANO LA VIALIDAD M\u00c1S GRANDE DE SU GOBIERNO EN IXTLAHUACA - Expresso Metropolitano","isPartOf":{"@id":"https:\/\/expressometro.mx\/#website"},"primaryImageOfPage":{"@id":"https:\/\/expressometro.mx\/index.php\/2024\/12\/26\/entrega-abuzeid-lozano-la-vialidad-mas-grande-de-su-gobierno-en-ixtlahuaca\/#primaryimage"},"image":{"@id":"https:\/\/expressometro.mx\/index.php\/2024\/12\/26\/entrega-abuzeid-lozano-la-vialidad-mas-grande-de-su-gobierno-en-ixtlahuaca\/#primaryimage"},"thumbnailUrl":"https:\/\/expressometro.mx\/wp-content\/uploads\/2024\/12\/WhatsApp-Image-2024-12-26-at-1.36.39-PM.jpeg","datePublished":"2024-12-27T02:54:54+00:00","dateModified":"2024-12-28T04:03:55+00:00","breadcrumb":{"@id":"https:\/\/expressometro.mx\/index.php\/2024\/12\/26\/entrega-abuzeid-lozano-la-vialidad-mas-grande-de-su-gobierno-en-ixtlahuaca\/#breadcrumb"},"inLanguage":"es","potentialAction":[{"@type":"ReadAction","target":["https:\/\/expressometro.mx\/index.php\/2024\/12\/26\/entrega-abuzeid-lozano-la-vialidad-mas-grande-de-su-gobierno-en-ixtlahuaca\/"]}]},{"@type":"ImageObject","inLanguage":"es","@id":"https:\/\/expressometro.mx\/index.php\/2024\/12\/26\/entrega-abuzeid-lozano-la-vialidad-mas-grande-de-su-gobierno-en-ixtlahuaca\/#primaryimage","url":"https:\/\/expressometro.mx\/wp-content\/uploads\/2024\/12\/WhatsApp-Image-2024-12-26-at-1.36.39-PM.jpeg","contentUrl":"https:\/\/expressometro.mx\/wp-content\/uploads\/2024\/12\/WhatsApp-Image-2024-12-26-at-1.36.39-PM.jpeg","width":960,"height":640},{"@type":"BreadcrumbList","@id":"https:\/\/expressometro.mx\/index.php\/2024\/12\/26\/entrega-abuzeid-lozano-la-vialidad-mas-grande-de-su-gobierno-en-ixtlahuaca\/#breadcrumb","itemListElement":[{"@type":"ListItem","position":1,"name":"Inicio","item":"https:\/\/expressometro.mx\/"},{"@type":"ListItem","position":2,"name":"ENTREGA ABUZEID LOZANO LA VIALIDAD M\u00c1S GRANDE DE SU GOBIERNO EN IXTLAHUACA"}]},{"@type":"WebSite","@id":"https:\/\/expressometro.mx\/#website","url":"https:\/\/expressometro.mx\/","name":"Expresso Metropolitano","description":"Periodismo comprometido, informaci\u00f3n, investigaci\u00f3n y an\u00e1lisis","publisher":{"@id":"https:\/\/expressometro.mx\/#organization"},"potentialAction":[{"@type":"SearchAction","target":{"@type":"EntryPoint","urlTemplate":"https:\/\/expressometro.mx\/?s={search_term_string}"},"query-input":{"@type":"PropertyValueSpecification","valueRequired":true,"valueName":"search_term_string"}}],"inLanguage":"es"},{"@type":"Organization","@id":"https:\/\/expressometro.mx\/#organization","name":"Expresso Metropolitano","url":"https:\/\/expressometro.mx\/","logo":{"@type":"ImageObject","inLanguage":"es","@id":"https:\/\/expressometro.mx\/#\/schema\/logo\/image\/","url":"https:\/\/expressometro.mx\/wp-content\/uploads\/2019\/07\/cropped-Logo-Expresso-Metropolitano-1-1.jpeg","contentUrl":"https:\/\/expressometro.mx\/wp-content\/uploads\/2019\/07\/cropped-Logo-Expresso-Metropolitano-1-1.jpeg","width":290,"height":73,"caption":"Expresso Metropolitano"},"image":{"@id":"https:\/\/expressometro.mx\/#\/schema\/logo\/image\/"}},{"@type":"Person","@id":"https:\/\/expressometro.mx\/#\/schema\/person\/efa971b4a0664db8ed5c22b1b0dd2f5d","name":"Expresso Metropolitano","image":{"@type":"ImageObject","inLanguage":"es","@id":"https:\/\/secure.gravatar.com\/avatar\/a89f802b8de18c6952f223c88d3d106e9e3679839f4e25a02f4a6cc2ae6ba3b3?s=96&d=mm&r=g","url":"https:\/\/secure.gravatar.com\/avatar\/a89f802b8de18c6952f223c88d3d106e9e3679839f4e25a02f4a6cc2ae6ba3b3?s=96&d=mm&r=g","contentUrl":"https:\/\/secure.gravatar.com\/avatar\/a89f802b8de18c6952f223c88d3d106e9e3679839f4e25a02f4a6cc2ae6ba3b3?s=96&d=mm&r=g","caption":"Expresso Metropolitano"},"url":"https:\/\/expressometro.mx\/index.php\/author\/diego\/"}]}},"amp_enabled":true,"_links":{"self":[{"href":"https:\/\/expressometro.mx\/index.php\/wp-json\/wp\/v2\/posts\/10678","targetHints":{"allow":["GET"]}}],"collection":[{"href":"https:\/\/expressometro.mx\/index.php\/wp-json\/wp\/v2\/posts"}],"about":[{"href":"https:\/\/expressometro.mx\/index.php\/wp-json\/wp\/v2\/types\/post"}],"author":[{"embeddable":true,"href":"https:\/\/expressometro.mx\/index.php\/wp-json\/wp\/v2\/users\/1"}],"replies":[{"embeddable":true,"href":"https:\/\/expressometro.mx\/index.php\/wp-json\/wp\/v2\/comments?post=10678"}],"version-history":[{"count":1,"href":"https:\/\/expressometro.mx\/index.php\/wp-json\/wp\/v2\/posts\/10678\/revisions"}],"predecessor-version":[{"id":10682,"href":"https:\/\/expressometro.mx\/index.php\/wp-json\/wp\/v2\/posts\/10678\/revisions\/10682"}],"wp:featuredmedia":[{"embeddable":true,"href":"https:\/\/expressometro.mx\/index.php\/wp-json\/wp\/v2\/media\/10680"}],"wp:attachment":[{"href":"https:\/\/expressometro.mx\/index.php\/wp-json\/wp\/v2\/media?parent=10678"}],"wp:term":[{"taxonomy":"category","embeddable":true,"href":"https:\/\/expressometro.mx\/index.php\/wp-json\/wp\/v2\/categories?post=10678"},{"taxonomy":"post_tag","embeddable":true,"href":"https:\/\/expressometro.mx\/index.php\/wp-json\/wp\/v2\/tags?post=10678"}],"curies":[{"name":"wp","href":"https:\/\/api.w.org\/{rel}","templated":true}]}}