{"id":1062,"date":"2019-11-15T21:50:07","date_gmt":"2019-11-16T03:50:07","guid":{"rendered":"http:\/\/expressometro.mx\/?p=1062"},"modified":"2019-11-18T21:51:20","modified_gmt":"2019-11-19T03:51:20","slug":"operagua-se-capacita-en-saneamiento-gobernanza-hidrica-y-sostenibilidad","status":"publish","type":"post","link":"https:\/\/expressometro.mx\/index.php\/2019\/11\/15\/operagua-se-capacita-en-saneamiento-gobernanza-hidrica-y-sostenibilidad\/","title":{"rendered":"OPERAGUA se capacita en saneamiento, gobernanza h\u00eddrica y sostenibilidad"},"content":{"rendered":"\n<p>A fin de contar con elementos te\u00f3rico-pr\u00e1cticos que permitan al Organismo tener las herramientas suficientes para ser un ente de calidad, acorde a las necesidades de los usuarios, y que esto se traduzca en efectividad operativa y administrativa, OPERAGUA particip\u00f3 en la XXXIII Convenci\u00f3n Anual y Expo ANEAS 2019, que se realiz\u00f3 en San Luis Potos\u00ed a la cual acudi\u00f3 el presidente municipal de Cuautitl\u00e1n Izcalli, Ricardo N\u00fa\u00f1ez Ayala y el director general del Organismo, Mart\u00edn Guerrero Baeza.<\/p>\n\n\n\n<p>En la convenci\u00f3n organizada por la Asociaci\u00f3n Nacional de Empresas de Agua y Saneamiento de M\u00e9xico (ANEAS), se abordaron temas de relevancia para el subsector agua potable, drenaje y saneamiento, as\u00ed como la gobernanza para la seguridad h\u00eddrica, la sostenibilidad de los servicios y el agua, en el marco de los derechos econ\u00f3micos, sociales y culturales.<\/p>\n\n\n\n<p>El objetivo del foro fue servir de escaparate de vanguardia para mejorar pr\u00e1cticas en el manejo del agua en M\u00e9xico y en el mundo, as\u00ed como una oportunidad para fortalecer las capacidades y habilidades de los involucrados en el tema.<\/p>\n\n\n\n<p>Guerrero Baeza resalt\u00f3 la importancia de acudir a este tipo de foros: \u201cLa capacitaci\u00f3n permanente forma parte importante de los planes de trabajo al interior del Organismo. Debemos entender que nuestra operatividad eficiente no s\u00f3lo se limita a la reparaci\u00f3n de infraestructura y la atenci\u00f3n de contingencias\u201d.<\/p>\n\n\n\n<p>Agreg\u00f3 que: \u201ces necesario conocer nuevas estrategias de gobernanza h\u00eddrica, as\u00ed como m\u00e9todos de tratamiento de aguas residuales y sostenibilidad de los servicios, ver la manera en que estas ideas puedan ser aplicadas en el municipio a fin de obtener los mejores resultados, brindar un mejor servicio y responder a las necesidades de los usuarios\u201d.<\/p>\n\n\n\n<p>Algunas de las ponencias que se ofrecieron durante la convenci\u00f3n y en las que OPERAGUA pudo participar fueron: Servicios sostenibles de agua potable y saneamiento, Gesti\u00f3n y cultura h\u00eddrica, Infraestructura b\u00e1sica para un sistema comercial, \u00bfC\u00f3mo incentivar las buenas pr\u00e1cticas en materia de cobro-pago de los servicios?, Las tecnolog\u00edas de la informaci\u00f3n y comunicaci\u00f3n como herramienta en la gesti\u00f3n comercial, La importancia de la atenci\u00f3n y servicio y al usuario, Derecho humano al agua y saneamiento, entre otras.<\/p>\n\n\n\n<p>En la convenci\u00f3n participaron representantes de organismos operadores de municipios de la zona metropolitana del Valle de M\u00e9xico que forman parte de la asociaci\u00f3n.<\/p>\n\n\n\n<p>ANEAS cuenta con m\u00e1s de 35 a\u00f1os de experiencia, agrupa a organismos operadores de agua potable del pa\u00eds, cuyo objetivo b\u00e1sico es apoyar la elevaci\u00f3n de la eficiencia en la prestaci\u00f3n de los servicios as\u00ed como fomentar el nivel de profesionalizaci\u00f3n y autonom\u00eda del capital humano. Cada a\u00f1o realizan la convenci\u00f3n a la que acuden los integrantes de la misma para tratar temas de importancia h\u00eddrica que habr\u00e1n de marcar la agenda del a\u00f1o siguiente.<\/p>\n","protected":false},"excerpt":{"rendered":"<p>A fin de contar con elementos te\u00f3rico-pr\u00e1cticos que permitan al Organismo tener las herramientas suficientes para ser un ente de calidad, acorde a las necesidades de los usuarios, y que esto se traduzca en efectividad operativa y administrativa, OPERAGUA particip\u00f3 en la XXXIII Convenci\u00f3n Anual y Expo ANEAS 2019, que se realiz\u00f3 en San Luis Potos\u00ed a la cual acudi\u00f3 el presidente municipal de Cuautitl\u00e1n Izcalli, Ricardo N\u00fa\u00f1ez Ayala y el director general del Organismo, Mart\u00edn Guerrero Baeza. En la convenci\u00f3n organizada por la Asociaci\u00f3n Nacional de Empresas de Agua&hellip;<\/p>\n","protected":false},"author":1,"featured_media":1063,"comment_status":"open","ping_status":"open","sticky":false,"template":"","format":"standard","meta":{"footnotes":""},"categories":[8],"tags":[],"class_list":["post-1062","post","type-post","status-publish","format-standard","has-post-thumbnail","hentry","category-medio-ambiente"],"yoast_head":"<!-- This site is optimized with the Yoast SEO plugin v27.5 - https:\/\/yoast.com\/product\/yoast-seo-wordpress\/ -->\n<title>OPERAGUA se capacita en saneamiento, gobernanza h\u00eddrica y sostenibilidad - Expresso Metropolitano<\/title>\n<meta name=\"robots\" content=\"index, follow, max-snippet:-1, max-image-preview:large, max-video-preview:-1\" \/>\n<link rel=\"canonical\" href=\"https:\/\/expressometro.mx\/index.php\/2019\/11\/15\/operagua-se-capacita-en-saneamiento-gobernanza-hidrica-y-sostenibilidad\/\" \/>\n<meta property=\"og:locale\" content=\"es_MX\" \/>\n<meta property=\"og:type\" content=\"article\" \/>\n<meta property=\"og:title\" content=\"OPERAGUA se capacita en saneamiento, gobernanza h\u00eddrica y sostenibilidad - Expresso Metropolitano\" \/>\n<meta property=\"og:description\" content=\"A fin de contar con elementos te\u00f3rico-pr\u00e1cticos que permitan al Organismo tener las herramientas suficientes para ser un ente de calidad, acorde a las necesidades de los usuarios, y que esto se traduzca en efectividad operativa y administrativa, OPERAGUA particip\u00f3 en la XXXIII Convenci\u00f3n Anual y Expo ANEAS 2019, que se realiz\u00f3 en San Luis Potos\u00ed a la cual acudi\u00f3 el presidente municipal de Cuautitl\u00e1n Izcalli, Ricardo N\u00fa\u00f1ez Ayala y el director general del Organismo, Mart\u00edn Guerrero Baeza. En la convenci\u00f3n organizada por la Asociaci\u00f3n Nacional de Empresas de Agua&hellip;\" \/>\n<meta property=\"og:url\" content=\"https:\/\/expressometro.mx\/index.php\/2019\/11\/15\/operagua-se-capacita-en-saneamiento-gobernanza-hidrica-y-sostenibilidad\/\" \/>\n<meta property=\"og:site_name\" content=\"Expresso Metropolitano\" \/>\n<meta property=\"article:published_time\" content=\"2019-11-16T03:50:07+00:00\" \/>\n<meta property=\"article:modified_time\" content=\"2019-11-19T03:51:20+00:00\" \/>\n<meta property=\"og:image\" content=\"https:\/\/expressometro.mx\/wp-content\/uploads\/2019\/11\/BO058_03-1024x768.jpeg\" \/>\n\t<meta property=\"og:image:width\" content=\"1024\" \/>\n\t<meta property=\"og:image:height\" content=\"768\" \/>\n\t<meta property=\"og:image:type\" content=\"image\/jpeg\" \/>\n<meta name=\"author\" content=\"Expresso Metropolitano\" \/>\n<meta name=\"twitter:label1\" content=\"Escrito por\" \/>\n\t<meta name=\"twitter:data1\" content=\"Expresso Metropolitano\" \/>\n\t<meta name=\"twitter:label2\" content=\"Tiempo de lectura\" \/>\n\t<meta name=\"twitter:data2\" content=\"2 minutos\" \/>\n<script type=\"application\/ld+json\" class=\"yoast-schema-graph\">{\"@context\":\"https:\\\/\\\/schema.org\",\"@graph\":[{\"@type\":\"Article\",\"@id\":\"https:\\\/\\\/expressometro.mx\\\/index.php\\\/2019\\\/11\\\/15\\\/operagua-se-capacita-en-saneamiento-gobernanza-hidrica-y-sostenibilidad\\\/#article\",\"isPartOf\":{\"@id\":\"https:\\\/\\\/expressometro.mx\\\/index.php\\\/2019\\\/11\\\/15\\\/operagua-se-capacita-en-saneamiento-gobernanza-hidrica-y-sostenibilidad\\\/\"},\"author\":{\"name\":\"Expresso Metropolitano\",\"@id\":\"https:\\\/\\\/expressometro.mx\\\/#\\\/schema\\\/person\\\/efa971b4a0664db8ed5c22b1b0dd2f5d\"},\"headline\":\"OPERAGUA se capacita en saneamiento, gobernanza h\u00eddrica y sostenibilidad\",\"datePublished\":\"2019-11-16T03:50:07+00:00\",\"dateModified\":\"2019-11-19T03:51:20+00:00\",\"mainEntityOfPage\":{\"@id\":\"https:\\\/\\\/expressometro.mx\\\/index.php\\\/2019\\\/11\\\/15\\\/operagua-se-capacita-en-saneamiento-gobernanza-hidrica-y-sostenibilidad\\\/\"},\"wordCount\":507,\"commentCount\":0,\"publisher\":{\"@id\":\"https:\\\/\\\/expressometro.mx\\\/#organization\"},\"image\":{\"@id\":\"https:\\\/\\\/expressometro.mx\\\/index.php\\\/2019\\\/11\\\/15\\\/operagua-se-capacita-en-saneamiento-gobernanza-hidrica-y-sostenibilidad\\\/#primaryimage\"},\"thumbnailUrl\":\"https:\\\/\\\/expressometro.mx\\\/wp-content\\\/uploads\\\/2019\\\/11\\\/BO058_03-1024x768.jpeg\",\"articleSection\":[\"Medio ambiente\"],\"inLanguage\":\"es\",\"potentialAction\":[{\"@type\":\"CommentAction\",\"name\":\"Comment\",\"target\":[\"https:\\\/\\\/expressometro.mx\\\/index.php\\\/2019\\\/11\\\/15\\\/operagua-se-capacita-en-saneamiento-gobernanza-hidrica-y-sostenibilidad\\\/#respond\"]}]},{\"@type\":\"WebPage\",\"@id\":\"https:\\\/\\\/expressometro.mx\\\/index.php\\\/2019\\\/11\\\/15\\\/operagua-se-capacita-en-saneamiento-gobernanza-hidrica-y-sostenibilidad\\\/\",\"url\":\"https:\\\/\\\/expressometro.mx\\\/index.php\\\/2019\\\/11\\\/15\\\/operagua-se-capacita-en-saneamiento-gobernanza-hidrica-y-sostenibilidad\\\/\",\"name\":\"OPERAGUA se capacita en saneamiento, gobernanza h\u00eddrica y sostenibilidad - Expresso Metropolitano\",\"isPartOf\":{\"@id\":\"https:\\\/\\\/expressometro.mx\\\/#website\"},\"primaryImageOfPage\":{\"@id\":\"https:\\\/\\\/expressometro.mx\\\/index.php\\\/2019\\\/11\\\/15\\\/operagua-se-capacita-en-saneamiento-gobernanza-hidrica-y-sostenibilidad\\\/#primaryimage\"},\"image\":{\"@id\":\"https:\\\/\\\/expressometro.mx\\\/index.php\\\/2019\\\/11\\\/15\\\/operagua-se-capacita-en-saneamiento-gobernanza-hidrica-y-sostenibilidad\\\/#primaryimage\"},\"thumbnailUrl\":\"https:\\\/\\\/expressometro.mx\\\/wp-content\\\/uploads\\\/2019\\\/11\\\/BO058_03-1024x768.jpeg\",\"datePublished\":\"2019-11-16T03:50:07+00:00\",\"dateModified\":\"2019-11-19T03:51:20+00:00\",\"breadcrumb\":{\"@id\":\"https:\\\/\\\/expressometro.mx\\\/index.php\\\/2019\\\/11\\\/15\\\/operagua-se-capacita-en-saneamiento-gobernanza-hidrica-y-sostenibilidad\\\/#breadcrumb\"},\"inLanguage\":\"es\",\"potentialAction\":[{\"@type\":\"ReadAction\",\"target\":[\"https:\\\/\\\/expressometro.mx\\\/index.php\\\/2019\\\/11\\\/15\\\/operagua-se-capacita-en-saneamiento-gobernanza-hidrica-y-sostenibilidad\\\/\"]}]},{\"@type\":\"ImageObject\",\"inLanguage\":\"es\",\"@id\":\"https:\\\/\\\/expressometro.mx\\\/index.php\\\/2019\\\/11\\\/15\\\/operagua-se-capacita-en-saneamiento-gobernanza-hidrica-y-sostenibilidad\\\/#primaryimage\",\"url\":\"https:\\\/\\\/expressometro.mx\\\/wp-content\\\/uploads\\\/2019\\\/11\\\/BO058_03-1024x768.jpeg\",\"contentUrl\":\"https:\\\/\\\/expressometro.mx\\\/wp-content\\\/uploads\\\/2019\\\/11\\\/BO058_03-1024x768.jpeg\",\"width\":1024,\"height\":768},{\"@type\":\"BreadcrumbList\",\"@id\":\"https:\\\/\\\/expressometro.mx\\\/index.php\\\/2019\\\/11\\\/15\\\/operagua-se-capacita-en-saneamiento-gobernanza-hidrica-y-sostenibilidad\\\/#breadcrumb\",\"itemListElement\":[{\"@type\":\"ListItem\",\"position\":1,\"name\":\"Inicio\",\"item\":\"https:\\\/\\\/expressometro.mx\\\/\"},{\"@type\":\"ListItem\",\"position\":2,\"name\":\"OPERAGUA se capacita en saneamiento, gobernanza h\u00eddrica y sostenibilidad\"}]},{\"@type\":\"WebSite\",\"@id\":\"https:\\\/\\\/expressometro.mx\\\/#website\",\"url\":\"https:\\\/\\\/expressometro.mx\\\/\",\"name\":\"Expresso Metropolitano\",\"description\":\"Periodismo comprometido, informaci\u00f3n, investigaci\u00f3n y an\u00e1lisis\",\"publisher\":{\"@id\":\"https:\\\/\\\/expressometro.mx\\\/#organization\"},\"potentialAction\":[{\"@type\":\"SearchAction\",\"target\":{\"@type\":\"EntryPoint\",\"urlTemplate\":\"https:\\\/\\\/expressometro.mx\\\/?s={search_term_string}\"},\"query-input\":{\"@type\":\"PropertyValueSpecification\",\"valueRequired\":true,\"valueName\":\"search_term_string\"}}],\"inLanguage\":\"es\"},{\"@type\":\"Organization\",\"@id\":\"https:\\\/\\\/expressometro.mx\\\/#organization\",\"name\":\"Expresso Metropolitano\",\"url\":\"https:\\\/\\\/expressometro.mx\\\/\",\"logo\":{\"@type\":\"ImageObject\",\"inLanguage\":\"es\",\"@id\":\"https:\\\/\\\/expressometro.mx\\\/#\\\/schema\\\/logo\\\/image\\\/\",\"url\":\"https:\\\/\\\/expressometro.mx\\\/wp-content\\\/uploads\\\/2019\\\/07\\\/cropped-Logo-Expresso-Metropolitano-1-1.jpeg\",\"contentUrl\":\"https:\\\/\\\/expressometro.mx\\\/wp-content\\\/uploads\\\/2019\\\/07\\\/cropped-Logo-Expresso-Metropolitano-1-1.jpeg\",\"width\":290,\"height\":73,\"caption\":\"Expresso Metropolitano\"},\"image\":{\"@id\":\"https:\\\/\\\/expressometro.mx\\\/#\\\/schema\\\/logo\\\/image\\\/\"}},{\"@type\":\"Person\",\"@id\":\"https:\\\/\\\/expressometro.mx\\\/#\\\/schema\\\/person\\\/efa971b4a0664db8ed5c22b1b0dd2f5d\",\"name\":\"Expresso Metropolitano\",\"image\":{\"@type\":\"ImageObject\",\"inLanguage\":\"es\",\"@id\":\"https:\\\/\\\/secure.gravatar.com\\\/avatar\\\/a89f802b8de18c6952f223c88d3d106e9e3679839f4e25a02f4a6cc2ae6ba3b3?s=96&d=mm&r=g\",\"url\":\"https:\\\/\\\/secure.gravatar.com\\\/avatar\\\/a89f802b8de18c6952f223c88d3d106e9e3679839f4e25a02f4a6cc2ae6ba3b3?s=96&d=mm&r=g\",\"contentUrl\":\"https:\\\/\\\/secure.gravatar.com\\\/avatar\\\/a89f802b8de18c6952f223c88d3d106e9e3679839f4e25a02f4a6cc2ae6ba3b3?s=96&d=mm&r=g\",\"caption\":\"Expresso Metropolitano\"},\"url\":\"https:\\\/\\\/expressometro.mx\\\/index.php\\\/author\\\/diego\\\/\"}]}<\/script>\n<!-- \/ Yoast SEO plugin. -->","yoast_head_json":{"title":"OPERAGUA se capacita en saneamiento, gobernanza h\u00eddrica y sostenibilidad - Expresso Metropolitano","robots":{"index":"index","follow":"follow","max-snippet":"max-snippet:-1","max-image-preview":"max-image-preview:large","max-video-preview":"max-video-preview:-1"},"canonical":"https:\/\/expressometro.mx\/index.php\/2019\/11\/15\/operagua-se-capacita-en-saneamiento-gobernanza-hidrica-y-sostenibilidad\/","og_locale":"es_MX","og_type":"article","og_title":"OPERAGUA se capacita en saneamiento, gobernanza h\u00eddrica y sostenibilidad - Expresso Metropolitano","og_description":"A fin de contar con elementos te\u00f3rico-pr\u00e1cticos que permitan al Organismo tener las herramientas suficientes para ser un ente de calidad, acorde a las necesidades de los usuarios, y que esto se traduzca en efectividad operativa y administrativa, OPERAGUA particip\u00f3 en la XXXIII Convenci\u00f3n Anual y Expo ANEAS 2019, que se realiz\u00f3 en San Luis Potos\u00ed a la cual acudi\u00f3 el presidente municipal de Cuautitl\u00e1n Izcalli, Ricardo N\u00fa\u00f1ez Ayala y el director general del Organismo, Mart\u00edn Guerrero Baeza. En la convenci\u00f3n organizada por la Asociaci\u00f3n Nacional de Empresas de Agua&hellip;","og_url":"https:\/\/expressometro.mx\/index.php\/2019\/11\/15\/operagua-se-capacita-en-saneamiento-gobernanza-hidrica-y-sostenibilidad\/","og_site_name":"Expresso Metropolitano","article_published_time":"2019-11-16T03:50:07+00:00","article_modified_time":"2019-11-19T03:51:20+00:00","og_image":[{"width":1024,"height":768,"url":"https:\/\/expressometro.mx\/wp-content\/uploads\/2019\/11\/BO058_03-1024x768.jpeg","type":"image\/jpeg"}],"author":"Expresso Metropolitano","twitter_misc":{"Escrito por":"Expresso Metropolitano","Tiempo de lectura":"2 minutos"},"schema":{"@context":"https:\/\/schema.org","@graph":[{"@type":"Article","@id":"https:\/\/expressometro.mx\/index.php\/2019\/11\/15\/operagua-se-capacita-en-saneamiento-gobernanza-hidrica-y-sostenibilidad\/#article","isPartOf":{"@id":"https:\/\/expressometro.mx\/index.php\/2019\/11\/15\/operagua-se-capacita-en-saneamiento-gobernanza-hidrica-y-sostenibilidad\/"},"author":{"name":"Expresso Metropolitano","@id":"https:\/\/expressometro.mx\/#\/schema\/person\/efa971b4a0664db8ed5c22b1b0dd2f5d"},"headline":"OPERAGUA se capacita en saneamiento, gobernanza h\u00eddrica y sostenibilidad","datePublished":"2019-11-16T03:50:07+00:00","dateModified":"2019-11-19T03:51:20+00:00","mainEntityOfPage":{"@id":"https:\/\/expressometro.mx\/index.php\/2019\/11\/15\/operagua-se-capacita-en-saneamiento-gobernanza-hidrica-y-sostenibilidad\/"},"wordCount":507,"commentCount":0,"publisher":{"@id":"https:\/\/expressometro.mx\/#organization"},"image":{"@id":"https:\/\/expressometro.mx\/index.php\/2019\/11\/15\/operagua-se-capacita-en-saneamiento-gobernanza-hidrica-y-sostenibilidad\/#primaryimage"},"thumbnailUrl":"https:\/\/expressometro.mx\/wp-content\/uploads\/2019\/11\/BO058_03-1024x768.jpeg","articleSection":["Medio ambiente"],"inLanguage":"es","potentialAction":[{"@type":"CommentAction","name":"Comment","target":["https:\/\/expressometro.mx\/index.php\/2019\/11\/15\/operagua-se-capacita-en-saneamiento-gobernanza-hidrica-y-sostenibilidad\/#respond"]}]},{"@type":"WebPage","@id":"https:\/\/expressometro.mx\/index.php\/2019\/11\/15\/operagua-se-capacita-en-saneamiento-gobernanza-hidrica-y-sostenibilidad\/","url":"https:\/\/expressometro.mx\/index.php\/2019\/11\/15\/operagua-se-capacita-en-saneamiento-gobernanza-hidrica-y-sostenibilidad\/","name":"OPERAGUA se capacita en saneamiento, gobernanza h\u00eddrica y sostenibilidad - Expresso Metropolitano","isPartOf":{"@id":"https:\/\/expressometro.mx\/#website"},"primaryImageOfPage":{"@id":"https:\/\/expressometro.mx\/index.php\/2019\/11\/15\/operagua-se-capacita-en-saneamiento-gobernanza-hidrica-y-sostenibilidad\/#primaryimage"},"image":{"@id":"https:\/\/expressometro.mx\/index.php\/2019\/11\/15\/operagua-se-capacita-en-saneamiento-gobernanza-hidrica-y-sostenibilidad\/#primaryimage"},"thumbnailUrl":"https:\/\/expressometro.mx\/wp-content\/uploads\/2019\/11\/BO058_03-1024x768.jpeg","datePublished":"2019-11-16T03:50:07+00:00","dateModified":"2019-11-19T03:51:20+00:00","breadcrumb":{"@id":"https:\/\/expressometro.mx\/index.php\/2019\/11\/15\/operagua-se-capacita-en-saneamiento-gobernanza-hidrica-y-sostenibilidad\/#breadcrumb"},"inLanguage":"es","potentialAction":[{"@type":"ReadAction","target":["https:\/\/expressometro.mx\/index.php\/2019\/11\/15\/operagua-se-capacita-en-saneamiento-gobernanza-hidrica-y-sostenibilidad\/"]}]},{"@type":"ImageObject","inLanguage":"es","@id":"https:\/\/expressometro.mx\/index.php\/2019\/11\/15\/operagua-se-capacita-en-saneamiento-gobernanza-hidrica-y-sostenibilidad\/#primaryimage","url":"https:\/\/expressometro.mx\/wp-content\/uploads\/2019\/11\/BO058_03-1024x768.jpeg","contentUrl":"https:\/\/expressometro.mx\/wp-content\/uploads\/2019\/11\/BO058_03-1024x768.jpeg","width":1024,"height":768},{"@type":"BreadcrumbList","@id":"https:\/\/expressometro.mx\/index.php\/2019\/11\/15\/operagua-se-capacita-en-saneamiento-gobernanza-hidrica-y-sostenibilidad\/#breadcrumb","itemListElement":[{"@type":"ListItem","position":1,"name":"Inicio","item":"https:\/\/expressometro.mx\/"},{"@type":"ListItem","position":2,"name":"OPERAGUA se capacita en saneamiento, gobernanza h\u00eddrica y sostenibilidad"}]},{"@type":"WebSite","@id":"https:\/\/expressometro.mx\/#website","url":"https:\/\/expressometro.mx\/","name":"Expresso Metropolitano","description":"Periodismo comprometido, informaci\u00f3n, investigaci\u00f3n y an\u00e1lisis","publisher":{"@id":"https:\/\/expressometro.mx\/#organization"},"potentialAction":[{"@type":"SearchAction","target":{"@type":"EntryPoint","urlTemplate":"https:\/\/expressometro.mx\/?s={search_term_string}"},"query-input":{"@type":"PropertyValueSpecification","valueRequired":true,"valueName":"search_term_string"}}],"inLanguage":"es"},{"@type":"Organization","@id":"https:\/\/expressometro.mx\/#organization","name":"Expresso Metropolitano","url":"https:\/\/expressometro.mx\/","logo":{"@type":"ImageObject","inLanguage":"es","@id":"https:\/\/expressometro.mx\/#\/schema\/logo\/image\/","url":"https:\/\/expressometro.mx\/wp-content\/uploads\/2019\/07\/cropped-Logo-Expresso-Metropolitano-1-1.jpeg","contentUrl":"https:\/\/expressometro.mx\/wp-content\/uploads\/2019\/07\/cropped-Logo-Expresso-Metropolitano-1-1.jpeg","width":290,"height":73,"caption":"Expresso Metropolitano"},"image":{"@id":"https:\/\/expressometro.mx\/#\/schema\/logo\/image\/"}},{"@type":"Person","@id":"https:\/\/expressometro.mx\/#\/schema\/person\/efa971b4a0664db8ed5c22b1b0dd2f5d","name":"Expresso Metropolitano","image":{"@type":"ImageObject","inLanguage":"es","@id":"https:\/\/secure.gravatar.com\/avatar\/a89f802b8de18c6952f223c88d3d106e9e3679839f4e25a02f4a6cc2ae6ba3b3?s=96&d=mm&r=g","url":"https:\/\/secure.gravatar.com\/avatar\/a89f802b8de18c6952f223c88d3d106e9e3679839f4e25a02f4a6cc2ae6ba3b3?s=96&d=mm&r=g","contentUrl":"https:\/\/secure.gravatar.com\/avatar\/a89f802b8de18c6952f223c88d3d106e9e3679839f4e25a02f4a6cc2ae6ba3b3?s=96&d=mm&r=g","caption":"Expresso Metropolitano"},"url":"https:\/\/expressometro.mx\/index.php\/author\/diego\/"}]}},"amp_enabled":true,"_links":{"self":[{"href":"https:\/\/expressometro.mx\/index.php\/wp-json\/wp\/v2\/posts\/1062","targetHints":{"allow":["GET"]}}],"collection":[{"href":"https:\/\/expressometro.mx\/index.php\/wp-json\/wp\/v2\/posts"}],"about":[{"href":"https:\/\/expressometro.mx\/index.php\/wp-json\/wp\/v2\/types\/post"}],"author":[{"embeddable":true,"href":"https:\/\/expressometro.mx\/index.php\/wp-json\/wp\/v2\/users\/1"}],"replies":[{"embeddable":true,"href":"https:\/\/expressometro.mx\/index.php\/wp-json\/wp\/v2\/comments?post=1062"}],"version-history":[{"count":1,"href":"https:\/\/expressometro.mx\/index.php\/wp-json\/wp\/v2\/posts\/1062\/revisions"}],"predecessor-version":[{"id":1064,"href":"https:\/\/expressometro.mx\/index.php\/wp-json\/wp\/v2\/posts\/1062\/revisions\/1064"}],"wp:featuredmedia":[{"embeddable":true,"href":"https:\/\/expressometro.mx\/index.php\/wp-json\/wp\/v2\/media\/1063"}],"wp:attachment":[{"href":"https:\/\/expressometro.mx\/index.php\/wp-json\/wp\/v2\/media?parent=1062"}],"wp:term":[{"taxonomy":"category","embeddable":true,"href":"https:\/\/expressometro.mx\/index.php\/wp-json\/wp\/v2\/categories?post=1062"},{"taxonomy":"post_tag","embeddable":true,"href":"https:\/\/expressometro.mx\/index.php\/wp-json\/wp\/v2\/tags?post=1062"}],"curies":[{"name":"wp","href":"https:\/\/api.w.org\/{rel}","templated":true}]}}