{"id":10616,"date":"2024-12-10T10:27:50","date_gmt":"2024-12-10T16:27:50","guid":{"rendered":"https:\/\/expressometro.mx\/?p=10616"},"modified":"2024-12-13T10:31:23","modified_gmt":"2024-12-13T16:31:23","slug":"entrega-abuzeid-lozano-nuevas-instalaciones-del-registro-civil-en-ixtlahuaca","status":"publish","type":"post","link":"https:\/\/expressometro.mx\/index.php\/2024\/12\/10\/entrega-abuzeid-lozano-nuevas-instalaciones-del-registro-civil-en-ixtlahuaca\/","title":{"rendered":"ENTREGA ABUZEID LOZANO NUEVAS INSTALACIONES DEL REGISTRO CIVIL EN IXTLAHUACA"},"content":{"rendered":"\n<p>El presidente municipal de Ixtlahuaca, Abuzeid Lozano, inaugur\u00f3 las nuevas instalaciones de la oficial\u00eda n\u00famero 1 y la oficina regional n\u00famero IX del Registro Civil.<\/p>\n\n\n\n<p>Lo anterior para ampliar y dignificar los espacios donde la poblaci\u00f3n ixtlahuaquense y de la regi\u00f3n acude a realizar sus tr\u00e1mites relacionados con la certeza jur\u00eddica de identidad personal.<\/p>\n\n\n\n<p>Acompa\u00f1ado de la directora general del Registro Civil del Estado de M\u00e9xico, Sonia Janeth Cruz Miranda, el presidente municipal puso en marcha las oficinas ubicadas en la esquina de Avenida de los Maestros y la calle Mariano Abasolo, a un costado de la central camionera de Ixtlahuaca.<\/p>\n\n\n\n<p>Cabe destacar que tanto el costo de la habilitaci\u00f3n de los espacios como del mobiliario y la n\u00f3mina del personal que atiende ambas oficinas, corre a cargo del Gobierno Municipal de Ixtlahuaca.<\/p>\n\n\n\n<p>A esta acci\u00f3n se suma la digitalizaci\u00f3n de 147 mil actas, con lo cual 98 por ciento de la poblaci\u00f3n de Ixtlahuaca cuenta con su documento de nacimiento en el sistema estatal del Registro Civil y puede ser consultada e impresa desde cualquier parte, lo cual incluye documentos desde el a\u00f1o 1930.<\/p>\n\n\n\n<p>Adem\u00e1s, este documento proporciona una prueba irrefutable de identidad y nacionalidad, lo cual es crucial para el acceso a programas sociales y educativos, beneficios de salud y derechos laborales.<\/p>\n","protected":false},"excerpt":{"rendered":"<p>El presidente municipal de Ixtlahuaca, Abuzeid Lozano, inaugur\u00f3 las nuevas instalaciones de la oficial\u00eda n\u00famero 1 y la oficina regional n\u00famero IX del Registro Civil.<\/p>\n","protected":false},"author":1,"featured_media":10618,"comment_status":"open","ping_status":"open","sticky":false,"template":"","format":"standard","meta":{"footnotes":""},"categories":[3,1,231],"tags":[425,1982,86,424,158],"class_list":["post-10616","post","type-post","status-publish","format-standard","has-post-thumbnail","hentry","category-gobierno","category-otros","category-politica","tag-abuzeid-lozano","tag-edomex","tag-gem","tag-ixtlahuaca","tag-pri"],"yoast_head":"<!-- This site is optimized with the Yoast SEO plugin v27.4 - https:\/\/yoast.com\/product\/yoast-seo-wordpress\/ -->\n<title>ENTREGA ABUZEID LOZANO NUEVAS INSTALACIONES DEL REGISTRO CIVIL EN IXTLAHUACA - Expresso Metropolitano<\/title>\n<meta name=\"robots\" content=\"index, follow, max-snippet:-1, max-image-preview:large, max-video-preview:-1\" \/>\n<link rel=\"canonical\" href=\"https:\/\/expressometro.mx\/index.php\/2024\/12\/10\/entrega-abuzeid-lozano-nuevas-instalaciones-del-registro-civil-en-ixtlahuaca\/\" \/>\n<meta property=\"og:locale\" content=\"es_MX\" \/>\n<meta property=\"og:type\" content=\"article\" \/>\n<meta property=\"og:title\" content=\"ENTREGA ABUZEID LOZANO NUEVAS INSTALACIONES DEL REGISTRO CIVIL EN IXTLAHUACA - Expresso Metropolitano\" \/>\n<meta property=\"og:description\" content=\"El presidente municipal de Ixtlahuaca, Abuzeid Lozano, inaugur\u00f3 las nuevas instalaciones de la oficial\u00eda n\u00famero 1 y la oficina regional n\u00famero IX del Registro Civil.\" \/>\n<meta property=\"og:url\" content=\"https:\/\/expressometro.mx\/index.php\/2024\/12\/10\/entrega-abuzeid-lozano-nuevas-instalaciones-del-registro-civil-en-ixtlahuaca\/\" \/>\n<meta property=\"og:site_name\" content=\"Expresso Metropolitano\" \/>\n<meta property=\"article:published_time\" content=\"2024-12-10T16:27:50+00:00\" \/>\n<meta property=\"article:modified_time\" content=\"2024-12-13T16:31:23+00:00\" \/>\n<meta property=\"og:image\" content=\"http:\/\/expressometro.mx\/wp-content\/uploads\/2024\/12\/WhatsApp-Image-2024-12-10-at-4.37.32-PM.jpeg\" \/>\n\t<meta property=\"og:image:width\" content=\"1600\" \/>\n\t<meta property=\"og:image:height\" content=\"1066\" \/>\n\t<meta property=\"og:image:type\" content=\"image\/jpeg\" \/>\n<meta name=\"author\" content=\"Expresso Metropolitano\" \/>\n<meta name=\"twitter:label1\" content=\"Escrito por\" \/>\n\t<meta name=\"twitter:data1\" content=\"Expresso Metropolitano\" \/>\n\t<meta name=\"twitter:label2\" content=\"Tiempo de lectura\" \/>\n\t<meta name=\"twitter:data2\" content=\"2 minutos\" \/>\n<script type=\"application\/ld+json\" class=\"yoast-schema-graph\">{\"@context\":\"https:\\\/\\\/schema.org\",\"@graph\":[{\"@type\":\"Article\",\"@id\":\"https:\\\/\\\/expressometro.mx\\\/index.php\\\/2024\\\/12\\\/10\\\/entrega-abuzeid-lozano-nuevas-instalaciones-del-registro-civil-en-ixtlahuaca\\\/#article\",\"isPartOf\":{\"@id\":\"https:\\\/\\\/expressometro.mx\\\/index.php\\\/2024\\\/12\\\/10\\\/entrega-abuzeid-lozano-nuevas-instalaciones-del-registro-civil-en-ixtlahuaca\\\/\"},\"author\":{\"name\":\"Expresso Metropolitano\",\"@id\":\"https:\\\/\\\/expressometro.mx\\\/#\\\/schema\\\/person\\\/efa971b4a0664db8ed5c22b1b0dd2f5d\"},\"headline\":\"ENTREGA ABUZEID LOZANO NUEVAS INSTALACIONES DEL REGISTRO CIVIL EN IXTLAHUACA\",\"datePublished\":\"2024-12-10T16:27:50+00:00\",\"dateModified\":\"2024-12-13T16:31:23+00:00\",\"mainEntityOfPage\":{\"@id\":\"https:\\\/\\\/expressometro.mx\\\/index.php\\\/2024\\\/12\\\/10\\\/entrega-abuzeid-lozano-nuevas-instalaciones-del-registro-civil-en-ixtlahuaca\\\/\"},\"wordCount\":236,\"commentCount\":0,\"publisher\":{\"@id\":\"https:\\\/\\\/expressometro.mx\\\/#organization\"},\"image\":{\"@id\":\"https:\\\/\\\/expressometro.mx\\\/index.php\\\/2024\\\/12\\\/10\\\/entrega-abuzeid-lozano-nuevas-instalaciones-del-registro-civil-en-ixtlahuaca\\\/#primaryimage\"},\"thumbnailUrl\":\"https:\\\/\\\/expressometro.mx\\\/wp-content\\\/uploads\\\/2024\\\/12\\\/WhatsApp-Image-2024-12-10-at-4.37.32-PM.jpeg\",\"keywords\":[\"Abuzeid Lozano\",\"Edomex\",\"GEM\",\"Ixtlahuaca\",\"PRI\"],\"articleSection\":[\"Gobierno\",\"Otros\",\"Pol\u00edtica\"],\"inLanguage\":\"es\",\"potentialAction\":[{\"@type\":\"CommentAction\",\"name\":\"Comment\",\"target\":[\"https:\\\/\\\/expressometro.mx\\\/index.php\\\/2024\\\/12\\\/10\\\/entrega-abuzeid-lozano-nuevas-instalaciones-del-registro-civil-en-ixtlahuaca\\\/#respond\"]}]},{\"@type\":\"WebPage\",\"@id\":\"https:\\\/\\\/expressometro.mx\\\/index.php\\\/2024\\\/12\\\/10\\\/entrega-abuzeid-lozano-nuevas-instalaciones-del-registro-civil-en-ixtlahuaca\\\/\",\"url\":\"https:\\\/\\\/expressometro.mx\\\/index.php\\\/2024\\\/12\\\/10\\\/entrega-abuzeid-lozano-nuevas-instalaciones-del-registro-civil-en-ixtlahuaca\\\/\",\"name\":\"ENTREGA ABUZEID LOZANO NUEVAS INSTALACIONES DEL REGISTRO CIVIL EN IXTLAHUACA - Expresso Metropolitano\",\"isPartOf\":{\"@id\":\"https:\\\/\\\/expressometro.mx\\\/#website\"},\"primaryImageOfPage\":{\"@id\":\"https:\\\/\\\/expressometro.mx\\\/index.php\\\/2024\\\/12\\\/10\\\/entrega-abuzeid-lozano-nuevas-instalaciones-del-registro-civil-en-ixtlahuaca\\\/#primaryimage\"},\"image\":{\"@id\":\"https:\\\/\\\/expressometro.mx\\\/index.php\\\/2024\\\/12\\\/10\\\/entrega-abuzeid-lozano-nuevas-instalaciones-del-registro-civil-en-ixtlahuaca\\\/#primaryimage\"},\"thumbnailUrl\":\"https:\\\/\\\/expressometro.mx\\\/wp-content\\\/uploads\\\/2024\\\/12\\\/WhatsApp-Image-2024-12-10-at-4.37.32-PM.jpeg\",\"datePublished\":\"2024-12-10T16:27:50+00:00\",\"dateModified\":\"2024-12-13T16:31:23+00:00\",\"breadcrumb\":{\"@id\":\"https:\\\/\\\/expressometro.mx\\\/index.php\\\/2024\\\/12\\\/10\\\/entrega-abuzeid-lozano-nuevas-instalaciones-del-registro-civil-en-ixtlahuaca\\\/#breadcrumb\"},\"inLanguage\":\"es\",\"potentialAction\":[{\"@type\":\"ReadAction\",\"target\":[\"https:\\\/\\\/expressometro.mx\\\/index.php\\\/2024\\\/12\\\/10\\\/entrega-abuzeid-lozano-nuevas-instalaciones-del-registro-civil-en-ixtlahuaca\\\/\"]}]},{\"@type\":\"ImageObject\",\"inLanguage\":\"es\",\"@id\":\"https:\\\/\\\/expressometro.mx\\\/index.php\\\/2024\\\/12\\\/10\\\/entrega-abuzeid-lozano-nuevas-instalaciones-del-registro-civil-en-ixtlahuaca\\\/#primaryimage\",\"url\":\"https:\\\/\\\/expressometro.mx\\\/wp-content\\\/uploads\\\/2024\\\/12\\\/WhatsApp-Image-2024-12-10-at-4.37.32-PM.jpeg\",\"contentUrl\":\"https:\\\/\\\/expressometro.mx\\\/wp-content\\\/uploads\\\/2024\\\/12\\\/WhatsApp-Image-2024-12-10-at-4.37.32-PM.jpeg\",\"width\":1600,\"height\":1066},{\"@type\":\"BreadcrumbList\",\"@id\":\"https:\\\/\\\/expressometro.mx\\\/index.php\\\/2024\\\/12\\\/10\\\/entrega-abuzeid-lozano-nuevas-instalaciones-del-registro-civil-en-ixtlahuaca\\\/#breadcrumb\",\"itemListElement\":[{\"@type\":\"ListItem\",\"position\":1,\"name\":\"Inicio\",\"item\":\"https:\\\/\\\/expressometro.mx\\\/\"},{\"@type\":\"ListItem\",\"position\":2,\"name\":\"ENTREGA ABUZEID LOZANO NUEVAS INSTALACIONES DEL REGISTRO CIVIL EN IXTLAHUACA\"}]},{\"@type\":\"WebSite\",\"@id\":\"https:\\\/\\\/expressometro.mx\\\/#website\",\"url\":\"https:\\\/\\\/expressometro.mx\\\/\",\"name\":\"Expresso Metropolitano\",\"description\":\"Periodismo comprometido, informaci\u00f3n, investigaci\u00f3n y an\u00e1lisis\",\"publisher\":{\"@id\":\"https:\\\/\\\/expressometro.mx\\\/#organization\"},\"potentialAction\":[{\"@type\":\"SearchAction\",\"target\":{\"@type\":\"EntryPoint\",\"urlTemplate\":\"https:\\\/\\\/expressometro.mx\\\/?s={search_term_string}\"},\"query-input\":{\"@type\":\"PropertyValueSpecification\",\"valueRequired\":true,\"valueName\":\"search_term_string\"}}],\"inLanguage\":\"es\"},{\"@type\":\"Organization\",\"@id\":\"https:\\\/\\\/expressometro.mx\\\/#organization\",\"name\":\"Expresso Metropolitano\",\"url\":\"https:\\\/\\\/expressometro.mx\\\/\",\"logo\":{\"@type\":\"ImageObject\",\"inLanguage\":\"es\",\"@id\":\"https:\\\/\\\/expressometro.mx\\\/#\\\/schema\\\/logo\\\/image\\\/\",\"url\":\"https:\\\/\\\/expressometro.mx\\\/wp-content\\\/uploads\\\/2019\\\/07\\\/cropped-Logo-Expresso-Metropolitano-1-1.jpeg\",\"contentUrl\":\"https:\\\/\\\/expressometro.mx\\\/wp-content\\\/uploads\\\/2019\\\/07\\\/cropped-Logo-Expresso-Metropolitano-1-1.jpeg\",\"width\":290,\"height\":73,\"caption\":\"Expresso Metropolitano\"},\"image\":{\"@id\":\"https:\\\/\\\/expressometro.mx\\\/#\\\/schema\\\/logo\\\/image\\\/\"}},{\"@type\":\"Person\",\"@id\":\"https:\\\/\\\/expressometro.mx\\\/#\\\/schema\\\/person\\\/efa971b4a0664db8ed5c22b1b0dd2f5d\",\"name\":\"Expresso Metropolitano\",\"image\":{\"@type\":\"ImageObject\",\"inLanguage\":\"es\",\"@id\":\"https:\\\/\\\/secure.gravatar.com\\\/avatar\\\/a89f802b8de18c6952f223c88d3d106e9e3679839f4e25a02f4a6cc2ae6ba3b3?s=96&d=mm&r=g\",\"url\":\"https:\\\/\\\/secure.gravatar.com\\\/avatar\\\/a89f802b8de18c6952f223c88d3d106e9e3679839f4e25a02f4a6cc2ae6ba3b3?s=96&d=mm&r=g\",\"contentUrl\":\"https:\\\/\\\/secure.gravatar.com\\\/avatar\\\/a89f802b8de18c6952f223c88d3d106e9e3679839f4e25a02f4a6cc2ae6ba3b3?s=96&d=mm&r=g\",\"caption\":\"Expresso Metropolitano\"},\"url\":\"https:\\\/\\\/expressometro.mx\\\/index.php\\\/author\\\/diego\\\/\"}]}<\/script>\n<!-- \/ Yoast SEO plugin. -->","yoast_head_json":{"title":"ENTREGA ABUZEID LOZANO NUEVAS INSTALACIONES DEL REGISTRO CIVIL EN IXTLAHUACA - Expresso Metropolitano","robots":{"index":"index","follow":"follow","max-snippet":"max-snippet:-1","max-image-preview":"max-image-preview:large","max-video-preview":"max-video-preview:-1"},"canonical":"https:\/\/expressometro.mx\/index.php\/2024\/12\/10\/entrega-abuzeid-lozano-nuevas-instalaciones-del-registro-civil-en-ixtlahuaca\/","og_locale":"es_MX","og_type":"article","og_title":"ENTREGA ABUZEID LOZANO NUEVAS INSTALACIONES DEL REGISTRO CIVIL EN IXTLAHUACA - Expresso Metropolitano","og_description":"El presidente municipal de Ixtlahuaca, Abuzeid Lozano, inaugur\u00f3 las nuevas instalaciones de la oficial\u00eda n\u00famero 1 y la oficina regional n\u00famero IX del Registro Civil.","og_url":"https:\/\/expressometro.mx\/index.php\/2024\/12\/10\/entrega-abuzeid-lozano-nuevas-instalaciones-del-registro-civil-en-ixtlahuaca\/","og_site_name":"Expresso Metropolitano","article_published_time":"2024-12-10T16:27:50+00:00","article_modified_time":"2024-12-13T16:31:23+00:00","og_image":[{"width":1600,"height":1066,"url":"http:\/\/expressometro.mx\/wp-content\/uploads\/2024\/12\/WhatsApp-Image-2024-12-10-at-4.37.32-PM.jpeg","type":"image\/jpeg"}],"author":"Expresso Metropolitano","twitter_misc":{"Escrito por":"Expresso Metropolitano","Tiempo de lectura":"2 minutos"},"schema":{"@context":"https:\/\/schema.org","@graph":[{"@type":"Article","@id":"https:\/\/expressometro.mx\/index.php\/2024\/12\/10\/entrega-abuzeid-lozano-nuevas-instalaciones-del-registro-civil-en-ixtlahuaca\/#article","isPartOf":{"@id":"https:\/\/expressometro.mx\/index.php\/2024\/12\/10\/entrega-abuzeid-lozano-nuevas-instalaciones-del-registro-civil-en-ixtlahuaca\/"},"author":{"name":"Expresso Metropolitano","@id":"https:\/\/expressometro.mx\/#\/schema\/person\/efa971b4a0664db8ed5c22b1b0dd2f5d"},"headline":"ENTREGA ABUZEID LOZANO NUEVAS INSTALACIONES DEL REGISTRO CIVIL EN IXTLAHUACA","datePublished":"2024-12-10T16:27:50+00:00","dateModified":"2024-12-13T16:31:23+00:00","mainEntityOfPage":{"@id":"https:\/\/expressometro.mx\/index.php\/2024\/12\/10\/entrega-abuzeid-lozano-nuevas-instalaciones-del-registro-civil-en-ixtlahuaca\/"},"wordCount":236,"commentCount":0,"publisher":{"@id":"https:\/\/expressometro.mx\/#organization"},"image":{"@id":"https:\/\/expressometro.mx\/index.php\/2024\/12\/10\/entrega-abuzeid-lozano-nuevas-instalaciones-del-registro-civil-en-ixtlahuaca\/#primaryimage"},"thumbnailUrl":"https:\/\/expressometro.mx\/wp-content\/uploads\/2024\/12\/WhatsApp-Image-2024-12-10-at-4.37.32-PM.jpeg","keywords":["Abuzeid Lozano","Edomex","GEM","Ixtlahuaca","PRI"],"articleSection":["Gobierno","Otros","Pol\u00edtica"],"inLanguage":"es","potentialAction":[{"@type":"CommentAction","name":"Comment","target":["https:\/\/expressometro.mx\/index.php\/2024\/12\/10\/entrega-abuzeid-lozano-nuevas-instalaciones-del-registro-civil-en-ixtlahuaca\/#respond"]}]},{"@type":"WebPage","@id":"https:\/\/expressometro.mx\/index.php\/2024\/12\/10\/entrega-abuzeid-lozano-nuevas-instalaciones-del-registro-civil-en-ixtlahuaca\/","url":"https:\/\/expressometro.mx\/index.php\/2024\/12\/10\/entrega-abuzeid-lozano-nuevas-instalaciones-del-registro-civil-en-ixtlahuaca\/","name":"ENTREGA ABUZEID LOZANO NUEVAS INSTALACIONES DEL REGISTRO CIVIL EN IXTLAHUACA - Expresso Metropolitano","isPartOf":{"@id":"https:\/\/expressometro.mx\/#website"},"primaryImageOfPage":{"@id":"https:\/\/expressometro.mx\/index.php\/2024\/12\/10\/entrega-abuzeid-lozano-nuevas-instalaciones-del-registro-civil-en-ixtlahuaca\/#primaryimage"},"image":{"@id":"https:\/\/expressometro.mx\/index.php\/2024\/12\/10\/entrega-abuzeid-lozano-nuevas-instalaciones-del-registro-civil-en-ixtlahuaca\/#primaryimage"},"thumbnailUrl":"https:\/\/expressometro.mx\/wp-content\/uploads\/2024\/12\/WhatsApp-Image-2024-12-10-at-4.37.32-PM.jpeg","datePublished":"2024-12-10T16:27:50+00:00","dateModified":"2024-12-13T16:31:23+00:00","breadcrumb":{"@id":"https:\/\/expressometro.mx\/index.php\/2024\/12\/10\/entrega-abuzeid-lozano-nuevas-instalaciones-del-registro-civil-en-ixtlahuaca\/#breadcrumb"},"inLanguage":"es","potentialAction":[{"@type":"ReadAction","target":["https:\/\/expressometro.mx\/index.php\/2024\/12\/10\/entrega-abuzeid-lozano-nuevas-instalaciones-del-registro-civil-en-ixtlahuaca\/"]}]},{"@type":"ImageObject","inLanguage":"es","@id":"https:\/\/expressometro.mx\/index.php\/2024\/12\/10\/entrega-abuzeid-lozano-nuevas-instalaciones-del-registro-civil-en-ixtlahuaca\/#primaryimage","url":"https:\/\/expressometro.mx\/wp-content\/uploads\/2024\/12\/WhatsApp-Image-2024-12-10-at-4.37.32-PM.jpeg","contentUrl":"https:\/\/expressometro.mx\/wp-content\/uploads\/2024\/12\/WhatsApp-Image-2024-12-10-at-4.37.32-PM.jpeg","width":1600,"height":1066},{"@type":"BreadcrumbList","@id":"https:\/\/expressometro.mx\/index.php\/2024\/12\/10\/entrega-abuzeid-lozano-nuevas-instalaciones-del-registro-civil-en-ixtlahuaca\/#breadcrumb","itemListElement":[{"@type":"ListItem","position":1,"name":"Inicio","item":"https:\/\/expressometro.mx\/"},{"@type":"ListItem","position":2,"name":"ENTREGA ABUZEID LOZANO NUEVAS INSTALACIONES DEL REGISTRO CIVIL EN IXTLAHUACA"}]},{"@type":"WebSite","@id":"https:\/\/expressometro.mx\/#website","url":"https:\/\/expressometro.mx\/","name":"Expresso Metropolitano","description":"Periodismo comprometido, informaci\u00f3n, investigaci\u00f3n y an\u00e1lisis","publisher":{"@id":"https:\/\/expressometro.mx\/#organization"},"potentialAction":[{"@type":"SearchAction","target":{"@type":"EntryPoint","urlTemplate":"https:\/\/expressometro.mx\/?s={search_term_string}"},"query-input":{"@type":"PropertyValueSpecification","valueRequired":true,"valueName":"search_term_string"}}],"inLanguage":"es"},{"@type":"Organization","@id":"https:\/\/expressometro.mx\/#organization","name":"Expresso Metropolitano","url":"https:\/\/expressometro.mx\/","logo":{"@type":"ImageObject","inLanguage":"es","@id":"https:\/\/expressometro.mx\/#\/schema\/logo\/image\/","url":"https:\/\/expressometro.mx\/wp-content\/uploads\/2019\/07\/cropped-Logo-Expresso-Metropolitano-1-1.jpeg","contentUrl":"https:\/\/expressometro.mx\/wp-content\/uploads\/2019\/07\/cropped-Logo-Expresso-Metropolitano-1-1.jpeg","width":290,"height":73,"caption":"Expresso Metropolitano"},"image":{"@id":"https:\/\/expressometro.mx\/#\/schema\/logo\/image\/"}},{"@type":"Person","@id":"https:\/\/expressometro.mx\/#\/schema\/person\/efa971b4a0664db8ed5c22b1b0dd2f5d","name":"Expresso Metropolitano","image":{"@type":"ImageObject","inLanguage":"es","@id":"https:\/\/secure.gravatar.com\/avatar\/a89f802b8de18c6952f223c88d3d106e9e3679839f4e25a02f4a6cc2ae6ba3b3?s=96&d=mm&r=g","url":"https:\/\/secure.gravatar.com\/avatar\/a89f802b8de18c6952f223c88d3d106e9e3679839f4e25a02f4a6cc2ae6ba3b3?s=96&d=mm&r=g","contentUrl":"https:\/\/secure.gravatar.com\/avatar\/a89f802b8de18c6952f223c88d3d106e9e3679839f4e25a02f4a6cc2ae6ba3b3?s=96&d=mm&r=g","caption":"Expresso Metropolitano"},"url":"https:\/\/expressometro.mx\/index.php\/author\/diego\/"}]}},"amp_enabled":true,"_links":{"self":[{"href":"https:\/\/expressometro.mx\/index.php\/wp-json\/wp\/v2\/posts\/10616","targetHints":{"allow":["GET"]}}],"collection":[{"href":"https:\/\/expressometro.mx\/index.php\/wp-json\/wp\/v2\/posts"}],"about":[{"href":"https:\/\/expressometro.mx\/index.php\/wp-json\/wp\/v2\/types\/post"}],"author":[{"embeddable":true,"href":"https:\/\/expressometro.mx\/index.php\/wp-json\/wp\/v2\/users\/1"}],"replies":[{"embeddable":true,"href":"https:\/\/expressometro.mx\/index.php\/wp-json\/wp\/v2\/comments?post=10616"}],"version-history":[{"count":1,"href":"https:\/\/expressometro.mx\/index.php\/wp-json\/wp\/v2\/posts\/10616\/revisions"}],"predecessor-version":[{"id":10619,"href":"https:\/\/expressometro.mx\/index.php\/wp-json\/wp\/v2\/posts\/10616\/revisions\/10619"}],"wp:featuredmedia":[{"embeddable":true,"href":"https:\/\/expressometro.mx\/index.php\/wp-json\/wp\/v2\/media\/10618"}],"wp:attachment":[{"href":"https:\/\/expressometro.mx\/index.php\/wp-json\/wp\/v2\/media?parent=10616"}],"wp:term":[{"taxonomy":"category","embeddable":true,"href":"https:\/\/expressometro.mx\/index.php\/wp-json\/wp\/v2\/categories?post=10616"},{"taxonomy":"post_tag","embeddable":true,"href":"https:\/\/expressometro.mx\/index.php\/wp-json\/wp\/v2\/tags?post=10616"}],"curies":[{"name":"wp","href":"https:\/\/api.w.org\/{rel}","templated":true}]}}