{"id":10602,"date":"2024-12-08T09:14:58","date_gmt":"2024-12-08T15:14:58","guid":{"rendered":"https:\/\/expressometro.mx\/?p=10602"},"modified":"2024-12-09T09:17:09","modified_gmt":"2024-12-09T15:17:09","slug":"gobiernos-deben-pagar-danos-por-baches","status":"publish","type":"post","link":"https:\/\/expressometro.mx\/index.php\/2024\/12\/08\/gobiernos-deben-pagar-danos-por-baches\/","title":{"rendered":"GOBIERNOS DEBEN PAGAR DA\u00d1OS POR BACHES"},"content":{"rendered":"\n<p>En beneficio de la poblaci\u00f3n afectada por los baches, la bancada del PRI en la LXII Legislatura mexiquense propuso establecer que los gobiernos estatal y municipales tengan la obligaci\u00f3n de indemnizar a la ciudadan\u00eda por da\u00f1os materiales y personales, causados por el mal estado de las carreteras, caminos y vialidades en el Estado de M\u00e9xico, conforme a la jurisdicci\u00f3n de cada vialidad.<\/p>\n\n\n\n<p>De acuerdo con la iniciativa, presentada ante el Pleno por el diputado Alejandro Castro Hern\u00e1ndez, se detalla el derecho a la indemnizaci\u00f3n por la negligencia en el mantenimiento de la infraestructura vial; el proceso de reclamaci\u00f3n gratuita mediante plataformas electr\u00f3nicas; la creaci\u00f3n de un fondo estatal para resarcir los da\u00f1os; y la rendici\u00f3n de cuentas de los entes de gobierno sobre las reclamaciones e indemnizaciones otorgadas.<\/p>\n\n\n\n<p>En este sentido, el legislador mencion\u00f3 que el costo de reparaci\u00f3n de un auto particular por caer en un bache oscila entre dos mil y 20 mil pesos; mientras que en las unidades de transporte p\u00fablico llegan hasta los 40 mil pesos.<\/p>\n\n\n\n<p>Comparti\u00f3 que, para dimensionar la problem\u00e1tica, en agosto de este a\u00f1o el ayuntamiento de Toluca contabiliz\u00f3 alrededor de ocho mil baches, los cuales son imposibles de atender \u00fanicamente con recursos municipales.<\/p>\n\n\n\n<p>Por lo anterior, su iniciativa propone que, a pesar de los efectos climatol\u00f3gicos y del deterioro natural de las vialidades o de cualquier tipo de contingencia, se atienda la problem\u00e1tica de forma integral y \u00e1gil, para evitar da\u00f1os en el patrimonio de la ciudadan\u00eda.<\/p>\n\n\n\n<p>La iniciativa refiere que los da\u00f1os indemnizables ser\u00e1n aquellos que puedan probarse, como consecuencia directa del mal estado de las carreteras, caminos y vialidades, incluyendo las afectaciones materiales a veh\u00edculos; as\u00ed como f\u00edsicas o morales de las personas, quienes podr\u00e1n reclamar su compensaci\u00f3n, ante la autoridad competente estatal o municipal, en un plazo de 30 d\u00edas h\u00e1biles posteriores al incidente.<\/p>\n\n\n\n<p>La indemnizaci\u00f3n podr\u00e1 otorgarse en dinero o en especie, y cubrir\u00e1, tanto el da\u00f1o directo, como las p\u00e9rdidas derivadas del mismo.&nbsp;<\/p>\n\n\n\n<p>El pago deber\u00e1 realizarse en un plazo no mayor a 90 d\u00edas desde que se dicte la resoluci\u00f3n favorable, la cual estar\u00e1 a cargo de la Secretar\u00eda de Movilidad, para v\u00edas estatales; y la dependencia que cada ayuntamiento determine, para las v\u00edas municipales.&nbsp;<\/p>\n\n\n\n<p>La reforma a la Ley de Responsabilidad Patrimonial para el Estado de M\u00e9xico y Municipios indica que la ciudadan\u00eda contar\u00e1 con respaldo legal, sin incurrir en costos adicionales, en caso de conflictos o desacuerdos con la evaluaci\u00f3n o respuesta de las autoridades y, de mantener su inconformidad, podr\u00e1 recurrir al Tribunal de Justicia Administrativa del Estado de M\u00e9xico.<\/p>\n","protected":false},"excerpt":{"rendered":"<p>En beneficio de la poblaci\u00f3n afectada por los baches, la bancada del PRI en la LXII Legislatura mexiquense propuso establecer que los gobiernos estatal y municipales tengan la obligaci\u00f3n de indemnizar a la ciudadan\u00eda por da\u00f1os materiales y personales, causados por el mal estado de las carreteras, caminos y vialidades en el Estado de M\u00e9xico, conforme a la jurisdicci\u00f3n de cada vialidad.<\/p>\n","protected":false},"author":1,"featured_media":10604,"comment_status":"open","ping_status":"open","sticky":false,"template":"","format":"standard","meta":{"footnotes":""},"categories":[3,1,231],"tags":[2373,1982,158],"class_list":["post-10602","post","type-post","status-publish","format-standard","has-post-thumbnail","hentry","category-gobierno","category-otros","category-politica","tag-alejandro-castro-hernandez","tag-edomex","tag-pri"],"yoast_head":"<!-- This site is optimized with the Yoast SEO plugin v27.4 - https:\/\/yoast.com\/product\/yoast-seo-wordpress\/ -->\n<title>GOBIERNOS DEBEN PAGAR DA\u00d1OS POR BACHES - Expresso Metropolitano<\/title>\n<meta name=\"robots\" content=\"index, follow, max-snippet:-1, max-image-preview:large, max-video-preview:-1\" \/>\n<link rel=\"canonical\" href=\"https:\/\/expressometro.mx\/index.php\/2024\/12\/08\/gobiernos-deben-pagar-danos-por-baches\/\" \/>\n<meta property=\"og:locale\" content=\"es_MX\" \/>\n<meta property=\"og:type\" content=\"article\" \/>\n<meta property=\"og:title\" content=\"GOBIERNOS DEBEN PAGAR DA\u00d1OS POR BACHES - Expresso Metropolitano\" \/>\n<meta property=\"og:description\" content=\"En beneficio de la poblaci\u00f3n afectada por los baches, la bancada del PRI en la LXII Legislatura mexiquense propuso establecer que los gobiernos estatal y municipales tengan la obligaci\u00f3n de indemnizar a la ciudadan\u00eda por da\u00f1os materiales y personales, causados por el mal estado de las carreteras, caminos y vialidades en el Estado de M\u00e9xico, conforme a la jurisdicci\u00f3n de cada vialidad.\" \/>\n<meta property=\"og:url\" content=\"https:\/\/expressometro.mx\/index.php\/2024\/12\/08\/gobiernos-deben-pagar-danos-por-baches\/\" \/>\n<meta property=\"og:site_name\" content=\"Expresso Metropolitano\" \/>\n<meta property=\"article:published_time\" content=\"2024-12-08T15:14:58+00:00\" \/>\n<meta property=\"article:modified_time\" content=\"2024-12-09T15:17:09+00:00\" \/>\n<meta property=\"og:image\" content=\"http:\/\/expressometro.mx\/wp-content\/uploads\/2024\/12\/WhatsApp-Image-2024-12-08-at-3.03.29-PM.jpeg\" \/>\n\t<meta property=\"og:image:width\" content=\"640\" \/>\n\t<meta property=\"og:image:height\" content=\"426\" \/>\n\t<meta property=\"og:image:type\" content=\"image\/jpeg\" \/>\n<meta name=\"author\" content=\"Expresso Metropolitano\" \/>\n<meta name=\"twitter:label1\" content=\"Escrito por\" \/>\n\t<meta name=\"twitter:data1\" content=\"Expresso Metropolitano\" \/>\n\t<meta name=\"twitter:label2\" content=\"Tiempo de lectura\" \/>\n\t<meta name=\"twitter:data2\" content=\"3 minutos\" \/>\n<script type=\"application\/ld+json\" class=\"yoast-schema-graph\">{\"@context\":\"https:\\\/\\\/schema.org\",\"@graph\":[{\"@type\":\"Article\",\"@id\":\"https:\\\/\\\/expressometro.mx\\\/index.php\\\/2024\\\/12\\\/08\\\/gobiernos-deben-pagar-danos-por-baches\\\/#article\",\"isPartOf\":{\"@id\":\"https:\\\/\\\/expressometro.mx\\\/index.php\\\/2024\\\/12\\\/08\\\/gobiernos-deben-pagar-danos-por-baches\\\/\"},\"author\":{\"name\":\"Expresso Metropolitano\",\"@id\":\"https:\\\/\\\/expressometro.mx\\\/#\\\/schema\\\/person\\\/efa971b4a0664db8ed5c22b1b0dd2f5d\"},\"headline\":\"GOBIERNOS DEBEN PAGAR DA\u00d1OS POR BACHES\",\"datePublished\":\"2024-12-08T15:14:58+00:00\",\"dateModified\":\"2024-12-09T15:17:09+00:00\",\"mainEntityOfPage\":{\"@id\":\"https:\\\/\\\/expressometro.mx\\\/index.php\\\/2024\\\/12\\\/08\\\/gobiernos-deben-pagar-danos-por-baches\\\/\"},\"wordCount\":473,\"commentCount\":0,\"publisher\":{\"@id\":\"https:\\\/\\\/expressometro.mx\\\/#organization\"},\"image\":{\"@id\":\"https:\\\/\\\/expressometro.mx\\\/index.php\\\/2024\\\/12\\\/08\\\/gobiernos-deben-pagar-danos-por-baches\\\/#primaryimage\"},\"thumbnailUrl\":\"https:\\\/\\\/expressometro.mx\\\/wp-content\\\/uploads\\\/2024\\\/12\\\/WhatsApp-Image-2024-12-08-at-3.03.29-PM.jpeg\",\"keywords\":[\"Alejandro Castro Hern\u00e1ndez\",\"Edomex\",\"PRI\"],\"articleSection\":[\"Gobierno\",\"Otros\",\"Pol\u00edtica\"],\"inLanguage\":\"es\",\"potentialAction\":[{\"@type\":\"CommentAction\",\"name\":\"Comment\",\"target\":[\"https:\\\/\\\/expressometro.mx\\\/index.php\\\/2024\\\/12\\\/08\\\/gobiernos-deben-pagar-danos-por-baches\\\/#respond\"]}]},{\"@type\":\"WebPage\",\"@id\":\"https:\\\/\\\/expressometro.mx\\\/index.php\\\/2024\\\/12\\\/08\\\/gobiernos-deben-pagar-danos-por-baches\\\/\",\"url\":\"https:\\\/\\\/expressometro.mx\\\/index.php\\\/2024\\\/12\\\/08\\\/gobiernos-deben-pagar-danos-por-baches\\\/\",\"name\":\"GOBIERNOS DEBEN PAGAR DA\u00d1OS POR BACHES - Expresso Metropolitano\",\"isPartOf\":{\"@id\":\"https:\\\/\\\/expressometro.mx\\\/#website\"},\"primaryImageOfPage\":{\"@id\":\"https:\\\/\\\/expressometro.mx\\\/index.php\\\/2024\\\/12\\\/08\\\/gobiernos-deben-pagar-danos-por-baches\\\/#primaryimage\"},\"image\":{\"@id\":\"https:\\\/\\\/expressometro.mx\\\/index.php\\\/2024\\\/12\\\/08\\\/gobiernos-deben-pagar-danos-por-baches\\\/#primaryimage\"},\"thumbnailUrl\":\"https:\\\/\\\/expressometro.mx\\\/wp-content\\\/uploads\\\/2024\\\/12\\\/WhatsApp-Image-2024-12-08-at-3.03.29-PM.jpeg\",\"datePublished\":\"2024-12-08T15:14:58+00:00\",\"dateModified\":\"2024-12-09T15:17:09+00:00\",\"breadcrumb\":{\"@id\":\"https:\\\/\\\/expressometro.mx\\\/index.php\\\/2024\\\/12\\\/08\\\/gobiernos-deben-pagar-danos-por-baches\\\/#breadcrumb\"},\"inLanguage\":\"es\",\"potentialAction\":[{\"@type\":\"ReadAction\",\"target\":[\"https:\\\/\\\/expressometro.mx\\\/index.php\\\/2024\\\/12\\\/08\\\/gobiernos-deben-pagar-danos-por-baches\\\/\"]}]},{\"@type\":\"ImageObject\",\"inLanguage\":\"es\",\"@id\":\"https:\\\/\\\/expressometro.mx\\\/index.php\\\/2024\\\/12\\\/08\\\/gobiernos-deben-pagar-danos-por-baches\\\/#primaryimage\",\"url\":\"https:\\\/\\\/expressometro.mx\\\/wp-content\\\/uploads\\\/2024\\\/12\\\/WhatsApp-Image-2024-12-08-at-3.03.29-PM.jpeg\",\"contentUrl\":\"https:\\\/\\\/expressometro.mx\\\/wp-content\\\/uploads\\\/2024\\\/12\\\/WhatsApp-Image-2024-12-08-at-3.03.29-PM.jpeg\",\"width\":640,\"height\":426},{\"@type\":\"BreadcrumbList\",\"@id\":\"https:\\\/\\\/expressometro.mx\\\/index.php\\\/2024\\\/12\\\/08\\\/gobiernos-deben-pagar-danos-por-baches\\\/#breadcrumb\",\"itemListElement\":[{\"@type\":\"ListItem\",\"position\":1,\"name\":\"Inicio\",\"item\":\"https:\\\/\\\/expressometro.mx\\\/\"},{\"@type\":\"ListItem\",\"position\":2,\"name\":\"GOBIERNOS DEBEN PAGAR DA\u00d1OS POR BACHES\"}]},{\"@type\":\"WebSite\",\"@id\":\"https:\\\/\\\/expressometro.mx\\\/#website\",\"url\":\"https:\\\/\\\/expressometro.mx\\\/\",\"name\":\"Expresso Metropolitano\",\"description\":\"Periodismo comprometido, informaci\u00f3n, investigaci\u00f3n y an\u00e1lisis\",\"publisher\":{\"@id\":\"https:\\\/\\\/expressometro.mx\\\/#organization\"},\"potentialAction\":[{\"@type\":\"SearchAction\",\"target\":{\"@type\":\"EntryPoint\",\"urlTemplate\":\"https:\\\/\\\/expressometro.mx\\\/?s={search_term_string}\"},\"query-input\":{\"@type\":\"PropertyValueSpecification\",\"valueRequired\":true,\"valueName\":\"search_term_string\"}}],\"inLanguage\":\"es\"},{\"@type\":\"Organization\",\"@id\":\"https:\\\/\\\/expressometro.mx\\\/#organization\",\"name\":\"Expresso Metropolitano\",\"url\":\"https:\\\/\\\/expressometro.mx\\\/\",\"logo\":{\"@type\":\"ImageObject\",\"inLanguage\":\"es\",\"@id\":\"https:\\\/\\\/expressometro.mx\\\/#\\\/schema\\\/logo\\\/image\\\/\",\"url\":\"https:\\\/\\\/expressometro.mx\\\/wp-content\\\/uploads\\\/2019\\\/07\\\/cropped-Logo-Expresso-Metropolitano-1-1.jpeg\",\"contentUrl\":\"https:\\\/\\\/expressometro.mx\\\/wp-content\\\/uploads\\\/2019\\\/07\\\/cropped-Logo-Expresso-Metropolitano-1-1.jpeg\",\"width\":290,\"height\":73,\"caption\":\"Expresso Metropolitano\"},\"image\":{\"@id\":\"https:\\\/\\\/expressometro.mx\\\/#\\\/schema\\\/logo\\\/image\\\/\"}},{\"@type\":\"Person\",\"@id\":\"https:\\\/\\\/expressometro.mx\\\/#\\\/schema\\\/person\\\/efa971b4a0664db8ed5c22b1b0dd2f5d\",\"name\":\"Expresso Metropolitano\",\"image\":{\"@type\":\"ImageObject\",\"inLanguage\":\"es\",\"@id\":\"https:\\\/\\\/secure.gravatar.com\\\/avatar\\\/a89f802b8de18c6952f223c88d3d106e9e3679839f4e25a02f4a6cc2ae6ba3b3?s=96&d=mm&r=g\",\"url\":\"https:\\\/\\\/secure.gravatar.com\\\/avatar\\\/a89f802b8de18c6952f223c88d3d106e9e3679839f4e25a02f4a6cc2ae6ba3b3?s=96&d=mm&r=g\",\"contentUrl\":\"https:\\\/\\\/secure.gravatar.com\\\/avatar\\\/a89f802b8de18c6952f223c88d3d106e9e3679839f4e25a02f4a6cc2ae6ba3b3?s=96&d=mm&r=g\",\"caption\":\"Expresso Metropolitano\"},\"url\":\"https:\\\/\\\/expressometro.mx\\\/index.php\\\/author\\\/diego\\\/\"}]}<\/script>\n<!-- \/ Yoast SEO plugin. -->","yoast_head_json":{"title":"GOBIERNOS DEBEN PAGAR DA\u00d1OS POR BACHES - Expresso Metropolitano","robots":{"index":"index","follow":"follow","max-snippet":"max-snippet:-1","max-image-preview":"max-image-preview:large","max-video-preview":"max-video-preview:-1"},"canonical":"https:\/\/expressometro.mx\/index.php\/2024\/12\/08\/gobiernos-deben-pagar-danos-por-baches\/","og_locale":"es_MX","og_type":"article","og_title":"GOBIERNOS DEBEN PAGAR DA\u00d1OS POR BACHES - Expresso Metropolitano","og_description":"En beneficio de la poblaci\u00f3n afectada por los baches, la bancada del PRI en la LXII Legislatura mexiquense propuso establecer que los gobiernos estatal y municipales tengan la obligaci\u00f3n de indemnizar a la ciudadan\u00eda por da\u00f1os materiales y personales, causados por el mal estado de las carreteras, caminos y vialidades en el Estado de M\u00e9xico, conforme a la jurisdicci\u00f3n de cada vialidad.","og_url":"https:\/\/expressometro.mx\/index.php\/2024\/12\/08\/gobiernos-deben-pagar-danos-por-baches\/","og_site_name":"Expresso Metropolitano","article_published_time":"2024-12-08T15:14:58+00:00","article_modified_time":"2024-12-09T15:17:09+00:00","og_image":[{"width":640,"height":426,"url":"http:\/\/expressometro.mx\/wp-content\/uploads\/2024\/12\/WhatsApp-Image-2024-12-08-at-3.03.29-PM.jpeg","type":"image\/jpeg"}],"author":"Expresso Metropolitano","twitter_misc":{"Escrito por":"Expresso Metropolitano","Tiempo de lectura":"3 minutos"},"schema":{"@context":"https:\/\/schema.org","@graph":[{"@type":"Article","@id":"https:\/\/expressometro.mx\/index.php\/2024\/12\/08\/gobiernos-deben-pagar-danos-por-baches\/#article","isPartOf":{"@id":"https:\/\/expressometro.mx\/index.php\/2024\/12\/08\/gobiernos-deben-pagar-danos-por-baches\/"},"author":{"name":"Expresso Metropolitano","@id":"https:\/\/expressometro.mx\/#\/schema\/person\/efa971b4a0664db8ed5c22b1b0dd2f5d"},"headline":"GOBIERNOS DEBEN PAGAR DA\u00d1OS POR BACHES","datePublished":"2024-12-08T15:14:58+00:00","dateModified":"2024-12-09T15:17:09+00:00","mainEntityOfPage":{"@id":"https:\/\/expressometro.mx\/index.php\/2024\/12\/08\/gobiernos-deben-pagar-danos-por-baches\/"},"wordCount":473,"commentCount":0,"publisher":{"@id":"https:\/\/expressometro.mx\/#organization"},"image":{"@id":"https:\/\/expressometro.mx\/index.php\/2024\/12\/08\/gobiernos-deben-pagar-danos-por-baches\/#primaryimage"},"thumbnailUrl":"https:\/\/expressometro.mx\/wp-content\/uploads\/2024\/12\/WhatsApp-Image-2024-12-08-at-3.03.29-PM.jpeg","keywords":["Alejandro Castro Hern\u00e1ndez","Edomex","PRI"],"articleSection":["Gobierno","Otros","Pol\u00edtica"],"inLanguage":"es","potentialAction":[{"@type":"CommentAction","name":"Comment","target":["https:\/\/expressometro.mx\/index.php\/2024\/12\/08\/gobiernos-deben-pagar-danos-por-baches\/#respond"]}]},{"@type":"WebPage","@id":"https:\/\/expressometro.mx\/index.php\/2024\/12\/08\/gobiernos-deben-pagar-danos-por-baches\/","url":"https:\/\/expressometro.mx\/index.php\/2024\/12\/08\/gobiernos-deben-pagar-danos-por-baches\/","name":"GOBIERNOS DEBEN PAGAR DA\u00d1OS POR BACHES - Expresso Metropolitano","isPartOf":{"@id":"https:\/\/expressometro.mx\/#website"},"primaryImageOfPage":{"@id":"https:\/\/expressometro.mx\/index.php\/2024\/12\/08\/gobiernos-deben-pagar-danos-por-baches\/#primaryimage"},"image":{"@id":"https:\/\/expressometro.mx\/index.php\/2024\/12\/08\/gobiernos-deben-pagar-danos-por-baches\/#primaryimage"},"thumbnailUrl":"https:\/\/expressometro.mx\/wp-content\/uploads\/2024\/12\/WhatsApp-Image-2024-12-08-at-3.03.29-PM.jpeg","datePublished":"2024-12-08T15:14:58+00:00","dateModified":"2024-12-09T15:17:09+00:00","breadcrumb":{"@id":"https:\/\/expressometro.mx\/index.php\/2024\/12\/08\/gobiernos-deben-pagar-danos-por-baches\/#breadcrumb"},"inLanguage":"es","potentialAction":[{"@type":"ReadAction","target":["https:\/\/expressometro.mx\/index.php\/2024\/12\/08\/gobiernos-deben-pagar-danos-por-baches\/"]}]},{"@type":"ImageObject","inLanguage":"es","@id":"https:\/\/expressometro.mx\/index.php\/2024\/12\/08\/gobiernos-deben-pagar-danos-por-baches\/#primaryimage","url":"https:\/\/expressometro.mx\/wp-content\/uploads\/2024\/12\/WhatsApp-Image-2024-12-08-at-3.03.29-PM.jpeg","contentUrl":"https:\/\/expressometro.mx\/wp-content\/uploads\/2024\/12\/WhatsApp-Image-2024-12-08-at-3.03.29-PM.jpeg","width":640,"height":426},{"@type":"BreadcrumbList","@id":"https:\/\/expressometro.mx\/index.php\/2024\/12\/08\/gobiernos-deben-pagar-danos-por-baches\/#breadcrumb","itemListElement":[{"@type":"ListItem","position":1,"name":"Inicio","item":"https:\/\/expressometro.mx\/"},{"@type":"ListItem","position":2,"name":"GOBIERNOS DEBEN PAGAR DA\u00d1OS POR BACHES"}]},{"@type":"WebSite","@id":"https:\/\/expressometro.mx\/#website","url":"https:\/\/expressometro.mx\/","name":"Expresso Metropolitano","description":"Periodismo comprometido, informaci\u00f3n, investigaci\u00f3n y an\u00e1lisis","publisher":{"@id":"https:\/\/expressometro.mx\/#organization"},"potentialAction":[{"@type":"SearchAction","target":{"@type":"EntryPoint","urlTemplate":"https:\/\/expressometro.mx\/?s={search_term_string}"},"query-input":{"@type":"PropertyValueSpecification","valueRequired":true,"valueName":"search_term_string"}}],"inLanguage":"es"},{"@type":"Organization","@id":"https:\/\/expressometro.mx\/#organization","name":"Expresso Metropolitano","url":"https:\/\/expressometro.mx\/","logo":{"@type":"ImageObject","inLanguage":"es","@id":"https:\/\/expressometro.mx\/#\/schema\/logo\/image\/","url":"https:\/\/expressometro.mx\/wp-content\/uploads\/2019\/07\/cropped-Logo-Expresso-Metropolitano-1-1.jpeg","contentUrl":"https:\/\/expressometro.mx\/wp-content\/uploads\/2019\/07\/cropped-Logo-Expresso-Metropolitano-1-1.jpeg","width":290,"height":73,"caption":"Expresso Metropolitano"},"image":{"@id":"https:\/\/expressometro.mx\/#\/schema\/logo\/image\/"}},{"@type":"Person","@id":"https:\/\/expressometro.mx\/#\/schema\/person\/efa971b4a0664db8ed5c22b1b0dd2f5d","name":"Expresso Metropolitano","image":{"@type":"ImageObject","inLanguage":"es","@id":"https:\/\/secure.gravatar.com\/avatar\/a89f802b8de18c6952f223c88d3d106e9e3679839f4e25a02f4a6cc2ae6ba3b3?s=96&d=mm&r=g","url":"https:\/\/secure.gravatar.com\/avatar\/a89f802b8de18c6952f223c88d3d106e9e3679839f4e25a02f4a6cc2ae6ba3b3?s=96&d=mm&r=g","contentUrl":"https:\/\/secure.gravatar.com\/avatar\/a89f802b8de18c6952f223c88d3d106e9e3679839f4e25a02f4a6cc2ae6ba3b3?s=96&d=mm&r=g","caption":"Expresso Metropolitano"},"url":"https:\/\/expressometro.mx\/index.php\/author\/diego\/"}]}},"amp_enabled":true,"_links":{"self":[{"href":"https:\/\/expressometro.mx\/index.php\/wp-json\/wp\/v2\/posts\/10602","targetHints":{"allow":["GET"]}}],"collection":[{"href":"https:\/\/expressometro.mx\/index.php\/wp-json\/wp\/v2\/posts"}],"about":[{"href":"https:\/\/expressometro.mx\/index.php\/wp-json\/wp\/v2\/types\/post"}],"author":[{"embeddable":true,"href":"https:\/\/expressometro.mx\/index.php\/wp-json\/wp\/v2\/users\/1"}],"replies":[{"embeddable":true,"href":"https:\/\/expressometro.mx\/index.php\/wp-json\/wp\/v2\/comments?post=10602"}],"version-history":[{"count":1,"href":"https:\/\/expressometro.mx\/index.php\/wp-json\/wp\/v2\/posts\/10602\/revisions"}],"predecessor-version":[{"id":10605,"href":"https:\/\/expressometro.mx\/index.php\/wp-json\/wp\/v2\/posts\/10602\/revisions\/10605"}],"wp:featuredmedia":[{"embeddable":true,"href":"https:\/\/expressometro.mx\/index.php\/wp-json\/wp\/v2\/media\/10604"}],"wp:attachment":[{"href":"https:\/\/expressometro.mx\/index.php\/wp-json\/wp\/v2\/media?parent=10602"}],"wp:term":[{"taxonomy":"category","embeddable":true,"href":"https:\/\/expressometro.mx\/index.php\/wp-json\/wp\/v2\/categories?post=10602"},{"taxonomy":"post_tag","embeddable":true,"href":"https:\/\/expressometro.mx\/index.php\/wp-json\/wp\/v2\/tags?post=10602"}],"curies":[{"name":"wp","href":"https:\/\/api.w.org\/{rel}","templated":true}]}}