{"id":10597,"date":"2024-12-07T07:51:08","date_gmt":"2024-12-07T13:51:08","guid":{"rendered":"https:\/\/expressometro.mx\/?p=10597"},"modified":"2024-12-08T07:55:11","modified_gmt":"2024-12-08T13:55:11","slug":"asume-cristina-ruiz-la-presidencia-del-pri-mexiquense","status":"publish","type":"post","link":"https:\/\/expressometro.mx\/index.php\/2024\/12\/07\/asume-cristina-ruiz-la-presidencia-del-pri-mexiquense\/","title":{"rendered":"ASUME CRISTINA RUIZ LA PRESIDENCIA DEL PRI MEXIQUENSE"},"content":{"rendered":"\n<ul class=\"wp-block-list\">\n<li>Vamos a enfrentar cualquier desaf\u00edo y devolveremos al priismo mexiquense el gran orgullo que por a\u00f1os tuvo, asegur\u00f3.<\/li>\n<\/ul>\n\n\n\n<p>El Comit\u00e9 Ejecutivo Nacional del PRI nombr\u00f3 a la senadora Cristina Ruiz Sandoval y Brenda Alvarado S\u00e1nchez como presidenta y secretaria general del Comit\u00e9 Directivo Estatal (CDE) del Estado de M\u00e9xico.<\/p>\n\n\n\n<p>En su mensaje al priismo mexiquense, la dirigente estatal convoc\u00f3 a la unidad del partido y agradeci\u00f3 a la dirigencia nacional por la confianza para trabajar en beneficio de las y los mexiquenses.<\/p>\n\n\n\n<p>La l\u00edder estatal del PRI dijo asumir con mucha emoci\u00f3n y enorme responsabilidad este alto compromiso, desde la convicci\u00f3n de que llegan a esta dirigencia miles de mujeres, hombres y j\u00f3venes que durante muchos a\u00f1os han trabajado para tener un mejor PRI.<\/p>\n\n\n\n<p>\u201cHoy m\u00e1s que nunca, nuestra unidad y compromiso inquebrantables ser\u00e1n fundamentales para alcanzar nuestros objetivos y seguir sirviendo de manera cercana a las y los mexiquenses\u201d, enfatiz\u00f3.<\/p>\n\n\n\n<p>Manifest\u00f3 que para esta dirigencia \u201ctodas y todos son y ser\u00e1n pieza valiosa para construir a nuestro gran Partido, pero hay algo clave que debemos tener, un profundo amor al PRI, porque solo se defiende lo que se ama y hoy estamos aqu\u00ed para defender y fortalecer al PRI\u201d.<\/p>\n\n\n\n<p>\u201cSomos una gran familia y como toda familia existen diferencias, pero es alli donde encontramos el como enriquecer a nuestro partido y logramos construir consensos. Aqu\u00ed est\u00e1n los que aman y defender\u00e1n al PRI, los otros ya sabemos d\u00f3nde est\u00e1n\u201d, puntualiz\u00f3.<\/p>\n\n\n\n<p>A la militancia pidi\u00f3 tener la seguridad de que la dirigencia, que es de todas y todos, va a enfrentar cualquier desaf\u00edo, por m\u00e1s duro que sea.<\/p>\n\n\n\n<p>Por su parte, el dirigente nacional Alejandro Moreno C\u00e1rdenas dijo estar seguro de que el liderazgo y trabajo incansable de la nueva dirigencia fortalecer\u00e1 al partido y estar\u00e1n a la altura de las necesidades del pueblo mexiquense.<\/p>\n\n\n\n<p>Con unidad, trabajo en equipo y resultados, seguiremos avanzando para construir un PRI cercano, fuerte y comprometido con el futuro que nuestra gente merece, agreg\u00f3.<\/p>\n","protected":false},"excerpt":{"rendered":"<p>El Comit\u00e9 Ejecutivo Nacional del PRI nombr\u00f3 a la senadora Cristina Ruiz Sandoval y Brenda Alvarado S\u00e1nchez como presidenta y secretaria general del Comit\u00e9 Directivo Estatal (CDE) del Estado de M\u00e9xico.<\/p>\n","protected":false},"author":1,"featured_media":10599,"comment_status":"open","ping_status":"open","sticky":false,"template":"","format":"standard","meta":{"footnotes":""},"categories":[3,1,231],"tags":[2378,1982,158],"class_list":["post-10597","post","type-post","status-publish","format-standard","has-post-thumbnail","hentry","category-gobierno","category-otros","category-politica","tag-cristina-ruiz","tag-edomex","tag-pri"],"yoast_head":"<!-- This site is optimized with the Yoast SEO plugin v27.4 - https:\/\/yoast.com\/product\/yoast-seo-wordpress\/ -->\n<title>ASUME CRISTINA RUIZ LA PRESIDENCIA DEL PRI MEXIQUENSE - Expresso Metropolitano<\/title>\n<meta name=\"robots\" content=\"index, follow, max-snippet:-1, max-image-preview:large, max-video-preview:-1\" \/>\n<link rel=\"canonical\" href=\"https:\/\/expressometro.mx\/index.php\/2024\/12\/07\/asume-cristina-ruiz-la-presidencia-del-pri-mexiquense\/\" \/>\n<meta property=\"og:locale\" content=\"es_MX\" \/>\n<meta property=\"og:type\" content=\"article\" \/>\n<meta property=\"og:title\" content=\"ASUME CRISTINA RUIZ LA PRESIDENCIA DEL PRI MEXIQUENSE - Expresso Metropolitano\" \/>\n<meta property=\"og:description\" content=\"El Comit\u00e9 Ejecutivo Nacional del PRI nombr\u00f3 a la senadora Cristina Ruiz Sandoval y Brenda Alvarado S\u00e1nchez como presidenta y secretaria general del Comit\u00e9 Directivo Estatal (CDE) del Estado de M\u00e9xico.\" \/>\n<meta property=\"og:url\" content=\"https:\/\/expressometro.mx\/index.php\/2024\/12\/07\/asume-cristina-ruiz-la-presidencia-del-pri-mexiquense\/\" \/>\n<meta property=\"og:site_name\" content=\"Expresso Metropolitano\" \/>\n<meta property=\"article:published_time\" content=\"2024-12-07T13:51:08+00:00\" \/>\n<meta property=\"article:modified_time\" content=\"2024-12-08T13:55:11+00:00\" \/>\n<meta property=\"og:image\" content=\"http:\/\/expressometro.mx\/wp-content\/uploads\/2024\/12\/WhatsApp-Image-2024-12-07-at-5.31.05-PM.jpeg\" \/>\n\t<meta property=\"og:image:width\" content=\"1600\" \/>\n\t<meta property=\"og:image:height\" content=\"1066\" \/>\n\t<meta property=\"og:image:type\" content=\"image\/jpeg\" \/>\n<meta name=\"author\" content=\"Expresso Metropolitano\" \/>\n<meta name=\"twitter:label1\" content=\"Escrito por\" \/>\n\t<meta name=\"twitter:data1\" content=\"Expresso Metropolitano\" \/>\n\t<meta name=\"twitter:label2\" content=\"Tiempo de lectura\" \/>\n\t<meta name=\"twitter:data2\" content=\"2 minutos\" \/>\n<script type=\"application\/ld+json\" class=\"yoast-schema-graph\">{\"@context\":\"https:\\\/\\\/schema.org\",\"@graph\":[{\"@type\":\"Article\",\"@id\":\"https:\\\/\\\/expressometro.mx\\\/index.php\\\/2024\\\/12\\\/07\\\/asume-cristina-ruiz-la-presidencia-del-pri-mexiquense\\\/#article\",\"isPartOf\":{\"@id\":\"https:\\\/\\\/expressometro.mx\\\/index.php\\\/2024\\\/12\\\/07\\\/asume-cristina-ruiz-la-presidencia-del-pri-mexiquense\\\/\"},\"author\":{\"name\":\"Expresso Metropolitano\",\"@id\":\"https:\\\/\\\/expressometro.mx\\\/#\\\/schema\\\/person\\\/efa971b4a0664db8ed5c22b1b0dd2f5d\"},\"headline\":\"ASUME CRISTINA RUIZ LA PRESIDENCIA DEL PRI MEXIQUENSE\",\"datePublished\":\"2024-12-07T13:51:08+00:00\",\"dateModified\":\"2024-12-08T13:55:11+00:00\",\"mainEntityOfPage\":{\"@id\":\"https:\\\/\\\/expressometro.mx\\\/index.php\\\/2024\\\/12\\\/07\\\/asume-cristina-ruiz-la-presidencia-del-pri-mexiquense\\\/\"},\"wordCount\":358,\"commentCount\":0,\"publisher\":{\"@id\":\"https:\\\/\\\/expressometro.mx\\\/#organization\"},\"image\":{\"@id\":\"https:\\\/\\\/expressometro.mx\\\/index.php\\\/2024\\\/12\\\/07\\\/asume-cristina-ruiz-la-presidencia-del-pri-mexiquense\\\/#primaryimage\"},\"thumbnailUrl\":\"https:\\\/\\\/expressometro.mx\\\/wp-content\\\/uploads\\\/2024\\\/12\\\/WhatsApp-Image-2024-12-07-at-5.31.05-PM.jpeg\",\"keywords\":[\"Cristina Ruiz\",\"Edomex\",\"PRI\"],\"articleSection\":[\"Gobierno\",\"Otros\",\"Pol\u00edtica\"],\"inLanguage\":\"es\",\"potentialAction\":[{\"@type\":\"CommentAction\",\"name\":\"Comment\",\"target\":[\"https:\\\/\\\/expressometro.mx\\\/index.php\\\/2024\\\/12\\\/07\\\/asume-cristina-ruiz-la-presidencia-del-pri-mexiquense\\\/#respond\"]}]},{\"@type\":\"WebPage\",\"@id\":\"https:\\\/\\\/expressometro.mx\\\/index.php\\\/2024\\\/12\\\/07\\\/asume-cristina-ruiz-la-presidencia-del-pri-mexiquense\\\/\",\"url\":\"https:\\\/\\\/expressometro.mx\\\/index.php\\\/2024\\\/12\\\/07\\\/asume-cristina-ruiz-la-presidencia-del-pri-mexiquense\\\/\",\"name\":\"ASUME CRISTINA RUIZ LA PRESIDENCIA DEL PRI MEXIQUENSE - Expresso Metropolitano\",\"isPartOf\":{\"@id\":\"https:\\\/\\\/expressometro.mx\\\/#website\"},\"primaryImageOfPage\":{\"@id\":\"https:\\\/\\\/expressometro.mx\\\/index.php\\\/2024\\\/12\\\/07\\\/asume-cristina-ruiz-la-presidencia-del-pri-mexiquense\\\/#primaryimage\"},\"image\":{\"@id\":\"https:\\\/\\\/expressometro.mx\\\/index.php\\\/2024\\\/12\\\/07\\\/asume-cristina-ruiz-la-presidencia-del-pri-mexiquense\\\/#primaryimage\"},\"thumbnailUrl\":\"https:\\\/\\\/expressometro.mx\\\/wp-content\\\/uploads\\\/2024\\\/12\\\/WhatsApp-Image-2024-12-07-at-5.31.05-PM.jpeg\",\"datePublished\":\"2024-12-07T13:51:08+00:00\",\"dateModified\":\"2024-12-08T13:55:11+00:00\",\"breadcrumb\":{\"@id\":\"https:\\\/\\\/expressometro.mx\\\/index.php\\\/2024\\\/12\\\/07\\\/asume-cristina-ruiz-la-presidencia-del-pri-mexiquense\\\/#breadcrumb\"},\"inLanguage\":\"es\",\"potentialAction\":[{\"@type\":\"ReadAction\",\"target\":[\"https:\\\/\\\/expressometro.mx\\\/index.php\\\/2024\\\/12\\\/07\\\/asume-cristina-ruiz-la-presidencia-del-pri-mexiquense\\\/\"]}]},{\"@type\":\"ImageObject\",\"inLanguage\":\"es\",\"@id\":\"https:\\\/\\\/expressometro.mx\\\/index.php\\\/2024\\\/12\\\/07\\\/asume-cristina-ruiz-la-presidencia-del-pri-mexiquense\\\/#primaryimage\",\"url\":\"https:\\\/\\\/expressometro.mx\\\/wp-content\\\/uploads\\\/2024\\\/12\\\/WhatsApp-Image-2024-12-07-at-5.31.05-PM.jpeg\",\"contentUrl\":\"https:\\\/\\\/expressometro.mx\\\/wp-content\\\/uploads\\\/2024\\\/12\\\/WhatsApp-Image-2024-12-07-at-5.31.05-PM.jpeg\",\"width\":1600,\"height\":1066},{\"@type\":\"BreadcrumbList\",\"@id\":\"https:\\\/\\\/expressometro.mx\\\/index.php\\\/2024\\\/12\\\/07\\\/asume-cristina-ruiz-la-presidencia-del-pri-mexiquense\\\/#breadcrumb\",\"itemListElement\":[{\"@type\":\"ListItem\",\"position\":1,\"name\":\"Inicio\",\"item\":\"https:\\\/\\\/expressometro.mx\\\/\"},{\"@type\":\"ListItem\",\"position\":2,\"name\":\"ASUME CRISTINA RUIZ LA PRESIDENCIA DEL PRI MEXIQUENSE\"}]},{\"@type\":\"WebSite\",\"@id\":\"https:\\\/\\\/expressometro.mx\\\/#website\",\"url\":\"https:\\\/\\\/expressometro.mx\\\/\",\"name\":\"Expresso Metropolitano\",\"description\":\"Periodismo comprometido, informaci\u00f3n, investigaci\u00f3n y an\u00e1lisis\",\"publisher\":{\"@id\":\"https:\\\/\\\/expressometro.mx\\\/#organization\"},\"potentialAction\":[{\"@type\":\"SearchAction\",\"target\":{\"@type\":\"EntryPoint\",\"urlTemplate\":\"https:\\\/\\\/expressometro.mx\\\/?s={search_term_string}\"},\"query-input\":{\"@type\":\"PropertyValueSpecification\",\"valueRequired\":true,\"valueName\":\"search_term_string\"}}],\"inLanguage\":\"es\"},{\"@type\":\"Organization\",\"@id\":\"https:\\\/\\\/expressometro.mx\\\/#organization\",\"name\":\"Expresso Metropolitano\",\"url\":\"https:\\\/\\\/expressometro.mx\\\/\",\"logo\":{\"@type\":\"ImageObject\",\"inLanguage\":\"es\",\"@id\":\"https:\\\/\\\/expressometro.mx\\\/#\\\/schema\\\/logo\\\/image\\\/\",\"url\":\"https:\\\/\\\/expressometro.mx\\\/wp-content\\\/uploads\\\/2019\\\/07\\\/cropped-Logo-Expresso-Metropolitano-1-1.jpeg\",\"contentUrl\":\"https:\\\/\\\/expressometro.mx\\\/wp-content\\\/uploads\\\/2019\\\/07\\\/cropped-Logo-Expresso-Metropolitano-1-1.jpeg\",\"width\":290,\"height\":73,\"caption\":\"Expresso Metropolitano\"},\"image\":{\"@id\":\"https:\\\/\\\/expressometro.mx\\\/#\\\/schema\\\/logo\\\/image\\\/\"}},{\"@type\":\"Person\",\"@id\":\"https:\\\/\\\/expressometro.mx\\\/#\\\/schema\\\/person\\\/efa971b4a0664db8ed5c22b1b0dd2f5d\",\"name\":\"Expresso Metropolitano\",\"image\":{\"@type\":\"ImageObject\",\"inLanguage\":\"es\",\"@id\":\"https:\\\/\\\/secure.gravatar.com\\\/avatar\\\/a89f802b8de18c6952f223c88d3d106e9e3679839f4e25a02f4a6cc2ae6ba3b3?s=96&d=mm&r=g\",\"url\":\"https:\\\/\\\/secure.gravatar.com\\\/avatar\\\/a89f802b8de18c6952f223c88d3d106e9e3679839f4e25a02f4a6cc2ae6ba3b3?s=96&d=mm&r=g\",\"contentUrl\":\"https:\\\/\\\/secure.gravatar.com\\\/avatar\\\/a89f802b8de18c6952f223c88d3d106e9e3679839f4e25a02f4a6cc2ae6ba3b3?s=96&d=mm&r=g\",\"caption\":\"Expresso Metropolitano\"},\"url\":\"https:\\\/\\\/expressometro.mx\\\/index.php\\\/author\\\/diego\\\/\"}]}<\/script>\n<!-- \/ Yoast SEO plugin. -->","yoast_head_json":{"title":"ASUME CRISTINA RUIZ LA PRESIDENCIA DEL PRI MEXIQUENSE - Expresso Metropolitano","robots":{"index":"index","follow":"follow","max-snippet":"max-snippet:-1","max-image-preview":"max-image-preview:large","max-video-preview":"max-video-preview:-1"},"canonical":"https:\/\/expressometro.mx\/index.php\/2024\/12\/07\/asume-cristina-ruiz-la-presidencia-del-pri-mexiquense\/","og_locale":"es_MX","og_type":"article","og_title":"ASUME CRISTINA RUIZ LA PRESIDENCIA DEL PRI MEXIQUENSE - Expresso Metropolitano","og_description":"El Comit\u00e9 Ejecutivo Nacional del PRI nombr\u00f3 a la senadora Cristina Ruiz Sandoval y Brenda Alvarado S\u00e1nchez como presidenta y secretaria general del Comit\u00e9 Directivo Estatal (CDE) del Estado de M\u00e9xico.","og_url":"https:\/\/expressometro.mx\/index.php\/2024\/12\/07\/asume-cristina-ruiz-la-presidencia-del-pri-mexiquense\/","og_site_name":"Expresso Metropolitano","article_published_time":"2024-12-07T13:51:08+00:00","article_modified_time":"2024-12-08T13:55:11+00:00","og_image":[{"width":1600,"height":1066,"url":"http:\/\/expressometro.mx\/wp-content\/uploads\/2024\/12\/WhatsApp-Image-2024-12-07-at-5.31.05-PM.jpeg","type":"image\/jpeg"}],"author":"Expresso Metropolitano","twitter_misc":{"Escrito por":"Expresso Metropolitano","Tiempo de lectura":"2 minutos"},"schema":{"@context":"https:\/\/schema.org","@graph":[{"@type":"Article","@id":"https:\/\/expressometro.mx\/index.php\/2024\/12\/07\/asume-cristina-ruiz-la-presidencia-del-pri-mexiquense\/#article","isPartOf":{"@id":"https:\/\/expressometro.mx\/index.php\/2024\/12\/07\/asume-cristina-ruiz-la-presidencia-del-pri-mexiquense\/"},"author":{"name":"Expresso Metropolitano","@id":"https:\/\/expressometro.mx\/#\/schema\/person\/efa971b4a0664db8ed5c22b1b0dd2f5d"},"headline":"ASUME CRISTINA RUIZ LA PRESIDENCIA DEL PRI MEXIQUENSE","datePublished":"2024-12-07T13:51:08+00:00","dateModified":"2024-12-08T13:55:11+00:00","mainEntityOfPage":{"@id":"https:\/\/expressometro.mx\/index.php\/2024\/12\/07\/asume-cristina-ruiz-la-presidencia-del-pri-mexiquense\/"},"wordCount":358,"commentCount":0,"publisher":{"@id":"https:\/\/expressometro.mx\/#organization"},"image":{"@id":"https:\/\/expressometro.mx\/index.php\/2024\/12\/07\/asume-cristina-ruiz-la-presidencia-del-pri-mexiquense\/#primaryimage"},"thumbnailUrl":"https:\/\/expressometro.mx\/wp-content\/uploads\/2024\/12\/WhatsApp-Image-2024-12-07-at-5.31.05-PM.jpeg","keywords":["Cristina Ruiz","Edomex","PRI"],"articleSection":["Gobierno","Otros","Pol\u00edtica"],"inLanguage":"es","potentialAction":[{"@type":"CommentAction","name":"Comment","target":["https:\/\/expressometro.mx\/index.php\/2024\/12\/07\/asume-cristina-ruiz-la-presidencia-del-pri-mexiquense\/#respond"]}]},{"@type":"WebPage","@id":"https:\/\/expressometro.mx\/index.php\/2024\/12\/07\/asume-cristina-ruiz-la-presidencia-del-pri-mexiquense\/","url":"https:\/\/expressometro.mx\/index.php\/2024\/12\/07\/asume-cristina-ruiz-la-presidencia-del-pri-mexiquense\/","name":"ASUME CRISTINA RUIZ LA PRESIDENCIA DEL PRI MEXIQUENSE - Expresso Metropolitano","isPartOf":{"@id":"https:\/\/expressometro.mx\/#website"},"primaryImageOfPage":{"@id":"https:\/\/expressometro.mx\/index.php\/2024\/12\/07\/asume-cristina-ruiz-la-presidencia-del-pri-mexiquense\/#primaryimage"},"image":{"@id":"https:\/\/expressometro.mx\/index.php\/2024\/12\/07\/asume-cristina-ruiz-la-presidencia-del-pri-mexiquense\/#primaryimage"},"thumbnailUrl":"https:\/\/expressometro.mx\/wp-content\/uploads\/2024\/12\/WhatsApp-Image-2024-12-07-at-5.31.05-PM.jpeg","datePublished":"2024-12-07T13:51:08+00:00","dateModified":"2024-12-08T13:55:11+00:00","breadcrumb":{"@id":"https:\/\/expressometro.mx\/index.php\/2024\/12\/07\/asume-cristina-ruiz-la-presidencia-del-pri-mexiquense\/#breadcrumb"},"inLanguage":"es","potentialAction":[{"@type":"ReadAction","target":["https:\/\/expressometro.mx\/index.php\/2024\/12\/07\/asume-cristina-ruiz-la-presidencia-del-pri-mexiquense\/"]}]},{"@type":"ImageObject","inLanguage":"es","@id":"https:\/\/expressometro.mx\/index.php\/2024\/12\/07\/asume-cristina-ruiz-la-presidencia-del-pri-mexiquense\/#primaryimage","url":"https:\/\/expressometro.mx\/wp-content\/uploads\/2024\/12\/WhatsApp-Image-2024-12-07-at-5.31.05-PM.jpeg","contentUrl":"https:\/\/expressometro.mx\/wp-content\/uploads\/2024\/12\/WhatsApp-Image-2024-12-07-at-5.31.05-PM.jpeg","width":1600,"height":1066},{"@type":"BreadcrumbList","@id":"https:\/\/expressometro.mx\/index.php\/2024\/12\/07\/asume-cristina-ruiz-la-presidencia-del-pri-mexiquense\/#breadcrumb","itemListElement":[{"@type":"ListItem","position":1,"name":"Inicio","item":"https:\/\/expressometro.mx\/"},{"@type":"ListItem","position":2,"name":"ASUME CRISTINA RUIZ LA PRESIDENCIA DEL PRI MEXIQUENSE"}]},{"@type":"WebSite","@id":"https:\/\/expressometro.mx\/#website","url":"https:\/\/expressometro.mx\/","name":"Expresso Metropolitano","description":"Periodismo comprometido, informaci\u00f3n, investigaci\u00f3n y an\u00e1lisis","publisher":{"@id":"https:\/\/expressometro.mx\/#organization"},"potentialAction":[{"@type":"SearchAction","target":{"@type":"EntryPoint","urlTemplate":"https:\/\/expressometro.mx\/?s={search_term_string}"},"query-input":{"@type":"PropertyValueSpecification","valueRequired":true,"valueName":"search_term_string"}}],"inLanguage":"es"},{"@type":"Organization","@id":"https:\/\/expressometro.mx\/#organization","name":"Expresso Metropolitano","url":"https:\/\/expressometro.mx\/","logo":{"@type":"ImageObject","inLanguage":"es","@id":"https:\/\/expressometro.mx\/#\/schema\/logo\/image\/","url":"https:\/\/expressometro.mx\/wp-content\/uploads\/2019\/07\/cropped-Logo-Expresso-Metropolitano-1-1.jpeg","contentUrl":"https:\/\/expressometro.mx\/wp-content\/uploads\/2019\/07\/cropped-Logo-Expresso-Metropolitano-1-1.jpeg","width":290,"height":73,"caption":"Expresso Metropolitano"},"image":{"@id":"https:\/\/expressometro.mx\/#\/schema\/logo\/image\/"}},{"@type":"Person","@id":"https:\/\/expressometro.mx\/#\/schema\/person\/efa971b4a0664db8ed5c22b1b0dd2f5d","name":"Expresso Metropolitano","image":{"@type":"ImageObject","inLanguage":"es","@id":"https:\/\/secure.gravatar.com\/avatar\/a89f802b8de18c6952f223c88d3d106e9e3679839f4e25a02f4a6cc2ae6ba3b3?s=96&d=mm&r=g","url":"https:\/\/secure.gravatar.com\/avatar\/a89f802b8de18c6952f223c88d3d106e9e3679839f4e25a02f4a6cc2ae6ba3b3?s=96&d=mm&r=g","contentUrl":"https:\/\/secure.gravatar.com\/avatar\/a89f802b8de18c6952f223c88d3d106e9e3679839f4e25a02f4a6cc2ae6ba3b3?s=96&d=mm&r=g","caption":"Expresso Metropolitano"},"url":"https:\/\/expressometro.mx\/index.php\/author\/diego\/"}]}},"amp_enabled":true,"_links":{"self":[{"href":"https:\/\/expressometro.mx\/index.php\/wp-json\/wp\/v2\/posts\/10597","targetHints":{"allow":["GET"]}}],"collection":[{"href":"https:\/\/expressometro.mx\/index.php\/wp-json\/wp\/v2\/posts"}],"about":[{"href":"https:\/\/expressometro.mx\/index.php\/wp-json\/wp\/v2\/types\/post"}],"author":[{"embeddable":true,"href":"https:\/\/expressometro.mx\/index.php\/wp-json\/wp\/v2\/users\/1"}],"replies":[{"embeddable":true,"href":"https:\/\/expressometro.mx\/index.php\/wp-json\/wp\/v2\/comments?post=10597"}],"version-history":[{"count":1,"href":"https:\/\/expressometro.mx\/index.php\/wp-json\/wp\/v2\/posts\/10597\/revisions"}],"predecessor-version":[{"id":10600,"href":"https:\/\/expressometro.mx\/index.php\/wp-json\/wp\/v2\/posts\/10597\/revisions\/10600"}],"wp:featuredmedia":[{"embeddable":true,"href":"https:\/\/expressometro.mx\/index.php\/wp-json\/wp\/v2\/media\/10599"}],"wp:attachment":[{"href":"https:\/\/expressometro.mx\/index.php\/wp-json\/wp\/v2\/media?parent=10597"}],"wp:term":[{"taxonomy":"category","embeddable":true,"href":"https:\/\/expressometro.mx\/index.php\/wp-json\/wp\/v2\/categories?post=10597"},{"taxonomy":"post_tag","embeddable":true,"href":"https:\/\/expressometro.mx\/index.php\/wp-json\/wp\/v2\/tags?post=10597"}],"curies":[{"name":"wp","href":"https:\/\/api.w.org\/{rel}","templated":true}]}}