{"id":1058,"date":"2019-11-18T21:49:40","date_gmt":"2019-11-19T03:49:40","guid":{"rendered":"http:\/\/expressometro.mx\/?p=1058"},"modified":"2019-11-18T21:49:41","modified_gmt":"2019-11-19T03:49:41","slug":"debuta-christian-vasquez-como-director-al-frente-de-la-orquesta-sinfonica-del-estado-de-mexico","status":"publish","type":"post","link":"https:\/\/expressometro.mx\/index.php\/2019\/11\/18\/debuta-christian-vasquez-como-director-al-frente-de-la-orquesta-sinfonica-del-estado-de-mexico\/","title":{"rendered":"DEBUTA CHRISTIAN V\u00c1SQUEZ COMO DIRECTOR AL FRENTE DE LA ORQUESTA SINF\u00d3NICA DEL ESTADO DE M\u00c9XICO"},"content":{"rendered":"\n<p>Christian V\u00e1squez debut\u00f3 como Director con la Orquesta Sinf\u00f3nica del Estado de M\u00e9xico (OSEM), la cual bajo su batuta interpret\u00f3 de forma la Sinfon\u00eda No. 5 en Re menor Op. 47, del compositor Dmitri Shostak\u00f3vich.<\/p>\n\n\n\n<p>El joven director venezolano maravill\u00f3 a las y los mexiquenses que se dieron cita en la Sala de conciertos \u201cFelipe Villanueva\u201d por su capacidad t\u00e9cnica, carisma y energ\u00eda sobre el podio de la OSEM.<\/p>\n\n\n\n<p>\u201cTuve una semana maravillosa, llena de hermosa m\u00fasica con una orquesta incre\u00edble, gracias a todos por la pasi\u00f3n y el amor, cada nota estuvo dedicada a nuestro p\u00fablico&#8221;, expres\u00f3 Christian V\u00e1squez al estar contento por trabajar durante el Programa 9 de la Temporada 141 con la OSEM.<\/p>\n\n\n\n<p>Como parte del Programa 9, la OSEM interpret\u00f3 el Concierto para violonchelo y orquesta en si menor, OP. 104, del compositor Anton\u00edn Dvor\u00e1k en compa\u00f1\u00eda del violonchelista venezolano Jean Carlos Coronado, quien cautiv\u00f3 al p\u00fablico mexiquense con su talento.<\/p>\n\n\n\n<p>La Orquesta Sinf\u00f3nica del Estado de M\u00e9xico tambi\u00e9n se present\u00f3 en el Auditorio &#8220;Acolmixtli Nezahualc\u00f3yotl&#8221;, en el municipio de Chimalhuac\u00e1n, en donde de igual forma maravillaron al p\u00fablico que se dio cita en el recinto.<\/p>\n\n\n\n<p>Para conocer la programaci\u00f3n de la Temporada de Conciertos 141 de la OSEM, pueden seguir las redes sociales en Facebook, Twitter e Instagram @OSEMoficial.<\/p>\n","protected":false},"excerpt":{"rendered":"<p>Christian V\u00e1squez debut\u00f3 como Director con la Orquesta Sinf\u00f3nica del Estado de M\u00e9xico (OSEM), la cual bajo su batuta interpret\u00f3 de forma la Sinfon\u00eda No. 5 en Re menor Op. 47, del compositor Dmitri Shostak\u00f3vich. El joven director venezolano maravill\u00f3 a las y los mexiquenses que se dieron cita en la Sala de conciertos \u201cFelipe Villanueva\u201d por su capacidad t\u00e9cnica, carisma y energ\u00eda sobre el podio de la OSEM. \u201cTuve una semana maravillosa, llena de hermosa m\u00fasica con una orquesta incre\u00edble, gracias a todos por la pasi\u00f3n y el amor,&hellip;<\/p>\n","protected":false},"author":1,"featured_media":1059,"comment_status":"open","ping_status":"open","sticky":false,"template":"","format":"standard","meta":{"footnotes":""},"categories":[11],"tags":[],"class_list":["post-1058","post","type-post","status-publish","format-standard","has-post-thumbnail","hentry","category-cultura"],"yoast_head":"<!-- This site is optimized with the Yoast SEO plugin v27.5 - https:\/\/yoast.com\/product\/yoast-seo-wordpress\/ -->\n<title>DEBUTA CHRISTIAN V\u00c1SQUEZ COMO DIRECTOR AL FRENTE DE LA ORQUESTA SINF\u00d3NICA DEL ESTADO DE M\u00c9XICO - Expresso Metropolitano<\/title>\n<meta name=\"robots\" content=\"index, follow, max-snippet:-1, max-image-preview:large, max-video-preview:-1\" \/>\n<link rel=\"canonical\" href=\"https:\/\/expressometro.mx\/index.php\/2019\/11\/18\/debuta-christian-vasquez-como-director-al-frente-de-la-orquesta-sinfonica-del-estado-de-mexico\/\" \/>\n<meta property=\"og:locale\" content=\"es_MX\" \/>\n<meta property=\"og:type\" content=\"article\" \/>\n<meta property=\"og:title\" content=\"DEBUTA CHRISTIAN V\u00c1SQUEZ COMO DIRECTOR AL FRENTE DE LA ORQUESTA SINF\u00d3NICA DEL ESTADO DE M\u00c9XICO - Expresso Metropolitano\" \/>\n<meta property=\"og:description\" content=\"Christian V\u00e1squez debut\u00f3 como Director con la Orquesta Sinf\u00f3nica del Estado de M\u00e9xico (OSEM), la cual bajo su batuta interpret\u00f3 de forma la Sinfon\u00eda No. 5 en Re menor Op. 47, del compositor Dmitri Shostak\u00f3vich. El joven director venezolano maravill\u00f3 a las y los mexiquenses que se dieron cita en la Sala de conciertos \u201cFelipe Villanueva\u201d por su capacidad t\u00e9cnica, carisma y energ\u00eda sobre el podio de la OSEM. \u201cTuve una semana maravillosa, llena de hermosa m\u00fasica con una orquesta incre\u00edble, gracias a todos por la pasi\u00f3n y el amor,&hellip;\" \/>\n<meta property=\"og:url\" content=\"https:\/\/expressometro.mx\/index.php\/2019\/11\/18\/debuta-christian-vasquez-como-director-al-frente-de-la-orquesta-sinfonica-del-estado-de-mexico\/\" \/>\n<meta property=\"og:site_name\" content=\"Expresso Metropolitano\" \/>\n<meta property=\"article:published_time\" content=\"2019-11-19T03:49:40+00:00\" \/>\n<meta property=\"article:modified_time\" content=\"2019-11-19T03:49:41+00:00\" \/>\n<meta property=\"og:image\" content=\"https:\/\/expressometro.mx\/wp-content\/uploads\/2019\/11\/w2_10663_1.jpg\" \/>\n\t<meta property=\"og:image:width\" content=\"1300\" \/>\n\t<meta property=\"og:image:height\" content=\"865\" \/>\n\t<meta property=\"og:image:type\" content=\"image\/jpeg\" \/>\n<meta name=\"author\" content=\"Expresso Metropolitano\" \/>\n<meta name=\"twitter:label1\" content=\"Escrito por\" \/>\n\t<meta name=\"twitter:data1\" content=\"Expresso Metropolitano\" \/>\n\t<meta name=\"twitter:label2\" content=\"Tiempo de lectura\" \/>\n\t<meta name=\"twitter:data2\" content=\"1 minuto\" \/>\n<script type=\"application\/ld+json\" class=\"yoast-schema-graph\">{\"@context\":\"https:\\\/\\\/schema.org\",\"@graph\":[{\"@type\":\"Article\",\"@id\":\"https:\\\/\\\/expressometro.mx\\\/index.php\\\/2019\\\/11\\\/18\\\/debuta-christian-vasquez-como-director-al-frente-de-la-orquesta-sinfonica-del-estado-de-mexico\\\/#article\",\"isPartOf\":{\"@id\":\"https:\\\/\\\/expressometro.mx\\\/index.php\\\/2019\\\/11\\\/18\\\/debuta-christian-vasquez-como-director-al-frente-de-la-orquesta-sinfonica-del-estado-de-mexico\\\/\"},\"author\":{\"name\":\"Expresso Metropolitano\",\"@id\":\"https:\\\/\\\/expressometro.mx\\\/#\\\/schema\\\/person\\\/efa971b4a0664db8ed5c22b1b0dd2f5d\"},\"headline\":\"DEBUTA CHRISTIAN V\u00c1SQUEZ COMO DIRECTOR AL FRENTE DE LA ORQUESTA SINF\u00d3NICA DEL ESTADO DE M\u00c9XICO\",\"datePublished\":\"2019-11-19T03:49:40+00:00\",\"dateModified\":\"2019-11-19T03:49:41+00:00\",\"mainEntityOfPage\":{\"@id\":\"https:\\\/\\\/expressometro.mx\\\/index.php\\\/2019\\\/11\\\/18\\\/debuta-christian-vasquez-como-director-al-frente-de-la-orquesta-sinfonica-del-estado-de-mexico\\\/\"},\"wordCount\":248,\"commentCount\":0,\"publisher\":{\"@id\":\"https:\\\/\\\/expressometro.mx\\\/#organization\"},\"image\":{\"@id\":\"https:\\\/\\\/expressometro.mx\\\/index.php\\\/2019\\\/11\\\/18\\\/debuta-christian-vasquez-como-director-al-frente-de-la-orquesta-sinfonica-del-estado-de-mexico\\\/#primaryimage\"},\"thumbnailUrl\":\"https:\\\/\\\/expressometro.mx\\\/wp-content\\\/uploads\\\/2019\\\/11\\\/w2_10663_1.jpg\",\"articleSection\":[\"Cultura\"],\"inLanguage\":\"es\",\"potentialAction\":[{\"@type\":\"CommentAction\",\"name\":\"Comment\",\"target\":[\"https:\\\/\\\/expressometro.mx\\\/index.php\\\/2019\\\/11\\\/18\\\/debuta-christian-vasquez-como-director-al-frente-de-la-orquesta-sinfonica-del-estado-de-mexico\\\/#respond\"]}]},{\"@type\":\"WebPage\",\"@id\":\"https:\\\/\\\/expressometro.mx\\\/index.php\\\/2019\\\/11\\\/18\\\/debuta-christian-vasquez-como-director-al-frente-de-la-orquesta-sinfonica-del-estado-de-mexico\\\/\",\"url\":\"https:\\\/\\\/expressometro.mx\\\/index.php\\\/2019\\\/11\\\/18\\\/debuta-christian-vasquez-como-director-al-frente-de-la-orquesta-sinfonica-del-estado-de-mexico\\\/\",\"name\":\"DEBUTA CHRISTIAN V\u00c1SQUEZ COMO DIRECTOR AL FRENTE DE LA ORQUESTA SINF\u00d3NICA DEL ESTADO DE M\u00c9XICO - Expresso Metropolitano\",\"isPartOf\":{\"@id\":\"https:\\\/\\\/expressometro.mx\\\/#website\"},\"primaryImageOfPage\":{\"@id\":\"https:\\\/\\\/expressometro.mx\\\/index.php\\\/2019\\\/11\\\/18\\\/debuta-christian-vasquez-como-director-al-frente-de-la-orquesta-sinfonica-del-estado-de-mexico\\\/#primaryimage\"},\"image\":{\"@id\":\"https:\\\/\\\/expressometro.mx\\\/index.php\\\/2019\\\/11\\\/18\\\/debuta-christian-vasquez-como-director-al-frente-de-la-orquesta-sinfonica-del-estado-de-mexico\\\/#primaryimage\"},\"thumbnailUrl\":\"https:\\\/\\\/expressometro.mx\\\/wp-content\\\/uploads\\\/2019\\\/11\\\/w2_10663_1.jpg\",\"datePublished\":\"2019-11-19T03:49:40+00:00\",\"dateModified\":\"2019-11-19T03:49:41+00:00\",\"breadcrumb\":{\"@id\":\"https:\\\/\\\/expressometro.mx\\\/index.php\\\/2019\\\/11\\\/18\\\/debuta-christian-vasquez-como-director-al-frente-de-la-orquesta-sinfonica-del-estado-de-mexico\\\/#breadcrumb\"},\"inLanguage\":\"es\",\"potentialAction\":[{\"@type\":\"ReadAction\",\"target\":[\"https:\\\/\\\/expressometro.mx\\\/index.php\\\/2019\\\/11\\\/18\\\/debuta-christian-vasquez-como-director-al-frente-de-la-orquesta-sinfonica-del-estado-de-mexico\\\/\"]}]},{\"@type\":\"ImageObject\",\"inLanguage\":\"es\",\"@id\":\"https:\\\/\\\/expressometro.mx\\\/index.php\\\/2019\\\/11\\\/18\\\/debuta-christian-vasquez-como-director-al-frente-de-la-orquesta-sinfonica-del-estado-de-mexico\\\/#primaryimage\",\"url\":\"https:\\\/\\\/expressometro.mx\\\/wp-content\\\/uploads\\\/2019\\\/11\\\/w2_10663_1.jpg\",\"contentUrl\":\"https:\\\/\\\/expressometro.mx\\\/wp-content\\\/uploads\\\/2019\\\/11\\\/w2_10663_1.jpg\",\"width\":1300,\"height\":865},{\"@type\":\"BreadcrumbList\",\"@id\":\"https:\\\/\\\/expressometro.mx\\\/index.php\\\/2019\\\/11\\\/18\\\/debuta-christian-vasquez-como-director-al-frente-de-la-orquesta-sinfonica-del-estado-de-mexico\\\/#breadcrumb\",\"itemListElement\":[{\"@type\":\"ListItem\",\"position\":1,\"name\":\"Inicio\",\"item\":\"https:\\\/\\\/expressometro.mx\\\/\"},{\"@type\":\"ListItem\",\"position\":2,\"name\":\"DEBUTA CHRISTIAN V\u00c1SQUEZ COMO DIRECTOR AL FRENTE DE LA ORQUESTA SINF\u00d3NICA DEL ESTADO DE M\u00c9XICO\"}]},{\"@type\":\"WebSite\",\"@id\":\"https:\\\/\\\/expressometro.mx\\\/#website\",\"url\":\"https:\\\/\\\/expressometro.mx\\\/\",\"name\":\"Expresso Metropolitano\",\"description\":\"Periodismo comprometido, informaci\u00f3n, investigaci\u00f3n y an\u00e1lisis\",\"publisher\":{\"@id\":\"https:\\\/\\\/expressometro.mx\\\/#organization\"},\"potentialAction\":[{\"@type\":\"SearchAction\",\"target\":{\"@type\":\"EntryPoint\",\"urlTemplate\":\"https:\\\/\\\/expressometro.mx\\\/?s={search_term_string}\"},\"query-input\":{\"@type\":\"PropertyValueSpecification\",\"valueRequired\":true,\"valueName\":\"search_term_string\"}}],\"inLanguage\":\"es\"},{\"@type\":\"Organization\",\"@id\":\"https:\\\/\\\/expressometro.mx\\\/#organization\",\"name\":\"Expresso Metropolitano\",\"url\":\"https:\\\/\\\/expressometro.mx\\\/\",\"logo\":{\"@type\":\"ImageObject\",\"inLanguage\":\"es\",\"@id\":\"https:\\\/\\\/expressometro.mx\\\/#\\\/schema\\\/logo\\\/image\\\/\",\"url\":\"https:\\\/\\\/expressometro.mx\\\/wp-content\\\/uploads\\\/2019\\\/07\\\/cropped-Logo-Expresso-Metropolitano-1-1.jpeg\",\"contentUrl\":\"https:\\\/\\\/expressometro.mx\\\/wp-content\\\/uploads\\\/2019\\\/07\\\/cropped-Logo-Expresso-Metropolitano-1-1.jpeg\",\"width\":290,\"height\":73,\"caption\":\"Expresso Metropolitano\"},\"image\":{\"@id\":\"https:\\\/\\\/expressometro.mx\\\/#\\\/schema\\\/logo\\\/image\\\/\"}},{\"@type\":\"Person\",\"@id\":\"https:\\\/\\\/expressometro.mx\\\/#\\\/schema\\\/person\\\/efa971b4a0664db8ed5c22b1b0dd2f5d\",\"name\":\"Expresso Metropolitano\",\"image\":{\"@type\":\"ImageObject\",\"inLanguage\":\"es\",\"@id\":\"https:\\\/\\\/secure.gravatar.com\\\/avatar\\\/a89f802b8de18c6952f223c88d3d106e9e3679839f4e25a02f4a6cc2ae6ba3b3?s=96&d=mm&r=g\",\"url\":\"https:\\\/\\\/secure.gravatar.com\\\/avatar\\\/a89f802b8de18c6952f223c88d3d106e9e3679839f4e25a02f4a6cc2ae6ba3b3?s=96&d=mm&r=g\",\"contentUrl\":\"https:\\\/\\\/secure.gravatar.com\\\/avatar\\\/a89f802b8de18c6952f223c88d3d106e9e3679839f4e25a02f4a6cc2ae6ba3b3?s=96&d=mm&r=g\",\"caption\":\"Expresso Metropolitano\"},\"url\":\"https:\\\/\\\/expressometro.mx\\\/index.php\\\/author\\\/diego\\\/\"}]}<\/script>\n<!-- \/ Yoast SEO plugin. -->","yoast_head_json":{"title":"DEBUTA CHRISTIAN V\u00c1SQUEZ COMO DIRECTOR AL FRENTE DE LA ORQUESTA SINF\u00d3NICA DEL ESTADO DE M\u00c9XICO - Expresso Metropolitano","robots":{"index":"index","follow":"follow","max-snippet":"max-snippet:-1","max-image-preview":"max-image-preview:large","max-video-preview":"max-video-preview:-1"},"canonical":"https:\/\/expressometro.mx\/index.php\/2019\/11\/18\/debuta-christian-vasquez-como-director-al-frente-de-la-orquesta-sinfonica-del-estado-de-mexico\/","og_locale":"es_MX","og_type":"article","og_title":"DEBUTA CHRISTIAN V\u00c1SQUEZ COMO DIRECTOR AL FRENTE DE LA ORQUESTA SINF\u00d3NICA DEL ESTADO DE M\u00c9XICO - Expresso Metropolitano","og_description":"Christian V\u00e1squez debut\u00f3 como Director con la Orquesta Sinf\u00f3nica del Estado de M\u00e9xico (OSEM), la cual bajo su batuta interpret\u00f3 de forma la Sinfon\u00eda No. 5 en Re menor Op. 47, del compositor Dmitri Shostak\u00f3vich. El joven director venezolano maravill\u00f3 a las y los mexiquenses que se dieron cita en la Sala de conciertos \u201cFelipe Villanueva\u201d por su capacidad t\u00e9cnica, carisma y energ\u00eda sobre el podio de la OSEM. \u201cTuve una semana maravillosa, llena de hermosa m\u00fasica con una orquesta incre\u00edble, gracias a todos por la pasi\u00f3n y el amor,&hellip;","og_url":"https:\/\/expressometro.mx\/index.php\/2019\/11\/18\/debuta-christian-vasquez-como-director-al-frente-de-la-orquesta-sinfonica-del-estado-de-mexico\/","og_site_name":"Expresso Metropolitano","article_published_time":"2019-11-19T03:49:40+00:00","article_modified_time":"2019-11-19T03:49:41+00:00","og_image":[{"width":1300,"height":865,"url":"https:\/\/expressometro.mx\/wp-content\/uploads\/2019\/11\/w2_10663_1.jpg","type":"image\/jpeg"}],"author":"Expresso Metropolitano","twitter_misc":{"Escrito por":"Expresso Metropolitano","Tiempo de lectura":"1 minuto"},"schema":{"@context":"https:\/\/schema.org","@graph":[{"@type":"Article","@id":"https:\/\/expressometro.mx\/index.php\/2019\/11\/18\/debuta-christian-vasquez-como-director-al-frente-de-la-orquesta-sinfonica-del-estado-de-mexico\/#article","isPartOf":{"@id":"https:\/\/expressometro.mx\/index.php\/2019\/11\/18\/debuta-christian-vasquez-como-director-al-frente-de-la-orquesta-sinfonica-del-estado-de-mexico\/"},"author":{"name":"Expresso Metropolitano","@id":"https:\/\/expressometro.mx\/#\/schema\/person\/efa971b4a0664db8ed5c22b1b0dd2f5d"},"headline":"DEBUTA CHRISTIAN V\u00c1SQUEZ COMO DIRECTOR AL FRENTE DE LA ORQUESTA SINF\u00d3NICA DEL ESTADO DE M\u00c9XICO","datePublished":"2019-11-19T03:49:40+00:00","dateModified":"2019-11-19T03:49:41+00:00","mainEntityOfPage":{"@id":"https:\/\/expressometro.mx\/index.php\/2019\/11\/18\/debuta-christian-vasquez-como-director-al-frente-de-la-orquesta-sinfonica-del-estado-de-mexico\/"},"wordCount":248,"commentCount":0,"publisher":{"@id":"https:\/\/expressometro.mx\/#organization"},"image":{"@id":"https:\/\/expressometro.mx\/index.php\/2019\/11\/18\/debuta-christian-vasquez-como-director-al-frente-de-la-orquesta-sinfonica-del-estado-de-mexico\/#primaryimage"},"thumbnailUrl":"https:\/\/expressometro.mx\/wp-content\/uploads\/2019\/11\/w2_10663_1.jpg","articleSection":["Cultura"],"inLanguage":"es","potentialAction":[{"@type":"CommentAction","name":"Comment","target":["https:\/\/expressometro.mx\/index.php\/2019\/11\/18\/debuta-christian-vasquez-como-director-al-frente-de-la-orquesta-sinfonica-del-estado-de-mexico\/#respond"]}]},{"@type":"WebPage","@id":"https:\/\/expressometro.mx\/index.php\/2019\/11\/18\/debuta-christian-vasquez-como-director-al-frente-de-la-orquesta-sinfonica-del-estado-de-mexico\/","url":"https:\/\/expressometro.mx\/index.php\/2019\/11\/18\/debuta-christian-vasquez-como-director-al-frente-de-la-orquesta-sinfonica-del-estado-de-mexico\/","name":"DEBUTA CHRISTIAN V\u00c1SQUEZ COMO DIRECTOR AL FRENTE DE LA ORQUESTA SINF\u00d3NICA DEL ESTADO DE M\u00c9XICO - Expresso Metropolitano","isPartOf":{"@id":"https:\/\/expressometro.mx\/#website"},"primaryImageOfPage":{"@id":"https:\/\/expressometro.mx\/index.php\/2019\/11\/18\/debuta-christian-vasquez-como-director-al-frente-de-la-orquesta-sinfonica-del-estado-de-mexico\/#primaryimage"},"image":{"@id":"https:\/\/expressometro.mx\/index.php\/2019\/11\/18\/debuta-christian-vasquez-como-director-al-frente-de-la-orquesta-sinfonica-del-estado-de-mexico\/#primaryimage"},"thumbnailUrl":"https:\/\/expressometro.mx\/wp-content\/uploads\/2019\/11\/w2_10663_1.jpg","datePublished":"2019-11-19T03:49:40+00:00","dateModified":"2019-11-19T03:49:41+00:00","breadcrumb":{"@id":"https:\/\/expressometro.mx\/index.php\/2019\/11\/18\/debuta-christian-vasquez-como-director-al-frente-de-la-orquesta-sinfonica-del-estado-de-mexico\/#breadcrumb"},"inLanguage":"es","potentialAction":[{"@type":"ReadAction","target":["https:\/\/expressometro.mx\/index.php\/2019\/11\/18\/debuta-christian-vasquez-como-director-al-frente-de-la-orquesta-sinfonica-del-estado-de-mexico\/"]}]},{"@type":"ImageObject","inLanguage":"es","@id":"https:\/\/expressometro.mx\/index.php\/2019\/11\/18\/debuta-christian-vasquez-como-director-al-frente-de-la-orquesta-sinfonica-del-estado-de-mexico\/#primaryimage","url":"https:\/\/expressometro.mx\/wp-content\/uploads\/2019\/11\/w2_10663_1.jpg","contentUrl":"https:\/\/expressometro.mx\/wp-content\/uploads\/2019\/11\/w2_10663_1.jpg","width":1300,"height":865},{"@type":"BreadcrumbList","@id":"https:\/\/expressometro.mx\/index.php\/2019\/11\/18\/debuta-christian-vasquez-como-director-al-frente-de-la-orquesta-sinfonica-del-estado-de-mexico\/#breadcrumb","itemListElement":[{"@type":"ListItem","position":1,"name":"Inicio","item":"https:\/\/expressometro.mx\/"},{"@type":"ListItem","position":2,"name":"DEBUTA CHRISTIAN V\u00c1SQUEZ COMO DIRECTOR AL FRENTE DE LA ORQUESTA SINF\u00d3NICA DEL ESTADO DE M\u00c9XICO"}]},{"@type":"WebSite","@id":"https:\/\/expressometro.mx\/#website","url":"https:\/\/expressometro.mx\/","name":"Expresso Metropolitano","description":"Periodismo comprometido, informaci\u00f3n, investigaci\u00f3n y an\u00e1lisis","publisher":{"@id":"https:\/\/expressometro.mx\/#organization"},"potentialAction":[{"@type":"SearchAction","target":{"@type":"EntryPoint","urlTemplate":"https:\/\/expressometro.mx\/?s={search_term_string}"},"query-input":{"@type":"PropertyValueSpecification","valueRequired":true,"valueName":"search_term_string"}}],"inLanguage":"es"},{"@type":"Organization","@id":"https:\/\/expressometro.mx\/#organization","name":"Expresso Metropolitano","url":"https:\/\/expressometro.mx\/","logo":{"@type":"ImageObject","inLanguage":"es","@id":"https:\/\/expressometro.mx\/#\/schema\/logo\/image\/","url":"https:\/\/expressometro.mx\/wp-content\/uploads\/2019\/07\/cropped-Logo-Expresso-Metropolitano-1-1.jpeg","contentUrl":"https:\/\/expressometro.mx\/wp-content\/uploads\/2019\/07\/cropped-Logo-Expresso-Metropolitano-1-1.jpeg","width":290,"height":73,"caption":"Expresso Metropolitano"},"image":{"@id":"https:\/\/expressometro.mx\/#\/schema\/logo\/image\/"}},{"@type":"Person","@id":"https:\/\/expressometro.mx\/#\/schema\/person\/efa971b4a0664db8ed5c22b1b0dd2f5d","name":"Expresso Metropolitano","image":{"@type":"ImageObject","inLanguage":"es","@id":"https:\/\/secure.gravatar.com\/avatar\/a89f802b8de18c6952f223c88d3d106e9e3679839f4e25a02f4a6cc2ae6ba3b3?s=96&d=mm&r=g","url":"https:\/\/secure.gravatar.com\/avatar\/a89f802b8de18c6952f223c88d3d106e9e3679839f4e25a02f4a6cc2ae6ba3b3?s=96&d=mm&r=g","contentUrl":"https:\/\/secure.gravatar.com\/avatar\/a89f802b8de18c6952f223c88d3d106e9e3679839f4e25a02f4a6cc2ae6ba3b3?s=96&d=mm&r=g","caption":"Expresso Metropolitano"},"url":"https:\/\/expressometro.mx\/index.php\/author\/diego\/"}]}},"amp_enabled":true,"_links":{"self":[{"href":"https:\/\/expressometro.mx\/index.php\/wp-json\/wp\/v2\/posts\/1058","targetHints":{"allow":["GET"]}}],"collection":[{"href":"https:\/\/expressometro.mx\/index.php\/wp-json\/wp\/v2\/posts"}],"about":[{"href":"https:\/\/expressometro.mx\/index.php\/wp-json\/wp\/v2\/types\/post"}],"author":[{"embeddable":true,"href":"https:\/\/expressometro.mx\/index.php\/wp-json\/wp\/v2\/users\/1"}],"replies":[{"embeddable":true,"href":"https:\/\/expressometro.mx\/index.php\/wp-json\/wp\/v2\/comments?post=1058"}],"version-history":[{"count":1,"href":"https:\/\/expressometro.mx\/index.php\/wp-json\/wp\/v2\/posts\/1058\/revisions"}],"predecessor-version":[{"id":1060,"href":"https:\/\/expressometro.mx\/index.php\/wp-json\/wp\/v2\/posts\/1058\/revisions\/1060"}],"wp:featuredmedia":[{"embeddable":true,"href":"https:\/\/expressometro.mx\/index.php\/wp-json\/wp\/v2\/media\/1059"}],"wp:attachment":[{"href":"https:\/\/expressometro.mx\/index.php\/wp-json\/wp\/v2\/media?parent=1058"}],"wp:term":[{"taxonomy":"category","embeddable":true,"href":"https:\/\/expressometro.mx\/index.php\/wp-json\/wp\/v2\/categories?post=1058"},{"taxonomy":"post_tag","embeddable":true,"href":"https:\/\/expressometro.mx\/index.php\/wp-json\/wp\/v2\/tags?post=1058"}],"curies":[{"name":"wp","href":"https:\/\/api.w.org\/{rel}","templated":true}]}}