{"id":10557,"date":"2024-11-22T11:22:33","date_gmt":"2024-11-22T17:22:33","guid":{"rendered":"https:\/\/expressometro.mx\/?p=10557"},"modified":"2024-12-03T11:50:12","modified_gmt":"2024-12-03T17:50:12","slug":"recibe-cebd-reconocimiento-por-parte-de-la-federacion-interamericana-de-abogados","status":"publish","type":"post","link":"https:\/\/expressometro.mx\/index.php\/2024\/11\/22\/recibe-cebd-reconocimiento-por-parte-de-la-federacion-interamericana-de-abogados\/","title":{"rendered":"RECIBE CEBD RECONOCIMIENTO POR PARTE DE LA FEDERACI\u00d3N INTERAMERICANA DE ABOGADOS"},"content":{"rendered":"\n<p>* Reconocen al rector Carlos Eduardo Barrera D\u00edaz y la directora de Derecho, Mar\u00eda Jos\u00e9 Bern\u00e1ldez Aguilar, por su destacada trayectoria profesional.<\/p>\n\n\n\n<p>* La UAEM\u00e9x es sede de la Cumbre Global de la Federaci\u00f3n Interamericana de Abogados (FIA) Europa-\u00c1frica-Asia-Am\u00e9rica, realizada con motivo del 45 aniversario de la Corte Interamericana de Derechos Humanos.<\/p>\n\n\n\n<p>La Facultad de Derecho de la Universidad Aut\u00f3noma del Estado de M\u00e9xico (UAEM\u00e9x) es sede de la Cumbre Global de la Federaci\u00f3n Interamericana de Abogados (FIA) Europa-\u00c1frica-Asia-Am\u00e9rica, realizada con motivo del 45 aniversario de la Corte Interamericana de Derechos Humanos (IDH) y en honor a su ex presidenta, Elizabeth Odio Benito.<\/p>\n\n\n\n<p>En el Auditorio \u201cIsidro Fabela Alfaro\u201d de este espacio universitario, el presidente de la FIA, Francisco Morales Olvera, hizo entrega de medallas \u201cIlluminato\u201d a las personas que resaltan por su trayectoria \u00fanica e historia profesional que ha dejado huella, entre ellos, el rector de la UAEM\u00e9x, Carlos Eduardo Barrera D\u00edaz; la directora de este espacio acad\u00e9mico, Mar\u00eda Jos\u00e9 Bern\u00e1ldez Aguilar, y al tambi\u00e9n galardonado con la estatuilla Aluminato Dilecta Victoria, el embajador de Costa Rica en M\u00e9xico, Pablo Heriberto Abarca Mora.<\/p>\n\n\n\n<figure class=\"wp-block-image size-large\"><img decoding=\"async\" width=\"720\" height=\"480\" src=\"https:\/\/expressometro.mx\/wp-content\/uploads\/2024\/12\/WhatsApp-Image-2024-12-03-at-11.38.36-AM-720x480.jpeg\" alt=\"\" class=\"wp-image-10560\" srcset=\"https:\/\/expressometro.mx\/wp-content\/uploads\/2024\/12\/WhatsApp-Image-2024-12-03-at-11.38.36-AM-720x480.jpeg 720w, https:\/\/expressometro.mx\/wp-content\/uploads\/2024\/12\/WhatsApp-Image-2024-12-03-at-11.38.36-AM-548x365.jpeg 548w, https:\/\/expressometro.mx\/wp-content\/uploads\/2024\/12\/WhatsApp-Image-2024-12-03-at-11.38.36-AM-768x512.jpeg 768w, https:\/\/expressometro.mx\/wp-content\/uploads\/2024\/12\/WhatsApp-Image-2024-12-03-at-11.38.36-AM.jpeg 800w\" sizes=\"(max-width: 720px) 100vw, 720px\" \/><\/figure>\n\n\n\n<p>Asimismo, se entreg\u00f3 el m\u00e1ximo reconocimiento mundial de la FIA, la Estatuilla Selecta Victoria, a la gobernadora del Estado de M\u00e9xico, Delfina G\u00f3mez \u00c1lvarez; los expresidentes de la Corte IDH, Elizabeth Odio Benito -que en su representaci\u00f3n recibi\u00f3 el vicepresidente Patricio Pazmi\u00f1o Freire-, y Roberto de Figueiredo Caldas, que en su presentaci\u00f3n recibi\u00f3 Abarca Mora; y el director general y socio fundador de Flores Serna y Asociados, Marcelo Flores Serna.<\/p>\n\n\n\n<p>Ante el representante de G\u00f3mez \u00c1lvarez, el consejero Jur\u00eddico del Estado de M\u00e9xico, Jes\u00fas George Zamora, el rector de la UAEM\u00e9x coment\u00f3 que para la M\u00e1xima Casa de Estudios mexiquense es elemental construir espacios de di\u00e1logo sobre contenidos con alta pertinencia social como lo son los derechos humanos, por lo que este congreso tiene lugar en un momento crucial para el mundo.<\/p>\n\n\n\n<p>En este sentido, Barrera D\u00edaz explic\u00f3 que la Corte IDH se ha convertido en una instituci\u00f3n clave construida sobre los principios de justicia, equidad y dignidad humana, por ello, este congreso cuenta con la participaci\u00f3n de destacadas y destacados acad\u00e9micos, juristas y activistas, con el prop\u00f3sito de generar un intercambio de experiencias y buenas pr\u00e1cticas en pro de la justicia y defensa de los derechos humanos.<\/p>\n\n\n\n<p>Barrera D\u00edaz asever\u00f3 que a trav\u00e9s de conferencias, mesas de di\u00e1logo y actividades programadas para esta cumbre, que concluye este s\u00e1bado 23 de noviembre, la Aut\u00f3noma mexiquense reafirma su compromiso con la educaci\u00f3n inclusiva y de calidad, raz\u00f3n por la cual fue reconocida por cuarto a\u00f1o consecutivo por el ranking Times Higher Education (THE) como la mejor universidad p\u00fablica estatal de M\u00e9xico.<\/p>\n\n\n\n<p>De manera virtual, la Presidenta de la Corte IDH, Nancy Hern\u00e1ndez L\u00f3pez, resalt\u00f3 que la XXIX edici\u00f3n del Congreso Internacional de la FIA es una oportunidad para reconocer a la instituci\u00f3n que preside, pues se ha convertido en un pilar fundamental en la defensa de los derechos humanos y, sobre todo, ha dado voz a quienes se les ha negado.<\/p>\n\n\n\n<p>Asimismo, Hern\u00e1ndez L\u00f3pez puntualiz\u00f3 que a lo largo de 45 a\u00f1os, la Corte IDH ha realizado grandes esfuerzos por garantizar sistemas democr\u00e1ticos inclusivos, pues desde la gesti\u00f3n de la ex presidenta Elizabeth Odio Benito, esta instituci\u00f3n ha escuchado con cercan\u00eda a las personas marginadas de la sociedad para lograr una Am\u00e9rica m\u00e1s igualitaria y justa.<\/p>\n\n\n\n<p>En la misma modalidad, el expresidente de la Corte IDH, Roberto de Figueiredo Caldas, detall\u00f3 que la Corte IDH es un pilar fundamental en la defensa de estos derechos, el cual se ha construido por todas las personas que lo han integrado a lo largo de estos a\u00f1os, con el prop\u00f3sito de homenajear la jurisprudencia no solo en Am\u00e9rica, sino en todos los continentes que integran al mundo.<\/p>\n\n\n\n<p>Por su parte, Bern\u00e1ldez Aguilar detall\u00f3 que los desaf\u00edos globales actuales obligan a pensar de manera emp\u00e1tica y universal en la creaci\u00f3n de soluciones efectivas que permitan un verdadero cumplimiento de los derechos humanos de todas las personas, pues tanto la ciudadan\u00eda como las instituciones tienen la responsabilidad de defender la libertad y la democracia en pro de una sociedad m\u00e1s justa y equitativa.<\/p>\n\n\n\n<p>Al acto asistieron el presidente de la Mesa Directiva del Poder Legislativo del Estado de M\u00e9xico, Maurilio Hern\u00e1ndez Gonz\u00e1lez; el presidente del Colegio de Abogados y Abogadas de Costa Rica, Francisco Cruz Marchena; integrantes del Gabinete Universitario y del Colegio de Directores, as\u00ed como la comunidad universitaria.<\/p>\n","protected":false},"excerpt":{"rendered":"<p> Reconocen al rector Carlos Eduardo Barrera D\u00edaz y la directora de Derecho, Mar\u00eda Jos\u00e9 Bern\u00e1ldez Aguilar, por su destacada trayectoria profesional.<\/p>\n","protected":false},"author":1,"featured_media":10559,"comment_status":"open","ping_status":"open","sticky":false,"template":"","format":"standard","meta":{"footnotes":""},"categories":[108,3,1,231],"tags":[313,1982,86,82],"class_list":["post-10557","post","type-post","status-publish","format-standard","has-post-thumbnail","hentry","category-educacion","category-gobierno","category-otros","category-politica","tag-carlos-eduardo-barrera-diaz","tag-edomex","tag-gem","tag-uaemex"],"yoast_head":"<!-- This site is optimized with the Yoast SEO plugin v27.5 - https:\/\/yoast.com\/product\/yoast-seo-wordpress\/ -->\n<title>RECIBE CEBD RECONOCIMIENTO POR PARTE DE LA FEDERACI\u00d3N INTERAMERICANA DE ABOGADOS - Expresso Metropolitano<\/title>\n<meta name=\"robots\" content=\"index, follow, max-snippet:-1, max-image-preview:large, max-video-preview:-1\" \/>\n<link rel=\"canonical\" href=\"https:\/\/expressometro.mx\/index.php\/2024\/11\/22\/recibe-cebd-reconocimiento-por-parte-de-la-federacion-interamericana-de-abogados\/\" \/>\n<meta property=\"og:locale\" content=\"es_MX\" \/>\n<meta property=\"og:type\" content=\"article\" \/>\n<meta property=\"og:title\" content=\"RECIBE CEBD RECONOCIMIENTO POR PARTE DE LA FEDERACI\u00d3N INTERAMERICANA DE ABOGADOS - Expresso Metropolitano\" \/>\n<meta property=\"og:description\" content=\"Reconocen al rector Carlos Eduardo Barrera D\u00edaz y la directora de Derecho, Mar\u00eda Jos\u00e9 Bern\u00e1ldez Aguilar, por su destacada trayectoria profesional.\" \/>\n<meta property=\"og:url\" content=\"https:\/\/expressometro.mx\/index.php\/2024\/11\/22\/recibe-cebd-reconocimiento-por-parte-de-la-federacion-interamericana-de-abogados\/\" \/>\n<meta property=\"og:site_name\" content=\"Expresso Metropolitano\" \/>\n<meta property=\"article:published_time\" content=\"2024-11-22T17:22:33+00:00\" \/>\n<meta property=\"article:modified_time\" content=\"2024-12-03T17:50:12+00:00\" \/>\n<meta property=\"og:image\" content=\"http:\/\/expressometro.mx\/wp-content\/uploads\/2024\/12\/WhatsApp-Image-2024-12-03-at-11.38.22-AM.jpeg\" \/>\n\t<meta property=\"og:image:width\" content=\"800\" \/>\n\t<meta property=\"og:image:height\" content=\"533\" \/>\n\t<meta property=\"og:image:type\" content=\"image\/jpeg\" \/>\n<meta name=\"author\" content=\"Expresso Metropolitano\" \/>\n<meta name=\"twitter:label1\" content=\"Escrito por\" \/>\n\t<meta name=\"twitter:data1\" content=\"Expresso Metropolitano\" \/>\n\t<meta name=\"twitter:label2\" content=\"Tiempo de lectura\" \/>\n\t<meta name=\"twitter:data2\" content=\"4 minutos\" \/>\n<script type=\"application\/ld+json\" class=\"yoast-schema-graph\">{\"@context\":\"https:\\\/\\\/schema.org\",\"@graph\":[{\"@type\":\"Article\",\"@id\":\"https:\\\/\\\/expressometro.mx\\\/index.php\\\/2024\\\/11\\\/22\\\/recibe-cebd-reconocimiento-por-parte-de-la-federacion-interamericana-de-abogados\\\/#article\",\"isPartOf\":{\"@id\":\"https:\\\/\\\/expressometro.mx\\\/index.php\\\/2024\\\/11\\\/22\\\/recibe-cebd-reconocimiento-por-parte-de-la-federacion-interamericana-de-abogados\\\/\"},\"author\":{\"name\":\"Expresso Metropolitano\",\"@id\":\"https:\\\/\\\/expressometro.mx\\\/#\\\/schema\\\/person\\\/efa971b4a0664db8ed5c22b1b0dd2f5d\"},\"headline\":\"RECIBE CEBD RECONOCIMIENTO POR PARTE DE LA FEDERACI\u00d3N INTERAMERICANA DE ABOGADOS\",\"datePublished\":\"2024-11-22T17:22:33+00:00\",\"dateModified\":\"2024-12-03T17:50:12+00:00\",\"mainEntityOfPage\":{\"@id\":\"https:\\\/\\\/expressometro.mx\\\/index.php\\\/2024\\\/11\\\/22\\\/recibe-cebd-reconocimiento-por-parte-de-la-federacion-interamericana-de-abogados\\\/\"},\"wordCount\":818,\"commentCount\":0,\"publisher\":{\"@id\":\"https:\\\/\\\/expressometro.mx\\\/#organization\"},\"image\":{\"@id\":\"https:\\\/\\\/expressometro.mx\\\/index.php\\\/2024\\\/11\\\/22\\\/recibe-cebd-reconocimiento-por-parte-de-la-federacion-interamericana-de-abogados\\\/#primaryimage\"},\"thumbnailUrl\":\"https:\\\/\\\/expressometro.mx\\\/wp-content\\\/uploads\\\/2024\\\/12\\\/WhatsApp-Image-2024-12-03-at-11.38.22-AM.jpeg\",\"keywords\":[\"Carlos Eduardo Barrera D\u00edaz\",\"Edomex\",\"GEM\",\"UAEMex\"],\"articleSection\":[\"Educaci\u00f3n\",\"Gobierno\",\"Otros\",\"Pol\u00edtica\"],\"inLanguage\":\"es\",\"potentialAction\":[{\"@type\":\"CommentAction\",\"name\":\"Comment\",\"target\":[\"https:\\\/\\\/expressometro.mx\\\/index.php\\\/2024\\\/11\\\/22\\\/recibe-cebd-reconocimiento-por-parte-de-la-federacion-interamericana-de-abogados\\\/#respond\"]}]},{\"@type\":\"WebPage\",\"@id\":\"https:\\\/\\\/expressometro.mx\\\/index.php\\\/2024\\\/11\\\/22\\\/recibe-cebd-reconocimiento-por-parte-de-la-federacion-interamericana-de-abogados\\\/\",\"url\":\"https:\\\/\\\/expressometro.mx\\\/index.php\\\/2024\\\/11\\\/22\\\/recibe-cebd-reconocimiento-por-parte-de-la-federacion-interamericana-de-abogados\\\/\",\"name\":\"RECIBE CEBD RECONOCIMIENTO POR PARTE DE LA FEDERACI\u00d3N INTERAMERICANA DE ABOGADOS - Expresso Metropolitano\",\"isPartOf\":{\"@id\":\"https:\\\/\\\/expressometro.mx\\\/#website\"},\"primaryImageOfPage\":{\"@id\":\"https:\\\/\\\/expressometro.mx\\\/index.php\\\/2024\\\/11\\\/22\\\/recibe-cebd-reconocimiento-por-parte-de-la-federacion-interamericana-de-abogados\\\/#primaryimage\"},\"image\":{\"@id\":\"https:\\\/\\\/expressometro.mx\\\/index.php\\\/2024\\\/11\\\/22\\\/recibe-cebd-reconocimiento-por-parte-de-la-federacion-interamericana-de-abogados\\\/#primaryimage\"},\"thumbnailUrl\":\"https:\\\/\\\/expressometro.mx\\\/wp-content\\\/uploads\\\/2024\\\/12\\\/WhatsApp-Image-2024-12-03-at-11.38.22-AM.jpeg\",\"datePublished\":\"2024-11-22T17:22:33+00:00\",\"dateModified\":\"2024-12-03T17:50:12+00:00\",\"breadcrumb\":{\"@id\":\"https:\\\/\\\/expressometro.mx\\\/index.php\\\/2024\\\/11\\\/22\\\/recibe-cebd-reconocimiento-por-parte-de-la-federacion-interamericana-de-abogados\\\/#breadcrumb\"},\"inLanguage\":\"es\",\"potentialAction\":[{\"@type\":\"ReadAction\",\"target\":[\"https:\\\/\\\/expressometro.mx\\\/index.php\\\/2024\\\/11\\\/22\\\/recibe-cebd-reconocimiento-por-parte-de-la-federacion-interamericana-de-abogados\\\/\"]}]},{\"@type\":\"ImageObject\",\"inLanguage\":\"es\",\"@id\":\"https:\\\/\\\/expressometro.mx\\\/index.php\\\/2024\\\/11\\\/22\\\/recibe-cebd-reconocimiento-por-parte-de-la-federacion-interamericana-de-abogados\\\/#primaryimage\",\"url\":\"https:\\\/\\\/expressometro.mx\\\/wp-content\\\/uploads\\\/2024\\\/12\\\/WhatsApp-Image-2024-12-03-at-11.38.22-AM.jpeg\",\"contentUrl\":\"https:\\\/\\\/expressometro.mx\\\/wp-content\\\/uploads\\\/2024\\\/12\\\/WhatsApp-Image-2024-12-03-at-11.38.22-AM.jpeg\",\"width\":800,\"height\":533},{\"@type\":\"BreadcrumbList\",\"@id\":\"https:\\\/\\\/expressometro.mx\\\/index.php\\\/2024\\\/11\\\/22\\\/recibe-cebd-reconocimiento-por-parte-de-la-federacion-interamericana-de-abogados\\\/#breadcrumb\",\"itemListElement\":[{\"@type\":\"ListItem\",\"position\":1,\"name\":\"Inicio\",\"item\":\"https:\\\/\\\/expressometro.mx\\\/\"},{\"@type\":\"ListItem\",\"position\":2,\"name\":\"RECIBE CEBD RECONOCIMIENTO POR PARTE DE LA FEDERACI\u00d3N INTERAMERICANA DE ABOGADOS\"}]},{\"@type\":\"WebSite\",\"@id\":\"https:\\\/\\\/expressometro.mx\\\/#website\",\"url\":\"https:\\\/\\\/expressometro.mx\\\/\",\"name\":\"Expresso Metropolitano\",\"description\":\"Periodismo comprometido, informaci\u00f3n, investigaci\u00f3n y an\u00e1lisis\",\"publisher\":{\"@id\":\"https:\\\/\\\/expressometro.mx\\\/#organization\"},\"potentialAction\":[{\"@type\":\"SearchAction\",\"target\":{\"@type\":\"EntryPoint\",\"urlTemplate\":\"https:\\\/\\\/expressometro.mx\\\/?s={search_term_string}\"},\"query-input\":{\"@type\":\"PropertyValueSpecification\",\"valueRequired\":true,\"valueName\":\"search_term_string\"}}],\"inLanguage\":\"es\"},{\"@type\":\"Organization\",\"@id\":\"https:\\\/\\\/expressometro.mx\\\/#organization\",\"name\":\"Expresso Metropolitano\",\"url\":\"https:\\\/\\\/expressometro.mx\\\/\",\"logo\":{\"@type\":\"ImageObject\",\"inLanguage\":\"es\",\"@id\":\"https:\\\/\\\/expressometro.mx\\\/#\\\/schema\\\/logo\\\/image\\\/\",\"url\":\"https:\\\/\\\/expressometro.mx\\\/wp-content\\\/uploads\\\/2019\\\/07\\\/cropped-Logo-Expresso-Metropolitano-1-1.jpeg\",\"contentUrl\":\"https:\\\/\\\/expressometro.mx\\\/wp-content\\\/uploads\\\/2019\\\/07\\\/cropped-Logo-Expresso-Metropolitano-1-1.jpeg\",\"width\":290,\"height\":73,\"caption\":\"Expresso Metropolitano\"},\"image\":{\"@id\":\"https:\\\/\\\/expressometro.mx\\\/#\\\/schema\\\/logo\\\/image\\\/\"}},{\"@type\":\"Person\",\"@id\":\"https:\\\/\\\/expressometro.mx\\\/#\\\/schema\\\/person\\\/efa971b4a0664db8ed5c22b1b0dd2f5d\",\"name\":\"Expresso Metropolitano\",\"image\":{\"@type\":\"ImageObject\",\"inLanguage\":\"es\",\"@id\":\"https:\\\/\\\/secure.gravatar.com\\\/avatar\\\/a89f802b8de18c6952f223c88d3d106e9e3679839f4e25a02f4a6cc2ae6ba3b3?s=96&d=mm&r=g\",\"url\":\"https:\\\/\\\/secure.gravatar.com\\\/avatar\\\/a89f802b8de18c6952f223c88d3d106e9e3679839f4e25a02f4a6cc2ae6ba3b3?s=96&d=mm&r=g\",\"contentUrl\":\"https:\\\/\\\/secure.gravatar.com\\\/avatar\\\/a89f802b8de18c6952f223c88d3d106e9e3679839f4e25a02f4a6cc2ae6ba3b3?s=96&d=mm&r=g\",\"caption\":\"Expresso Metropolitano\"},\"url\":\"https:\\\/\\\/expressometro.mx\\\/index.php\\\/author\\\/diego\\\/\"}]}<\/script>\n<!-- \/ Yoast SEO plugin. -->","yoast_head_json":{"title":"RECIBE CEBD RECONOCIMIENTO POR PARTE DE LA FEDERACI\u00d3N INTERAMERICANA DE ABOGADOS - Expresso Metropolitano","robots":{"index":"index","follow":"follow","max-snippet":"max-snippet:-1","max-image-preview":"max-image-preview:large","max-video-preview":"max-video-preview:-1"},"canonical":"https:\/\/expressometro.mx\/index.php\/2024\/11\/22\/recibe-cebd-reconocimiento-por-parte-de-la-federacion-interamericana-de-abogados\/","og_locale":"es_MX","og_type":"article","og_title":"RECIBE CEBD RECONOCIMIENTO POR PARTE DE LA FEDERACI\u00d3N INTERAMERICANA DE ABOGADOS - Expresso Metropolitano","og_description":"Reconocen al rector Carlos Eduardo Barrera D\u00edaz y la directora de Derecho, Mar\u00eda Jos\u00e9 Bern\u00e1ldez Aguilar, por su destacada trayectoria profesional.","og_url":"https:\/\/expressometro.mx\/index.php\/2024\/11\/22\/recibe-cebd-reconocimiento-por-parte-de-la-federacion-interamericana-de-abogados\/","og_site_name":"Expresso Metropolitano","article_published_time":"2024-11-22T17:22:33+00:00","article_modified_time":"2024-12-03T17:50:12+00:00","og_image":[{"width":800,"height":533,"url":"http:\/\/expressometro.mx\/wp-content\/uploads\/2024\/12\/WhatsApp-Image-2024-12-03-at-11.38.22-AM.jpeg","type":"image\/jpeg"}],"author":"Expresso Metropolitano","twitter_misc":{"Escrito por":"Expresso Metropolitano","Tiempo de lectura":"4 minutos"},"schema":{"@context":"https:\/\/schema.org","@graph":[{"@type":"Article","@id":"https:\/\/expressometro.mx\/index.php\/2024\/11\/22\/recibe-cebd-reconocimiento-por-parte-de-la-federacion-interamericana-de-abogados\/#article","isPartOf":{"@id":"https:\/\/expressometro.mx\/index.php\/2024\/11\/22\/recibe-cebd-reconocimiento-por-parte-de-la-federacion-interamericana-de-abogados\/"},"author":{"name":"Expresso Metropolitano","@id":"https:\/\/expressometro.mx\/#\/schema\/person\/efa971b4a0664db8ed5c22b1b0dd2f5d"},"headline":"RECIBE CEBD RECONOCIMIENTO POR PARTE DE LA FEDERACI\u00d3N INTERAMERICANA DE ABOGADOS","datePublished":"2024-11-22T17:22:33+00:00","dateModified":"2024-12-03T17:50:12+00:00","mainEntityOfPage":{"@id":"https:\/\/expressometro.mx\/index.php\/2024\/11\/22\/recibe-cebd-reconocimiento-por-parte-de-la-federacion-interamericana-de-abogados\/"},"wordCount":818,"commentCount":0,"publisher":{"@id":"https:\/\/expressometro.mx\/#organization"},"image":{"@id":"https:\/\/expressometro.mx\/index.php\/2024\/11\/22\/recibe-cebd-reconocimiento-por-parte-de-la-federacion-interamericana-de-abogados\/#primaryimage"},"thumbnailUrl":"https:\/\/expressometro.mx\/wp-content\/uploads\/2024\/12\/WhatsApp-Image-2024-12-03-at-11.38.22-AM.jpeg","keywords":["Carlos Eduardo Barrera D\u00edaz","Edomex","GEM","UAEMex"],"articleSection":["Educaci\u00f3n","Gobierno","Otros","Pol\u00edtica"],"inLanguage":"es","potentialAction":[{"@type":"CommentAction","name":"Comment","target":["https:\/\/expressometro.mx\/index.php\/2024\/11\/22\/recibe-cebd-reconocimiento-por-parte-de-la-federacion-interamericana-de-abogados\/#respond"]}]},{"@type":"WebPage","@id":"https:\/\/expressometro.mx\/index.php\/2024\/11\/22\/recibe-cebd-reconocimiento-por-parte-de-la-federacion-interamericana-de-abogados\/","url":"https:\/\/expressometro.mx\/index.php\/2024\/11\/22\/recibe-cebd-reconocimiento-por-parte-de-la-federacion-interamericana-de-abogados\/","name":"RECIBE CEBD RECONOCIMIENTO POR PARTE DE LA FEDERACI\u00d3N INTERAMERICANA DE ABOGADOS - Expresso Metropolitano","isPartOf":{"@id":"https:\/\/expressometro.mx\/#website"},"primaryImageOfPage":{"@id":"https:\/\/expressometro.mx\/index.php\/2024\/11\/22\/recibe-cebd-reconocimiento-por-parte-de-la-federacion-interamericana-de-abogados\/#primaryimage"},"image":{"@id":"https:\/\/expressometro.mx\/index.php\/2024\/11\/22\/recibe-cebd-reconocimiento-por-parte-de-la-federacion-interamericana-de-abogados\/#primaryimage"},"thumbnailUrl":"https:\/\/expressometro.mx\/wp-content\/uploads\/2024\/12\/WhatsApp-Image-2024-12-03-at-11.38.22-AM.jpeg","datePublished":"2024-11-22T17:22:33+00:00","dateModified":"2024-12-03T17:50:12+00:00","breadcrumb":{"@id":"https:\/\/expressometro.mx\/index.php\/2024\/11\/22\/recibe-cebd-reconocimiento-por-parte-de-la-federacion-interamericana-de-abogados\/#breadcrumb"},"inLanguage":"es","potentialAction":[{"@type":"ReadAction","target":["https:\/\/expressometro.mx\/index.php\/2024\/11\/22\/recibe-cebd-reconocimiento-por-parte-de-la-federacion-interamericana-de-abogados\/"]}]},{"@type":"ImageObject","inLanguage":"es","@id":"https:\/\/expressometro.mx\/index.php\/2024\/11\/22\/recibe-cebd-reconocimiento-por-parte-de-la-federacion-interamericana-de-abogados\/#primaryimage","url":"https:\/\/expressometro.mx\/wp-content\/uploads\/2024\/12\/WhatsApp-Image-2024-12-03-at-11.38.22-AM.jpeg","contentUrl":"https:\/\/expressometro.mx\/wp-content\/uploads\/2024\/12\/WhatsApp-Image-2024-12-03-at-11.38.22-AM.jpeg","width":800,"height":533},{"@type":"BreadcrumbList","@id":"https:\/\/expressometro.mx\/index.php\/2024\/11\/22\/recibe-cebd-reconocimiento-por-parte-de-la-federacion-interamericana-de-abogados\/#breadcrumb","itemListElement":[{"@type":"ListItem","position":1,"name":"Inicio","item":"https:\/\/expressometro.mx\/"},{"@type":"ListItem","position":2,"name":"RECIBE CEBD RECONOCIMIENTO POR PARTE DE LA FEDERACI\u00d3N INTERAMERICANA DE ABOGADOS"}]},{"@type":"WebSite","@id":"https:\/\/expressometro.mx\/#website","url":"https:\/\/expressometro.mx\/","name":"Expresso Metropolitano","description":"Periodismo comprometido, informaci\u00f3n, investigaci\u00f3n y an\u00e1lisis","publisher":{"@id":"https:\/\/expressometro.mx\/#organization"},"potentialAction":[{"@type":"SearchAction","target":{"@type":"EntryPoint","urlTemplate":"https:\/\/expressometro.mx\/?s={search_term_string}"},"query-input":{"@type":"PropertyValueSpecification","valueRequired":true,"valueName":"search_term_string"}}],"inLanguage":"es"},{"@type":"Organization","@id":"https:\/\/expressometro.mx\/#organization","name":"Expresso Metropolitano","url":"https:\/\/expressometro.mx\/","logo":{"@type":"ImageObject","inLanguage":"es","@id":"https:\/\/expressometro.mx\/#\/schema\/logo\/image\/","url":"https:\/\/expressometro.mx\/wp-content\/uploads\/2019\/07\/cropped-Logo-Expresso-Metropolitano-1-1.jpeg","contentUrl":"https:\/\/expressometro.mx\/wp-content\/uploads\/2019\/07\/cropped-Logo-Expresso-Metropolitano-1-1.jpeg","width":290,"height":73,"caption":"Expresso Metropolitano"},"image":{"@id":"https:\/\/expressometro.mx\/#\/schema\/logo\/image\/"}},{"@type":"Person","@id":"https:\/\/expressometro.mx\/#\/schema\/person\/efa971b4a0664db8ed5c22b1b0dd2f5d","name":"Expresso Metropolitano","image":{"@type":"ImageObject","inLanguage":"es","@id":"https:\/\/secure.gravatar.com\/avatar\/a89f802b8de18c6952f223c88d3d106e9e3679839f4e25a02f4a6cc2ae6ba3b3?s=96&d=mm&r=g","url":"https:\/\/secure.gravatar.com\/avatar\/a89f802b8de18c6952f223c88d3d106e9e3679839f4e25a02f4a6cc2ae6ba3b3?s=96&d=mm&r=g","contentUrl":"https:\/\/secure.gravatar.com\/avatar\/a89f802b8de18c6952f223c88d3d106e9e3679839f4e25a02f4a6cc2ae6ba3b3?s=96&d=mm&r=g","caption":"Expresso Metropolitano"},"url":"https:\/\/expressometro.mx\/index.php\/author\/diego\/"}]}},"amp_enabled":true,"_links":{"self":[{"href":"https:\/\/expressometro.mx\/index.php\/wp-json\/wp\/v2\/posts\/10557","targetHints":{"allow":["GET"]}}],"collection":[{"href":"https:\/\/expressometro.mx\/index.php\/wp-json\/wp\/v2\/posts"}],"about":[{"href":"https:\/\/expressometro.mx\/index.php\/wp-json\/wp\/v2\/types\/post"}],"author":[{"embeddable":true,"href":"https:\/\/expressometro.mx\/index.php\/wp-json\/wp\/v2\/users\/1"}],"replies":[{"embeddable":true,"href":"https:\/\/expressometro.mx\/index.php\/wp-json\/wp\/v2\/comments?post=10557"}],"version-history":[{"count":1,"href":"https:\/\/expressometro.mx\/index.php\/wp-json\/wp\/v2\/posts\/10557\/revisions"}],"predecessor-version":[{"id":10561,"href":"https:\/\/expressometro.mx\/index.php\/wp-json\/wp\/v2\/posts\/10557\/revisions\/10561"}],"wp:featuredmedia":[{"embeddable":true,"href":"https:\/\/expressometro.mx\/index.php\/wp-json\/wp\/v2\/media\/10559"}],"wp:attachment":[{"href":"https:\/\/expressometro.mx\/index.php\/wp-json\/wp\/v2\/media?parent=10557"}],"wp:term":[{"taxonomy":"category","embeddable":true,"href":"https:\/\/expressometro.mx\/index.php\/wp-json\/wp\/v2\/categories?post=10557"},{"taxonomy":"post_tag","embeddable":true,"href":"https:\/\/expressometro.mx\/index.php\/wp-json\/wp\/v2\/tags?post=10557"}],"curies":[{"name":"wp","href":"https:\/\/api.w.org\/{rel}","templated":true}]}}