{"id":10551,"date":"2024-11-21T10:58:27","date_gmt":"2024-11-21T16:58:27","guid":{"rendered":"https:\/\/expressometro.mx\/?p=10551"},"modified":"2024-12-03T11:16:38","modified_gmt":"2024-12-03T17:16:38","slug":"comunidad-estudiantil-reconoce-a-la-administracion-universitaria-de-la-uaemex-por-su-compromiso-con-las-juventudes","status":"publish","type":"post","link":"https:\/\/expressometro.mx\/index.php\/2024\/11\/21\/comunidad-estudiantil-reconoce-a-la-administracion-universitaria-de-la-uaemex-por-su-compromiso-con-las-juventudes\/","title":{"rendered":"COMUNIDAD ESTUDIANTIL RECONOCE A LA ADMINISTRACI\u00d3N UNIVERSITARIA DE LA UAEM\u00c9X POR SU COMPROMISO CON LAS JUVENTUDES"},"content":{"rendered":"\n<p>* La UAEM\u00e9x devel\u00f3 una placa del testimonio hist\u00f3rico de universitarias y universitarios que recibieron por parte del Poder Ejecutivo del Gobierno de la entidad, el Premio Estatal de la Juventud en el periodo 2021-2024.<\/p>\n\n\n\n<p>En el marco de la celebraci\u00f3n del D\u00eda Internacional de las y los Estudiantes, la Universidad Aut\u00f3noma del Estado de M\u00e9xico (UAEM\u00e9x) devel\u00f3 una placa del testimonio hist\u00f3rico de universitarias y universitarios que recibieron por parte del Poder Ejecutivo del Gobierno de la entidad el Premio Estatal de la Juventud en los a\u00f1os 2021, 2022, 2023 y 2024.<\/p>\n\n\n\n<p>El rector de la UAEM\u00e9x, Carlos Eduardo Barrera D\u00edaz, acompa\u00f1ado del director General del Instituto Mexiquense de la Juventud (IMEJ), Sergio Jassiel Zamora L\u00f3pez, coment\u00f3 que esta conmemoraci\u00f3n destaca la importancia de la figura de las y los estudiantes y su papel transformador en la sociedad.<\/p>\n\n\n\n<p>En este sentido, Barrera D\u00edaz afirm\u00f3 que la educaci\u00f3n es un derecho fundamental de todas las personas y la clave para la construcci\u00f3n de sociedades justas y equitativas, por lo cual la M\u00e1xima Casa de Estudios mexiquense reafirm\u00f3 su compromiso con la vanguardia educativa al ser reconocida por cuarto a\u00f1o consecutivo por el ranking Times Higher Education (THE) como la mejor universidad p\u00fablica estatal de M\u00e9xico, brindando los mejores servicios a las y los estudiantes que se forman en ella.<\/p>\n\n\n\n<figure class=\"wp-block-image size-large\"><img decoding=\"async\" width=\"840\" height=\"383\" src=\"https:\/\/expressometro.mx\/wp-content\/uploads\/2024\/12\/WhatsApp-Image-2024-12-03-at-11.09.41-AM-840x383.jpeg\" alt=\"\" class=\"wp-image-10554\" srcset=\"https:\/\/expressometro.mx\/wp-content\/uploads\/2024\/12\/WhatsApp-Image-2024-12-03-at-11.09.41-AM-840x383.jpeg 840w, https:\/\/expressometro.mx\/wp-content\/uploads\/2024\/12\/WhatsApp-Image-2024-12-03-at-11.09.41-AM-660x301.jpeg 660w, https:\/\/expressometro.mx\/wp-content\/uploads\/2024\/12\/WhatsApp-Image-2024-12-03-at-11.09.41-AM-768x350.jpeg 768w, https:\/\/expressometro.mx\/wp-content\/uploads\/2024\/12\/WhatsApp-Image-2024-12-03-at-11.09.41-AM.jpeg 1280w\" sizes=\"(max-width: 840px) 100vw, 840px\" \/><\/figure>\n\n\n\n<p>\u201cReconocer al alumnado desde sus esfuerzos individuales y colectivos implica un gran paso hacia el mejoramiento de la calidad de la educaci\u00f3n entendiendo su rol y participaci\u00f3n colaborativa, por ello, a la comunidad universitaria le invito a nunca desistir y a siempre optar por la ruta del \u00e9xito\u201d, dijo.<\/p>\n\n\n\n<p>En tanto, Zamora L\u00f3pez resalt\u00f3 que para el IMEJ la entrega del Premio Estatal de la Juventud es un gran orgullo, pues muchas de las personas reconocidas con este galard\u00f3n siguen incidiendo de manera real y profunda en lugares de toma de decisiones en los diferentes sectores y modalidades en las que fueron reconocidas, por lo que su trabajo sigue siendo tangible dentro de la sociedad mexiquense.<\/p>\n\n\n\n<p>En este marco, Zamora L\u00f3pez reconoci\u00f3 a la UAEM\u00e9x por su incansable compromiso con las juventudes mexiquenses, pues adem\u00e1s de inmortalizar sus nombres en este acto, ha permitido su desarrollo en el pleno ejercicio de sus derechos, a fin de alcanzar el estatus de bienestar deseado al sumar voluntades con el IMEJ.<\/p>\n\n\n\n<p>Por su parte, el representante de las juventudes galardonadas, Eliot Fernando Cruz D\u00edaz, asever\u00f3 que las juventudes tienen una gran capacidad de transformaci\u00f3n en la sociedad al trabajar en la b\u00fasqueda de un bienestar colectivo, por lo que agradeci\u00f3 a la Administraci\u00f3n Universitaria 2021-2025 de la UAEM\u00e9x por su liderazgo que ha permitido florecer el potencial de sus estudiantes y por hacer historia al dejar testimonio de quienes representan a su comunidad.<\/p>\n\n\n\n<p>Al acto asistieron la presidenta de la Comisi\u00f3n Legislativa de Juventud y de Deporte del Congreso del Estado de M\u00e9xico y estudiante de la Licenciatura en Administraci\u00f3n de la UAEM\u00e9x, Alejandra Figueroa Adame; el secretario de Docencia, Jos\u00e9 Raymundo Marcial Romero; la directora General de Comunicaci\u00f3n Universitaria, Ginarely Valencia Alc\u00e1ntara; la ganadora del Premio Estatal de la Juventud 2022 en modalidad de Labor Social, Natali Ixchel T\u00e9llez Col\u00edn; integrantes del Gabinete Universitario y del Colegio de Directores, as\u00ed como las y los universitarios galardonados.<\/p>\n","protected":false},"excerpt":{"rendered":"<p>La UAEM\u00e9x devel\u00f3 una placa del testimonio hist\u00f3rico de universitarias y universitarios que recibieron por parte del Poder Ejecutivo del Gobierno de la entidad, el Premio Estatal de la Juventud en el periodo 2021-2024.<\/p>\n","protected":false},"author":1,"featured_media":10553,"comment_status":"open","ping_status":"open","sticky":false,"template":"","format":"standard","meta":{"footnotes":""},"categories":[108,3,1,231],"tags":[313,1982,86,82],"class_list":["post-10551","post","type-post","status-publish","format-standard","has-post-thumbnail","hentry","category-educacion","category-gobierno","category-otros","category-politica","tag-carlos-eduardo-barrera-diaz","tag-edomex","tag-gem","tag-uaemex"],"yoast_head":"<!-- This site is optimized with the Yoast SEO plugin v27.5 - https:\/\/yoast.com\/product\/yoast-seo-wordpress\/ -->\n<title>COMUNIDAD ESTUDIANTIL RECONOCE A LA ADMINISTRACI\u00d3N UNIVERSITARIA DE LA UAEM\u00c9X POR SU COMPROMISO CON LAS JUVENTUDES - Expresso Metropolitano<\/title>\n<meta name=\"robots\" content=\"index, follow, max-snippet:-1, max-image-preview:large, max-video-preview:-1\" \/>\n<link rel=\"canonical\" href=\"https:\/\/expressometro.mx\/index.php\/2024\/11\/21\/comunidad-estudiantil-reconoce-a-la-administracion-universitaria-de-la-uaemex-por-su-compromiso-con-las-juventudes\/\" \/>\n<meta property=\"og:locale\" content=\"es_MX\" \/>\n<meta property=\"og:type\" content=\"article\" \/>\n<meta property=\"og:title\" content=\"COMUNIDAD ESTUDIANTIL RECONOCE A LA ADMINISTRACI\u00d3N UNIVERSITARIA DE LA UAEM\u00c9X POR SU COMPROMISO CON LAS JUVENTUDES - Expresso Metropolitano\" \/>\n<meta property=\"og:description\" content=\"La UAEM\u00e9x devel\u00f3 una placa del testimonio hist\u00f3rico de universitarias y universitarios que recibieron por parte del Poder Ejecutivo del Gobierno de la entidad, el Premio Estatal de la Juventud en el periodo 2021-2024.\" \/>\n<meta property=\"og:url\" content=\"https:\/\/expressometro.mx\/index.php\/2024\/11\/21\/comunidad-estudiantil-reconoce-a-la-administracion-universitaria-de-la-uaemex-por-su-compromiso-con-las-juventudes\/\" \/>\n<meta property=\"og:site_name\" content=\"Expresso Metropolitano\" \/>\n<meta property=\"article:published_time\" content=\"2024-11-21T16:58:27+00:00\" \/>\n<meta property=\"article:modified_time\" content=\"2024-12-03T17:16:38+00:00\" \/>\n<meta property=\"og:image\" content=\"http:\/\/expressometro.mx\/wp-content\/uploads\/2024\/12\/WhatsApp-Image-2024-12-03-at-11.09.13-AM.jpeg\" \/>\n\t<meta property=\"og:image:width\" content=\"800\" \/>\n\t<meta property=\"og:image:height\" content=\"533\" \/>\n\t<meta property=\"og:image:type\" content=\"image\/jpeg\" \/>\n<meta name=\"author\" content=\"Expresso Metropolitano\" \/>\n<meta name=\"twitter:label1\" content=\"Escrito por\" \/>\n\t<meta name=\"twitter:data1\" content=\"Expresso Metropolitano\" \/>\n\t<meta name=\"twitter:label2\" content=\"Tiempo de lectura\" \/>\n\t<meta name=\"twitter:data2\" content=\"3 minutos\" \/>\n<script type=\"application\/ld+json\" class=\"yoast-schema-graph\">{\"@context\":\"https:\\\/\\\/schema.org\",\"@graph\":[{\"@type\":\"Article\",\"@id\":\"https:\\\/\\\/expressometro.mx\\\/index.php\\\/2024\\\/11\\\/21\\\/comunidad-estudiantil-reconoce-a-la-administracion-universitaria-de-la-uaemex-por-su-compromiso-con-las-juventudes\\\/#article\",\"isPartOf\":{\"@id\":\"https:\\\/\\\/expressometro.mx\\\/index.php\\\/2024\\\/11\\\/21\\\/comunidad-estudiantil-reconoce-a-la-administracion-universitaria-de-la-uaemex-por-su-compromiso-con-las-juventudes\\\/\"},\"author\":{\"name\":\"Expresso Metropolitano\",\"@id\":\"https:\\\/\\\/expressometro.mx\\\/#\\\/schema\\\/person\\\/efa971b4a0664db8ed5c22b1b0dd2f5d\"},\"headline\":\"COMUNIDAD ESTUDIANTIL RECONOCE A LA ADMINISTRACI\u00d3N UNIVERSITARIA DE LA UAEM\u00c9X POR SU COMPROMISO CON LAS JUVENTUDES\",\"datePublished\":\"2024-11-21T16:58:27+00:00\",\"dateModified\":\"2024-12-03T17:16:38+00:00\",\"mainEntityOfPage\":{\"@id\":\"https:\\\/\\\/expressometro.mx\\\/index.php\\\/2024\\\/11\\\/21\\\/comunidad-estudiantil-reconoce-a-la-administracion-universitaria-de-la-uaemex-por-su-compromiso-con-las-juventudes\\\/\"},\"wordCount\":596,\"commentCount\":0,\"publisher\":{\"@id\":\"https:\\\/\\\/expressometro.mx\\\/#organization\"},\"image\":{\"@id\":\"https:\\\/\\\/expressometro.mx\\\/index.php\\\/2024\\\/11\\\/21\\\/comunidad-estudiantil-reconoce-a-la-administracion-universitaria-de-la-uaemex-por-su-compromiso-con-las-juventudes\\\/#primaryimage\"},\"thumbnailUrl\":\"https:\\\/\\\/expressometro.mx\\\/wp-content\\\/uploads\\\/2024\\\/12\\\/WhatsApp-Image-2024-12-03-at-11.09.13-AM.jpeg\",\"keywords\":[\"Carlos Eduardo Barrera D\u00edaz\",\"Edomex\",\"GEM\",\"UAEMex\"],\"articleSection\":[\"Educaci\u00f3n\",\"Gobierno\",\"Otros\",\"Pol\u00edtica\"],\"inLanguage\":\"es\",\"potentialAction\":[{\"@type\":\"CommentAction\",\"name\":\"Comment\",\"target\":[\"https:\\\/\\\/expressometro.mx\\\/index.php\\\/2024\\\/11\\\/21\\\/comunidad-estudiantil-reconoce-a-la-administracion-universitaria-de-la-uaemex-por-su-compromiso-con-las-juventudes\\\/#respond\"]}]},{\"@type\":\"WebPage\",\"@id\":\"https:\\\/\\\/expressometro.mx\\\/index.php\\\/2024\\\/11\\\/21\\\/comunidad-estudiantil-reconoce-a-la-administracion-universitaria-de-la-uaemex-por-su-compromiso-con-las-juventudes\\\/\",\"url\":\"https:\\\/\\\/expressometro.mx\\\/index.php\\\/2024\\\/11\\\/21\\\/comunidad-estudiantil-reconoce-a-la-administracion-universitaria-de-la-uaemex-por-su-compromiso-con-las-juventudes\\\/\",\"name\":\"COMUNIDAD ESTUDIANTIL RECONOCE A LA ADMINISTRACI\u00d3N UNIVERSITARIA DE LA UAEM\u00c9X POR SU COMPROMISO CON LAS JUVENTUDES - Expresso Metropolitano\",\"isPartOf\":{\"@id\":\"https:\\\/\\\/expressometro.mx\\\/#website\"},\"primaryImageOfPage\":{\"@id\":\"https:\\\/\\\/expressometro.mx\\\/index.php\\\/2024\\\/11\\\/21\\\/comunidad-estudiantil-reconoce-a-la-administracion-universitaria-de-la-uaemex-por-su-compromiso-con-las-juventudes\\\/#primaryimage\"},\"image\":{\"@id\":\"https:\\\/\\\/expressometro.mx\\\/index.php\\\/2024\\\/11\\\/21\\\/comunidad-estudiantil-reconoce-a-la-administracion-universitaria-de-la-uaemex-por-su-compromiso-con-las-juventudes\\\/#primaryimage\"},\"thumbnailUrl\":\"https:\\\/\\\/expressometro.mx\\\/wp-content\\\/uploads\\\/2024\\\/12\\\/WhatsApp-Image-2024-12-03-at-11.09.13-AM.jpeg\",\"datePublished\":\"2024-11-21T16:58:27+00:00\",\"dateModified\":\"2024-12-03T17:16:38+00:00\",\"breadcrumb\":{\"@id\":\"https:\\\/\\\/expressometro.mx\\\/index.php\\\/2024\\\/11\\\/21\\\/comunidad-estudiantil-reconoce-a-la-administracion-universitaria-de-la-uaemex-por-su-compromiso-con-las-juventudes\\\/#breadcrumb\"},\"inLanguage\":\"es\",\"potentialAction\":[{\"@type\":\"ReadAction\",\"target\":[\"https:\\\/\\\/expressometro.mx\\\/index.php\\\/2024\\\/11\\\/21\\\/comunidad-estudiantil-reconoce-a-la-administracion-universitaria-de-la-uaemex-por-su-compromiso-con-las-juventudes\\\/\"]}]},{\"@type\":\"ImageObject\",\"inLanguage\":\"es\",\"@id\":\"https:\\\/\\\/expressometro.mx\\\/index.php\\\/2024\\\/11\\\/21\\\/comunidad-estudiantil-reconoce-a-la-administracion-universitaria-de-la-uaemex-por-su-compromiso-con-las-juventudes\\\/#primaryimage\",\"url\":\"https:\\\/\\\/expressometro.mx\\\/wp-content\\\/uploads\\\/2024\\\/12\\\/WhatsApp-Image-2024-12-03-at-11.09.13-AM.jpeg\",\"contentUrl\":\"https:\\\/\\\/expressometro.mx\\\/wp-content\\\/uploads\\\/2024\\\/12\\\/WhatsApp-Image-2024-12-03-at-11.09.13-AM.jpeg\",\"width\":800,\"height\":533},{\"@type\":\"BreadcrumbList\",\"@id\":\"https:\\\/\\\/expressometro.mx\\\/index.php\\\/2024\\\/11\\\/21\\\/comunidad-estudiantil-reconoce-a-la-administracion-universitaria-de-la-uaemex-por-su-compromiso-con-las-juventudes\\\/#breadcrumb\",\"itemListElement\":[{\"@type\":\"ListItem\",\"position\":1,\"name\":\"Inicio\",\"item\":\"https:\\\/\\\/expressometro.mx\\\/\"},{\"@type\":\"ListItem\",\"position\":2,\"name\":\"COMUNIDAD ESTUDIANTIL RECONOCE A LA ADMINISTRACI\u00d3N UNIVERSITARIA DE LA UAEM\u00c9X POR SU COMPROMISO CON LAS JUVENTUDES\"}]},{\"@type\":\"WebSite\",\"@id\":\"https:\\\/\\\/expressometro.mx\\\/#website\",\"url\":\"https:\\\/\\\/expressometro.mx\\\/\",\"name\":\"Expresso Metropolitano\",\"description\":\"Periodismo comprometido, informaci\u00f3n, investigaci\u00f3n y an\u00e1lisis\",\"publisher\":{\"@id\":\"https:\\\/\\\/expressometro.mx\\\/#organization\"},\"potentialAction\":[{\"@type\":\"SearchAction\",\"target\":{\"@type\":\"EntryPoint\",\"urlTemplate\":\"https:\\\/\\\/expressometro.mx\\\/?s={search_term_string}\"},\"query-input\":{\"@type\":\"PropertyValueSpecification\",\"valueRequired\":true,\"valueName\":\"search_term_string\"}}],\"inLanguage\":\"es\"},{\"@type\":\"Organization\",\"@id\":\"https:\\\/\\\/expressometro.mx\\\/#organization\",\"name\":\"Expresso Metropolitano\",\"url\":\"https:\\\/\\\/expressometro.mx\\\/\",\"logo\":{\"@type\":\"ImageObject\",\"inLanguage\":\"es\",\"@id\":\"https:\\\/\\\/expressometro.mx\\\/#\\\/schema\\\/logo\\\/image\\\/\",\"url\":\"https:\\\/\\\/expressometro.mx\\\/wp-content\\\/uploads\\\/2019\\\/07\\\/cropped-Logo-Expresso-Metropolitano-1-1.jpeg\",\"contentUrl\":\"https:\\\/\\\/expressometro.mx\\\/wp-content\\\/uploads\\\/2019\\\/07\\\/cropped-Logo-Expresso-Metropolitano-1-1.jpeg\",\"width\":290,\"height\":73,\"caption\":\"Expresso Metropolitano\"},\"image\":{\"@id\":\"https:\\\/\\\/expressometro.mx\\\/#\\\/schema\\\/logo\\\/image\\\/\"}},{\"@type\":\"Person\",\"@id\":\"https:\\\/\\\/expressometro.mx\\\/#\\\/schema\\\/person\\\/efa971b4a0664db8ed5c22b1b0dd2f5d\",\"name\":\"Expresso Metropolitano\",\"image\":{\"@type\":\"ImageObject\",\"inLanguage\":\"es\",\"@id\":\"https:\\\/\\\/secure.gravatar.com\\\/avatar\\\/a89f802b8de18c6952f223c88d3d106e9e3679839f4e25a02f4a6cc2ae6ba3b3?s=96&d=mm&r=g\",\"url\":\"https:\\\/\\\/secure.gravatar.com\\\/avatar\\\/a89f802b8de18c6952f223c88d3d106e9e3679839f4e25a02f4a6cc2ae6ba3b3?s=96&d=mm&r=g\",\"contentUrl\":\"https:\\\/\\\/secure.gravatar.com\\\/avatar\\\/a89f802b8de18c6952f223c88d3d106e9e3679839f4e25a02f4a6cc2ae6ba3b3?s=96&d=mm&r=g\",\"caption\":\"Expresso Metropolitano\"},\"url\":\"https:\\\/\\\/expressometro.mx\\\/index.php\\\/author\\\/diego\\\/\"}]}<\/script>\n<!-- \/ Yoast SEO plugin. -->","yoast_head_json":{"title":"COMUNIDAD ESTUDIANTIL RECONOCE A LA ADMINISTRACI\u00d3N UNIVERSITARIA DE LA UAEM\u00c9X POR SU COMPROMISO CON LAS JUVENTUDES - Expresso Metropolitano","robots":{"index":"index","follow":"follow","max-snippet":"max-snippet:-1","max-image-preview":"max-image-preview:large","max-video-preview":"max-video-preview:-1"},"canonical":"https:\/\/expressometro.mx\/index.php\/2024\/11\/21\/comunidad-estudiantil-reconoce-a-la-administracion-universitaria-de-la-uaemex-por-su-compromiso-con-las-juventudes\/","og_locale":"es_MX","og_type":"article","og_title":"COMUNIDAD ESTUDIANTIL RECONOCE A LA ADMINISTRACI\u00d3N UNIVERSITARIA DE LA UAEM\u00c9X POR SU COMPROMISO CON LAS JUVENTUDES - Expresso Metropolitano","og_description":"La UAEM\u00e9x devel\u00f3 una placa del testimonio hist\u00f3rico de universitarias y universitarios que recibieron por parte del Poder Ejecutivo del Gobierno de la entidad, el Premio Estatal de la Juventud en el periodo 2021-2024.","og_url":"https:\/\/expressometro.mx\/index.php\/2024\/11\/21\/comunidad-estudiantil-reconoce-a-la-administracion-universitaria-de-la-uaemex-por-su-compromiso-con-las-juventudes\/","og_site_name":"Expresso Metropolitano","article_published_time":"2024-11-21T16:58:27+00:00","article_modified_time":"2024-12-03T17:16:38+00:00","og_image":[{"width":800,"height":533,"url":"http:\/\/expressometro.mx\/wp-content\/uploads\/2024\/12\/WhatsApp-Image-2024-12-03-at-11.09.13-AM.jpeg","type":"image\/jpeg"}],"author":"Expresso Metropolitano","twitter_misc":{"Escrito por":"Expresso Metropolitano","Tiempo de lectura":"3 minutos"},"schema":{"@context":"https:\/\/schema.org","@graph":[{"@type":"Article","@id":"https:\/\/expressometro.mx\/index.php\/2024\/11\/21\/comunidad-estudiantil-reconoce-a-la-administracion-universitaria-de-la-uaemex-por-su-compromiso-con-las-juventudes\/#article","isPartOf":{"@id":"https:\/\/expressometro.mx\/index.php\/2024\/11\/21\/comunidad-estudiantil-reconoce-a-la-administracion-universitaria-de-la-uaemex-por-su-compromiso-con-las-juventudes\/"},"author":{"name":"Expresso Metropolitano","@id":"https:\/\/expressometro.mx\/#\/schema\/person\/efa971b4a0664db8ed5c22b1b0dd2f5d"},"headline":"COMUNIDAD ESTUDIANTIL RECONOCE A LA ADMINISTRACI\u00d3N UNIVERSITARIA DE LA UAEM\u00c9X POR SU COMPROMISO CON LAS JUVENTUDES","datePublished":"2024-11-21T16:58:27+00:00","dateModified":"2024-12-03T17:16:38+00:00","mainEntityOfPage":{"@id":"https:\/\/expressometro.mx\/index.php\/2024\/11\/21\/comunidad-estudiantil-reconoce-a-la-administracion-universitaria-de-la-uaemex-por-su-compromiso-con-las-juventudes\/"},"wordCount":596,"commentCount":0,"publisher":{"@id":"https:\/\/expressometro.mx\/#organization"},"image":{"@id":"https:\/\/expressometro.mx\/index.php\/2024\/11\/21\/comunidad-estudiantil-reconoce-a-la-administracion-universitaria-de-la-uaemex-por-su-compromiso-con-las-juventudes\/#primaryimage"},"thumbnailUrl":"https:\/\/expressometro.mx\/wp-content\/uploads\/2024\/12\/WhatsApp-Image-2024-12-03-at-11.09.13-AM.jpeg","keywords":["Carlos Eduardo Barrera D\u00edaz","Edomex","GEM","UAEMex"],"articleSection":["Educaci\u00f3n","Gobierno","Otros","Pol\u00edtica"],"inLanguage":"es","potentialAction":[{"@type":"CommentAction","name":"Comment","target":["https:\/\/expressometro.mx\/index.php\/2024\/11\/21\/comunidad-estudiantil-reconoce-a-la-administracion-universitaria-de-la-uaemex-por-su-compromiso-con-las-juventudes\/#respond"]}]},{"@type":"WebPage","@id":"https:\/\/expressometro.mx\/index.php\/2024\/11\/21\/comunidad-estudiantil-reconoce-a-la-administracion-universitaria-de-la-uaemex-por-su-compromiso-con-las-juventudes\/","url":"https:\/\/expressometro.mx\/index.php\/2024\/11\/21\/comunidad-estudiantil-reconoce-a-la-administracion-universitaria-de-la-uaemex-por-su-compromiso-con-las-juventudes\/","name":"COMUNIDAD ESTUDIANTIL RECONOCE A LA ADMINISTRACI\u00d3N UNIVERSITARIA DE LA UAEM\u00c9X POR SU COMPROMISO CON LAS JUVENTUDES - Expresso Metropolitano","isPartOf":{"@id":"https:\/\/expressometro.mx\/#website"},"primaryImageOfPage":{"@id":"https:\/\/expressometro.mx\/index.php\/2024\/11\/21\/comunidad-estudiantil-reconoce-a-la-administracion-universitaria-de-la-uaemex-por-su-compromiso-con-las-juventudes\/#primaryimage"},"image":{"@id":"https:\/\/expressometro.mx\/index.php\/2024\/11\/21\/comunidad-estudiantil-reconoce-a-la-administracion-universitaria-de-la-uaemex-por-su-compromiso-con-las-juventudes\/#primaryimage"},"thumbnailUrl":"https:\/\/expressometro.mx\/wp-content\/uploads\/2024\/12\/WhatsApp-Image-2024-12-03-at-11.09.13-AM.jpeg","datePublished":"2024-11-21T16:58:27+00:00","dateModified":"2024-12-03T17:16:38+00:00","breadcrumb":{"@id":"https:\/\/expressometro.mx\/index.php\/2024\/11\/21\/comunidad-estudiantil-reconoce-a-la-administracion-universitaria-de-la-uaemex-por-su-compromiso-con-las-juventudes\/#breadcrumb"},"inLanguage":"es","potentialAction":[{"@type":"ReadAction","target":["https:\/\/expressometro.mx\/index.php\/2024\/11\/21\/comunidad-estudiantil-reconoce-a-la-administracion-universitaria-de-la-uaemex-por-su-compromiso-con-las-juventudes\/"]}]},{"@type":"ImageObject","inLanguage":"es","@id":"https:\/\/expressometro.mx\/index.php\/2024\/11\/21\/comunidad-estudiantil-reconoce-a-la-administracion-universitaria-de-la-uaemex-por-su-compromiso-con-las-juventudes\/#primaryimage","url":"https:\/\/expressometro.mx\/wp-content\/uploads\/2024\/12\/WhatsApp-Image-2024-12-03-at-11.09.13-AM.jpeg","contentUrl":"https:\/\/expressometro.mx\/wp-content\/uploads\/2024\/12\/WhatsApp-Image-2024-12-03-at-11.09.13-AM.jpeg","width":800,"height":533},{"@type":"BreadcrumbList","@id":"https:\/\/expressometro.mx\/index.php\/2024\/11\/21\/comunidad-estudiantil-reconoce-a-la-administracion-universitaria-de-la-uaemex-por-su-compromiso-con-las-juventudes\/#breadcrumb","itemListElement":[{"@type":"ListItem","position":1,"name":"Inicio","item":"https:\/\/expressometro.mx\/"},{"@type":"ListItem","position":2,"name":"COMUNIDAD ESTUDIANTIL RECONOCE A LA ADMINISTRACI\u00d3N UNIVERSITARIA DE LA UAEM\u00c9X POR SU COMPROMISO CON LAS JUVENTUDES"}]},{"@type":"WebSite","@id":"https:\/\/expressometro.mx\/#website","url":"https:\/\/expressometro.mx\/","name":"Expresso Metropolitano","description":"Periodismo comprometido, informaci\u00f3n, investigaci\u00f3n y an\u00e1lisis","publisher":{"@id":"https:\/\/expressometro.mx\/#organization"},"potentialAction":[{"@type":"SearchAction","target":{"@type":"EntryPoint","urlTemplate":"https:\/\/expressometro.mx\/?s={search_term_string}"},"query-input":{"@type":"PropertyValueSpecification","valueRequired":true,"valueName":"search_term_string"}}],"inLanguage":"es"},{"@type":"Organization","@id":"https:\/\/expressometro.mx\/#organization","name":"Expresso Metropolitano","url":"https:\/\/expressometro.mx\/","logo":{"@type":"ImageObject","inLanguage":"es","@id":"https:\/\/expressometro.mx\/#\/schema\/logo\/image\/","url":"https:\/\/expressometro.mx\/wp-content\/uploads\/2019\/07\/cropped-Logo-Expresso-Metropolitano-1-1.jpeg","contentUrl":"https:\/\/expressometro.mx\/wp-content\/uploads\/2019\/07\/cropped-Logo-Expresso-Metropolitano-1-1.jpeg","width":290,"height":73,"caption":"Expresso Metropolitano"},"image":{"@id":"https:\/\/expressometro.mx\/#\/schema\/logo\/image\/"}},{"@type":"Person","@id":"https:\/\/expressometro.mx\/#\/schema\/person\/efa971b4a0664db8ed5c22b1b0dd2f5d","name":"Expresso Metropolitano","image":{"@type":"ImageObject","inLanguage":"es","@id":"https:\/\/secure.gravatar.com\/avatar\/a89f802b8de18c6952f223c88d3d106e9e3679839f4e25a02f4a6cc2ae6ba3b3?s=96&d=mm&r=g","url":"https:\/\/secure.gravatar.com\/avatar\/a89f802b8de18c6952f223c88d3d106e9e3679839f4e25a02f4a6cc2ae6ba3b3?s=96&d=mm&r=g","contentUrl":"https:\/\/secure.gravatar.com\/avatar\/a89f802b8de18c6952f223c88d3d106e9e3679839f4e25a02f4a6cc2ae6ba3b3?s=96&d=mm&r=g","caption":"Expresso Metropolitano"},"url":"https:\/\/expressometro.mx\/index.php\/author\/diego\/"}]}},"amp_enabled":true,"_links":{"self":[{"href":"https:\/\/expressometro.mx\/index.php\/wp-json\/wp\/v2\/posts\/10551","targetHints":{"allow":["GET"]}}],"collection":[{"href":"https:\/\/expressometro.mx\/index.php\/wp-json\/wp\/v2\/posts"}],"about":[{"href":"https:\/\/expressometro.mx\/index.php\/wp-json\/wp\/v2\/types\/post"}],"author":[{"embeddable":true,"href":"https:\/\/expressometro.mx\/index.php\/wp-json\/wp\/v2\/users\/1"}],"replies":[{"embeddable":true,"href":"https:\/\/expressometro.mx\/index.php\/wp-json\/wp\/v2\/comments?post=10551"}],"version-history":[{"count":1,"href":"https:\/\/expressometro.mx\/index.php\/wp-json\/wp\/v2\/posts\/10551\/revisions"}],"predecessor-version":[{"id":10555,"href":"https:\/\/expressometro.mx\/index.php\/wp-json\/wp\/v2\/posts\/10551\/revisions\/10555"}],"wp:featuredmedia":[{"embeddable":true,"href":"https:\/\/expressometro.mx\/index.php\/wp-json\/wp\/v2\/media\/10553"}],"wp:attachment":[{"href":"https:\/\/expressometro.mx\/index.php\/wp-json\/wp\/v2\/media?parent=10551"}],"wp:term":[{"taxonomy":"category","embeddable":true,"href":"https:\/\/expressometro.mx\/index.php\/wp-json\/wp\/v2\/categories?post=10551"},{"taxonomy":"post_tag","embeddable":true,"href":"https:\/\/expressometro.mx\/index.php\/wp-json\/wp\/v2\/tags?post=10551"}],"curies":[{"name":"wp","href":"https:\/\/api.w.org\/{rel}","templated":true}]}}